{"id":12253,"date":"2025-02-28T14:00:08","date_gmt":"2025-02-28T20:00:08","guid":{"rendered":"https:\/\/www.nexoinformativo.mx\/?p=12253"},"modified":"2025-02-28T19:34:46","modified_gmt":"2025-03-01T01:34:46","slug":"qrobici-suma-600-unidades-electricas-y-amplia-su-red-en-la-capital","status":"publish","type":"post","link":"https:\/\/www.nexoinformativo.mx\/index.php\/2025\/02\/28\/qrobici-suma-600-unidades-electricas-y-amplia-su-red-en-la-capital\/","title":{"rendered":"Qrobici suma 600 unidades el\u00e9ctricas y ampl\u00eda su red en la capital"},"content":{"rendered":"<p style=\"text-align: justify;\" data-sourcepos=\"13:1-13:260\">El sistema de bicicletas compartidas Qrobici se modernizar\u00e1 con la incorporaci\u00f3n de 600 unidades el\u00e9ctricas, que se sumar\u00e1n a las 400 mec\u00e1nicas ya existentes, anunci\u00f3 Pedro \u00c1ngeles Luj\u00e1n, secretario de movilidad de la capital.<\/p>\n<\/p>\n<p>&nbsp;<\/p>\n<p style=\"text-align: justify;\" data-sourcepos=\"15:1-15:224\">La modernizaci\u00f3n de Qrobici contempla la construcci\u00f3n de 10 nuevas estaciones, siete de ellas en Paseo 5 de febrero, y la adaptaci\u00f3n de las 40 estaciones actuales para conectarlas con el sistema de transporte p\u00fablico Qrobus.<\/p>\n<\/p>\n<p>&nbsp;<\/p>\n<p style=\"text-align: justify;\" data-sourcepos=\"17:1-17:272\">&#8220;El proyecto de Qrobici se est\u00e1 ya haciendo toda la modernizaci\u00f3n, hay que hacer un trabajo desde abajo por as\u00ed decirlo, el alcalde ya lo manifest\u00f3 que para verano, estamos calculando para septiembre ya podamos contar con las bicicletas el\u00e9ctricas&#8221;, explic\u00f3 \u00c1ngeles Luj\u00e1n.<\/p>\n<\/p>\n<p>&nbsp;<\/p>\n<p style=\"text-align: justify;\" data-sourcepos=\"19:1-19:225\">El uso de Qrobici seguir\u00e1 siendo gratuito para los habitantes de Quer\u00e9taro registrados en la plataforma. Sin embargo, se implementar\u00e1 un sistema de pago con tarjeta de cr\u00e9dito para turistas, permitiendo su acceso al servicio.<\/p>\n<\/p>\n<p>&nbsp;<\/p>\n<p style=\"text-align: justify;\" data-sourcepos=\"21:1-21:355\">&#8220;Va a tener una variable donde un turista s\u00ed ya pueda acceder a las bicicletas, ahorita si un turista quiere acceder no tiene posibilidades, al ser un programa tiene que haber una inscripci\u00f3n, se est\u00e1 haciendo el cambio para que a trav\u00e9s de una tarjeta de cr\u00e9dito, como se hace en todos lados, puedan acceder tambi\u00e9n a este sistema&#8221;, a\u00f1adi\u00f3 el secretario.<\/p>\n<\/p>\n<p>&nbsp;<\/p>\n<p style=\"text-align: center;\" data-sourcepos=\"21:1-21:355\"><em><strong>\u00a1Informaci\u00f3n que transforma!<\/strong><\/em><\/p>\n","protected":false},"excerpt":{"rendered":"<p>El sistema de bicicletas compartidas Qrobici se modernizar\u00e1 con la incorporaci\u00f3n de 600 unidades el\u00e9ctricas, que se sumar\u00e1n a las 400 mec\u00e1nicas ya existentes, anunci\u00f3 Pedro \u00c1ngeles Luj\u00e1n, secretario de movilidad de la capital.<\/p>\n","protected":false},"author":3,"featured_media":12254,"comment_status":"open","ping_status":"open","sticky":false,"template":"","format":"standard","meta":{"footnotes":""},"categories":[42,58],"tags":[3597,3556,3110,994],"class_list":["post-12253","post","type-post","status-publish","format-standard","has-post-thumbnail","hentry","category-estado","category-ultima-hora","tag-bicicletaselectricas","tag-movilidadqro","tag-qrobici","tag-queretarosostenible"],"yoast_head":"<!-- This site is optimized with the Yoast SEO plugin v25.0 - https:\/\/yoast.com\/wordpress\/plugins\/seo\/ -->\n<title>Qrobici suma 600 unidades el\u00e9ctricas y ampl\u00eda su red en la capital | Nexo Informativo Santiago de Quer\u00e9taro<\/title>\n<meta name=\"description\" content=\"Qrobici suma 600 unidades el\u00e9ctricas y ampl\u00eda su red en la capital\" \/>\n<meta name=\"robots\" content=\"index, follow, max-snippet:-1, max-image-preview:large, max-video-preview:-1\" \/>\n<link rel=\"canonical\" href=\"https:\/\/www.nexoinformativo.mx\/index.php\/2025\/02\/28\/qrobici-suma-600-unidades-electricas-y-amplia-su-red-en-la-capital\/\" \/>\n<meta property=\"og:locale\" content=\"es_MX\" \/>\n<meta property=\"og:type\" content=\"article\" \/>\n<meta property=\"og:title\" content=\"Qrobici suma 600 unidades el\u00e9ctricas y ampl\u00eda su red en la capital | Nexo Informativo Santiago de Quer\u00e9taro\" \/>\n<meta property=\"og:description\" content=\"Qrobici suma 600 unidades el\u00e9ctricas y ampl\u00eda su red en la capital\" \/>\n<meta property=\"og:url\" content=\"https:\/\/www.nexoinformativo.mx\/index.php\/2025\/02\/28\/qrobici-suma-600-unidades-electricas-y-amplia-su-red-en-la-capital\/\" \/>\n<meta property=\"og:site_name\" content=\"Nexo Informativo Santiago de Quer\u00e9taro\" \/>\n<meta property=\"article:publisher\" content=\"https:\/\/www.facebook.com\/people\/Nexo-Informativo\/61564066885511\/\" \/>\n<meta property=\"article:published_time\" content=\"2025-02-28T20:00:08+00:00\" \/>\n<meta property=\"article:modified_time\" content=\"2025-03-01T01:34:46+00:00\" \/>\n<meta property=\"og:image\" content=\"https:\/\/www.nexoinformativo.mx\/wp-content\/uploads\/2025\/02\/PHOTO-2025-02-28-15-59-04-e1740792848153.jpg\" \/>\n\t<meta property=\"og:image:width\" content=\"800\" \/>\n\t<meta property=\"og:image:height\" content=\"445\" \/>\n\t<meta property=\"og:image:type\" content=\"image\/jpeg\" \/>\n<meta name=\"author\" content=\"Nexo Informativo\" \/>\n<meta name=\"twitter:card\" content=\"summary_large_image\" \/>\n<meta name=\"twitter:label1\" content=\"Escrito por\" \/>\n\t<meta name=\"twitter:data1\" content=\"Nexo Informativo\" \/>\n\t<meta name=\"twitter:label2\" content=\"Tiempo de lectura\" \/>\n\t<meta name=\"twitter:data2\" content=\"2 minutos\" \/>\n<script type=\"application\/ld+json\" class=\"yoast-schema-graph\">{\"@context\":\"https:\/\/schema.org\",\"@graph\":[{\"@type\":\"Article\",\"@id\":\"https:\/\/www.nexoinformativo.mx\/index.php\/2025\/02\/28\/qrobici-suma-600-unidades-electricas-y-amplia-su-red-en-la-capital\/#article\",\"isPartOf\":{\"@id\":\"https:\/\/www.nexoinformativo.mx\/index.php\/2025\/02\/28\/qrobici-suma-600-unidades-electricas-y-amplia-su-red-en-la-capital\/\"},\"author\":{\"name\":\"Nexo Informativo\",\"@id\":\"https:\/\/www.nexoinformativo.mx\/#\/schema\/person\/7749d380ba08c8ca00d7bc76fd907b7d\"},\"headline\":\"Qrobici suma 600 unidades el\u00e9ctricas y ampl\u00eda su red en la capital\",\"datePublished\":\"2025-02-28T20:00:08+00:00\",\"dateModified\":\"2025-03-01T01:34:46+00:00\",\"mainEntityOfPage\":{\"@id\":\"https:\/\/www.nexoinformativo.mx\/index.php\/2025\/02\/28\/qrobici-suma-600-unidades-electricas-y-amplia-su-red-en-la-capital\/\"},\"wordCount\":246,\"commentCount\":0,\"publisher\":{\"@id\":\"https:\/\/www.nexoinformativo.mx\/#organization\"},\"image\":{\"@id\":\"https:\/\/www.nexoinformativo.mx\/index.php\/2025\/02\/28\/qrobici-suma-600-unidades-electricas-y-amplia-su-red-en-la-capital\/#primaryimage\"},\"thumbnailUrl\":\"https:\/\/www.nexoinformativo.mx\/wp-content\/uploads\/2025\/02\/PHOTO-2025-02-28-15-59-04-e1740792848153.jpg\",\"keywords\":[\"BicicletasEl\u00e9ctricas\",\"MovilidadQro\",\"Qrobici\",\"Quer\u00e9taroSostenible\"],\"articleSection\":[\"Estado\",\"\u00daltima Hora\"],\"inLanguage\":\"es\",\"potentialAction\":[{\"@type\":\"CommentAction\",\"name\":\"Comment\",\"target\":[\"https:\/\/www.nexoinformativo.mx\/index.php\/2025\/02\/28\/qrobici-suma-600-unidades-electricas-y-amplia-su-red-en-la-capital\/#respond\"]}]},{\"@type\":\"WebPage\",\"@id\":\"https:\/\/www.nexoinformativo.mx\/index.php\/2025\/02\/28\/qrobici-suma-600-unidades-electricas-y-amplia-su-red-en-la-capital\/\",\"url\":\"https:\/\/www.nexoinformativo.mx\/index.php\/2025\/02\/28\/qrobici-suma-600-unidades-electricas-y-amplia-su-red-en-la-capital\/\",\"name\":\"Qrobici suma 600 unidades el\u00e9ctricas y ampl\u00eda su red en la capital | Nexo Informativo Santiago de Quer\u00e9taro\",\"isPartOf\":{\"@id\":\"https:\/\/www.nexoinformativo.mx\/#website\"},\"primaryImageOfPage\":{\"@id\":\"https:\/\/www.nexoinformativo.mx\/index.php\/2025\/02\/28\/qrobici-suma-600-unidades-electricas-y-amplia-su-red-en-la-capital\/#primaryimage\"},\"image\":{\"@id\":\"https:\/\/www.nexoinformativo.mx\/index.php\/2025\/02\/28\/qrobici-suma-600-unidades-electricas-y-amplia-su-red-en-la-capital\/#primaryimage\"},\"thumbnailUrl\":\"https:\/\/www.nexoinformativo.mx\/wp-content\/uploads\/2025\/02\/PHOTO-2025-02-28-15-59-04-e1740792848153.jpg\",\"datePublished\":\"2025-02-28T20:00:08+00:00\",\"dateModified\":\"2025-03-01T01:34:46+00:00\",\"description\":\"Qrobici suma 600 unidades el\u00e9ctricas y ampl\u00eda su red en la capital\",\"breadcrumb\":{\"@id\":\"https:\/\/www.nexoinformativo.mx\/index.php\/2025\/02\/28\/qrobici-suma-600-unidades-electricas-y-amplia-su-red-en-la-capital\/#breadcrumb\"},\"inLanguage\":\"es\",\"potentialAction\":[{\"@type\":\"ReadAction\",\"target\":[\"https:\/\/www.nexoinformativo.mx\/index.php\/2025\/02\/28\/qrobici-suma-600-unidades-electricas-y-amplia-su-red-en-la-capital\/\"]}]},{\"@type\":\"ImageObject\",\"inLanguage\":\"es\",\"@id\":\"https:\/\/www.nexoinformativo.mx\/index.php\/2025\/02\/28\/qrobici-suma-600-unidades-electricas-y-amplia-su-red-en-la-capital\/#primaryimage\",\"url\":\"https:\/\/www.nexoinformativo.mx\/wp-content\/uploads\/2025\/02\/PHOTO-2025-02-28-15-59-04-e1740792848153.jpg\",\"contentUrl\":\"https:\/\/www.nexoinformativo.mx\/wp-content\/uploads\/2025\/02\/PHOTO-2025-02-28-15-59-04-e1740792848153.jpg\",\"width\":800,\"height\":445},{\"@type\":\"BreadcrumbList\",\"@id\":\"https:\/\/www.nexoinformativo.mx\/index.php\/2025\/02\/28\/qrobici-suma-600-unidades-electricas-y-amplia-su-red-en-la-capital\/#breadcrumb\",\"itemListElement\":[{\"@type\":\"ListItem\",\"position\":1,\"name\":\"Inicio\",\"item\":\"https:\/\/www.nexoinformativo.mx\/\"},{\"@type\":\"ListItem\",\"position\":2,\"name\":\"Qrobici suma 600 unidades el\u00e9ctricas y ampl\u00eda su red en la capital\"}]},{\"@type\":\"WebSite\",\"@id\":\"https:\/\/www.nexoinformativo.mx\/#website\",\"url\":\"https:\/\/www.nexoinformativo.mx\/\",\"name\":\"Nexo Informativo Santiago de Quer\u00e9taro\",\"description\":\"Explora NexoInformativo y convi\u00e9rtete en parte de una comunidad que valora el conocimiento y la verdad. Tu nexoinformativo es tu puente hacia una comprensi\u00f3n m\u00e1s profunda del mundo que te rodea.\",\"publisher\":{\"@id\":\"https:\/\/www.nexoinformativo.mx\/#organization\"},\"potentialAction\":[{\"@type\":\"SearchAction\",\"target\":{\"@type\":\"EntryPoint\",\"urlTemplate\":\"https:\/\/www.nexoinformativo.mx\/?s={search_term_string}\"},\"query-input\":{\"@type\":\"PropertyValueSpecification\",\"valueRequired\":true,\"valueName\":\"search_term_string\"}}],\"inLanguage\":\"es\"},{\"@type\":\"Organization\",\"@id\":\"https:\/\/www.nexoinformativo.mx\/#organization\",\"name\":\"Nexo Informativo Santiago de Quer\u00e9taro\",\"url\":\"https:\/\/www.nexoinformativo.mx\/\",\"logo\":{\"@type\":\"ImageObject\",\"inLanguage\":\"es\",\"@id\":\"https:\/\/www.nexoinformativo.mx\/#\/schema\/logo\/image\/\",\"url\":\"https:\/\/www.nexoinformativo.mx\/wp-content\/uploads\/2024\/07\/nexoi-trasparente-2.png\",\"contentUrl\":\"https:\/\/www.nexoinformativo.mx\/wp-content\/uploads\/2024\/07\/nexoi-trasparente-2.png\",\"width\":816,\"height\":339,\"caption\":\"Nexo Informativo Santiago de Quer\u00e9taro\"},\"image\":{\"@id\":\"https:\/\/www.nexoinformativo.mx\/#\/schema\/logo\/image\/\"},\"sameAs\":[\"https:\/\/www.facebook.com\/people\/Nexo-Informativo\/61564066885511\/\"]},{\"@type\":\"Person\",\"@id\":\"https:\/\/www.nexoinformativo.mx\/#\/schema\/person\/7749d380ba08c8ca00d7bc76fd907b7d\",\"name\":\"Nexo Informativo\",\"image\":{\"@type\":\"ImageObject\",\"inLanguage\":\"es\",\"@id\":\"https:\/\/www.nexoinformativo.mx\/#\/schema\/person\/image\/\",\"url\":\"https:\/\/secure.gravatar.com\/avatar\/dde2928154642a13d95f87ddf1ea9718fe2b46760a005c53e41ff5ad610704e6?s=96&d=mm&r=g\",\"contentUrl\":\"https:\/\/secure.gravatar.com\/avatar\/dde2928154642a13d95f87ddf1ea9718fe2b46760a005c53e41ff5ad610704e6?s=96&d=mm&r=g\",\"caption\":\"Nexo Informativo\"},\"url\":\"https:\/\/www.nexoinformativo.mx\/index.php\/author\/edicion\/\"}]}<\/script>\n<!-- \/ Yoast SEO plugin. -->","yoast_head_json":{"title":"Qrobici suma 600 unidades el\u00e9ctricas y ampl\u00eda su red en la capital | Nexo Informativo Santiago de Quer\u00e9taro","description":"Qrobici suma 600 unidades el\u00e9ctricas y ampl\u00eda su red en la capital","robots":{"index":"index","follow":"follow","max-snippet":"max-snippet:-1","max-image-preview":"max-image-preview:large","max-video-preview":"max-video-preview:-1"},"canonical":"https:\/\/www.nexoinformativo.mx\/index.php\/2025\/02\/28\/qrobici-suma-600-unidades-electricas-y-amplia-su-red-en-la-capital\/","og_locale":"es_MX","og_type":"article","og_title":"Qrobici suma 600 unidades el\u00e9ctricas y ampl\u00eda su red en la capital | Nexo Informativo Santiago de Quer\u00e9taro","og_description":"Qrobici suma 600 unidades el\u00e9ctricas y ampl\u00eda su red en la capital","og_url":"https:\/\/www.nexoinformativo.mx\/index.php\/2025\/02\/28\/qrobici-suma-600-unidades-electricas-y-amplia-su-red-en-la-capital\/","og_site_name":"Nexo Informativo Santiago de Quer\u00e9taro","article_publisher":"https:\/\/www.facebook.com\/people\/Nexo-Informativo\/61564066885511\/","article_published_time":"2025-02-28T20:00:08+00:00","article_modified_time":"2025-03-01T01:34:46+00:00","og_image":[{"width":800,"height":445,"url":"https:\/\/www.nexoinformativo.mx\/wp-content\/uploads\/2025\/02\/PHOTO-2025-02-28-15-59-04-e1740792848153.jpg","type":"image\/jpeg"}],"author":"Nexo Informativo","twitter_card":"summary_large_image","twitter_misc":{"Escrito por":"Nexo Informativo","Tiempo de lectura":"2 minutos"},"schema":{"@context":"https:\/\/schema.org","@graph":[{"@type":"Article","@id":"https:\/\/www.nexoinformativo.mx\/index.php\/2025\/02\/28\/qrobici-suma-600-unidades-electricas-y-amplia-su-red-en-la-capital\/#article","isPartOf":{"@id":"https:\/\/www.nexoinformativo.mx\/index.php\/2025\/02\/28\/qrobici-suma-600-unidades-electricas-y-amplia-su-red-en-la-capital\/"},"author":{"name":"Nexo Informativo","@id":"https:\/\/www.nexoinformativo.mx\/#\/schema\/person\/7749d380ba08c8ca00d7bc76fd907b7d"},"headline":"Qrobici suma 600 unidades el\u00e9ctricas y ampl\u00eda su red en la capital","datePublished":"2025-02-28T20:00:08+00:00","dateModified":"2025-03-01T01:34:46+00:00","mainEntityOfPage":{"@id":"https:\/\/www.nexoinformativo.mx\/index.php\/2025\/02\/28\/qrobici-suma-600-unidades-electricas-y-amplia-su-red-en-la-capital\/"},"wordCount":246,"commentCount":0,"publisher":{"@id":"https:\/\/www.nexoinformativo.mx\/#organization"},"image":{"@id":"https:\/\/www.nexoinformativo.mx\/index.php\/2025\/02\/28\/qrobici-suma-600-unidades-electricas-y-amplia-su-red-en-la-capital\/#primaryimage"},"thumbnailUrl":"https:\/\/www.nexoinformativo.mx\/wp-content\/uploads\/2025\/02\/PHOTO-2025-02-28-15-59-04-e1740792848153.jpg","keywords":["BicicletasEl\u00e9ctricas","MovilidadQro","Qrobici","Quer\u00e9taroSostenible"],"articleSection":["Estado","\u00daltima Hora"],"inLanguage":"es","potentialAction":[{"@type":"CommentAction","name":"Comment","target":["https:\/\/www.nexoinformativo.mx\/index.php\/2025\/02\/28\/qrobici-suma-600-unidades-electricas-y-amplia-su-red-en-la-capital\/#respond"]}]},{"@type":"WebPage","@id":"https:\/\/www.nexoinformativo.mx\/index.php\/2025\/02\/28\/qrobici-suma-600-unidades-electricas-y-amplia-su-red-en-la-capital\/","url":"https:\/\/www.nexoinformativo.mx\/index.php\/2025\/02\/28\/qrobici-suma-600-unidades-electricas-y-amplia-su-red-en-la-capital\/","name":"Qrobici suma 600 unidades el\u00e9ctricas y ampl\u00eda su red en la capital | Nexo Informativo Santiago de Quer\u00e9taro","isPartOf":{"@id":"https:\/\/www.nexoinformativo.mx\/#website"},"primaryImageOfPage":{"@id":"https:\/\/www.nexoinformativo.mx\/index.php\/2025\/02\/28\/qrobici-suma-600-unidades-electricas-y-amplia-su-red-en-la-capital\/#primaryimage"},"image":{"@id":"https:\/\/www.nexoinformativo.mx\/index.php\/2025\/02\/28\/qrobici-suma-600-unidades-electricas-y-amplia-su-red-en-la-capital\/#primaryimage"},"thumbnailUrl":"https:\/\/www.nexoinformativo.mx\/wp-content\/uploads\/2025\/02\/PHOTO-2025-02-28-15-59-04-e1740792848153.jpg","datePublished":"2025-02-28T20:00:08+00:00","dateModified":"2025-03-01T01:34:46+00:00","description":"Qrobici suma 600 unidades el\u00e9ctricas y ampl\u00eda su red en la capital","breadcrumb":{"@id":"https:\/\/www.nexoinformativo.mx\/index.php\/2025\/02\/28\/qrobici-suma-600-unidades-electricas-y-amplia-su-red-en-la-capital\/#breadcrumb"},"inLanguage":"es","potentialAction":[{"@type":"ReadAction","target":["https:\/\/www.nexoinformativo.mx\/index.php\/2025\/02\/28\/qrobici-suma-600-unidades-electricas-y-amplia-su-red-en-la-capital\/"]}]},{"@type":"ImageObject","inLanguage":"es","@id":"https:\/\/www.nexoinformativo.mx\/index.php\/2025\/02\/28\/qrobici-suma-600-unidades-electricas-y-amplia-su-red-en-la-capital\/#primaryimage","url":"https:\/\/www.nexoinformativo.mx\/wp-content\/uploads\/2025\/02\/PHOTO-2025-02-28-15-59-04-e1740792848153.jpg","contentUrl":"https:\/\/www.nexoinformativo.mx\/wp-content\/uploads\/2025\/02\/PHOTO-2025-02-28-15-59-04-e1740792848153.jpg","width":800,"height":445},{"@type":"BreadcrumbList","@id":"https:\/\/www.nexoinformativo.mx\/index.php\/2025\/02\/28\/qrobici-suma-600-unidades-electricas-y-amplia-su-red-en-la-capital\/#breadcrumb","itemListElement":[{"@type":"ListItem","position":1,"name":"Inicio","item":"https:\/\/www.nexoinformativo.mx\/"},{"@type":"ListItem","position":2,"name":"Qrobici suma 600 unidades el\u00e9ctricas y ampl\u00eda su red en la capital"}]},{"@type":"WebSite","@id":"https:\/\/www.nexoinformativo.mx\/#website","url":"https:\/\/www.nexoinformativo.mx\/","name":"Nexo Informativo Santiago de Quer\u00e9taro","description":"Explora NexoInformativo y convi\u00e9rtete en parte de una comunidad que valora el conocimiento y la verdad. Tu nexoinformativo es tu puente hacia una comprensi\u00f3n m\u00e1s profunda del mundo que te rodea.","publisher":{"@id":"https:\/\/www.nexoinformativo.mx\/#organization"},"potentialAction":[{"@type":"SearchAction","target":{"@type":"EntryPoint","urlTemplate":"https:\/\/www.nexoinformativo.mx\/?s={search_term_string}"},"query-input":{"@type":"PropertyValueSpecification","valueRequired":true,"valueName":"search_term_string"}}],"inLanguage":"es"},{"@type":"Organization","@id":"https:\/\/www.nexoinformativo.mx\/#organization","name":"Nexo Informativo Santiago de Quer\u00e9taro","url":"https:\/\/www.nexoinformativo.mx\/","logo":{"@type":"ImageObject","inLanguage":"es","@id":"https:\/\/www.nexoinformativo.mx\/#\/schema\/logo\/image\/","url":"https:\/\/www.nexoinformativo.mx\/wp-content\/uploads\/2024\/07\/nexoi-trasparente-2.png","contentUrl":"https:\/\/www.nexoinformativo.mx\/wp-content\/uploads\/2024\/07\/nexoi-trasparente-2.png","width":816,"height":339,"caption":"Nexo Informativo Santiago de Quer\u00e9taro"},"image":{"@id":"https:\/\/www.nexoinformativo.mx\/#\/schema\/logo\/image\/"},"sameAs":["https:\/\/www.facebook.com\/people\/Nexo-Informativo\/61564066885511\/"]},{"@type":"Person","@id":"https:\/\/www.nexoinformativo.mx\/#\/schema\/person\/7749d380ba08c8ca00d7bc76fd907b7d","name":"Nexo Informativo","image":{"@type":"ImageObject","inLanguage":"es","@id":"https:\/\/www.nexoinformativo.mx\/#\/schema\/person\/image\/","url":"https:\/\/secure.gravatar.com\/avatar\/dde2928154642a13d95f87ddf1ea9718fe2b46760a005c53e41ff5ad610704e6?s=96&d=mm&r=g","contentUrl":"https:\/\/secure.gravatar.com\/avatar\/dde2928154642a13d95f87ddf1ea9718fe2b46760a005c53e41ff5ad610704e6?s=96&d=mm&r=g","caption":"Nexo Informativo"},"url":"https:\/\/www.nexoinformativo.mx\/index.php\/author\/edicion\/"}]}},"_links":{"self":[{"href":"https:\/\/www.nexoinformativo.mx\/index.php\/wp-json\/wp\/v2\/posts\/12253","targetHints":{"allow":["GET"]}}],"collection":[{"href":"https:\/\/www.nexoinformativo.mx\/index.php\/wp-json\/wp\/v2\/posts"}],"about":[{"href":"https:\/\/www.nexoinformativo.mx\/index.php\/wp-json\/wp\/v2\/types\/post"}],"author":[{"embeddable":true,"href":"https:\/\/www.nexoinformativo.mx\/index.php\/wp-json\/wp\/v2\/users\/3"}],"replies":[{"embeddable":true,"href":"https:\/\/www.nexoinformativo.mx\/index.php\/wp-json\/wp\/v2\/comments?post=12253"}],"version-history":[{"count":3,"href":"https:\/\/www.nexoinformativo.mx\/index.php\/wp-json\/wp\/v2\/posts\/12253\/revisions"}],"predecessor-version":[{"id":12257,"href":"https:\/\/www.nexoinformativo.mx\/index.php\/wp-json\/wp\/v2\/posts\/12253\/revisions\/12257"}],"wp:featuredmedia":[{"embeddable":true,"href":"https:\/\/www.nexoinformativo.mx\/index.php\/wp-json\/wp\/v2\/media\/12254"}],"wp:attachment":[{"href":"https:\/\/www.nexoinformativo.mx\/index.php\/wp-json\/wp\/v2\/media?parent=12253"}],"wp:term":[{"taxonomy":"category","embeddable":true,"href":"https:\/\/www.nexoinformativo.mx\/index.php\/wp-json\/wp\/v2\/categories?post=12253"},{"taxonomy":"post_tag","embeddable":true,"href":"https:\/\/www.nexoinformativo.mx\/index.php\/wp-json\/wp\/v2\/tags?post=12253"}],"curies":[{"name":"wp","href":"https:\/\/api.w.org\/{rel}","templated":true}]}}