{"id":12258,"date":"2025-02-28T15:00:00","date_gmt":"2025-02-28T21:00:00","guid":{"rendered":"https:\/\/www.nexoinformativo.mx\/?p=12258"},"modified":"2025-02-28T19:40:29","modified_gmt":"2025-03-01T01:40:29","slug":"justicia-avanza-con-audiencia-inicial-se-define-manana-la-situacion-legal-de-menor-por-ataque-en-corregidora","status":"publish","type":"post","link":"https:\/\/www.nexoinformativo.mx\/index.php\/2025\/02\/28\/justicia-avanza-con-audiencia-inicial-se-define-manana-la-situacion-legal-de-menor-por-ataque-en-corregidora\/","title":{"rendered":"Justicia avanza con audiencia inicial se define ma\u00f1ana la situaci\u00f3n legal de menor por ataque en Corregidora"},"content":{"rendered":"<p style=\"text-align: justify;\" data-sourcepos=\"13:1-13:325\">La situaci\u00f3n legal de la adolescente involucrada en el tr\u00e1gico suceso de Tejeda, donde perdi\u00f3 la vida su madre y result\u00f3 herido su hermano, se definir\u00e1 este s\u00e1bado en audiencia inicial, seg\u00fan inform\u00f3 el Magistrado Presidente del Tribunal Superior de Justicia (TSJ), Braulio Guerra Urbiola.<\/p>\n<p>&nbsp;<\/p>\n<p style=\"text-align: justify;\" data-sourcepos=\"15:1-15:352\">Adem\u00e1s, Guerra Urbiola confirm\u00f3 que se autoriz\u00f3 un cateo solicitado por la Fiscal\u00eda General del Estado (FGE) en el domicilio donde ocurrieron los hechos.<\/p>\n<\/p>\n<p>&nbsp;<\/p>\n<p style=\"text-align: justify;\" data-sourcepos=\"15:1-15:352\">&#8220;Bueno en este caso del homicidio calificado que respecto al cual se tiene conocimiento del fraccionamiento de Tejeda, el d\u00eda de ma\u00f1ana se tendr\u00e1 la audiencia inicial se autoriz\u00f3 un cateo&#8221;, detall\u00f3.<\/p>\n<p>&nbsp;<\/p>\n<p style=\"text-align: justify;\" data-sourcepos=\"17:1-17:245\">La audiencia inicial determinar\u00e1 la situaci\u00f3n legal de la joven, quien fue detenida tras el incidente. &#8220;La persona menor de edad de acuerdo ya la audiencia inicial que tendr\u00e1 verificativo ma\u00f1ana s\u00e1bado&#8221;, explic\u00f3 el Magistrado Presidente del TSJ.<\/p>\n<p>&nbsp;<\/p>\n<p style=\"text-align: center;\" data-sourcepos=\"17:1-17:245\"><em><strong>\u00a1Informaci\u00f3n que transforma!<\/strong><\/em><\/p>\n","protected":false},"excerpt":{"rendered":"<p>La situaci\u00f3n legal de la adolescente involucrada en el tr\u00e1gico suceso de Tejeda, donde perdi\u00f3 la vida su madre y result\u00f3 herido su hermano, se definir\u00e1 este s\u00e1bado en audiencia inicial, seg\u00fan inform\u00f3 el Magistrado Presidente del Tribunal Superior de Justicia (TSJ), Braulio Guerra Urbiola.<\/p>\n","protected":false},"author":3,"featured_media":12260,"comment_status":"open","ping_status":"open","sticky":false,"template":"","format":"standard","meta":{"footnotes":""},"categories":[65,137,58],"tags":[3598,233,3486,3558],"class_list":["post-12258","post","type-post","status-publish","format-standard","has-post-thumbnail","hentry","category-municipios","category-sucesos","category-ultima-hora","tag-audienciainicial","tag-corregidora","tag-fgequeretaro","tag-justiciaqro"],"yoast_head":"<!-- This site is optimized with the Yoast SEO plugin v25.0 - https:\/\/yoast.com\/wordpress\/plugins\/seo\/ -->\n<title>Justicia avanza con audiencia inicial se define ma\u00f1ana la situaci\u00f3n legal de menor por ataque en Corregidora | Nexo Informativo Santiago de Quer\u00e9taro<\/title>\n<meta name=\"description\" content=\"Justicia avanza con audiencia inicial se define ma\u00f1ana la situaci\u00f3n legal de menor por ataque en Corregidora\" \/>\n<meta name=\"robots\" content=\"index, follow, max-snippet:-1, max-image-preview:large, max-video-preview:-1\" \/>\n<link rel=\"canonical\" href=\"https:\/\/www.nexoinformativo.mx\/index.php\/2025\/02\/28\/justicia-avanza-con-audiencia-inicial-se-define-manana-la-situacion-legal-de-menor-por-ataque-en-corregidora\/\" \/>\n<meta property=\"og:locale\" content=\"es_MX\" \/>\n<meta property=\"og:type\" content=\"article\" \/>\n<meta property=\"og:title\" content=\"Justicia avanza con audiencia inicial se define ma\u00f1ana la situaci\u00f3n legal de menor por ataque en Corregidora | Nexo Informativo Santiago de Quer\u00e9taro\" \/>\n<meta property=\"og:description\" content=\"Justicia avanza con audiencia inicial se define ma\u00f1ana la situaci\u00f3n legal de menor por ataque en Corregidora\" \/>\n<meta property=\"og:url\" content=\"https:\/\/www.nexoinformativo.mx\/index.php\/2025\/02\/28\/justicia-avanza-con-audiencia-inicial-se-define-manana-la-situacion-legal-de-menor-por-ataque-en-corregidora\/\" \/>\n<meta property=\"og:site_name\" content=\"Nexo Informativo Santiago de Quer\u00e9taro\" \/>\n<meta property=\"article:publisher\" content=\"https:\/\/www.facebook.com\/people\/Nexo-Informativo\/61564066885511\/\" \/>\n<meta property=\"article:published_time\" content=\"2025-02-28T21:00:00+00:00\" \/>\n<meta property=\"article:modified_time\" content=\"2025-03-01T01:40:29+00:00\" \/>\n<meta property=\"og:image\" content=\"https:\/\/www.nexoinformativo.mx\/wp-content\/uploads\/2025\/02\/PHOTO-2025-02-28-16-00-12-e1740793190201.jpg\" \/>\n\t<meta property=\"og:image:width\" content=\"800\" \/>\n\t<meta property=\"og:image:height\" content=\"450\" \/>\n\t<meta property=\"og:image:type\" content=\"image\/jpeg\" \/>\n<meta name=\"author\" content=\"Nexo Informativo\" \/>\n<meta name=\"twitter:card\" content=\"summary_large_image\" \/>\n<meta name=\"twitter:label1\" content=\"Escrito por\" \/>\n\t<meta name=\"twitter:data1\" content=\"Nexo Informativo\" \/>\n\t<meta name=\"twitter:label2\" content=\"Tiempo de lectura\" \/>\n\t<meta name=\"twitter:data2\" content=\"1 minuto\" \/>\n<script type=\"application\/ld+json\" class=\"yoast-schema-graph\">{\"@context\":\"https:\/\/schema.org\",\"@graph\":[{\"@type\":\"Article\",\"@id\":\"https:\/\/www.nexoinformativo.mx\/index.php\/2025\/02\/28\/justicia-avanza-con-audiencia-inicial-se-define-manana-la-situacion-legal-de-menor-por-ataque-en-corregidora\/#article\",\"isPartOf\":{\"@id\":\"https:\/\/www.nexoinformativo.mx\/index.php\/2025\/02\/28\/justicia-avanza-con-audiencia-inicial-se-define-manana-la-situacion-legal-de-menor-por-ataque-en-corregidora\/\"},\"author\":{\"name\":\"Nexo Informativo\",\"@id\":\"https:\/\/www.nexoinformativo.mx\/#\/schema\/person\/7749d380ba08c8ca00d7bc76fd907b7d\"},\"headline\":\"Justicia avanza con audiencia inicial se define ma\u00f1ana la situaci\u00f3n legal de menor por ataque en Corregidora\",\"datePublished\":\"2025-02-28T21:00:00+00:00\",\"dateModified\":\"2025-03-01T01:40:29+00:00\",\"mainEntityOfPage\":{\"@id\":\"https:\/\/www.nexoinformativo.mx\/index.php\/2025\/02\/28\/justicia-avanza-con-audiencia-inicial-se-define-manana-la-situacion-legal-de-menor-por-ataque-en-corregidora\/\"},\"wordCount\":177,\"commentCount\":0,\"publisher\":{\"@id\":\"https:\/\/www.nexoinformativo.mx\/#organization\"},\"image\":{\"@id\":\"https:\/\/www.nexoinformativo.mx\/index.php\/2025\/02\/28\/justicia-avanza-con-audiencia-inicial-se-define-manana-la-situacion-legal-de-menor-por-ataque-en-corregidora\/#primaryimage\"},\"thumbnailUrl\":\"https:\/\/www.nexoinformativo.mx\/wp-content\/uploads\/2025\/02\/PHOTO-2025-02-28-16-00-12-e1740793190201.jpg\",\"keywords\":[\"AudienciaInicial\",\"Corregidora\",\"FGEQuer\u00e9taro\",\"JusticiaQro\"],\"articleSection\":[\"Municipios\",\"Sucesos\",\"\u00daltima Hora\"],\"inLanguage\":\"es\",\"potentialAction\":[{\"@type\":\"CommentAction\",\"name\":\"Comment\",\"target\":[\"https:\/\/www.nexoinformativo.mx\/index.php\/2025\/02\/28\/justicia-avanza-con-audiencia-inicial-se-define-manana-la-situacion-legal-de-menor-por-ataque-en-corregidora\/#respond\"]}]},{\"@type\":\"WebPage\",\"@id\":\"https:\/\/www.nexoinformativo.mx\/index.php\/2025\/02\/28\/justicia-avanza-con-audiencia-inicial-se-define-manana-la-situacion-legal-de-menor-por-ataque-en-corregidora\/\",\"url\":\"https:\/\/www.nexoinformativo.mx\/index.php\/2025\/02\/28\/justicia-avanza-con-audiencia-inicial-se-define-manana-la-situacion-legal-de-menor-por-ataque-en-corregidora\/\",\"name\":\"Justicia avanza con audiencia inicial se define ma\u00f1ana la situaci\u00f3n legal de menor por ataque en Corregidora | Nexo Informativo Santiago de Quer\u00e9taro\",\"isPartOf\":{\"@id\":\"https:\/\/www.nexoinformativo.mx\/#website\"},\"primaryImageOfPage\":{\"@id\":\"https:\/\/www.nexoinformativo.mx\/index.php\/2025\/02\/28\/justicia-avanza-con-audiencia-inicial-se-define-manana-la-situacion-legal-de-menor-por-ataque-en-corregidora\/#primaryimage\"},\"image\":{\"@id\":\"https:\/\/www.nexoinformativo.mx\/index.php\/2025\/02\/28\/justicia-avanza-con-audiencia-inicial-se-define-manana-la-situacion-legal-de-menor-por-ataque-en-corregidora\/#primaryimage\"},\"thumbnailUrl\":\"https:\/\/www.nexoinformativo.mx\/wp-content\/uploads\/2025\/02\/PHOTO-2025-02-28-16-00-12-e1740793190201.jpg\",\"datePublished\":\"2025-02-28T21:00:00+00:00\",\"dateModified\":\"2025-03-01T01:40:29+00:00\",\"description\":\"Justicia avanza con audiencia inicial se define ma\u00f1ana la situaci\u00f3n legal de menor por ataque en Corregidora\",\"breadcrumb\":{\"@id\":\"https:\/\/www.nexoinformativo.mx\/index.php\/2025\/02\/28\/justicia-avanza-con-audiencia-inicial-se-define-manana-la-situacion-legal-de-menor-por-ataque-en-corregidora\/#breadcrumb\"},\"inLanguage\":\"es\",\"potentialAction\":[{\"@type\":\"ReadAction\",\"target\":[\"https:\/\/www.nexoinformativo.mx\/index.php\/2025\/02\/28\/justicia-avanza-con-audiencia-inicial-se-define-manana-la-situacion-legal-de-menor-por-ataque-en-corregidora\/\"]}]},{\"@type\":\"ImageObject\",\"inLanguage\":\"es\",\"@id\":\"https:\/\/www.nexoinformativo.mx\/index.php\/2025\/02\/28\/justicia-avanza-con-audiencia-inicial-se-define-manana-la-situacion-legal-de-menor-por-ataque-en-corregidora\/#primaryimage\",\"url\":\"https:\/\/www.nexoinformativo.mx\/wp-content\/uploads\/2025\/02\/PHOTO-2025-02-28-16-00-12-e1740793190201.jpg\",\"contentUrl\":\"https:\/\/www.nexoinformativo.mx\/wp-content\/uploads\/2025\/02\/PHOTO-2025-02-28-16-00-12-e1740793190201.jpg\",\"width\":800,\"height\":450},{\"@type\":\"BreadcrumbList\",\"@id\":\"https:\/\/www.nexoinformativo.mx\/index.php\/2025\/02\/28\/justicia-avanza-con-audiencia-inicial-se-define-manana-la-situacion-legal-de-menor-por-ataque-en-corregidora\/#breadcrumb\",\"itemListElement\":[{\"@type\":\"ListItem\",\"position\":1,\"name\":\"Inicio\",\"item\":\"https:\/\/www.nexoinformativo.mx\/\"},{\"@type\":\"ListItem\",\"position\":2,\"name\":\"Justicia avanza con audiencia inicial se define ma\u00f1ana la situaci\u00f3n legal de menor por ataque en Corregidora\"}]},{\"@type\":\"WebSite\",\"@id\":\"https:\/\/www.nexoinformativo.mx\/#website\",\"url\":\"https:\/\/www.nexoinformativo.mx\/\",\"name\":\"Nexo Informativo Santiago de Quer\u00e9taro\",\"description\":\"Explora NexoInformativo y convi\u00e9rtete en parte de una comunidad que valora el conocimiento y la verdad. Tu nexoinformativo es tu puente hacia una comprensi\u00f3n m\u00e1s profunda del mundo que te rodea.\",\"publisher\":{\"@id\":\"https:\/\/www.nexoinformativo.mx\/#organization\"},\"potentialAction\":[{\"@type\":\"SearchAction\",\"target\":{\"@type\":\"EntryPoint\",\"urlTemplate\":\"https:\/\/www.nexoinformativo.mx\/?s={search_term_string}\"},\"query-input\":{\"@type\":\"PropertyValueSpecification\",\"valueRequired\":true,\"valueName\":\"search_term_string\"}}],\"inLanguage\":\"es\"},{\"@type\":\"Organization\",\"@id\":\"https:\/\/www.nexoinformativo.mx\/#organization\",\"name\":\"Nexo Informativo Santiago de Quer\u00e9taro\",\"url\":\"https:\/\/www.nexoinformativo.mx\/\",\"logo\":{\"@type\":\"ImageObject\",\"inLanguage\":\"es\",\"@id\":\"https:\/\/www.nexoinformativo.mx\/#\/schema\/logo\/image\/\",\"url\":\"https:\/\/www.nexoinformativo.mx\/wp-content\/uploads\/2024\/07\/nexoi-trasparente-2.png\",\"contentUrl\":\"https:\/\/www.nexoinformativo.mx\/wp-content\/uploads\/2024\/07\/nexoi-trasparente-2.png\",\"width\":816,\"height\":339,\"caption\":\"Nexo Informativo Santiago de Quer\u00e9taro\"},\"image\":{\"@id\":\"https:\/\/www.nexoinformativo.mx\/#\/schema\/logo\/image\/\"},\"sameAs\":[\"https:\/\/www.facebook.com\/people\/Nexo-Informativo\/61564066885511\/\"]},{\"@type\":\"Person\",\"@id\":\"https:\/\/www.nexoinformativo.mx\/#\/schema\/person\/7749d380ba08c8ca00d7bc76fd907b7d\",\"name\":\"Nexo Informativo\",\"image\":{\"@type\":\"ImageObject\",\"inLanguage\":\"es\",\"@id\":\"https:\/\/www.nexoinformativo.mx\/#\/schema\/person\/image\/\",\"url\":\"https:\/\/secure.gravatar.com\/avatar\/dde2928154642a13d95f87ddf1ea9718fe2b46760a005c53e41ff5ad610704e6?s=96&d=mm&r=g\",\"contentUrl\":\"https:\/\/secure.gravatar.com\/avatar\/dde2928154642a13d95f87ddf1ea9718fe2b46760a005c53e41ff5ad610704e6?s=96&d=mm&r=g\",\"caption\":\"Nexo Informativo\"},\"url\":\"https:\/\/www.nexoinformativo.mx\/index.php\/author\/edicion\/\"}]}<\/script>\n<!-- \/ Yoast SEO plugin. -->","yoast_head_json":{"title":"Justicia avanza con audiencia inicial se define ma\u00f1ana la situaci\u00f3n legal de menor por ataque en Corregidora | Nexo Informativo Santiago de Quer\u00e9taro","description":"Justicia avanza con audiencia inicial se define ma\u00f1ana la situaci\u00f3n legal de menor por ataque en Corregidora","robots":{"index":"index","follow":"follow","max-snippet":"max-snippet:-1","max-image-preview":"max-image-preview:large","max-video-preview":"max-video-preview:-1"},"canonical":"https:\/\/www.nexoinformativo.mx\/index.php\/2025\/02\/28\/justicia-avanza-con-audiencia-inicial-se-define-manana-la-situacion-legal-de-menor-por-ataque-en-corregidora\/","og_locale":"es_MX","og_type":"article","og_title":"Justicia avanza con audiencia inicial se define ma\u00f1ana la situaci\u00f3n legal de menor por ataque en Corregidora | Nexo Informativo Santiago de Quer\u00e9taro","og_description":"Justicia avanza con audiencia inicial se define ma\u00f1ana la situaci\u00f3n legal de menor por ataque en Corregidora","og_url":"https:\/\/www.nexoinformativo.mx\/index.php\/2025\/02\/28\/justicia-avanza-con-audiencia-inicial-se-define-manana-la-situacion-legal-de-menor-por-ataque-en-corregidora\/","og_site_name":"Nexo Informativo Santiago de Quer\u00e9taro","article_publisher":"https:\/\/www.facebook.com\/people\/Nexo-Informativo\/61564066885511\/","article_published_time":"2025-02-28T21:00:00+00:00","article_modified_time":"2025-03-01T01:40:29+00:00","og_image":[{"width":800,"height":450,"url":"https:\/\/www.nexoinformativo.mx\/wp-content\/uploads\/2025\/02\/PHOTO-2025-02-28-16-00-12-e1740793190201.jpg","type":"image\/jpeg"}],"author":"Nexo Informativo","twitter_card":"summary_large_image","twitter_misc":{"Escrito por":"Nexo Informativo","Tiempo de lectura":"1 minuto"},"schema":{"@context":"https:\/\/schema.org","@graph":[{"@type":"Article","@id":"https:\/\/www.nexoinformativo.mx\/index.php\/2025\/02\/28\/justicia-avanza-con-audiencia-inicial-se-define-manana-la-situacion-legal-de-menor-por-ataque-en-corregidora\/#article","isPartOf":{"@id":"https:\/\/www.nexoinformativo.mx\/index.php\/2025\/02\/28\/justicia-avanza-con-audiencia-inicial-se-define-manana-la-situacion-legal-de-menor-por-ataque-en-corregidora\/"},"author":{"name":"Nexo Informativo","@id":"https:\/\/www.nexoinformativo.mx\/#\/schema\/person\/7749d380ba08c8ca00d7bc76fd907b7d"},"headline":"Justicia avanza con audiencia inicial se define ma\u00f1ana la situaci\u00f3n legal de menor por ataque en Corregidora","datePublished":"2025-02-28T21:00:00+00:00","dateModified":"2025-03-01T01:40:29+00:00","mainEntityOfPage":{"@id":"https:\/\/www.nexoinformativo.mx\/index.php\/2025\/02\/28\/justicia-avanza-con-audiencia-inicial-se-define-manana-la-situacion-legal-de-menor-por-ataque-en-corregidora\/"},"wordCount":177,"commentCount":0,"publisher":{"@id":"https:\/\/www.nexoinformativo.mx\/#organization"},"image":{"@id":"https:\/\/www.nexoinformativo.mx\/index.php\/2025\/02\/28\/justicia-avanza-con-audiencia-inicial-se-define-manana-la-situacion-legal-de-menor-por-ataque-en-corregidora\/#primaryimage"},"thumbnailUrl":"https:\/\/www.nexoinformativo.mx\/wp-content\/uploads\/2025\/02\/PHOTO-2025-02-28-16-00-12-e1740793190201.jpg","keywords":["AudienciaInicial","Corregidora","FGEQuer\u00e9taro","JusticiaQro"],"articleSection":["Municipios","Sucesos","\u00daltima Hora"],"inLanguage":"es","potentialAction":[{"@type":"CommentAction","name":"Comment","target":["https:\/\/www.nexoinformativo.mx\/index.php\/2025\/02\/28\/justicia-avanza-con-audiencia-inicial-se-define-manana-la-situacion-legal-de-menor-por-ataque-en-corregidora\/#respond"]}]},{"@type":"WebPage","@id":"https:\/\/www.nexoinformativo.mx\/index.php\/2025\/02\/28\/justicia-avanza-con-audiencia-inicial-se-define-manana-la-situacion-legal-de-menor-por-ataque-en-corregidora\/","url":"https:\/\/www.nexoinformativo.mx\/index.php\/2025\/02\/28\/justicia-avanza-con-audiencia-inicial-se-define-manana-la-situacion-legal-de-menor-por-ataque-en-corregidora\/","name":"Justicia avanza con audiencia inicial se define ma\u00f1ana la situaci\u00f3n legal de menor por ataque en Corregidora | Nexo Informativo Santiago de Quer\u00e9taro","isPartOf":{"@id":"https:\/\/www.nexoinformativo.mx\/#website"},"primaryImageOfPage":{"@id":"https:\/\/www.nexoinformativo.mx\/index.php\/2025\/02\/28\/justicia-avanza-con-audiencia-inicial-se-define-manana-la-situacion-legal-de-menor-por-ataque-en-corregidora\/#primaryimage"},"image":{"@id":"https:\/\/www.nexoinformativo.mx\/index.php\/2025\/02\/28\/justicia-avanza-con-audiencia-inicial-se-define-manana-la-situacion-legal-de-menor-por-ataque-en-corregidora\/#primaryimage"},"thumbnailUrl":"https:\/\/www.nexoinformativo.mx\/wp-content\/uploads\/2025\/02\/PHOTO-2025-02-28-16-00-12-e1740793190201.jpg","datePublished":"2025-02-28T21:00:00+00:00","dateModified":"2025-03-01T01:40:29+00:00","description":"Justicia avanza con audiencia inicial se define ma\u00f1ana la situaci\u00f3n legal de menor por ataque en Corregidora","breadcrumb":{"@id":"https:\/\/www.nexoinformativo.mx\/index.php\/2025\/02\/28\/justicia-avanza-con-audiencia-inicial-se-define-manana-la-situacion-legal-de-menor-por-ataque-en-corregidora\/#breadcrumb"},"inLanguage":"es","potentialAction":[{"@type":"ReadAction","target":["https:\/\/www.nexoinformativo.mx\/index.php\/2025\/02\/28\/justicia-avanza-con-audiencia-inicial-se-define-manana-la-situacion-legal-de-menor-por-ataque-en-corregidora\/"]}]},{"@type":"ImageObject","inLanguage":"es","@id":"https:\/\/www.nexoinformativo.mx\/index.php\/2025\/02\/28\/justicia-avanza-con-audiencia-inicial-se-define-manana-la-situacion-legal-de-menor-por-ataque-en-corregidora\/#primaryimage","url":"https:\/\/www.nexoinformativo.mx\/wp-content\/uploads\/2025\/02\/PHOTO-2025-02-28-16-00-12-e1740793190201.jpg","contentUrl":"https:\/\/www.nexoinformativo.mx\/wp-content\/uploads\/2025\/02\/PHOTO-2025-02-28-16-00-12-e1740793190201.jpg","width":800,"height":450},{"@type":"BreadcrumbList","@id":"https:\/\/www.nexoinformativo.mx\/index.php\/2025\/02\/28\/justicia-avanza-con-audiencia-inicial-se-define-manana-la-situacion-legal-de-menor-por-ataque-en-corregidora\/#breadcrumb","itemListElement":[{"@type":"ListItem","position":1,"name":"Inicio","item":"https:\/\/www.nexoinformativo.mx\/"},{"@type":"ListItem","position":2,"name":"Justicia avanza con audiencia inicial se define ma\u00f1ana la situaci\u00f3n legal de menor por ataque en Corregidora"}]},{"@type":"WebSite","@id":"https:\/\/www.nexoinformativo.mx\/#website","url":"https:\/\/www.nexoinformativo.mx\/","name":"Nexo Informativo Santiago de Quer\u00e9taro","description":"Explora NexoInformativo y convi\u00e9rtete en parte de una comunidad que valora el conocimiento y la verdad. Tu nexoinformativo es tu puente hacia una comprensi\u00f3n m\u00e1s profunda del mundo que te rodea.","publisher":{"@id":"https:\/\/www.nexoinformativo.mx\/#organization"},"potentialAction":[{"@type":"SearchAction","target":{"@type":"EntryPoint","urlTemplate":"https:\/\/www.nexoinformativo.mx\/?s={search_term_string}"},"query-input":{"@type":"PropertyValueSpecification","valueRequired":true,"valueName":"search_term_string"}}],"inLanguage":"es"},{"@type":"Organization","@id":"https:\/\/www.nexoinformativo.mx\/#organization","name":"Nexo Informativo Santiago de Quer\u00e9taro","url":"https:\/\/www.nexoinformativo.mx\/","logo":{"@type":"ImageObject","inLanguage":"es","@id":"https:\/\/www.nexoinformativo.mx\/#\/schema\/logo\/image\/","url":"https:\/\/www.nexoinformativo.mx\/wp-content\/uploads\/2024\/07\/nexoi-trasparente-2.png","contentUrl":"https:\/\/www.nexoinformativo.mx\/wp-content\/uploads\/2024\/07\/nexoi-trasparente-2.png","width":816,"height":339,"caption":"Nexo Informativo Santiago de Quer\u00e9taro"},"image":{"@id":"https:\/\/www.nexoinformativo.mx\/#\/schema\/logo\/image\/"},"sameAs":["https:\/\/www.facebook.com\/people\/Nexo-Informativo\/61564066885511\/"]},{"@type":"Person","@id":"https:\/\/www.nexoinformativo.mx\/#\/schema\/person\/7749d380ba08c8ca00d7bc76fd907b7d","name":"Nexo Informativo","image":{"@type":"ImageObject","inLanguage":"es","@id":"https:\/\/www.nexoinformativo.mx\/#\/schema\/person\/image\/","url":"https:\/\/secure.gravatar.com\/avatar\/dde2928154642a13d95f87ddf1ea9718fe2b46760a005c53e41ff5ad610704e6?s=96&d=mm&r=g","contentUrl":"https:\/\/secure.gravatar.com\/avatar\/dde2928154642a13d95f87ddf1ea9718fe2b46760a005c53e41ff5ad610704e6?s=96&d=mm&r=g","caption":"Nexo Informativo"},"url":"https:\/\/www.nexoinformativo.mx\/index.php\/author\/edicion\/"}]}},"_links":{"self":[{"href":"https:\/\/www.nexoinformativo.mx\/index.php\/wp-json\/wp\/v2\/posts\/12258","targetHints":{"allow":["GET"]}}],"collection":[{"href":"https:\/\/www.nexoinformativo.mx\/index.php\/wp-json\/wp\/v2\/posts"}],"about":[{"href":"https:\/\/www.nexoinformativo.mx\/index.php\/wp-json\/wp\/v2\/types\/post"}],"author":[{"embeddable":true,"href":"https:\/\/www.nexoinformativo.mx\/index.php\/wp-json\/wp\/v2\/users\/3"}],"replies":[{"embeddable":true,"href":"https:\/\/www.nexoinformativo.mx\/index.php\/wp-json\/wp\/v2\/comments?post=12258"}],"version-history":[{"count":4,"href":"https:\/\/www.nexoinformativo.mx\/index.php\/wp-json\/wp\/v2\/posts\/12258\/revisions"}],"predecessor-version":[{"id":12262,"href":"https:\/\/www.nexoinformativo.mx\/index.php\/wp-json\/wp\/v2\/posts\/12258\/revisions\/12262"}],"wp:featuredmedia":[{"embeddable":true,"href":"https:\/\/www.nexoinformativo.mx\/index.php\/wp-json\/wp\/v2\/media\/12260"}],"wp:attachment":[{"href":"https:\/\/www.nexoinformativo.mx\/index.php\/wp-json\/wp\/v2\/media?parent=12258"}],"wp:term":[{"taxonomy":"category","embeddable":true,"href":"https:\/\/www.nexoinformativo.mx\/index.php\/wp-json\/wp\/v2\/categories?post=12258"},{"taxonomy":"post_tag","embeddable":true,"href":"https:\/\/www.nexoinformativo.mx\/index.php\/wp-json\/wp\/v2\/tags?post=12258"}],"curies":[{"name":"wp","href":"https:\/\/api.w.org\/{rel}","templated":true}]}}