{"id":12264,"date":"2025-02-28T16:00:43","date_gmt":"2025-02-28T22:00:43","guid":{"rendered":"https:\/\/www.nexoinformativo.mx\/?p=12264"},"modified":"2025-02-28T19:48:26","modified_gmt":"2025-03-01T01:48:26","slug":"decide-tu-obra-ciudadanos-de-santa-rosa-jauregui-priorizan-obras-en-consulta-digital-historica","status":"publish","type":"post","link":"https:\/\/www.nexoinformativo.mx\/index.php\/2025\/02\/28\/decide-tu-obra-ciudadanos-de-santa-rosa-jauregui-priorizan-obras-en-consulta-digital-historica\/","title":{"rendered":"&#8220;Decide tu obra&#8221; ciudadanos de Santa Rosa J\u00e1uregui priorizan obras en consulta digital hist\u00f3rica"},"content":{"rendered":"<p style=\"text-align: justify;\" data-sourcepos=\"13:1-13:302\">Con la participaci\u00f3n de aproximadamente 20 mil personas, concluy\u00f3 la consulta digital <strong>&#8220;Decide tu Obra&#8221;<\/strong> en el municipio de Quer\u00e9taro, donde se eligieron 157 proyectos de obra p\u00fablica. La delegaci\u00f3n de Santa Rosa J\u00e1uregui se destac\u00f3 como la m\u00e1s votada por la ciudadan\u00eda.<\/p>\n<\/p>\n<p>&nbsp;<\/p>\n<p style=\"text-align: justify;\" data-sourcepos=\"15:1-15:143\">Beatriz Marmolejo Rojas, secretaria de Planeaci\u00f3n y Participaci\u00f3n Ciudadana, inform\u00f3 que las 10 obras con mayor n\u00famero de solicitudes incluyen:<\/p>\n<\/p>\n<p>&nbsp;<\/p>\n<ul style=\"text-align: justify;\" data-sourcepos=\"17:1-25:0\">\n<li data-sourcepos=\"17:1-17:66\">Rehabilitaci\u00f3n y primera etapa de la Unidad Deportiva de la UAQ.<\/li>\n<li data-sourcepos=\"18:1-18:78\">Reconstrucci\u00f3n de la vialidad en la comunidad de Pinto, Santa Rosa J\u00e1uregui.<\/li>\n<li data-sourcepos=\"19:1-19:53\">Mantenimiento de secundaria en Lomas de Casablanca.<\/li>\n<li data-sourcepos=\"20:1-20:48\">Construcci\u00f3n de auditorio en escuela de Lomas.<\/li>\n<li data-sourcepos=\"21:1-21:52\">Mejoramiento de vialidad en Santa Mar\u00eda Magdalena.<\/li>\n<li data-sourcepos=\"22:1-22:21\">Parque en Palmares.<\/li>\n<li data-sourcepos=\"23:1-23:64\">Rehabilitaci\u00f3n de vialidad en Buenavista, Santa Rosa J\u00e1uregui.<\/li>\n<li data-sourcepos=\"24:1-25:0\">Casa del Adulto Mayor, Santa Rosa J\u00e1uregui.<\/li>\n<\/ul>\n<p>&nbsp;<\/p>\n<p style=\"text-align: justify;\" data-sourcepos=\"26:1-26:142\">Este ejercicio de participaci\u00f3n ciudadana servir\u00e1 como precedente para que el Cabildo apruebe el Programa de Obra Anual en los pr\u00f3ximos meses.<\/p>\n<\/p>\n<p>&nbsp;<\/p>\n<p style=\"text-align: center;\" data-sourcepos=\"26:1-26:142\"><em><strong>\u00a1Informaci\u00f3n que transforma!<\/strong><\/em><\/p>\n","protected":false},"excerpt":{"rendered":"<p>Con la participaci\u00f3n de aproximadamente 20 mil personas, concluy\u00f3 la consulta digital &#8220;Decide tu Obra&#8221; en el municipio de Quer\u00e9taro, donde se eligieron 157 proyectos de obra p\u00fablica. La delegaci\u00f3n de Santa Rosa J\u00e1uregui se destac\u00f3 como la m\u00e1s votada por la ciudadan\u00eda.<\/p>\n","protected":false},"author":3,"featured_media":12265,"comment_status":"open","ping_status":"open","sticky":false,"template":"","format":"standard","meta":{"footnotes":""},"categories":[42,13,58],"tags":[3599,3587,3600,575],"class_list":["post-12264","post","type-post","status-publish","format-standard","has-post-thumbnail","hentry","category-estado","category-tecnologia","category-ultima-hora","tag-decidetuobra","tag-obraspublicasqro","tag-queretaroparticipa","tag-santarosajauregui"],"yoast_head":"<!-- This site is optimized with the Yoast SEO plugin v25.0 - https:\/\/yoast.com\/wordpress\/plugins\/seo\/ -->\n<title>&quot;Decide tu obra&quot; ciudadanos de Santa Rosa J\u00e1uregui priorizan obras en consulta digital hist\u00f3rica | Nexo Informativo Santiago de Quer\u00e9taro<\/title>\n<meta name=\"description\" content=\"&quot;Decide tu obra&quot; ciudadanos de Santa Rosa J\u00e1uregui priorizan obras en consulta digital hist\u00f3rica\" \/>\n<meta name=\"robots\" content=\"index, follow, max-snippet:-1, max-image-preview:large, max-video-preview:-1\" \/>\n<link rel=\"canonical\" href=\"https:\/\/www.nexoinformativo.mx\/index.php\/2025\/02\/28\/decide-tu-obra-ciudadanos-de-santa-rosa-jauregui-priorizan-obras-en-consulta-digital-historica\/\" \/>\n<meta property=\"og:locale\" content=\"es_MX\" \/>\n<meta property=\"og:type\" content=\"article\" \/>\n<meta property=\"og:title\" content=\"&quot;Decide tu obra&quot; ciudadanos de Santa Rosa J\u00e1uregui priorizan obras en consulta digital hist\u00f3rica | Nexo Informativo Santiago de Quer\u00e9taro\" \/>\n<meta property=\"og:description\" content=\"&quot;Decide tu obra&quot; ciudadanos de Santa Rosa J\u00e1uregui priorizan obras en consulta digital hist\u00f3rica\" \/>\n<meta property=\"og:url\" content=\"https:\/\/www.nexoinformativo.mx\/index.php\/2025\/02\/28\/decide-tu-obra-ciudadanos-de-santa-rosa-jauregui-priorizan-obras-en-consulta-digital-historica\/\" \/>\n<meta property=\"og:site_name\" content=\"Nexo Informativo Santiago de Quer\u00e9taro\" \/>\n<meta property=\"article:publisher\" content=\"https:\/\/www.facebook.com\/people\/Nexo-Informativo\/61564066885511\/\" \/>\n<meta property=\"article:published_time\" content=\"2025-02-28T22:00:43+00:00\" \/>\n<meta property=\"article:modified_time\" content=\"2025-03-01T01:48:26+00:00\" \/>\n<meta property=\"og:image\" content=\"https:\/\/www.nexoinformativo.mx\/wp-content\/uploads\/2025\/02\/6c1e69cf-68de-4227-9900-95d0f36dbfe6.jpg\" \/>\n\t<meta property=\"og:image:width\" content=\"754\" \/>\n\t<meta property=\"og:image:height\" content=\"882\" \/>\n\t<meta property=\"og:image:type\" content=\"image\/jpeg\" \/>\n<meta name=\"author\" content=\"Nexo Informativo\" \/>\n<meta name=\"twitter:card\" content=\"summary_large_image\" \/>\n<meta name=\"twitter:label1\" content=\"Escrito por\" \/>\n\t<meta name=\"twitter:data1\" content=\"Nexo Informativo\" \/>\n\t<meta name=\"twitter:label2\" content=\"Tiempo de lectura\" \/>\n\t<meta name=\"twitter:data2\" content=\"1 minuto\" \/>\n<script type=\"application\/ld+json\" class=\"yoast-schema-graph\">{\"@context\":\"https:\/\/schema.org\",\"@graph\":[{\"@type\":\"Article\",\"@id\":\"https:\/\/www.nexoinformativo.mx\/index.php\/2025\/02\/28\/decide-tu-obra-ciudadanos-de-santa-rosa-jauregui-priorizan-obras-en-consulta-digital-historica\/#article\",\"isPartOf\":{\"@id\":\"https:\/\/www.nexoinformativo.mx\/index.php\/2025\/02\/28\/decide-tu-obra-ciudadanos-de-santa-rosa-jauregui-priorizan-obras-en-consulta-digital-historica\/\"},\"author\":{\"name\":\"Nexo Informativo\",\"@id\":\"https:\/\/www.nexoinformativo.mx\/#\/schema\/person\/7749d380ba08c8ca00d7bc76fd907b7d\"},\"headline\":\"&#8220;Decide tu obra&#8221; ciudadanos de Santa Rosa J\u00e1uregui priorizan obras en consulta digital hist\u00f3rica\",\"datePublished\":\"2025-02-28T22:00:43+00:00\",\"dateModified\":\"2025-03-01T01:48:26+00:00\",\"mainEntityOfPage\":{\"@id\":\"https:\/\/www.nexoinformativo.mx\/index.php\/2025\/02\/28\/decide-tu-obra-ciudadanos-de-santa-rosa-jauregui-priorizan-obras-en-consulta-digital-historica\/\"},\"wordCount\":188,\"commentCount\":0,\"publisher\":{\"@id\":\"https:\/\/www.nexoinformativo.mx\/#organization\"},\"image\":{\"@id\":\"https:\/\/www.nexoinformativo.mx\/index.php\/2025\/02\/28\/decide-tu-obra-ciudadanos-de-santa-rosa-jauregui-priorizan-obras-en-consulta-digital-historica\/#primaryimage\"},\"thumbnailUrl\":\"https:\/\/www.nexoinformativo.mx\/wp-content\/uploads\/2025\/02\/6c1e69cf-68de-4227-9900-95d0f36dbfe6.jpg\",\"keywords\":[\"DecideTuObra\",\"ObrasP\u00fablicasQro\",\"Quer\u00e9taroParticipa\",\"SantaRosaJ\u00e1uregui\"],\"articleSection\":[\"Estado\",\"Tecnolog\u00eda\",\"\u00daltima Hora\"],\"inLanguage\":\"es\",\"potentialAction\":[{\"@type\":\"CommentAction\",\"name\":\"Comment\",\"target\":[\"https:\/\/www.nexoinformativo.mx\/index.php\/2025\/02\/28\/decide-tu-obra-ciudadanos-de-santa-rosa-jauregui-priorizan-obras-en-consulta-digital-historica\/#respond\"]}]},{\"@type\":\"WebPage\",\"@id\":\"https:\/\/www.nexoinformativo.mx\/index.php\/2025\/02\/28\/decide-tu-obra-ciudadanos-de-santa-rosa-jauregui-priorizan-obras-en-consulta-digital-historica\/\",\"url\":\"https:\/\/www.nexoinformativo.mx\/index.php\/2025\/02\/28\/decide-tu-obra-ciudadanos-de-santa-rosa-jauregui-priorizan-obras-en-consulta-digital-historica\/\",\"name\":\"\\\"Decide tu obra\\\" ciudadanos de Santa Rosa J\u00e1uregui priorizan obras en consulta digital hist\u00f3rica | Nexo Informativo Santiago de Quer\u00e9taro\",\"isPartOf\":{\"@id\":\"https:\/\/www.nexoinformativo.mx\/#website\"},\"primaryImageOfPage\":{\"@id\":\"https:\/\/www.nexoinformativo.mx\/index.php\/2025\/02\/28\/decide-tu-obra-ciudadanos-de-santa-rosa-jauregui-priorizan-obras-en-consulta-digital-historica\/#primaryimage\"},\"image\":{\"@id\":\"https:\/\/www.nexoinformativo.mx\/index.php\/2025\/02\/28\/decide-tu-obra-ciudadanos-de-santa-rosa-jauregui-priorizan-obras-en-consulta-digital-historica\/#primaryimage\"},\"thumbnailUrl\":\"https:\/\/www.nexoinformativo.mx\/wp-content\/uploads\/2025\/02\/6c1e69cf-68de-4227-9900-95d0f36dbfe6.jpg\",\"datePublished\":\"2025-02-28T22:00:43+00:00\",\"dateModified\":\"2025-03-01T01:48:26+00:00\",\"description\":\"\\\"Decide tu obra\\\" ciudadanos de Santa Rosa J\u00e1uregui priorizan obras en consulta digital hist\u00f3rica\",\"breadcrumb\":{\"@id\":\"https:\/\/www.nexoinformativo.mx\/index.php\/2025\/02\/28\/decide-tu-obra-ciudadanos-de-santa-rosa-jauregui-priorizan-obras-en-consulta-digital-historica\/#breadcrumb\"},\"inLanguage\":\"es\",\"potentialAction\":[{\"@type\":\"ReadAction\",\"target\":[\"https:\/\/www.nexoinformativo.mx\/index.php\/2025\/02\/28\/decide-tu-obra-ciudadanos-de-santa-rosa-jauregui-priorizan-obras-en-consulta-digital-historica\/\"]}]},{\"@type\":\"ImageObject\",\"inLanguage\":\"es\",\"@id\":\"https:\/\/www.nexoinformativo.mx\/index.php\/2025\/02\/28\/decide-tu-obra-ciudadanos-de-santa-rosa-jauregui-priorizan-obras-en-consulta-digital-historica\/#primaryimage\",\"url\":\"https:\/\/www.nexoinformativo.mx\/wp-content\/uploads\/2025\/02\/6c1e69cf-68de-4227-9900-95d0f36dbfe6.jpg\",\"contentUrl\":\"https:\/\/www.nexoinformativo.mx\/wp-content\/uploads\/2025\/02\/6c1e69cf-68de-4227-9900-95d0f36dbfe6.jpg\",\"width\":754,\"height\":882},{\"@type\":\"BreadcrumbList\",\"@id\":\"https:\/\/www.nexoinformativo.mx\/index.php\/2025\/02\/28\/decide-tu-obra-ciudadanos-de-santa-rosa-jauregui-priorizan-obras-en-consulta-digital-historica\/#breadcrumb\",\"itemListElement\":[{\"@type\":\"ListItem\",\"position\":1,\"name\":\"Inicio\",\"item\":\"https:\/\/www.nexoinformativo.mx\/\"},{\"@type\":\"ListItem\",\"position\":2,\"name\":\"&#8220;Decide tu obra&#8221; ciudadanos de Santa Rosa J\u00e1uregui priorizan obras en consulta digital hist\u00f3rica\"}]},{\"@type\":\"WebSite\",\"@id\":\"https:\/\/www.nexoinformativo.mx\/#website\",\"url\":\"https:\/\/www.nexoinformativo.mx\/\",\"name\":\"Nexo Informativo Santiago de Quer\u00e9taro\",\"description\":\"Explora NexoInformativo y convi\u00e9rtete en parte de una comunidad que valora el conocimiento y la verdad. Tu nexoinformativo es tu puente hacia una comprensi\u00f3n m\u00e1s profunda del mundo que te rodea.\",\"publisher\":{\"@id\":\"https:\/\/www.nexoinformativo.mx\/#organization\"},\"potentialAction\":[{\"@type\":\"SearchAction\",\"target\":{\"@type\":\"EntryPoint\",\"urlTemplate\":\"https:\/\/www.nexoinformativo.mx\/?s={search_term_string}\"},\"query-input\":{\"@type\":\"PropertyValueSpecification\",\"valueRequired\":true,\"valueName\":\"search_term_string\"}}],\"inLanguage\":\"es\"},{\"@type\":\"Organization\",\"@id\":\"https:\/\/www.nexoinformativo.mx\/#organization\",\"name\":\"Nexo Informativo Santiago de Quer\u00e9taro\",\"url\":\"https:\/\/www.nexoinformativo.mx\/\",\"logo\":{\"@type\":\"ImageObject\",\"inLanguage\":\"es\",\"@id\":\"https:\/\/www.nexoinformativo.mx\/#\/schema\/logo\/image\/\",\"url\":\"https:\/\/www.nexoinformativo.mx\/wp-content\/uploads\/2024\/07\/nexoi-trasparente-2.png\",\"contentUrl\":\"https:\/\/www.nexoinformativo.mx\/wp-content\/uploads\/2024\/07\/nexoi-trasparente-2.png\",\"width\":816,\"height\":339,\"caption\":\"Nexo Informativo Santiago de Quer\u00e9taro\"},\"image\":{\"@id\":\"https:\/\/www.nexoinformativo.mx\/#\/schema\/logo\/image\/\"},\"sameAs\":[\"https:\/\/www.facebook.com\/people\/Nexo-Informativo\/61564066885511\/\"]},{\"@type\":\"Person\",\"@id\":\"https:\/\/www.nexoinformativo.mx\/#\/schema\/person\/7749d380ba08c8ca00d7bc76fd907b7d\",\"name\":\"Nexo Informativo\",\"image\":{\"@type\":\"ImageObject\",\"inLanguage\":\"es\",\"@id\":\"https:\/\/www.nexoinformativo.mx\/#\/schema\/person\/image\/\",\"url\":\"https:\/\/secure.gravatar.com\/avatar\/dde2928154642a13d95f87ddf1ea9718fe2b46760a005c53e41ff5ad610704e6?s=96&d=mm&r=g\",\"contentUrl\":\"https:\/\/secure.gravatar.com\/avatar\/dde2928154642a13d95f87ddf1ea9718fe2b46760a005c53e41ff5ad610704e6?s=96&d=mm&r=g\",\"caption\":\"Nexo Informativo\"},\"url\":\"https:\/\/www.nexoinformativo.mx\/index.php\/author\/edicion\/\"}]}<\/script>\n<!-- \/ Yoast SEO plugin. -->","yoast_head_json":{"title":"\"Decide tu obra\" ciudadanos de Santa Rosa J\u00e1uregui priorizan obras en consulta digital hist\u00f3rica | Nexo Informativo Santiago de Quer\u00e9taro","description":"\"Decide tu obra\" ciudadanos de Santa Rosa J\u00e1uregui priorizan obras en consulta digital hist\u00f3rica","robots":{"index":"index","follow":"follow","max-snippet":"max-snippet:-1","max-image-preview":"max-image-preview:large","max-video-preview":"max-video-preview:-1"},"canonical":"https:\/\/www.nexoinformativo.mx\/index.php\/2025\/02\/28\/decide-tu-obra-ciudadanos-de-santa-rosa-jauregui-priorizan-obras-en-consulta-digital-historica\/","og_locale":"es_MX","og_type":"article","og_title":"\"Decide tu obra\" ciudadanos de Santa Rosa J\u00e1uregui priorizan obras en consulta digital hist\u00f3rica | Nexo Informativo Santiago de Quer\u00e9taro","og_description":"\"Decide tu obra\" ciudadanos de Santa Rosa J\u00e1uregui priorizan obras en consulta digital hist\u00f3rica","og_url":"https:\/\/www.nexoinformativo.mx\/index.php\/2025\/02\/28\/decide-tu-obra-ciudadanos-de-santa-rosa-jauregui-priorizan-obras-en-consulta-digital-historica\/","og_site_name":"Nexo Informativo Santiago de Quer\u00e9taro","article_publisher":"https:\/\/www.facebook.com\/people\/Nexo-Informativo\/61564066885511\/","article_published_time":"2025-02-28T22:00:43+00:00","article_modified_time":"2025-03-01T01:48:26+00:00","og_image":[{"width":754,"height":882,"url":"https:\/\/www.nexoinformativo.mx\/wp-content\/uploads\/2025\/02\/6c1e69cf-68de-4227-9900-95d0f36dbfe6.jpg","type":"image\/jpeg"}],"author":"Nexo Informativo","twitter_card":"summary_large_image","twitter_misc":{"Escrito por":"Nexo Informativo","Tiempo de lectura":"1 minuto"},"schema":{"@context":"https:\/\/schema.org","@graph":[{"@type":"Article","@id":"https:\/\/www.nexoinformativo.mx\/index.php\/2025\/02\/28\/decide-tu-obra-ciudadanos-de-santa-rosa-jauregui-priorizan-obras-en-consulta-digital-historica\/#article","isPartOf":{"@id":"https:\/\/www.nexoinformativo.mx\/index.php\/2025\/02\/28\/decide-tu-obra-ciudadanos-de-santa-rosa-jauregui-priorizan-obras-en-consulta-digital-historica\/"},"author":{"name":"Nexo Informativo","@id":"https:\/\/www.nexoinformativo.mx\/#\/schema\/person\/7749d380ba08c8ca00d7bc76fd907b7d"},"headline":"&#8220;Decide tu obra&#8221; ciudadanos de Santa Rosa J\u00e1uregui priorizan obras en consulta digital hist\u00f3rica","datePublished":"2025-02-28T22:00:43+00:00","dateModified":"2025-03-01T01:48:26+00:00","mainEntityOfPage":{"@id":"https:\/\/www.nexoinformativo.mx\/index.php\/2025\/02\/28\/decide-tu-obra-ciudadanos-de-santa-rosa-jauregui-priorizan-obras-en-consulta-digital-historica\/"},"wordCount":188,"commentCount":0,"publisher":{"@id":"https:\/\/www.nexoinformativo.mx\/#organization"},"image":{"@id":"https:\/\/www.nexoinformativo.mx\/index.php\/2025\/02\/28\/decide-tu-obra-ciudadanos-de-santa-rosa-jauregui-priorizan-obras-en-consulta-digital-historica\/#primaryimage"},"thumbnailUrl":"https:\/\/www.nexoinformativo.mx\/wp-content\/uploads\/2025\/02\/6c1e69cf-68de-4227-9900-95d0f36dbfe6.jpg","keywords":["DecideTuObra","ObrasP\u00fablicasQro","Quer\u00e9taroParticipa","SantaRosaJ\u00e1uregui"],"articleSection":["Estado","Tecnolog\u00eda","\u00daltima Hora"],"inLanguage":"es","potentialAction":[{"@type":"CommentAction","name":"Comment","target":["https:\/\/www.nexoinformativo.mx\/index.php\/2025\/02\/28\/decide-tu-obra-ciudadanos-de-santa-rosa-jauregui-priorizan-obras-en-consulta-digital-historica\/#respond"]}]},{"@type":"WebPage","@id":"https:\/\/www.nexoinformativo.mx\/index.php\/2025\/02\/28\/decide-tu-obra-ciudadanos-de-santa-rosa-jauregui-priorizan-obras-en-consulta-digital-historica\/","url":"https:\/\/www.nexoinformativo.mx\/index.php\/2025\/02\/28\/decide-tu-obra-ciudadanos-de-santa-rosa-jauregui-priorizan-obras-en-consulta-digital-historica\/","name":"\"Decide tu obra\" ciudadanos de Santa Rosa J\u00e1uregui priorizan obras en consulta digital hist\u00f3rica | Nexo Informativo Santiago de Quer\u00e9taro","isPartOf":{"@id":"https:\/\/www.nexoinformativo.mx\/#website"},"primaryImageOfPage":{"@id":"https:\/\/www.nexoinformativo.mx\/index.php\/2025\/02\/28\/decide-tu-obra-ciudadanos-de-santa-rosa-jauregui-priorizan-obras-en-consulta-digital-historica\/#primaryimage"},"image":{"@id":"https:\/\/www.nexoinformativo.mx\/index.php\/2025\/02\/28\/decide-tu-obra-ciudadanos-de-santa-rosa-jauregui-priorizan-obras-en-consulta-digital-historica\/#primaryimage"},"thumbnailUrl":"https:\/\/www.nexoinformativo.mx\/wp-content\/uploads\/2025\/02\/6c1e69cf-68de-4227-9900-95d0f36dbfe6.jpg","datePublished":"2025-02-28T22:00:43+00:00","dateModified":"2025-03-01T01:48:26+00:00","description":"\"Decide tu obra\" ciudadanos de Santa Rosa J\u00e1uregui priorizan obras en consulta digital hist\u00f3rica","breadcrumb":{"@id":"https:\/\/www.nexoinformativo.mx\/index.php\/2025\/02\/28\/decide-tu-obra-ciudadanos-de-santa-rosa-jauregui-priorizan-obras-en-consulta-digital-historica\/#breadcrumb"},"inLanguage":"es","potentialAction":[{"@type":"ReadAction","target":["https:\/\/www.nexoinformativo.mx\/index.php\/2025\/02\/28\/decide-tu-obra-ciudadanos-de-santa-rosa-jauregui-priorizan-obras-en-consulta-digital-historica\/"]}]},{"@type":"ImageObject","inLanguage":"es","@id":"https:\/\/www.nexoinformativo.mx\/index.php\/2025\/02\/28\/decide-tu-obra-ciudadanos-de-santa-rosa-jauregui-priorizan-obras-en-consulta-digital-historica\/#primaryimage","url":"https:\/\/www.nexoinformativo.mx\/wp-content\/uploads\/2025\/02\/6c1e69cf-68de-4227-9900-95d0f36dbfe6.jpg","contentUrl":"https:\/\/www.nexoinformativo.mx\/wp-content\/uploads\/2025\/02\/6c1e69cf-68de-4227-9900-95d0f36dbfe6.jpg","width":754,"height":882},{"@type":"BreadcrumbList","@id":"https:\/\/www.nexoinformativo.mx\/index.php\/2025\/02\/28\/decide-tu-obra-ciudadanos-de-santa-rosa-jauregui-priorizan-obras-en-consulta-digital-historica\/#breadcrumb","itemListElement":[{"@type":"ListItem","position":1,"name":"Inicio","item":"https:\/\/www.nexoinformativo.mx\/"},{"@type":"ListItem","position":2,"name":"&#8220;Decide tu obra&#8221; ciudadanos de Santa Rosa J\u00e1uregui priorizan obras en consulta digital hist\u00f3rica"}]},{"@type":"WebSite","@id":"https:\/\/www.nexoinformativo.mx\/#website","url":"https:\/\/www.nexoinformativo.mx\/","name":"Nexo Informativo Santiago de Quer\u00e9taro","description":"Explora NexoInformativo y convi\u00e9rtete en parte de una comunidad que valora el conocimiento y la verdad. Tu nexoinformativo es tu puente hacia una comprensi\u00f3n m\u00e1s profunda del mundo que te rodea.","publisher":{"@id":"https:\/\/www.nexoinformativo.mx\/#organization"},"potentialAction":[{"@type":"SearchAction","target":{"@type":"EntryPoint","urlTemplate":"https:\/\/www.nexoinformativo.mx\/?s={search_term_string}"},"query-input":{"@type":"PropertyValueSpecification","valueRequired":true,"valueName":"search_term_string"}}],"inLanguage":"es"},{"@type":"Organization","@id":"https:\/\/www.nexoinformativo.mx\/#organization","name":"Nexo Informativo Santiago de Quer\u00e9taro","url":"https:\/\/www.nexoinformativo.mx\/","logo":{"@type":"ImageObject","inLanguage":"es","@id":"https:\/\/www.nexoinformativo.mx\/#\/schema\/logo\/image\/","url":"https:\/\/www.nexoinformativo.mx\/wp-content\/uploads\/2024\/07\/nexoi-trasparente-2.png","contentUrl":"https:\/\/www.nexoinformativo.mx\/wp-content\/uploads\/2024\/07\/nexoi-trasparente-2.png","width":816,"height":339,"caption":"Nexo Informativo Santiago de Quer\u00e9taro"},"image":{"@id":"https:\/\/www.nexoinformativo.mx\/#\/schema\/logo\/image\/"},"sameAs":["https:\/\/www.facebook.com\/people\/Nexo-Informativo\/61564066885511\/"]},{"@type":"Person","@id":"https:\/\/www.nexoinformativo.mx\/#\/schema\/person\/7749d380ba08c8ca00d7bc76fd907b7d","name":"Nexo Informativo","image":{"@type":"ImageObject","inLanguage":"es","@id":"https:\/\/www.nexoinformativo.mx\/#\/schema\/person\/image\/","url":"https:\/\/secure.gravatar.com\/avatar\/dde2928154642a13d95f87ddf1ea9718fe2b46760a005c53e41ff5ad610704e6?s=96&d=mm&r=g","contentUrl":"https:\/\/secure.gravatar.com\/avatar\/dde2928154642a13d95f87ddf1ea9718fe2b46760a005c53e41ff5ad610704e6?s=96&d=mm&r=g","caption":"Nexo Informativo"},"url":"https:\/\/www.nexoinformativo.mx\/index.php\/author\/edicion\/"}]}},"_links":{"self":[{"href":"https:\/\/www.nexoinformativo.mx\/index.php\/wp-json\/wp\/v2\/posts\/12264","targetHints":{"allow":["GET"]}}],"collection":[{"href":"https:\/\/www.nexoinformativo.mx\/index.php\/wp-json\/wp\/v2\/posts"}],"about":[{"href":"https:\/\/www.nexoinformativo.mx\/index.php\/wp-json\/wp\/v2\/types\/post"}],"author":[{"embeddable":true,"href":"https:\/\/www.nexoinformativo.mx\/index.php\/wp-json\/wp\/v2\/users\/3"}],"replies":[{"embeddable":true,"href":"https:\/\/www.nexoinformativo.mx\/index.php\/wp-json\/wp\/v2\/comments?post=12264"}],"version-history":[{"count":3,"href":"https:\/\/www.nexoinformativo.mx\/index.php\/wp-json\/wp\/v2\/posts\/12264\/revisions"}],"predecessor-version":[{"id":12268,"href":"https:\/\/www.nexoinformativo.mx\/index.php\/wp-json\/wp\/v2\/posts\/12264\/revisions\/12268"}],"wp:featuredmedia":[{"embeddable":true,"href":"https:\/\/www.nexoinformativo.mx\/index.php\/wp-json\/wp\/v2\/media\/12265"}],"wp:attachment":[{"href":"https:\/\/www.nexoinformativo.mx\/index.php\/wp-json\/wp\/v2\/media?parent=12264"}],"wp:term":[{"taxonomy":"category","embeddable":true,"href":"https:\/\/www.nexoinformativo.mx\/index.php\/wp-json\/wp\/v2\/categories?post=12264"},{"taxonomy":"post_tag","embeddable":true,"href":"https:\/\/www.nexoinformativo.mx\/index.php\/wp-json\/wp\/v2\/tags?post=12264"}],"curies":[{"name":"wp","href":"https:\/\/api.w.org\/{rel}","templated":true}]}}