{"id":12270,"date":"2025-03-01T09:00:16","date_gmt":"2025-03-01T15:00:16","guid":{"rendered":"https:\/\/www.nexoinformativo.mx\/?p=12270"},"modified":"2025-03-01T15:20:01","modified_gmt":"2025-03-01T21:20:01","slug":"mexico-y-ee-uu-fortalecen-seguridad-binacional-cooperacion-y-respeto-en-la-agenda","status":"publish","type":"post","link":"https:\/\/www.nexoinformativo.mx\/index.php\/2025\/03\/01\/mexico-y-ee-uu-fortalecen-seguridad-binacional-cooperacion-y-respeto-en-la-agenda\/","title":{"rendered":"M\u00e9xico y EE.UU. fortalecen seguridad binacional cooperaci\u00f3n y respeto en la agenda"},"content":{"rendered":"<p style=\"text-align: justify;\" data-sourcepos=\"13:1-13:242\">En un marco de respeto a la soberan\u00eda y compromiso con la seguridad de sus comunidades, M\u00e9xico y Estados Unidos celebraron la primera reuni\u00f3n binacional de alto nivel sobre seguridad en el Departamento de Estado.<\/p>\n<\/p>\n<p>&nbsp;<\/p>\n<p style=\"text-align: justify;\" data-sourcepos=\"15:1-15:348\">La reuni\u00f3n, calificada como &#8220;muy positiva&#8221;, se centr\u00f3 en temas clave como el tr\u00e1fico de drogas il\u00edcitas, el tr\u00e1fico de armas y el intercambio de informaci\u00f3n de inteligencia. Ambos pa\u00edses reafirmaron su compromiso de trabajar bajo los principios de responsabilidad compartida, confianza mutua, cooperaci\u00f3n sin subordinaci\u00f3n y respeto a la soberan\u00eda.<\/p>\n<\/p>\n<p>&nbsp;<\/p>\n<p style=\"text-align: justify;\" data-sourcepos=\"17:1-17:294\">La delegaci\u00f3n mexicana, encabezada por el secretario de Relaciones Exteriores, Juan Ram\u00f3n de la Fuente, y el secretario de Seguridad y Protecci\u00f3n Ciudadana, Omar Garc\u00eda Harfuch, sostuvo un di\u00e1logo constructivo con la delegaci\u00f3n estadounidense, liderada por el secretario de Estado, Marco Rubio.<\/p>\n<\/p>\n<p>&nbsp;<\/p>\n<p style=\"text-align: justify;\" data-sourcepos=\"19:1-19:197\">Entre los participantes destacados se encontraron tambi\u00e9n los secretarios de la Defensa Nacional y de la Marina, el fiscal general de la Rep\u00fablica y representantes de alto nivel de ambos gobiernos.<\/p>\n<\/p>\n<p>&nbsp;<\/p>\n<p style=\"text-align: center;\" data-sourcepos=\"19:1-19:197\"><em><strong>\u00a1Informaci\u00f3n que transforma!<\/strong><\/em><\/p>\n","protected":false},"excerpt":{"rendered":"<p>En un marco de respeto a la soberan\u00eda y compromiso con la seguridad de sus comunidades, M\u00e9xico y Estados Unidos celebraron la primera reuni\u00f3n binacional de alto nivel sobre seguridad en el Departamento de Estado.<\/p>\n","protected":false},"author":3,"featured_media":12271,"comment_status":"open","ping_status":"open","sticky":false,"template":"","format":"standard","meta":{"footnotes":""},"categories":[88,58],"tags":[3602,3603,2061,3601],"class_list":["post-12270","post","type-post","status-publish","format-standard","has-post-thumbnail","hentry","category-nacional","category-ultima-hora","tag-cooperacionseguridad","tag-luchacrimen","tag-mexicoeeuu","tag-seguridadbinacional"],"yoast_head":"<!-- This site is optimized with the Yoast SEO plugin v25.0 - https:\/\/yoast.com\/wordpress\/plugins\/seo\/ -->\n<title>M\u00e9xico y EE.UU. fortalecen seguridad binacional cooperaci\u00f3n y respeto en la agenda | Nexo Informativo Santiago de Quer\u00e9taro<\/title>\n<meta name=\"description\" content=\"M\u00e9xico y EE.UU. fortalecen seguridad binacional cooperaci\u00f3n y respeto en la agenda\" \/>\n<meta name=\"robots\" content=\"index, follow, max-snippet:-1, max-image-preview:large, max-video-preview:-1\" \/>\n<link rel=\"canonical\" href=\"https:\/\/www.nexoinformativo.mx\/index.php\/2025\/03\/01\/mexico-y-ee-uu-fortalecen-seguridad-binacional-cooperacion-y-respeto-en-la-agenda\/\" \/>\n<meta property=\"og:locale\" content=\"es_MX\" \/>\n<meta property=\"og:type\" content=\"article\" \/>\n<meta property=\"og:title\" content=\"M\u00e9xico y EE.UU. fortalecen seguridad binacional cooperaci\u00f3n y respeto en la agenda | Nexo Informativo Santiago de Quer\u00e9taro\" \/>\n<meta property=\"og:description\" content=\"M\u00e9xico y EE.UU. fortalecen seguridad binacional cooperaci\u00f3n y respeto en la agenda\" \/>\n<meta property=\"og:url\" content=\"https:\/\/www.nexoinformativo.mx\/index.php\/2025\/03\/01\/mexico-y-ee-uu-fortalecen-seguridad-binacional-cooperacion-y-respeto-en-la-agenda\/\" \/>\n<meta property=\"og:site_name\" content=\"Nexo Informativo Santiago de Quer\u00e9taro\" \/>\n<meta property=\"article:publisher\" content=\"https:\/\/www.facebook.com\/people\/Nexo-Informativo\/61564066885511\/\" \/>\n<meta property=\"article:published_time\" content=\"2025-03-01T15:00:16+00:00\" \/>\n<meta property=\"article:modified_time\" content=\"2025-03-01T21:20:01+00:00\" \/>\n<meta property=\"og:image\" content=\"https:\/\/www.nexoinformativo.mx\/wp-content\/uploads\/2025\/03\/IMG_1147.jpg\" \/>\n\t<meta property=\"og:image:width\" content=\"650\" \/>\n\t<meta property=\"og:image:height\" content=\"380\" \/>\n\t<meta property=\"og:image:type\" content=\"image\/jpeg\" \/>\n<meta name=\"author\" content=\"Nexo Informativo\" \/>\n<meta name=\"twitter:card\" content=\"summary_large_image\" \/>\n<meta name=\"twitter:label1\" content=\"Escrito por\" \/>\n\t<meta name=\"twitter:data1\" content=\"Nexo Informativo\" \/>\n\t<meta name=\"twitter:label2\" content=\"Tiempo de lectura\" \/>\n\t<meta name=\"twitter:data2\" content=\"1 minuto\" \/>\n<script type=\"application\/ld+json\" class=\"yoast-schema-graph\">{\"@context\":\"https:\/\/schema.org\",\"@graph\":[{\"@type\":\"Article\",\"@id\":\"https:\/\/www.nexoinformativo.mx\/index.php\/2025\/03\/01\/mexico-y-ee-uu-fortalecen-seguridad-binacional-cooperacion-y-respeto-en-la-agenda\/#article\",\"isPartOf\":{\"@id\":\"https:\/\/www.nexoinformativo.mx\/index.php\/2025\/03\/01\/mexico-y-ee-uu-fortalecen-seguridad-binacional-cooperacion-y-respeto-en-la-agenda\/\"},\"author\":{\"name\":\"Nexo Informativo\",\"@id\":\"https:\/\/www.nexoinformativo.mx\/#\/schema\/person\/7749d380ba08c8ca00d7bc76fd907b7d\"},\"headline\":\"M\u00e9xico y EE.UU. fortalecen seguridad binacional cooperaci\u00f3n y respeto en la agenda\",\"datePublished\":\"2025-03-01T15:00:16+00:00\",\"dateModified\":\"2025-03-01T21:20:01+00:00\",\"mainEntityOfPage\":{\"@id\":\"https:\/\/www.nexoinformativo.mx\/index.php\/2025\/03\/01\/mexico-y-ee-uu-fortalecen-seguridad-binacional-cooperacion-y-respeto-en-la-agenda\/\"},\"wordCount\":202,\"commentCount\":0,\"publisher\":{\"@id\":\"https:\/\/www.nexoinformativo.mx\/#organization\"},\"image\":{\"@id\":\"https:\/\/www.nexoinformativo.mx\/index.php\/2025\/03\/01\/mexico-y-ee-uu-fortalecen-seguridad-binacional-cooperacion-y-respeto-en-la-agenda\/#primaryimage\"},\"thumbnailUrl\":\"https:\/\/www.nexoinformativo.mx\/wp-content\/uploads\/2025\/03\/IMG_1147.jpg\",\"keywords\":[\"Cooperaci\u00f3nSeguridad\",\"LuchaCrimen\",\"M\u00e9xicoEEUU\",\"SeguridadBinacional\"],\"articleSection\":[\"Nacional\",\"\u00daltima Hora\"],\"inLanguage\":\"es\",\"potentialAction\":[{\"@type\":\"CommentAction\",\"name\":\"Comment\",\"target\":[\"https:\/\/www.nexoinformativo.mx\/index.php\/2025\/03\/01\/mexico-y-ee-uu-fortalecen-seguridad-binacional-cooperacion-y-respeto-en-la-agenda\/#respond\"]}]},{\"@type\":\"WebPage\",\"@id\":\"https:\/\/www.nexoinformativo.mx\/index.php\/2025\/03\/01\/mexico-y-ee-uu-fortalecen-seguridad-binacional-cooperacion-y-respeto-en-la-agenda\/\",\"url\":\"https:\/\/www.nexoinformativo.mx\/index.php\/2025\/03\/01\/mexico-y-ee-uu-fortalecen-seguridad-binacional-cooperacion-y-respeto-en-la-agenda\/\",\"name\":\"M\u00e9xico y EE.UU. fortalecen seguridad binacional cooperaci\u00f3n y respeto en la agenda | Nexo Informativo Santiago de Quer\u00e9taro\",\"isPartOf\":{\"@id\":\"https:\/\/www.nexoinformativo.mx\/#website\"},\"primaryImageOfPage\":{\"@id\":\"https:\/\/www.nexoinformativo.mx\/index.php\/2025\/03\/01\/mexico-y-ee-uu-fortalecen-seguridad-binacional-cooperacion-y-respeto-en-la-agenda\/#primaryimage\"},\"image\":{\"@id\":\"https:\/\/www.nexoinformativo.mx\/index.php\/2025\/03\/01\/mexico-y-ee-uu-fortalecen-seguridad-binacional-cooperacion-y-respeto-en-la-agenda\/#primaryimage\"},\"thumbnailUrl\":\"https:\/\/www.nexoinformativo.mx\/wp-content\/uploads\/2025\/03\/IMG_1147.jpg\",\"datePublished\":\"2025-03-01T15:00:16+00:00\",\"dateModified\":\"2025-03-01T21:20:01+00:00\",\"description\":\"M\u00e9xico y EE.UU. fortalecen seguridad binacional cooperaci\u00f3n y respeto en la agenda\",\"breadcrumb\":{\"@id\":\"https:\/\/www.nexoinformativo.mx\/index.php\/2025\/03\/01\/mexico-y-ee-uu-fortalecen-seguridad-binacional-cooperacion-y-respeto-en-la-agenda\/#breadcrumb\"},\"inLanguage\":\"es\",\"potentialAction\":[{\"@type\":\"ReadAction\",\"target\":[\"https:\/\/www.nexoinformativo.mx\/index.php\/2025\/03\/01\/mexico-y-ee-uu-fortalecen-seguridad-binacional-cooperacion-y-respeto-en-la-agenda\/\"]}]},{\"@type\":\"ImageObject\",\"inLanguage\":\"es\",\"@id\":\"https:\/\/www.nexoinformativo.mx\/index.php\/2025\/03\/01\/mexico-y-ee-uu-fortalecen-seguridad-binacional-cooperacion-y-respeto-en-la-agenda\/#primaryimage\",\"url\":\"https:\/\/www.nexoinformativo.mx\/wp-content\/uploads\/2025\/03\/IMG_1147.jpg\",\"contentUrl\":\"https:\/\/www.nexoinformativo.mx\/wp-content\/uploads\/2025\/03\/IMG_1147.jpg\",\"width\":650,\"height\":380},{\"@type\":\"BreadcrumbList\",\"@id\":\"https:\/\/www.nexoinformativo.mx\/index.php\/2025\/03\/01\/mexico-y-ee-uu-fortalecen-seguridad-binacional-cooperacion-y-respeto-en-la-agenda\/#breadcrumb\",\"itemListElement\":[{\"@type\":\"ListItem\",\"position\":1,\"name\":\"Inicio\",\"item\":\"https:\/\/www.nexoinformativo.mx\/\"},{\"@type\":\"ListItem\",\"position\":2,\"name\":\"M\u00e9xico y EE.UU. fortalecen seguridad binacional cooperaci\u00f3n y respeto en la agenda\"}]},{\"@type\":\"WebSite\",\"@id\":\"https:\/\/www.nexoinformativo.mx\/#website\",\"url\":\"https:\/\/www.nexoinformativo.mx\/\",\"name\":\"Nexo Informativo Santiago de Quer\u00e9taro\",\"description\":\"Explora NexoInformativo y convi\u00e9rtete en parte de una comunidad que valora el conocimiento y la verdad. Tu nexoinformativo es tu puente hacia una comprensi\u00f3n m\u00e1s profunda del mundo que te rodea.\",\"publisher\":{\"@id\":\"https:\/\/www.nexoinformativo.mx\/#organization\"},\"potentialAction\":[{\"@type\":\"SearchAction\",\"target\":{\"@type\":\"EntryPoint\",\"urlTemplate\":\"https:\/\/www.nexoinformativo.mx\/?s={search_term_string}\"},\"query-input\":{\"@type\":\"PropertyValueSpecification\",\"valueRequired\":true,\"valueName\":\"search_term_string\"}}],\"inLanguage\":\"es\"},{\"@type\":\"Organization\",\"@id\":\"https:\/\/www.nexoinformativo.mx\/#organization\",\"name\":\"Nexo Informativo Santiago de Quer\u00e9taro\",\"url\":\"https:\/\/www.nexoinformativo.mx\/\",\"logo\":{\"@type\":\"ImageObject\",\"inLanguage\":\"es\",\"@id\":\"https:\/\/www.nexoinformativo.mx\/#\/schema\/logo\/image\/\",\"url\":\"https:\/\/www.nexoinformativo.mx\/wp-content\/uploads\/2024\/07\/nexoi-trasparente-2.png\",\"contentUrl\":\"https:\/\/www.nexoinformativo.mx\/wp-content\/uploads\/2024\/07\/nexoi-trasparente-2.png\",\"width\":816,\"height\":339,\"caption\":\"Nexo Informativo Santiago de Quer\u00e9taro\"},\"image\":{\"@id\":\"https:\/\/www.nexoinformativo.mx\/#\/schema\/logo\/image\/\"},\"sameAs\":[\"https:\/\/www.facebook.com\/people\/Nexo-Informativo\/61564066885511\/\"]},{\"@type\":\"Person\",\"@id\":\"https:\/\/www.nexoinformativo.mx\/#\/schema\/person\/7749d380ba08c8ca00d7bc76fd907b7d\",\"name\":\"Nexo Informativo\",\"image\":{\"@type\":\"ImageObject\",\"inLanguage\":\"es\",\"@id\":\"https:\/\/www.nexoinformativo.mx\/#\/schema\/person\/image\/\",\"url\":\"https:\/\/secure.gravatar.com\/avatar\/dde2928154642a13d95f87ddf1ea9718fe2b46760a005c53e41ff5ad610704e6?s=96&d=mm&r=g\",\"contentUrl\":\"https:\/\/secure.gravatar.com\/avatar\/dde2928154642a13d95f87ddf1ea9718fe2b46760a005c53e41ff5ad610704e6?s=96&d=mm&r=g\",\"caption\":\"Nexo Informativo\"},\"url\":\"https:\/\/www.nexoinformativo.mx\/index.php\/author\/edicion\/\"}]}<\/script>\n<!-- \/ Yoast SEO plugin. -->","yoast_head_json":{"title":"M\u00e9xico y EE.UU. fortalecen seguridad binacional cooperaci\u00f3n y respeto en la agenda | Nexo Informativo Santiago de Quer\u00e9taro","description":"M\u00e9xico y EE.UU. fortalecen seguridad binacional cooperaci\u00f3n y respeto en la agenda","robots":{"index":"index","follow":"follow","max-snippet":"max-snippet:-1","max-image-preview":"max-image-preview:large","max-video-preview":"max-video-preview:-1"},"canonical":"https:\/\/www.nexoinformativo.mx\/index.php\/2025\/03\/01\/mexico-y-ee-uu-fortalecen-seguridad-binacional-cooperacion-y-respeto-en-la-agenda\/","og_locale":"es_MX","og_type":"article","og_title":"M\u00e9xico y EE.UU. fortalecen seguridad binacional cooperaci\u00f3n y respeto en la agenda | Nexo Informativo Santiago de Quer\u00e9taro","og_description":"M\u00e9xico y EE.UU. fortalecen seguridad binacional cooperaci\u00f3n y respeto en la agenda","og_url":"https:\/\/www.nexoinformativo.mx\/index.php\/2025\/03\/01\/mexico-y-ee-uu-fortalecen-seguridad-binacional-cooperacion-y-respeto-en-la-agenda\/","og_site_name":"Nexo Informativo Santiago de Quer\u00e9taro","article_publisher":"https:\/\/www.facebook.com\/people\/Nexo-Informativo\/61564066885511\/","article_published_time":"2025-03-01T15:00:16+00:00","article_modified_time":"2025-03-01T21:20:01+00:00","og_image":[{"width":650,"height":380,"url":"https:\/\/www.nexoinformativo.mx\/wp-content\/uploads\/2025\/03\/IMG_1147.jpg","type":"image\/jpeg"}],"author":"Nexo Informativo","twitter_card":"summary_large_image","twitter_misc":{"Escrito por":"Nexo Informativo","Tiempo de lectura":"1 minuto"},"schema":{"@context":"https:\/\/schema.org","@graph":[{"@type":"Article","@id":"https:\/\/www.nexoinformativo.mx\/index.php\/2025\/03\/01\/mexico-y-ee-uu-fortalecen-seguridad-binacional-cooperacion-y-respeto-en-la-agenda\/#article","isPartOf":{"@id":"https:\/\/www.nexoinformativo.mx\/index.php\/2025\/03\/01\/mexico-y-ee-uu-fortalecen-seguridad-binacional-cooperacion-y-respeto-en-la-agenda\/"},"author":{"name":"Nexo Informativo","@id":"https:\/\/www.nexoinformativo.mx\/#\/schema\/person\/7749d380ba08c8ca00d7bc76fd907b7d"},"headline":"M\u00e9xico y EE.UU. fortalecen seguridad binacional cooperaci\u00f3n y respeto en la agenda","datePublished":"2025-03-01T15:00:16+00:00","dateModified":"2025-03-01T21:20:01+00:00","mainEntityOfPage":{"@id":"https:\/\/www.nexoinformativo.mx\/index.php\/2025\/03\/01\/mexico-y-ee-uu-fortalecen-seguridad-binacional-cooperacion-y-respeto-en-la-agenda\/"},"wordCount":202,"commentCount":0,"publisher":{"@id":"https:\/\/www.nexoinformativo.mx\/#organization"},"image":{"@id":"https:\/\/www.nexoinformativo.mx\/index.php\/2025\/03\/01\/mexico-y-ee-uu-fortalecen-seguridad-binacional-cooperacion-y-respeto-en-la-agenda\/#primaryimage"},"thumbnailUrl":"https:\/\/www.nexoinformativo.mx\/wp-content\/uploads\/2025\/03\/IMG_1147.jpg","keywords":["Cooperaci\u00f3nSeguridad","LuchaCrimen","M\u00e9xicoEEUU","SeguridadBinacional"],"articleSection":["Nacional","\u00daltima Hora"],"inLanguage":"es","potentialAction":[{"@type":"CommentAction","name":"Comment","target":["https:\/\/www.nexoinformativo.mx\/index.php\/2025\/03\/01\/mexico-y-ee-uu-fortalecen-seguridad-binacional-cooperacion-y-respeto-en-la-agenda\/#respond"]}]},{"@type":"WebPage","@id":"https:\/\/www.nexoinformativo.mx\/index.php\/2025\/03\/01\/mexico-y-ee-uu-fortalecen-seguridad-binacional-cooperacion-y-respeto-en-la-agenda\/","url":"https:\/\/www.nexoinformativo.mx\/index.php\/2025\/03\/01\/mexico-y-ee-uu-fortalecen-seguridad-binacional-cooperacion-y-respeto-en-la-agenda\/","name":"M\u00e9xico y EE.UU. fortalecen seguridad binacional cooperaci\u00f3n y respeto en la agenda | Nexo Informativo Santiago de Quer\u00e9taro","isPartOf":{"@id":"https:\/\/www.nexoinformativo.mx\/#website"},"primaryImageOfPage":{"@id":"https:\/\/www.nexoinformativo.mx\/index.php\/2025\/03\/01\/mexico-y-ee-uu-fortalecen-seguridad-binacional-cooperacion-y-respeto-en-la-agenda\/#primaryimage"},"image":{"@id":"https:\/\/www.nexoinformativo.mx\/index.php\/2025\/03\/01\/mexico-y-ee-uu-fortalecen-seguridad-binacional-cooperacion-y-respeto-en-la-agenda\/#primaryimage"},"thumbnailUrl":"https:\/\/www.nexoinformativo.mx\/wp-content\/uploads\/2025\/03\/IMG_1147.jpg","datePublished":"2025-03-01T15:00:16+00:00","dateModified":"2025-03-01T21:20:01+00:00","description":"M\u00e9xico y EE.UU. fortalecen seguridad binacional cooperaci\u00f3n y respeto en la agenda","breadcrumb":{"@id":"https:\/\/www.nexoinformativo.mx\/index.php\/2025\/03\/01\/mexico-y-ee-uu-fortalecen-seguridad-binacional-cooperacion-y-respeto-en-la-agenda\/#breadcrumb"},"inLanguage":"es","potentialAction":[{"@type":"ReadAction","target":["https:\/\/www.nexoinformativo.mx\/index.php\/2025\/03\/01\/mexico-y-ee-uu-fortalecen-seguridad-binacional-cooperacion-y-respeto-en-la-agenda\/"]}]},{"@type":"ImageObject","inLanguage":"es","@id":"https:\/\/www.nexoinformativo.mx\/index.php\/2025\/03\/01\/mexico-y-ee-uu-fortalecen-seguridad-binacional-cooperacion-y-respeto-en-la-agenda\/#primaryimage","url":"https:\/\/www.nexoinformativo.mx\/wp-content\/uploads\/2025\/03\/IMG_1147.jpg","contentUrl":"https:\/\/www.nexoinformativo.mx\/wp-content\/uploads\/2025\/03\/IMG_1147.jpg","width":650,"height":380},{"@type":"BreadcrumbList","@id":"https:\/\/www.nexoinformativo.mx\/index.php\/2025\/03\/01\/mexico-y-ee-uu-fortalecen-seguridad-binacional-cooperacion-y-respeto-en-la-agenda\/#breadcrumb","itemListElement":[{"@type":"ListItem","position":1,"name":"Inicio","item":"https:\/\/www.nexoinformativo.mx\/"},{"@type":"ListItem","position":2,"name":"M\u00e9xico y EE.UU. fortalecen seguridad binacional cooperaci\u00f3n y respeto en la agenda"}]},{"@type":"WebSite","@id":"https:\/\/www.nexoinformativo.mx\/#website","url":"https:\/\/www.nexoinformativo.mx\/","name":"Nexo Informativo Santiago de Quer\u00e9taro","description":"Explora NexoInformativo y convi\u00e9rtete en parte de una comunidad que valora el conocimiento y la verdad. Tu nexoinformativo es tu puente hacia una comprensi\u00f3n m\u00e1s profunda del mundo que te rodea.","publisher":{"@id":"https:\/\/www.nexoinformativo.mx\/#organization"},"potentialAction":[{"@type":"SearchAction","target":{"@type":"EntryPoint","urlTemplate":"https:\/\/www.nexoinformativo.mx\/?s={search_term_string}"},"query-input":{"@type":"PropertyValueSpecification","valueRequired":true,"valueName":"search_term_string"}}],"inLanguage":"es"},{"@type":"Organization","@id":"https:\/\/www.nexoinformativo.mx\/#organization","name":"Nexo Informativo Santiago de Quer\u00e9taro","url":"https:\/\/www.nexoinformativo.mx\/","logo":{"@type":"ImageObject","inLanguage":"es","@id":"https:\/\/www.nexoinformativo.mx\/#\/schema\/logo\/image\/","url":"https:\/\/www.nexoinformativo.mx\/wp-content\/uploads\/2024\/07\/nexoi-trasparente-2.png","contentUrl":"https:\/\/www.nexoinformativo.mx\/wp-content\/uploads\/2024\/07\/nexoi-trasparente-2.png","width":816,"height":339,"caption":"Nexo Informativo Santiago de Quer\u00e9taro"},"image":{"@id":"https:\/\/www.nexoinformativo.mx\/#\/schema\/logo\/image\/"},"sameAs":["https:\/\/www.facebook.com\/people\/Nexo-Informativo\/61564066885511\/"]},{"@type":"Person","@id":"https:\/\/www.nexoinformativo.mx\/#\/schema\/person\/7749d380ba08c8ca00d7bc76fd907b7d","name":"Nexo Informativo","image":{"@type":"ImageObject","inLanguage":"es","@id":"https:\/\/www.nexoinformativo.mx\/#\/schema\/person\/image\/","url":"https:\/\/secure.gravatar.com\/avatar\/dde2928154642a13d95f87ddf1ea9718fe2b46760a005c53e41ff5ad610704e6?s=96&d=mm&r=g","contentUrl":"https:\/\/secure.gravatar.com\/avatar\/dde2928154642a13d95f87ddf1ea9718fe2b46760a005c53e41ff5ad610704e6?s=96&d=mm&r=g","caption":"Nexo Informativo"},"url":"https:\/\/www.nexoinformativo.mx\/index.php\/author\/edicion\/"}]}},"_links":{"self":[{"href":"https:\/\/www.nexoinformativo.mx\/index.php\/wp-json\/wp\/v2\/posts\/12270","targetHints":{"allow":["GET"]}}],"collection":[{"href":"https:\/\/www.nexoinformativo.mx\/index.php\/wp-json\/wp\/v2\/posts"}],"about":[{"href":"https:\/\/www.nexoinformativo.mx\/index.php\/wp-json\/wp\/v2\/types\/post"}],"author":[{"embeddable":true,"href":"https:\/\/www.nexoinformativo.mx\/index.php\/wp-json\/wp\/v2\/users\/3"}],"replies":[{"embeddable":true,"href":"https:\/\/www.nexoinformativo.mx\/index.php\/wp-json\/wp\/v2\/comments?post=12270"}],"version-history":[{"count":3,"href":"https:\/\/www.nexoinformativo.mx\/index.php\/wp-json\/wp\/v2\/posts\/12270\/revisions"}],"predecessor-version":[{"id":12274,"href":"https:\/\/www.nexoinformativo.mx\/index.php\/wp-json\/wp\/v2\/posts\/12270\/revisions\/12274"}],"wp:featuredmedia":[{"embeddable":true,"href":"https:\/\/www.nexoinformativo.mx\/index.php\/wp-json\/wp\/v2\/media\/12271"}],"wp:attachment":[{"href":"https:\/\/www.nexoinformativo.mx\/index.php\/wp-json\/wp\/v2\/media?parent=12270"}],"wp:term":[{"taxonomy":"category","embeddable":true,"href":"https:\/\/www.nexoinformativo.mx\/index.php\/wp-json\/wp\/v2\/categories?post=12270"},{"taxonomy":"post_tag","embeddable":true,"href":"https:\/\/www.nexoinformativo.mx\/index.php\/wp-json\/wp\/v2\/tags?post=12270"}],"curies":[{"name":"wp","href":"https:\/\/api.w.org\/{rel}","templated":true}]}}