{"id":12275,"date":"2025-03-01T10:00:13","date_gmt":"2025-03-01T16:00:13","guid":{"rendered":"https:\/\/www.nexoinformativo.mx\/?p=12275"},"modified":"2025-03-01T15:23:54","modified_gmt":"2025-03-01T21:23:54","slug":"cero-trabajo-infantil-queretaro-presenta-plan-estrategico-2025-2027","status":"publish","type":"post","link":"https:\/\/www.nexoinformativo.mx\/index.php\/2025\/03\/01\/cero-trabajo-infantil-queretaro-presenta-plan-estrategico-2025-2027\/","title":{"rendered":"Cero trabajo infantil Quer\u00e9taro presenta plan estrat\u00e9gico 2025-2027"},"content":{"rendered":"<p style=\"text-align: justify;\" data-sourcepos=\"13:1-13:334\">La Comisi\u00f3n Interinstitucional para la Erradicaci\u00f3n del Trabajo Infantil en el Estado de Quer\u00e9taro (CITI), presidida por la secretaria del Trabajo, Liliana San Mart\u00edn, present\u00f3 las acciones realizadas para proteger a la ni\u00f1ez queretana, as\u00ed como el plan de trabajo para el periodo 2025-2027.<\/p>\n<\/p>\n<p>&nbsp;<\/p>\n<p style=\"text-align: justify;\" data-sourcepos=\"15:1-15:251\">Durante la sesi\u00f3n, la titular de la dependencia destac\u00f3 la importancia del trabajo interinstitucional, que ha permitido mantener a Quer\u00e9taro con una baja tasa de trabajo infantil. Adem\u00e1s, se busca instaurar esta figura en los 18 municipios del estado.<\/p>\n<\/p>\n<p>&nbsp;<\/p>\n<p style=\"text-align: justify;\" data-sourcepos=\"17:1-17:329\"><strong>&#8220;Reconocer la problem\u00e1tica nos permite definir c\u00f3mo la podemos abordar y en ese sentido, uno de los principales objetivos de este plan de trabajo ser\u00e1 coordinar esfuerzos con los diferentes municipios, para garantizar estrategias puntuales para prevenir y atender el trabajo infantil en cada regi\u00f3n&#8221;<\/strong>, precis\u00f3 San Mart\u00edn Castillo.<\/p>\n<\/p>\n<p>&nbsp;<\/p>\n<p style=\"text-align: justify;\" data-sourcepos=\"19:1-19:231\">Pilar Mart\u00ednez Gonz\u00e1lez, secretaria Ejecutiva de la CITI, detall\u00f3 las acciones m\u00e1s destacadas del periodo, que incluyeron campa\u00f1as de difusi\u00f3n, pl\u00e1ticas informativas en centros educativos y mesas de trabajo con enlaces municipales.<\/p>\n<\/p>\n<p>&nbsp;<\/p>\n<p style=\"text-align: center;\" data-sourcepos=\"19:1-19:231\"><em><strong>\u00a1informaci\u00f3n que transforma!<\/strong><\/em><\/p>\n","protected":false},"excerpt":{"rendered":"<p>La Comisi\u00f3n Interinstitucional para la Erradicaci\u00f3n del Trabajo Infantil en el Estado de Quer\u00e9taro (CITI), presidida por la secretaria del Trabajo, Liliana San Mart\u00edn, present\u00f3 las acciones realizadas para proteger a la ni\u00f1ez queretana, as\u00ed como el plan de trabajo para el periodo 2025-2027.<\/p>\n","protected":false},"author":3,"featured_media":12277,"comment_status":"open","ping_status":"open","sticky":false,"template":"","format":"standard","meta":{"footnotes":""},"categories":[42,58],"tags":[3605,3469,133,3604],"class_list":["post-12275","post","type-post","status-publish","format-standard","has-post-thumbnail","hentry","category-estado","category-ultima-hora","tag-citiqro","tag-proteccioninfancia","tag-queretaro","tag-trabajoinfantil"],"yoast_head":"<!-- This site is optimized with the Yoast SEO plugin v25.0 - https:\/\/yoast.com\/wordpress\/plugins\/seo\/ -->\n<title>Cero trabajo infantil Quer\u00e9taro presenta plan estrat\u00e9gico 2025-2027 | Nexo Informativo Santiago de Quer\u00e9taro<\/title>\n<meta name=\"description\" content=\"Cero trabajo infantil Quer\u00e9taro presenta plan estrat\u00e9gico 2025-2027\" \/>\n<meta name=\"robots\" content=\"index, follow, max-snippet:-1, max-image-preview:large, max-video-preview:-1\" \/>\n<link rel=\"canonical\" href=\"https:\/\/www.nexoinformativo.mx\/index.php\/2025\/03\/01\/cero-trabajo-infantil-queretaro-presenta-plan-estrategico-2025-2027\/\" \/>\n<meta property=\"og:locale\" content=\"es_MX\" \/>\n<meta property=\"og:type\" content=\"article\" \/>\n<meta property=\"og:title\" content=\"Cero trabajo infantil Quer\u00e9taro presenta plan estrat\u00e9gico 2025-2027 | Nexo Informativo Santiago de Quer\u00e9taro\" \/>\n<meta property=\"og:description\" content=\"Cero trabajo infantil Quer\u00e9taro presenta plan estrat\u00e9gico 2025-2027\" \/>\n<meta property=\"og:url\" content=\"https:\/\/www.nexoinformativo.mx\/index.php\/2025\/03\/01\/cero-trabajo-infantil-queretaro-presenta-plan-estrategico-2025-2027\/\" \/>\n<meta property=\"og:site_name\" content=\"Nexo Informativo Santiago de Quer\u00e9taro\" \/>\n<meta property=\"article:publisher\" content=\"https:\/\/www.facebook.com\/people\/Nexo-Informativo\/61564066885511\/\" \/>\n<meta property=\"article:published_time\" content=\"2025-03-01T16:00:13+00:00\" \/>\n<meta property=\"article:modified_time\" content=\"2025-03-01T21:23:54+00:00\" \/>\n<meta property=\"og:image\" content=\"https:\/\/www.nexoinformativo.mx\/wp-content\/uploads\/2025\/03\/PHOTO-2025-03-01-15-03-48-e1740864212635.jpg\" \/>\n\t<meta property=\"og:image:width\" content=\"800\" \/>\n\t<meta property=\"og:image:height\" content=\"533\" \/>\n\t<meta property=\"og:image:type\" content=\"image\/jpeg\" \/>\n<meta name=\"author\" content=\"Nexo Informativo\" \/>\n<meta name=\"twitter:card\" content=\"summary_large_image\" \/>\n<meta name=\"twitter:label1\" content=\"Escrito por\" \/>\n\t<meta name=\"twitter:data1\" content=\"Nexo Informativo\" \/>\n\t<meta name=\"twitter:label2\" content=\"Tiempo de lectura\" \/>\n\t<meta name=\"twitter:data2\" content=\"1 minuto\" \/>\n<script type=\"application\/ld+json\" class=\"yoast-schema-graph\">{\"@context\":\"https:\/\/schema.org\",\"@graph\":[{\"@type\":\"Article\",\"@id\":\"https:\/\/www.nexoinformativo.mx\/index.php\/2025\/03\/01\/cero-trabajo-infantil-queretaro-presenta-plan-estrategico-2025-2027\/#article\",\"isPartOf\":{\"@id\":\"https:\/\/www.nexoinformativo.mx\/index.php\/2025\/03\/01\/cero-trabajo-infantil-queretaro-presenta-plan-estrategico-2025-2027\/\"},\"author\":{\"name\":\"Nexo Informativo\",\"@id\":\"https:\/\/www.nexoinformativo.mx\/#\/schema\/person\/7749d380ba08c8ca00d7bc76fd907b7d\"},\"headline\":\"Cero trabajo infantil Quer\u00e9taro presenta plan estrat\u00e9gico 2025-2027\",\"datePublished\":\"2025-03-01T16:00:13+00:00\",\"dateModified\":\"2025-03-01T21:23:54+00:00\",\"mainEntityOfPage\":{\"@id\":\"https:\/\/www.nexoinformativo.mx\/index.php\/2025\/03\/01\/cero-trabajo-infantil-queretaro-presenta-plan-estrategico-2025-2027\/\"},\"wordCount\":199,\"commentCount\":0,\"publisher\":{\"@id\":\"https:\/\/www.nexoinformativo.mx\/#organization\"},\"image\":{\"@id\":\"https:\/\/www.nexoinformativo.mx\/index.php\/2025\/03\/01\/cero-trabajo-infantil-queretaro-presenta-plan-estrategico-2025-2027\/#primaryimage\"},\"thumbnailUrl\":\"https:\/\/www.nexoinformativo.mx\/wp-content\/uploads\/2025\/03\/PHOTO-2025-03-01-15-03-48-e1740864212635.jpg\",\"keywords\":[\"CITIQro\",\"Protecci\u00f3nInfancia\",\"Quer\u00e9taro\",\"TrabajoInfantil\"],\"articleSection\":[\"Estado\",\"\u00daltima Hora\"],\"inLanguage\":\"es\",\"potentialAction\":[{\"@type\":\"CommentAction\",\"name\":\"Comment\",\"target\":[\"https:\/\/www.nexoinformativo.mx\/index.php\/2025\/03\/01\/cero-trabajo-infantil-queretaro-presenta-plan-estrategico-2025-2027\/#respond\"]}]},{\"@type\":\"WebPage\",\"@id\":\"https:\/\/www.nexoinformativo.mx\/index.php\/2025\/03\/01\/cero-trabajo-infantil-queretaro-presenta-plan-estrategico-2025-2027\/\",\"url\":\"https:\/\/www.nexoinformativo.mx\/index.php\/2025\/03\/01\/cero-trabajo-infantil-queretaro-presenta-plan-estrategico-2025-2027\/\",\"name\":\"Cero trabajo infantil Quer\u00e9taro presenta plan estrat\u00e9gico 2025-2027 | Nexo Informativo Santiago de Quer\u00e9taro\",\"isPartOf\":{\"@id\":\"https:\/\/www.nexoinformativo.mx\/#website\"},\"primaryImageOfPage\":{\"@id\":\"https:\/\/www.nexoinformativo.mx\/index.php\/2025\/03\/01\/cero-trabajo-infantil-queretaro-presenta-plan-estrategico-2025-2027\/#primaryimage\"},\"image\":{\"@id\":\"https:\/\/www.nexoinformativo.mx\/index.php\/2025\/03\/01\/cero-trabajo-infantil-queretaro-presenta-plan-estrategico-2025-2027\/#primaryimage\"},\"thumbnailUrl\":\"https:\/\/www.nexoinformativo.mx\/wp-content\/uploads\/2025\/03\/PHOTO-2025-03-01-15-03-48-e1740864212635.jpg\",\"datePublished\":\"2025-03-01T16:00:13+00:00\",\"dateModified\":\"2025-03-01T21:23:54+00:00\",\"description\":\"Cero trabajo infantil Quer\u00e9taro presenta plan estrat\u00e9gico 2025-2027\",\"breadcrumb\":{\"@id\":\"https:\/\/www.nexoinformativo.mx\/index.php\/2025\/03\/01\/cero-trabajo-infantil-queretaro-presenta-plan-estrategico-2025-2027\/#breadcrumb\"},\"inLanguage\":\"es\",\"potentialAction\":[{\"@type\":\"ReadAction\",\"target\":[\"https:\/\/www.nexoinformativo.mx\/index.php\/2025\/03\/01\/cero-trabajo-infantil-queretaro-presenta-plan-estrategico-2025-2027\/\"]}]},{\"@type\":\"ImageObject\",\"inLanguage\":\"es\",\"@id\":\"https:\/\/www.nexoinformativo.mx\/index.php\/2025\/03\/01\/cero-trabajo-infantil-queretaro-presenta-plan-estrategico-2025-2027\/#primaryimage\",\"url\":\"https:\/\/www.nexoinformativo.mx\/wp-content\/uploads\/2025\/03\/PHOTO-2025-03-01-15-03-48-e1740864212635.jpg\",\"contentUrl\":\"https:\/\/www.nexoinformativo.mx\/wp-content\/uploads\/2025\/03\/PHOTO-2025-03-01-15-03-48-e1740864212635.jpg\",\"width\":800,\"height\":533},{\"@type\":\"BreadcrumbList\",\"@id\":\"https:\/\/www.nexoinformativo.mx\/index.php\/2025\/03\/01\/cero-trabajo-infantil-queretaro-presenta-plan-estrategico-2025-2027\/#breadcrumb\",\"itemListElement\":[{\"@type\":\"ListItem\",\"position\":1,\"name\":\"Inicio\",\"item\":\"https:\/\/www.nexoinformativo.mx\/\"},{\"@type\":\"ListItem\",\"position\":2,\"name\":\"Cero trabajo infantil Quer\u00e9taro presenta plan estrat\u00e9gico 2025-2027\"}]},{\"@type\":\"WebSite\",\"@id\":\"https:\/\/www.nexoinformativo.mx\/#website\",\"url\":\"https:\/\/www.nexoinformativo.mx\/\",\"name\":\"Nexo Informativo Santiago de Quer\u00e9taro\",\"description\":\"Explora NexoInformativo y convi\u00e9rtete en parte de una comunidad que valora el conocimiento y la verdad. Tu nexoinformativo es tu puente hacia una comprensi\u00f3n m\u00e1s profunda del mundo que te rodea.\",\"publisher\":{\"@id\":\"https:\/\/www.nexoinformativo.mx\/#organization\"},\"potentialAction\":[{\"@type\":\"SearchAction\",\"target\":{\"@type\":\"EntryPoint\",\"urlTemplate\":\"https:\/\/www.nexoinformativo.mx\/?s={search_term_string}\"},\"query-input\":{\"@type\":\"PropertyValueSpecification\",\"valueRequired\":true,\"valueName\":\"search_term_string\"}}],\"inLanguage\":\"es\"},{\"@type\":\"Organization\",\"@id\":\"https:\/\/www.nexoinformativo.mx\/#organization\",\"name\":\"Nexo Informativo Santiago de Quer\u00e9taro\",\"url\":\"https:\/\/www.nexoinformativo.mx\/\",\"logo\":{\"@type\":\"ImageObject\",\"inLanguage\":\"es\",\"@id\":\"https:\/\/www.nexoinformativo.mx\/#\/schema\/logo\/image\/\",\"url\":\"https:\/\/www.nexoinformativo.mx\/wp-content\/uploads\/2024\/07\/nexoi-trasparente-2.png\",\"contentUrl\":\"https:\/\/www.nexoinformativo.mx\/wp-content\/uploads\/2024\/07\/nexoi-trasparente-2.png\",\"width\":816,\"height\":339,\"caption\":\"Nexo Informativo Santiago de Quer\u00e9taro\"},\"image\":{\"@id\":\"https:\/\/www.nexoinformativo.mx\/#\/schema\/logo\/image\/\"},\"sameAs\":[\"https:\/\/www.facebook.com\/people\/Nexo-Informativo\/61564066885511\/\"]},{\"@type\":\"Person\",\"@id\":\"https:\/\/www.nexoinformativo.mx\/#\/schema\/person\/7749d380ba08c8ca00d7bc76fd907b7d\",\"name\":\"Nexo Informativo\",\"image\":{\"@type\":\"ImageObject\",\"inLanguage\":\"es\",\"@id\":\"https:\/\/www.nexoinformativo.mx\/#\/schema\/person\/image\/\",\"url\":\"https:\/\/secure.gravatar.com\/avatar\/dde2928154642a13d95f87ddf1ea9718fe2b46760a005c53e41ff5ad610704e6?s=96&d=mm&r=g\",\"contentUrl\":\"https:\/\/secure.gravatar.com\/avatar\/dde2928154642a13d95f87ddf1ea9718fe2b46760a005c53e41ff5ad610704e6?s=96&d=mm&r=g\",\"caption\":\"Nexo Informativo\"},\"url\":\"https:\/\/www.nexoinformativo.mx\/index.php\/author\/edicion\/\"}]}<\/script>\n<!-- \/ Yoast SEO plugin. -->","yoast_head_json":{"title":"Cero trabajo infantil Quer\u00e9taro presenta plan estrat\u00e9gico 2025-2027 | Nexo Informativo Santiago de Quer\u00e9taro","description":"Cero trabajo infantil Quer\u00e9taro presenta plan estrat\u00e9gico 2025-2027","robots":{"index":"index","follow":"follow","max-snippet":"max-snippet:-1","max-image-preview":"max-image-preview:large","max-video-preview":"max-video-preview:-1"},"canonical":"https:\/\/www.nexoinformativo.mx\/index.php\/2025\/03\/01\/cero-trabajo-infantil-queretaro-presenta-plan-estrategico-2025-2027\/","og_locale":"es_MX","og_type":"article","og_title":"Cero trabajo infantil Quer\u00e9taro presenta plan estrat\u00e9gico 2025-2027 | Nexo Informativo Santiago de Quer\u00e9taro","og_description":"Cero trabajo infantil Quer\u00e9taro presenta plan estrat\u00e9gico 2025-2027","og_url":"https:\/\/www.nexoinformativo.mx\/index.php\/2025\/03\/01\/cero-trabajo-infantil-queretaro-presenta-plan-estrategico-2025-2027\/","og_site_name":"Nexo Informativo Santiago de Quer\u00e9taro","article_publisher":"https:\/\/www.facebook.com\/people\/Nexo-Informativo\/61564066885511\/","article_published_time":"2025-03-01T16:00:13+00:00","article_modified_time":"2025-03-01T21:23:54+00:00","og_image":[{"width":800,"height":533,"url":"https:\/\/www.nexoinformativo.mx\/wp-content\/uploads\/2025\/03\/PHOTO-2025-03-01-15-03-48-e1740864212635.jpg","type":"image\/jpeg"}],"author":"Nexo Informativo","twitter_card":"summary_large_image","twitter_misc":{"Escrito por":"Nexo Informativo","Tiempo de lectura":"1 minuto"},"schema":{"@context":"https:\/\/schema.org","@graph":[{"@type":"Article","@id":"https:\/\/www.nexoinformativo.mx\/index.php\/2025\/03\/01\/cero-trabajo-infantil-queretaro-presenta-plan-estrategico-2025-2027\/#article","isPartOf":{"@id":"https:\/\/www.nexoinformativo.mx\/index.php\/2025\/03\/01\/cero-trabajo-infantil-queretaro-presenta-plan-estrategico-2025-2027\/"},"author":{"name":"Nexo Informativo","@id":"https:\/\/www.nexoinformativo.mx\/#\/schema\/person\/7749d380ba08c8ca00d7bc76fd907b7d"},"headline":"Cero trabajo infantil Quer\u00e9taro presenta plan estrat\u00e9gico 2025-2027","datePublished":"2025-03-01T16:00:13+00:00","dateModified":"2025-03-01T21:23:54+00:00","mainEntityOfPage":{"@id":"https:\/\/www.nexoinformativo.mx\/index.php\/2025\/03\/01\/cero-trabajo-infantil-queretaro-presenta-plan-estrategico-2025-2027\/"},"wordCount":199,"commentCount":0,"publisher":{"@id":"https:\/\/www.nexoinformativo.mx\/#organization"},"image":{"@id":"https:\/\/www.nexoinformativo.mx\/index.php\/2025\/03\/01\/cero-trabajo-infantil-queretaro-presenta-plan-estrategico-2025-2027\/#primaryimage"},"thumbnailUrl":"https:\/\/www.nexoinformativo.mx\/wp-content\/uploads\/2025\/03\/PHOTO-2025-03-01-15-03-48-e1740864212635.jpg","keywords":["CITIQro","Protecci\u00f3nInfancia","Quer\u00e9taro","TrabajoInfantil"],"articleSection":["Estado","\u00daltima Hora"],"inLanguage":"es","potentialAction":[{"@type":"CommentAction","name":"Comment","target":["https:\/\/www.nexoinformativo.mx\/index.php\/2025\/03\/01\/cero-trabajo-infantil-queretaro-presenta-plan-estrategico-2025-2027\/#respond"]}]},{"@type":"WebPage","@id":"https:\/\/www.nexoinformativo.mx\/index.php\/2025\/03\/01\/cero-trabajo-infantil-queretaro-presenta-plan-estrategico-2025-2027\/","url":"https:\/\/www.nexoinformativo.mx\/index.php\/2025\/03\/01\/cero-trabajo-infantil-queretaro-presenta-plan-estrategico-2025-2027\/","name":"Cero trabajo infantil Quer\u00e9taro presenta plan estrat\u00e9gico 2025-2027 | Nexo Informativo Santiago de Quer\u00e9taro","isPartOf":{"@id":"https:\/\/www.nexoinformativo.mx\/#website"},"primaryImageOfPage":{"@id":"https:\/\/www.nexoinformativo.mx\/index.php\/2025\/03\/01\/cero-trabajo-infantil-queretaro-presenta-plan-estrategico-2025-2027\/#primaryimage"},"image":{"@id":"https:\/\/www.nexoinformativo.mx\/index.php\/2025\/03\/01\/cero-trabajo-infantil-queretaro-presenta-plan-estrategico-2025-2027\/#primaryimage"},"thumbnailUrl":"https:\/\/www.nexoinformativo.mx\/wp-content\/uploads\/2025\/03\/PHOTO-2025-03-01-15-03-48-e1740864212635.jpg","datePublished":"2025-03-01T16:00:13+00:00","dateModified":"2025-03-01T21:23:54+00:00","description":"Cero trabajo infantil Quer\u00e9taro presenta plan estrat\u00e9gico 2025-2027","breadcrumb":{"@id":"https:\/\/www.nexoinformativo.mx\/index.php\/2025\/03\/01\/cero-trabajo-infantil-queretaro-presenta-plan-estrategico-2025-2027\/#breadcrumb"},"inLanguage":"es","potentialAction":[{"@type":"ReadAction","target":["https:\/\/www.nexoinformativo.mx\/index.php\/2025\/03\/01\/cero-trabajo-infantil-queretaro-presenta-plan-estrategico-2025-2027\/"]}]},{"@type":"ImageObject","inLanguage":"es","@id":"https:\/\/www.nexoinformativo.mx\/index.php\/2025\/03\/01\/cero-trabajo-infantil-queretaro-presenta-plan-estrategico-2025-2027\/#primaryimage","url":"https:\/\/www.nexoinformativo.mx\/wp-content\/uploads\/2025\/03\/PHOTO-2025-03-01-15-03-48-e1740864212635.jpg","contentUrl":"https:\/\/www.nexoinformativo.mx\/wp-content\/uploads\/2025\/03\/PHOTO-2025-03-01-15-03-48-e1740864212635.jpg","width":800,"height":533},{"@type":"BreadcrumbList","@id":"https:\/\/www.nexoinformativo.mx\/index.php\/2025\/03\/01\/cero-trabajo-infantil-queretaro-presenta-plan-estrategico-2025-2027\/#breadcrumb","itemListElement":[{"@type":"ListItem","position":1,"name":"Inicio","item":"https:\/\/www.nexoinformativo.mx\/"},{"@type":"ListItem","position":2,"name":"Cero trabajo infantil Quer\u00e9taro presenta plan estrat\u00e9gico 2025-2027"}]},{"@type":"WebSite","@id":"https:\/\/www.nexoinformativo.mx\/#website","url":"https:\/\/www.nexoinformativo.mx\/","name":"Nexo Informativo Santiago de Quer\u00e9taro","description":"Explora NexoInformativo y convi\u00e9rtete en parte de una comunidad que valora el conocimiento y la verdad. Tu nexoinformativo es tu puente hacia una comprensi\u00f3n m\u00e1s profunda del mundo que te rodea.","publisher":{"@id":"https:\/\/www.nexoinformativo.mx\/#organization"},"potentialAction":[{"@type":"SearchAction","target":{"@type":"EntryPoint","urlTemplate":"https:\/\/www.nexoinformativo.mx\/?s={search_term_string}"},"query-input":{"@type":"PropertyValueSpecification","valueRequired":true,"valueName":"search_term_string"}}],"inLanguage":"es"},{"@type":"Organization","@id":"https:\/\/www.nexoinformativo.mx\/#organization","name":"Nexo Informativo Santiago de Quer\u00e9taro","url":"https:\/\/www.nexoinformativo.mx\/","logo":{"@type":"ImageObject","inLanguage":"es","@id":"https:\/\/www.nexoinformativo.mx\/#\/schema\/logo\/image\/","url":"https:\/\/www.nexoinformativo.mx\/wp-content\/uploads\/2024\/07\/nexoi-trasparente-2.png","contentUrl":"https:\/\/www.nexoinformativo.mx\/wp-content\/uploads\/2024\/07\/nexoi-trasparente-2.png","width":816,"height":339,"caption":"Nexo Informativo Santiago de Quer\u00e9taro"},"image":{"@id":"https:\/\/www.nexoinformativo.mx\/#\/schema\/logo\/image\/"},"sameAs":["https:\/\/www.facebook.com\/people\/Nexo-Informativo\/61564066885511\/"]},{"@type":"Person","@id":"https:\/\/www.nexoinformativo.mx\/#\/schema\/person\/7749d380ba08c8ca00d7bc76fd907b7d","name":"Nexo Informativo","image":{"@type":"ImageObject","inLanguage":"es","@id":"https:\/\/www.nexoinformativo.mx\/#\/schema\/person\/image\/","url":"https:\/\/secure.gravatar.com\/avatar\/dde2928154642a13d95f87ddf1ea9718fe2b46760a005c53e41ff5ad610704e6?s=96&d=mm&r=g","contentUrl":"https:\/\/secure.gravatar.com\/avatar\/dde2928154642a13d95f87ddf1ea9718fe2b46760a005c53e41ff5ad610704e6?s=96&d=mm&r=g","caption":"Nexo Informativo"},"url":"https:\/\/www.nexoinformativo.mx\/index.php\/author\/edicion\/"}]}},"_links":{"self":[{"href":"https:\/\/www.nexoinformativo.mx\/index.php\/wp-json\/wp\/v2\/posts\/12275","targetHints":{"allow":["GET"]}}],"collection":[{"href":"https:\/\/www.nexoinformativo.mx\/index.php\/wp-json\/wp\/v2\/posts"}],"about":[{"href":"https:\/\/www.nexoinformativo.mx\/index.php\/wp-json\/wp\/v2\/types\/post"}],"author":[{"embeddable":true,"href":"https:\/\/www.nexoinformativo.mx\/index.php\/wp-json\/wp\/v2\/users\/3"}],"replies":[{"embeddable":true,"href":"https:\/\/www.nexoinformativo.mx\/index.php\/wp-json\/wp\/v2\/comments?post=12275"}],"version-history":[{"count":3,"href":"https:\/\/www.nexoinformativo.mx\/index.php\/wp-json\/wp\/v2\/posts\/12275\/revisions"}],"predecessor-version":[{"id":12279,"href":"https:\/\/www.nexoinformativo.mx\/index.php\/wp-json\/wp\/v2\/posts\/12275\/revisions\/12279"}],"wp:featuredmedia":[{"embeddable":true,"href":"https:\/\/www.nexoinformativo.mx\/index.php\/wp-json\/wp\/v2\/media\/12277"}],"wp:attachment":[{"href":"https:\/\/www.nexoinformativo.mx\/index.php\/wp-json\/wp\/v2\/media?parent=12275"}],"wp:term":[{"taxonomy":"category","embeddable":true,"href":"https:\/\/www.nexoinformativo.mx\/index.php\/wp-json\/wp\/v2\/categories?post=12275"},{"taxonomy":"post_tag","embeddable":true,"href":"https:\/\/www.nexoinformativo.mx\/index.php\/wp-json\/wp\/v2\/tags?post=12275"}],"curies":[{"name":"wp","href":"https:\/\/api.w.org\/{rel}","templated":true}]}}