{"id":12291,"date":"2025-03-01T13:00:40","date_gmt":"2025-03-01T19:00:40","guid":{"rendered":"https:\/\/www.nexoinformativo.mx\/?p=12291"},"modified":"2025-03-01T15:36:14","modified_gmt":"2025-03-01T21:36:14","slug":"dolar-al-alza-peso-mexicano-inicia-marzo-con-incertidumbre-por-aranceles-20-55","status":"publish","type":"post","link":"https:\/\/www.nexoinformativo.mx\/index.php\/2025\/03\/01\/dolar-al-alza-peso-mexicano-inicia-marzo-con-incertidumbre-por-aranceles-20-55\/","title":{"rendered":"D\u00f3lar al alza Peso mexicano inicia marzo con incertidumbre por aranceles $20.55"},"content":{"rendered":"<p style=\"text-align: justify;\" data-sourcepos=\"13:1-13:217\">El peso mexicano inicia el mes de marzo con una depreciaci\u00f3n frente al d\u00f3lar, en un contexto de incertidumbre generado por la posible aplicaci\u00f3n de aranceles por parte de Estados Unidos.<\/p>\n<p>&nbsp;<\/p>\n<p style=\"text-align: justify;\" data-sourcepos=\"15:1-15:240\">La divisa mexicana presenta complicaciones frente al d\u00f3lar, que contin\u00faa en ascenso. Esta situaci\u00f3n se suma a la incertidumbre econ\u00f3mica que prevalece en el pa\u00eds, debido a las nuevas normas comerciales que Estados Unidos podr\u00eda implementar.<\/p>\n<p>&nbsp;<\/p>\n<p style=\"text-align: justify;\" data-sourcepos=\"17:1-17:244\">Seg\u00fan datos de Bloomberg, el d\u00f3lar se cotiza en 20.5511 pesos mexicanos a la venta hasta las 8 de la ma\u00f1ana de este s\u00e1bado 1 de marzo de 2025. Google Finances, por su parte, reporta un tipo de cambio de $20.55 pesos por unidad al inicio del mes.<\/p>\n<p>&nbsp;<\/p>\n<p style=\"text-align: justify;\" data-sourcepos=\"19:1-19:262\">La depreciaci\u00f3n del peso mexicano se produce despu\u00e9s de que la divisa nacional mostrara fortaleza en febrero, tras un complicado inicio de a\u00f1o.<\/p>\n<\/p>\n<p>&nbsp;<\/p>\n<p style=\"text-align: justify;\" data-sourcepos=\"19:1-19:262\">La posible aplicaci\u00f3n de aranceles por parte de Estados Unidos ha generado una mayor fluctuaci\u00f3n en el tipo de cambio.<\/p>\n<p>&nbsp;<\/p>\n<p style=\"text-align: center;\" data-sourcepos=\"19:1-19:262\"><em><strong>\u00a1Informaci\u00f3n que transforma!<\/strong><\/em><\/p>\n<p data-sourcepos=\"19:1-19:262\">\n","protected":false},"excerpt":{"rendered":"<p>El peso mexicano inicia el mes de marzo con una depreciaci\u00f3n frente al d\u00f3lar, en un contexto de incertidumbre generado por la posible aplicaci\u00f3n de aranceles por parte de Estados Unidos.<\/p>\n","protected":false},"author":3,"featured_media":12292,"comment_status":"open","ping_status":"open","sticky":false,"template":"","format":"standard","meta":{"footnotes":""},"categories":[5,88,58],"tags":[2101,1314,1312,1660],"class_list":["post-12291","post","type-post","status-publish","format-standard","has-post-thumbnail","hentry","category-economia","category-nacional","category-ultima-hora","tag-dolarhoy","tag-economiamexico","tag-pesomexicano","tag-tipodecambio"],"yoast_head":"<!-- This site is optimized with the Yoast SEO plugin v25.0 - https:\/\/yoast.com\/wordpress\/plugins\/seo\/ -->\n<title>D\u00f3lar al alza Peso mexicano inicia marzo con incertidumbre por aranceles $20.55 | Nexo Informativo Santiago de Quer\u00e9taro<\/title>\n<meta name=\"description\" content=\"D\u00f3lar al alza Peso mexicano inicia marzo con incertidumbre por aranceles\" \/>\n<meta name=\"robots\" content=\"index, follow, max-snippet:-1, max-image-preview:large, max-video-preview:-1\" \/>\n<link rel=\"canonical\" href=\"https:\/\/www.nexoinformativo.mx\/index.php\/2025\/03\/01\/dolar-al-alza-peso-mexicano-inicia-marzo-con-incertidumbre-por-aranceles-20-55\/\" \/>\n<meta property=\"og:locale\" content=\"es_MX\" \/>\n<meta property=\"og:type\" content=\"article\" \/>\n<meta property=\"og:title\" content=\"D\u00f3lar al alza Peso mexicano inicia marzo con incertidumbre por aranceles $20.55 | Nexo Informativo Santiago de Quer\u00e9taro\" \/>\n<meta property=\"og:description\" content=\"D\u00f3lar al alza Peso mexicano inicia marzo con incertidumbre por aranceles\" \/>\n<meta property=\"og:url\" content=\"https:\/\/www.nexoinformativo.mx\/index.php\/2025\/03\/01\/dolar-al-alza-peso-mexicano-inicia-marzo-con-incertidumbre-por-aranceles-20-55\/\" \/>\n<meta property=\"og:site_name\" content=\"Nexo Informativo Santiago de Quer\u00e9taro\" \/>\n<meta property=\"article:publisher\" content=\"https:\/\/www.facebook.com\/people\/Nexo-Informativo\/61564066885511\/\" \/>\n<meta property=\"article:published_time\" content=\"2025-03-01T19:00:40+00:00\" \/>\n<meta property=\"article:modified_time\" content=\"2025-03-01T21:36:14+00:00\" \/>\n<meta property=\"og:image\" content=\"https:\/\/www.nexoinformativo.mx\/wp-content\/uploads\/2025\/03\/pexels-pixabay-164661-scaled-e1740864916947.jpeg\" \/>\n\t<meta property=\"og:image:width\" content=\"800\" \/>\n\t<meta property=\"og:image:height\" content=\"600\" \/>\n\t<meta property=\"og:image:type\" content=\"image\/jpeg\" \/>\n<meta name=\"author\" content=\"Nexo Informativo\" \/>\n<meta name=\"twitter:card\" content=\"summary_large_image\" \/>\n<meta name=\"twitter:label1\" content=\"Escrito por\" \/>\n\t<meta name=\"twitter:data1\" content=\"Nexo Informativo\" \/>\n\t<meta name=\"twitter:label2\" content=\"Tiempo de lectura\" \/>\n\t<meta name=\"twitter:data2\" content=\"1 minuto\" \/>\n<script type=\"application\/ld+json\" class=\"yoast-schema-graph\">{\"@context\":\"https:\/\/schema.org\",\"@graph\":[{\"@type\":\"Article\",\"@id\":\"https:\/\/www.nexoinformativo.mx\/index.php\/2025\/03\/01\/dolar-al-alza-peso-mexicano-inicia-marzo-con-incertidumbre-por-aranceles-20-55\/#article\",\"isPartOf\":{\"@id\":\"https:\/\/www.nexoinformativo.mx\/index.php\/2025\/03\/01\/dolar-al-alza-peso-mexicano-inicia-marzo-con-incertidumbre-por-aranceles-20-55\/\"},\"author\":{\"name\":\"Nexo Informativo\",\"@id\":\"https:\/\/www.nexoinformativo.mx\/#\/schema\/person\/7749d380ba08c8ca00d7bc76fd907b7d\"},\"headline\":\"D\u00f3lar al alza Peso mexicano inicia marzo con incertidumbre por aranceles $20.55\",\"datePublished\":\"2025-03-01T19:00:40+00:00\",\"dateModified\":\"2025-03-01T21:36:14+00:00\",\"mainEntityOfPage\":{\"@id\":\"https:\/\/www.nexoinformativo.mx\/index.php\/2025\/03\/01\/dolar-al-alza-peso-mexicano-inicia-marzo-con-incertidumbre-por-aranceles-20-55\/\"},\"wordCount\":192,\"commentCount\":0,\"publisher\":{\"@id\":\"https:\/\/www.nexoinformativo.mx\/#organization\"},\"image\":{\"@id\":\"https:\/\/www.nexoinformativo.mx\/index.php\/2025\/03\/01\/dolar-al-alza-peso-mexicano-inicia-marzo-con-incertidumbre-por-aranceles-20-55\/#primaryimage\"},\"thumbnailUrl\":\"https:\/\/www.nexoinformativo.mx\/wp-content\/uploads\/2025\/03\/pexels-pixabay-164661-scaled-e1740864916947.jpeg\",\"keywords\":[\"D\u00f3larHoy\",\"Econom\u00edaM\u00e9xico\",\"PesoMexicano\",\"TipoDeCambio\"],\"articleSection\":[\"Econom\u00eda\",\"Nacional\",\"\u00daltima Hora\"],\"inLanguage\":\"es\",\"potentialAction\":[{\"@type\":\"CommentAction\",\"name\":\"Comment\",\"target\":[\"https:\/\/www.nexoinformativo.mx\/index.php\/2025\/03\/01\/dolar-al-alza-peso-mexicano-inicia-marzo-con-incertidumbre-por-aranceles-20-55\/#respond\"]}]},{\"@type\":\"WebPage\",\"@id\":\"https:\/\/www.nexoinformativo.mx\/index.php\/2025\/03\/01\/dolar-al-alza-peso-mexicano-inicia-marzo-con-incertidumbre-por-aranceles-20-55\/\",\"url\":\"https:\/\/www.nexoinformativo.mx\/index.php\/2025\/03\/01\/dolar-al-alza-peso-mexicano-inicia-marzo-con-incertidumbre-por-aranceles-20-55\/\",\"name\":\"D\u00f3lar al alza Peso mexicano inicia marzo con incertidumbre por aranceles $20.55 | Nexo Informativo Santiago de Quer\u00e9taro\",\"isPartOf\":{\"@id\":\"https:\/\/www.nexoinformativo.mx\/#website\"},\"primaryImageOfPage\":{\"@id\":\"https:\/\/www.nexoinformativo.mx\/index.php\/2025\/03\/01\/dolar-al-alza-peso-mexicano-inicia-marzo-con-incertidumbre-por-aranceles-20-55\/#primaryimage\"},\"image\":{\"@id\":\"https:\/\/www.nexoinformativo.mx\/index.php\/2025\/03\/01\/dolar-al-alza-peso-mexicano-inicia-marzo-con-incertidumbre-por-aranceles-20-55\/#primaryimage\"},\"thumbnailUrl\":\"https:\/\/www.nexoinformativo.mx\/wp-content\/uploads\/2025\/03\/pexels-pixabay-164661-scaled-e1740864916947.jpeg\",\"datePublished\":\"2025-03-01T19:00:40+00:00\",\"dateModified\":\"2025-03-01T21:36:14+00:00\",\"description\":\"D\u00f3lar al alza Peso mexicano inicia marzo con incertidumbre por aranceles\",\"breadcrumb\":{\"@id\":\"https:\/\/www.nexoinformativo.mx\/index.php\/2025\/03\/01\/dolar-al-alza-peso-mexicano-inicia-marzo-con-incertidumbre-por-aranceles-20-55\/#breadcrumb\"},\"inLanguage\":\"es\",\"potentialAction\":[{\"@type\":\"ReadAction\",\"target\":[\"https:\/\/www.nexoinformativo.mx\/index.php\/2025\/03\/01\/dolar-al-alza-peso-mexicano-inicia-marzo-con-incertidumbre-por-aranceles-20-55\/\"]}]},{\"@type\":\"ImageObject\",\"inLanguage\":\"es\",\"@id\":\"https:\/\/www.nexoinformativo.mx\/index.php\/2025\/03\/01\/dolar-al-alza-peso-mexicano-inicia-marzo-con-incertidumbre-por-aranceles-20-55\/#primaryimage\",\"url\":\"https:\/\/www.nexoinformativo.mx\/wp-content\/uploads\/2025\/03\/pexels-pixabay-164661-scaled-e1740864916947.jpeg\",\"contentUrl\":\"https:\/\/www.nexoinformativo.mx\/wp-content\/uploads\/2025\/03\/pexels-pixabay-164661-scaled-e1740864916947.jpeg\",\"width\":800,\"height\":600},{\"@type\":\"BreadcrumbList\",\"@id\":\"https:\/\/www.nexoinformativo.mx\/index.php\/2025\/03\/01\/dolar-al-alza-peso-mexicano-inicia-marzo-con-incertidumbre-por-aranceles-20-55\/#breadcrumb\",\"itemListElement\":[{\"@type\":\"ListItem\",\"position\":1,\"name\":\"Inicio\",\"item\":\"https:\/\/www.nexoinformativo.mx\/\"},{\"@type\":\"ListItem\",\"position\":2,\"name\":\"D\u00f3lar al alza Peso mexicano inicia marzo con incertidumbre por aranceles $20.55\"}]},{\"@type\":\"WebSite\",\"@id\":\"https:\/\/www.nexoinformativo.mx\/#website\",\"url\":\"https:\/\/www.nexoinformativo.mx\/\",\"name\":\"Nexo Informativo Santiago de Quer\u00e9taro\",\"description\":\"Explora NexoInformativo y convi\u00e9rtete en parte de una comunidad que valora el conocimiento y la verdad. Tu nexoinformativo es tu puente hacia una comprensi\u00f3n m\u00e1s profunda del mundo que te rodea.\",\"publisher\":{\"@id\":\"https:\/\/www.nexoinformativo.mx\/#organization\"},\"potentialAction\":[{\"@type\":\"SearchAction\",\"target\":{\"@type\":\"EntryPoint\",\"urlTemplate\":\"https:\/\/www.nexoinformativo.mx\/?s={search_term_string}\"},\"query-input\":{\"@type\":\"PropertyValueSpecification\",\"valueRequired\":true,\"valueName\":\"search_term_string\"}}],\"inLanguage\":\"es\"},{\"@type\":\"Organization\",\"@id\":\"https:\/\/www.nexoinformativo.mx\/#organization\",\"name\":\"Nexo Informativo Santiago de Quer\u00e9taro\",\"url\":\"https:\/\/www.nexoinformativo.mx\/\",\"logo\":{\"@type\":\"ImageObject\",\"inLanguage\":\"es\",\"@id\":\"https:\/\/www.nexoinformativo.mx\/#\/schema\/logo\/image\/\",\"url\":\"https:\/\/www.nexoinformativo.mx\/wp-content\/uploads\/2024\/07\/nexoi-trasparente-2.png\",\"contentUrl\":\"https:\/\/www.nexoinformativo.mx\/wp-content\/uploads\/2024\/07\/nexoi-trasparente-2.png\",\"width\":816,\"height\":339,\"caption\":\"Nexo Informativo Santiago de Quer\u00e9taro\"},\"image\":{\"@id\":\"https:\/\/www.nexoinformativo.mx\/#\/schema\/logo\/image\/\"},\"sameAs\":[\"https:\/\/www.facebook.com\/people\/Nexo-Informativo\/61564066885511\/\"]},{\"@type\":\"Person\",\"@id\":\"https:\/\/www.nexoinformativo.mx\/#\/schema\/person\/7749d380ba08c8ca00d7bc76fd907b7d\",\"name\":\"Nexo Informativo\",\"image\":{\"@type\":\"ImageObject\",\"inLanguage\":\"es\",\"@id\":\"https:\/\/www.nexoinformativo.mx\/#\/schema\/person\/image\/\",\"url\":\"https:\/\/secure.gravatar.com\/avatar\/dde2928154642a13d95f87ddf1ea9718fe2b46760a005c53e41ff5ad610704e6?s=96&d=mm&r=g\",\"contentUrl\":\"https:\/\/secure.gravatar.com\/avatar\/dde2928154642a13d95f87ddf1ea9718fe2b46760a005c53e41ff5ad610704e6?s=96&d=mm&r=g\",\"caption\":\"Nexo Informativo\"},\"url\":\"https:\/\/www.nexoinformativo.mx\/index.php\/author\/edicion\/\"}]}<\/script>\n<!-- \/ Yoast SEO plugin. -->","yoast_head_json":{"title":"D\u00f3lar al alza Peso mexicano inicia marzo con incertidumbre por aranceles $20.55 | Nexo Informativo Santiago de Quer\u00e9taro","description":"D\u00f3lar al alza Peso mexicano inicia marzo con incertidumbre por aranceles","robots":{"index":"index","follow":"follow","max-snippet":"max-snippet:-1","max-image-preview":"max-image-preview:large","max-video-preview":"max-video-preview:-1"},"canonical":"https:\/\/www.nexoinformativo.mx\/index.php\/2025\/03\/01\/dolar-al-alza-peso-mexicano-inicia-marzo-con-incertidumbre-por-aranceles-20-55\/","og_locale":"es_MX","og_type":"article","og_title":"D\u00f3lar al alza Peso mexicano inicia marzo con incertidumbre por aranceles $20.55 | Nexo Informativo Santiago de Quer\u00e9taro","og_description":"D\u00f3lar al alza Peso mexicano inicia marzo con incertidumbre por aranceles","og_url":"https:\/\/www.nexoinformativo.mx\/index.php\/2025\/03\/01\/dolar-al-alza-peso-mexicano-inicia-marzo-con-incertidumbre-por-aranceles-20-55\/","og_site_name":"Nexo Informativo Santiago de Quer\u00e9taro","article_publisher":"https:\/\/www.facebook.com\/people\/Nexo-Informativo\/61564066885511\/","article_published_time":"2025-03-01T19:00:40+00:00","article_modified_time":"2025-03-01T21:36:14+00:00","og_image":[{"width":800,"height":600,"url":"https:\/\/www.nexoinformativo.mx\/wp-content\/uploads\/2025\/03\/pexels-pixabay-164661-scaled-e1740864916947.jpeg","type":"image\/jpeg"}],"author":"Nexo Informativo","twitter_card":"summary_large_image","twitter_misc":{"Escrito por":"Nexo Informativo","Tiempo de lectura":"1 minuto"},"schema":{"@context":"https:\/\/schema.org","@graph":[{"@type":"Article","@id":"https:\/\/www.nexoinformativo.mx\/index.php\/2025\/03\/01\/dolar-al-alza-peso-mexicano-inicia-marzo-con-incertidumbre-por-aranceles-20-55\/#article","isPartOf":{"@id":"https:\/\/www.nexoinformativo.mx\/index.php\/2025\/03\/01\/dolar-al-alza-peso-mexicano-inicia-marzo-con-incertidumbre-por-aranceles-20-55\/"},"author":{"name":"Nexo Informativo","@id":"https:\/\/www.nexoinformativo.mx\/#\/schema\/person\/7749d380ba08c8ca00d7bc76fd907b7d"},"headline":"D\u00f3lar al alza Peso mexicano inicia marzo con incertidumbre por aranceles $20.55","datePublished":"2025-03-01T19:00:40+00:00","dateModified":"2025-03-01T21:36:14+00:00","mainEntityOfPage":{"@id":"https:\/\/www.nexoinformativo.mx\/index.php\/2025\/03\/01\/dolar-al-alza-peso-mexicano-inicia-marzo-con-incertidumbre-por-aranceles-20-55\/"},"wordCount":192,"commentCount":0,"publisher":{"@id":"https:\/\/www.nexoinformativo.mx\/#organization"},"image":{"@id":"https:\/\/www.nexoinformativo.mx\/index.php\/2025\/03\/01\/dolar-al-alza-peso-mexicano-inicia-marzo-con-incertidumbre-por-aranceles-20-55\/#primaryimage"},"thumbnailUrl":"https:\/\/www.nexoinformativo.mx\/wp-content\/uploads\/2025\/03\/pexels-pixabay-164661-scaled-e1740864916947.jpeg","keywords":["D\u00f3larHoy","Econom\u00edaM\u00e9xico","PesoMexicano","TipoDeCambio"],"articleSection":["Econom\u00eda","Nacional","\u00daltima Hora"],"inLanguage":"es","potentialAction":[{"@type":"CommentAction","name":"Comment","target":["https:\/\/www.nexoinformativo.mx\/index.php\/2025\/03\/01\/dolar-al-alza-peso-mexicano-inicia-marzo-con-incertidumbre-por-aranceles-20-55\/#respond"]}]},{"@type":"WebPage","@id":"https:\/\/www.nexoinformativo.mx\/index.php\/2025\/03\/01\/dolar-al-alza-peso-mexicano-inicia-marzo-con-incertidumbre-por-aranceles-20-55\/","url":"https:\/\/www.nexoinformativo.mx\/index.php\/2025\/03\/01\/dolar-al-alza-peso-mexicano-inicia-marzo-con-incertidumbre-por-aranceles-20-55\/","name":"D\u00f3lar al alza Peso mexicano inicia marzo con incertidumbre por aranceles $20.55 | Nexo Informativo Santiago de Quer\u00e9taro","isPartOf":{"@id":"https:\/\/www.nexoinformativo.mx\/#website"},"primaryImageOfPage":{"@id":"https:\/\/www.nexoinformativo.mx\/index.php\/2025\/03\/01\/dolar-al-alza-peso-mexicano-inicia-marzo-con-incertidumbre-por-aranceles-20-55\/#primaryimage"},"image":{"@id":"https:\/\/www.nexoinformativo.mx\/index.php\/2025\/03\/01\/dolar-al-alza-peso-mexicano-inicia-marzo-con-incertidumbre-por-aranceles-20-55\/#primaryimage"},"thumbnailUrl":"https:\/\/www.nexoinformativo.mx\/wp-content\/uploads\/2025\/03\/pexels-pixabay-164661-scaled-e1740864916947.jpeg","datePublished":"2025-03-01T19:00:40+00:00","dateModified":"2025-03-01T21:36:14+00:00","description":"D\u00f3lar al alza Peso mexicano inicia marzo con incertidumbre por aranceles","breadcrumb":{"@id":"https:\/\/www.nexoinformativo.mx\/index.php\/2025\/03\/01\/dolar-al-alza-peso-mexicano-inicia-marzo-con-incertidumbre-por-aranceles-20-55\/#breadcrumb"},"inLanguage":"es","potentialAction":[{"@type":"ReadAction","target":["https:\/\/www.nexoinformativo.mx\/index.php\/2025\/03\/01\/dolar-al-alza-peso-mexicano-inicia-marzo-con-incertidumbre-por-aranceles-20-55\/"]}]},{"@type":"ImageObject","inLanguage":"es","@id":"https:\/\/www.nexoinformativo.mx\/index.php\/2025\/03\/01\/dolar-al-alza-peso-mexicano-inicia-marzo-con-incertidumbre-por-aranceles-20-55\/#primaryimage","url":"https:\/\/www.nexoinformativo.mx\/wp-content\/uploads\/2025\/03\/pexels-pixabay-164661-scaled-e1740864916947.jpeg","contentUrl":"https:\/\/www.nexoinformativo.mx\/wp-content\/uploads\/2025\/03\/pexels-pixabay-164661-scaled-e1740864916947.jpeg","width":800,"height":600},{"@type":"BreadcrumbList","@id":"https:\/\/www.nexoinformativo.mx\/index.php\/2025\/03\/01\/dolar-al-alza-peso-mexicano-inicia-marzo-con-incertidumbre-por-aranceles-20-55\/#breadcrumb","itemListElement":[{"@type":"ListItem","position":1,"name":"Inicio","item":"https:\/\/www.nexoinformativo.mx\/"},{"@type":"ListItem","position":2,"name":"D\u00f3lar al alza Peso mexicano inicia marzo con incertidumbre por aranceles $20.55"}]},{"@type":"WebSite","@id":"https:\/\/www.nexoinformativo.mx\/#website","url":"https:\/\/www.nexoinformativo.mx\/","name":"Nexo Informativo Santiago de Quer\u00e9taro","description":"Explora NexoInformativo y convi\u00e9rtete en parte de una comunidad que valora el conocimiento y la verdad. Tu nexoinformativo es tu puente hacia una comprensi\u00f3n m\u00e1s profunda del mundo que te rodea.","publisher":{"@id":"https:\/\/www.nexoinformativo.mx\/#organization"},"potentialAction":[{"@type":"SearchAction","target":{"@type":"EntryPoint","urlTemplate":"https:\/\/www.nexoinformativo.mx\/?s={search_term_string}"},"query-input":{"@type":"PropertyValueSpecification","valueRequired":true,"valueName":"search_term_string"}}],"inLanguage":"es"},{"@type":"Organization","@id":"https:\/\/www.nexoinformativo.mx\/#organization","name":"Nexo Informativo Santiago de Quer\u00e9taro","url":"https:\/\/www.nexoinformativo.mx\/","logo":{"@type":"ImageObject","inLanguage":"es","@id":"https:\/\/www.nexoinformativo.mx\/#\/schema\/logo\/image\/","url":"https:\/\/www.nexoinformativo.mx\/wp-content\/uploads\/2024\/07\/nexoi-trasparente-2.png","contentUrl":"https:\/\/www.nexoinformativo.mx\/wp-content\/uploads\/2024\/07\/nexoi-trasparente-2.png","width":816,"height":339,"caption":"Nexo Informativo Santiago de Quer\u00e9taro"},"image":{"@id":"https:\/\/www.nexoinformativo.mx\/#\/schema\/logo\/image\/"},"sameAs":["https:\/\/www.facebook.com\/people\/Nexo-Informativo\/61564066885511\/"]},{"@type":"Person","@id":"https:\/\/www.nexoinformativo.mx\/#\/schema\/person\/7749d380ba08c8ca00d7bc76fd907b7d","name":"Nexo Informativo","image":{"@type":"ImageObject","inLanguage":"es","@id":"https:\/\/www.nexoinformativo.mx\/#\/schema\/person\/image\/","url":"https:\/\/secure.gravatar.com\/avatar\/dde2928154642a13d95f87ddf1ea9718fe2b46760a005c53e41ff5ad610704e6?s=96&d=mm&r=g","contentUrl":"https:\/\/secure.gravatar.com\/avatar\/dde2928154642a13d95f87ddf1ea9718fe2b46760a005c53e41ff5ad610704e6?s=96&d=mm&r=g","caption":"Nexo Informativo"},"url":"https:\/\/www.nexoinformativo.mx\/index.php\/author\/edicion\/"}]}},"_links":{"self":[{"href":"https:\/\/www.nexoinformativo.mx\/index.php\/wp-json\/wp\/v2\/posts\/12291","targetHints":{"allow":["GET"]}}],"collection":[{"href":"https:\/\/www.nexoinformativo.mx\/index.php\/wp-json\/wp\/v2\/posts"}],"about":[{"href":"https:\/\/www.nexoinformativo.mx\/index.php\/wp-json\/wp\/v2\/types\/post"}],"author":[{"embeddable":true,"href":"https:\/\/www.nexoinformativo.mx\/index.php\/wp-json\/wp\/v2\/users\/3"}],"replies":[{"embeddable":true,"href":"https:\/\/www.nexoinformativo.mx\/index.php\/wp-json\/wp\/v2\/comments?post=12291"}],"version-history":[{"count":4,"href":"https:\/\/www.nexoinformativo.mx\/index.php\/wp-json\/wp\/v2\/posts\/12291\/revisions"}],"predecessor-version":[{"id":12295,"href":"https:\/\/www.nexoinformativo.mx\/index.php\/wp-json\/wp\/v2\/posts\/12291\/revisions\/12295"}],"wp:featuredmedia":[{"embeddable":true,"href":"https:\/\/www.nexoinformativo.mx\/index.php\/wp-json\/wp\/v2\/media\/12292"}],"wp:attachment":[{"href":"https:\/\/www.nexoinformativo.mx\/index.php\/wp-json\/wp\/v2\/media?parent=12291"}],"wp:term":[{"taxonomy":"category","embeddable":true,"href":"https:\/\/www.nexoinformativo.mx\/index.php\/wp-json\/wp\/v2\/categories?post=12291"},{"taxonomy":"post_tag","embeddable":true,"href":"https:\/\/www.nexoinformativo.mx\/index.php\/wp-json\/wp\/v2\/tags?post=12291"}],"curies":[{"name":"wp","href":"https:\/\/api.w.org\/{rel}","templated":true}]}}