{"id":12316,"date":"2025-03-03T08:00:03","date_gmt":"2025-03-03T14:00:03","guid":{"rendered":"https:\/\/www.nexoinformativo.mx\/?p=12316"},"modified":"2025-03-03T09:15:24","modified_gmt":"2025-03-03T15:15:24","slug":"salud-femenina-en-queretaro-colegio-de-ginecologia-y-obstetricia-renueva-su-directiva","status":"publish","type":"post","link":"https:\/\/www.nexoinformativo.mx\/index.php\/2025\/03\/03\/salud-femenina-en-queretaro-colegio-de-ginecologia-y-obstetricia-renueva-su-directiva\/","title":{"rendered":"Salud femenina en Quer\u00e9taro Colegio de Ginecolog\u00eda y Obstetricia renueva su directiva"},"content":{"rendered":"<p style=\"text-align: justify;\" data-sourcepos=\"13:1-13:312\">La secretaria de Salud del estado, Mar\u00eda Martina P\u00e9rez, atestigu\u00f3 la toma de protesta de las y los integrantes del Colegio de M\u00e9dicos Especialistas en Ginecolog\u00eda y Obstetricia de Quer\u00e9taro, A.C., marcando el inicio de una nueva etapa para la salud femenina en la regi\u00f3n.<\/p>\n<\/p>\n<p>&nbsp;<\/p>\n<p style=\"text-align: justify;\" data-sourcepos=\"15:1-15:241\">En su mensaje, P\u00e9rez Rend\u00f3n reconoci\u00f3 la labor de la mesa directiva saliente, liderada por Lorena Terrazas R\u00edos, y dese\u00f3 \u00e9xito a Teresita Gallegos Hurtado, quien asume la presidencia para el periodo 2025-2027, junto con su Consejo Directivo.<\/p>\n<\/p>\n<p>&nbsp;<\/p>\n<p style=\"text-align: justify;\" data-sourcepos=\"17:1-17:295\">La directora regional de la Federaci\u00f3n Mexicana de Colegios de Ginecolog\u00eda y Obstetricia (FEMECOG), Maricruz Pineda V\u00e1zquez, tom\u00f3 la protesta a los integrantes, en un acto que cont\u00f3 con la presencia del presidente de FEMECOG, Paulo Felipe Meade Trevi\u00f1o, y otras personalidades del \u00e1mbito m\u00e9dico.<\/p>\n<\/p>\n<p>&nbsp;<\/p>\n<p style=\"text-align: justify;\" data-sourcepos=\"19:1-19:187\">Este evento subraya el compromiso del sector salud en Quer\u00e9taro con la actualizaci\u00f3n y el fortalecimiento de la atenci\u00f3n ginecol\u00f3gica y obst\u00e9trica, en beneficio de las mujeres del estado.<\/p>\n<\/p>\n<p>&nbsp;<\/p>\n<p style=\"text-align: center;\" data-sourcepos=\"19:1-19:187\"><em><strong>\u00a1Informaci\u00f3n que transforma!<\/strong><\/em><\/p>\n","protected":false},"excerpt":{"rendered":"<p>La secretaria de Salud del estado, Mar\u00eda Martina P\u00e9rez, atestigu\u00f3 la toma de protesta de las y los integrantes del Colegio de M\u00e9dicos Especialistas en Ginecolog\u00eda y Obstetricia de Quer\u00e9taro, A.C., marcando el inicio de una nueva etapa para la salud femenina en la regi\u00f3n.<\/p>\n","protected":false},"author":3,"featured_media":12318,"comment_status":"open","ping_status":"open","sticky":false,"template":"","format":"standard","meta":{"footnotes":""},"categories":[42,58],"tags":[3619,3617,3618,2104],"class_list":["post-12316","post","type-post","status-publish","format-standard","has-post-thumbnail","hentry","category-estado","category-ultima-hora","tag-colegiomedicos","tag-ginecologiaqro","tag-saludmujer","tag-sesaqueretaro"],"yoast_head":"<!-- This site is optimized with the Yoast SEO plugin v25.0 - https:\/\/yoast.com\/wordpress\/plugins\/seo\/ -->\n<title>Salud femenina en Quer\u00e9taro Colegio de Ginecolog\u00eda y Obstetricia renueva su directiva | Nexo Informativo Santiago de Quer\u00e9taro<\/title>\n<meta name=\"description\" content=\"Salud femenina en Quer\u00e9taro Colegio de Ginecolog\u00eda y Obstetricia renueva su directiva\" \/>\n<meta name=\"robots\" content=\"index, follow, max-snippet:-1, max-image-preview:large, max-video-preview:-1\" \/>\n<link rel=\"canonical\" href=\"https:\/\/www.nexoinformativo.mx\/index.php\/2025\/03\/03\/salud-femenina-en-queretaro-colegio-de-ginecologia-y-obstetricia-renueva-su-directiva\/\" \/>\n<meta property=\"og:locale\" content=\"es_MX\" \/>\n<meta property=\"og:type\" content=\"article\" \/>\n<meta property=\"og:title\" content=\"Salud femenina en Quer\u00e9taro Colegio de Ginecolog\u00eda y Obstetricia renueva su directiva | Nexo Informativo Santiago de Quer\u00e9taro\" \/>\n<meta property=\"og:description\" content=\"Salud femenina en Quer\u00e9taro Colegio de Ginecolog\u00eda y Obstetricia renueva su directiva\" \/>\n<meta property=\"og:url\" content=\"https:\/\/www.nexoinformativo.mx\/index.php\/2025\/03\/03\/salud-femenina-en-queretaro-colegio-de-ginecologia-y-obstetricia-renueva-su-directiva\/\" \/>\n<meta property=\"og:site_name\" content=\"Nexo Informativo Santiago de Quer\u00e9taro\" \/>\n<meta property=\"article:publisher\" content=\"https:\/\/www.facebook.com\/people\/Nexo-Informativo\/61564066885511\/\" \/>\n<meta property=\"article:published_time\" content=\"2025-03-03T14:00:03+00:00\" \/>\n<meta property=\"article:modified_time\" content=\"2025-03-03T15:15:24+00:00\" \/>\n<meta property=\"og:image\" content=\"https:\/\/www.nexoinformativo.mx\/wp-content\/uploads\/2025\/03\/PHOTO-2025-03-03-08-34-19-e1741014905759.jpg\" \/>\n\t<meta property=\"og:image:width\" content=\"800\" \/>\n\t<meta property=\"og:image:height\" content=\"533\" \/>\n\t<meta property=\"og:image:type\" content=\"image\/jpeg\" \/>\n<meta name=\"author\" content=\"Nexo Informativo\" \/>\n<meta name=\"twitter:card\" content=\"summary_large_image\" \/>\n<meta name=\"twitter:label1\" content=\"Escrito por\" \/>\n\t<meta name=\"twitter:data1\" content=\"Nexo Informativo\" \/>\n\t<meta name=\"twitter:label2\" content=\"Tiempo de lectura\" \/>\n\t<meta name=\"twitter:data2\" content=\"1 minuto\" \/>\n<script type=\"application\/ld+json\" class=\"yoast-schema-graph\">{\"@context\":\"https:\/\/schema.org\",\"@graph\":[{\"@type\":\"Article\",\"@id\":\"https:\/\/www.nexoinformativo.mx\/index.php\/2025\/03\/03\/salud-femenina-en-queretaro-colegio-de-ginecologia-y-obstetricia-renueva-su-directiva\/#article\",\"isPartOf\":{\"@id\":\"https:\/\/www.nexoinformativo.mx\/index.php\/2025\/03\/03\/salud-femenina-en-queretaro-colegio-de-ginecologia-y-obstetricia-renueva-su-directiva\/\"},\"author\":{\"name\":\"Nexo Informativo\",\"@id\":\"https:\/\/www.nexoinformativo.mx\/#\/schema\/person\/7749d380ba08c8ca00d7bc76fd907b7d\"},\"headline\":\"Salud femenina en Quer\u00e9taro Colegio de Ginecolog\u00eda y Obstetricia renueva su directiva\",\"datePublished\":\"2025-03-03T14:00:03+00:00\",\"dateModified\":\"2025-03-03T15:15:24+00:00\",\"mainEntityOfPage\":{\"@id\":\"https:\/\/www.nexoinformativo.mx\/index.php\/2025\/03\/03\/salud-femenina-en-queretaro-colegio-de-ginecologia-y-obstetricia-renueva-su-directiva\/\"},\"wordCount\":199,\"commentCount\":0,\"publisher\":{\"@id\":\"https:\/\/www.nexoinformativo.mx\/#organization\"},\"image\":{\"@id\":\"https:\/\/www.nexoinformativo.mx\/index.php\/2025\/03\/03\/salud-femenina-en-queretaro-colegio-de-ginecologia-y-obstetricia-renueva-su-directiva\/#primaryimage\"},\"thumbnailUrl\":\"https:\/\/www.nexoinformativo.mx\/wp-content\/uploads\/2025\/03\/PHOTO-2025-03-03-08-34-19-e1741014905759.jpg\",\"keywords\":[\"ColegioM\u00e9dicos\",\"Ginecolog\u00edaQro\",\"SaludMujer\",\"SESAQuer\u00e9taro\"],\"articleSection\":[\"Estado\",\"\u00daltima Hora\"],\"inLanguage\":\"es\",\"potentialAction\":[{\"@type\":\"CommentAction\",\"name\":\"Comment\",\"target\":[\"https:\/\/www.nexoinformativo.mx\/index.php\/2025\/03\/03\/salud-femenina-en-queretaro-colegio-de-ginecologia-y-obstetricia-renueva-su-directiva\/#respond\"]}]},{\"@type\":\"WebPage\",\"@id\":\"https:\/\/www.nexoinformativo.mx\/index.php\/2025\/03\/03\/salud-femenina-en-queretaro-colegio-de-ginecologia-y-obstetricia-renueva-su-directiva\/\",\"url\":\"https:\/\/www.nexoinformativo.mx\/index.php\/2025\/03\/03\/salud-femenina-en-queretaro-colegio-de-ginecologia-y-obstetricia-renueva-su-directiva\/\",\"name\":\"Salud femenina en Quer\u00e9taro Colegio de Ginecolog\u00eda y Obstetricia renueva su directiva | Nexo Informativo Santiago de Quer\u00e9taro\",\"isPartOf\":{\"@id\":\"https:\/\/www.nexoinformativo.mx\/#website\"},\"primaryImageOfPage\":{\"@id\":\"https:\/\/www.nexoinformativo.mx\/index.php\/2025\/03\/03\/salud-femenina-en-queretaro-colegio-de-ginecologia-y-obstetricia-renueva-su-directiva\/#primaryimage\"},\"image\":{\"@id\":\"https:\/\/www.nexoinformativo.mx\/index.php\/2025\/03\/03\/salud-femenina-en-queretaro-colegio-de-ginecologia-y-obstetricia-renueva-su-directiva\/#primaryimage\"},\"thumbnailUrl\":\"https:\/\/www.nexoinformativo.mx\/wp-content\/uploads\/2025\/03\/PHOTO-2025-03-03-08-34-19-e1741014905759.jpg\",\"datePublished\":\"2025-03-03T14:00:03+00:00\",\"dateModified\":\"2025-03-03T15:15:24+00:00\",\"description\":\"Salud femenina en Quer\u00e9taro Colegio de Ginecolog\u00eda y Obstetricia renueva su directiva\",\"breadcrumb\":{\"@id\":\"https:\/\/www.nexoinformativo.mx\/index.php\/2025\/03\/03\/salud-femenina-en-queretaro-colegio-de-ginecologia-y-obstetricia-renueva-su-directiva\/#breadcrumb\"},\"inLanguage\":\"es\",\"potentialAction\":[{\"@type\":\"ReadAction\",\"target\":[\"https:\/\/www.nexoinformativo.mx\/index.php\/2025\/03\/03\/salud-femenina-en-queretaro-colegio-de-ginecologia-y-obstetricia-renueva-su-directiva\/\"]}]},{\"@type\":\"ImageObject\",\"inLanguage\":\"es\",\"@id\":\"https:\/\/www.nexoinformativo.mx\/index.php\/2025\/03\/03\/salud-femenina-en-queretaro-colegio-de-ginecologia-y-obstetricia-renueva-su-directiva\/#primaryimage\",\"url\":\"https:\/\/www.nexoinformativo.mx\/wp-content\/uploads\/2025\/03\/PHOTO-2025-03-03-08-34-19-e1741014905759.jpg\",\"contentUrl\":\"https:\/\/www.nexoinformativo.mx\/wp-content\/uploads\/2025\/03\/PHOTO-2025-03-03-08-34-19-e1741014905759.jpg\",\"width\":800,\"height\":533},{\"@type\":\"BreadcrumbList\",\"@id\":\"https:\/\/www.nexoinformativo.mx\/index.php\/2025\/03\/03\/salud-femenina-en-queretaro-colegio-de-ginecologia-y-obstetricia-renueva-su-directiva\/#breadcrumb\",\"itemListElement\":[{\"@type\":\"ListItem\",\"position\":1,\"name\":\"Inicio\",\"item\":\"https:\/\/www.nexoinformativo.mx\/\"},{\"@type\":\"ListItem\",\"position\":2,\"name\":\"Salud femenina en Quer\u00e9taro Colegio de Ginecolog\u00eda y Obstetricia renueva su directiva\"}]},{\"@type\":\"WebSite\",\"@id\":\"https:\/\/www.nexoinformativo.mx\/#website\",\"url\":\"https:\/\/www.nexoinformativo.mx\/\",\"name\":\"Nexo Informativo Santiago de Quer\u00e9taro\",\"description\":\"Explora NexoInformativo y convi\u00e9rtete en parte de una comunidad que valora el conocimiento y la verdad. Tu nexoinformativo es tu puente hacia una comprensi\u00f3n m\u00e1s profunda del mundo que te rodea.\",\"publisher\":{\"@id\":\"https:\/\/www.nexoinformativo.mx\/#organization\"},\"potentialAction\":[{\"@type\":\"SearchAction\",\"target\":{\"@type\":\"EntryPoint\",\"urlTemplate\":\"https:\/\/www.nexoinformativo.mx\/?s={search_term_string}\"},\"query-input\":{\"@type\":\"PropertyValueSpecification\",\"valueRequired\":true,\"valueName\":\"search_term_string\"}}],\"inLanguage\":\"es\"},{\"@type\":\"Organization\",\"@id\":\"https:\/\/www.nexoinformativo.mx\/#organization\",\"name\":\"Nexo Informativo Santiago de Quer\u00e9taro\",\"url\":\"https:\/\/www.nexoinformativo.mx\/\",\"logo\":{\"@type\":\"ImageObject\",\"inLanguage\":\"es\",\"@id\":\"https:\/\/www.nexoinformativo.mx\/#\/schema\/logo\/image\/\",\"url\":\"https:\/\/www.nexoinformativo.mx\/wp-content\/uploads\/2024\/07\/nexoi-trasparente-2.png\",\"contentUrl\":\"https:\/\/www.nexoinformativo.mx\/wp-content\/uploads\/2024\/07\/nexoi-trasparente-2.png\",\"width\":816,\"height\":339,\"caption\":\"Nexo Informativo Santiago de Quer\u00e9taro\"},\"image\":{\"@id\":\"https:\/\/www.nexoinformativo.mx\/#\/schema\/logo\/image\/\"},\"sameAs\":[\"https:\/\/www.facebook.com\/people\/Nexo-Informativo\/61564066885511\/\"]},{\"@type\":\"Person\",\"@id\":\"https:\/\/www.nexoinformativo.mx\/#\/schema\/person\/7749d380ba08c8ca00d7bc76fd907b7d\",\"name\":\"Nexo Informativo\",\"image\":{\"@type\":\"ImageObject\",\"inLanguage\":\"es\",\"@id\":\"https:\/\/www.nexoinformativo.mx\/#\/schema\/person\/image\/\",\"url\":\"https:\/\/secure.gravatar.com\/avatar\/dde2928154642a13d95f87ddf1ea9718fe2b46760a005c53e41ff5ad610704e6?s=96&d=mm&r=g\",\"contentUrl\":\"https:\/\/secure.gravatar.com\/avatar\/dde2928154642a13d95f87ddf1ea9718fe2b46760a005c53e41ff5ad610704e6?s=96&d=mm&r=g\",\"caption\":\"Nexo Informativo\"},\"url\":\"https:\/\/www.nexoinformativo.mx\/index.php\/author\/edicion\/\"}]}<\/script>\n<!-- \/ Yoast SEO plugin. -->","yoast_head_json":{"title":"Salud femenina en Quer\u00e9taro Colegio de Ginecolog\u00eda y Obstetricia renueva su directiva | Nexo Informativo Santiago de Quer\u00e9taro","description":"Salud femenina en Quer\u00e9taro Colegio de Ginecolog\u00eda y Obstetricia renueva su directiva","robots":{"index":"index","follow":"follow","max-snippet":"max-snippet:-1","max-image-preview":"max-image-preview:large","max-video-preview":"max-video-preview:-1"},"canonical":"https:\/\/www.nexoinformativo.mx\/index.php\/2025\/03\/03\/salud-femenina-en-queretaro-colegio-de-ginecologia-y-obstetricia-renueva-su-directiva\/","og_locale":"es_MX","og_type":"article","og_title":"Salud femenina en Quer\u00e9taro Colegio de Ginecolog\u00eda y Obstetricia renueva su directiva | Nexo Informativo Santiago de Quer\u00e9taro","og_description":"Salud femenina en Quer\u00e9taro Colegio de Ginecolog\u00eda y Obstetricia renueva su directiva","og_url":"https:\/\/www.nexoinformativo.mx\/index.php\/2025\/03\/03\/salud-femenina-en-queretaro-colegio-de-ginecologia-y-obstetricia-renueva-su-directiva\/","og_site_name":"Nexo Informativo Santiago de Quer\u00e9taro","article_publisher":"https:\/\/www.facebook.com\/people\/Nexo-Informativo\/61564066885511\/","article_published_time":"2025-03-03T14:00:03+00:00","article_modified_time":"2025-03-03T15:15:24+00:00","og_image":[{"width":800,"height":533,"url":"https:\/\/www.nexoinformativo.mx\/wp-content\/uploads\/2025\/03\/PHOTO-2025-03-03-08-34-19-e1741014905759.jpg","type":"image\/jpeg"}],"author":"Nexo Informativo","twitter_card":"summary_large_image","twitter_misc":{"Escrito por":"Nexo Informativo","Tiempo de lectura":"1 minuto"},"schema":{"@context":"https:\/\/schema.org","@graph":[{"@type":"Article","@id":"https:\/\/www.nexoinformativo.mx\/index.php\/2025\/03\/03\/salud-femenina-en-queretaro-colegio-de-ginecologia-y-obstetricia-renueva-su-directiva\/#article","isPartOf":{"@id":"https:\/\/www.nexoinformativo.mx\/index.php\/2025\/03\/03\/salud-femenina-en-queretaro-colegio-de-ginecologia-y-obstetricia-renueva-su-directiva\/"},"author":{"name":"Nexo Informativo","@id":"https:\/\/www.nexoinformativo.mx\/#\/schema\/person\/7749d380ba08c8ca00d7bc76fd907b7d"},"headline":"Salud femenina en Quer\u00e9taro Colegio de Ginecolog\u00eda y Obstetricia renueva su directiva","datePublished":"2025-03-03T14:00:03+00:00","dateModified":"2025-03-03T15:15:24+00:00","mainEntityOfPage":{"@id":"https:\/\/www.nexoinformativo.mx\/index.php\/2025\/03\/03\/salud-femenina-en-queretaro-colegio-de-ginecologia-y-obstetricia-renueva-su-directiva\/"},"wordCount":199,"commentCount":0,"publisher":{"@id":"https:\/\/www.nexoinformativo.mx\/#organization"},"image":{"@id":"https:\/\/www.nexoinformativo.mx\/index.php\/2025\/03\/03\/salud-femenina-en-queretaro-colegio-de-ginecologia-y-obstetricia-renueva-su-directiva\/#primaryimage"},"thumbnailUrl":"https:\/\/www.nexoinformativo.mx\/wp-content\/uploads\/2025\/03\/PHOTO-2025-03-03-08-34-19-e1741014905759.jpg","keywords":["ColegioM\u00e9dicos","Ginecolog\u00edaQro","SaludMujer","SESAQuer\u00e9taro"],"articleSection":["Estado","\u00daltima Hora"],"inLanguage":"es","potentialAction":[{"@type":"CommentAction","name":"Comment","target":["https:\/\/www.nexoinformativo.mx\/index.php\/2025\/03\/03\/salud-femenina-en-queretaro-colegio-de-ginecologia-y-obstetricia-renueva-su-directiva\/#respond"]}]},{"@type":"WebPage","@id":"https:\/\/www.nexoinformativo.mx\/index.php\/2025\/03\/03\/salud-femenina-en-queretaro-colegio-de-ginecologia-y-obstetricia-renueva-su-directiva\/","url":"https:\/\/www.nexoinformativo.mx\/index.php\/2025\/03\/03\/salud-femenina-en-queretaro-colegio-de-ginecologia-y-obstetricia-renueva-su-directiva\/","name":"Salud femenina en Quer\u00e9taro Colegio de Ginecolog\u00eda y Obstetricia renueva su directiva | Nexo Informativo Santiago de Quer\u00e9taro","isPartOf":{"@id":"https:\/\/www.nexoinformativo.mx\/#website"},"primaryImageOfPage":{"@id":"https:\/\/www.nexoinformativo.mx\/index.php\/2025\/03\/03\/salud-femenina-en-queretaro-colegio-de-ginecologia-y-obstetricia-renueva-su-directiva\/#primaryimage"},"image":{"@id":"https:\/\/www.nexoinformativo.mx\/index.php\/2025\/03\/03\/salud-femenina-en-queretaro-colegio-de-ginecologia-y-obstetricia-renueva-su-directiva\/#primaryimage"},"thumbnailUrl":"https:\/\/www.nexoinformativo.mx\/wp-content\/uploads\/2025\/03\/PHOTO-2025-03-03-08-34-19-e1741014905759.jpg","datePublished":"2025-03-03T14:00:03+00:00","dateModified":"2025-03-03T15:15:24+00:00","description":"Salud femenina en Quer\u00e9taro Colegio de Ginecolog\u00eda y Obstetricia renueva su directiva","breadcrumb":{"@id":"https:\/\/www.nexoinformativo.mx\/index.php\/2025\/03\/03\/salud-femenina-en-queretaro-colegio-de-ginecologia-y-obstetricia-renueva-su-directiva\/#breadcrumb"},"inLanguage":"es","potentialAction":[{"@type":"ReadAction","target":["https:\/\/www.nexoinformativo.mx\/index.php\/2025\/03\/03\/salud-femenina-en-queretaro-colegio-de-ginecologia-y-obstetricia-renueva-su-directiva\/"]}]},{"@type":"ImageObject","inLanguage":"es","@id":"https:\/\/www.nexoinformativo.mx\/index.php\/2025\/03\/03\/salud-femenina-en-queretaro-colegio-de-ginecologia-y-obstetricia-renueva-su-directiva\/#primaryimage","url":"https:\/\/www.nexoinformativo.mx\/wp-content\/uploads\/2025\/03\/PHOTO-2025-03-03-08-34-19-e1741014905759.jpg","contentUrl":"https:\/\/www.nexoinformativo.mx\/wp-content\/uploads\/2025\/03\/PHOTO-2025-03-03-08-34-19-e1741014905759.jpg","width":800,"height":533},{"@type":"BreadcrumbList","@id":"https:\/\/www.nexoinformativo.mx\/index.php\/2025\/03\/03\/salud-femenina-en-queretaro-colegio-de-ginecologia-y-obstetricia-renueva-su-directiva\/#breadcrumb","itemListElement":[{"@type":"ListItem","position":1,"name":"Inicio","item":"https:\/\/www.nexoinformativo.mx\/"},{"@type":"ListItem","position":2,"name":"Salud femenina en Quer\u00e9taro Colegio de Ginecolog\u00eda y Obstetricia renueva su directiva"}]},{"@type":"WebSite","@id":"https:\/\/www.nexoinformativo.mx\/#website","url":"https:\/\/www.nexoinformativo.mx\/","name":"Nexo Informativo Santiago de Quer\u00e9taro","description":"Explora NexoInformativo y convi\u00e9rtete en parte de una comunidad que valora el conocimiento y la verdad. Tu nexoinformativo es tu puente hacia una comprensi\u00f3n m\u00e1s profunda del mundo que te rodea.","publisher":{"@id":"https:\/\/www.nexoinformativo.mx\/#organization"},"potentialAction":[{"@type":"SearchAction","target":{"@type":"EntryPoint","urlTemplate":"https:\/\/www.nexoinformativo.mx\/?s={search_term_string}"},"query-input":{"@type":"PropertyValueSpecification","valueRequired":true,"valueName":"search_term_string"}}],"inLanguage":"es"},{"@type":"Organization","@id":"https:\/\/www.nexoinformativo.mx\/#organization","name":"Nexo Informativo Santiago de Quer\u00e9taro","url":"https:\/\/www.nexoinformativo.mx\/","logo":{"@type":"ImageObject","inLanguage":"es","@id":"https:\/\/www.nexoinformativo.mx\/#\/schema\/logo\/image\/","url":"https:\/\/www.nexoinformativo.mx\/wp-content\/uploads\/2024\/07\/nexoi-trasparente-2.png","contentUrl":"https:\/\/www.nexoinformativo.mx\/wp-content\/uploads\/2024\/07\/nexoi-trasparente-2.png","width":816,"height":339,"caption":"Nexo Informativo Santiago de Quer\u00e9taro"},"image":{"@id":"https:\/\/www.nexoinformativo.mx\/#\/schema\/logo\/image\/"},"sameAs":["https:\/\/www.facebook.com\/people\/Nexo-Informativo\/61564066885511\/"]},{"@type":"Person","@id":"https:\/\/www.nexoinformativo.mx\/#\/schema\/person\/7749d380ba08c8ca00d7bc76fd907b7d","name":"Nexo Informativo","image":{"@type":"ImageObject","inLanguage":"es","@id":"https:\/\/www.nexoinformativo.mx\/#\/schema\/person\/image\/","url":"https:\/\/secure.gravatar.com\/avatar\/dde2928154642a13d95f87ddf1ea9718fe2b46760a005c53e41ff5ad610704e6?s=96&d=mm&r=g","contentUrl":"https:\/\/secure.gravatar.com\/avatar\/dde2928154642a13d95f87ddf1ea9718fe2b46760a005c53e41ff5ad610704e6?s=96&d=mm&r=g","caption":"Nexo Informativo"},"url":"https:\/\/www.nexoinformativo.mx\/index.php\/author\/edicion\/"}]}},"_links":{"self":[{"href":"https:\/\/www.nexoinformativo.mx\/index.php\/wp-json\/wp\/v2\/posts\/12316","targetHints":{"allow":["GET"]}}],"collection":[{"href":"https:\/\/www.nexoinformativo.mx\/index.php\/wp-json\/wp\/v2\/posts"}],"about":[{"href":"https:\/\/www.nexoinformativo.mx\/index.php\/wp-json\/wp\/v2\/types\/post"}],"author":[{"embeddable":true,"href":"https:\/\/www.nexoinformativo.mx\/index.php\/wp-json\/wp\/v2\/users\/3"}],"replies":[{"embeddable":true,"href":"https:\/\/www.nexoinformativo.mx\/index.php\/wp-json\/wp\/v2\/comments?post=12316"}],"version-history":[{"count":3,"href":"https:\/\/www.nexoinformativo.mx\/index.php\/wp-json\/wp\/v2\/posts\/12316\/revisions"}],"predecessor-version":[{"id":12320,"href":"https:\/\/www.nexoinformativo.mx\/index.php\/wp-json\/wp\/v2\/posts\/12316\/revisions\/12320"}],"wp:featuredmedia":[{"embeddable":true,"href":"https:\/\/www.nexoinformativo.mx\/index.php\/wp-json\/wp\/v2\/media\/12318"}],"wp:attachment":[{"href":"https:\/\/www.nexoinformativo.mx\/index.php\/wp-json\/wp\/v2\/media?parent=12316"}],"wp:term":[{"taxonomy":"category","embeddable":true,"href":"https:\/\/www.nexoinformativo.mx\/index.php\/wp-json\/wp\/v2\/categories?post=12316"},{"taxonomy":"post_tag","embeddable":true,"href":"https:\/\/www.nexoinformativo.mx\/index.php\/wp-json\/wp\/v2\/tags?post=12316"}],"curies":[{"name":"wp","href":"https:\/\/api.w.org\/{rel}","templated":true}]}}