{"id":12357,"date":"2025-03-04T06:30:55","date_gmt":"2025-03-04T12:30:55","guid":{"rendered":"https:\/\/www.nexoinformativo.mx\/?p=12357"},"modified":"2025-03-04T10:12:55","modified_gmt":"2025-03-04T16:12:55","slug":"queretaro-por-la-paz-kuri-presenta-resultados-de-programa-que-beneficia-a-miles-de-estudiantes","status":"publish","type":"post","link":"https:\/\/www.nexoinformativo.mx\/index.php\/2025\/03\/04\/queretaro-por-la-paz-kuri-presenta-resultados-de-programa-que-beneficia-a-miles-de-estudiantes\/","title":{"rendered":"\u00a1Quer\u00e9taro por la paz! Kuri presenta resultados de programa que beneficia a miles de estudiantes"},"content":{"rendered":"<p style=\"text-align: justify;\" data-sourcepos=\"13:1-13:254\">El gobernador Mauricio Kuri encabez\u00f3 la presentaci\u00f3n de resultados del programa <strong>&#8220;\u00a1En sus Marcas, Listos por la Paz!&#8221;, <\/strong>destacando el compromiso de Quer\u00e9taro con el desarrollo integral de ni\u00f1as, ni\u00f1os y j\u00f3venes.<\/p>\n<\/p>\n<p>&nbsp;<\/p>\n<p style=\"text-align: justify;\" data-sourcepos=\"15:1-15:233\">El programa ha beneficiado a 36 mil 425 estudiantes de primaria y secundaria, 26 mil 676 padres y tutores, y mil 671 docentes de 50 instituciones educativas en las regiones de Quer\u00e9taro, San Juan del R\u00edo, Cadereyta y Jalpan de Serra.<\/p>\n<\/p>\n<p>&nbsp;<\/p>\n<p style=\"text-align: justify;\" data-sourcepos=\"17:1-17:215\">La coordinadora general de la USEBEQ, Irene Quintanar Mej\u00eda, resalt\u00f3 que el programa aborda problem\u00e1ticas como el acoso escolar y la violencia, y ha logrado construir una cultura de paz en las comunidades escolares.<\/p>\n<\/p>\n<p>&nbsp;<\/p>\n<p style=\"text-align: justify;\" data-sourcepos=\"19:1-19:191\">La secretaria de Educaci\u00f3n, Martha Elena Soto Obreg\u00f3n, mencion\u00f3 otras iniciativas de la SEDEQ para promover la paz y la sana convivencia, como &#8220;Escuela para Padres&#8221; y &#8220;Contigo en la Escuela&#8221;.<\/p>\n<\/p>\n<p>&nbsp;<\/p>\n<p style=\"text-align: justify;\" data-sourcepos=\"21:1-21:153\">El presidente municipal de Corregidora, Josu\u00e9 Guerrero, enfatiz\u00f3 el compromiso de proteger a la infancia de los riesgos digitales y la violencia.<\/p>\n<\/p>\n<p>&nbsp;<\/p>\n<p style=\"text-align: justify;\" data-sourcepos=\"23:1-23:162\">Durante el evento, se destac\u00f3 la rehabilitaci\u00f3n de la secundaria &#8220;Quetzalc\u00f3atl&#8221; con una inversi\u00f3n de 5.13 millones de pesos, para mejorar los espacios educativos.<\/p>\n<\/p>\n<p>&nbsp;<\/p>\n<p style=\"text-align: justify;\" data-sourcepos=\"25:1-25:149\">Una madre de familia, M\u00f3nica N\u00fa\u00f1ez Ram\u00edrez, expres\u00f3 su satisfacci\u00f3n por las herramientas aprendidas para resolver conflictos en la comunidad escolar.<\/p>\n<\/p>\n<p>&nbsp;<\/p>\n<p style=\"text-align: center;\" data-sourcepos=\"25:1-25:149\"><em><strong>\u00a1Informaci\u00f3n que transforma!<\/strong><\/em><\/p>\n","protected":false},"excerpt":{"rendered":"<p>El gobernador Mauricio Kuri encabez\u00f3 la presentaci\u00f3n de resultados del programa &#8220;\u00a1En sus Marcas, Listos por la Paz!&#8221;, destacando el compromiso de Quer\u00e9taro con el desarrollo integral de ni\u00f1as, ni\u00f1os y j\u00f3venes.<\/p>\n","protected":false},"author":3,"featured_media":12358,"comment_status":"open","ping_status":"open","sticky":false,"template":"","format":"standard","meta":{"footnotes":""},"categories":[42,58],"tags":[3632,3633,661,438],"class_list":["post-12357","post","type-post","status-publish","format-standard","has-post-thumbnail","hentry","category-estado","category-ultima-hora","tag-educacionqro","tag-ensusmarcaslistosporlapaz","tag-mauriciokuri","tag-queretaroporlapaz"],"yoast_head":"<!-- This site is optimized with the Yoast SEO plugin v25.0 - https:\/\/yoast.com\/wordpress\/plugins\/seo\/ -->\n<title>\u00a1Quer\u00e9taro por la paz! Kuri presenta resultados de programa que beneficia a miles de estudiantes | Nexo Informativo Santiago de Quer\u00e9taro<\/title>\n<meta name=\"description\" content=\"\u00a1Quer\u00e9taro por la paz! Kuri presenta resultados de programa que beneficia a miles de estudiantes\" \/>\n<meta name=\"robots\" content=\"index, follow, max-snippet:-1, max-image-preview:large, max-video-preview:-1\" \/>\n<link rel=\"canonical\" href=\"https:\/\/www.nexoinformativo.mx\/index.php\/2025\/03\/04\/queretaro-por-la-paz-kuri-presenta-resultados-de-programa-que-beneficia-a-miles-de-estudiantes\/\" \/>\n<meta property=\"og:locale\" content=\"es_MX\" \/>\n<meta property=\"og:type\" content=\"article\" \/>\n<meta property=\"og:title\" content=\"\u00a1Quer\u00e9taro por la paz! Kuri presenta resultados de programa que beneficia a miles de estudiantes | Nexo Informativo Santiago de Quer\u00e9taro\" \/>\n<meta property=\"og:description\" content=\"\u00a1Quer\u00e9taro por la paz! Kuri presenta resultados de programa que beneficia a miles de estudiantes\" \/>\n<meta property=\"og:url\" content=\"https:\/\/www.nexoinformativo.mx\/index.php\/2025\/03\/04\/queretaro-por-la-paz-kuri-presenta-resultados-de-programa-que-beneficia-a-miles-de-estudiantes\/\" \/>\n<meta property=\"og:site_name\" content=\"Nexo Informativo Santiago de Quer\u00e9taro\" \/>\n<meta property=\"article:publisher\" content=\"https:\/\/www.facebook.com\/people\/Nexo-Informativo\/61564066885511\/\" \/>\n<meta property=\"article:published_time\" content=\"2025-03-04T12:30:55+00:00\" \/>\n<meta property=\"article:modified_time\" content=\"2025-03-04T16:12:55+00:00\" \/>\n<meta property=\"og:image\" content=\"https:\/\/www.nexoinformativo.mx\/wp-content\/uploads\/2025\/03\/PHOTO-2025-03-04-07-34-40-e1741104646147.jpg\" \/>\n\t<meta property=\"og:image:width\" content=\"800\" \/>\n\t<meta property=\"og:image:height\" content=\"556\" \/>\n\t<meta property=\"og:image:type\" content=\"image\/jpeg\" \/>\n<meta name=\"author\" content=\"Nexo Informativo\" \/>\n<meta name=\"twitter:card\" content=\"summary_large_image\" \/>\n<meta name=\"twitter:label1\" content=\"Escrito por\" \/>\n\t<meta name=\"twitter:data1\" content=\"Nexo Informativo\" \/>\n\t<meta name=\"twitter:label2\" content=\"Tiempo de lectura\" \/>\n\t<meta name=\"twitter:data2\" content=\"2 minutos\" \/>\n<script type=\"application\/ld+json\" class=\"yoast-schema-graph\">{\"@context\":\"https:\/\/schema.org\",\"@graph\":[{\"@type\":\"Article\",\"@id\":\"https:\/\/www.nexoinformativo.mx\/index.php\/2025\/03\/04\/queretaro-por-la-paz-kuri-presenta-resultados-de-programa-que-beneficia-a-miles-de-estudiantes\/#article\",\"isPartOf\":{\"@id\":\"https:\/\/www.nexoinformativo.mx\/index.php\/2025\/03\/04\/queretaro-por-la-paz-kuri-presenta-resultados-de-programa-que-beneficia-a-miles-de-estudiantes\/\"},\"author\":{\"name\":\"Nexo Informativo\",\"@id\":\"https:\/\/www.nexoinformativo.mx\/#\/schema\/person\/7749d380ba08c8ca00d7bc76fd907b7d\"},\"headline\":\"\u00a1Quer\u00e9taro por la paz! Kuri presenta resultados de programa que beneficia a miles de estudiantes\",\"datePublished\":\"2025-03-04T12:30:55+00:00\",\"dateModified\":\"2025-03-04T16:12:55+00:00\",\"mainEntityOfPage\":{\"@id\":\"https:\/\/www.nexoinformativo.mx\/index.php\/2025\/03\/04\/queretaro-por-la-paz-kuri-presenta-resultados-de-programa-que-beneficia-a-miles-de-estudiantes\/\"},\"wordCount\":243,\"commentCount\":0,\"publisher\":{\"@id\":\"https:\/\/www.nexoinformativo.mx\/#organization\"},\"image\":{\"@id\":\"https:\/\/www.nexoinformativo.mx\/index.php\/2025\/03\/04\/queretaro-por-la-paz-kuri-presenta-resultados-de-programa-que-beneficia-a-miles-de-estudiantes\/#primaryimage\"},\"thumbnailUrl\":\"https:\/\/www.nexoinformativo.mx\/wp-content\/uploads\/2025\/03\/PHOTO-2025-03-04-07-34-40-e1741104646147.jpg\",\"keywords\":[\"Educaci\u00f3nQro\",\"EnSusMarcasListosPorLaPaz\",\"MauricioKuri\",\"Quer\u00e9taroPorLaPaz\"],\"articleSection\":[\"Estado\",\"\u00daltima Hora\"],\"inLanguage\":\"es\",\"potentialAction\":[{\"@type\":\"CommentAction\",\"name\":\"Comment\",\"target\":[\"https:\/\/www.nexoinformativo.mx\/index.php\/2025\/03\/04\/queretaro-por-la-paz-kuri-presenta-resultados-de-programa-que-beneficia-a-miles-de-estudiantes\/#respond\"]}]},{\"@type\":\"WebPage\",\"@id\":\"https:\/\/www.nexoinformativo.mx\/index.php\/2025\/03\/04\/queretaro-por-la-paz-kuri-presenta-resultados-de-programa-que-beneficia-a-miles-de-estudiantes\/\",\"url\":\"https:\/\/www.nexoinformativo.mx\/index.php\/2025\/03\/04\/queretaro-por-la-paz-kuri-presenta-resultados-de-programa-que-beneficia-a-miles-de-estudiantes\/\",\"name\":\"\u00a1Quer\u00e9taro por la paz! Kuri presenta resultados de programa que beneficia a miles de estudiantes | Nexo Informativo Santiago de Quer\u00e9taro\",\"isPartOf\":{\"@id\":\"https:\/\/www.nexoinformativo.mx\/#website\"},\"primaryImageOfPage\":{\"@id\":\"https:\/\/www.nexoinformativo.mx\/index.php\/2025\/03\/04\/queretaro-por-la-paz-kuri-presenta-resultados-de-programa-que-beneficia-a-miles-de-estudiantes\/#primaryimage\"},\"image\":{\"@id\":\"https:\/\/www.nexoinformativo.mx\/index.php\/2025\/03\/04\/queretaro-por-la-paz-kuri-presenta-resultados-de-programa-que-beneficia-a-miles-de-estudiantes\/#primaryimage\"},\"thumbnailUrl\":\"https:\/\/www.nexoinformativo.mx\/wp-content\/uploads\/2025\/03\/PHOTO-2025-03-04-07-34-40-e1741104646147.jpg\",\"datePublished\":\"2025-03-04T12:30:55+00:00\",\"dateModified\":\"2025-03-04T16:12:55+00:00\",\"description\":\"\u00a1Quer\u00e9taro por la paz! Kuri presenta resultados de programa que beneficia a miles de estudiantes\",\"breadcrumb\":{\"@id\":\"https:\/\/www.nexoinformativo.mx\/index.php\/2025\/03\/04\/queretaro-por-la-paz-kuri-presenta-resultados-de-programa-que-beneficia-a-miles-de-estudiantes\/#breadcrumb\"},\"inLanguage\":\"es\",\"potentialAction\":[{\"@type\":\"ReadAction\",\"target\":[\"https:\/\/www.nexoinformativo.mx\/index.php\/2025\/03\/04\/queretaro-por-la-paz-kuri-presenta-resultados-de-programa-que-beneficia-a-miles-de-estudiantes\/\"]}]},{\"@type\":\"ImageObject\",\"inLanguage\":\"es\",\"@id\":\"https:\/\/www.nexoinformativo.mx\/index.php\/2025\/03\/04\/queretaro-por-la-paz-kuri-presenta-resultados-de-programa-que-beneficia-a-miles-de-estudiantes\/#primaryimage\",\"url\":\"https:\/\/www.nexoinformativo.mx\/wp-content\/uploads\/2025\/03\/PHOTO-2025-03-04-07-34-40-e1741104646147.jpg\",\"contentUrl\":\"https:\/\/www.nexoinformativo.mx\/wp-content\/uploads\/2025\/03\/PHOTO-2025-03-04-07-34-40-e1741104646147.jpg\",\"width\":800,\"height\":556},{\"@type\":\"BreadcrumbList\",\"@id\":\"https:\/\/www.nexoinformativo.mx\/index.php\/2025\/03\/04\/queretaro-por-la-paz-kuri-presenta-resultados-de-programa-que-beneficia-a-miles-de-estudiantes\/#breadcrumb\",\"itemListElement\":[{\"@type\":\"ListItem\",\"position\":1,\"name\":\"Inicio\",\"item\":\"https:\/\/www.nexoinformativo.mx\/\"},{\"@type\":\"ListItem\",\"position\":2,\"name\":\"\u00a1Quer\u00e9taro por la paz! Kuri presenta resultados de programa que beneficia a miles de estudiantes\"}]},{\"@type\":\"WebSite\",\"@id\":\"https:\/\/www.nexoinformativo.mx\/#website\",\"url\":\"https:\/\/www.nexoinformativo.mx\/\",\"name\":\"Nexo Informativo Santiago de Quer\u00e9taro\",\"description\":\"Explora NexoInformativo y convi\u00e9rtete en parte de una comunidad que valora el conocimiento y la verdad. Tu nexoinformativo es tu puente hacia una comprensi\u00f3n m\u00e1s profunda del mundo que te rodea.\",\"publisher\":{\"@id\":\"https:\/\/www.nexoinformativo.mx\/#organization\"},\"potentialAction\":[{\"@type\":\"SearchAction\",\"target\":{\"@type\":\"EntryPoint\",\"urlTemplate\":\"https:\/\/www.nexoinformativo.mx\/?s={search_term_string}\"},\"query-input\":{\"@type\":\"PropertyValueSpecification\",\"valueRequired\":true,\"valueName\":\"search_term_string\"}}],\"inLanguage\":\"es\"},{\"@type\":\"Organization\",\"@id\":\"https:\/\/www.nexoinformativo.mx\/#organization\",\"name\":\"Nexo Informativo Santiago de Quer\u00e9taro\",\"url\":\"https:\/\/www.nexoinformativo.mx\/\",\"logo\":{\"@type\":\"ImageObject\",\"inLanguage\":\"es\",\"@id\":\"https:\/\/www.nexoinformativo.mx\/#\/schema\/logo\/image\/\",\"url\":\"https:\/\/www.nexoinformativo.mx\/wp-content\/uploads\/2024\/07\/nexoi-trasparente-2.png\",\"contentUrl\":\"https:\/\/www.nexoinformativo.mx\/wp-content\/uploads\/2024\/07\/nexoi-trasparente-2.png\",\"width\":816,\"height\":339,\"caption\":\"Nexo Informativo Santiago de Quer\u00e9taro\"},\"image\":{\"@id\":\"https:\/\/www.nexoinformativo.mx\/#\/schema\/logo\/image\/\"},\"sameAs\":[\"https:\/\/www.facebook.com\/people\/Nexo-Informativo\/61564066885511\/\"]},{\"@type\":\"Person\",\"@id\":\"https:\/\/www.nexoinformativo.mx\/#\/schema\/person\/7749d380ba08c8ca00d7bc76fd907b7d\",\"name\":\"Nexo Informativo\",\"image\":{\"@type\":\"ImageObject\",\"inLanguage\":\"es\",\"@id\":\"https:\/\/www.nexoinformativo.mx\/#\/schema\/person\/image\/\",\"url\":\"https:\/\/secure.gravatar.com\/avatar\/dde2928154642a13d95f87ddf1ea9718fe2b46760a005c53e41ff5ad610704e6?s=96&d=mm&r=g\",\"contentUrl\":\"https:\/\/secure.gravatar.com\/avatar\/dde2928154642a13d95f87ddf1ea9718fe2b46760a005c53e41ff5ad610704e6?s=96&d=mm&r=g\",\"caption\":\"Nexo Informativo\"},\"url\":\"https:\/\/www.nexoinformativo.mx\/index.php\/author\/edicion\/\"}]}<\/script>\n<!-- \/ Yoast SEO plugin. -->","yoast_head_json":{"title":"\u00a1Quer\u00e9taro por la paz! Kuri presenta resultados de programa que beneficia a miles de estudiantes | Nexo Informativo Santiago de Quer\u00e9taro","description":"\u00a1Quer\u00e9taro por la paz! Kuri presenta resultados de programa que beneficia a miles de estudiantes","robots":{"index":"index","follow":"follow","max-snippet":"max-snippet:-1","max-image-preview":"max-image-preview:large","max-video-preview":"max-video-preview:-1"},"canonical":"https:\/\/www.nexoinformativo.mx\/index.php\/2025\/03\/04\/queretaro-por-la-paz-kuri-presenta-resultados-de-programa-que-beneficia-a-miles-de-estudiantes\/","og_locale":"es_MX","og_type":"article","og_title":"\u00a1Quer\u00e9taro por la paz! Kuri presenta resultados de programa que beneficia a miles de estudiantes | Nexo Informativo Santiago de Quer\u00e9taro","og_description":"\u00a1Quer\u00e9taro por la paz! Kuri presenta resultados de programa que beneficia a miles de estudiantes","og_url":"https:\/\/www.nexoinformativo.mx\/index.php\/2025\/03\/04\/queretaro-por-la-paz-kuri-presenta-resultados-de-programa-que-beneficia-a-miles-de-estudiantes\/","og_site_name":"Nexo Informativo Santiago de Quer\u00e9taro","article_publisher":"https:\/\/www.facebook.com\/people\/Nexo-Informativo\/61564066885511\/","article_published_time":"2025-03-04T12:30:55+00:00","article_modified_time":"2025-03-04T16:12:55+00:00","og_image":[{"width":800,"height":556,"url":"https:\/\/www.nexoinformativo.mx\/wp-content\/uploads\/2025\/03\/PHOTO-2025-03-04-07-34-40-e1741104646147.jpg","type":"image\/jpeg"}],"author":"Nexo Informativo","twitter_card":"summary_large_image","twitter_misc":{"Escrito por":"Nexo Informativo","Tiempo de lectura":"2 minutos"},"schema":{"@context":"https:\/\/schema.org","@graph":[{"@type":"Article","@id":"https:\/\/www.nexoinformativo.mx\/index.php\/2025\/03\/04\/queretaro-por-la-paz-kuri-presenta-resultados-de-programa-que-beneficia-a-miles-de-estudiantes\/#article","isPartOf":{"@id":"https:\/\/www.nexoinformativo.mx\/index.php\/2025\/03\/04\/queretaro-por-la-paz-kuri-presenta-resultados-de-programa-que-beneficia-a-miles-de-estudiantes\/"},"author":{"name":"Nexo Informativo","@id":"https:\/\/www.nexoinformativo.mx\/#\/schema\/person\/7749d380ba08c8ca00d7bc76fd907b7d"},"headline":"\u00a1Quer\u00e9taro por la paz! Kuri presenta resultados de programa que beneficia a miles de estudiantes","datePublished":"2025-03-04T12:30:55+00:00","dateModified":"2025-03-04T16:12:55+00:00","mainEntityOfPage":{"@id":"https:\/\/www.nexoinformativo.mx\/index.php\/2025\/03\/04\/queretaro-por-la-paz-kuri-presenta-resultados-de-programa-que-beneficia-a-miles-de-estudiantes\/"},"wordCount":243,"commentCount":0,"publisher":{"@id":"https:\/\/www.nexoinformativo.mx\/#organization"},"image":{"@id":"https:\/\/www.nexoinformativo.mx\/index.php\/2025\/03\/04\/queretaro-por-la-paz-kuri-presenta-resultados-de-programa-que-beneficia-a-miles-de-estudiantes\/#primaryimage"},"thumbnailUrl":"https:\/\/www.nexoinformativo.mx\/wp-content\/uploads\/2025\/03\/PHOTO-2025-03-04-07-34-40-e1741104646147.jpg","keywords":["Educaci\u00f3nQro","EnSusMarcasListosPorLaPaz","MauricioKuri","Quer\u00e9taroPorLaPaz"],"articleSection":["Estado","\u00daltima Hora"],"inLanguage":"es","potentialAction":[{"@type":"CommentAction","name":"Comment","target":["https:\/\/www.nexoinformativo.mx\/index.php\/2025\/03\/04\/queretaro-por-la-paz-kuri-presenta-resultados-de-programa-que-beneficia-a-miles-de-estudiantes\/#respond"]}]},{"@type":"WebPage","@id":"https:\/\/www.nexoinformativo.mx\/index.php\/2025\/03\/04\/queretaro-por-la-paz-kuri-presenta-resultados-de-programa-que-beneficia-a-miles-de-estudiantes\/","url":"https:\/\/www.nexoinformativo.mx\/index.php\/2025\/03\/04\/queretaro-por-la-paz-kuri-presenta-resultados-de-programa-que-beneficia-a-miles-de-estudiantes\/","name":"\u00a1Quer\u00e9taro por la paz! Kuri presenta resultados de programa que beneficia a miles de estudiantes | Nexo Informativo Santiago de Quer\u00e9taro","isPartOf":{"@id":"https:\/\/www.nexoinformativo.mx\/#website"},"primaryImageOfPage":{"@id":"https:\/\/www.nexoinformativo.mx\/index.php\/2025\/03\/04\/queretaro-por-la-paz-kuri-presenta-resultados-de-programa-que-beneficia-a-miles-de-estudiantes\/#primaryimage"},"image":{"@id":"https:\/\/www.nexoinformativo.mx\/index.php\/2025\/03\/04\/queretaro-por-la-paz-kuri-presenta-resultados-de-programa-que-beneficia-a-miles-de-estudiantes\/#primaryimage"},"thumbnailUrl":"https:\/\/www.nexoinformativo.mx\/wp-content\/uploads\/2025\/03\/PHOTO-2025-03-04-07-34-40-e1741104646147.jpg","datePublished":"2025-03-04T12:30:55+00:00","dateModified":"2025-03-04T16:12:55+00:00","description":"\u00a1Quer\u00e9taro por la paz! Kuri presenta resultados de programa que beneficia a miles de estudiantes","breadcrumb":{"@id":"https:\/\/www.nexoinformativo.mx\/index.php\/2025\/03\/04\/queretaro-por-la-paz-kuri-presenta-resultados-de-programa-que-beneficia-a-miles-de-estudiantes\/#breadcrumb"},"inLanguage":"es","potentialAction":[{"@type":"ReadAction","target":["https:\/\/www.nexoinformativo.mx\/index.php\/2025\/03\/04\/queretaro-por-la-paz-kuri-presenta-resultados-de-programa-que-beneficia-a-miles-de-estudiantes\/"]}]},{"@type":"ImageObject","inLanguage":"es","@id":"https:\/\/www.nexoinformativo.mx\/index.php\/2025\/03\/04\/queretaro-por-la-paz-kuri-presenta-resultados-de-programa-que-beneficia-a-miles-de-estudiantes\/#primaryimage","url":"https:\/\/www.nexoinformativo.mx\/wp-content\/uploads\/2025\/03\/PHOTO-2025-03-04-07-34-40-e1741104646147.jpg","contentUrl":"https:\/\/www.nexoinformativo.mx\/wp-content\/uploads\/2025\/03\/PHOTO-2025-03-04-07-34-40-e1741104646147.jpg","width":800,"height":556},{"@type":"BreadcrumbList","@id":"https:\/\/www.nexoinformativo.mx\/index.php\/2025\/03\/04\/queretaro-por-la-paz-kuri-presenta-resultados-de-programa-que-beneficia-a-miles-de-estudiantes\/#breadcrumb","itemListElement":[{"@type":"ListItem","position":1,"name":"Inicio","item":"https:\/\/www.nexoinformativo.mx\/"},{"@type":"ListItem","position":2,"name":"\u00a1Quer\u00e9taro por la paz! Kuri presenta resultados de programa que beneficia a miles de estudiantes"}]},{"@type":"WebSite","@id":"https:\/\/www.nexoinformativo.mx\/#website","url":"https:\/\/www.nexoinformativo.mx\/","name":"Nexo Informativo Santiago de Quer\u00e9taro","description":"Explora NexoInformativo y convi\u00e9rtete en parte de una comunidad que valora el conocimiento y la verdad. Tu nexoinformativo es tu puente hacia una comprensi\u00f3n m\u00e1s profunda del mundo que te rodea.","publisher":{"@id":"https:\/\/www.nexoinformativo.mx\/#organization"},"potentialAction":[{"@type":"SearchAction","target":{"@type":"EntryPoint","urlTemplate":"https:\/\/www.nexoinformativo.mx\/?s={search_term_string}"},"query-input":{"@type":"PropertyValueSpecification","valueRequired":true,"valueName":"search_term_string"}}],"inLanguage":"es"},{"@type":"Organization","@id":"https:\/\/www.nexoinformativo.mx\/#organization","name":"Nexo Informativo Santiago de Quer\u00e9taro","url":"https:\/\/www.nexoinformativo.mx\/","logo":{"@type":"ImageObject","inLanguage":"es","@id":"https:\/\/www.nexoinformativo.mx\/#\/schema\/logo\/image\/","url":"https:\/\/www.nexoinformativo.mx\/wp-content\/uploads\/2024\/07\/nexoi-trasparente-2.png","contentUrl":"https:\/\/www.nexoinformativo.mx\/wp-content\/uploads\/2024\/07\/nexoi-trasparente-2.png","width":816,"height":339,"caption":"Nexo Informativo Santiago de Quer\u00e9taro"},"image":{"@id":"https:\/\/www.nexoinformativo.mx\/#\/schema\/logo\/image\/"},"sameAs":["https:\/\/www.facebook.com\/people\/Nexo-Informativo\/61564066885511\/"]},{"@type":"Person","@id":"https:\/\/www.nexoinformativo.mx\/#\/schema\/person\/7749d380ba08c8ca00d7bc76fd907b7d","name":"Nexo Informativo","image":{"@type":"ImageObject","inLanguage":"es","@id":"https:\/\/www.nexoinformativo.mx\/#\/schema\/person\/image\/","url":"https:\/\/secure.gravatar.com\/avatar\/dde2928154642a13d95f87ddf1ea9718fe2b46760a005c53e41ff5ad610704e6?s=96&d=mm&r=g","contentUrl":"https:\/\/secure.gravatar.com\/avatar\/dde2928154642a13d95f87ddf1ea9718fe2b46760a005c53e41ff5ad610704e6?s=96&d=mm&r=g","caption":"Nexo Informativo"},"url":"https:\/\/www.nexoinformativo.mx\/index.php\/author\/edicion\/"}]}},"_links":{"self":[{"href":"https:\/\/www.nexoinformativo.mx\/index.php\/wp-json\/wp\/v2\/posts\/12357","targetHints":{"allow":["GET"]}}],"collection":[{"href":"https:\/\/www.nexoinformativo.mx\/index.php\/wp-json\/wp\/v2\/posts"}],"about":[{"href":"https:\/\/www.nexoinformativo.mx\/index.php\/wp-json\/wp\/v2\/types\/post"}],"author":[{"embeddable":true,"href":"https:\/\/www.nexoinformativo.mx\/index.php\/wp-json\/wp\/v2\/users\/3"}],"replies":[{"embeddable":true,"href":"https:\/\/www.nexoinformativo.mx\/index.php\/wp-json\/wp\/v2\/comments?post=12357"}],"version-history":[{"count":3,"href":"https:\/\/www.nexoinformativo.mx\/index.php\/wp-json\/wp\/v2\/posts\/12357\/revisions"}],"predecessor-version":[{"id":12361,"href":"https:\/\/www.nexoinformativo.mx\/index.php\/wp-json\/wp\/v2\/posts\/12357\/revisions\/12361"}],"wp:featuredmedia":[{"embeddable":true,"href":"https:\/\/www.nexoinformativo.mx\/index.php\/wp-json\/wp\/v2\/media\/12358"}],"wp:attachment":[{"href":"https:\/\/www.nexoinformativo.mx\/index.php\/wp-json\/wp\/v2\/media?parent=12357"}],"wp:term":[{"taxonomy":"category","embeddable":true,"href":"https:\/\/www.nexoinformativo.mx\/index.php\/wp-json\/wp\/v2\/categories?post=12357"},{"taxonomy":"post_tag","embeddable":true,"href":"https:\/\/www.nexoinformativo.mx\/index.php\/wp-json\/wp\/v2\/tags?post=12357"}],"curies":[{"name":"wp","href":"https:\/\/api.w.org\/{rel}","templated":true}]}}