{"id":12373,"date":"2025-03-04T08:00:14","date_gmt":"2025-03-04T14:00:14","guid":{"rendered":"https:\/\/www.nexoinformativo.mx\/?p=12373"},"modified":"2025-03-04T10:27:30","modified_gmt":"2025-03-04T16:27:30","slug":"anuncian-la-feria-del-nopal-pulque-y-gordita-2025-con-majo-aguilar-en-colon","status":"publish","type":"post","link":"https:\/\/www.nexoinformativo.mx\/index.php\/2025\/03\/04\/anuncian-la-feria-del-nopal-pulque-y-gordita-2025-con-majo-aguilar-en-colon\/","title":{"rendered":"Anuncian la Feria del Nopal, Pulque y Gordita  2025 con Majo Aguilar en Col\u00f3n"},"content":{"rendered":"<p style=\"text-align: justify;\" data-sourcepos=\"13:1-13:416\">El municipio de Col\u00f3n se alista para celebrar la tradicional <strong>Feria del Nopal, el Pulque y la Gordita<\/strong>, un evento que promete deleitar a los visitantes con los sabores aut\u00e9nticos del semidesierto queretano.<\/p>\n<\/p>\n<p>&nbsp;<\/p>\n<p style=\"text-align: justify;\" data-sourcepos=\"13:1-13:416\">La feria se llevar\u00e1 a cabo los d\u00edas<strong> 14, 15 y 16 de marzo<\/strong>, y se espera la asistencia de m\u00e1s de 10 mil personas, generando una derrama econ\u00f3mica cercana a los cinco millones de pesos.<\/p>\n<\/p>\n<p>&nbsp;<\/p>\n<p style=\"text-align: justify;\" data-sourcepos=\"15:1-15:256\">Rodrigo Ibarra Lozano, director de promoci\u00f3n tur\u00edstica de la SECTUR, destac\u00f3 la importancia de esta feria para fortalecer la gastronom\u00eda regional, especialmente ahora que Quer\u00e9taro ostenta el t\u00edtulo de Capital Iberoamericana de la Gastronom\u00eda de Encuentro.<\/p>\n<\/p>\n<p>&nbsp;<\/p>\n<p style=\"text-align: justify;\" data-sourcepos=\"17:1-17:246\">El presidente municipal de Col\u00f3n, Gaspar Trueba, inform\u00f3 que m\u00e1s de 68 productores participar\u00e1n en la feria, ofreciendo platillos elaborados con nopal, una variedad de pulques y las tradicionales gorditas, adem\u00e1s de productos artesanales y vinos.<\/p>\n<\/p>\n<p>&nbsp;<\/p>\n<p style=\"text-align: justify;\" data-sourcepos=\"19:1-19:232\">La feria contar\u00e1 con una programaci\u00f3n variada que incluye presentaciones art\u00edsticas, como la de la cantante Majo Aguilar el s\u00e1bado 15 de marzo, talleres de cocina para ni\u00f1os, muestras gastron\u00f3micas y el concurso de <strong>&#8220;nopal en penca&#8221;<\/strong>.<\/p>\n<\/p>\n<p>&nbsp;<\/p>\n<p style=\"text-align: center;\" data-sourcepos=\"19:1-19:232\"><em><strong>\u00a1Informaci\u00f3n que transforma!<\/strong><\/em><\/p>\n","protected":false},"excerpt":{"rendered":"<p>El municipio de Col\u00f3n se alista para celebrar la tradicional Feria del Nopal, el Pulque y la Gordita, un evento que promete deleitar a los visitantes con los sabores aut\u00e9nticos del semidesierto queretano.<\/p>\n","protected":false},"author":3,"featured_media":12374,"comment_status":"open","ping_status":"open","sticky":false,"template":"","format":"standard","meta":{"footnotes":""},"categories":[50,65,58],"tags":[3637,295,3638,3639],"class_list":["post-12373","post","type-post","status-publish","format-standard","has-post-thumbnail","hentry","category-espectaculos","category-municipios","category-ultima-hora","tag-feriacolon","tag-gastronomiaqueretaro","tag-nopalpulquegordita","tag-turismoqro"],"yoast_head":"<!-- This site is optimized with the Yoast SEO plugin v25.0 - https:\/\/yoast.com\/wordpress\/plugins\/seo\/ -->\n<title>Anuncian la Feria del Nopal, Pulque y Gordita 2025 con Majo Aguilar en Col\u00f3n | Nexo Informativo Santiago de Quer\u00e9taro<\/title>\n<meta name=\"description\" content=\"Anuncian la Feria del Nopal, Pulque y Gordita 2025 con Majo Aguilar en Col\u00f3n\" \/>\n<meta name=\"robots\" content=\"index, follow, max-snippet:-1, max-image-preview:large, max-video-preview:-1\" \/>\n<link rel=\"canonical\" href=\"https:\/\/www.nexoinformativo.mx\/index.php\/2025\/03\/04\/anuncian-la-feria-del-nopal-pulque-y-gordita-2025-con-majo-aguilar-en-colon\/\" \/>\n<meta property=\"og:locale\" content=\"es_MX\" \/>\n<meta property=\"og:type\" content=\"article\" \/>\n<meta property=\"og:title\" content=\"Anuncian la Feria del Nopal, Pulque y Gordita 2025 con Majo Aguilar en Col\u00f3n | Nexo Informativo Santiago de Quer\u00e9taro\" \/>\n<meta property=\"og:description\" content=\"Anuncian la Feria del Nopal, Pulque y Gordita 2025 con Majo Aguilar en Col\u00f3n\" \/>\n<meta property=\"og:url\" content=\"https:\/\/www.nexoinformativo.mx\/index.php\/2025\/03\/04\/anuncian-la-feria-del-nopal-pulque-y-gordita-2025-con-majo-aguilar-en-colon\/\" \/>\n<meta property=\"og:site_name\" content=\"Nexo Informativo Santiago de Quer\u00e9taro\" \/>\n<meta property=\"article:publisher\" content=\"https:\/\/www.facebook.com\/people\/Nexo-Informativo\/61564066885511\/\" \/>\n<meta property=\"article:published_time\" content=\"2025-03-04T14:00:14+00:00\" \/>\n<meta property=\"article:modified_time\" content=\"2025-03-04T16:27:30+00:00\" \/>\n<meta property=\"og:image\" content=\"https:\/\/www.nexoinformativo.mx\/wp-content\/uploads\/2025\/03\/PHOTO-2025-03-04-07-38-56-e1741105617663.jpg\" \/>\n\t<meta property=\"og:image:width\" content=\"800\" \/>\n\t<meta property=\"og:image:height\" content=\"533\" \/>\n\t<meta property=\"og:image:type\" content=\"image\/jpeg\" \/>\n<meta name=\"author\" content=\"Nexo Informativo\" \/>\n<meta name=\"twitter:card\" content=\"summary_large_image\" \/>\n<meta name=\"twitter:label1\" content=\"Escrito por\" \/>\n\t<meta name=\"twitter:data1\" content=\"Nexo Informativo\" \/>\n\t<meta name=\"twitter:label2\" content=\"Tiempo de lectura\" \/>\n\t<meta name=\"twitter:data2\" content=\"2 minutos\" \/>\n<script type=\"application\/ld+json\" class=\"yoast-schema-graph\">{\"@context\":\"https:\/\/schema.org\",\"@graph\":[{\"@type\":\"Article\",\"@id\":\"https:\/\/www.nexoinformativo.mx\/index.php\/2025\/03\/04\/anuncian-la-feria-del-nopal-pulque-y-gordita-2025-con-majo-aguilar-en-colon\/#article\",\"isPartOf\":{\"@id\":\"https:\/\/www.nexoinformativo.mx\/index.php\/2025\/03\/04\/anuncian-la-feria-del-nopal-pulque-y-gordita-2025-con-majo-aguilar-en-colon\/\"},\"author\":{\"name\":\"Nexo Informativo\",\"@id\":\"https:\/\/www.nexoinformativo.mx\/#\/schema\/person\/7749d380ba08c8ca00d7bc76fd907b7d\"},\"headline\":\"Anuncian la Feria del Nopal, Pulque y Gordita 2025 con Majo Aguilar en Col\u00f3n\",\"datePublished\":\"2025-03-04T14:00:14+00:00\",\"dateModified\":\"2025-03-04T16:27:30+00:00\",\"mainEntityOfPage\":{\"@id\":\"https:\/\/www.nexoinformativo.mx\/index.php\/2025\/03\/04\/anuncian-la-feria-del-nopal-pulque-y-gordita-2025-con-majo-aguilar-en-colon\/\"},\"wordCount\":215,\"commentCount\":0,\"publisher\":{\"@id\":\"https:\/\/www.nexoinformativo.mx\/#organization\"},\"image\":{\"@id\":\"https:\/\/www.nexoinformativo.mx\/index.php\/2025\/03\/04\/anuncian-la-feria-del-nopal-pulque-y-gordita-2025-con-majo-aguilar-en-colon\/#primaryimage\"},\"thumbnailUrl\":\"https:\/\/www.nexoinformativo.mx\/wp-content\/uploads\/2025\/03\/PHOTO-2025-03-04-07-38-56-e1741105617663.jpg\",\"keywords\":[\"FeriaCol\u00f3n\",\"Gastronom\u00edaQuer\u00e9taro\",\"NopalPulqueGordita\",\"TurismoQro\"],\"articleSection\":[\"Espect\u00e1culos\",\"Municipios\",\"\u00daltima Hora\"],\"inLanguage\":\"es\",\"potentialAction\":[{\"@type\":\"CommentAction\",\"name\":\"Comment\",\"target\":[\"https:\/\/www.nexoinformativo.mx\/index.php\/2025\/03\/04\/anuncian-la-feria-del-nopal-pulque-y-gordita-2025-con-majo-aguilar-en-colon\/#respond\"]}]},{\"@type\":\"WebPage\",\"@id\":\"https:\/\/www.nexoinformativo.mx\/index.php\/2025\/03\/04\/anuncian-la-feria-del-nopal-pulque-y-gordita-2025-con-majo-aguilar-en-colon\/\",\"url\":\"https:\/\/www.nexoinformativo.mx\/index.php\/2025\/03\/04\/anuncian-la-feria-del-nopal-pulque-y-gordita-2025-con-majo-aguilar-en-colon\/\",\"name\":\"Anuncian la Feria del Nopal, Pulque y Gordita 2025 con Majo Aguilar en Col\u00f3n | Nexo Informativo Santiago de Quer\u00e9taro\",\"isPartOf\":{\"@id\":\"https:\/\/www.nexoinformativo.mx\/#website\"},\"primaryImageOfPage\":{\"@id\":\"https:\/\/www.nexoinformativo.mx\/index.php\/2025\/03\/04\/anuncian-la-feria-del-nopal-pulque-y-gordita-2025-con-majo-aguilar-en-colon\/#primaryimage\"},\"image\":{\"@id\":\"https:\/\/www.nexoinformativo.mx\/index.php\/2025\/03\/04\/anuncian-la-feria-del-nopal-pulque-y-gordita-2025-con-majo-aguilar-en-colon\/#primaryimage\"},\"thumbnailUrl\":\"https:\/\/www.nexoinformativo.mx\/wp-content\/uploads\/2025\/03\/PHOTO-2025-03-04-07-38-56-e1741105617663.jpg\",\"datePublished\":\"2025-03-04T14:00:14+00:00\",\"dateModified\":\"2025-03-04T16:27:30+00:00\",\"description\":\"Anuncian la Feria del Nopal, Pulque y Gordita 2025 con Majo Aguilar en Col\u00f3n\",\"breadcrumb\":{\"@id\":\"https:\/\/www.nexoinformativo.mx\/index.php\/2025\/03\/04\/anuncian-la-feria-del-nopal-pulque-y-gordita-2025-con-majo-aguilar-en-colon\/#breadcrumb\"},\"inLanguage\":\"es\",\"potentialAction\":[{\"@type\":\"ReadAction\",\"target\":[\"https:\/\/www.nexoinformativo.mx\/index.php\/2025\/03\/04\/anuncian-la-feria-del-nopal-pulque-y-gordita-2025-con-majo-aguilar-en-colon\/\"]}]},{\"@type\":\"ImageObject\",\"inLanguage\":\"es\",\"@id\":\"https:\/\/www.nexoinformativo.mx\/index.php\/2025\/03\/04\/anuncian-la-feria-del-nopal-pulque-y-gordita-2025-con-majo-aguilar-en-colon\/#primaryimage\",\"url\":\"https:\/\/www.nexoinformativo.mx\/wp-content\/uploads\/2025\/03\/PHOTO-2025-03-04-07-38-56-e1741105617663.jpg\",\"contentUrl\":\"https:\/\/www.nexoinformativo.mx\/wp-content\/uploads\/2025\/03\/PHOTO-2025-03-04-07-38-56-e1741105617663.jpg\",\"width\":800,\"height\":533},{\"@type\":\"BreadcrumbList\",\"@id\":\"https:\/\/www.nexoinformativo.mx\/index.php\/2025\/03\/04\/anuncian-la-feria-del-nopal-pulque-y-gordita-2025-con-majo-aguilar-en-colon\/#breadcrumb\",\"itemListElement\":[{\"@type\":\"ListItem\",\"position\":1,\"name\":\"Inicio\",\"item\":\"https:\/\/www.nexoinformativo.mx\/\"},{\"@type\":\"ListItem\",\"position\":2,\"name\":\"Anuncian la Feria del Nopal, Pulque y Gordita 2025 con Majo Aguilar en Col\u00f3n\"}]},{\"@type\":\"WebSite\",\"@id\":\"https:\/\/www.nexoinformativo.mx\/#website\",\"url\":\"https:\/\/www.nexoinformativo.mx\/\",\"name\":\"Nexo Informativo Santiago de Quer\u00e9taro\",\"description\":\"Explora NexoInformativo y convi\u00e9rtete en parte de una comunidad que valora el conocimiento y la verdad. Tu nexoinformativo es tu puente hacia una comprensi\u00f3n m\u00e1s profunda del mundo que te rodea.\",\"publisher\":{\"@id\":\"https:\/\/www.nexoinformativo.mx\/#organization\"},\"potentialAction\":[{\"@type\":\"SearchAction\",\"target\":{\"@type\":\"EntryPoint\",\"urlTemplate\":\"https:\/\/www.nexoinformativo.mx\/?s={search_term_string}\"},\"query-input\":{\"@type\":\"PropertyValueSpecification\",\"valueRequired\":true,\"valueName\":\"search_term_string\"}}],\"inLanguage\":\"es\"},{\"@type\":\"Organization\",\"@id\":\"https:\/\/www.nexoinformativo.mx\/#organization\",\"name\":\"Nexo Informativo Santiago de Quer\u00e9taro\",\"url\":\"https:\/\/www.nexoinformativo.mx\/\",\"logo\":{\"@type\":\"ImageObject\",\"inLanguage\":\"es\",\"@id\":\"https:\/\/www.nexoinformativo.mx\/#\/schema\/logo\/image\/\",\"url\":\"https:\/\/www.nexoinformativo.mx\/wp-content\/uploads\/2024\/07\/nexoi-trasparente-2.png\",\"contentUrl\":\"https:\/\/www.nexoinformativo.mx\/wp-content\/uploads\/2024\/07\/nexoi-trasparente-2.png\",\"width\":816,\"height\":339,\"caption\":\"Nexo Informativo Santiago de Quer\u00e9taro\"},\"image\":{\"@id\":\"https:\/\/www.nexoinformativo.mx\/#\/schema\/logo\/image\/\"},\"sameAs\":[\"https:\/\/www.facebook.com\/people\/Nexo-Informativo\/61564066885511\/\"]},{\"@type\":\"Person\",\"@id\":\"https:\/\/www.nexoinformativo.mx\/#\/schema\/person\/7749d380ba08c8ca00d7bc76fd907b7d\",\"name\":\"Nexo Informativo\",\"image\":{\"@type\":\"ImageObject\",\"inLanguage\":\"es\",\"@id\":\"https:\/\/www.nexoinformativo.mx\/#\/schema\/person\/image\/\",\"url\":\"https:\/\/secure.gravatar.com\/avatar\/dde2928154642a13d95f87ddf1ea9718fe2b46760a005c53e41ff5ad610704e6?s=96&d=mm&r=g\",\"contentUrl\":\"https:\/\/secure.gravatar.com\/avatar\/dde2928154642a13d95f87ddf1ea9718fe2b46760a005c53e41ff5ad610704e6?s=96&d=mm&r=g\",\"caption\":\"Nexo Informativo\"},\"url\":\"https:\/\/www.nexoinformativo.mx\/index.php\/author\/edicion\/\"}]}<\/script>\n<!-- \/ Yoast SEO plugin. -->","yoast_head_json":{"title":"Anuncian la Feria del Nopal, Pulque y Gordita 2025 con Majo Aguilar en Col\u00f3n | Nexo Informativo Santiago de Quer\u00e9taro","description":"Anuncian la Feria del Nopal, Pulque y Gordita 2025 con Majo Aguilar en Col\u00f3n","robots":{"index":"index","follow":"follow","max-snippet":"max-snippet:-1","max-image-preview":"max-image-preview:large","max-video-preview":"max-video-preview:-1"},"canonical":"https:\/\/www.nexoinformativo.mx\/index.php\/2025\/03\/04\/anuncian-la-feria-del-nopal-pulque-y-gordita-2025-con-majo-aguilar-en-colon\/","og_locale":"es_MX","og_type":"article","og_title":"Anuncian la Feria del Nopal, Pulque y Gordita 2025 con Majo Aguilar en Col\u00f3n | Nexo Informativo Santiago de Quer\u00e9taro","og_description":"Anuncian la Feria del Nopal, Pulque y Gordita 2025 con Majo Aguilar en Col\u00f3n","og_url":"https:\/\/www.nexoinformativo.mx\/index.php\/2025\/03\/04\/anuncian-la-feria-del-nopal-pulque-y-gordita-2025-con-majo-aguilar-en-colon\/","og_site_name":"Nexo Informativo Santiago de Quer\u00e9taro","article_publisher":"https:\/\/www.facebook.com\/people\/Nexo-Informativo\/61564066885511\/","article_published_time":"2025-03-04T14:00:14+00:00","article_modified_time":"2025-03-04T16:27:30+00:00","og_image":[{"width":800,"height":533,"url":"https:\/\/www.nexoinformativo.mx\/wp-content\/uploads\/2025\/03\/PHOTO-2025-03-04-07-38-56-e1741105617663.jpg","type":"image\/jpeg"}],"author":"Nexo Informativo","twitter_card":"summary_large_image","twitter_misc":{"Escrito por":"Nexo Informativo","Tiempo de lectura":"2 minutos"},"schema":{"@context":"https:\/\/schema.org","@graph":[{"@type":"Article","@id":"https:\/\/www.nexoinformativo.mx\/index.php\/2025\/03\/04\/anuncian-la-feria-del-nopal-pulque-y-gordita-2025-con-majo-aguilar-en-colon\/#article","isPartOf":{"@id":"https:\/\/www.nexoinformativo.mx\/index.php\/2025\/03\/04\/anuncian-la-feria-del-nopal-pulque-y-gordita-2025-con-majo-aguilar-en-colon\/"},"author":{"name":"Nexo Informativo","@id":"https:\/\/www.nexoinformativo.mx\/#\/schema\/person\/7749d380ba08c8ca00d7bc76fd907b7d"},"headline":"Anuncian la Feria del Nopal, Pulque y Gordita 2025 con Majo Aguilar en Col\u00f3n","datePublished":"2025-03-04T14:00:14+00:00","dateModified":"2025-03-04T16:27:30+00:00","mainEntityOfPage":{"@id":"https:\/\/www.nexoinformativo.mx\/index.php\/2025\/03\/04\/anuncian-la-feria-del-nopal-pulque-y-gordita-2025-con-majo-aguilar-en-colon\/"},"wordCount":215,"commentCount":0,"publisher":{"@id":"https:\/\/www.nexoinformativo.mx\/#organization"},"image":{"@id":"https:\/\/www.nexoinformativo.mx\/index.php\/2025\/03\/04\/anuncian-la-feria-del-nopal-pulque-y-gordita-2025-con-majo-aguilar-en-colon\/#primaryimage"},"thumbnailUrl":"https:\/\/www.nexoinformativo.mx\/wp-content\/uploads\/2025\/03\/PHOTO-2025-03-04-07-38-56-e1741105617663.jpg","keywords":["FeriaCol\u00f3n","Gastronom\u00edaQuer\u00e9taro","NopalPulqueGordita","TurismoQro"],"articleSection":["Espect\u00e1culos","Municipios","\u00daltima Hora"],"inLanguage":"es","potentialAction":[{"@type":"CommentAction","name":"Comment","target":["https:\/\/www.nexoinformativo.mx\/index.php\/2025\/03\/04\/anuncian-la-feria-del-nopal-pulque-y-gordita-2025-con-majo-aguilar-en-colon\/#respond"]}]},{"@type":"WebPage","@id":"https:\/\/www.nexoinformativo.mx\/index.php\/2025\/03\/04\/anuncian-la-feria-del-nopal-pulque-y-gordita-2025-con-majo-aguilar-en-colon\/","url":"https:\/\/www.nexoinformativo.mx\/index.php\/2025\/03\/04\/anuncian-la-feria-del-nopal-pulque-y-gordita-2025-con-majo-aguilar-en-colon\/","name":"Anuncian la Feria del Nopal, Pulque y Gordita 2025 con Majo Aguilar en Col\u00f3n | Nexo Informativo Santiago de Quer\u00e9taro","isPartOf":{"@id":"https:\/\/www.nexoinformativo.mx\/#website"},"primaryImageOfPage":{"@id":"https:\/\/www.nexoinformativo.mx\/index.php\/2025\/03\/04\/anuncian-la-feria-del-nopal-pulque-y-gordita-2025-con-majo-aguilar-en-colon\/#primaryimage"},"image":{"@id":"https:\/\/www.nexoinformativo.mx\/index.php\/2025\/03\/04\/anuncian-la-feria-del-nopal-pulque-y-gordita-2025-con-majo-aguilar-en-colon\/#primaryimage"},"thumbnailUrl":"https:\/\/www.nexoinformativo.mx\/wp-content\/uploads\/2025\/03\/PHOTO-2025-03-04-07-38-56-e1741105617663.jpg","datePublished":"2025-03-04T14:00:14+00:00","dateModified":"2025-03-04T16:27:30+00:00","description":"Anuncian la Feria del Nopal, Pulque y Gordita 2025 con Majo Aguilar en Col\u00f3n","breadcrumb":{"@id":"https:\/\/www.nexoinformativo.mx\/index.php\/2025\/03\/04\/anuncian-la-feria-del-nopal-pulque-y-gordita-2025-con-majo-aguilar-en-colon\/#breadcrumb"},"inLanguage":"es","potentialAction":[{"@type":"ReadAction","target":["https:\/\/www.nexoinformativo.mx\/index.php\/2025\/03\/04\/anuncian-la-feria-del-nopal-pulque-y-gordita-2025-con-majo-aguilar-en-colon\/"]}]},{"@type":"ImageObject","inLanguage":"es","@id":"https:\/\/www.nexoinformativo.mx\/index.php\/2025\/03\/04\/anuncian-la-feria-del-nopal-pulque-y-gordita-2025-con-majo-aguilar-en-colon\/#primaryimage","url":"https:\/\/www.nexoinformativo.mx\/wp-content\/uploads\/2025\/03\/PHOTO-2025-03-04-07-38-56-e1741105617663.jpg","contentUrl":"https:\/\/www.nexoinformativo.mx\/wp-content\/uploads\/2025\/03\/PHOTO-2025-03-04-07-38-56-e1741105617663.jpg","width":800,"height":533},{"@type":"BreadcrumbList","@id":"https:\/\/www.nexoinformativo.mx\/index.php\/2025\/03\/04\/anuncian-la-feria-del-nopal-pulque-y-gordita-2025-con-majo-aguilar-en-colon\/#breadcrumb","itemListElement":[{"@type":"ListItem","position":1,"name":"Inicio","item":"https:\/\/www.nexoinformativo.mx\/"},{"@type":"ListItem","position":2,"name":"Anuncian la Feria del Nopal, Pulque y Gordita 2025 con Majo Aguilar en Col\u00f3n"}]},{"@type":"WebSite","@id":"https:\/\/www.nexoinformativo.mx\/#website","url":"https:\/\/www.nexoinformativo.mx\/","name":"Nexo Informativo Santiago de Quer\u00e9taro","description":"Explora NexoInformativo y convi\u00e9rtete en parte de una comunidad que valora el conocimiento y la verdad. Tu nexoinformativo es tu puente hacia una comprensi\u00f3n m\u00e1s profunda del mundo que te rodea.","publisher":{"@id":"https:\/\/www.nexoinformativo.mx\/#organization"},"potentialAction":[{"@type":"SearchAction","target":{"@type":"EntryPoint","urlTemplate":"https:\/\/www.nexoinformativo.mx\/?s={search_term_string}"},"query-input":{"@type":"PropertyValueSpecification","valueRequired":true,"valueName":"search_term_string"}}],"inLanguage":"es"},{"@type":"Organization","@id":"https:\/\/www.nexoinformativo.mx\/#organization","name":"Nexo Informativo Santiago de Quer\u00e9taro","url":"https:\/\/www.nexoinformativo.mx\/","logo":{"@type":"ImageObject","inLanguage":"es","@id":"https:\/\/www.nexoinformativo.mx\/#\/schema\/logo\/image\/","url":"https:\/\/www.nexoinformativo.mx\/wp-content\/uploads\/2024\/07\/nexoi-trasparente-2.png","contentUrl":"https:\/\/www.nexoinformativo.mx\/wp-content\/uploads\/2024\/07\/nexoi-trasparente-2.png","width":816,"height":339,"caption":"Nexo Informativo Santiago de Quer\u00e9taro"},"image":{"@id":"https:\/\/www.nexoinformativo.mx\/#\/schema\/logo\/image\/"},"sameAs":["https:\/\/www.facebook.com\/people\/Nexo-Informativo\/61564066885511\/"]},{"@type":"Person","@id":"https:\/\/www.nexoinformativo.mx\/#\/schema\/person\/7749d380ba08c8ca00d7bc76fd907b7d","name":"Nexo Informativo","image":{"@type":"ImageObject","inLanguage":"es","@id":"https:\/\/www.nexoinformativo.mx\/#\/schema\/person\/image\/","url":"https:\/\/secure.gravatar.com\/avatar\/dde2928154642a13d95f87ddf1ea9718fe2b46760a005c53e41ff5ad610704e6?s=96&d=mm&r=g","contentUrl":"https:\/\/secure.gravatar.com\/avatar\/dde2928154642a13d95f87ddf1ea9718fe2b46760a005c53e41ff5ad610704e6?s=96&d=mm&r=g","caption":"Nexo Informativo"},"url":"https:\/\/www.nexoinformativo.mx\/index.php\/author\/edicion\/"}]}},"_links":{"self":[{"href":"https:\/\/www.nexoinformativo.mx\/index.php\/wp-json\/wp\/v2\/posts\/12373","targetHints":{"allow":["GET"]}}],"collection":[{"href":"https:\/\/www.nexoinformativo.mx\/index.php\/wp-json\/wp\/v2\/posts"}],"about":[{"href":"https:\/\/www.nexoinformativo.mx\/index.php\/wp-json\/wp\/v2\/types\/post"}],"author":[{"embeddable":true,"href":"https:\/\/www.nexoinformativo.mx\/index.php\/wp-json\/wp\/v2\/users\/3"}],"replies":[{"embeddable":true,"href":"https:\/\/www.nexoinformativo.mx\/index.php\/wp-json\/wp\/v2\/comments?post=12373"}],"version-history":[{"count":3,"href":"https:\/\/www.nexoinformativo.mx\/index.php\/wp-json\/wp\/v2\/posts\/12373\/revisions"}],"predecessor-version":[{"id":12377,"href":"https:\/\/www.nexoinformativo.mx\/index.php\/wp-json\/wp\/v2\/posts\/12373\/revisions\/12377"}],"wp:featuredmedia":[{"embeddable":true,"href":"https:\/\/www.nexoinformativo.mx\/index.php\/wp-json\/wp\/v2\/media\/12374"}],"wp:attachment":[{"href":"https:\/\/www.nexoinformativo.mx\/index.php\/wp-json\/wp\/v2\/media?parent=12373"}],"wp:term":[{"taxonomy":"category","embeddable":true,"href":"https:\/\/www.nexoinformativo.mx\/index.php\/wp-json\/wp\/v2\/categories?post=12373"},{"taxonomy":"post_tag","embeddable":true,"href":"https:\/\/www.nexoinformativo.mx\/index.php\/wp-json\/wp\/v2\/tags?post=12373"}],"curies":[{"name":"wp","href":"https:\/\/api.w.org\/{rel}","templated":true}]}}