{"id":12388,"date":"2025-03-05T06:00:26","date_gmt":"2025-03-05T12:00:26","guid":{"rendered":"https:\/\/www.nexoinformativo.mx\/?p=12388"},"modified":"2025-03-05T11:01:59","modified_gmt":"2025-03-05T17:01:59","slug":"revelan-que-joven-homicida-estudiaba-en-linea-por-problemas-clinicos","status":"publish","type":"post","link":"https:\/\/www.nexoinformativo.mx\/index.php\/2025\/03\/05\/revelan-que-joven-homicida-estudiaba-en-linea-por-problemas-clinicos\/","title":{"rendered":"Revelan que joven homicida estudiaba en l\u00ednea por problemas cl\u00ednicos"},"content":{"rendered":"<p style=\"text-align: justify;\" data-sourcepos=\"13:1-13:300\">La secretaria de Educaci\u00f3n, Martha Elena Soto Obreg\u00f3n, ha revelado que la joven involucrada en el tr\u00e1gico asesinato de su madre y las lesiones a su hermano cursaba sus estudios en l\u00ednea debido a condiciones cl\u00ednicas que le imped\u00edan asistir regularmente a la escuela.<\/p>\n<\/p>\n<p>&nbsp;<\/p>\n<p style=\"text-align: justify;\" data-sourcepos=\"15:1-15:344\">Soto Obreg\u00f3n inform\u00f3 que, aunque se sabe que la joven estudiaba en l\u00ednea, a\u00fan se desconoce la instituci\u00f3n espec\u00edfica en la que estaba inscrita.<\/p>\n<\/p>\n<p>&nbsp;<\/p>\n<p style=\"text-align: justify;\" data-sourcepos=\"15:1-15:344\"><strong>&#8220;Tengo conocimiento de que ten\u00eda clases en l\u00ednea, no hemos detectado exactamente en qu\u00e9 instituci\u00f3n, pero no asist\u00eda con regularidad precisamente por la problem\u00e1tica que ten\u00eda&#8221;<\/strong>, detall\u00f3 la secretaria.<\/p>\n<\/p>\n<p>&nbsp;<\/p>\n<p style=\"text-align: justify;\" data-sourcepos=\"17:1-17:456\">La funcionaria destac\u00f3 que los docentes en Quer\u00e9taro est\u00e1n capacitados para detectar situaciones de riesgo y canalizarlas a profesionales, subrayando el compromiso del magisterio con el acompa\u00f1amiento integral de los estudiantes.<\/p>\n<\/p>\n<p>&nbsp;<\/p>\n<p style=\"text-align: justify;\" data-sourcepos=\"17:1-17:456\">&#8220;La verdad es que todos nuestros docentes, igual que cualquier otro profesionista, han sido formados en escuelas normales para ser docentes, no es nada m\u00e1s dar conocimiento, sino tambi\u00e9n acompa\u00f1ar a los estudiantes&#8221;, mencion\u00f3.<\/p>\n<\/p>\n<p>&nbsp;<\/p>\n<p style=\"text-align: center;\" data-sourcepos=\"17:1-17:456\"><em><strong>\u00a1Informaci\u00f3n que transforma!<\/strong><\/em><\/p>\n","protected":false},"excerpt":{"rendered":"<p>La secretaria de Educaci\u00f3n, Martha Elena Soto Obreg\u00f3n, ha revelado que la joven involucrada en el tr\u00e1gico asesinato de su madre y las lesiones a su hermano cursaba sus estudios en l\u00ednea debido a condiciones cl\u00ednicas que le imped\u00edan asistir regularmente a la escuela.<\/p>\n","protected":false},"author":3,"featured_media":12392,"comment_status":"open","ping_status":"open","sticky":false,"template":"","format":"standard","meta":{"footnotes":""},"categories":[65,137,58],"tags":[955,133,751,3581],"class_list":["post-12388","post","type-post","status-publish","format-standard","has-post-thumbnail","hentry","category-municipios","category-sucesos","category-ultima-hora","tag-educacionenlinea","tag-queretaro","tag-saludmental","tag-tragediafamiliar"],"yoast_head":"<!-- This site is optimized with the Yoast SEO plugin v25.0 - https:\/\/yoast.com\/wordpress\/plugins\/seo\/ -->\n<title>Revelan que joven homicida estudiaba en l\u00ednea por problemas cl\u00ednicos | Nexo Informativo Santiago de Quer\u00e9taro<\/title>\n<meta name=\"description\" content=\"Revelan que joven homicida estudiaba en l\u00ednea por problemas cl\u00ednicos\" \/>\n<meta name=\"robots\" content=\"index, follow, max-snippet:-1, max-image-preview:large, max-video-preview:-1\" \/>\n<link rel=\"canonical\" href=\"https:\/\/www.nexoinformativo.mx\/index.php\/2025\/03\/05\/revelan-que-joven-homicida-estudiaba-en-linea-por-problemas-clinicos\/\" \/>\n<meta property=\"og:locale\" content=\"es_MX\" \/>\n<meta property=\"og:type\" content=\"article\" \/>\n<meta property=\"og:title\" content=\"Revelan que joven homicida estudiaba en l\u00ednea por problemas cl\u00ednicos | Nexo Informativo Santiago de Quer\u00e9taro\" \/>\n<meta property=\"og:description\" content=\"Revelan que joven homicida estudiaba en l\u00ednea por problemas cl\u00ednicos\" \/>\n<meta property=\"og:url\" content=\"https:\/\/www.nexoinformativo.mx\/index.php\/2025\/03\/05\/revelan-que-joven-homicida-estudiaba-en-linea-por-problemas-clinicos\/\" \/>\n<meta property=\"og:site_name\" content=\"Nexo Informativo Santiago de Quer\u00e9taro\" \/>\n<meta property=\"article:publisher\" content=\"https:\/\/www.facebook.com\/people\/Nexo-Informativo\/61564066885511\/\" \/>\n<meta property=\"article:published_time\" content=\"2025-03-05T12:00:26+00:00\" \/>\n<meta property=\"article:modified_time\" content=\"2025-03-05T17:01:59+00:00\" \/>\n<meta property=\"og:image\" content=\"https:\/\/www.nexoinformativo.mx\/wp-content\/uploads\/2025\/03\/00e32fa5-3f8f-41e7-a894-62efa1cc9619-e1741194112586.jpg\" \/>\n\t<meta property=\"og:image:width\" content=\"800\" \/>\n\t<meta property=\"og:image:height\" content=\"599\" \/>\n\t<meta property=\"og:image:type\" content=\"image\/jpeg\" \/>\n<meta name=\"author\" content=\"Nexo Informativo\" \/>\n<meta name=\"twitter:card\" content=\"summary_large_image\" \/>\n<meta name=\"twitter:label1\" content=\"Escrito por\" \/>\n\t<meta name=\"twitter:data1\" content=\"Nexo Informativo\" \/>\n\t<meta name=\"twitter:label2\" content=\"Tiempo de lectura\" \/>\n\t<meta name=\"twitter:data2\" content=\"1 minuto\" \/>\n<script type=\"application\/ld+json\" class=\"yoast-schema-graph\">{\"@context\":\"https:\/\/schema.org\",\"@graph\":[{\"@type\":\"Article\",\"@id\":\"https:\/\/www.nexoinformativo.mx\/index.php\/2025\/03\/05\/revelan-que-joven-homicida-estudiaba-en-linea-por-problemas-clinicos\/#article\",\"isPartOf\":{\"@id\":\"https:\/\/www.nexoinformativo.mx\/index.php\/2025\/03\/05\/revelan-que-joven-homicida-estudiaba-en-linea-por-problemas-clinicos\/\"},\"author\":{\"name\":\"Nexo Informativo\",\"@id\":\"https:\/\/www.nexoinformativo.mx\/#\/schema\/person\/7749d380ba08c8ca00d7bc76fd907b7d\"},\"headline\":\"Revelan que joven homicida estudiaba en l\u00ednea por problemas cl\u00ednicos\",\"datePublished\":\"2025-03-05T12:00:26+00:00\",\"dateModified\":\"2025-03-05T17:01:59+00:00\",\"mainEntityOfPage\":{\"@id\":\"https:\/\/www.nexoinformativo.mx\/index.php\/2025\/03\/05\/revelan-que-joven-homicida-estudiaba-en-linea-por-problemas-clinicos\/\"},\"wordCount\":206,\"commentCount\":0,\"publisher\":{\"@id\":\"https:\/\/www.nexoinformativo.mx\/#organization\"},\"image\":{\"@id\":\"https:\/\/www.nexoinformativo.mx\/index.php\/2025\/03\/05\/revelan-que-joven-homicida-estudiaba-en-linea-por-problemas-clinicos\/#primaryimage\"},\"thumbnailUrl\":\"https:\/\/www.nexoinformativo.mx\/wp-content\/uploads\/2025\/03\/00e32fa5-3f8f-41e7-a894-62efa1cc9619-e1741194112586.jpg\",\"keywords\":[\"Educaci\u00f3nEnL\u00ednea\",\"Quer\u00e9taro\",\"SaludMental\",\"TragediaFamiliar\"],\"articleSection\":[\"Municipios\",\"Sucesos\",\"\u00daltima Hora\"],\"inLanguage\":\"es\",\"potentialAction\":[{\"@type\":\"CommentAction\",\"name\":\"Comment\",\"target\":[\"https:\/\/www.nexoinformativo.mx\/index.php\/2025\/03\/05\/revelan-que-joven-homicida-estudiaba-en-linea-por-problemas-clinicos\/#respond\"]}]},{\"@type\":\"WebPage\",\"@id\":\"https:\/\/www.nexoinformativo.mx\/index.php\/2025\/03\/05\/revelan-que-joven-homicida-estudiaba-en-linea-por-problemas-clinicos\/\",\"url\":\"https:\/\/www.nexoinformativo.mx\/index.php\/2025\/03\/05\/revelan-que-joven-homicida-estudiaba-en-linea-por-problemas-clinicos\/\",\"name\":\"Revelan que joven homicida estudiaba en l\u00ednea por problemas cl\u00ednicos | Nexo Informativo Santiago de Quer\u00e9taro\",\"isPartOf\":{\"@id\":\"https:\/\/www.nexoinformativo.mx\/#website\"},\"primaryImageOfPage\":{\"@id\":\"https:\/\/www.nexoinformativo.mx\/index.php\/2025\/03\/05\/revelan-que-joven-homicida-estudiaba-en-linea-por-problemas-clinicos\/#primaryimage\"},\"image\":{\"@id\":\"https:\/\/www.nexoinformativo.mx\/index.php\/2025\/03\/05\/revelan-que-joven-homicida-estudiaba-en-linea-por-problemas-clinicos\/#primaryimage\"},\"thumbnailUrl\":\"https:\/\/www.nexoinformativo.mx\/wp-content\/uploads\/2025\/03\/00e32fa5-3f8f-41e7-a894-62efa1cc9619-e1741194112586.jpg\",\"datePublished\":\"2025-03-05T12:00:26+00:00\",\"dateModified\":\"2025-03-05T17:01:59+00:00\",\"description\":\"Revelan que joven homicida estudiaba en l\u00ednea por problemas cl\u00ednicos\",\"breadcrumb\":{\"@id\":\"https:\/\/www.nexoinformativo.mx\/index.php\/2025\/03\/05\/revelan-que-joven-homicida-estudiaba-en-linea-por-problemas-clinicos\/#breadcrumb\"},\"inLanguage\":\"es\",\"potentialAction\":[{\"@type\":\"ReadAction\",\"target\":[\"https:\/\/www.nexoinformativo.mx\/index.php\/2025\/03\/05\/revelan-que-joven-homicida-estudiaba-en-linea-por-problemas-clinicos\/\"]}]},{\"@type\":\"ImageObject\",\"inLanguage\":\"es\",\"@id\":\"https:\/\/www.nexoinformativo.mx\/index.php\/2025\/03\/05\/revelan-que-joven-homicida-estudiaba-en-linea-por-problemas-clinicos\/#primaryimage\",\"url\":\"https:\/\/www.nexoinformativo.mx\/wp-content\/uploads\/2025\/03\/00e32fa5-3f8f-41e7-a894-62efa1cc9619-e1741194112586.jpg\",\"contentUrl\":\"https:\/\/www.nexoinformativo.mx\/wp-content\/uploads\/2025\/03\/00e32fa5-3f8f-41e7-a894-62efa1cc9619-e1741194112586.jpg\",\"width\":800,\"height\":599},{\"@type\":\"BreadcrumbList\",\"@id\":\"https:\/\/www.nexoinformativo.mx\/index.php\/2025\/03\/05\/revelan-que-joven-homicida-estudiaba-en-linea-por-problemas-clinicos\/#breadcrumb\",\"itemListElement\":[{\"@type\":\"ListItem\",\"position\":1,\"name\":\"Inicio\",\"item\":\"https:\/\/www.nexoinformativo.mx\/\"},{\"@type\":\"ListItem\",\"position\":2,\"name\":\"Revelan que joven homicida estudiaba en l\u00ednea por problemas cl\u00ednicos\"}]},{\"@type\":\"WebSite\",\"@id\":\"https:\/\/www.nexoinformativo.mx\/#website\",\"url\":\"https:\/\/www.nexoinformativo.mx\/\",\"name\":\"Nexo Informativo Santiago de Quer\u00e9taro\",\"description\":\"Explora NexoInformativo y convi\u00e9rtete en parte de una comunidad que valora el conocimiento y la verdad. Tu nexoinformativo es tu puente hacia una comprensi\u00f3n m\u00e1s profunda del mundo que te rodea.\",\"publisher\":{\"@id\":\"https:\/\/www.nexoinformativo.mx\/#organization\"},\"potentialAction\":[{\"@type\":\"SearchAction\",\"target\":{\"@type\":\"EntryPoint\",\"urlTemplate\":\"https:\/\/www.nexoinformativo.mx\/?s={search_term_string}\"},\"query-input\":{\"@type\":\"PropertyValueSpecification\",\"valueRequired\":true,\"valueName\":\"search_term_string\"}}],\"inLanguage\":\"es\"},{\"@type\":\"Organization\",\"@id\":\"https:\/\/www.nexoinformativo.mx\/#organization\",\"name\":\"Nexo Informativo Santiago de Quer\u00e9taro\",\"url\":\"https:\/\/www.nexoinformativo.mx\/\",\"logo\":{\"@type\":\"ImageObject\",\"inLanguage\":\"es\",\"@id\":\"https:\/\/www.nexoinformativo.mx\/#\/schema\/logo\/image\/\",\"url\":\"https:\/\/www.nexoinformativo.mx\/wp-content\/uploads\/2024\/07\/nexoi-trasparente-2.png\",\"contentUrl\":\"https:\/\/www.nexoinformativo.mx\/wp-content\/uploads\/2024\/07\/nexoi-trasparente-2.png\",\"width\":816,\"height\":339,\"caption\":\"Nexo Informativo Santiago de Quer\u00e9taro\"},\"image\":{\"@id\":\"https:\/\/www.nexoinformativo.mx\/#\/schema\/logo\/image\/\"},\"sameAs\":[\"https:\/\/www.facebook.com\/people\/Nexo-Informativo\/61564066885511\/\"]},{\"@type\":\"Person\",\"@id\":\"https:\/\/www.nexoinformativo.mx\/#\/schema\/person\/7749d380ba08c8ca00d7bc76fd907b7d\",\"name\":\"Nexo Informativo\",\"image\":{\"@type\":\"ImageObject\",\"inLanguage\":\"es\",\"@id\":\"https:\/\/www.nexoinformativo.mx\/#\/schema\/person\/image\/\",\"url\":\"https:\/\/secure.gravatar.com\/avatar\/dde2928154642a13d95f87ddf1ea9718fe2b46760a005c53e41ff5ad610704e6?s=96&d=mm&r=g\",\"contentUrl\":\"https:\/\/secure.gravatar.com\/avatar\/dde2928154642a13d95f87ddf1ea9718fe2b46760a005c53e41ff5ad610704e6?s=96&d=mm&r=g\",\"caption\":\"Nexo Informativo\"},\"url\":\"https:\/\/www.nexoinformativo.mx\/index.php\/author\/edicion\/\"}]}<\/script>\n<!-- \/ Yoast SEO plugin. -->","yoast_head_json":{"title":"Revelan que joven homicida estudiaba en l\u00ednea por problemas cl\u00ednicos | Nexo Informativo Santiago de Quer\u00e9taro","description":"Revelan que joven homicida estudiaba en l\u00ednea por problemas cl\u00ednicos","robots":{"index":"index","follow":"follow","max-snippet":"max-snippet:-1","max-image-preview":"max-image-preview:large","max-video-preview":"max-video-preview:-1"},"canonical":"https:\/\/www.nexoinformativo.mx\/index.php\/2025\/03\/05\/revelan-que-joven-homicida-estudiaba-en-linea-por-problemas-clinicos\/","og_locale":"es_MX","og_type":"article","og_title":"Revelan que joven homicida estudiaba en l\u00ednea por problemas cl\u00ednicos | Nexo Informativo Santiago de Quer\u00e9taro","og_description":"Revelan que joven homicida estudiaba en l\u00ednea por problemas cl\u00ednicos","og_url":"https:\/\/www.nexoinformativo.mx\/index.php\/2025\/03\/05\/revelan-que-joven-homicida-estudiaba-en-linea-por-problemas-clinicos\/","og_site_name":"Nexo Informativo Santiago de Quer\u00e9taro","article_publisher":"https:\/\/www.facebook.com\/people\/Nexo-Informativo\/61564066885511\/","article_published_time":"2025-03-05T12:00:26+00:00","article_modified_time":"2025-03-05T17:01:59+00:00","og_image":[{"width":800,"height":599,"url":"https:\/\/www.nexoinformativo.mx\/wp-content\/uploads\/2025\/03\/00e32fa5-3f8f-41e7-a894-62efa1cc9619-e1741194112586.jpg","type":"image\/jpeg"}],"author":"Nexo Informativo","twitter_card":"summary_large_image","twitter_misc":{"Escrito por":"Nexo Informativo","Tiempo de lectura":"1 minuto"},"schema":{"@context":"https:\/\/schema.org","@graph":[{"@type":"Article","@id":"https:\/\/www.nexoinformativo.mx\/index.php\/2025\/03\/05\/revelan-que-joven-homicida-estudiaba-en-linea-por-problemas-clinicos\/#article","isPartOf":{"@id":"https:\/\/www.nexoinformativo.mx\/index.php\/2025\/03\/05\/revelan-que-joven-homicida-estudiaba-en-linea-por-problemas-clinicos\/"},"author":{"name":"Nexo Informativo","@id":"https:\/\/www.nexoinformativo.mx\/#\/schema\/person\/7749d380ba08c8ca00d7bc76fd907b7d"},"headline":"Revelan que joven homicida estudiaba en l\u00ednea por problemas cl\u00ednicos","datePublished":"2025-03-05T12:00:26+00:00","dateModified":"2025-03-05T17:01:59+00:00","mainEntityOfPage":{"@id":"https:\/\/www.nexoinformativo.mx\/index.php\/2025\/03\/05\/revelan-que-joven-homicida-estudiaba-en-linea-por-problemas-clinicos\/"},"wordCount":206,"commentCount":0,"publisher":{"@id":"https:\/\/www.nexoinformativo.mx\/#organization"},"image":{"@id":"https:\/\/www.nexoinformativo.mx\/index.php\/2025\/03\/05\/revelan-que-joven-homicida-estudiaba-en-linea-por-problemas-clinicos\/#primaryimage"},"thumbnailUrl":"https:\/\/www.nexoinformativo.mx\/wp-content\/uploads\/2025\/03\/00e32fa5-3f8f-41e7-a894-62efa1cc9619-e1741194112586.jpg","keywords":["Educaci\u00f3nEnL\u00ednea","Quer\u00e9taro","SaludMental","TragediaFamiliar"],"articleSection":["Municipios","Sucesos","\u00daltima Hora"],"inLanguage":"es","potentialAction":[{"@type":"CommentAction","name":"Comment","target":["https:\/\/www.nexoinformativo.mx\/index.php\/2025\/03\/05\/revelan-que-joven-homicida-estudiaba-en-linea-por-problemas-clinicos\/#respond"]}]},{"@type":"WebPage","@id":"https:\/\/www.nexoinformativo.mx\/index.php\/2025\/03\/05\/revelan-que-joven-homicida-estudiaba-en-linea-por-problemas-clinicos\/","url":"https:\/\/www.nexoinformativo.mx\/index.php\/2025\/03\/05\/revelan-que-joven-homicida-estudiaba-en-linea-por-problemas-clinicos\/","name":"Revelan que joven homicida estudiaba en l\u00ednea por problemas cl\u00ednicos | Nexo Informativo Santiago de Quer\u00e9taro","isPartOf":{"@id":"https:\/\/www.nexoinformativo.mx\/#website"},"primaryImageOfPage":{"@id":"https:\/\/www.nexoinformativo.mx\/index.php\/2025\/03\/05\/revelan-que-joven-homicida-estudiaba-en-linea-por-problemas-clinicos\/#primaryimage"},"image":{"@id":"https:\/\/www.nexoinformativo.mx\/index.php\/2025\/03\/05\/revelan-que-joven-homicida-estudiaba-en-linea-por-problemas-clinicos\/#primaryimage"},"thumbnailUrl":"https:\/\/www.nexoinformativo.mx\/wp-content\/uploads\/2025\/03\/00e32fa5-3f8f-41e7-a894-62efa1cc9619-e1741194112586.jpg","datePublished":"2025-03-05T12:00:26+00:00","dateModified":"2025-03-05T17:01:59+00:00","description":"Revelan que joven homicida estudiaba en l\u00ednea por problemas cl\u00ednicos","breadcrumb":{"@id":"https:\/\/www.nexoinformativo.mx\/index.php\/2025\/03\/05\/revelan-que-joven-homicida-estudiaba-en-linea-por-problemas-clinicos\/#breadcrumb"},"inLanguage":"es","potentialAction":[{"@type":"ReadAction","target":["https:\/\/www.nexoinformativo.mx\/index.php\/2025\/03\/05\/revelan-que-joven-homicida-estudiaba-en-linea-por-problemas-clinicos\/"]}]},{"@type":"ImageObject","inLanguage":"es","@id":"https:\/\/www.nexoinformativo.mx\/index.php\/2025\/03\/05\/revelan-que-joven-homicida-estudiaba-en-linea-por-problemas-clinicos\/#primaryimage","url":"https:\/\/www.nexoinformativo.mx\/wp-content\/uploads\/2025\/03\/00e32fa5-3f8f-41e7-a894-62efa1cc9619-e1741194112586.jpg","contentUrl":"https:\/\/www.nexoinformativo.mx\/wp-content\/uploads\/2025\/03\/00e32fa5-3f8f-41e7-a894-62efa1cc9619-e1741194112586.jpg","width":800,"height":599},{"@type":"BreadcrumbList","@id":"https:\/\/www.nexoinformativo.mx\/index.php\/2025\/03\/05\/revelan-que-joven-homicida-estudiaba-en-linea-por-problemas-clinicos\/#breadcrumb","itemListElement":[{"@type":"ListItem","position":1,"name":"Inicio","item":"https:\/\/www.nexoinformativo.mx\/"},{"@type":"ListItem","position":2,"name":"Revelan que joven homicida estudiaba en l\u00ednea por problemas cl\u00ednicos"}]},{"@type":"WebSite","@id":"https:\/\/www.nexoinformativo.mx\/#website","url":"https:\/\/www.nexoinformativo.mx\/","name":"Nexo Informativo Santiago de Quer\u00e9taro","description":"Explora NexoInformativo y convi\u00e9rtete en parte de una comunidad que valora el conocimiento y la verdad. Tu nexoinformativo es tu puente hacia una comprensi\u00f3n m\u00e1s profunda del mundo que te rodea.","publisher":{"@id":"https:\/\/www.nexoinformativo.mx\/#organization"},"potentialAction":[{"@type":"SearchAction","target":{"@type":"EntryPoint","urlTemplate":"https:\/\/www.nexoinformativo.mx\/?s={search_term_string}"},"query-input":{"@type":"PropertyValueSpecification","valueRequired":true,"valueName":"search_term_string"}}],"inLanguage":"es"},{"@type":"Organization","@id":"https:\/\/www.nexoinformativo.mx\/#organization","name":"Nexo Informativo Santiago de Quer\u00e9taro","url":"https:\/\/www.nexoinformativo.mx\/","logo":{"@type":"ImageObject","inLanguage":"es","@id":"https:\/\/www.nexoinformativo.mx\/#\/schema\/logo\/image\/","url":"https:\/\/www.nexoinformativo.mx\/wp-content\/uploads\/2024\/07\/nexoi-trasparente-2.png","contentUrl":"https:\/\/www.nexoinformativo.mx\/wp-content\/uploads\/2024\/07\/nexoi-trasparente-2.png","width":816,"height":339,"caption":"Nexo Informativo Santiago de Quer\u00e9taro"},"image":{"@id":"https:\/\/www.nexoinformativo.mx\/#\/schema\/logo\/image\/"},"sameAs":["https:\/\/www.facebook.com\/people\/Nexo-Informativo\/61564066885511\/"]},{"@type":"Person","@id":"https:\/\/www.nexoinformativo.mx\/#\/schema\/person\/7749d380ba08c8ca00d7bc76fd907b7d","name":"Nexo Informativo","image":{"@type":"ImageObject","inLanguage":"es","@id":"https:\/\/www.nexoinformativo.mx\/#\/schema\/person\/image\/","url":"https:\/\/secure.gravatar.com\/avatar\/dde2928154642a13d95f87ddf1ea9718fe2b46760a005c53e41ff5ad610704e6?s=96&d=mm&r=g","contentUrl":"https:\/\/secure.gravatar.com\/avatar\/dde2928154642a13d95f87ddf1ea9718fe2b46760a005c53e41ff5ad610704e6?s=96&d=mm&r=g","caption":"Nexo Informativo"},"url":"https:\/\/www.nexoinformativo.mx\/index.php\/author\/edicion\/"}]}},"_links":{"self":[{"href":"https:\/\/www.nexoinformativo.mx\/index.php\/wp-json\/wp\/v2\/posts\/12388","targetHints":{"allow":["GET"]}}],"collection":[{"href":"https:\/\/www.nexoinformativo.mx\/index.php\/wp-json\/wp\/v2\/posts"}],"about":[{"href":"https:\/\/www.nexoinformativo.mx\/index.php\/wp-json\/wp\/v2\/types\/post"}],"author":[{"embeddable":true,"href":"https:\/\/www.nexoinformativo.mx\/index.php\/wp-json\/wp\/v2\/users\/3"}],"replies":[{"embeddable":true,"href":"https:\/\/www.nexoinformativo.mx\/index.php\/wp-json\/wp\/v2\/comments?post=12388"}],"version-history":[{"count":3,"href":"https:\/\/www.nexoinformativo.mx\/index.php\/wp-json\/wp\/v2\/posts\/12388\/revisions"}],"predecessor-version":[{"id":12391,"href":"https:\/\/www.nexoinformativo.mx\/index.php\/wp-json\/wp\/v2\/posts\/12388\/revisions\/12391"}],"wp:featuredmedia":[{"embeddable":true,"href":"https:\/\/www.nexoinformativo.mx\/index.php\/wp-json\/wp\/v2\/media\/12392"}],"wp:attachment":[{"href":"https:\/\/www.nexoinformativo.mx\/index.php\/wp-json\/wp\/v2\/media?parent=12388"}],"wp:term":[{"taxonomy":"category","embeddable":true,"href":"https:\/\/www.nexoinformativo.mx\/index.php\/wp-json\/wp\/v2\/categories?post=12388"},{"taxonomy":"post_tag","embeddable":true,"href":"https:\/\/www.nexoinformativo.mx\/index.php\/wp-json\/wp\/v2\/tags?post=12388"}],"curies":[{"name":"wp","href":"https:\/\/api.w.org\/{rel}","templated":true}]}}