{"id":12398,"date":"2025-03-05T07:00:35","date_gmt":"2025-03-05T13:00:35","guid":{"rendered":"https:\/\/www.nexoinformativo.mx\/?p=12398"},"modified":"2025-03-05T11:37:49","modified_gmt":"2025-03-05T17:37:49","slug":"canacintra-advierte-impacto-por-aranceles-de-trump-podrian-contraer-produccion-hasta-15-en-el-bajio","status":"publish","type":"post","link":"https:\/\/www.nexoinformativo.mx\/index.php\/2025\/03\/05\/canacintra-advierte-impacto-por-aranceles-de-trump-podrian-contraer-produccion-hasta-15-en-el-bajio\/","title":{"rendered":"CANACINTRA advierte impacto por aranceles de Trump podr\u00edan contraer producci\u00f3n hasta 15% en el Baj\u00edo"},"content":{"rendered":"<p style=\"text-align: justify;\" data-sourcepos=\"13:1-13:310\">La imposici\u00f3n de aranceles del 25% por parte del presidente Donald Trump a productos mexicanos podr\u00eda causar una contracci\u00f3n de entre el 8 y el 15% en la producci\u00f3n industrial del corredor Baj\u00edo, advirti\u00f3 Alfredo Sahag\u00fan S\u00e1nchez, presidente de CANACINTRA Delegaci\u00f3n Quer\u00e9taro.<\/p>\n<p>&nbsp;<\/p>\n<p style=\"text-align: justify;\" data-sourcepos=\"15:1-15:236\">Sahag\u00fan S\u00e1nchez se\u00f1al\u00f3 que la regi\u00f3n, que incluye Quer\u00e9taro, Guanajuato, Aguascalientes y San Luis Potos\u00ed, es particularmente vulnerable debido a la alta dependencia de su PIB en las industrias automotriz, manufacturera y agroecon\u00f3mica.<\/p>\n<p>&nbsp;<\/p>\n<p style=\"text-align: justify;\" data-sourcepos=\"17:1-17:201\">El l\u00edder industrial expres\u00f3 preocupaci\u00f3n por el impacto colateral de los aranceles, incluyendo posibles p\u00e9rdidas econ\u00f3micas y financieras, y la afectaci\u00f3n a las calificaciones crediticias de la regi\u00f3n.<\/p>\n<p>&nbsp;<\/p>\n<p style=\"text-align: justify;\" data-sourcepos=\"19:1-19:162\">CANACINTRA espera que el gobierno de la presidenta Claudia Sheinbaum implemente una estrategia de sustituci\u00f3n de importaciones para proteger la econom\u00eda nacional.<\/p>\n<p>&nbsp;<\/p>\n<p style=\"text-align: justify;\" data-sourcepos=\"21:1-21:214\">Sahag\u00fan S\u00e1nchez hizo un llamado a los gobiernos locales para trabajar en conjunto y establecer una estrategia regional coordinada con el gobierno federal, con el fin de mitigar el impacto negativo de los aranceles.<\/p>\n<p>&nbsp;<\/p>\n<p style=\"text-align: center;\" data-sourcepos=\"21:1-21:214\"><em><strong>\u00a1Informaci\u00f3n que transforma!<\/strong><\/em><\/p>\n","protected":false},"excerpt":{"rendered":"<p>La imposici\u00f3n de aranceles del 25% por parte del presidente Donald Trump a productos mexicanos podr\u00eda causar una contracci\u00f3n de entre el 8 y el 15% en la producci\u00f3n industrial del corredor Baj\u00edo, advirti\u00f3 Alfredo Sahag\u00fan S\u00e1nchez, presidente de CANACINTRA Delegaci\u00f3n Quer\u00e9taro.<\/p>\n","protected":false},"author":3,"featured_media":12418,"comment_status":"open","ping_status":"open","sticky":false,"template":"","format":"standard","meta":{"footnotes":""},"categories":[5,42,58],"tags":[2354,3645,1314,3644],"class_list":["post-12398","post","type-post","status-publish","format-standard","has-post-thumbnail","hentry","category-economia","category-estado","category-ultima-hora","tag-arancelestrump","tag-canacintra","tag-economiamexico","tag-industriabajio"],"yoast_head":"<!-- This site is optimized with the Yoast SEO plugin v25.0 - https:\/\/yoast.com\/wordpress\/plugins\/seo\/ -->\n<title>CANACINTRA advierte impacto por aranceles de Trump podr\u00edan contraer producci\u00f3n hasta 15% en el Baj\u00edo | Nexo Informativo Santiago de Quer\u00e9taro<\/title>\n<meta name=\"description\" content=\"CANACINTRA advierte impacto por aranceles de Trump podr\u00edan contraer producci\u00f3n hasta 15% en el Baj\u00edo\" \/>\n<meta name=\"robots\" content=\"index, follow, max-snippet:-1, max-image-preview:large, max-video-preview:-1\" \/>\n<link rel=\"canonical\" href=\"https:\/\/www.nexoinformativo.mx\/index.php\/2025\/03\/05\/canacintra-advierte-impacto-por-aranceles-de-trump-podrian-contraer-produccion-hasta-15-en-el-bajio\/\" \/>\n<meta property=\"og:locale\" content=\"es_MX\" \/>\n<meta property=\"og:type\" content=\"article\" \/>\n<meta property=\"og:title\" content=\"CANACINTRA advierte impacto por aranceles de Trump podr\u00edan contraer producci\u00f3n hasta 15% en el Baj\u00edo | Nexo Informativo Santiago de Quer\u00e9taro\" \/>\n<meta property=\"og:description\" content=\"CANACINTRA advierte impacto por aranceles de Trump podr\u00edan contraer producci\u00f3n hasta 15% en el Baj\u00edo\" \/>\n<meta property=\"og:url\" content=\"https:\/\/www.nexoinformativo.mx\/index.php\/2025\/03\/05\/canacintra-advierte-impacto-por-aranceles-de-trump-podrian-contraer-produccion-hasta-15-en-el-bajio\/\" \/>\n<meta property=\"og:site_name\" content=\"Nexo Informativo Santiago de Quer\u00e9taro\" \/>\n<meta property=\"article:publisher\" content=\"https:\/\/www.facebook.com\/people\/Nexo-Informativo\/61564066885511\/\" \/>\n<meta property=\"article:published_time\" content=\"2025-03-05T13:00:35+00:00\" \/>\n<meta property=\"article:modified_time\" content=\"2025-03-05T17:37:49+00:00\" \/>\n<meta property=\"og:image\" content=\"https:\/\/www.nexoinformativo.mx\/wp-content\/uploads\/2025\/03\/images.jpg\" \/>\n\t<meta property=\"og:image:width\" content=\"275\" \/>\n\t<meta property=\"og:image:height\" content=\"183\" \/>\n\t<meta property=\"og:image:type\" content=\"image\/jpeg\" \/>\n<meta name=\"author\" content=\"Nexo Informativo\" \/>\n<meta name=\"twitter:card\" content=\"summary_large_image\" \/>\n<meta name=\"twitter:label1\" content=\"Escrito por\" \/>\n\t<meta name=\"twitter:data1\" content=\"Nexo Informativo\" \/>\n\t<meta name=\"twitter:label2\" content=\"Tiempo de lectura\" \/>\n\t<meta name=\"twitter:data2\" content=\"1 minuto\" \/>\n<script type=\"application\/ld+json\" class=\"yoast-schema-graph\">{\"@context\":\"https:\/\/schema.org\",\"@graph\":[{\"@type\":\"Article\",\"@id\":\"https:\/\/www.nexoinformativo.mx\/index.php\/2025\/03\/05\/canacintra-advierte-impacto-por-aranceles-de-trump-podrian-contraer-produccion-hasta-15-en-el-bajio\/#article\",\"isPartOf\":{\"@id\":\"https:\/\/www.nexoinformativo.mx\/index.php\/2025\/03\/05\/canacintra-advierte-impacto-por-aranceles-de-trump-podrian-contraer-produccion-hasta-15-en-el-bajio\/\"},\"author\":{\"name\":\"Nexo Informativo\",\"@id\":\"https:\/\/www.nexoinformativo.mx\/#\/schema\/person\/7749d380ba08c8ca00d7bc76fd907b7d\"},\"headline\":\"CANACINTRA advierte impacto por aranceles de Trump podr\u00edan contraer producci\u00f3n hasta 15% en el Baj\u00edo\",\"datePublished\":\"2025-03-05T13:00:35+00:00\",\"dateModified\":\"2025-03-05T17:37:49+00:00\",\"mainEntityOfPage\":{\"@id\":\"https:\/\/www.nexoinformativo.mx\/index.php\/2025\/03\/05\/canacintra-advierte-impacto-por-aranceles-de-trump-podrian-contraer-produccion-hasta-15-en-el-bajio\/\"},\"wordCount\":207,\"commentCount\":0,\"publisher\":{\"@id\":\"https:\/\/www.nexoinformativo.mx\/#organization\"},\"image\":{\"@id\":\"https:\/\/www.nexoinformativo.mx\/index.php\/2025\/03\/05\/canacintra-advierte-impacto-por-aranceles-de-trump-podrian-contraer-produccion-hasta-15-en-el-bajio\/#primaryimage\"},\"thumbnailUrl\":\"https:\/\/www.nexoinformativo.mx\/wp-content\/uploads\/2025\/03\/images.jpg\",\"keywords\":[\"ArancelesTrump\",\"CANACINTRA\",\"Econom\u00edaM\u00e9xico\",\"IndustriaBaj\u00edo\"],\"articleSection\":[\"Econom\u00eda\",\"Estado\",\"\u00daltima Hora\"],\"inLanguage\":\"es\",\"potentialAction\":[{\"@type\":\"CommentAction\",\"name\":\"Comment\",\"target\":[\"https:\/\/www.nexoinformativo.mx\/index.php\/2025\/03\/05\/canacintra-advierte-impacto-por-aranceles-de-trump-podrian-contraer-produccion-hasta-15-en-el-bajio\/#respond\"]}]},{\"@type\":\"WebPage\",\"@id\":\"https:\/\/www.nexoinformativo.mx\/index.php\/2025\/03\/05\/canacintra-advierte-impacto-por-aranceles-de-trump-podrian-contraer-produccion-hasta-15-en-el-bajio\/\",\"url\":\"https:\/\/www.nexoinformativo.mx\/index.php\/2025\/03\/05\/canacintra-advierte-impacto-por-aranceles-de-trump-podrian-contraer-produccion-hasta-15-en-el-bajio\/\",\"name\":\"CANACINTRA advierte impacto por aranceles de Trump podr\u00edan contraer producci\u00f3n hasta 15% en el Baj\u00edo | Nexo Informativo Santiago de Quer\u00e9taro\",\"isPartOf\":{\"@id\":\"https:\/\/www.nexoinformativo.mx\/#website\"},\"primaryImageOfPage\":{\"@id\":\"https:\/\/www.nexoinformativo.mx\/index.php\/2025\/03\/05\/canacintra-advierte-impacto-por-aranceles-de-trump-podrian-contraer-produccion-hasta-15-en-el-bajio\/#primaryimage\"},\"image\":{\"@id\":\"https:\/\/www.nexoinformativo.mx\/index.php\/2025\/03\/05\/canacintra-advierte-impacto-por-aranceles-de-trump-podrian-contraer-produccion-hasta-15-en-el-bajio\/#primaryimage\"},\"thumbnailUrl\":\"https:\/\/www.nexoinformativo.mx\/wp-content\/uploads\/2025\/03\/images.jpg\",\"datePublished\":\"2025-03-05T13:00:35+00:00\",\"dateModified\":\"2025-03-05T17:37:49+00:00\",\"description\":\"CANACINTRA advierte impacto por aranceles de Trump podr\u00edan contraer producci\u00f3n hasta 15% en el Baj\u00edo\",\"breadcrumb\":{\"@id\":\"https:\/\/www.nexoinformativo.mx\/index.php\/2025\/03\/05\/canacintra-advierte-impacto-por-aranceles-de-trump-podrian-contraer-produccion-hasta-15-en-el-bajio\/#breadcrumb\"},\"inLanguage\":\"es\",\"potentialAction\":[{\"@type\":\"ReadAction\",\"target\":[\"https:\/\/www.nexoinformativo.mx\/index.php\/2025\/03\/05\/canacintra-advierte-impacto-por-aranceles-de-trump-podrian-contraer-produccion-hasta-15-en-el-bajio\/\"]}]},{\"@type\":\"ImageObject\",\"inLanguage\":\"es\",\"@id\":\"https:\/\/www.nexoinformativo.mx\/index.php\/2025\/03\/05\/canacintra-advierte-impacto-por-aranceles-de-trump-podrian-contraer-produccion-hasta-15-en-el-bajio\/#primaryimage\",\"url\":\"https:\/\/www.nexoinformativo.mx\/wp-content\/uploads\/2025\/03\/images.jpg\",\"contentUrl\":\"https:\/\/www.nexoinformativo.mx\/wp-content\/uploads\/2025\/03\/images.jpg\",\"width\":275,\"height\":183},{\"@type\":\"BreadcrumbList\",\"@id\":\"https:\/\/www.nexoinformativo.mx\/index.php\/2025\/03\/05\/canacintra-advierte-impacto-por-aranceles-de-trump-podrian-contraer-produccion-hasta-15-en-el-bajio\/#breadcrumb\",\"itemListElement\":[{\"@type\":\"ListItem\",\"position\":1,\"name\":\"Inicio\",\"item\":\"https:\/\/www.nexoinformativo.mx\/\"},{\"@type\":\"ListItem\",\"position\":2,\"name\":\"CANACINTRA advierte impacto por aranceles de Trump podr\u00edan contraer producci\u00f3n hasta 15% en el Baj\u00edo\"}]},{\"@type\":\"WebSite\",\"@id\":\"https:\/\/www.nexoinformativo.mx\/#website\",\"url\":\"https:\/\/www.nexoinformativo.mx\/\",\"name\":\"Nexo Informativo Santiago de Quer\u00e9taro\",\"description\":\"Explora NexoInformativo y convi\u00e9rtete en parte de una comunidad que valora el conocimiento y la verdad. Tu nexoinformativo es tu puente hacia una comprensi\u00f3n m\u00e1s profunda del mundo que te rodea.\",\"publisher\":{\"@id\":\"https:\/\/www.nexoinformativo.mx\/#organization\"},\"potentialAction\":[{\"@type\":\"SearchAction\",\"target\":{\"@type\":\"EntryPoint\",\"urlTemplate\":\"https:\/\/www.nexoinformativo.mx\/?s={search_term_string}\"},\"query-input\":{\"@type\":\"PropertyValueSpecification\",\"valueRequired\":true,\"valueName\":\"search_term_string\"}}],\"inLanguage\":\"es\"},{\"@type\":\"Organization\",\"@id\":\"https:\/\/www.nexoinformativo.mx\/#organization\",\"name\":\"Nexo Informativo Santiago de Quer\u00e9taro\",\"url\":\"https:\/\/www.nexoinformativo.mx\/\",\"logo\":{\"@type\":\"ImageObject\",\"inLanguage\":\"es\",\"@id\":\"https:\/\/www.nexoinformativo.mx\/#\/schema\/logo\/image\/\",\"url\":\"https:\/\/www.nexoinformativo.mx\/wp-content\/uploads\/2024\/07\/nexoi-trasparente-2.png\",\"contentUrl\":\"https:\/\/www.nexoinformativo.mx\/wp-content\/uploads\/2024\/07\/nexoi-trasparente-2.png\",\"width\":816,\"height\":339,\"caption\":\"Nexo Informativo Santiago de Quer\u00e9taro\"},\"image\":{\"@id\":\"https:\/\/www.nexoinformativo.mx\/#\/schema\/logo\/image\/\"},\"sameAs\":[\"https:\/\/www.facebook.com\/people\/Nexo-Informativo\/61564066885511\/\"]},{\"@type\":\"Person\",\"@id\":\"https:\/\/www.nexoinformativo.mx\/#\/schema\/person\/7749d380ba08c8ca00d7bc76fd907b7d\",\"name\":\"Nexo Informativo\",\"image\":{\"@type\":\"ImageObject\",\"inLanguage\":\"es\",\"@id\":\"https:\/\/www.nexoinformativo.mx\/#\/schema\/person\/image\/\",\"url\":\"https:\/\/secure.gravatar.com\/avatar\/dde2928154642a13d95f87ddf1ea9718fe2b46760a005c53e41ff5ad610704e6?s=96&d=mm&r=g\",\"contentUrl\":\"https:\/\/secure.gravatar.com\/avatar\/dde2928154642a13d95f87ddf1ea9718fe2b46760a005c53e41ff5ad610704e6?s=96&d=mm&r=g\",\"caption\":\"Nexo Informativo\"},\"url\":\"https:\/\/www.nexoinformativo.mx\/index.php\/author\/edicion\/\"}]}<\/script>\n<!-- \/ Yoast SEO plugin. -->","yoast_head_json":{"title":"CANACINTRA advierte impacto por aranceles de Trump podr\u00edan contraer producci\u00f3n hasta 15% en el Baj\u00edo | Nexo Informativo Santiago de Quer\u00e9taro","description":"CANACINTRA advierte impacto por aranceles de Trump podr\u00edan contraer producci\u00f3n hasta 15% en el Baj\u00edo","robots":{"index":"index","follow":"follow","max-snippet":"max-snippet:-1","max-image-preview":"max-image-preview:large","max-video-preview":"max-video-preview:-1"},"canonical":"https:\/\/www.nexoinformativo.mx\/index.php\/2025\/03\/05\/canacintra-advierte-impacto-por-aranceles-de-trump-podrian-contraer-produccion-hasta-15-en-el-bajio\/","og_locale":"es_MX","og_type":"article","og_title":"CANACINTRA advierte impacto por aranceles de Trump podr\u00edan contraer producci\u00f3n hasta 15% en el Baj\u00edo | Nexo Informativo Santiago de Quer\u00e9taro","og_description":"CANACINTRA advierte impacto por aranceles de Trump podr\u00edan contraer producci\u00f3n hasta 15% en el Baj\u00edo","og_url":"https:\/\/www.nexoinformativo.mx\/index.php\/2025\/03\/05\/canacintra-advierte-impacto-por-aranceles-de-trump-podrian-contraer-produccion-hasta-15-en-el-bajio\/","og_site_name":"Nexo Informativo Santiago de Quer\u00e9taro","article_publisher":"https:\/\/www.facebook.com\/people\/Nexo-Informativo\/61564066885511\/","article_published_time":"2025-03-05T13:00:35+00:00","article_modified_time":"2025-03-05T17:37:49+00:00","og_image":[{"width":275,"height":183,"url":"https:\/\/www.nexoinformativo.mx\/wp-content\/uploads\/2025\/03\/images.jpg","type":"image\/jpeg"}],"author":"Nexo Informativo","twitter_card":"summary_large_image","twitter_misc":{"Escrito por":"Nexo Informativo","Tiempo de lectura":"1 minuto"},"schema":{"@context":"https:\/\/schema.org","@graph":[{"@type":"Article","@id":"https:\/\/www.nexoinformativo.mx\/index.php\/2025\/03\/05\/canacintra-advierte-impacto-por-aranceles-de-trump-podrian-contraer-produccion-hasta-15-en-el-bajio\/#article","isPartOf":{"@id":"https:\/\/www.nexoinformativo.mx\/index.php\/2025\/03\/05\/canacintra-advierte-impacto-por-aranceles-de-trump-podrian-contraer-produccion-hasta-15-en-el-bajio\/"},"author":{"name":"Nexo Informativo","@id":"https:\/\/www.nexoinformativo.mx\/#\/schema\/person\/7749d380ba08c8ca00d7bc76fd907b7d"},"headline":"CANACINTRA advierte impacto por aranceles de Trump podr\u00edan contraer producci\u00f3n hasta 15% en el Baj\u00edo","datePublished":"2025-03-05T13:00:35+00:00","dateModified":"2025-03-05T17:37:49+00:00","mainEntityOfPage":{"@id":"https:\/\/www.nexoinformativo.mx\/index.php\/2025\/03\/05\/canacintra-advierte-impacto-por-aranceles-de-trump-podrian-contraer-produccion-hasta-15-en-el-bajio\/"},"wordCount":207,"commentCount":0,"publisher":{"@id":"https:\/\/www.nexoinformativo.mx\/#organization"},"image":{"@id":"https:\/\/www.nexoinformativo.mx\/index.php\/2025\/03\/05\/canacintra-advierte-impacto-por-aranceles-de-trump-podrian-contraer-produccion-hasta-15-en-el-bajio\/#primaryimage"},"thumbnailUrl":"https:\/\/www.nexoinformativo.mx\/wp-content\/uploads\/2025\/03\/images.jpg","keywords":["ArancelesTrump","CANACINTRA","Econom\u00edaM\u00e9xico","IndustriaBaj\u00edo"],"articleSection":["Econom\u00eda","Estado","\u00daltima Hora"],"inLanguage":"es","potentialAction":[{"@type":"CommentAction","name":"Comment","target":["https:\/\/www.nexoinformativo.mx\/index.php\/2025\/03\/05\/canacintra-advierte-impacto-por-aranceles-de-trump-podrian-contraer-produccion-hasta-15-en-el-bajio\/#respond"]}]},{"@type":"WebPage","@id":"https:\/\/www.nexoinformativo.mx\/index.php\/2025\/03\/05\/canacintra-advierte-impacto-por-aranceles-de-trump-podrian-contraer-produccion-hasta-15-en-el-bajio\/","url":"https:\/\/www.nexoinformativo.mx\/index.php\/2025\/03\/05\/canacintra-advierte-impacto-por-aranceles-de-trump-podrian-contraer-produccion-hasta-15-en-el-bajio\/","name":"CANACINTRA advierte impacto por aranceles de Trump podr\u00edan contraer producci\u00f3n hasta 15% en el Baj\u00edo | Nexo Informativo Santiago de Quer\u00e9taro","isPartOf":{"@id":"https:\/\/www.nexoinformativo.mx\/#website"},"primaryImageOfPage":{"@id":"https:\/\/www.nexoinformativo.mx\/index.php\/2025\/03\/05\/canacintra-advierte-impacto-por-aranceles-de-trump-podrian-contraer-produccion-hasta-15-en-el-bajio\/#primaryimage"},"image":{"@id":"https:\/\/www.nexoinformativo.mx\/index.php\/2025\/03\/05\/canacintra-advierte-impacto-por-aranceles-de-trump-podrian-contraer-produccion-hasta-15-en-el-bajio\/#primaryimage"},"thumbnailUrl":"https:\/\/www.nexoinformativo.mx\/wp-content\/uploads\/2025\/03\/images.jpg","datePublished":"2025-03-05T13:00:35+00:00","dateModified":"2025-03-05T17:37:49+00:00","description":"CANACINTRA advierte impacto por aranceles de Trump podr\u00edan contraer producci\u00f3n hasta 15% en el Baj\u00edo","breadcrumb":{"@id":"https:\/\/www.nexoinformativo.mx\/index.php\/2025\/03\/05\/canacintra-advierte-impacto-por-aranceles-de-trump-podrian-contraer-produccion-hasta-15-en-el-bajio\/#breadcrumb"},"inLanguage":"es","potentialAction":[{"@type":"ReadAction","target":["https:\/\/www.nexoinformativo.mx\/index.php\/2025\/03\/05\/canacintra-advierte-impacto-por-aranceles-de-trump-podrian-contraer-produccion-hasta-15-en-el-bajio\/"]}]},{"@type":"ImageObject","inLanguage":"es","@id":"https:\/\/www.nexoinformativo.mx\/index.php\/2025\/03\/05\/canacintra-advierte-impacto-por-aranceles-de-trump-podrian-contraer-produccion-hasta-15-en-el-bajio\/#primaryimage","url":"https:\/\/www.nexoinformativo.mx\/wp-content\/uploads\/2025\/03\/images.jpg","contentUrl":"https:\/\/www.nexoinformativo.mx\/wp-content\/uploads\/2025\/03\/images.jpg","width":275,"height":183},{"@type":"BreadcrumbList","@id":"https:\/\/www.nexoinformativo.mx\/index.php\/2025\/03\/05\/canacintra-advierte-impacto-por-aranceles-de-trump-podrian-contraer-produccion-hasta-15-en-el-bajio\/#breadcrumb","itemListElement":[{"@type":"ListItem","position":1,"name":"Inicio","item":"https:\/\/www.nexoinformativo.mx\/"},{"@type":"ListItem","position":2,"name":"CANACINTRA advierte impacto por aranceles de Trump podr\u00edan contraer producci\u00f3n hasta 15% en el Baj\u00edo"}]},{"@type":"WebSite","@id":"https:\/\/www.nexoinformativo.mx\/#website","url":"https:\/\/www.nexoinformativo.mx\/","name":"Nexo Informativo Santiago de Quer\u00e9taro","description":"Explora NexoInformativo y convi\u00e9rtete en parte de una comunidad que valora el conocimiento y la verdad. Tu nexoinformativo es tu puente hacia una comprensi\u00f3n m\u00e1s profunda del mundo que te rodea.","publisher":{"@id":"https:\/\/www.nexoinformativo.mx\/#organization"},"potentialAction":[{"@type":"SearchAction","target":{"@type":"EntryPoint","urlTemplate":"https:\/\/www.nexoinformativo.mx\/?s={search_term_string}"},"query-input":{"@type":"PropertyValueSpecification","valueRequired":true,"valueName":"search_term_string"}}],"inLanguage":"es"},{"@type":"Organization","@id":"https:\/\/www.nexoinformativo.mx\/#organization","name":"Nexo Informativo Santiago de Quer\u00e9taro","url":"https:\/\/www.nexoinformativo.mx\/","logo":{"@type":"ImageObject","inLanguage":"es","@id":"https:\/\/www.nexoinformativo.mx\/#\/schema\/logo\/image\/","url":"https:\/\/www.nexoinformativo.mx\/wp-content\/uploads\/2024\/07\/nexoi-trasparente-2.png","contentUrl":"https:\/\/www.nexoinformativo.mx\/wp-content\/uploads\/2024\/07\/nexoi-trasparente-2.png","width":816,"height":339,"caption":"Nexo Informativo Santiago de Quer\u00e9taro"},"image":{"@id":"https:\/\/www.nexoinformativo.mx\/#\/schema\/logo\/image\/"},"sameAs":["https:\/\/www.facebook.com\/people\/Nexo-Informativo\/61564066885511\/"]},{"@type":"Person","@id":"https:\/\/www.nexoinformativo.mx\/#\/schema\/person\/7749d380ba08c8ca00d7bc76fd907b7d","name":"Nexo Informativo","image":{"@type":"ImageObject","inLanguage":"es","@id":"https:\/\/www.nexoinformativo.mx\/#\/schema\/person\/image\/","url":"https:\/\/secure.gravatar.com\/avatar\/dde2928154642a13d95f87ddf1ea9718fe2b46760a005c53e41ff5ad610704e6?s=96&d=mm&r=g","contentUrl":"https:\/\/secure.gravatar.com\/avatar\/dde2928154642a13d95f87ddf1ea9718fe2b46760a005c53e41ff5ad610704e6?s=96&d=mm&r=g","caption":"Nexo Informativo"},"url":"https:\/\/www.nexoinformativo.mx\/index.php\/author\/edicion\/"}]}},"_links":{"self":[{"href":"https:\/\/www.nexoinformativo.mx\/index.php\/wp-json\/wp\/v2\/posts\/12398","targetHints":{"allow":["GET"]}}],"collection":[{"href":"https:\/\/www.nexoinformativo.mx\/index.php\/wp-json\/wp\/v2\/posts"}],"about":[{"href":"https:\/\/www.nexoinformativo.mx\/index.php\/wp-json\/wp\/v2\/types\/post"}],"author":[{"embeddable":true,"href":"https:\/\/www.nexoinformativo.mx\/index.php\/wp-json\/wp\/v2\/users\/3"}],"replies":[{"embeddable":true,"href":"https:\/\/www.nexoinformativo.mx\/index.php\/wp-json\/wp\/v2\/comments?post=12398"}],"version-history":[{"count":4,"href":"https:\/\/www.nexoinformativo.mx\/index.php\/wp-json\/wp\/v2\/posts\/12398\/revisions"}],"predecessor-version":[{"id":12419,"href":"https:\/\/www.nexoinformativo.mx\/index.php\/wp-json\/wp\/v2\/posts\/12398\/revisions\/12419"}],"wp:featuredmedia":[{"embeddable":true,"href":"https:\/\/www.nexoinformativo.mx\/index.php\/wp-json\/wp\/v2\/media\/12418"}],"wp:attachment":[{"href":"https:\/\/www.nexoinformativo.mx\/index.php\/wp-json\/wp\/v2\/media?parent=12398"}],"wp:term":[{"taxonomy":"category","embeddable":true,"href":"https:\/\/www.nexoinformativo.mx\/index.php\/wp-json\/wp\/v2\/categories?post=12398"},{"taxonomy":"post_tag","embeddable":true,"href":"https:\/\/www.nexoinformativo.mx\/index.php\/wp-json\/wp\/v2\/tags?post=12398"}],"curies":[{"name":"wp","href":"https:\/\/api.w.org\/{rel}","templated":true}]}}