{"id":12417,"date":"2025-03-05T10:00:17","date_gmt":"2025-03-05T16:00:17","guid":{"rendered":"https:\/\/www.nexoinformativo.mx\/?p=12417"},"modified":"2025-03-05T12:01:35","modified_gmt":"2025-03-05T18:01:35","slug":"t-mec-en-riesgo-aranceles-de-ee-uu-podrian-golpear-al-sector-automotriz-regional","status":"publish","type":"post","link":"https:\/\/www.nexoinformativo.mx\/index.php\/2025\/03\/05\/t-mec-en-riesgo-aranceles-de-ee-uu-podrian-golpear-al-sector-automotriz-regional\/","title":{"rendered":"T-MEC en riesgo aranceles de EE.UU. podr\u00edan golpear al sector automotriz regional"},"content":{"rendered":"<p style=\"text-align: justify;\" data-sourcepos=\"13:1-13:301\">El sector automotriz mexicano, a trav\u00e9s de la Asociaci\u00f3n Mexicana de Distribuidores de Automotores (AMDA) en Quer\u00e9taro, ha expresado su profunda preocupaci\u00f3n por la entrada en vigor de los aranceles del 25% impuestos por Estados Unidos a productos de M\u00e9xico y Canad\u00e1.<\/p>\n<\/p>\n<p>&nbsp;<\/p>\n<p style=\"text-align: justify;\" data-sourcepos=\"15:1-15:194\">Laura Rodr\u00edguez, presidenta de AMDA Quer\u00e9taro, advirti\u00f3 que estos aranceles impactar\u00e1n negativamente la cadena de producci\u00f3n de autom\u00f3viles y autopartes, afectando a las agencias distribuidoras.<\/p>\n<\/p>\n<p>&nbsp;<\/p>\n<p style=\"text-align: justify;\" data-sourcepos=\"17:1-17:226\">La industria automotriz mexicana, en conjunto con sus contrapartes en Estados Unidos y Canad\u00e1, continuar\u00e1 trabajando para concientizar sobre los riesgos de estas medidas y la importancia de preservar la colaboraci\u00f3n del T-MEC.<\/p>\n<\/p>\n<p>&nbsp;<\/p>\n<p style=\"text-align: justify;\" data-sourcepos=\"19:1-19:364\">En un comunicado conjunto, la Asociaci\u00f3n Mexicana de la Industria Automotriz (AMIA), la Industria Nacional de Autopartes (INA), AMDA y la Asociaci\u00f3n Nacional de Productores de Autobuses, Camiones y Tractocamiones (ANPACT) advirtieron que los aranceles afectar\u00e1n la competitividad de la regi\u00f3n, generando inflaci\u00f3n, p\u00e9rdida de empleos y menor crecimiento econ\u00f3mico.<\/p>\n<\/p>\n<p>&nbsp;<\/p>\n<p style=\"text-align: justify;\" data-sourcepos=\"21:1-21:306\">El sector automotriz destac\u00f3 la integraci\u00f3n productiva entre M\u00e9xico, Estados Unidos y Canad\u00e1, pilar del \u00e9xito del T-MEC, y alert\u00f3 sobre las estimaciones que indican una posible reducci\u00f3n del 0.5% en la econom\u00eda estadounidense para 2027 y un aumento de hasta 4 puntos porcentuales en la inflaci\u00f3n para 2025.<\/p>\n<\/p>\n<p>&nbsp;<\/p>\n<p style=\"text-align: center;\" data-sourcepos=\"21:1-21:306\"><em><strong>\u00a1Informaci\u00f3n que transforma!<\/strong><\/em><\/p>\n","protected":false},"excerpt":{"rendered":"<p>El sector automotriz mexicano, a trav\u00e9s de la Asociaci\u00f3n Mexicana de Distribuidores de Automotores (AMDA) en Quer\u00e9taro, ha expresado su profunda preocupaci\u00f3n por la entrada en vigor de los aranceles del 25% impuestos por Estados Unidos a productos de M\u00e9xico y Canad\u00e1.<\/p>\n","protected":false},"author":3,"featured_media":12420,"comment_status":"open","ping_status":"open","sticky":false,"template":"","format":"standard","meta":{"footnotes":""},"categories":[5,42,58],"tags":[3652,3653,2517,1437],"class_list":["post-12417","post","type-post","status-publish","format-standard","has-post-thumbnail","hentry","category-economia","category-estado","category-ultima-hora","tag-arancelesautomotriz","tag-economianorteamerica","tag-industriaautomotriz","tag-tmec"],"yoast_head":"<!-- This site is optimized with the Yoast SEO plugin v25.0 - https:\/\/yoast.com\/wordpress\/plugins\/seo\/ -->\n<title>T-MEC en riesgo aranceles de EE.UU. podr\u00edan golpear al sector automotriz regional | Nexo Informativo Santiago de Quer\u00e9taro<\/title>\n<meta name=\"description\" content=\"T-MEC en riesgo aranceles de EE.UU. podr\u00edan golpear al sector automotriz regional\" \/>\n<meta name=\"robots\" content=\"index, follow, max-snippet:-1, max-image-preview:large, max-video-preview:-1\" \/>\n<link rel=\"canonical\" href=\"https:\/\/www.nexoinformativo.mx\/index.php\/2025\/03\/05\/t-mec-en-riesgo-aranceles-de-ee-uu-podrian-golpear-al-sector-automotriz-regional\/\" \/>\n<meta property=\"og:locale\" content=\"es_MX\" \/>\n<meta property=\"og:type\" content=\"article\" \/>\n<meta property=\"og:title\" content=\"T-MEC en riesgo aranceles de EE.UU. podr\u00edan golpear al sector automotriz regional | Nexo Informativo Santiago de Quer\u00e9taro\" \/>\n<meta property=\"og:description\" content=\"T-MEC en riesgo aranceles de EE.UU. podr\u00edan golpear al sector automotriz regional\" \/>\n<meta property=\"og:url\" content=\"https:\/\/www.nexoinformativo.mx\/index.php\/2025\/03\/05\/t-mec-en-riesgo-aranceles-de-ee-uu-podrian-golpear-al-sector-automotriz-regional\/\" \/>\n<meta property=\"og:site_name\" content=\"Nexo Informativo Santiago de Quer\u00e9taro\" \/>\n<meta property=\"article:publisher\" content=\"https:\/\/www.facebook.com\/people\/Nexo-Informativo\/61564066885511\/\" \/>\n<meta property=\"article:published_time\" content=\"2025-03-05T16:00:17+00:00\" \/>\n<meta property=\"article:modified_time\" content=\"2025-03-05T18:01:35+00:00\" \/>\n<meta property=\"og:image\" content=\"https:\/\/www.nexoinformativo.mx\/wp-content\/uploads\/2025\/03\/PHOTO-2025-03-05-10-25-50-e1741196364519.jpg\" \/>\n\t<meta property=\"og:image:width\" content=\"800\" \/>\n\t<meta property=\"og:image:height\" content=\"534\" \/>\n\t<meta property=\"og:image:type\" content=\"image\/jpeg\" \/>\n<meta name=\"author\" content=\"Nexo Informativo\" \/>\n<meta name=\"twitter:card\" content=\"summary_large_image\" \/>\n<meta name=\"twitter:label1\" content=\"Escrito por\" \/>\n\t<meta name=\"twitter:data1\" content=\"Nexo Informativo\" \/>\n\t<meta name=\"twitter:label2\" content=\"Tiempo de lectura\" \/>\n\t<meta name=\"twitter:data2\" content=\"2 minutos\" \/>\n<script type=\"application\/ld+json\" class=\"yoast-schema-graph\">{\"@context\":\"https:\/\/schema.org\",\"@graph\":[{\"@type\":\"Article\",\"@id\":\"https:\/\/www.nexoinformativo.mx\/index.php\/2025\/03\/05\/t-mec-en-riesgo-aranceles-de-ee-uu-podrian-golpear-al-sector-automotriz-regional\/#article\",\"isPartOf\":{\"@id\":\"https:\/\/www.nexoinformativo.mx\/index.php\/2025\/03\/05\/t-mec-en-riesgo-aranceles-de-ee-uu-podrian-golpear-al-sector-automotriz-regional\/\"},\"author\":{\"name\":\"Nexo Informativo\",\"@id\":\"https:\/\/www.nexoinformativo.mx\/#\/schema\/person\/7749d380ba08c8ca00d7bc76fd907b7d\"},\"headline\":\"T-MEC en riesgo aranceles de EE.UU. podr\u00edan golpear al sector automotriz regional\",\"datePublished\":\"2025-03-05T16:00:17+00:00\",\"dateModified\":\"2025-03-05T18:01:35+00:00\",\"mainEntityOfPage\":{\"@id\":\"https:\/\/www.nexoinformativo.mx\/index.php\/2025\/03\/05\/t-mec-en-riesgo-aranceles-de-ee-uu-podrian-golpear-al-sector-automotriz-regional\/\"},\"wordCount\":240,\"commentCount\":0,\"publisher\":{\"@id\":\"https:\/\/www.nexoinformativo.mx\/#organization\"},\"image\":{\"@id\":\"https:\/\/www.nexoinformativo.mx\/index.php\/2025\/03\/05\/t-mec-en-riesgo-aranceles-de-ee-uu-podrian-golpear-al-sector-automotriz-regional\/#primaryimage\"},\"thumbnailUrl\":\"https:\/\/www.nexoinformativo.mx\/wp-content\/uploads\/2025\/03\/PHOTO-2025-03-05-10-25-50-e1741196364519.jpg\",\"keywords\":[\"ArancelesAutomotriz\",\"Econom\u00edaNorteam\u00e9rica\",\"IndustriaAutomotriz\",\"TMEC\"],\"articleSection\":[\"Econom\u00eda\",\"Estado\",\"\u00daltima Hora\"],\"inLanguage\":\"es\",\"potentialAction\":[{\"@type\":\"CommentAction\",\"name\":\"Comment\",\"target\":[\"https:\/\/www.nexoinformativo.mx\/index.php\/2025\/03\/05\/t-mec-en-riesgo-aranceles-de-ee-uu-podrian-golpear-al-sector-automotriz-regional\/#respond\"]}]},{\"@type\":\"WebPage\",\"@id\":\"https:\/\/www.nexoinformativo.mx\/index.php\/2025\/03\/05\/t-mec-en-riesgo-aranceles-de-ee-uu-podrian-golpear-al-sector-automotriz-regional\/\",\"url\":\"https:\/\/www.nexoinformativo.mx\/index.php\/2025\/03\/05\/t-mec-en-riesgo-aranceles-de-ee-uu-podrian-golpear-al-sector-automotriz-regional\/\",\"name\":\"T-MEC en riesgo aranceles de EE.UU. podr\u00edan golpear al sector automotriz regional | Nexo Informativo Santiago de Quer\u00e9taro\",\"isPartOf\":{\"@id\":\"https:\/\/www.nexoinformativo.mx\/#website\"},\"primaryImageOfPage\":{\"@id\":\"https:\/\/www.nexoinformativo.mx\/index.php\/2025\/03\/05\/t-mec-en-riesgo-aranceles-de-ee-uu-podrian-golpear-al-sector-automotriz-regional\/#primaryimage\"},\"image\":{\"@id\":\"https:\/\/www.nexoinformativo.mx\/index.php\/2025\/03\/05\/t-mec-en-riesgo-aranceles-de-ee-uu-podrian-golpear-al-sector-automotriz-regional\/#primaryimage\"},\"thumbnailUrl\":\"https:\/\/www.nexoinformativo.mx\/wp-content\/uploads\/2025\/03\/PHOTO-2025-03-05-10-25-50-e1741196364519.jpg\",\"datePublished\":\"2025-03-05T16:00:17+00:00\",\"dateModified\":\"2025-03-05T18:01:35+00:00\",\"description\":\"T-MEC en riesgo aranceles de EE.UU. podr\u00edan golpear al sector automotriz regional\",\"breadcrumb\":{\"@id\":\"https:\/\/www.nexoinformativo.mx\/index.php\/2025\/03\/05\/t-mec-en-riesgo-aranceles-de-ee-uu-podrian-golpear-al-sector-automotriz-regional\/#breadcrumb\"},\"inLanguage\":\"es\",\"potentialAction\":[{\"@type\":\"ReadAction\",\"target\":[\"https:\/\/www.nexoinformativo.mx\/index.php\/2025\/03\/05\/t-mec-en-riesgo-aranceles-de-ee-uu-podrian-golpear-al-sector-automotriz-regional\/\"]}]},{\"@type\":\"ImageObject\",\"inLanguage\":\"es\",\"@id\":\"https:\/\/www.nexoinformativo.mx\/index.php\/2025\/03\/05\/t-mec-en-riesgo-aranceles-de-ee-uu-podrian-golpear-al-sector-automotriz-regional\/#primaryimage\",\"url\":\"https:\/\/www.nexoinformativo.mx\/wp-content\/uploads\/2025\/03\/PHOTO-2025-03-05-10-25-50-e1741196364519.jpg\",\"contentUrl\":\"https:\/\/www.nexoinformativo.mx\/wp-content\/uploads\/2025\/03\/PHOTO-2025-03-05-10-25-50-e1741196364519.jpg\",\"width\":800,\"height\":534},{\"@type\":\"BreadcrumbList\",\"@id\":\"https:\/\/www.nexoinformativo.mx\/index.php\/2025\/03\/05\/t-mec-en-riesgo-aranceles-de-ee-uu-podrian-golpear-al-sector-automotriz-regional\/#breadcrumb\",\"itemListElement\":[{\"@type\":\"ListItem\",\"position\":1,\"name\":\"Inicio\",\"item\":\"https:\/\/www.nexoinformativo.mx\/\"},{\"@type\":\"ListItem\",\"position\":2,\"name\":\"T-MEC en riesgo aranceles de EE.UU. podr\u00edan golpear al sector automotriz regional\"}]},{\"@type\":\"WebSite\",\"@id\":\"https:\/\/www.nexoinformativo.mx\/#website\",\"url\":\"https:\/\/www.nexoinformativo.mx\/\",\"name\":\"Nexo Informativo Santiago de Quer\u00e9taro\",\"description\":\"Explora NexoInformativo y convi\u00e9rtete en parte de una comunidad que valora el conocimiento y la verdad. Tu nexoinformativo es tu puente hacia una comprensi\u00f3n m\u00e1s profunda del mundo que te rodea.\",\"publisher\":{\"@id\":\"https:\/\/www.nexoinformativo.mx\/#organization\"},\"potentialAction\":[{\"@type\":\"SearchAction\",\"target\":{\"@type\":\"EntryPoint\",\"urlTemplate\":\"https:\/\/www.nexoinformativo.mx\/?s={search_term_string}\"},\"query-input\":{\"@type\":\"PropertyValueSpecification\",\"valueRequired\":true,\"valueName\":\"search_term_string\"}}],\"inLanguage\":\"es\"},{\"@type\":\"Organization\",\"@id\":\"https:\/\/www.nexoinformativo.mx\/#organization\",\"name\":\"Nexo Informativo Santiago de Quer\u00e9taro\",\"url\":\"https:\/\/www.nexoinformativo.mx\/\",\"logo\":{\"@type\":\"ImageObject\",\"inLanguage\":\"es\",\"@id\":\"https:\/\/www.nexoinformativo.mx\/#\/schema\/logo\/image\/\",\"url\":\"https:\/\/www.nexoinformativo.mx\/wp-content\/uploads\/2024\/07\/nexoi-trasparente-2.png\",\"contentUrl\":\"https:\/\/www.nexoinformativo.mx\/wp-content\/uploads\/2024\/07\/nexoi-trasparente-2.png\",\"width\":816,\"height\":339,\"caption\":\"Nexo Informativo Santiago de Quer\u00e9taro\"},\"image\":{\"@id\":\"https:\/\/www.nexoinformativo.mx\/#\/schema\/logo\/image\/\"},\"sameAs\":[\"https:\/\/www.facebook.com\/people\/Nexo-Informativo\/61564066885511\/\"]},{\"@type\":\"Person\",\"@id\":\"https:\/\/www.nexoinformativo.mx\/#\/schema\/person\/7749d380ba08c8ca00d7bc76fd907b7d\",\"name\":\"Nexo Informativo\",\"image\":{\"@type\":\"ImageObject\",\"inLanguage\":\"es\",\"@id\":\"https:\/\/www.nexoinformativo.mx\/#\/schema\/person\/image\/\",\"url\":\"https:\/\/secure.gravatar.com\/avatar\/dde2928154642a13d95f87ddf1ea9718fe2b46760a005c53e41ff5ad610704e6?s=96&d=mm&r=g\",\"contentUrl\":\"https:\/\/secure.gravatar.com\/avatar\/dde2928154642a13d95f87ddf1ea9718fe2b46760a005c53e41ff5ad610704e6?s=96&d=mm&r=g\",\"caption\":\"Nexo Informativo\"},\"url\":\"https:\/\/www.nexoinformativo.mx\/index.php\/author\/edicion\/\"}]}<\/script>\n<!-- \/ Yoast SEO plugin. -->","yoast_head_json":{"title":"T-MEC en riesgo aranceles de EE.UU. podr\u00edan golpear al sector automotriz regional | Nexo Informativo Santiago de Quer\u00e9taro","description":"T-MEC en riesgo aranceles de EE.UU. podr\u00edan golpear al sector automotriz regional","robots":{"index":"index","follow":"follow","max-snippet":"max-snippet:-1","max-image-preview":"max-image-preview:large","max-video-preview":"max-video-preview:-1"},"canonical":"https:\/\/www.nexoinformativo.mx\/index.php\/2025\/03\/05\/t-mec-en-riesgo-aranceles-de-ee-uu-podrian-golpear-al-sector-automotriz-regional\/","og_locale":"es_MX","og_type":"article","og_title":"T-MEC en riesgo aranceles de EE.UU. podr\u00edan golpear al sector automotriz regional | Nexo Informativo Santiago de Quer\u00e9taro","og_description":"T-MEC en riesgo aranceles de EE.UU. podr\u00edan golpear al sector automotriz regional","og_url":"https:\/\/www.nexoinformativo.mx\/index.php\/2025\/03\/05\/t-mec-en-riesgo-aranceles-de-ee-uu-podrian-golpear-al-sector-automotriz-regional\/","og_site_name":"Nexo Informativo Santiago de Quer\u00e9taro","article_publisher":"https:\/\/www.facebook.com\/people\/Nexo-Informativo\/61564066885511\/","article_published_time":"2025-03-05T16:00:17+00:00","article_modified_time":"2025-03-05T18:01:35+00:00","og_image":[{"width":800,"height":534,"url":"https:\/\/www.nexoinformativo.mx\/wp-content\/uploads\/2025\/03\/PHOTO-2025-03-05-10-25-50-e1741196364519.jpg","type":"image\/jpeg"}],"author":"Nexo Informativo","twitter_card":"summary_large_image","twitter_misc":{"Escrito por":"Nexo Informativo","Tiempo de lectura":"2 minutos"},"schema":{"@context":"https:\/\/schema.org","@graph":[{"@type":"Article","@id":"https:\/\/www.nexoinformativo.mx\/index.php\/2025\/03\/05\/t-mec-en-riesgo-aranceles-de-ee-uu-podrian-golpear-al-sector-automotriz-regional\/#article","isPartOf":{"@id":"https:\/\/www.nexoinformativo.mx\/index.php\/2025\/03\/05\/t-mec-en-riesgo-aranceles-de-ee-uu-podrian-golpear-al-sector-automotriz-regional\/"},"author":{"name":"Nexo Informativo","@id":"https:\/\/www.nexoinformativo.mx\/#\/schema\/person\/7749d380ba08c8ca00d7bc76fd907b7d"},"headline":"T-MEC en riesgo aranceles de EE.UU. podr\u00edan golpear al sector automotriz regional","datePublished":"2025-03-05T16:00:17+00:00","dateModified":"2025-03-05T18:01:35+00:00","mainEntityOfPage":{"@id":"https:\/\/www.nexoinformativo.mx\/index.php\/2025\/03\/05\/t-mec-en-riesgo-aranceles-de-ee-uu-podrian-golpear-al-sector-automotriz-regional\/"},"wordCount":240,"commentCount":0,"publisher":{"@id":"https:\/\/www.nexoinformativo.mx\/#organization"},"image":{"@id":"https:\/\/www.nexoinformativo.mx\/index.php\/2025\/03\/05\/t-mec-en-riesgo-aranceles-de-ee-uu-podrian-golpear-al-sector-automotriz-regional\/#primaryimage"},"thumbnailUrl":"https:\/\/www.nexoinformativo.mx\/wp-content\/uploads\/2025\/03\/PHOTO-2025-03-05-10-25-50-e1741196364519.jpg","keywords":["ArancelesAutomotriz","Econom\u00edaNorteam\u00e9rica","IndustriaAutomotriz","TMEC"],"articleSection":["Econom\u00eda","Estado","\u00daltima Hora"],"inLanguage":"es","potentialAction":[{"@type":"CommentAction","name":"Comment","target":["https:\/\/www.nexoinformativo.mx\/index.php\/2025\/03\/05\/t-mec-en-riesgo-aranceles-de-ee-uu-podrian-golpear-al-sector-automotriz-regional\/#respond"]}]},{"@type":"WebPage","@id":"https:\/\/www.nexoinformativo.mx\/index.php\/2025\/03\/05\/t-mec-en-riesgo-aranceles-de-ee-uu-podrian-golpear-al-sector-automotriz-regional\/","url":"https:\/\/www.nexoinformativo.mx\/index.php\/2025\/03\/05\/t-mec-en-riesgo-aranceles-de-ee-uu-podrian-golpear-al-sector-automotriz-regional\/","name":"T-MEC en riesgo aranceles de EE.UU. podr\u00edan golpear al sector automotriz regional | Nexo Informativo Santiago de Quer\u00e9taro","isPartOf":{"@id":"https:\/\/www.nexoinformativo.mx\/#website"},"primaryImageOfPage":{"@id":"https:\/\/www.nexoinformativo.mx\/index.php\/2025\/03\/05\/t-mec-en-riesgo-aranceles-de-ee-uu-podrian-golpear-al-sector-automotriz-regional\/#primaryimage"},"image":{"@id":"https:\/\/www.nexoinformativo.mx\/index.php\/2025\/03\/05\/t-mec-en-riesgo-aranceles-de-ee-uu-podrian-golpear-al-sector-automotriz-regional\/#primaryimage"},"thumbnailUrl":"https:\/\/www.nexoinformativo.mx\/wp-content\/uploads\/2025\/03\/PHOTO-2025-03-05-10-25-50-e1741196364519.jpg","datePublished":"2025-03-05T16:00:17+00:00","dateModified":"2025-03-05T18:01:35+00:00","description":"T-MEC en riesgo aranceles de EE.UU. podr\u00edan golpear al sector automotriz regional","breadcrumb":{"@id":"https:\/\/www.nexoinformativo.mx\/index.php\/2025\/03\/05\/t-mec-en-riesgo-aranceles-de-ee-uu-podrian-golpear-al-sector-automotriz-regional\/#breadcrumb"},"inLanguage":"es","potentialAction":[{"@type":"ReadAction","target":["https:\/\/www.nexoinformativo.mx\/index.php\/2025\/03\/05\/t-mec-en-riesgo-aranceles-de-ee-uu-podrian-golpear-al-sector-automotriz-regional\/"]}]},{"@type":"ImageObject","inLanguage":"es","@id":"https:\/\/www.nexoinformativo.mx\/index.php\/2025\/03\/05\/t-mec-en-riesgo-aranceles-de-ee-uu-podrian-golpear-al-sector-automotriz-regional\/#primaryimage","url":"https:\/\/www.nexoinformativo.mx\/wp-content\/uploads\/2025\/03\/PHOTO-2025-03-05-10-25-50-e1741196364519.jpg","contentUrl":"https:\/\/www.nexoinformativo.mx\/wp-content\/uploads\/2025\/03\/PHOTO-2025-03-05-10-25-50-e1741196364519.jpg","width":800,"height":534},{"@type":"BreadcrumbList","@id":"https:\/\/www.nexoinformativo.mx\/index.php\/2025\/03\/05\/t-mec-en-riesgo-aranceles-de-ee-uu-podrian-golpear-al-sector-automotriz-regional\/#breadcrumb","itemListElement":[{"@type":"ListItem","position":1,"name":"Inicio","item":"https:\/\/www.nexoinformativo.mx\/"},{"@type":"ListItem","position":2,"name":"T-MEC en riesgo aranceles de EE.UU. podr\u00edan golpear al sector automotriz regional"}]},{"@type":"WebSite","@id":"https:\/\/www.nexoinformativo.mx\/#website","url":"https:\/\/www.nexoinformativo.mx\/","name":"Nexo Informativo Santiago de Quer\u00e9taro","description":"Explora NexoInformativo y convi\u00e9rtete en parte de una comunidad que valora el conocimiento y la verdad. Tu nexoinformativo es tu puente hacia una comprensi\u00f3n m\u00e1s profunda del mundo que te rodea.","publisher":{"@id":"https:\/\/www.nexoinformativo.mx\/#organization"},"potentialAction":[{"@type":"SearchAction","target":{"@type":"EntryPoint","urlTemplate":"https:\/\/www.nexoinformativo.mx\/?s={search_term_string}"},"query-input":{"@type":"PropertyValueSpecification","valueRequired":true,"valueName":"search_term_string"}}],"inLanguage":"es"},{"@type":"Organization","@id":"https:\/\/www.nexoinformativo.mx\/#organization","name":"Nexo Informativo Santiago de Quer\u00e9taro","url":"https:\/\/www.nexoinformativo.mx\/","logo":{"@type":"ImageObject","inLanguage":"es","@id":"https:\/\/www.nexoinformativo.mx\/#\/schema\/logo\/image\/","url":"https:\/\/www.nexoinformativo.mx\/wp-content\/uploads\/2024\/07\/nexoi-trasparente-2.png","contentUrl":"https:\/\/www.nexoinformativo.mx\/wp-content\/uploads\/2024\/07\/nexoi-trasparente-2.png","width":816,"height":339,"caption":"Nexo Informativo Santiago de Quer\u00e9taro"},"image":{"@id":"https:\/\/www.nexoinformativo.mx\/#\/schema\/logo\/image\/"},"sameAs":["https:\/\/www.facebook.com\/people\/Nexo-Informativo\/61564066885511\/"]},{"@type":"Person","@id":"https:\/\/www.nexoinformativo.mx\/#\/schema\/person\/7749d380ba08c8ca00d7bc76fd907b7d","name":"Nexo Informativo","image":{"@type":"ImageObject","inLanguage":"es","@id":"https:\/\/www.nexoinformativo.mx\/#\/schema\/person\/image\/","url":"https:\/\/secure.gravatar.com\/avatar\/dde2928154642a13d95f87ddf1ea9718fe2b46760a005c53e41ff5ad610704e6?s=96&d=mm&r=g","contentUrl":"https:\/\/secure.gravatar.com\/avatar\/dde2928154642a13d95f87ddf1ea9718fe2b46760a005c53e41ff5ad610704e6?s=96&d=mm&r=g","caption":"Nexo Informativo"},"url":"https:\/\/www.nexoinformativo.mx\/index.php\/author\/edicion\/"}]}},"_links":{"self":[{"href":"https:\/\/www.nexoinformativo.mx\/index.php\/wp-json\/wp\/v2\/posts\/12417","targetHints":{"allow":["GET"]}}],"collection":[{"href":"https:\/\/www.nexoinformativo.mx\/index.php\/wp-json\/wp\/v2\/posts"}],"about":[{"href":"https:\/\/www.nexoinformativo.mx\/index.php\/wp-json\/wp\/v2\/types\/post"}],"author":[{"embeddable":true,"href":"https:\/\/www.nexoinformativo.mx\/index.php\/wp-json\/wp\/v2\/users\/3"}],"replies":[{"embeddable":true,"href":"https:\/\/www.nexoinformativo.mx\/index.php\/wp-json\/wp\/v2\/comments?post=12417"}],"version-history":[{"count":3,"href":"https:\/\/www.nexoinformativo.mx\/index.php\/wp-json\/wp\/v2\/posts\/12417\/revisions"}],"predecessor-version":[{"id":12422,"href":"https:\/\/www.nexoinformativo.mx\/index.php\/wp-json\/wp\/v2\/posts\/12417\/revisions\/12422"}],"wp:featuredmedia":[{"embeddable":true,"href":"https:\/\/www.nexoinformativo.mx\/index.php\/wp-json\/wp\/v2\/media\/12420"}],"wp:attachment":[{"href":"https:\/\/www.nexoinformativo.mx\/index.php\/wp-json\/wp\/v2\/media?parent=12417"}],"wp:term":[{"taxonomy":"category","embeddable":true,"href":"https:\/\/www.nexoinformativo.mx\/index.php\/wp-json\/wp\/v2\/categories?post=12417"},{"taxonomy":"post_tag","embeddable":true,"href":"https:\/\/www.nexoinformativo.mx\/index.php\/wp-json\/wp\/v2\/tags?post=12417"}],"curies":[{"name":"wp","href":"https:\/\/api.w.org\/{rel}","templated":true}]}}