{"id":12424,"date":"2025-03-06T06:00:04","date_gmt":"2025-03-06T12:00:04","guid":{"rendered":"https:\/\/www.nexoinformativo.mx\/?p=12424"},"modified":"2025-03-06T09:57:07","modified_gmt":"2025-03-06T15:57:07","slug":"volcadura-de-pipa-moviliza-a-emergencias-en-carretera-de-el-marques-sin-fuga-y-sin-heridos","status":"publish","type":"post","link":"https:\/\/www.nexoinformativo.mx\/index.php\/2025\/03\/06\/volcadura-de-pipa-moviliza-a-emergencias-en-carretera-de-el-marques-sin-fuga-y-sin-heridos\/","title":{"rendered":"Volcadura de pipa moviliza a emergencias en carretera de El Marqu\u00e9s sin fuga y sin heridos"},"content":{"rendered":"<p style=\"text-align: justify;\" data-sourcepos=\"13:1-13:255\">El dia de ayer na pipa cargada con Gas L.P. volc\u00f3 este d\u00eda en la carretera estatal 431 Los Cues, a la altura de la empresa Pilgrim\u2019s, en el municipio de El Marqu\u00e9s. Afortunadamente, no se reportaron personas lesionadas ni fuga de gas.<\/p>\n<\/p>\n<p>&nbsp;<\/p>\n<p style=\"text-align: justify;\" data-sourcepos=\"15:1-15:219\">El incidente ocurri\u00f3 cuando el conductor de la pipa intentaba retornar en una glorieta. Al parecer, el peso del tanque cisterna y la velocidad provocaron la volcadura, quedando la unidad recostada sobre su lado derecho.<\/p>\n<\/p>\n<p>&nbsp;<\/p>\n<p style=\"text-align: justify;\" data-sourcepos=\"17:1-17:229\">Elementos de la Polic\u00eda Estatal (PoEs) y de Protecci\u00f3n Civil de El Marqu\u00e9s acudieron al lugar para asegurar la zona y descartar fugas de gas. Tambi\u00e9n brindaron primeros auxilios al conductor, quien solo presentaba golpes menores.<\/p>\n<\/p>\n<p>&nbsp;<\/p>\n<p style=\"text-align: justify;\" data-sourcepos=\"19:1-19:122\">Tras confirmar que no hab\u00eda riesgos para la poblaci\u00f3n, se solicit\u00f3 una gr\u00faa de alto tonelaje para retirar la pipa volcada.<\/p>\n<\/p>\n<p>&nbsp;<\/p>\n<p style=\"text-align: center;\" data-sourcepos=\"19:1-19:122\"><em><strong>\u00a1Informaci\u00f3n que transforma!<\/strong><\/em><\/p>\n","protected":false},"excerpt":{"rendered":"<p>El dia de ayer na pipa cargada con Gas L.P. volc\u00f3 este d\u00eda en la carretera estatal 431 Los Cues, a la altura de la empresa Pilgrim\u2019s, en el municipio de El Marqu\u00e9s. Afortunadamente, no se reportaron personas lesionadas ni fuga de gas.<\/p>\n","protected":false},"author":3,"featured_media":12425,"comment_status":"open","ping_status":"open","sticky":false,"template":"","format":"standard","meta":{"footnotes":""},"categories":[137,58],"tags":[149,3651,154,3654],"class_list":["post-12424","post","type-post","status-publish","format-standard","has-post-thumbnail","hentry","category-sucesos","category-ultima-hora","tag-elmarques","tag-emergenciaqro","tag-proteccioncivil","tag-volcadurapipa"],"yoast_head":"<!-- This site is optimized with the Yoast SEO plugin v25.0 - https:\/\/yoast.com\/wordpress\/plugins\/seo\/ -->\n<title>Volcadura de pipa moviliza a emergencias en carretera de El Marqu\u00e9s sin fuga y sin heridos | Nexo Informativo Santiago de Quer\u00e9taro<\/title>\n<meta name=\"description\" content=\"Volcadura de pipa moviliza a emergencias en carretera de El Marqu\u00e9s sin fuga y sin heridos\" \/>\n<meta name=\"robots\" content=\"index, follow, max-snippet:-1, max-image-preview:large, max-video-preview:-1\" \/>\n<link rel=\"canonical\" href=\"https:\/\/www.nexoinformativo.mx\/index.php\/2025\/03\/06\/volcadura-de-pipa-moviliza-a-emergencias-en-carretera-de-el-marques-sin-fuga-y-sin-heridos\/\" \/>\n<meta property=\"og:locale\" content=\"es_MX\" \/>\n<meta property=\"og:type\" content=\"article\" \/>\n<meta property=\"og:title\" content=\"Volcadura de pipa moviliza a emergencias en carretera de El Marqu\u00e9s sin fuga y sin heridos | Nexo Informativo Santiago de Quer\u00e9taro\" \/>\n<meta property=\"og:description\" content=\"Volcadura de pipa moviliza a emergencias en carretera de El Marqu\u00e9s sin fuga y sin heridos\" \/>\n<meta property=\"og:url\" content=\"https:\/\/www.nexoinformativo.mx\/index.php\/2025\/03\/06\/volcadura-de-pipa-moviliza-a-emergencias-en-carretera-de-el-marques-sin-fuga-y-sin-heridos\/\" \/>\n<meta property=\"og:site_name\" content=\"Nexo Informativo Santiago de Quer\u00e9taro\" \/>\n<meta property=\"article:publisher\" content=\"https:\/\/www.facebook.com\/people\/Nexo-Informativo\/61564066885511\/\" \/>\n<meta property=\"article:published_time\" content=\"2025-03-06T12:00:04+00:00\" \/>\n<meta property=\"article:modified_time\" content=\"2025-03-06T15:57:07+00:00\" \/>\n<meta property=\"og:image\" content=\"https:\/\/www.nexoinformativo.mx\/wp-content\/uploads\/2025\/03\/ed05af7e-2b4d-4034-ac7f-9ef764dcd56f-e1741276573301.jpg\" \/>\n\t<meta property=\"og:image:width\" content=\"800\" \/>\n\t<meta property=\"og:image:height\" content=\"694\" \/>\n\t<meta property=\"og:image:type\" content=\"image\/jpeg\" \/>\n<meta name=\"author\" content=\"Nexo Informativo\" \/>\n<meta name=\"twitter:card\" content=\"summary_large_image\" \/>\n<meta name=\"twitter:label1\" content=\"Escrito por\" \/>\n\t<meta name=\"twitter:data1\" content=\"Nexo Informativo\" \/>\n\t<meta name=\"twitter:label2\" content=\"Tiempo de lectura\" \/>\n\t<meta name=\"twitter:data2\" content=\"1 minuto\" \/>\n<script type=\"application\/ld+json\" class=\"yoast-schema-graph\">{\"@context\":\"https:\/\/schema.org\",\"@graph\":[{\"@type\":\"Article\",\"@id\":\"https:\/\/www.nexoinformativo.mx\/index.php\/2025\/03\/06\/volcadura-de-pipa-moviliza-a-emergencias-en-carretera-de-el-marques-sin-fuga-y-sin-heridos\/#article\",\"isPartOf\":{\"@id\":\"https:\/\/www.nexoinformativo.mx\/index.php\/2025\/03\/06\/volcadura-de-pipa-moviliza-a-emergencias-en-carretera-de-el-marques-sin-fuga-y-sin-heridos\/\"},\"author\":{\"name\":\"Nexo Informativo\",\"@id\":\"https:\/\/www.nexoinformativo.mx\/#\/schema\/person\/7749d380ba08c8ca00d7bc76fd907b7d\"},\"headline\":\"Volcadura de pipa moviliza a emergencias en carretera de El Marqu\u00e9s sin fuga y sin heridos\",\"datePublished\":\"2025-03-06T12:00:04+00:00\",\"dateModified\":\"2025-03-06T15:57:07+00:00\",\"mainEntityOfPage\":{\"@id\":\"https:\/\/www.nexoinformativo.mx\/index.php\/2025\/03\/06\/volcadura-de-pipa-moviliza-a-emergencias-en-carretera-de-el-marques-sin-fuga-y-sin-heridos\/\"},\"wordCount\":170,\"commentCount\":0,\"publisher\":{\"@id\":\"https:\/\/www.nexoinformativo.mx\/#organization\"},\"image\":{\"@id\":\"https:\/\/www.nexoinformativo.mx\/index.php\/2025\/03\/06\/volcadura-de-pipa-moviliza-a-emergencias-en-carretera-de-el-marques-sin-fuga-y-sin-heridos\/#primaryimage\"},\"thumbnailUrl\":\"https:\/\/www.nexoinformativo.mx\/wp-content\/uploads\/2025\/03\/ed05af7e-2b4d-4034-ac7f-9ef764dcd56f-e1741276573301.jpg\",\"keywords\":[\"elmarques\",\"EmergenciaQro\",\"proteccioncivil\",\"VolcaduraPipa\"],\"articleSection\":[\"Sucesos\",\"\u00daltima Hora\"],\"inLanguage\":\"es\",\"potentialAction\":[{\"@type\":\"CommentAction\",\"name\":\"Comment\",\"target\":[\"https:\/\/www.nexoinformativo.mx\/index.php\/2025\/03\/06\/volcadura-de-pipa-moviliza-a-emergencias-en-carretera-de-el-marques-sin-fuga-y-sin-heridos\/#respond\"]}]},{\"@type\":\"WebPage\",\"@id\":\"https:\/\/www.nexoinformativo.mx\/index.php\/2025\/03\/06\/volcadura-de-pipa-moviliza-a-emergencias-en-carretera-de-el-marques-sin-fuga-y-sin-heridos\/\",\"url\":\"https:\/\/www.nexoinformativo.mx\/index.php\/2025\/03\/06\/volcadura-de-pipa-moviliza-a-emergencias-en-carretera-de-el-marques-sin-fuga-y-sin-heridos\/\",\"name\":\"Volcadura de pipa moviliza a emergencias en carretera de El Marqu\u00e9s sin fuga y sin heridos | Nexo Informativo Santiago de Quer\u00e9taro\",\"isPartOf\":{\"@id\":\"https:\/\/www.nexoinformativo.mx\/#website\"},\"primaryImageOfPage\":{\"@id\":\"https:\/\/www.nexoinformativo.mx\/index.php\/2025\/03\/06\/volcadura-de-pipa-moviliza-a-emergencias-en-carretera-de-el-marques-sin-fuga-y-sin-heridos\/#primaryimage\"},\"image\":{\"@id\":\"https:\/\/www.nexoinformativo.mx\/index.php\/2025\/03\/06\/volcadura-de-pipa-moviliza-a-emergencias-en-carretera-de-el-marques-sin-fuga-y-sin-heridos\/#primaryimage\"},\"thumbnailUrl\":\"https:\/\/www.nexoinformativo.mx\/wp-content\/uploads\/2025\/03\/ed05af7e-2b4d-4034-ac7f-9ef764dcd56f-e1741276573301.jpg\",\"datePublished\":\"2025-03-06T12:00:04+00:00\",\"dateModified\":\"2025-03-06T15:57:07+00:00\",\"description\":\"Volcadura de pipa moviliza a emergencias en carretera de El Marqu\u00e9s sin fuga y sin heridos\",\"breadcrumb\":{\"@id\":\"https:\/\/www.nexoinformativo.mx\/index.php\/2025\/03\/06\/volcadura-de-pipa-moviliza-a-emergencias-en-carretera-de-el-marques-sin-fuga-y-sin-heridos\/#breadcrumb\"},\"inLanguage\":\"es\",\"potentialAction\":[{\"@type\":\"ReadAction\",\"target\":[\"https:\/\/www.nexoinformativo.mx\/index.php\/2025\/03\/06\/volcadura-de-pipa-moviliza-a-emergencias-en-carretera-de-el-marques-sin-fuga-y-sin-heridos\/\"]}]},{\"@type\":\"ImageObject\",\"inLanguage\":\"es\",\"@id\":\"https:\/\/www.nexoinformativo.mx\/index.php\/2025\/03\/06\/volcadura-de-pipa-moviliza-a-emergencias-en-carretera-de-el-marques-sin-fuga-y-sin-heridos\/#primaryimage\",\"url\":\"https:\/\/www.nexoinformativo.mx\/wp-content\/uploads\/2025\/03\/ed05af7e-2b4d-4034-ac7f-9ef764dcd56f-e1741276573301.jpg\",\"contentUrl\":\"https:\/\/www.nexoinformativo.mx\/wp-content\/uploads\/2025\/03\/ed05af7e-2b4d-4034-ac7f-9ef764dcd56f-e1741276573301.jpg\",\"width\":800,\"height\":694},{\"@type\":\"BreadcrumbList\",\"@id\":\"https:\/\/www.nexoinformativo.mx\/index.php\/2025\/03\/06\/volcadura-de-pipa-moviliza-a-emergencias-en-carretera-de-el-marques-sin-fuga-y-sin-heridos\/#breadcrumb\",\"itemListElement\":[{\"@type\":\"ListItem\",\"position\":1,\"name\":\"Inicio\",\"item\":\"https:\/\/www.nexoinformativo.mx\/\"},{\"@type\":\"ListItem\",\"position\":2,\"name\":\"Volcadura de pipa moviliza a emergencias en carretera de El Marqu\u00e9s sin fuga y sin heridos\"}]},{\"@type\":\"WebSite\",\"@id\":\"https:\/\/www.nexoinformativo.mx\/#website\",\"url\":\"https:\/\/www.nexoinformativo.mx\/\",\"name\":\"Nexo Informativo Santiago de Quer\u00e9taro\",\"description\":\"Explora NexoInformativo y convi\u00e9rtete en parte de una comunidad que valora el conocimiento y la verdad. Tu nexoinformativo es tu puente hacia una comprensi\u00f3n m\u00e1s profunda del mundo que te rodea.\",\"publisher\":{\"@id\":\"https:\/\/www.nexoinformativo.mx\/#organization\"},\"potentialAction\":[{\"@type\":\"SearchAction\",\"target\":{\"@type\":\"EntryPoint\",\"urlTemplate\":\"https:\/\/www.nexoinformativo.mx\/?s={search_term_string}\"},\"query-input\":{\"@type\":\"PropertyValueSpecification\",\"valueRequired\":true,\"valueName\":\"search_term_string\"}}],\"inLanguage\":\"es\"},{\"@type\":\"Organization\",\"@id\":\"https:\/\/www.nexoinformativo.mx\/#organization\",\"name\":\"Nexo Informativo Santiago de Quer\u00e9taro\",\"url\":\"https:\/\/www.nexoinformativo.mx\/\",\"logo\":{\"@type\":\"ImageObject\",\"inLanguage\":\"es\",\"@id\":\"https:\/\/www.nexoinformativo.mx\/#\/schema\/logo\/image\/\",\"url\":\"https:\/\/www.nexoinformativo.mx\/wp-content\/uploads\/2024\/07\/nexoi-trasparente-2.png\",\"contentUrl\":\"https:\/\/www.nexoinformativo.mx\/wp-content\/uploads\/2024\/07\/nexoi-trasparente-2.png\",\"width\":816,\"height\":339,\"caption\":\"Nexo Informativo Santiago de Quer\u00e9taro\"},\"image\":{\"@id\":\"https:\/\/www.nexoinformativo.mx\/#\/schema\/logo\/image\/\"},\"sameAs\":[\"https:\/\/www.facebook.com\/people\/Nexo-Informativo\/61564066885511\/\"]},{\"@type\":\"Person\",\"@id\":\"https:\/\/www.nexoinformativo.mx\/#\/schema\/person\/7749d380ba08c8ca00d7bc76fd907b7d\",\"name\":\"Nexo Informativo\",\"image\":{\"@type\":\"ImageObject\",\"inLanguage\":\"es\",\"@id\":\"https:\/\/www.nexoinformativo.mx\/#\/schema\/person\/image\/\",\"url\":\"https:\/\/secure.gravatar.com\/avatar\/dde2928154642a13d95f87ddf1ea9718fe2b46760a005c53e41ff5ad610704e6?s=96&d=mm&r=g\",\"contentUrl\":\"https:\/\/secure.gravatar.com\/avatar\/dde2928154642a13d95f87ddf1ea9718fe2b46760a005c53e41ff5ad610704e6?s=96&d=mm&r=g\",\"caption\":\"Nexo Informativo\"},\"url\":\"https:\/\/www.nexoinformativo.mx\/index.php\/author\/edicion\/\"}]}<\/script>\n<!-- \/ Yoast SEO plugin. -->","yoast_head_json":{"title":"Volcadura de pipa moviliza a emergencias en carretera de El Marqu\u00e9s sin fuga y sin heridos | Nexo Informativo Santiago de Quer\u00e9taro","description":"Volcadura de pipa moviliza a emergencias en carretera de El Marqu\u00e9s sin fuga y sin heridos","robots":{"index":"index","follow":"follow","max-snippet":"max-snippet:-1","max-image-preview":"max-image-preview:large","max-video-preview":"max-video-preview:-1"},"canonical":"https:\/\/www.nexoinformativo.mx\/index.php\/2025\/03\/06\/volcadura-de-pipa-moviliza-a-emergencias-en-carretera-de-el-marques-sin-fuga-y-sin-heridos\/","og_locale":"es_MX","og_type":"article","og_title":"Volcadura de pipa moviliza a emergencias en carretera de El Marqu\u00e9s sin fuga y sin heridos | Nexo Informativo Santiago de Quer\u00e9taro","og_description":"Volcadura de pipa moviliza a emergencias en carretera de El Marqu\u00e9s sin fuga y sin heridos","og_url":"https:\/\/www.nexoinformativo.mx\/index.php\/2025\/03\/06\/volcadura-de-pipa-moviliza-a-emergencias-en-carretera-de-el-marques-sin-fuga-y-sin-heridos\/","og_site_name":"Nexo Informativo Santiago de Quer\u00e9taro","article_publisher":"https:\/\/www.facebook.com\/people\/Nexo-Informativo\/61564066885511\/","article_published_time":"2025-03-06T12:00:04+00:00","article_modified_time":"2025-03-06T15:57:07+00:00","og_image":[{"width":800,"height":694,"url":"https:\/\/www.nexoinformativo.mx\/wp-content\/uploads\/2025\/03\/ed05af7e-2b4d-4034-ac7f-9ef764dcd56f-e1741276573301.jpg","type":"image\/jpeg"}],"author":"Nexo Informativo","twitter_card":"summary_large_image","twitter_misc":{"Escrito por":"Nexo Informativo","Tiempo de lectura":"1 minuto"},"schema":{"@context":"https:\/\/schema.org","@graph":[{"@type":"Article","@id":"https:\/\/www.nexoinformativo.mx\/index.php\/2025\/03\/06\/volcadura-de-pipa-moviliza-a-emergencias-en-carretera-de-el-marques-sin-fuga-y-sin-heridos\/#article","isPartOf":{"@id":"https:\/\/www.nexoinformativo.mx\/index.php\/2025\/03\/06\/volcadura-de-pipa-moviliza-a-emergencias-en-carretera-de-el-marques-sin-fuga-y-sin-heridos\/"},"author":{"name":"Nexo Informativo","@id":"https:\/\/www.nexoinformativo.mx\/#\/schema\/person\/7749d380ba08c8ca00d7bc76fd907b7d"},"headline":"Volcadura de pipa moviliza a emergencias en carretera de El Marqu\u00e9s sin fuga y sin heridos","datePublished":"2025-03-06T12:00:04+00:00","dateModified":"2025-03-06T15:57:07+00:00","mainEntityOfPage":{"@id":"https:\/\/www.nexoinformativo.mx\/index.php\/2025\/03\/06\/volcadura-de-pipa-moviliza-a-emergencias-en-carretera-de-el-marques-sin-fuga-y-sin-heridos\/"},"wordCount":170,"commentCount":0,"publisher":{"@id":"https:\/\/www.nexoinformativo.mx\/#organization"},"image":{"@id":"https:\/\/www.nexoinformativo.mx\/index.php\/2025\/03\/06\/volcadura-de-pipa-moviliza-a-emergencias-en-carretera-de-el-marques-sin-fuga-y-sin-heridos\/#primaryimage"},"thumbnailUrl":"https:\/\/www.nexoinformativo.mx\/wp-content\/uploads\/2025\/03\/ed05af7e-2b4d-4034-ac7f-9ef764dcd56f-e1741276573301.jpg","keywords":["elmarques","EmergenciaQro","proteccioncivil","VolcaduraPipa"],"articleSection":["Sucesos","\u00daltima Hora"],"inLanguage":"es","potentialAction":[{"@type":"CommentAction","name":"Comment","target":["https:\/\/www.nexoinformativo.mx\/index.php\/2025\/03\/06\/volcadura-de-pipa-moviliza-a-emergencias-en-carretera-de-el-marques-sin-fuga-y-sin-heridos\/#respond"]}]},{"@type":"WebPage","@id":"https:\/\/www.nexoinformativo.mx\/index.php\/2025\/03\/06\/volcadura-de-pipa-moviliza-a-emergencias-en-carretera-de-el-marques-sin-fuga-y-sin-heridos\/","url":"https:\/\/www.nexoinformativo.mx\/index.php\/2025\/03\/06\/volcadura-de-pipa-moviliza-a-emergencias-en-carretera-de-el-marques-sin-fuga-y-sin-heridos\/","name":"Volcadura de pipa moviliza a emergencias en carretera de El Marqu\u00e9s sin fuga y sin heridos | Nexo Informativo Santiago de Quer\u00e9taro","isPartOf":{"@id":"https:\/\/www.nexoinformativo.mx\/#website"},"primaryImageOfPage":{"@id":"https:\/\/www.nexoinformativo.mx\/index.php\/2025\/03\/06\/volcadura-de-pipa-moviliza-a-emergencias-en-carretera-de-el-marques-sin-fuga-y-sin-heridos\/#primaryimage"},"image":{"@id":"https:\/\/www.nexoinformativo.mx\/index.php\/2025\/03\/06\/volcadura-de-pipa-moviliza-a-emergencias-en-carretera-de-el-marques-sin-fuga-y-sin-heridos\/#primaryimage"},"thumbnailUrl":"https:\/\/www.nexoinformativo.mx\/wp-content\/uploads\/2025\/03\/ed05af7e-2b4d-4034-ac7f-9ef764dcd56f-e1741276573301.jpg","datePublished":"2025-03-06T12:00:04+00:00","dateModified":"2025-03-06T15:57:07+00:00","description":"Volcadura de pipa moviliza a emergencias en carretera de El Marqu\u00e9s sin fuga y sin heridos","breadcrumb":{"@id":"https:\/\/www.nexoinformativo.mx\/index.php\/2025\/03\/06\/volcadura-de-pipa-moviliza-a-emergencias-en-carretera-de-el-marques-sin-fuga-y-sin-heridos\/#breadcrumb"},"inLanguage":"es","potentialAction":[{"@type":"ReadAction","target":["https:\/\/www.nexoinformativo.mx\/index.php\/2025\/03\/06\/volcadura-de-pipa-moviliza-a-emergencias-en-carretera-de-el-marques-sin-fuga-y-sin-heridos\/"]}]},{"@type":"ImageObject","inLanguage":"es","@id":"https:\/\/www.nexoinformativo.mx\/index.php\/2025\/03\/06\/volcadura-de-pipa-moviliza-a-emergencias-en-carretera-de-el-marques-sin-fuga-y-sin-heridos\/#primaryimage","url":"https:\/\/www.nexoinformativo.mx\/wp-content\/uploads\/2025\/03\/ed05af7e-2b4d-4034-ac7f-9ef764dcd56f-e1741276573301.jpg","contentUrl":"https:\/\/www.nexoinformativo.mx\/wp-content\/uploads\/2025\/03\/ed05af7e-2b4d-4034-ac7f-9ef764dcd56f-e1741276573301.jpg","width":800,"height":694},{"@type":"BreadcrumbList","@id":"https:\/\/www.nexoinformativo.mx\/index.php\/2025\/03\/06\/volcadura-de-pipa-moviliza-a-emergencias-en-carretera-de-el-marques-sin-fuga-y-sin-heridos\/#breadcrumb","itemListElement":[{"@type":"ListItem","position":1,"name":"Inicio","item":"https:\/\/www.nexoinformativo.mx\/"},{"@type":"ListItem","position":2,"name":"Volcadura de pipa moviliza a emergencias en carretera de El Marqu\u00e9s sin fuga y sin heridos"}]},{"@type":"WebSite","@id":"https:\/\/www.nexoinformativo.mx\/#website","url":"https:\/\/www.nexoinformativo.mx\/","name":"Nexo Informativo Santiago de Quer\u00e9taro","description":"Explora NexoInformativo y convi\u00e9rtete en parte de una comunidad que valora el conocimiento y la verdad. Tu nexoinformativo es tu puente hacia una comprensi\u00f3n m\u00e1s profunda del mundo que te rodea.","publisher":{"@id":"https:\/\/www.nexoinformativo.mx\/#organization"},"potentialAction":[{"@type":"SearchAction","target":{"@type":"EntryPoint","urlTemplate":"https:\/\/www.nexoinformativo.mx\/?s={search_term_string}"},"query-input":{"@type":"PropertyValueSpecification","valueRequired":true,"valueName":"search_term_string"}}],"inLanguage":"es"},{"@type":"Organization","@id":"https:\/\/www.nexoinformativo.mx\/#organization","name":"Nexo Informativo Santiago de Quer\u00e9taro","url":"https:\/\/www.nexoinformativo.mx\/","logo":{"@type":"ImageObject","inLanguage":"es","@id":"https:\/\/www.nexoinformativo.mx\/#\/schema\/logo\/image\/","url":"https:\/\/www.nexoinformativo.mx\/wp-content\/uploads\/2024\/07\/nexoi-trasparente-2.png","contentUrl":"https:\/\/www.nexoinformativo.mx\/wp-content\/uploads\/2024\/07\/nexoi-trasparente-2.png","width":816,"height":339,"caption":"Nexo Informativo Santiago de Quer\u00e9taro"},"image":{"@id":"https:\/\/www.nexoinformativo.mx\/#\/schema\/logo\/image\/"},"sameAs":["https:\/\/www.facebook.com\/people\/Nexo-Informativo\/61564066885511\/"]},{"@type":"Person","@id":"https:\/\/www.nexoinformativo.mx\/#\/schema\/person\/7749d380ba08c8ca00d7bc76fd907b7d","name":"Nexo Informativo","image":{"@type":"ImageObject","inLanguage":"es","@id":"https:\/\/www.nexoinformativo.mx\/#\/schema\/person\/image\/","url":"https:\/\/secure.gravatar.com\/avatar\/dde2928154642a13d95f87ddf1ea9718fe2b46760a005c53e41ff5ad610704e6?s=96&d=mm&r=g","contentUrl":"https:\/\/secure.gravatar.com\/avatar\/dde2928154642a13d95f87ddf1ea9718fe2b46760a005c53e41ff5ad610704e6?s=96&d=mm&r=g","caption":"Nexo Informativo"},"url":"https:\/\/www.nexoinformativo.mx\/index.php\/author\/edicion\/"}]}},"_links":{"self":[{"href":"https:\/\/www.nexoinformativo.mx\/index.php\/wp-json\/wp\/v2\/posts\/12424","targetHints":{"allow":["GET"]}}],"collection":[{"href":"https:\/\/www.nexoinformativo.mx\/index.php\/wp-json\/wp\/v2\/posts"}],"about":[{"href":"https:\/\/www.nexoinformativo.mx\/index.php\/wp-json\/wp\/v2\/types\/post"}],"author":[{"embeddable":true,"href":"https:\/\/www.nexoinformativo.mx\/index.php\/wp-json\/wp\/v2\/users\/3"}],"replies":[{"embeddable":true,"href":"https:\/\/www.nexoinformativo.mx\/index.php\/wp-json\/wp\/v2\/comments?post=12424"}],"version-history":[{"count":3,"href":"https:\/\/www.nexoinformativo.mx\/index.php\/wp-json\/wp\/v2\/posts\/12424\/revisions"}],"predecessor-version":[{"id":12428,"href":"https:\/\/www.nexoinformativo.mx\/index.php\/wp-json\/wp\/v2\/posts\/12424\/revisions\/12428"}],"wp:featuredmedia":[{"embeddable":true,"href":"https:\/\/www.nexoinformativo.mx\/index.php\/wp-json\/wp\/v2\/media\/12425"}],"wp:attachment":[{"href":"https:\/\/www.nexoinformativo.mx\/index.php\/wp-json\/wp\/v2\/media?parent=12424"}],"wp:term":[{"taxonomy":"category","embeddable":true,"href":"https:\/\/www.nexoinformativo.mx\/index.php\/wp-json\/wp\/v2\/categories?post=12424"},{"taxonomy":"post_tag","embeddable":true,"href":"https:\/\/www.nexoinformativo.mx\/index.php\/wp-json\/wp\/v2\/tags?post=12424"}],"curies":[{"name":"wp","href":"https:\/\/api.w.org\/{rel}","templated":true}]}}