{"id":12429,"date":"2025-03-06T06:30:19","date_gmt":"2025-03-06T12:30:19","guid":{"rendered":"https:\/\/www.nexoinformativo.mx\/?p=12429"},"modified":"2025-03-06T10:02:14","modified_gmt":"2025-03-06T16:02:14","slug":"sinergia-por-queretaro-despliega-operativo-detienen-a-10-y-aseguran-armas-y-drogas","status":"publish","type":"post","link":"https:\/\/www.nexoinformativo.mx\/index.php\/2025\/03\/06\/sinergia-por-queretaro-despliega-operativo-detienen-a-10-y-aseguran-armas-y-drogas\/","title":{"rendered":"&#8220;Sinergia por Quer\u00e9taro&#8221; despliega operativo detienen a 10 y aseguran armas y drogas"},"content":{"rendered":"<p style=\"text-align: justify;\" data-sourcepos=\"13:1-13:318\">La Fiscal\u00eda General del Estado, en un operativo coordinado con fuerzas de los tres niveles de gobierno, realiz\u00f3 23 diligencias de cateo en la capital queretana, resultando en la detenci\u00f3n de 10 personas y el aseguramiento de diversos indicios relacionados con delitos contra la salud.<\/p>\n<p>&nbsp;<\/p>\n<p style=\"text-align: justify;\" data-sourcepos=\"15:1-15:389\">El operativo, denominado <strong>&#8220;Sinergia por Quer\u00e9taro&#8221;<\/strong>, se llev\u00f3 a cabo en 19 colonias de la ciudad, incluyendo La Trinidad, Las Am\u00e9ricas, Loma Bonita, y otras. Participaron personal ministerial, policial y pericial de la Fiscal\u00eda, as\u00ed como elementos de la Secretar\u00eda de Seguridad Ciudadana, la Secretar\u00eda de Seguridad P\u00fablica Municipal de Quer\u00e9taro, la Guardia Nacional y el Ej\u00e9rcito Mexicano.<\/p>\n<p>&nbsp;<\/p>\n<p style=\"text-align: justify;\" data-sourcepos=\"17:1-17:155\">Como resultado de las diligencias, se aseguraron 5 inmuebles, 3 armas de fuego, 57 cartuchos, dinero en efectivo y dosis de diversas sustancias sint\u00e9ticas.<\/p>\n<p>&nbsp;<\/p>\n<p style=\"text-align: justify;\" data-sourcepos=\"19:1-19:204\">Este operativo forma parte de las estrategias permanentes de la Fiscal\u00eda General para combatir los delitos de su competencia, a trav\u00e9s de acciones coordinadas con las distintas corporaciones de seguridad.<\/p>\n<p>&nbsp;<\/p>\n<p style=\"text-align: center;\" data-sourcepos=\"19:1-19:204\"><em><strong>\u00a1Informaci\u00f3n que transforma!<\/strong><\/em><\/p>\n","protected":false},"excerpt":{"rendered":"<p>La Fiscal\u00eda General del Estado, en un operativo coordinado con fuerzas de los tres niveles de gobierno, realiz\u00f3 23 diligencias de cateo en la capital queretana, resultando en la detenci\u00f3n de 10 personas y el aseguramiento de diversos indicios relacionados con delitos contra la salud.<\/p>\n","protected":false},"author":3,"featured_media":12433,"comment_status":"open","ping_status":"open","sticky":false,"template":"","format":"standard","meta":{"footnotes":""},"categories":[65,58],"tags":[2822,2529,266,3655],"class_list":["post-12429","post","type-post","status-publish","format-standard","has-post-thumbnail","hentry","category-municipios","category-ultima-hora","tag-fiscaliaqro","tag-narcomenudeo","tag-seguridadqueretaro","tag-sinergiaporqueretaro"],"yoast_head":"<!-- This site is optimized with the Yoast SEO plugin v25.0 - https:\/\/yoast.com\/wordpress\/plugins\/seo\/ -->\n<title>&quot;Sinergia por Quer\u00e9taro&quot; despliega operativo detienen a 10 y aseguran armas y drogas | Nexo Informativo Santiago de Quer\u00e9taro<\/title>\n<meta name=\"description\" content=\"&quot;Sinergia por Quer\u00e9taro&quot; despliega operativo detienen a 10 y aseguran armas y drogas\" \/>\n<meta name=\"robots\" content=\"index, follow, max-snippet:-1, max-image-preview:large, max-video-preview:-1\" \/>\n<link rel=\"canonical\" href=\"https:\/\/www.nexoinformativo.mx\/index.php\/2025\/03\/06\/sinergia-por-queretaro-despliega-operativo-detienen-a-10-y-aseguran-armas-y-drogas\/\" \/>\n<meta property=\"og:locale\" content=\"es_MX\" \/>\n<meta property=\"og:type\" content=\"article\" \/>\n<meta property=\"og:title\" content=\"&quot;Sinergia por Quer\u00e9taro&quot; despliega operativo detienen a 10 y aseguran armas y drogas | Nexo Informativo Santiago de Quer\u00e9taro\" \/>\n<meta property=\"og:description\" content=\"&quot;Sinergia por Quer\u00e9taro&quot; despliega operativo detienen a 10 y aseguran armas y drogas\" \/>\n<meta property=\"og:url\" content=\"https:\/\/www.nexoinformativo.mx\/index.php\/2025\/03\/06\/sinergia-por-queretaro-despliega-operativo-detienen-a-10-y-aseguran-armas-y-drogas\/\" \/>\n<meta property=\"og:site_name\" content=\"Nexo Informativo Santiago de Quer\u00e9taro\" \/>\n<meta property=\"article:publisher\" content=\"https:\/\/www.facebook.com\/people\/Nexo-Informativo\/61564066885511\/\" \/>\n<meta property=\"article:published_time\" content=\"2025-03-06T12:30:19+00:00\" \/>\n<meta property=\"article:modified_time\" content=\"2025-03-06T16:02:14+00:00\" \/>\n<meta property=\"og:image\" content=\"https:\/\/www.nexoinformativo.mx\/wp-content\/uploads\/2025\/03\/IMG_1361-e1741276928873.jpg\" \/>\n\t<meta property=\"og:image:width\" content=\"700\" \/>\n\t<meta property=\"og:image:height\" content=\"386\" \/>\n\t<meta property=\"og:image:type\" content=\"image\/jpeg\" \/>\n<meta name=\"author\" content=\"Nexo Informativo\" \/>\n<meta name=\"twitter:card\" content=\"summary_large_image\" \/>\n<meta name=\"twitter:label1\" content=\"Escrito por\" \/>\n\t<meta name=\"twitter:data1\" content=\"Nexo Informativo\" \/>\n\t<meta name=\"twitter:label2\" content=\"Tiempo de lectura\" \/>\n\t<meta name=\"twitter:data2\" content=\"1 minuto\" \/>\n<script type=\"application\/ld+json\" class=\"yoast-schema-graph\">{\"@context\":\"https:\/\/schema.org\",\"@graph\":[{\"@type\":\"Article\",\"@id\":\"https:\/\/www.nexoinformativo.mx\/index.php\/2025\/03\/06\/sinergia-por-queretaro-despliega-operativo-detienen-a-10-y-aseguran-armas-y-drogas\/#article\",\"isPartOf\":{\"@id\":\"https:\/\/www.nexoinformativo.mx\/index.php\/2025\/03\/06\/sinergia-por-queretaro-despliega-operativo-detienen-a-10-y-aseguran-armas-y-drogas\/\"},\"author\":{\"name\":\"Nexo Informativo\",\"@id\":\"https:\/\/www.nexoinformativo.mx\/#\/schema\/person\/7749d380ba08c8ca00d7bc76fd907b7d\"},\"headline\":\"&#8220;Sinergia por Quer\u00e9taro&#8221; despliega operativo detienen a 10 y aseguran armas y drogas\",\"datePublished\":\"2025-03-06T12:30:19+00:00\",\"dateModified\":\"2025-03-06T16:02:14+00:00\",\"mainEntityOfPage\":{\"@id\":\"https:\/\/www.nexoinformativo.mx\/index.php\/2025\/03\/06\/sinergia-por-queretaro-despliega-operativo-detienen-a-10-y-aseguran-armas-y-drogas\/\"},\"wordCount\":185,\"commentCount\":0,\"publisher\":{\"@id\":\"https:\/\/www.nexoinformativo.mx\/#organization\"},\"image\":{\"@id\":\"https:\/\/www.nexoinformativo.mx\/index.php\/2025\/03\/06\/sinergia-por-queretaro-despliega-operativo-detienen-a-10-y-aseguran-armas-y-drogas\/#primaryimage\"},\"thumbnailUrl\":\"https:\/\/www.nexoinformativo.mx\/wp-content\/uploads\/2025\/03\/IMG_1361-e1741276928873.jpg\",\"keywords\":[\"Fiscal\u00edaQro\",\"Narcomenudeo\",\"SeguridadQueretaro\",\"SinergiaPorQuer\u00e9taro\"],\"articleSection\":[\"Municipios\",\"\u00daltima Hora\"],\"inLanguage\":\"es\",\"potentialAction\":[{\"@type\":\"CommentAction\",\"name\":\"Comment\",\"target\":[\"https:\/\/www.nexoinformativo.mx\/index.php\/2025\/03\/06\/sinergia-por-queretaro-despliega-operativo-detienen-a-10-y-aseguran-armas-y-drogas\/#respond\"]}]},{\"@type\":\"WebPage\",\"@id\":\"https:\/\/www.nexoinformativo.mx\/index.php\/2025\/03\/06\/sinergia-por-queretaro-despliega-operativo-detienen-a-10-y-aseguran-armas-y-drogas\/\",\"url\":\"https:\/\/www.nexoinformativo.mx\/index.php\/2025\/03\/06\/sinergia-por-queretaro-despliega-operativo-detienen-a-10-y-aseguran-armas-y-drogas\/\",\"name\":\"\\\"Sinergia por Quer\u00e9taro\\\" despliega operativo detienen a 10 y aseguran armas y drogas | Nexo Informativo Santiago de Quer\u00e9taro\",\"isPartOf\":{\"@id\":\"https:\/\/www.nexoinformativo.mx\/#website\"},\"primaryImageOfPage\":{\"@id\":\"https:\/\/www.nexoinformativo.mx\/index.php\/2025\/03\/06\/sinergia-por-queretaro-despliega-operativo-detienen-a-10-y-aseguran-armas-y-drogas\/#primaryimage\"},\"image\":{\"@id\":\"https:\/\/www.nexoinformativo.mx\/index.php\/2025\/03\/06\/sinergia-por-queretaro-despliega-operativo-detienen-a-10-y-aseguran-armas-y-drogas\/#primaryimage\"},\"thumbnailUrl\":\"https:\/\/www.nexoinformativo.mx\/wp-content\/uploads\/2025\/03\/IMG_1361-e1741276928873.jpg\",\"datePublished\":\"2025-03-06T12:30:19+00:00\",\"dateModified\":\"2025-03-06T16:02:14+00:00\",\"description\":\"\\\"Sinergia por Quer\u00e9taro\\\" despliega operativo detienen a 10 y aseguran armas y drogas\",\"breadcrumb\":{\"@id\":\"https:\/\/www.nexoinformativo.mx\/index.php\/2025\/03\/06\/sinergia-por-queretaro-despliega-operativo-detienen-a-10-y-aseguran-armas-y-drogas\/#breadcrumb\"},\"inLanguage\":\"es\",\"potentialAction\":[{\"@type\":\"ReadAction\",\"target\":[\"https:\/\/www.nexoinformativo.mx\/index.php\/2025\/03\/06\/sinergia-por-queretaro-despliega-operativo-detienen-a-10-y-aseguran-armas-y-drogas\/\"]}]},{\"@type\":\"ImageObject\",\"inLanguage\":\"es\",\"@id\":\"https:\/\/www.nexoinformativo.mx\/index.php\/2025\/03\/06\/sinergia-por-queretaro-despliega-operativo-detienen-a-10-y-aseguran-armas-y-drogas\/#primaryimage\",\"url\":\"https:\/\/www.nexoinformativo.mx\/wp-content\/uploads\/2025\/03\/IMG_1361-e1741276928873.jpg\",\"contentUrl\":\"https:\/\/www.nexoinformativo.mx\/wp-content\/uploads\/2025\/03\/IMG_1361-e1741276928873.jpg\",\"width\":700,\"height\":386,\"caption\":\"Screenshot\"},{\"@type\":\"BreadcrumbList\",\"@id\":\"https:\/\/www.nexoinformativo.mx\/index.php\/2025\/03\/06\/sinergia-por-queretaro-despliega-operativo-detienen-a-10-y-aseguran-armas-y-drogas\/#breadcrumb\",\"itemListElement\":[{\"@type\":\"ListItem\",\"position\":1,\"name\":\"Inicio\",\"item\":\"https:\/\/www.nexoinformativo.mx\/\"},{\"@type\":\"ListItem\",\"position\":2,\"name\":\"&#8220;Sinergia por Quer\u00e9taro&#8221; despliega operativo detienen a 10 y aseguran armas y drogas\"}]},{\"@type\":\"WebSite\",\"@id\":\"https:\/\/www.nexoinformativo.mx\/#website\",\"url\":\"https:\/\/www.nexoinformativo.mx\/\",\"name\":\"Nexo Informativo Santiago de Quer\u00e9taro\",\"description\":\"Explora NexoInformativo y convi\u00e9rtete en parte de una comunidad que valora el conocimiento y la verdad. Tu nexoinformativo es tu puente hacia una comprensi\u00f3n m\u00e1s profunda del mundo que te rodea.\",\"publisher\":{\"@id\":\"https:\/\/www.nexoinformativo.mx\/#organization\"},\"potentialAction\":[{\"@type\":\"SearchAction\",\"target\":{\"@type\":\"EntryPoint\",\"urlTemplate\":\"https:\/\/www.nexoinformativo.mx\/?s={search_term_string}\"},\"query-input\":{\"@type\":\"PropertyValueSpecification\",\"valueRequired\":true,\"valueName\":\"search_term_string\"}}],\"inLanguage\":\"es\"},{\"@type\":\"Organization\",\"@id\":\"https:\/\/www.nexoinformativo.mx\/#organization\",\"name\":\"Nexo Informativo Santiago de Quer\u00e9taro\",\"url\":\"https:\/\/www.nexoinformativo.mx\/\",\"logo\":{\"@type\":\"ImageObject\",\"inLanguage\":\"es\",\"@id\":\"https:\/\/www.nexoinformativo.mx\/#\/schema\/logo\/image\/\",\"url\":\"https:\/\/www.nexoinformativo.mx\/wp-content\/uploads\/2024\/07\/nexoi-trasparente-2.png\",\"contentUrl\":\"https:\/\/www.nexoinformativo.mx\/wp-content\/uploads\/2024\/07\/nexoi-trasparente-2.png\",\"width\":816,\"height\":339,\"caption\":\"Nexo Informativo Santiago de Quer\u00e9taro\"},\"image\":{\"@id\":\"https:\/\/www.nexoinformativo.mx\/#\/schema\/logo\/image\/\"},\"sameAs\":[\"https:\/\/www.facebook.com\/people\/Nexo-Informativo\/61564066885511\/\"]},{\"@type\":\"Person\",\"@id\":\"https:\/\/www.nexoinformativo.mx\/#\/schema\/person\/7749d380ba08c8ca00d7bc76fd907b7d\",\"name\":\"Nexo Informativo\",\"image\":{\"@type\":\"ImageObject\",\"inLanguage\":\"es\",\"@id\":\"https:\/\/www.nexoinformativo.mx\/#\/schema\/person\/image\/\",\"url\":\"https:\/\/secure.gravatar.com\/avatar\/dde2928154642a13d95f87ddf1ea9718fe2b46760a005c53e41ff5ad610704e6?s=96&d=mm&r=g\",\"contentUrl\":\"https:\/\/secure.gravatar.com\/avatar\/dde2928154642a13d95f87ddf1ea9718fe2b46760a005c53e41ff5ad610704e6?s=96&d=mm&r=g\",\"caption\":\"Nexo Informativo\"},\"url\":\"https:\/\/www.nexoinformativo.mx\/index.php\/author\/edicion\/\"}]}<\/script>\n<!-- \/ Yoast SEO plugin. -->","yoast_head_json":{"title":"\"Sinergia por Quer\u00e9taro\" despliega operativo detienen a 10 y aseguran armas y drogas | Nexo Informativo Santiago de Quer\u00e9taro","description":"\"Sinergia por Quer\u00e9taro\" despliega operativo detienen a 10 y aseguran armas y drogas","robots":{"index":"index","follow":"follow","max-snippet":"max-snippet:-1","max-image-preview":"max-image-preview:large","max-video-preview":"max-video-preview:-1"},"canonical":"https:\/\/www.nexoinformativo.mx\/index.php\/2025\/03\/06\/sinergia-por-queretaro-despliega-operativo-detienen-a-10-y-aseguran-armas-y-drogas\/","og_locale":"es_MX","og_type":"article","og_title":"\"Sinergia por Quer\u00e9taro\" despliega operativo detienen a 10 y aseguran armas y drogas | Nexo Informativo Santiago de Quer\u00e9taro","og_description":"\"Sinergia por Quer\u00e9taro\" despliega operativo detienen a 10 y aseguran armas y drogas","og_url":"https:\/\/www.nexoinformativo.mx\/index.php\/2025\/03\/06\/sinergia-por-queretaro-despliega-operativo-detienen-a-10-y-aseguran-armas-y-drogas\/","og_site_name":"Nexo Informativo Santiago de Quer\u00e9taro","article_publisher":"https:\/\/www.facebook.com\/people\/Nexo-Informativo\/61564066885511\/","article_published_time":"2025-03-06T12:30:19+00:00","article_modified_time":"2025-03-06T16:02:14+00:00","og_image":[{"width":700,"height":386,"url":"https:\/\/www.nexoinformativo.mx\/wp-content\/uploads\/2025\/03\/IMG_1361-e1741276928873.jpg","type":"image\/jpeg"}],"author":"Nexo Informativo","twitter_card":"summary_large_image","twitter_misc":{"Escrito por":"Nexo Informativo","Tiempo de lectura":"1 minuto"},"schema":{"@context":"https:\/\/schema.org","@graph":[{"@type":"Article","@id":"https:\/\/www.nexoinformativo.mx\/index.php\/2025\/03\/06\/sinergia-por-queretaro-despliega-operativo-detienen-a-10-y-aseguran-armas-y-drogas\/#article","isPartOf":{"@id":"https:\/\/www.nexoinformativo.mx\/index.php\/2025\/03\/06\/sinergia-por-queretaro-despliega-operativo-detienen-a-10-y-aseguran-armas-y-drogas\/"},"author":{"name":"Nexo Informativo","@id":"https:\/\/www.nexoinformativo.mx\/#\/schema\/person\/7749d380ba08c8ca00d7bc76fd907b7d"},"headline":"&#8220;Sinergia por Quer\u00e9taro&#8221; despliega operativo detienen a 10 y aseguran armas y drogas","datePublished":"2025-03-06T12:30:19+00:00","dateModified":"2025-03-06T16:02:14+00:00","mainEntityOfPage":{"@id":"https:\/\/www.nexoinformativo.mx\/index.php\/2025\/03\/06\/sinergia-por-queretaro-despliega-operativo-detienen-a-10-y-aseguran-armas-y-drogas\/"},"wordCount":185,"commentCount":0,"publisher":{"@id":"https:\/\/www.nexoinformativo.mx\/#organization"},"image":{"@id":"https:\/\/www.nexoinformativo.mx\/index.php\/2025\/03\/06\/sinergia-por-queretaro-despliega-operativo-detienen-a-10-y-aseguran-armas-y-drogas\/#primaryimage"},"thumbnailUrl":"https:\/\/www.nexoinformativo.mx\/wp-content\/uploads\/2025\/03\/IMG_1361-e1741276928873.jpg","keywords":["Fiscal\u00edaQro","Narcomenudeo","SeguridadQueretaro","SinergiaPorQuer\u00e9taro"],"articleSection":["Municipios","\u00daltima Hora"],"inLanguage":"es","potentialAction":[{"@type":"CommentAction","name":"Comment","target":["https:\/\/www.nexoinformativo.mx\/index.php\/2025\/03\/06\/sinergia-por-queretaro-despliega-operativo-detienen-a-10-y-aseguran-armas-y-drogas\/#respond"]}]},{"@type":"WebPage","@id":"https:\/\/www.nexoinformativo.mx\/index.php\/2025\/03\/06\/sinergia-por-queretaro-despliega-operativo-detienen-a-10-y-aseguran-armas-y-drogas\/","url":"https:\/\/www.nexoinformativo.mx\/index.php\/2025\/03\/06\/sinergia-por-queretaro-despliega-operativo-detienen-a-10-y-aseguran-armas-y-drogas\/","name":"\"Sinergia por Quer\u00e9taro\" despliega operativo detienen a 10 y aseguran armas y drogas | Nexo Informativo Santiago de Quer\u00e9taro","isPartOf":{"@id":"https:\/\/www.nexoinformativo.mx\/#website"},"primaryImageOfPage":{"@id":"https:\/\/www.nexoinformativo.mx\/index.php\/2025\/03\/06\/sinergia-por-queretaro-despliega-operativo-detienen-a-10-y-aseguran-armas-y-drogas\/#primaryimage"},"image":{"@id":"https:\/\/www.nexoinformativo.mx\/index.php\/2025\/03\/06\/sinergia-por-queretaro-despliega-operativo-detienen-a-10-y-aseguran-armas-y-drogas\/#primaryimage"},"thumbnailUrl":"https:\/\/www.nexoinformativo.mx\/wp-content\/uploads\/2025\/03\/IMG_1361-e1741276928873.jpg","datePublished":"2025-03-06T12:30:19+00:00","dateModified":"2025-03-06T16:02:14+00:00","description":"\"Sinergia por Quer\u00e9taro\" despliega operativo detienen a 10 y aseguran armas y drogas","breadcrumb":{"@id":"https:\/\/www.nexoinformativo.mx\/index.php\/2025\/03\/06\/sinergia-por-queretaro-despliega-operativo-detienen-a-10-y-aseguran-armas-y-drogas\/#breadcrumb"},"inLanguage":"es","potentialAction":[{"@type":"ReadAction","target":["https:\/\/www.nexoinformativo.mx\/index.php\/2025\/03\/06\/sinergia-por-queretaro-despliega-operativo-detienen-a-10-y-aseguran-armas-y-drogas\/"]}]},{"@type":"ImageObject","inLanguage":"es","@id":"https:\/\/www.nexoinformativo.mx\/index.php\/2025\/03\/06\/sinergia-por-queretaro-despliega-operativo-detienen-a-10-y-aseguran-armas-y-drogas\/#primaryimage","url":"https:\/\/www.nexoinformativo.mx\/wp-content\/uploads\/2025\/03\/IMG_1361-e1741276928873.jpg","contentUrl":"https:\/\/www.nexoinformativo.mx\/wp-content\/uploads\/2025\/03\/IMG_1361-e1741276928873.jpg","width":700,"height":386,"caption":"Screenshot"},{"@type":"BreadcrumbList","@id":"https:\/\/www.nexoinformativo.mx\/index.php\/2025\/03\/06\/sinergia-por-queretaro-despliega-operativo-detienen-a-10-y-aseguran-armas-y-drogas\/#breadcrumb","itemListElement":[{"@type":"ListItem","position":1,"name":"Inicio","item":"https:\/\/www.nexoinformativo.mx\/"},{"@type":"ListItem","position":2,"name":"&#8220;Sinergia por Quer\u00e9taro&#8221; despliega operativo detienen a 10 y aseguran armas y drogas"}]},{"@type":"WebSite","@id":"https:\/\/www.nexoinformativo.mx\/#website","url":"https:\/\/www.nexoinformativo.mx\/","name":"Nexo Informativo Santiago de Quer\u00e9taro","description":"Explora NexoInformativo y convi\u00e9rtete en parte de una comunidad que valora el conocimiento y la verdad. Tu nexoinformativo es tu puente hacia una comprensi\u00f3n m\u00e1s profunda del mundo que te rodea.","publisher":{"@id":"https:\/\/www.nexoinformativo.mx\/#organization"},"potentialAction":[{"@type":"SearchAction","target":{"@type":"EntryPoint","urlTemplate":"https:\/\/www.nexoinformativo.mx\/?s={search_term_string}"},"query-input":{"@type":"PropertyValueSpecification","valueRequired":true,"valueName":"search_term_string"}}],"inLanguage":"es"},{"@type":"Organization","@id":"https:\/\/www.nexoinformativo.mx\/#organization","name":"Nexo Informativo Santiago de Quer\u00e9taro","url":"https:\/\/www.nexoinformativo.mx\/","logo":{"@type":"ImageObject","inLanguage":"es","@id":"https:\/\/www.nexoinformativo.mx\/#\/schema\/logo\/image\/","url":"https:\/\/www.nexoinformativo.mx\/wp-content\/uploads\/2024\/07\/nexoi-trasparente-2.png","contentUrl":"https:\/\/www.nexoinformativo.mx\/wp-content\/uploads\/2024\/07\/nexoi-trasparente-2.png","width":816,"height":339,"caption":"Nexo Informativo Santiago de Quer\u00e9taro"},"image":{"@id":"https:\/\/www.nexoinformativo.mx\/#\/schema\/logo\/image\/"},"sameAs":["https:\/\/www.facebook.com\/people\/Nexo-Informativo\/61564066885511\/"]},{"@type":"Person","@id":"https:\/\/www.nexoinformativo.mx\/#\/schema\/person\/7749d380ba08c8ca00d7bc76fd907b7d","name":"Nexo Informativo","image":{"@type":"ImageObject","inLanguage":"es","@id":"https:\/\/www.nexoinformativo.mx\/#\/schema\/person\/image\/","url":"https:\/\/secure.gravatar.com\/avatar\/dde2928154642a13d95f87ddf1ea9718fe2b46760a005c53e41ff5ad610704e6?s=96&d=mm&r=g","contentUrl":"https:\/\/secure.gravatar.com\/avatar\/dde2928154642a13d95f87ddf1ea9718fe2b46760a005c53e41ff5ad610704e6?s=96&d=mm&r=g","caption":"Nexo Informativo"},"url":"https:\/\/www.nexoinformativo.mx\/index.php\/author\/edicion\/"}]}},"_links":{"self":[{"href":"https:\/\/www.nexoinformativo.mx\/index.php\/wp-json\/wp\/v2\/posts\/12429","targetHints":{"allow":["GET"]}}],"collection":[{"href":"https:\/\/www.nexoinformativo.mx\/index.php\/wp-json\/wp\/v2\/posts"}],"about":[{"href":"https:\/\/www.nexoinformativo.mx\/index.php\/wp-json\/wp\/v2\/types\/post"}],"author":[{"embeddable":true,"href":"https:\/\/www.nexoinformativo.mx\/index.php\/wp-json\/wp\/v2\/users\/3"}],"replies":[{"embeddable":true,"href":"https:\/\/www.nexoinformativo.mx\/index.php\/wp-json\/wp\/v2\/comments?post=12429"}],"version-history":[{"count":4,"href":"https:\/\/www.nexoinformativo.mx\/index.php\/wp-json\/wp\/v2\/posts\/12429\/revisions"}],"predecessor-version":[{"id":12432,"href":"https:\/\/www.nexoinformativo.mx\/index.php\/wp-json\/wp\/v2\/posts\/12429\/revisions\/12432"}],"wp:featuredmedia":[{"embeddable":true,"href":"https:\/\/www.nexoinformativo.mx\/index.php\/wp-json\/wp\/v2\/media\/12433"}],"wp:attachment":[{"href":"https:\/\/www.nexoinformativo.mx\/index.php\/wp-json\/wp\/v2\/media?parent=12429"}],"wp:term":[{"taxonomy":"category","embeddable":true,"href":"https:\/\/www.nexoinformativo.mx\/index.php\/wp-json\/wp\/v2\/categories?post=12429"},{"taxonomy":"post_tag","embeddable":true,"href":"https:\/\/www.nexoinformativo.mx\/index.php\/wp-json\/wp\/v2\/tags?post=12429"}],"curies":[{"name":"wp","href":"https:\/\/api.w.org\/{rel}","templated":true}]}}