{"id":12435,"date":"2025-03-06T07:00:21","date_gmt":"2025-03-06T13:00:21","guid":{"rendered":"https:\/\/www.nexoinformativo.mx\/?p=12435"},"modified":"2025-03-06T10:08:01","modified_gmt":"2025-03-06T16:08:01","slug":"sheinbaum-anuncia-feria-nacional-de-empleo-feminino-y-refuerza-derechos-laborales","status":"publish","type":"post","link":"https:\/\/www.nexoinformativo.mx\/index.php\/2025\/03\/06\/sheinbaum-anuncia-feria-nacional-de-empleo-feminino-y-refuerza-derechos-laborales\/","title":{"rendered":"Sheinbaum anuncia Feria Nacional de empleo feminino y refuerza derechos laborales"},"content":{"rendered":"<p style=\"text-align: justify;\" data-sourcepos=\"13:1-13:269\">En el marco del <strong>D\u00eda Internacional de la Mujer<\/strong>, la presidenta Claudia Sheinbaum \u00a0destac\u00f3 los avances en materia de derechos femeninos y laborales en M\u00e9xico, anunciando la Feria Nacional de Empleo para Mujeres y otras iniciativas clave.<\/p>\n<\/p>\n<p>&nbsp;<\/p>\n<p style=\"text-align: justify;\" data-sourcepos=\"15:1-15:411\">Sheinbaum resalt\u00f3 que la transformaci\u00f3n del pa\u00eds ha permitido a las mujeres alcanzar el poder, subrayando la importancia de la igualdad en todos los \u00e1mbitos. <strong>&#8220;Somos millones de mujeres que llegamos a la Presidencia, porque adem\u00e1s as\u00ed debe ser, porque la mujer se debe sentir Presidenta en su casa, la mujer se debe sentir Presidenta en el sal\u00f3n de clase, la mujer se debe sentir Presidenta en la calle&#8221;,<\/strong> afirm\u00f3.<\/p>\n<\/p>\n<p>&nbsp;<\/p>\n<p style=\"text-align: justify;\" data-sourcepos=\"17:1-17:256\"><strong>La Secretar\u00eda de Trabajo y Previsi\u00f3n Socia<\/strong>l (STPS) anunci\u00f3 la Feria Nacional de Empleo para Mujeres, que se realizar\u00e1 durante todo marzo con 68 eventos a nivel nacional y la participaci\u00f3n de 2 mil empresas, ofreciendo m\u00e1s de 30 mil oportunidades laborales.<\/p>\n<\/p>\n<p>&nbsp;<\/p>\n<p style=\"text-align: justify;\" data-sourcepos=\"19:1-19:167\">Adem\u00e1s, se inform\u00f3 sobre la apertura de inscripciones para el programa J\u00f3venes Construyendo el Futuro el 1 de abril, con un apoyo econ\u00f3mico mensual de 8 mil 480 pesos.<\/p>\n<\/p>\n<p>&nbsp;<\/p>\n<p style=\"text-align: justify;\" data-sourcepos=\"21:1-21:232\">En materia de justicia laboral, se anunci\u00f3 el inicio del Programa Piloto Obligatorio para trabajadores de plataformas digitales el 27 de junio, garantizando derechos como seguridad social y protecci\u00f3n contra despidos injustificados.<\/p>\n<\/p>\n<p>&nbsp;<\/p>\n<p style=\"text-align: justify;\" data-sourcepos=\"23:1-23:177\">Finalmente, se inform\u00f3 sobre la recuperaci\u00f3n de 13 cuerpos de mineros de Pasta de Conchos y el otorgamiento de un complemento a las pensiones de sus familiares a partir de mayo.<\/p>\n<\/p>\n<p>&nbsp;<\/p>\n<p style=\"text-align: center;\" data-sourcepos=\"23:1-23:177\"><em><strong>\u00a1Informaci\u00f3n que transforma!<\/strong><\/em><\/p>\n","protected":false},"excerpt":{"rendered":"<p>En el marco del D\u00eda Internacional de la Mujer, la presidenta Claudia Sheinbaum \u00a0destac\u00f3 los avances en materia de derechos femeninos y laborales en M\u00e9xico, anunciando la Feria Nacional de Empleo para Mujeres y otras iniciativas clave.<\/p>\n","protected":false},"author":3,"featured_media":12436,"comment_status":"open","ping_status":"open","sticky":false,"template":"","format":"standard","meta":{"footnotes":""},"categories":[88,58],"tags":[3656,967,3657,3503],"class_list":["post-12435","post","type-post","status-publish","format-standard","has-post-thumbnail","hentry","category-nacional","category-ultima-hora","tag-8m","tag-claudiasheinbaum","tag-empleomujeres","tag-transformacionmexico"],"yoast_head":"<!-- This site is optimized with the Yoast SEO plugin v25.0 - https:\/\/yoast.com\/wordpress\/plugins\/seo\/ -->\n<title>Sheinbaum anuncia Feria Nacional de empleo feminino y refuerza derechos laborales | Nexo Informativo Santiago de Quer\u00e9taro<\/title>\n<meta name=\"description\" content=\"Sheinbaum anuncia Feria Nacional de empleo feminino y refuerza derechos laborales\" \/>\n<meta name=\"robots\" content=\"index, follow, max-snippet:-1, max-image-preview:large, max-video-preview:-1\" \/>\n<link rel=\"canonical\" href=\"https:\/\/www.nexoinformativo.mx\/index.php\/2025\/03\/06\/sheinbaum-anuncia-feria-nacional-de-empleo-feminino-y-refuerza-derechos-laborales\/\" \/>\n<meta property=\"og:locale\" content=\"es_MX\" \/>\n<meta property=\"og:type\" content=\"article\" \/>\n<meta property=\"og:title\" content=\"Sheinbaum anuncia Feria Nacional de empleo feminino y refuerza derechos laborales | Nexo Informativo Santiago de Quer\u00e9taro\" \/>\n<meta property=\"og:description\" content=\"Sheinbaum anuncia Feria Nacional de empleo feminino y refuerza derechos laborales\" \/>\n<meta property=\"og:url\" content=\"https:\/\/www.nexoinformativo.mx\/index.php\/2025\/03\/06\/sheinbaum-anuncia-feria-nacional-de-empleo-feminino-y-refuerza-derechos-laborales\/\" \/>\n<meta property=\"og:site_name\" content=\"Nexo Informativo Santiago de Quer\u00e9taro\" \/>\n<meta property=\"article:publisher\" content=\"https:\/\/www.facebook.com\/people\/Nexo-Informativo\/61564066885511\/\" \/>\n<meta property=\"article:published_time\" content=\"2025-03-06T13:00:21+00:00\" \/>\n<meta property=\"article:modified_time\" content=\"2025-03-06T16:08:01+00:00\" \/>\n<meta property=\"og:image\" content=\"https:\/\/www.nexoinformativo.mx\/wp-content\/uploads\/2025\/03\/IMG_1368.jpg\" \/>\n\t<meta property=\"og:image:width\" content=\"650\" \/>\n\t<meta property=\"og:image:height\" content=\"380\" \/>\n\t<meta property=\"og:image:type\" content=\"image\/jpeg\" \/>\n<meta name=\"author\" content=\"Nexo Informativo\" \/>\n<meta name=\"twitter:card\" content=\"summary_large_image\" \/>\n<meta name=\"twitter:label1\" content=\"Escrito por\" \/>\n\t<meta name=\"twitter:data1\" content=\"Nexo Informativo\" \/>\n\t<meta name=\"twitter:label2\" content=\"Tiempo de lectura\" \/>\n\t<meta name=\"twitter:data2\" content=\"2 minutos\" \/>\n<script type=\"application\/ld+json\" class=\"yoast-schema-graph\">{\"@context\":\"https:\/\/schema.org\",\"@graph\":[{\"@type\":\"Article\",\"@id\":\"https:\/\/www.nexoinformativo.mx\/index.php\/2025\/03\/06\/sheinbaum-anuncia-feria-nacional-de-empleo-feminino-y-refuerza-derechos-laborales\/#article\",\"isPartOf\":{\"@id\":\"https:\/\/www.nexoinformativo.mx\/index.php\/2025\/03\/06\/sheinbaum-anuncia-feria-nacional-de-empleo-feminino-y-refuerza-derechos-laborales\/\"},\"author\":{\"name\":\"Nexo Informativo\",\"@id\":\"https:\/\/www.nexoinformativo.mx\/#\/schema\/person\/7749d380ba08c8ca00d7bc76fd907b7d\"},\"headline\":\"Sheinbaum anuncia Feria Nacional de empleo feminino y refuerza derechos laborales\",\"datePublished\":\"2025-03-06T13:00:21+00:00\",\"dateModified\":\"2025-03-06T16:08:01+00:00\",\"mainEntityOfPage\":{\"@id\":\"https:\/\/www.nexoinformativo.mx\/index.php\/2025\/03\/06\/sheinbaum-anuncia-feria-nacional-de-empleo-feminino-y-refuerza-derechos-laborales\/\"},\"wordCount\":269,\"commentCount\":0,\"publisher\":{\"@id\":\"https:\/\/www.nexoinformativo.mx\/#organization\"},\"image\":{\"@id\":\"https:\/\/www.nexoinformativo.mx\/index.php\/2025\/03\/06\/sheinbaum-anuncia-feria-nacional-de-empleo-feminino-y-refuerza-derechos-laborales\/#primaryimage\"},\"thumbnailUrl\":\"https:\/\/www.nexoinformativo.mx\/wp-content\/uploads\/2025\/03\/IMG_1368.jpg\",\"keywords\":[\"8M\",\"ClaudiaSheinbaum\",\"EmpleoMujeres\",\"Transformaci\u00f3nM\u00e9xico\"],\"articleSection\":[\"Nacional\",\"\u00daltima Hora\"],\"inLanguage\":\"es\",\"potentialAction\":[{\"@type\":\"CommentAction\",\"name\":\"Comment\",\"target\":[\"https:\/\/www.nexoinformativo.mx\/index.php\/2025\/03\/06\/sheinbaum-anuncia-feria-nacional-de-empleo-feminino-y-refuerza-derechos-laborales\/#respond\"]}]},{\"@type\":\"WebPage\",\"@id\":\"https:\/\/www.nexoinformativo.mx\/index.php\/2025\/03\/06\/sheinbaum-anuncia-feria-nacional-de-empleo-feminino-y-refuerza-derechos-laborales\/\",\"url\":\"https:\/\/www.nexoinformativo.mx\/index.php\/2025\/03\/06\/sheinbaum-anuncia-feria-nacional-de-empleo-feminino-y-refuerza-derechos-laborales\/\",\"name\":\"Sheinbaum anuncia Feria Nacional de empleo feminino y refuerza derechos laborales | Nexo Informativo Santiago de Quer\u00e9taro\",\"isPartOf\":{\"@id\":\"https:\/\/www.nexoinformativo.mx\/#website\"},\"primaryImageOfPage\":{\"@id\":\"https:\/\/www.nexoinformativo.mx\/index.php\/2025\/03\/06\/sheinbaum-anuncia-feria-nacional-de-empleo-feminino-y-refuerza-derechos-laborales\/#primaryimage\"},\"image\":{\"@id\":\"https:\/\/www.nexoinformativo.mx\/index.php\/2025\/03\/06\/sheinbaum-anuncia-feria-nacional-de-empleo-feminino-y-refuerza-derechos-laborales\/#primaryimage\"},\"thumbnailUrl\":\"https:\/\/www.nexoinformativo.mx\/wp-content\/uploads\/2025\/03\/IMG_1368.jpg\",\"datePublished\":\"2025-03-06T13:00:21+00:00\",\"dateModified\":\"2025-03-06T16:08:01+00:00\",\"description\":\"Sheinbaum anuncia Feria Nacional de empleo feminino y refuerza derechos laborales\",\"breadcrumb\":{\"@id\":\"https:\/\/www.nexoinformativo.mx\/index.php\/2025\/03\/06\/sheinbaum-anuncia-feria-nacional-de-empleo-feminino-y-refuerza-derechos-laborales\/#breadcrumb\"},\"inLanguage\":\"es\",\"potentialAction\":[{\"@type\":\"ReadAction\",\"target\":[\"https:\/\/www.nexoinformativo.mx\/index.php\/2025\/03\/06\/sheinbaum-anuncia-feria-nacional-de-empleo-feminino-y-refuerza-derechos-laborales\/\"]}]},{\"@type\":\"ImageObject\",\"inLanguage\":\"es\",\"@id\":\"https:\/\/www.nexoinformativo.mx\/index.php\/2025\/03\/06\/sheinbaum-anuncia-feria-nacional-de-empleo-feminino-y-refuerza-derechos-laborales\/#primaryimage\",\"url\":\"https:\/\/www.nexoinformativo.mx\/wp-content\/uploads\/2025\/03\/IMG_1368.jpg\",\"contentUrl\":\"https:\/\/www.nexoinformativo.mx\/wp-content\/uploads\/2025\/03\/IMG_1368.jpg\",\"width\":650,\"height\":380},{\"@type\":\"BreadcrumbList\",\"@id\":\"https:\/\/www.nexoinformativo.mx\/index.php\/2025\/03\/06\/sheinbaum-anuncia-feria-nacional-de-empleo-feminino-y-refuerza-derechos-laborales\/#breadcrumb\",\"itemListElement\":[{\"@type\":\"ListItem\",\"position\":1,\"name\":\"Inicio\",\"item\":\"https:\/\/www.nexoinformativo.mx\/\"},{\"@type\":\"ListItem\",\"position\":2,\"name\":\"Sheinbaum anuncia Feria Nacional de empleo feminino y refuerza derechos laborales\"}]},{\"@type\":\"WebSite\",\"@id\":\"https:\/\/www.nexoinformativo.mx\/#website\",\"url\":\"https:\/\/www.nexoinformativo.mx\/\",\"name\":\"Nexo Informativo Santiago de Quer\u00e9taro\",\"description\":\"Explora NexoInformativo y convi\u00e9rtete en parte de una comunidad que valora el conocimiento y la verdad. Tu nexoinformativo es tu puente hacia una comprensi\u00f3n m\u00e1s profunda del mundo que te rodea.\",\"publisher\":{\"@id\":\"https:\/\/www.nexoinformativo.mx\/#organization\"},\"potentialAction\":[{\"@type\":\"SearchAction\",\"target\":{\"@type\":\"EntryPoint\",\"urlTemplate\":\"https:\/\/www.nexoinformativo.mx\/?s={search_term_string}\"},\"query-input\":{\"@type\":\"PropertyValueSpecification\",\"valueRequired\":true,\"valueName\":\"search_term_string\"}}],\"inLanguage\":\"es\"},{\"@type\":\"Organization\",\"@id\":\"https:\/\/www.nexoinformativo.mx\/#organization\",\"name\":\"Nexo Informativo Santiago de Quer\u00e9taro\",\"url\":\"https:\/\/www.nexoinformativo.mx\/\",\"logo\":{\"@type\":\"ImageObject\",\"inLanguage\":\"es\",\"@id\":\"https:\/\/www.nexoinformativo.mx\/#\/schema\/logo\/image\/\",\"url\":\"https:\/\/www.nexoinformativo.mx\/wp-content\/uploads\/2024\/07\/nexoi-trasparente-2.png\",\"contentUrl\":\"https:\/\/www.nexoinformativo.mx\/wp-content\/uploads\/2024\/07\/nexoi-trasparente-2.png\",\"width\":816,\"height\":339,\"caption\":\"Nexo Informativo Santiago de Quer\u00e9taro\"},\"image\":{\"@id\":\"https:\/\/www.nexoinformativo.mx\/#\/schema\/logo\/image\/\"},\"sameAs\":[\"https:\/\/www.facebook.com\/people\/Nexo-Informativo\/61564066885511\/\"]},{\"@type\":\"Person\",\"@id\":\"https:\/\/www.nexoinformativo.mx\/#\/schema\/person\/7749d380ba08c8ca00d7bc76fd907b7d\",\"name\":\"Nexo Informativo\",\"image\":{\"@type\":\"ImageObject\",\"inLanguage\":\"es\",\"@id\":\"https:\/\/www.nexoinformativo.mx\/#\/schema\/person\/image\/\",\"url\":\"https:\/\/secure.gravatar.com\/avatar\/dde2928154642a13d95f87ddf1ea9718fe2b46760a005c53e41ff5ad610704e6?s=96&d=mm&r=g\",\"contentUrl\":\"https:\/\/secure.gravatar.com\/avatar\/dde2928154642a13d95f87ddf1ea9718fe2b46760a005c53e41ff5ad610704e6?s=96&d=mm&r=g\",\"caption\":\"Nexo Informativo\"},\"url\":\"https:\/\/www.nexoinformativo.mx\/index.php\/author\/edicion\/\"}]}<\/script>\n<!-- \/ Yoast SEO plugin. -->","yoast_head_json":{"title":"Sheinbaum anuncia Feria Nacional de empleo feminino y refuerza derechos laborales | Nexo Informativo Santiago de Quer\u00e9taro","description":"Sheinbaum anuncia Feria Nacional de empleo feminino y refuerza derechos laborales","robots":{"index":"index","follow":"follow","max-snippet":"max-snippet:-1","max-image-preview":"max-image-preview:large","max-video-preview":"max-video-preview:-1"},"canonical":"https:\/\/www.nexoinformativo.mx\/index.php\/2025\/03\/06\/sheinbaum-anuncia-feria-nacional-de-empleo-feminino-y-refuerza-derechos-laborales\/","og_locale":"es_MX","og_type":"article","og_title":"Sheinbaum anuncia Feria Nacional de empleo feminino y refuerza derechos laborales | Nexo Informativo Santiago de Quer\u00e9taro","og_description":"Sheinbaum anuncia Feria Nacional de empleo feminino y refuerza derechos laborales","og_url":"https:\/\/www.nexoinformativo.mx\/index.php\/2025\/03\/06\/sheinbaum-anuncia-feria-nacional-de-empleo-feminino-y-refuerza-derechos-laborales\/","og_site_name":"Nexo Informativo Santiago de Quer\u00e9taro","article_publisher":"https:\/\/www.facebook.com\/people\/Nexo-Informativo\/61564066885511\/","article_published_time":"2025-03-06T13:00:21+00:00","article_modified_time":"2025-03-06T16:08:01+00:00","og_image":[{"width":650,"height":380,"url":"https:\/\/www.nexoinformativo.mx\/wp-content\/uploads\/2025\/03\/IMG_1368.jpg","type":"image\/jpeg"}],"author":"Nexo Informativo","twitter_card":"summary_large_image","twitter_misc":{"Escrito por":"Nexo Informativo","Tiempo de lectura":"2 minutos"},"schema":{"@context":"https:\/\/schema.org","@graph":[{"@type":"Article","@id":"https:\/\/www.nexoinformativo.mx\/index.php\/2025\/03\/06\/sheinbaum-anuncia-feria-nacional-de-empleo-feminino-y-refuerza-derechos-laborales\/#article","isPartOf":{"@id":"https:\/\/www.nexoinformativo.mx\/index.php\/2025\/03\/06\/sheinbaum-anuncia-feria-nacional-de-empleo-feminino-y-refuerza-derechos-laborales\/"},"author":{"name":"Nexo Informativo","@id":"https:\/\/www.nexoinformativo.mx\/#\/schema\/person\/7749d380ba08c8ca00d7bc76fd907b7d"},"headline":"Sheinbaum anuncia Feria Nacional de empleo feminino y refuerza derechos laborales","datePublished":"2025-03-06T13:00:21+00:00","dateModified":"2025-03-06T16:08:01+00:00","mainEntityOfPage":{"@id":"https:\/\/www.nexoinformativo.mx\/index.php\/2025\/03\/06\/sheinbaum-anuncia-feria-nacional-de-empleo-feminino-y-refuerza-derechos-laborales\/"},"wordCount":269,"commentCount":0,"publisher":{"@id":"https:\/\/www.nexoinformativo.mx\/#organization"},"image":{"@id":"https:\/\/www.nexoinformativo.mx\/index.php\/2025\/03\/06\/sheinbaum-anuncia-feria-nacional-de-empleo-feminino-y-refuerza-derechos-laborales\/#primaryimage"},"thumbnailUrl":"https:\/\/www.nexoinformativo.mx\/wp-content\/uploads\/2025\/03\/IMG_1368.jpg","keywords":["8M","ClaudiaSheinbaum","EmpleoMujeres","Transformaci\u00f3nM\u00e9xico"],"articleSection":["Nacional","\u00daltima Hora"],"inLanguage":"es","potentialAction":[{"@type":"CommentAction","name":"Comment","target":["https:\/\/www.nexoinformativo.mx\/index.php\/2025\/03\/06\/sheinbaum-anuncia-feria-nacional-de-empleo-feminino-y-refuerza-derechos-laborales\/#respond"]}]},{"@type":"WebPage","@id":"https:\/\/www.nexoinformativo.mx\/index.php\/2025\/03\/06\/sheinbaum-anuncia-feria-nacional-de-empleo-feminino-y-refuerza-derechos-laborales\/","url":"https:\/\/www.nexoinformativo.mx\/index.php\/2025\/03\/06\/sheinbaum-anuncia-feria-nacional-de-empleo-feminino-y-refuerza-derechos-laborales\/","name":"Sheinbaum anuncia Feria Nacional de empleo feminino y refuerza derechos laborales | Nexo Informativo Santiago de Quer\u00e9taro","isPartOf":{"@id":"https:\/\/www.nexoinformativo.mx\/#website"},"primaryImageOfPage":{"@id":"https:\/\/www.nexoinformativo.mx\/index.php\/2025\/03\/06\/sheinbaum-anuncia-feria-nacional-de-empleo-feminino-y-refuerza-derechos-laborales\/#primaryimage"},"image":{"@id":"https:\/\/www.nexoinformativo.mx\/index.php\/2025\/03\/06\/sheinbaum-anuncia-feria-nacional-de-empleo-feminino-y-refuerza-derechos-laborales\/#primaryimage"},"thumbnailUrl":"https:\/\/www.nexoinformativo.mx\/wp-content\/uploads\/2025\/03\/IMG_1368.jpg","datePublished":"2025-03-06T13:00:21+00:00","dateModified":"2025-03-06T16:08:01+00:00","description":"Sheinbaum anuncia Feria Nacional de empleo feminino y refuerza derechos laborales","breadcrumb":{"@id":"https:\/\/www.nexoinformativo.mx\/index.php\/2025\/03\/06\/sheinbaum-anuncia-feria-nacional-de-empleo-feminino-y-refuerza-derechos-laborales\/#breadcrumb"},"inLanguage":"es","potentialAction":[{"@type":"ReadAction","target":["https:\/\/www.nexoinformativo.mx\/index.php\/2025\/03\/06\/sheinbaum-anuncia-feria-nacional-de-empleo-feminino-y-refuerza-derechos-laborales\/"]}]},{"@type":"ImageObject","inLanguage":"es","@id":"https:\/\/www.nexoinformativo.mx\/index.php\/2025\/03\/06\/sheinbaum-anuncia-feria-nacional-de-empleo-feminino-y-refuerza-derechos-laborales\/#primaryimage","url":"https:\/\/www.nexoinformativo.mx\/wp-content\/uploads\/2025\/03\/IMG_1368.jpg","contentUrl":"https:\/\/www.nexoinformativo.mx\/wp-content\/uploads\/2025\/03\/IMG_1368.jpg","width":650,"height":380},{"@type":"BreadcrumbList","@id":"https:\/\/www.nexoinformativo.mx\/index.php\/2025\/03\/06\/sheinbaum-anuncia-feria-nacional-de-empleo-feminino-y-refuerza-derechos-laborales\/#breadcrumb","itemListElement":[{"@type":"ListItem","position":1,"name":"Inicio","item":"https:\/\/www.nexoinformativo.mx\/"},{"@type":"ListItem","position":2,"name":"Sheinbaum anuncia Feria Nacional de empleo feminino y refuerza derechos laborales"}]},{"@type":"WebSite","@id":"https:\/\/www.nexoinformativo.mx\/#website","url":"https:\/\/www.nexoinformativo.mx\/","name":"Nexo Informativo Santiago de Quer\u00e9taro","description":"Explora NexoInformativo y convi\u00e9rtete en parte de una comunidad que valora el conocimiento y la verdad. Tu nexoinformativo es tu puente hacia una comprensi\u00f3n m\u00e1s profunda del mundo que te rodea.","publisher":{"@id":"https:\/\/www.nexoinformativo.mx\/#organization"},"potentialAction":[{"@type":"SearchAction","target":{"@type":"EntryPoint","urlTemplate":"https:\/\/www.nexoinformativo.mx\/?s={search_term_string}"},"query-input":{"@type":"PropertyValueSpecification","valueRequired":true,"valueName":"search_term_string"}}],"inLanguage":"es"},{"@type":"Organization","@id":"https:\/\/www.nexoinformativo.mx\/#organization","name":"Nexo Informativo Santiago de Quer\u00e9taro","url":"https:\/\/www.nexoinformativo.mx\/","logo":{"@type":"ImageObject","inLanguage":"es","@id":"https:\/\/www.nexoinformativo.mx\/#\/schema\/logo\/image\/","url":"https:\/\/www.nexoinformativo.mx\/wp-content\/uploads\/2024\/07\/nexoi-trasparente-2.png","contentUrl":"https:\/\/www.nexoinformativo.mx\/wp-content\/uploads\/2024\/07\/nexoi-trasparente-2.png","width":816,"height":339,"caption":"Nexo Informativo Santiago de Quer\u00e9taro"},"image":{"@id":"https:\/\/www.nexoinformativo.mx\/#\/schema\/logo\/image\/"},"sameAs":["https:\/\/www.facebook.com\/people\/Nexo-Informativo\/61564066885511\/"]},{"@type":"Person","@id":"https:\/\/www.nexoinformativo.mx\/#\/schema\/person\/7749d380ba08c8ca00d7bc76fd907b7d","name":"Nexo Informativo","image":{"@type":"ImageObject","inLanguage":"es","@id":"https:\/\/www.nexoinformativo.mx\/#\/schema\/person\/image\/","url":"https:\/\/secure.gravatar.com\/avatar\/dde2928154642a13d95f87ddf1ea9718fe2b46760a005c53e41ff5ad610704e6?s=96&d=mm&r=g","contentUrl":"https:\/\/secure.gravatar.com\/avatar\/dde2928154642a13d95f87ddf1ea9718fe2b46760a005c53e41ff5ad610704e6?s=96&d=mm&r=g","caption":"Nexo Informativo"},"url":"https:\/\/www.nexoinformativo.mx\/index.php\/author\/edicion\/"}]}},"_links":{"self":[{"href":"https:\/\/www.nexoinformativo.mx\/index.php\/wp-json\/wp\/v2\/posts\/12435","targetHints":{"allow":["GET"]}}],"collection":[{"href":"https:\/\/www.nexoinformativo.mx\/index.php\/wp-json\/wp\/v2\/posts"}],"about":[{"href":"https:\/\/www.nexoinformativo.mx\/index.php\/wp-json\/wp\/v2\/types\/post"}],"author":[{"embeddable":true,"href":"https:\/\/www.nexoinformativo.mx\/index.php\/wp-json\/wp\/v2\/users\/3"}],"replies":[{"embeddable":true,"href":"https:\/\/www.nexoinformativo.mx\/index.php\/wp-json\/wp\/v2\/comments?post=12435"}],"version-history":[{"count":3,"href":"https:\/\/www.nexoinformativo.mx\/index.php\/wp-json\/wp\/v2\/posts\/12435\/revisions"}],"predecessor-version":[{"id":12439,"href":"https:\/\/www.nexoinformativo.mx\/index.php\/wp-json\/wp\/v2\/posts\/12435\/revisions\/12439"}],"wp:featuredmedia":[{"embeddable":true,"href":"https:\/\/www.nexoinformativo.mx\/index.php\/wp-json\/wp\/v2\/media\/12436"}],"wp:attachment":[{"href":"https:\/\/www.nexoinformativo.mx\/index.php\/wp-json\/wp\/v2\/media?parent=12435"}],"wp:term":[{"taxonomy":"category","embeddable":true,"href":"https:\/\/www.nexoinformativo.mx\/index.php\/wp-json\/wp\/v2\/categories?post=12435"},{"taxonomy":"post_tag","embeddable":true,"href":"https:\/\/www.nexoinformativo.mx\/index.php\/wp-json\/wp\/v2\/tags?post=12435"}],"curies":[{"name":"wp","href":"https:\/\/api.w.org\/{rel}","templated":true}]}}