{"id":12469,"date":"2025-03-06T11:30:55","date_gmt":"2025-03-06T17:30:55","guid":{"rendered":"https:\/\/www.nexoinformativo.mx\/?p=12469"},"modified":"2025-03-06T13:26:57","modified_gmt":"2025-03-06T19:26:57","slug":"inauguran-exposicion-arte-libre-2025-en-el-centro-de-arte-emergente","status":"publish","type":"post","link":"https:\/\/www.nexoinformativo.mx\/index.php\/2025\/03\/06\/inauguran-exposicion-arte-libre-2025-en-el-centro-de-arte-emergente\/","title":{"rendered":"Inauguran exposici\u00f3n &#8220;Arte Libre 2025&#8221; en el Centro de Arte Emergente"},"content":{"rendered":"<p style=\"text-align: justify;\" data-sourcepos=\"13:1-13:303\">El Centro de Arte Emergente (CAE) de la Secretar\u00eda de Cultura del estado se visti\u00f3 de gala para inaugurar la exposici\u00f3n <strong>&#8220;Arte Libre 2025&#8221;,<\/strong> una muestra que re\u00fane el talento de 18 artistas emergentes formados en el taller Arte Libre, bajo la gu\u00eda del maestro Dante Carro.<\/p>\n<\/p>\n<p>&nbsp;<\/p>\n<p style=\"text-align: justify;\" data-sourcepos=\"15:1-15:198\">La exposici\u00f3n, inaugurada el 7 de marzo, presenta una exploraci\u00f3n de la dualidad de la vida, donde cada artista expresa a trav\u00e9s de dos obras la contraposici\u00f3n de sentimientos y sensaciones humanas.<\/p>\n<\/p>\n<p>&nbsp;<\/p>\n<p style=\"text-align: justify;\" data-sourcepos=\"17:1-17:250\">El CAE, ubicado en la calle Gonzalo R\u00edo Arronte, sin n\u00famero, colonia Villas del Sur, en la ciudad de Quer\u00e9taro, ser\u00e1 el hogar de esta muestra hasta el 31 de marzo. La entrada es gratuita, invitando a la comunidad a disfrutar del arte emergente local.<\/p>\n<\/p>\n<p>&nbsp;<\/p>\n<p style=\"text-align: center;\" data-sourcepos=\"17:1-17:250\"><em><strong>\u00a1Informaci\u00f3n que transforma!<\/strong><\/em><\/p>\n","protected":false},"excerpt":{"rendered":"<p>El Centro de Arte Emergente (CAE) de la Secretar\u00eda de Cultura del estado se visti\u00f3 de gala para inaugurar la exposici\u00f3n &#8220;Arte Libre 2025&#8221;, una muestra que re\u00fane el talento de 18 artistas emergentes formados en el taller Arte Libre, bajo la gu\u00eda del maestro Dante Carro.<\/p>\n","protected":false},"author":3,"featured_media":12471,"comment_status":"open","ping_status":"open","sticky":false,"template":"","format":"standard","meta":{"footnotes":""},"categories":[50,58],"tags":[3671,3669,3670,417],"class_list":["post-12469","post","type-post","status-publish","format-standard","has-post-thumbnail","hentry","category-espectaculos","category-ultima-hora","tag-arteemergente","tag-artelibre2025","tag-caequeretaro","tag-culturaqueretaro"],"yoast_head":"<!-- This site is optimized with the Yoast SEO plugin v25.0 - https:\/\/yoast.com\/wordpress\/plugins\/seo\/ -->\n<title>Inauguran exposici\u00f3n &quot;Arte Libre 2025&quot; en el Centro de Arte Emergente | Nexo Informativo Santiago de Quer\u00e9taro<\/title>\n<meta name=\"description\" content=\"Inauguran exposici\u00f3n &quot;Arte Libre 2025&quot; en el Centro de Arte Emergente\" \/>\n<meta name=\"robots\" content=\"index, follow, max-snippet:-1, max-image-preview:large, max-video-preview:-1\" \/>\n<link rel=\"canonical\" href=\"https:\/\/www.nexoinformativo.mx\/index.php\/2025\/03\/06\/inauguran-exposicion-arte-libre-2025-en-el-centro-de-arte-emergente\/\" \/>\n<meta property=\"og:locale\" content=\"es_MX\" \/>\n<meta property=\"og:type\" content=\"article\" \/>\n<meta property=\"og:title\" content=\"Inauguran exposici\u00f3n &quot;Arte Libre 2025&quot; en el Centro de Arte Emergente | Nexo Informativo Santiago de Quer\u00e9taro\" \/>\n<meta property=\"og:description\" content=\"Inauguran exposici\u00f3n &quot;Arte Libre 2025&quot; en el Centro de Arte Emergente\" \/>\n<meta property=\"og:url\" content=\"https:\/\/www.nexoinformativo.mx\/index.php\/2025\/03\/06\/inauguran-exposicion-arte-libre-2025-en-el-centro-de-arte-emergente\/\" \/>\n<meta property=\"og:site_name\" content=\"Nexo Informativo Santiago de Quer\u00e9taro\" \/>\n<meta property=\"article:publisher\" content=\"https:\/\/www.facebook.com\/people\/Nexo-Informativo\/61564066885511\/\" \/>\n<meta property=\"article:published_time\" content=\"2025-03-06T17:30:55+00:00\" \/>\n<meta property=\"article:modified_time\" content=\"2025-03-06T19:26:57+00:00\" \/>\n<meta property=\"og:image\" content=\"https:\/\/www.nexoinformativo.mx\/wp-content\/uploads\/2025\/03\/PHOTO-2025-03-06-13-15-36-e1741289198826.jpg\" \/>\n\t<meta property=\"og:image:width\" content=\"800\" \/>\n\t<meta property=\"og:image:height\" content=\"1054\" \/>\n\t<meta property=\"og:image:type\" content=\"image\/jpeg\" \/>\n<meta name=\"author\" content=\"Nexo Informativo\" \/>\n<meta name=\"twitter:card\" content=\"summary_large_image\" \/>\n<meta name=\"twitter:label1\" content=\"Escrito por\" \/>\n\t<meta name=\"twitter:data1\" content=\"Nexo Informativo\" \/>\n\t<meta name=\"twitter:label2\" content=\"Tiempo de lectura\" \/>\n\t<meta name=\"twitter:data2\" content=\"1 minuto\" \/>\n<script type=\"application\/ld+json\" class=\"yoast-schema-graph\">{\"@context\":\"https:\/\/schema.org\",\"@graph\":[{\"@type\":\"Article\",\"@id\":\"https:\/\/www.nexoinformativo.mx\/index.php\/2025\/03\/06\/inauguran-exposicion-arte-libre-2025-en-el-centro-de-arte-emergente\/#article\",\"isPartOf\":{\"@id\":\"https:\/\/www.nexoinformativo.mx\/index.php\/2025\/03\/06\/inauguran-exposicion-arte-libre-2025-en-el-centro-de-arte-emergente\/\"},\"author\":{\"name\":\"Nexo Informativo\",\"@id\":\"https:\/\/www.nexoinformativo.mx\/#\/schema\/person\/7749d380ba08c8ca00d7bc76fd907b7d\"},\"headline\":\"Inauguran exposici\u00f3n &#8220;Arte Libre 2025&#8221; en el Centro de Arte Emergente\",\"datePublished\":\"2025-03-06T17:30:55+00:00\",\"dateModified\":\"2025-03-06T19:26:57+00:00\",\"mainEntityOfPage\":{\"@id\":\"https:\/\/www.nexoinformativo.mx\/index.php\/2025\/03\/06\/inauguran-exposicion-arte-libre-2025-en-el-centro-de-arte-emergente\/\"},\"wordCount\":149,\"commentCount\":0,\"publisher\":{\"@id\":\"https:\/\/www.nexoinformativo.mx\/#organization\"},\"image\":{\"@id\":\"https:\/\/www.nexoinformativo.mx\/index.php\/2025\/03\/06\/inauguran-exposicion-arte-libre-2025-en-el-centro-de-arte-emergente\/#primaryimage\"},\"thumbnailUrl\":\"https:\/\/www.nexoinformativo.mx\/wp-content\/uploads\/2025\/03\/PHOTO-2025-03-06-13-15-36-e1741289198826.jpg\",\"keywords\":[\"ArteEmergente\",\"ArteLibre2025\",\"CAEQuer\u00e9taro\",\"CulturaQuer\u00e9taro\"],\"articleSection\":[\"Espect\u00e1culos\",\"\u00daltima Hora\"],\"inLanguage\":\"es\",\"potentialAction\":[{\"@type\":\"CommentAction\",\"name\":\"Comment\",\"target\":[\"https:\/\/www.nexoinformativo.mx\/index.php\/2025\/03\/06\/inauguran-exposicion-arte-libre-2025-en-el-centro-de-arte-emergente\/#respond\"]}]},{\"@type\":\"WebPage\",\"@id\":\"https:\/\/www.nexoinformativo.mx\/index.php\/2025\/03\/06\/inauguran-exposicion-arte-libre-2025-en-el-centro-de-arte-emergente\/\",\"url\":\"https:\/\/www.nexoinformativo.mx\/index.php\/2025\/03\/06\/inauguran-exposicion-arte-libre-2025-en-el-centro-de-arte-emergente\/\",\"name\":\"Inauguran exposici\u00f3n \\\"Arte Libre 2025\\\" en el Centro de Arte Emergente | Nexo Informativo Santiago de Quer\u00e9taro\",\"isPartOf\":{\"@id\":\"https:\/\/www.nexoinformativo.mx\/#website\"},\"primaryImageOfPage\":{\"@id\":\"https:\/\/www.nexoinformativo.mx\/index.php\/2025\/03\/06\/inauguran-exposicion-arte-libre-2025-en-el-centro-de-arte-emergente\/#primaryimage\"},\"image\":{\"@id\":\"https:\/\/www.nexoinformativo.mx\/index.php\/2025\/03\/06\/inauguran-exposicion-arte-libre-2025-en-el-centro-de-arte-emergente\/#primaryimage\"},\"thumbnailUrl\":\"https:\/\/www.nexoinformativo.mx\/wp-content\/uploads\/2025\/03\/PHOTO-2025-03-06-13-15-36-e1741289198826.jpg\",\"datePublished\":\"2025-03-06T17:30:55+00:00\",\"dateModified\":\"2025-03-06T19:26:57+00:00\",\"description\":\"Inauguran exposici\u00f3n \\\"Arte Libre 2025\\\" en el Centro de Arte Emergente\",\"breadcrumb\":{\"@id\":\"https:\/\/www.nexoinformativo.mx\/index.php\/2025\/03\/06\/inauguran-exposicion-arte-libre-2025-en-el-centro-de-arte-emergente\/#breadcrumb\"},\"inLanguage\":\"es\",\"potentialAction\":[{\"@type\":\"ReadAction\",\"target\":[\"https:\/\/www.nexoinformativo.mx\/index.php\/2025\/03\/06\/inauguran-exposicion-arte-libre-2025-en-el-centro-de-arte-emergente\/\"]}]},{\"@type\":\"ImageObject\",\"inLanguage\":\"es\",\"@id\":\"https:\/\/www.nexoinformativo.mx\/index.php\/2025\/03\/06\/inauguran-exposicion-arte-libre-2025-en-el-centro-de-arte-emergente\/#primaryimage\",\"url\":\"https:\/\/www.nexoinformativo.mx\/wp-content\/uploads\/2025\/03\/PHOTO-2025-03-06-13-15-36-e1741289198826.jpg\",\"contentUrl\":\"https:\/\/www.nexoinformativo.mx\/wp-content\/uploads\/2025\/03\/PHOTO-2025-03-06-13-15-36-e1741289198826.jpg\",\"width\":800,\"height\":1054},{\"@type\":\"BreadcrumbList\",\"@id\":\"https:\/\/www.nexoinformativo.mx\/index.php\/2025\/03\/06\/inauguran-exposicion-arte-libre-2025-en-el-centro-de-arte-emergente\/#breadcrumb\",\"itemListElement\":[{\"@type\":\"ListItem\",\"position\":1,\"name\":\"Inicio\",\"item\":\"https:\/\/www.nexoinformativo.mx\/\"},{\"@type\":\"ListItem\",\"position\":2,\"name\":\"Inauguran exposici\u00f3n &#8220;Arte Libre 2025&#8221; en el Centro de Arte Emergente\"}]},{\"@type\":\"WebSite\",\"@id\":\"https:\/\/www.nexoinformativo.mx\/#website\",\"url\":\"https:\/\/www.nexoinformativo.mx\/\",\"name\":\"Nexo Informativo Santiago de Quer\u00e9taro\",\"description\":\"Explora NexoInformativo y convi\u00e9rtete en parte de una comunidad que valora el conocimiento y la verdad. Tu nexoinformativo es tu puente hacia una comprensi\u00f3n m\u00e1s profunda del mundo que te rodea.\",\"publisher\":{\"@id\":\"https:\/\/www.nexoinformativo.mx\/#organization\"},\"potentialAction\":[{\"@type\":\"SearchAction\",\"target\":{\"@type\":\"EntryPoint\",\"urlTemplate\":\"https:\/\/www.nexoinformativo.mx\/?s={search_term_string}\"},\"query-input\":{\"@type\":\"PropertyValueSpecification\",\"valueRequired\":true,\"valueName\":\"search_term_string\"}}],\"inLanguage\":\"es\"},{\"@type\":\"Organization\",\"@id\":\"https:\/\/www.nexoinformativo.mx\/#organization\",\"name\":\"Nexo Informativo Santiago de Quer\u00e9taro\",\"url\":\"https:\/\/www.nexoinformativo.mx\/\",\"logo\":{\"@type\":\"ImageObject\",\"inLanguage\":\"es\",\"@id\":\"https:\/\/www.nexoinformativo.mx\/#\/schema\/logo\/image\/\",\"url\":\"https:\/\/www.nexoinformativo.mx\/wp-content\/uploads\/2024\/07\/nexoi-trasparente-2.png\",\"contentUrl\":\"https:\/\/www.nexoinformativo.mx\/wp-content\/uploads\/2024\/07\/nexoi-trasparente-2.png\",\"width\":816,\"height\":339,\"caption\":\"Nexo Informativo Santiago de Quer\u00e9taro\"},\"image\":{\"@id\":\"https:\/\/www.nexoinformativo.mx\/#\/schema\/logo\/image\/\"},\"sameAs\":[\"https:\/\/www.facebook.com\/people\/Nexo-Informativo\/61564066885511\/\"]},{\"@type\":\"Person\",\"@id\":\"https:\/\/www.nexoinformativo.mx\/#\/schema\/person\/7749d380ba08c8ca00d7bc76fd907b7d\",\"name\":\"Nexo Informativo\",\"image\":{\"@type\":\"ImageObject\",\"inLanguage\":\"es\",\"@id\":\"https:\/\/www.nexoinformativo.mx\/#\/schema\/person\/image\/\",\"url\":\"https:\/\/secure.gravatar.com\/avatar\/dde2928154642a13d95f87ddf1ea9718fe2b46760a005c53e41ff5ad610704e6?s=96&d=mm&r=g\",\"contentUrl\":\"https:\/\/secure.gravatar.com\/avatar\/dde2928154642a13d95f87ddf1ea9718fe2b46760a005c53e41ff5ad610704e6?s=96&d=mm&r=g\",\"caption\":\"Nexo Informativo\"},\"url\":\"https:\/\/www.nexoinformativo.mx\/index.php\/author\/edicion\/\"}]}<\/script>\n<!-- \/ Yoast SEO plugin. -->","yoast_head_json":{"title":"Inauguran exposici\u00f3n \"Arte Libre 2025\" en el Centro de Arte Emergente | Nexo Informativo Santiago de Quer\u00e9taro","description":"Inauguran exposici\u00f3n \"Arte Libre 2025\" en el Centro de Arte Emergente","robots":{"index":"index","follow":"follow","max-snippet":"max-snippet:-1","max-image-preview":"max-image-preview:large","max-video-preview":"max-video-preview:-1"},"canonical":"https:\/\/www.nexoinformativo.mx\/index.php\/2025\/03\/06\/inauguran-exposicion-arte-libre-2025-en-el-centro-de-arte-emergente\/","og_locale":"es_MX","og_type":"article","og_title":"Inauguran exposici\u00f3n \"Arte Libre 2025\" en el Centro de Arte Emergente | Nexo Informativo Santiago de Quer\u00e9taro","og_description":"Inauguran exposici\u00f3n \"Arte Libre 2025\" en el Centro de Arte Emergente","og_url":"https:\/\/www.nexoinformativo.mx\/index.php\/2025\/03\/06\/inauguran-exposicion-arte-libre-2025-en-el-centro-de-arte-emergente\/","og_site_name":"Nexo Informativo Santiago de Quer\u00e9taro","article_publisher":"https:\/\/www.facebook.com\/people\/Nexo-Informativo\/61564066885511\/","article_published_time":"2025-03-06T17:30:55+00:00","article_modified_time":"2025-03-06T19:26:57+00:00","og_image":[{"width":800,"height":1054,"url":"https:\/\/www.nexoinformativo.mx\/wp-content\/uploads\/2025\/03\/PHOTO-2025-03-06-13-15-36-e1741289198826.jpg","type":"image\/jpeg"}],"author":"Nexo Informativo","twitter_card":"summary_large_image","twitter_misc":{"Escrito por":"Nexo Informativo","Tiempo de lectura":"1 minuto"},"schema":{"@context":"https:\/\/schema.org","@graph":[{"@type":"Article","@id":"https:\/\/www.nexoinformativo.mx\/index.php\/2025\/03\/06\/inauguran-exposicion-arte-libre-2025-en-el-centro-de-arte-emergente\/#article","isPartOf":{"@id":"https:\/\/www.nexoinformativo.mx\/index.php\/2025\/03\/06\/inauguran-exposicion-arte-libre-2025-en-el-centro-de-arte-emergente\/"},"author":{"name":"Nexo Informativo","@id":"https:\/\/www.nexoinformativo.mx\/#\/schema\/person\/7749d380ba08c8ca00d7bc76fd907b7d"},"headline":"Inauguran exposici\u00f3n &#8220;Arte Libre 2025&#8221; en el Centro de Arte Emergente","datePublished":"2025-03-06T17:30:55+00:00","dateModified":"2025-03-06T19:26:57+00:00","mainEntityOfPage":{"@id":"https:\/\/www.nexoinformativo.mx\/index.php\/2025\/03\/06\/inauguran-exposicion-arte-libre-2025-en-el-centro-de-arte-emergente\/"},"wordCount":149,"commentCount":0,"publisher":{"@id":"https:\/\/www.nexoinformativo.mx\/#organization"},"image":{"@id":"https:\/\/www.nexoinformativo.mx\/index.php\/2025\/03\/06\/inauguran-exposicion-arte-libre-2025-en-el-centro-de-arte-emergente\/#primaryimage"},"thumbnailUrl":"https:\/\/www.nexoinformativo.mx\/wp-content\/uploads\/2025\/03\/PHOTO-2025-03-06-13-15-36-e1741289198826.jpg","keywords":["ArteEmergente","ArteLibre2025","CAEQuer\u00e9taro","CulturaQuer\u00e9taro"],"articleSection":["Espect\u00e1culos","\u00daltima Hora"],"inLanguage":"es","potentialAction":[{"@type":"CommentAction","name":"Comment","target":["https:\/\/www.nexoinformativo.mx\/index.php\/2025\/03\/06\/inauguran-exposicion-arte-libre-2025-en-el-centro-de-arte-emergente\/#respond"]}]},{"@type":"WebPage","@id":"https:\/\/www.nexoinformativo.mx\/index.php\/2025\/03\/06\/inauguran-exposicion-arte-libre-2025-en-el-centro-de-arte-emergente\/","url":"https:\/\/www.nexoinformativo.mx\/index.php\/2025\/03\/06\/inauguran-exposicion-arte-libre-2025-en-el-centro-de-arte-emergente\/","name":"Inauguran exposici\u00f3n \"Arte Libre 2025\" en el Centro de Arte Emergente | Nexo Informativo Santiago de Quer\u00e9taro","isPartOf":{"@id":"https:\/\/www.nexoinformativo.mx\/#website"},"primaryImageOfPage":{"@id":"https:\/\/www.nexoinformativo.mx\/index.php\/2025\/03\/06\/inauguran-exposicion-arte-libre-2025-en-el-centro-de-arte-emergente\/#primaryimage"},"image":{"@id":"https:\/\/www.nexoinformativo.mx\/index.php\/2025\/03\/06\/inauguran-exposicion-arte-libre-2025-en-el-centro-de-arte-emergente\/#primaryimage"},"thumbnailUrl":"https:\/\/www.nexoinformativo.mx\/wp-content\/uploads\/2025\/03\/PHOTO-2025-03-06-13-15-36-e1741289198826.jpg","datePublished":"2025-03-06T17:30:55+00:00","dateModified":"2025-03-06T19:26:57+00:00","description":"Inauguran exposici\u00f3n \"Arte Libre 2025\" en el Centro de Arte Emergente","breadcrumb":{"@id":"https:\/\/www.nexoinformativo.mx\/index.php\/2025\/03\/06\/inauguran-exposicion-arte-libre-2025-en-el-centro-de-arte-emergente\/#breadcrumb"},"inLanguage":"es","potentialAction":[{"@type":"ReadAction","target":["https:\/\/www.nexoinformativo.mx\/index.php\/2025\/03\/06\/inauguran-exposicion-arte-libre-2025-en-el-centro-de-arte-emergente\/"]}]},{"@type":"ImageObject","inLanguage":"es","@id":"https:\/\/www.nexoinformativo.mx\/index.php\/2025\/03\/06\/inauguran-exposicion-arte-libre-2025-en-el-centro-de-arte-emergente\/#primaryimage","url":"https:\/\/www.nexoinformativo.mx\/wp-content\/uploads\/2025\/03\/PHOTO-2025-03-06-13-15-36-e1741289198826.jpg","contentUrl":"https:\/\/www.nexoinformativo.mx\/wp-content\/uploads\/2025\/03\/PHOTO-2025-03-06-13-15-36-e1741289198826.jpg","width":800,"height":1054},{"@type":"BreadcrumbList","@id":"https:\/\/www.nexoinformativo.mx\/index.php\/2025\/03\/06\/inauguran-exposicion-arte-libre-2025-en-el-centro-de-arte-emergente\/#breadcrumb","itemListElement":[{"@type":"ListItem","position":1,"name":"Inicio","item":"https:\/\/www.nexoinformativo.mx\/"},{"@type":"ListItem","position":2,"name":"Inauguran exposici\u00f3n &#8220;Arte Libre 2025&#8221; en el Centro de Arte Emergente"}]},{"@type":"WebSite","@id":"https:\/\/www.nexoinformativo.mx\/#website","url":"https:\/\/www.nexoinformativo.mx\/","name":"Nexo Informativo Santiago de Quer\u00e9taro","description":"Explora NexoInformativo y convi\u00e9rtete en parte de una comunidad que valora el conocimiento y la verdad. Tu nexoinformativo es tu puente hacia una comprensi\u00f3n m\u00e1s profunda del mundo que te rodea.","publisher":{"@id":"https:\/\/www.nexoinformativo.mx\/#organization"},"potentialAction":[{"@type":"SearchAction","target":{"@type":"EntryPoint","urlTemplate":"https:\/\/www.nexoinformativo.mx\/?s={search_term_string}"},"query-input":{"@type":"PropertyValueSpecification","valueRequired":true,"valueName":"search_term_string"}}],"inLanguage":"es"},{"@type":"Organization","@id":"https:\/\/www.nexoinformativo.mx\/#organization","name":"Nexo Informativo Santiago de Quer\u00e9taro","url":"https:\/\/www.nexoinformativo.mx\/","logo":{"@type":"ImageObject","inLanguage":"es","@id":"https:\/\/www.nexoinformativo.mx\/#\/schema\/logo\/image\/","url":"https:\/\/www.nexoinformativo.mx\/wp-content\/uploads\/2024\/07\/nexoi-trasparente-2.png","contentUrl":"https:\/\/www.nexoinformativo.mx\/wp-content\/uploads\/2024\/07\/nexoi-trasparente-2.png","width":816,"height":339,"caption":"Nexo Informativo Santiago de Quer\u00e9taro"},"image":{"@id":"https:\/\/www.nexoinformativo.mx\/#\/schema\/logo\/image\/"},"sameAs":["https:\/\/www.facebook.com\/people\/Nexo-Informativo\/61564066885511\/"]},{"@type":"Person","@id":"https:\/\/www.nexoinformativo.mx\/#\/schema\/person\/7749d380ba08c8ca00d7bc76fd907b7d","name":"Nexo Informativo","image":{"@type":"ImageObject","inLanguage":"es","@id":"https:\/\/www.nexoinformativo.mx\/#\/schema\/person\/image\/","url":"https:\/\/secure.gravatar.com\/avatar\/dde2928154642a13d95f87ddf1ea9718fe2b46760a005c53e41ff5ad610704e6?s=96&d=mm&r=g","contentUrl":"https:\/\/secure.gravatar.com\/avatar\/dde2928154642a13d95f87ddf1ea9718fe2b46760a005c53e41ff5ad610704e6?s=96&d=mm&r=g","caption":"Nexo Informativo"},"url":"https:\/\/www.nexoinformativo.mx\/index.php\/author\/edicion\/"}]}},"_links":{"self":[{"href":"https:\/\/www.nexoinformativo.mx\/index.php\/wp-json\/wp\/v2\/posts\/12469","targetHints":{"allow":["GET"]}}],"collection":[{"href":"https:\/\/www.nexoinformativo.mx\/index.php\/wp-json\/wp\/v2\/posts"}],"about":[{"href":"https:\/\/www.nexoinformativo.mx\/index.php\/wp-json\/wp\/v2\/types\/post"}],"author":[{"embeddable":true,"href":"https:\/\/www.nexoinformativo.mx\/index.php\/wp-json\/wp\/v2\/users\/3"}],"replies":[{"embeddable":true,"href":"https:\/\/www.nexoinformativo.mx\/index.php\/wp-json\/wp\/v2\/comments?post=12469"}],"version-history":[{"count":4,"href":"https:\/\/www.nexoinformativo.mx\/index.php\/wp-json\/wp\/v2\/posts\/12469\/revisions"}],"predecessor-version":[{"id":12474,"href":"https:\/\/www.nexoinformativo.mx\/index.php\/wp-json\/wp\/v2\/posts\/12469\/revisions\/12474"}],"wp:featuredmedia":[{"embeddable":true,"href":"https:\/\/www.nexoinformativo.mx\/index.php\/wp-json\/wp\/v2\/media\/12471"}],"wp:attachment":[{"href":"https:\/\/www.nexoinformativo.mx\/index.php\/wp-json\/wp\/v2\/media?parent=12469"}],"wp:term":[{"taxonomy":"category","embeddable":true,"href":"https:\/\/www.nexoinformativo.mx\/index.php\/wp-json\/wp\/v2\/categories?post=12469"},{"taxonomy":"post_tag","embeddable":true,"href":"https:\/\/www.nexoinformativo.mx\/index.php\/wp-json\/wp\/v2\/tags?post=12469"}],"curies":[{"name":"wp","href":"https:\/\/api.w.org\/{rel}","templated":true}]}}