{"id":12475,"date":"2025-03-06T12:00:10","date_gmt":"2025-03-06T18:00:10","guid":{"rendered":"https:\/\/www.nexoinformativo.mx\/?p=12475"},"modified":"2025-03-06T13:33:00","modified_gmt":"2025-03-06T19:33:00","slug":"kuri-y-torruco-unen-fuerzas-queretaro-se-suma-a-la-cruzada-nacional-de-boxeo-por-la-paz","status":"publish","type":"post","link":"https:\/\/www.nexoinformativo.mx\/index.php\/2025\/03\/06\/kuri-y-torruco-unen-fuerzas-queretaro-se-suma-a-la-cruzada-nacional-de-boxeo-por-la-paz\/","title":{"rendered":"Kuri y Torruco unen fuerzas Quer\u00e9taro se suma a la Cruzada Nacional de Boxeo por la Paz"},"content":{"rendered":"<p style=\"text-align: justify;\" data-sourcepos=\"13:1-13:451\">El gobernador Mauricio Kuri firm\u00f3 el <strong>&#8220;Cintur\u00f3n por la Paz&#8221;<\/strong>, sumando a Quer\u00e9taro como el estado n\u00famero 27 en unirse a la Clase Nacional de Boxeo, que se realizar\u00e1 el pr\u00f3ximo 6 de abril en todo el pa\u00eds.<\/p>\n<\/p>\n<p>&nbsp;<\/p>\n<p style=\"text-align: justify;\" data-sourcepos=\"13:1-13:451\">Esta iniciativa forma parte de la estrategia impulsada por la presidenta Claudia Sheinbaum para fortalecer el deporte como herramienta de transformaci\u00f3n social y contribuir a la pacificaci\u00f3n de M\u00e9xico.<\/p>\n<\/p>\n<p>&nbsp;<\/p>\n<p style=\"text-align: justify;\" data-sourcepos=\"15:1-15:307\">Durante el evento, celebrado en la Casa de la Corregidora, el gobernador Kuri convers\u00f3 con Miguel Torruco Garza, director Nacional de Promoci\u00f3n al Deporte y Bienestar del Gobierno de M\u00e9xico, a quien reiter\u00f3 su respaldo para promover las actividades deportivas y apoyar el desarrollo de los j\u00f3venes.<\/p>\n<\/p>\n<p>&nbsp;<\/p>\n<p style=\"text-align: justify;\" data-sourcepos=\"17:1-17:210\">El funcionario federal destac\u00f3 que el <strong>&#8220;Cintur\u00f3n por la Paz&#8221;<\/strong> es el estandarte de la Clase Nacional de Boxeo, al cual se suman los gobernadores para construir la paz en el marco del D\u00eda Internacional del Deporte.<\/p>\n<\/p>\n<p>&nbsp;<\/p>\n<p style=\"text-align: center;\" data-sourcepos=\"17:1-17:210\"><em><strong>\u00a1Informaci\u00f3n que transforma!<\/strong><\/em><\/p>\n","protected":false},"excerpt":{"rendered":"<p>El gobernador Mauricio Kuri firm\u00f3 el &#8220;Cintur\u00f3n por la Paz&#8221;, sumando a Quer\u00e9taro como el estado n\u00famero 27 en unirse a la Clase Nacional de Boxeo, que se realizar\u00e1 el pr\u00f3ximo 6 de abril en todo el pa\u00eds.<\/p>\n","protected":false},"author":3,"featured_media":12477,"comment_status":"open","ping_status":"open","sticky":false,"template":"","format":"standard","meta":{"footnotes":""},"categories":[42,58],"tags":[3672,3674,661,3673],"class_list":["post-12475","post","type-post","status-publish","format-standard","has-post-thumbnail","hentry","category-estado","category-ultima-hora","tag-boxeoporlapaz","tag-cruzadanacional","tag-mauriciokuri","tag-queretarodeportivo"],"yoast_head":"<!-- This site is optimized with the Yoast SEO plugin v25.0 - https:\/\/yoast.com\/wordpress\/plugins\/seo\/ -->\n<title>Kuri y Torruco unen fuerzas Quer\u00e9taro se suma a la Cruzada Nacional de Boxeo por la Paz | Nexo Informativo Santiago de Quer\u00e9taro<\/title>\n<meta name=\"description\" content=\"Kuri y Torruco unen fuerzas Quer\u00e9taro se suma a la Cruzada Nacional de Boxeo por la Paz\" \/>\n<meta name=\"robots\" content=\"index, follow, max-snippet:-1, max-image-preview:large, max-video-preview:-1\" \/>\n<link rel=\"canonical\" href=\"https:\/\/www.nexoinformativo.mx\/index.php\/2025\/03\/06\/kuri-y-torruco-unen-fuerzas-queretaro-se-suma-a-la-cruzada-nacional-de-boxeo-por-la-paz\/\" \/>\n<meta property=\"og:locale\" content=\"es_MX\" \/>\n<meta property=\"og:type\" content=\"article\" \/>\n<meta property=\"og:title\" content=\"Kuri y Torruco unen fuerzas Quer\u00e9taro se suma a la Cruzada Nacional de Boxeo por la Paz | Nexo Informativo Santiago de Quer\u00e9taro\" \/>\n<meta property=\"og:description\" content=\"Kuri y Torruco unen fuerzas Quer\u00e9taro se suma a la Cruzada Nacional de Boxeo por la Paz\" \/>\n<meta property=\"og:url\" content=\"https:\/\/www.nexoinformativo.mx\/index.php\/2025\/03\/06\/kuri-y-torruco-unen-fuerzas-queretaro-se-suma-a-la-cruzada-nacional-de-boxeo-por-la-paz\/\" \/>\n<meta property=\"og:site_name\" content=\"Nexo Informativo Santiago de Quer\u00e9taro\" \/>\n<meta property=\"article:publisher\" content=\"https:\/\/www.facebook.com\/people\/Nexo-Informativo\/61564066885511\/\" \/>\n<meta property=\"article:published_time\" content=\"2025-03-06T18:00:10+00:00\" \/>\n<meta property=\"article:modified_time\" content=\"2025-03-06T19:33:00+00:00\" \/>\n<meta property=\"og:image\" content=\"https:\/\/www.nexoinformativo.mx\/wp-content\/uploads\/2025\/03\/PHOTO-2025-03-06-13-18-46-e1741289575480.jpg\" \/>\n\t<meta property=\"og:image:width\" content=\"800\" \/>\n\t<meta property=\"og:image:height\" content=\"533\" \/>\n\t<meta property=\"og:image:type\" content=\"image\/jpeg\" \/>\n<meta name=\"author\" content=\"Nexo Informativo\" \/>\n<meta name=\"twitter:card\" content=\"summary_large_image\" \/>\n<meta name=\"twitter:label1\" content=\"Escrito por\" \/>\n\t<meta name=\"twitter:data1\" content=\"Nexo Informativo\" \/>\n\t<meta name=\"twitter:label2\" content=\"Tiempo de lectura\" \/>\n\t<meta name=\"twitter:data2\" content=\"1 minuto\" \/>\n<script type=\"application\/ld+json\" class=\"yoast-schema-graph\">{\"@context\":\"https:\/\/schema.org\",\"@graph\":[{\"@type\":\"Article\",\"@id\":\"https:\/\/www.nexoinformativo.mx\/index.php\/2025\/03\/06\/kuri-y-torruco-unen-fuerzas-queretaro-se-suma-a-la-cruzada-nacional-de-boxeo-por-la-paz\/#article\",\"isPartOf\":{\"@id\":\"https:\/\/www.nexoinformativo.mx\/index.php\/2025\/03\/06\/kuri-y-torruco-unen-fuerzas-queretaro-se-suma-a-la-cruzada-nacional-de-boxeo-por-la-paz\/\"},\"author\":{\"name\":\"Nexo Informativo\",\"@id\":\"https:\/\/www.nexoinformativo.mx\/#\/schema\/person\/7749d380ba08c8ca00d7bc76fd907b7d\"},\"headline\":\"Kuri y Torruco unen fuerzas Quer\u00e9taro se suma a la Cruzada Nacional de Boxeo por la Paz\",\"datePublished\":\"2025-03-06T18:00:10+00:00\",\"dateModified\":\"2025-03-06T19:33:00+00:00\",\"mainEntityOfPage\":{\"@id\":\"https:\/\/www.nexoinformativo.mx\/index.php\/2025\/03\/06\/kuri-y-torruco-unen-fuerzas-queretaro-se-suma-a-la-cruzada-nacional-de-boxeo-por-la-paz\/\"},\"wordCount\":188,\"commentCount\":0,\"publisher\":{\"@id\":\"https:\/\/www.nexoinformativo.mx\/#organization\"},\"image\":{\"@id\":\"https:\/\/www.nexoinformativo.mx\/index.php\/2025\/03\/06\/kuri-y-torruco-unen-fuerzas-queretaro-se-suma-a-la-cruzada-nacional-de-boxeo-por-la-paz\/#primaryimage\"},\"thumbnailUrl\":\"https:\/\/www.nexoinformativo.mx\/wp-content\/uploads\/2025\/03\/PHOTO-2025-03-06-13-18-46-e1741289575480.jpg\",\"keywords\":[\"BoxeoPorLaPaz\",\"CruzadaNacional\",\"MauricioKuri\",\"Quer\u00e9taroDeportivo\"],\"articleSection\":[\"Estado\",\"\u00daltima Hora\"],\"inLanguage\":\"es\",\"potentialAction\":[{\"@type\":\"CommentAction\",\"name\":\"Comment\",\"target\":[\"https:\/\/www.nexoinformativo.mx\/index.php\/2025\/03\/06\/kuri-y-torruco-unen-fuerzas-queretaro-se-suma-a-la-cruzada-nacional-de-boxeo-por-la-paz\/#respond\"]}]},{\"@type\":\"WebPage\",\"@id\":\"https:\/\/www.nexoinformativo.mx\/index.php\/2025\/03\/06\/kuri-y-torruco-unen-fuerzas-queretaro-se-suma-a-la-cruzada-nacional-de-boxeo-por-la-paz\/\",\"url\":\"https:\/\/www.nexoinformativo.mx\/index.php\/2025\/03\/06\/kuri-y-torruco-unen-fuerzas-queretaro-se-suma-a-la-cruzada-nacional-de-boxeo-por-la-paz\/\",\"name\":\"Kuri y Torruco unen fuerzas Quer\u00e9taro se suma a la Cruzada Nacional de Boxeo por la Paz | Nexo Informativo Santiago de Quer\u00e9taro\",\"isPartOf\":{\"@id\":\"https:\/\/www.nexoinformativo.mx\/#website\"},\"primaryImageOfPage\":{\"@id\":\"https:\/\/www.nexoinformativo.mx\/index.php\/2025\/03\/06\/kuri-y-torruco-unen-fuerzas-queretaro-se-suma-a-la-cruzada-nacional-de-boxeo-por-la-paz\/#primaryimage\"},\"image\":{\"@id\":\"https:\/\/www.nexoinformativo.mx\/index.php\/2025\/03\/06\/kuri-y-torruco-unen-fuerzas-queretaro-se-suma-a-la-cruzada-nacional-de-boxeo-por-la-paz\/#primaryimage\"},\"thumbnailUrl\":\"https:\/\/www.nexoinformativo.mx\/wp-content\/uploads\/2025\/03\/PHOTO-2025-03-06-13-18-46-e1741289575480.jpg\",\"datePublished\":\"2025-03-06T18:00:10+00:00\",\"dateModified\":\"2025-03-06T19:33:00+00:00\",\"description\":\"Kuri y Torruco unen fuerzas Quer\u00e9taro se suma a la Cruzada Nacional de Boxeo por la Paz\",\"breadcrumb\":{\"@id\":\"https:\/\/www.nexoinformativo.mx\/index.php\/2025\/03\/06\/kuri-y-torruco-unen-fuerzas-queretaro-se-suma-a-la-cruzada-nacional-de-boxeo-por-la-paz\/#breadcrumb\"},\"inLanguage\":\"es\",\"potentialAction\":[{\"@type\":\"ReadAction\",\"target\":[\"https:\/\/www.nexoinformativo.mx\/index.php\/2025\/03\/06\/kuri-y-torruco-unen-fuerzas-queretaro-se-suma-a-la-cruzada-nacional-de-boxeo-por-la-paz\/\"]}]},{\"@type\":\"ImageObject\",\"inLanguage\":\"es\",\"@id\":\"https:\/\/www.nexoinformativo.mx\/index.php\/2025\/03\/06\/kuri-y-torruco-unen-fuerzas-queretaro-se-suma-a-la-cruzada-nacional-de-boxeo-por-la-paz\/#primaryimage\",\"url\":\"https:\/\/www.nexoinformativo.mx\/wp-content\/uploads\/2025\/03\/PHOTO-2025-03-06-13-18-46-e1741289575480.jpg\",\"contentUrl\":\"https:\/\/www.nexoinformativo.mx\/wp-content\/uploads\/2025\/03\/PHOTO-2025-03-06-13-18-46-e1741289575480.jpg\",\"width\":800,\"height\":533},{\"@type\":\"BreadcrumbList\",\"@id\":\"https:\/\/www.nexoinformativo.mx\/index.php\/2025\/03\/06\/kuri-y-torruco-unen-fuerzas-queretaro-se-suma-a-la-cruzada-nacional-de-boxeo-por-la-paz\/#breadcrumb\",\"itemListElement\":[{\"@type\":\"ListItem\",\"position\":1,\"name\":\"Inicio\",\"item\":\"https:\/\/www.nexoinformativo.mx\/\"},{\"@type\":\"ListItem\",\"position\":2,\"name\":\"Kuri y Torruco unen fuerzas Quer\u00e9taro se suma a la Cruzada Nacional de Boxeo por la Paz\"}]},{\"@type\":\"WebSite\",\"@id\":\"https:\/\/www.nexoinformativo.mx\/#website\",\"url\":\"https:\/\/www.nexoinformativo.mx\/\",\"name\":\"Nexo Informativo Santiago de Quer\u00e9taro\",\"description\":\"Explora NexoInformativo y convi\u00e9rtete en parte de una comunidad que valora el conocimiento y la verdad. Tu nexoinformativo es tu puente hacia una comprensi\u00f3n m\u00e1s profunda del mundo que te rodea.\",\"publisher\":{\"@id\":\"https:\/\/www.nexoinformativo.mx\/#organization\"},\"potentialAction\":[{\"@type\":\"SearchAction\",\"target\":{\"@type\":\"EntryPoint\",\"urlTemplate\":\"https:\/\/www.nexoinformativo.mx\/?s={search_term_string}\"},\"query-input\":{\"@type\":\"PropertyValueSpecification\",\"valueRequired\":true,\"valueName\":\"search_term_string\"}}],\"inLanguage\":\"es\"},{\"@type\":\"Organization\",\"@id\":\"https:\/\/www.nexoinformativo.mx\/#organization\",\"name\":\"Nexo Informativo Santiago de Quer\u00e9taro\",\"url\":\"https:\/\/www.nexoinformativo.mx\/\",\"logo\":{\"@type\":\"ImageObject\",\"inLanguage\":\"es\",\"@id\":\"https:\/\/www.nexoinformativo.mx\/#\/schema\/logo\/image\/\",\"url\":\"https:\/\/www.nexoinformativo.mx\/wp-content\/uploads\/2024\/07\/nexoi-trasparente-2.png\",\"contentUrl\":\"https:\/\/www.nexoinformativo.mx\/wp-content\/uploads\/2024\/07\/nexoi-trasparente-2.png\",\"width\":816,\"height\":339,\"caption\":\"Nexo Informativo Santiago de Quer\u00e9taro\"},\"image\":{\"@id\":\"https:\/\/www.nexoinformativo.mx\/#\/schema\/logo\/image\/\"},\"sameAs\":[\"https:\/\/www.facebook.com\/people\/Nexo-Informativo\/61564066885511\/\"]},{\"@type\":\"Person\",\"@id\":\"https:\/\/www.nexoinformativo.mx\/#\/schema\/person\/7749d380ba08c8ca00d7bc76fd907b7d\",\"name\":\"Nexo Informativo\",\"image\":{\"@type\":\"ImageObject\",\"inLanguage\":\"es\",\"@id\":\"https:\/\/www.nexoinformativo.mx\/#\/schema\/person\/image\/\",\"url\":\"https:\/\/secure.gravatar.com\/avatar\/dde2928154642a13d95f87ddf1ea9718fe2b46760a005c53e41ff5ad610704e6?s=96&d=mm&r=g\",\"contentUrl\":\"https:\/\/secure.gravatar.com\/avatar\/dde2928154642a13d95f87ddf1ea9718fe2b46760a005c53e41ff5ad610704e6?s=96&d=mm&r=g\",\"caption\":\"Nexo Informativo\"},\"url\":\"https:\/\/www.nexoinformativo.mx\/index.php\/author\/edicion\/\"}]}<\/script>\n<!-- \/ Yoast SEO plugin. -->","yoast_head_json":{"title":"Kuri y Torruco unen fuerzas Quer\u00e9taro se suma a la Cruzada Nacional de Boxeo por la Paz | Nexo Informativo Santiago de Quer\u00e9taro","description":"Kuri y Torruco unen fuerzas Quer\u00e9taro se suma a la Cruzada Nacional de Boxeo por la Paz","robots":{"index":"index","follow":"follow","max-snippet":"max-snippet:-1","max-image-preview":"max-image-preview:large","max-video-preview":"max-video-preview:-1"},"canonical":"https:\/\/www.nexoinformativo.mx\/index.php\/2025\/03\/06\/kuri-y-torruco-unen-fuerzas-queretaro-se-suma-a-la-cruzada-nacional-de-boxeo-por-la-paz\/","og_locale":"es_MX","og_type":"article","og_title":"Kuri y Torruco unen fuerzas Quer\u00e9taro se suma a la Cruzada Nacional de Boxeo por la Paz | Nexo Informativo Santiago de Quer\u00e9taro","og_description":"Kuri y Torruco unen fuerzas Quer\u00e9taro se suma a la Cruzada Nacional de Boxeo por la Paz","og_url":"https:\/\/www.nexoinformativo.mx\/index.php\/2025\/03\/06\/kuri-y-torruco-unen-fuerzas-queretaro-se-suma-a-la-cruzada-nacional-de-boxeo-por-la-paz\/","og_site_name":"Nexo Informativo Santiago de Quer\u00e9taro","article_publisher":"https:\/\/www.facebook.com\/people\/Nexo-Informativo\/61564066885511\/","article_published_time":"2025-03-06T18:00:10+00:00","article_modified_time":"2025-03-06T19:33:00+00:00","og_image":[{"width":800,"height":533,"url":"https:\/\/www.nexoinformativo.mx\/wp-content\/uploads\/2025\/03\/PHOTO-2025-03-06-13-18-46-e1741289575480.jpg","type":"image\/jpeg"}],"author":"Nexo Informativo","twitter_card":"summary_large_image","twitter_misc":{"Escrito por":"Nexo Informativo","Tiempo de lectura":"1 minuto"},"schema":{"@context":"https:\/\/schema.org","@graph":[{"@type":"Article","@id":"https:\/\/www.nexoinformativo.mx\/index.php\/2025\/03\/06\/kuri-y-torruco-unen-fuerzas-queretaro-se-suma-a-la-cruzada-nacional-de-boxeo-por-la-paz\/#article","isPartOf":{"@id":"https:\/\/www.nexoinformativo.mx\/index.php\/2025\/03\/06\/kuri-y-torruco-unen-fuerzas-queretaro-se-suma-a-la-cruzada-nacional-de-boxeo-por-la-paz\/"},"author":{"name":"Nexo Informativo","@id":"https:\/\/www.nexoinformativo.mx\/#\/schema\/person\/7749d380ba08c8ca00d7bc76fd907b7d"},"headline":"Kuri y Torruco unen fuerzas Quer\u00e9taro se suma a la Cruzada Nacional de Boxeo por la Paz","datePublished":"2025-03-06T18:00:10+00:00","dateModified":"2025-03-06T19:33:00+00:00","mainEntityOfPage":{"@id":"https:\/\/www.nexoinformativo.mx\/index.php\/2025\/03\/06\/kuri-y-torruco-unen-fuerzas-queretaro-se-suma-a-la-cruzada-nacional-de-boxeo-por-la-paz\/"},"wordCount":188,"commentCount":0,"publisher":{"@id":"https:\/\/www.nexoinformativo.mx\/#organization"},"image":{"@id":"https:\/\/www.nexoinformativo.mx\/index.php\/2025\/03\/06\/kuri-y-torruco-unen-fuerzas-queretaro-se-suma-a-la-cruzada-nacional-de-boxeo-por-la-paz\/#primaryimage"},"thumbnailUrl":"https:\/\/www.nexoinformativo.mx\/wp-content\/uploads\/2025\/03\/PHOTO-2025-03-06-13-18-46-e1741289575480.jpg","keywords":["BoxeoPorLaPaz","CruzadaNacional","MauricioKuri","Quer\u00e9taroDeportivo"],"articleSection":["Estado","\u00daltima Hora"],"inLanguage":"es","potentialAction":[{"@type":"CommentAction","name":"Comment","target":["https:\/\/www.nexoinformativo.mx\/index.php\/2025\/03\/06\/kuri-y-torruco-unen-fuerzas-queretaro-se-suma-a-la-cruzada-nacional-de-boxeo-por-la-paz\/#respond"]}]},{"@type":"WebPage","@id":"https:\/\/www.nexoinformativo.mx\/index.php\/2025\/03\/06\/kuri-y-torruco-unen-fuerzas-queretaro-se-suma-a-la-cruzada-nacional-de-boxeo-por-la-paz\/","url":"https:\/\/www.nexoinformativo.mx\/index.php\/2025\/03\/06\/kuri-y-torruco-unen-fuerzas-queretaro-se-suma-a-la-cruzada-nacional-de-boxeo-por-la-paz\/","name":"Kuri y Torruco unen fuerzas Quer\u00e9taro se suma a la Cruzada Nacional de Boxeo por la Paz | Nexo Informativo Santiago de Quer\u00e9taro","isPartOf":{"@id":"https:\/\/www.nexoinformativo.mx\/#website"},"primaryImageOfPage":{"@id":"https:\/\/www.nexoinformativo.mx\/index.php\/2025\/03\/06\/kuri-y-torruco-unen-fuerzas-queretaro-se-suma-a-la-cruzada-nacional-de-boxeo-por-la-paz\/#primaryimage"},"image":{"@id":"https:\/\/www.nexoinformativo.mx\/index.php\/2025\/03\/06\/kuri-y-torruco-unen-fuerzas-queretaro-se-suma-a-la-cruzada-nacional-de-boxeo-por-la-paz\/#primaryimage"},"thumbnailUrl":"https:\/\/www.nexoinformativo.mx\/wp-content\/uploads\/2025\/03\/PHOTO-2025-03-06-13-18-46-e1741289575480.jpg","datePublished":"2025-03-06T18:00:10+00:00","dateModified":"2025-03-06T19:33:00+00:00","description":"Kuri y Torruco unen fuerzas Quer\u00e9taro se suma a la Cruzada Nacional de Boxeo por la Paz","breadcrumb":{"@id":"https:\/\/www.nexoinformativo.mx\/index.php\/2025\/03\/06\/kuri-y-torruco-unen-fuerzas-queretaro-se-suma-a-la-cruzada-nacional-de-boxeo-por-la-paz\/#breadcrumb"},"inLanguage":"es","potentialAction":[{"@type":"ReadAction","target":["https:\/\/www.nexoinformativo.mx\/index.php\/2025\/03\/06\/kuri-y-torruco-unen-fuerzas-queretaro-se-suma-a-la-cruzada-nacional-de-boxeo-por-la-paz\/"]}]},{"@type":"ImageObject","inLanguage":"es","@id":"https:\/\/www.nexoinformativo.mx\/index.php\/2025\/03\/06\/kuri-y-torruco-unen-fuerzas-queretaro-se-suma-a-la-cruzada-nacional-de-boxeo-por-la-paz\/#primaryimage","url":"https:\/\/www.nexoinformativo.mx\/wp-content\/uploads\/2025\/03\/PHOTO-2025-03-06-13-18-46-e1741289575480.jpg","contentUrl":"https:\/\/www.nexoinformativo.mx\/wp-content\/uploads\/2025\/03\/PHOTO-2025-03-06-13-18-46-e1741289575480.jpg","width":800,"height":533},{"@type":"BreadcrumbList","@id":"https:\/\/www.nexoinformativo.mx\/index.php\/2025\/03\/06\/kuri-y-torruco-unen-fuerzas-queretaro-se-suma-a-la-cruzada-nacional-de-boxeo-por-la-paz\/#breadcrumb","itemListElement":[{"@type":"ListItem","position":1,"name":"Inicio","item":"https:\/\/www.nexoinformativo.mx\/"},{"@type":"ListItem","position":2,"name":"Kuri y Torruco unen fuerzas Quer\u00e9taro se suma a la Cruzada Nacional de Boxeo por la Paz"}]},{"@type":"WebSite","@id":"https:\/\/www.nexoinformativo.mx\/#website","url":"https:\/\/www.nexoinformativo.mx\/","name":"Nexo Informativo Santiago de Quer\u00e9taro","description":"Explora NexoInformativo y convi\u00e9rtete en parte de una comunidad que valora el conocimiento y la verdad. Tu nexoinformativo es tu puente hacia una comprensi\u00f3n m\u00e1s profunda del mundo que te rodea.","publisher":{"@id":"https:\/\/www.nexoinformativo.mx\/#organization"},"potentialAction":[{"@type":"SearchAction","target":{"@type":"EntryPoint","urlTemplate":"https:\/\/www.nexoinformativo.mx\/?s={search_term_string}"},"query-input":{"@type":"PropertyValueSpecification","valueRequired":true,"valueName":"search_term_string"}}],"inLanguage":"es"},{"@type":"Organization","@id":"https:\/\/www.nexoinformativo.mx\/#organization","name":"Nexo Informativo Santiago de Quer\u00e9taro","url":"https:\/\/www.nexoinformativo.mx\/","logo":{"@type":"ImageObject","inLanguage":"es","@id":"https:\/\/www.nexoinformativo.mx\/#\/schema\/logo\/image\/","url":"https:\/\/www.nexoinformativo.mx\/wp-content\/uploads\/2024\/07\/nexoi-trasparente-2.png","contentUrl":"https:\/\/www.nexoinformativo.mx\/wp-content\/uploads\/2024\/07\/nexoi-trasparente-2.png","width":816,"height":339,"caption":"Nexo Informativo Santiago de Quer\u00e9taro"},"image":{"@id":"https:\/\/www.nexoinformativo.mx\/#\/schema\/logo\/image\/"},"sameAs":["https:\/\/www.facebook.com\/people\/Nexo-Informativo\/61564066885511\/"]},{"@type":"Person","@id":"https:\/\/www.nexoinformativo.mx\/#\/schema\/person\/7749d380ba08c8ca00d7bc76fd907b7d","name":"Nexo Informativo","image":{"@type":"ImageObject","inLanguage":"es","@id":"https:\/\/www.nexoinformativo.mx\/#\/schema\/person\/image\/","url":"https:\/\/secure.gravatar.com\/avatar\/dde2928154642a13d95f87ddf1ea9718fe2b46760a005c53e41ff5ad610704e6?s=96&d=mm&r=g","contentUrl":"https:\/\/secure.gravatar.com\/avatar\/dde2928154642a13d95f87ddf1ea9718fe2b46760a005c53e41ff5ad610704e6?s=96&d=mm&r=g","caption":"Nexo Informativo"},"url":"https:\/\/www.nexoinformativo.mx\/index.php\/author\/edicion\/"}]}},"_links":{"self":[{"href":"https:\/\/www.nexoinformativo.mx\/index.php\/wp-json\/wp\/v2\/posts\/12475","targetHints":{"allow":["GET"]}}],"collection":[{"href":"https:\/\/www.nexoinformativo.mx\/index.php\/wp-json\/wp\/v2\/posts"}],"about":[{"href":"https:\/\/www.nexoinformativo.mx\/index.php\/wp-json\/wp\/v2\/types\/post"}],"author":[{"embeddable":true,"href":"https:\/\/www.nexoinformativo.mx\/index.php\/wp-json\/wp\/v2\/users\/3"}],"replies":[{"embeddable":true,"href":"https:\/\/www.nexoinformativo.mx\/index.php\/wp-json\/wp\/v2\/comments?post=12475"}],"version-history":[{"count":3,"href":"https:\/\/www.nexoinformativo.mx\/index.php\/wp-json\/wp\/v2\/posts\/12475\/revisions"}],"predecessor-version":[{"id":12479,"href":"https:\/\/www.nexoinformativo.mx\/index.php\/wp-json\/wp\/v2\/posts\/12475\/revisions\/12479"}],"wp:featuredmedia":[{"embeddable":true,"href":"https:\/\/www.nexoinformativo.mx\/index.php\/wp-json\/wp\/v2\/media\/12477"}],"wp:attachment":[{"href":"https:\/\/www.nexoinformativo.mx\/index.php\/wp-json\/wp\/v2\/media?parent=12475"}],"wp:term":[{"taxonomy":"category","embeddable":true,"href":"https:\/\/www.nexoinformativo.mx\/index.php\/wp-json\/wp\/v2\/categories?post=12475"},{"taxonomy":"post_tag","embeddable":true,"href":"https:\/\/www.nexoinformativo.mx\/index.php\/wp-json\/wp\/v2\/tags?post=12475"}],"curies":[{"name":"wp","href":"https:\/\/api.w.org\/{rel}","templated":true}]}}