{"id":12481,"date":"2025-03-07T08:00:42","date_gmt":"2025-03-07T14:00:42","guid":{"rendered":"https:\/\/www.nexoinformativo.mx\/?p=12481"},"modified":"2025-03-07T16:29:30","modified_gmt":"2025-03-07T22:29:30","slug":"fiscalia-y-secretaria-de-mujeres-firman-con-nuevo-convenio","status":"publish","type":"post","link":"https:\/\/www.nexoinformativo.mx\/index.php\/2025\/03\/07\/fiscalia-y-secretaria-de-mujeres-firman-con-nuevo-convenio\/","title":{"rendered":"Fiscal\u00eda y Secretar\u00eda de Mujeres firman con nuevo convenio"},"content":{"rendered":"<p style=\"text-align: justify;\" data-sourcepos=\"13:1-13:272\">En un paso hist\u00f3rico, la Fiscal\u00eda General del Estado de Quer\u00e9taro y la Secretar\u00eda de las Mujeres firmaron un convenio de colaboraci\u00f3n sin precedentes en el pa\u00eds, con el objetivo de fortalecer la atenci\u00f3n a v\u00edctimas de violencia de g\u00e9nero.<\/p>\n<p>&nbsp;<\/p>\n<p style=\"text-align: justify;\" data-sourcepos=\"15:1-15:222\">Este acuerdo, celebrado en el marco del D\u00eda Internacional de la Mujer, busca garantizar el acceso a la justicia de mujeres, adolescentes y ni\u00f1as a trav\u00e9s de la formaci\u00f3n especializada del personal encargado de su atenci\u00f3n.<\/p>\n<p>&nbsp;<\/p>\n<p style=\"text-align: justify;\" data-sourcepos=\"17:1-17:252\">La secretaria de las Mujeres, Minerva Citlalli Hern\u00e1ndez Mora, destac\u00f3 que el convenio representa compromisos concretos para materializar el acceso a la justicia y erradicar la violencia institucional mediante la capacitaci\u00f3n con perspectiva de g\u00e9nero.<\/p>\n<p>&nbsp;<\/p>\n<p style=\"text-align: justify;\" data-sourcepos=\"19:1-19:268\">Por su parte, el fiscal general, V\u00edctor Antonio De Jes\u00fas Hern\u00e1ndez, se comprometi\u00f3 a impulsar la capacitaci\u00f3n en materia de g\u00e9nero a nivel nacional, buscando extender estas buenas pr\u00e1cticas a trav\u00e9s de la Conferencia Nacional de Procuraci\u00f3n de Justicia Zona Occidente.<\/p>\n<p>&nbsp;<\/p>\n<p style=\"text-align: justify;\" data-sourcepos=\"21:1-21:209\">El convenio contempla acciones como capacitaci\u00f3n al personal, programas de formaci\u00f3n continua, optimizaci\u00f3n de plataformas digitales, establecimiento de protocolos eficaces y elaboraci\u00f3n de material did\u00e1ctico.<\/p>\n<p>&nbsp;<\/p>\n<p style=\"text-align: center;\" data-sourcepos=\"21:1-21:209\"><em><strong>\u00a1Informaci\u00f3n que transforma!<\/strong><\/em><\/p>\n","protected":false},"excerpt":{"rendered":"<p>En un paso hist\u00f3rico, la Fiscal\u00eda General del Estado de Quer\u00e9taro y la Secretar\u00eda de las Mujeres firmaron un convenio de colaboraci\u00f3n sin precedentes en el pa\u00eds, con el objetivo de fortalecer la atenci\u00f3n a v\u00edctimas de violencia de g\u00e9nero.<\/p>\n","protected":false},"author":3,"featured_media":12485,"comment_status":"open","ping_status":"open","sticky":false,"template":"","format":"standard","meta":{"footnotes":""},"categories":[42,58],"tags":[3486,3675,3676,815],"class_list":["post-12481","post","type-post","status-publish","format-standard","has-post-thumbnail","hentry","category-estado","category-ultima-hora","tag-fgequeretaro","tag-justiciadegenero","tag-mujeresqueretaro","tag-violenciadegenero"],"yoast_head":"<!-- This site is optimized with the Yoast SEO plugin v25.0 - https:\/\/yoast.com\/wordpress\/plugins\/seo\/ -->\n<title>Fiscal\u00eda y Secretar\u00eda de Mujeres firman con nuevo convenio | Nexo Informativo Santiago de Quer\u00e9taro<\/title>\n<meta name=\"description\" content=\"Fiscal\u00eda y Secretar\u00eda de Mujeres firman con nuevo convenio\" \/>\n<meta name=\"robots\" content=\"index, follow, max-snippet:-1, max-image-preview:large, max-video-preview:-1\" \/>\n<link rel=\"canonical\" href=\"https:\/\/www.nexoinformativo.mx\/index.php\/2025\/03\/07\/fiscalia-y-secretaria-de-mujeres-firman-con-nuevo-convenio\/\" \/>\n<meta property=\"og:locale\" content=\"es_MX\" \/>\n<meta property=\"og:type\" content=\"article\" \/>\n<meta property=\"og:title\" content=\"Fiscal\u00eda y Secretar\u00eda de Mujeres firman con nuevo convenio | Nexo Informativo Santiago de Quer\u00e9taro\" \/>\n<meta property=\"og:description\" content=\"Fiscal\u00eda y Secretar\u00eda de Mujeres firman con nuevo convenio\" \/>\n<meta property=\"og:url\" content=\"https:\/\/www.nexoinformativo.mx\/index.php\/2025\/03\/07\/fiscalia-y-secretaria-de-mujeres-firman-con-nuevo-convenio\/\" \/>\n<meta property=\"og:site_name\" content=\"Nexo Informativo Santiago de Quer\u00e9taro\" \/>\n<meta property=\"article:publisher\" content=\"https:\/\/www.facebook.com\/people\/Nexo-Informativo\/61564066885511\/\" \/>\n<meta property=\"article:published_time\" content=\"2025-03-07T14:00:42+00:00\" \/>\n<meta property=\"article:modified_time\" content=\"2025-03-07T22:29:30+00:00\" \/>\n<meta property=\"og:image\" content=\"https:\/\/www.nexoinformativo.mx\/wp-content\/uploads\/2025\/03\/fbe5a9de-3bc8-4711-8b19-65c0ef090a00-e1741386559437.jpg\" \/>\n\t<meta property=\"og:image:width\" content=\"800\" \/>\n\t<meta property=\"og:image:height\" content=\"533\" \/>\n\t<meta property=\"og:image:type\" content=\"image\/jpeg\" \/>\n<meta name=\"author\" content=\"Nexo Informativo\" \/>\n<meta name=\"twitter:card\" content=\"summary_large_image\" \/>\n<meta name=\"twitter:label1\" content=\"Escrito por\" \/>\n\t<meta name=\"twitter:data1\" content=\"Nexo Informativo\" \/>\n\t<meta name=\"twitter:label2\" content=\"Tiempo de lectura\" \/>\n\t<meta name=\"twitter:data2\" content=\"2 minutos\" \/>\n<script type=\"application\/ld+json\" class=\"yoast-schema-graph\">{\"@context\":\"https:\/\/schema.org\",\"@graph\":[{\"@type\":\"Article\",\"@id\":\"https:\/\/www.nexoinformativo.mx\/index.php\/2025\/03\/07\/fiscalia-y-secretaria-de-mujeres-firman-con-nuevo-convenio\/#article\",\"isPartOf\":{\"@id\":\"https:\/\/www.nexoinformativo.mx\/index.php\/2025\/03\/07\/fiscalia-y-secretaria-de-mujeres-firman-con-nuevo-convenio\/\"},\"author\":{\"name\":\"Nexo Informativo\",\"@id\":\"https:\/\/www.nexoinformativo.mx\/#\/schema\/person\/7749d380ba08c8ca00d7bc76fd907b7d\"},\"headline\":\"Fiscal\u00eda y Secretar\u00eda de Mujeres firman con nuevo convenio\",\"datePublished\":\"2025-03-07T14:00:42+00:00\",\"dateModified\":\"2025-03-07T22:29:30+00:00\",\"mainEntityOfPage\":{\"@id\":\"https:\/\/www.nexoinformativo.mx\/index.php\/2025\/03\/07\/fiscalia-y-secretaria-de-mujeres-firman-con-nuevo-convenio\/\"},\"wordCount\":227,\"commentCount\":0,\"publisher\":{\"@id\":\"https:\/\/www.nexoinformativo.mx\/#organization\"},\"image\":{\"@id\":\"https:\/\/www.nexoinformativo.mx\/index.php\/2025\/03\/07\/fiscalia-y-secretaria-de-mujeres-firman-con-nuevo-convenio\/#primaryimage\"},\"thumbnailUrl\":\"https:\/\/www.nexoinformativo.mx\/wp-content\/uploads\/2025\/03\/fbe5a9de-3bc8-4711-8b19-65c0ef090a00-e1741386559437.jpg\",\"keywords\":[\"FGEQuer\u00e9taro\",\"JusticiaDeG\u00e9nero\",\"MujeresQuer\u00e9taro\",\"ViolenciaDeG\u00e9nero\"],\"articleSection\":[\"Estado\",\"\u00daltima Hora\"],\"inLanguage\":\"es\",\"potentialAction\":[{\"@type\":\"CommentAction\",\"name\":\"Comment\",\"target\":[\"https:\/\/www.nexoinformativo.mx\/index.php\/2025\/03\/07\/fiscalia-y-secretaria-de-mujeres-firman-con-nuevo-convenio\/#respond\"]}]},{\"@type\":\"WebPage\",\"@id\":\"https:\/\/www.nexoinformativo.mx\/index.php\/2025\/03\/07\/fiscalia-y-secretaria-de-mujeres-firman-con-nuevo-convenio\/\",\"url\":\"https:\/\/www.nexoinformativo.mx\/index.php\/2025\/03\/07\/fiscalia-y-secretaria-de-mujeres-firman-con-nuevo-convenio\/\",\"name\":\"Fiscal\u00eda y Secretar\u00eda de Mujeres firman con nuevo convenio | Nexo Informativo Santiago de Quer\u00e9taro\",\"isPartOf\":{\"@id\":\"https:\/\/www.nexoinformativo.mx\/#website\"},\"primaryImageOfPage\":{\"@id\":\"https:\/\/www.nexoinformativo.mx\/index.php\/2025\/03\/07\/fiscalia-y-secretaria-de-mujeres-firman-con-nuevo-convenio\/#primaryimage\"},\"image\":{\"@id\":\"https:\/\/www.nexoinformativo.mx\/index.php\/2025\/03\/07\/fiscalia-y-secretaria-de-mujeres-firman-con-nuevo-convenio\/#primaryimage\"},\"thumbnailUrl\":\"https:\/\/www.nexoinformativo.mx\/wp-content\/uploads\/2025\/03\/fbe5a9de-3bc8-4711-8b19-65c0ef090a00-e1741386559437.jpg\",\"datePublished\":\"2025-03-07T14:00:42+00:00\",\"dateModified\":\"2025-03-07T22:29:30+00:00\",\"description\":\"Fiscal\u00eda y Secretar\u00eda de Mujeres firman con nuevo convenio\",\"breadcrumb\":{\"@id\":\"https:\/\/www.nexoinformativo.mx\/index.php\/2025\/03\/07\/fiscalia-y-secretaria-de-mujeres-firman-con-nuevo-convenio\/#breadcrumb\"},\"inLanguage\":\"es\",\"potentialAction\":[{\"@type\":\"ReadAction\",\"target\":[\"https:\/\/www.nexoinformativo.mx\/index.php\/2025\/03\/07\/fiscalia-y-secretaria-de-mujeres-firman-con-nuevo-convenio\/\"]}]},{\"@type\":\"ImageObject\",\"inLanguage\":\"es\",\"@id\":\"https:\/\/www.nexoinformativo.mx\/index.php\/2025\/03\/07\/fiscalia-y-secretaria-de-mujeres-firman-con-nuevo-convenio\/#primaryimage\",\"url\":\"https:\/\/www.nexoinformativo.mx\/wp-content\/uploads\/2025\/03\/fbe5a9de-3bc8-4711-8b19-65c0ef090a00-e1741386559437.jpg\",\"contentUrl\":\"https:\/\/www.nexoinformativo.mx\/wp-content\/uploads\/2025\/03\/fbe5a9de-3bc8-4711-8b19-65c0ef090a00-e1741386559437.jpg\",\"width\":800,\"height\":533},{\"@type\":\"BreadcrumbList\",\"@id\":\"https:\/\/www.nexoinformativo.mx\/index.php\/2025\/03\/07\/fiscalia-y-secretaria-de-mujeres-firman-con-nuevo-convenio\/#breadcrumb\",\"itemListElement\":[{\"@type\":\"ListItem\",\"position\":1,\"name\":\"Inicio\",\"item\":\"https:\/\/www.nexoinformativo.mx\/\"},{\"@type\":\"ListItem\",\"position\":2,\"name\":\"Fiscal\u00eda y Secretar\u00eda de Mujeres firman con nuevo convenio\"}]},{\"@type\":\"WebSite\",\"@id\":\"https:\/\/www.nexoinformativo.mx\/#website\",\"url\":\"https:\/\/www.nexoinformativo.mx\/\",\"name\":\"Nexo Informativo Santiago de Quer\u00e9taro\",\"description\":\"Explora NexoInformativo y convi\u00e9rtete en parte de una comunidad que valora el conocimiento y la verdad. Tu nexoinformativo es tu puente hacia una comprensi\u00f3n m\u00e1s profunda del mundo que te rodea.\",\"publisher\":{\"@id\":\"https:\/\/www.nexoinformativo.mx\/#organization\"},\"potentialAction\":[{\"@type\":\"SearchAction\",\"target\":{\"@type\":\"EntryPoint\",\"urlTemplate\":\"https:\/\/www.nexoinformativo.mx\/?s={search_term_string}\"},\"query-input\":{\"@type\":\"PropertyValueSpecification\",\"valueRequired\":true,\"valueName\":\"search_term_string\"}}],\"inLanguage\":\"es\"},{\"@type\":\"Organization\",\"@id\":\"https:\/\/www.nexoinformativo.mx\/#organization\",\"name\":\"Nexo Informativo Santiago de Quer\u00e9taro\",\"url\":\"https:\/\/www.nexoinformativo.mx\/\",\"logo\":{\"@type\":\"ImageObject\",\"inLanguage\":\"es\",\"@id\":\"https:\/\/www.nexoinformativo.mx\/#\/schema\/logo\/image\/\",\"url\":\"https:\/\/www.nexoinformativo.mx\/wp-content\/uploads\/2024\/07\/nexoi-trasparente-2.png\",\"contentUrl\":\"https:\/\/www.nexoinformativo.mx\/wp-content\/uploads\/2024\/07\/nexoi-trasparente-2.png\",\"width\":816,\"height\":339,\"caption\":\"Nexo Informativo Santiago de Quer\u00e9taro\"},\"image\":{\"@id\":\"https:\/\/www.nexoinformativo.mx\/#\/schema\/logo\/image\/\"},\"sameAs\":[\"https:\/\/www.facebook.com\/people\/Nexo-Informativo\/61564066885511\/\"]},{\"@type\":\"Person\",\"@id\":\"https:\/\/www.nexoinformativo.mx\/#\/schema\/person\/7749d380ba08c8ca00d7bc76fd907b7d\",\"name\":\"Nexo Informativo\",\"image\":{\"@type\":\"ImageObject\",\"inLanguage\":\"es\",\"@id\":\"https:\/\/www.nexoinformativo.mx\/#\/schema\/person\/image\/\",\"url\":\"https:\/\/secure.gravatar.com\/avatar\/dde2928154642a13d95f87ddf1ea9718fe2b46760a005c53e41ff5ad610704e6?s=96&d=mm&r=g\",\"contentUrl\":\"https:\/\/secure.gravatar.com\/avatar\/dde2928154642a13d95f87ddf1ea9718fe2b46760a005c53e41ff5ad610704e6?s=96&d=mm&r=g\",\"caption\":\"Nexo Informativo\"},\"url\":\"https:\/\/www.nexoinformativo.mx\/index.php\/author\/edicion\/\"}]}<\/script>\n<!-- \/ Yoast SEO plugin. -->","yoast_head_json":{"title":"Fiscal\u00eda y Secretar\u00eda de Mujeres firman con nuevo convenio | Nexo Informativo Santiago de Quer\u00e9taro","description":"Fiscal\u00eda y Secretar\u00eda de Mujeres firman con nuevo convenio","robots":{"index":"index","follow":"follow","max-snippet":"max-snippet:-1","max-image-preview":"max-image-preview:large","max-video-preview":"max-video-preview:-1"},"canonical":"https:\/\/www.nexoinformativo.mx\/index.php\/2025\/03\/07\/fiscalia-y-secretaria-de-mujeres-firman-con-nuevo-convenio\/","og_locale":"es_MX","og_type":"article","og_title":"Fiscal\u00eda y Secretar\u00eda de Mujeres firman con nuevo convenio | Nexo Informativo Santiago de Quer\u00e9taro","og_description":"Fiscal\u00eda y Secretar\u00eda de Mujeres firman con nuevo convenio","og_url":"https:\/\/www.nexoinformativo.mx\/index.php\/2025\/03\/07\/fiscalia-y-secretaria-de-mujeres-firman-con-nuevo-convenio\/","og_site_name":"Nexo Informativo Santiago de Quer\u00e9taro","article_publisher":"https:\/\/www.facebook.com\/people\/Nexo-Informativo\/61564066885511\/","article_published_time":"2025-03-07T14:00:42+00:00","article_modified_time":"2025-03-07T22:29:30+00:00","og_image":[{"width":800,"height":533,"url":"https:\/\/www.nexoinformativo.mx\/wp-content\/uploads\/2025\/03\/fbe5a9de-3bc8-4711-8b19-65c0ef090a00-e1741386559437.jpg","type":"image\/jpeg"}],"author":"Nexo Informativo","twitter_card":"summary_large_image","twitter_misc":{"Escrito por":"Nexo Informativo","Tiempo de lectura":"2 minutos"},"schema":{"@context":"https:\/\/schema.org","@graph":[{"@type":"Article","@id":"https:\/\/www.nexoinformativo.mx\/index.php\/2025\/03\/07\/fiscalia-y-secretaria-de-mujeres-firman-con-nuevo-convenio\/#article","isPartOf":{"@id":"https:\/\/www.nexoinformativo.mx\/index.php\/2025\/03\/07\/fiscalia-y-secretaria-de-mujeres-firman-con-nuevo-convenio\/"},"author":{"name":"Nexo Informativo","@id":"https:\/\/www.nexoinformativo.mx\/#\/schema\/person\/7749d380ba08c8ca00d7bc76fd907b7d"},"headline":"Fiscal\u00eda y Secretar\u00eda de Mujeres firman con nuevo convenio","datePublished":"2025-03-07T14:00:42+00:00","dateModified":"2025-03-07T22:29:30+00:00","mainEntityOfPage":{"@id":"https:\/\/www.nexoinformativo.mx\/index.php\/2025\/03\/07\/fiscalia-y-secretaria-de-mujeres-firman-con-nuevo-convenio\/"},"wordCount":227,"commentCount":0,"publisher":{"@id":"https:\/\/www.nexoinformativo.mx\/#organization"},"image":{"@id":"https:\/\/www.nexoinformativo.mx\/index.php\/2025\/03\/07\/fiscalia-y-secretaria-de-mujeres-firman-con-nuevo-convenio\/#primaryimage"},"thumbnailUrl":"https:\/\/www.nexoinformativo.mx\/wp-content\/uploads\/2025\/03\/fbe5a9de-3bc8-4711-8b19-65c0ef090a00-e1741386559437.jpg","keywords":["FGEQuer\u00e9taro","JusticiaDeG\u00e9nero","MujeresQuer\u00e9taro","ViolenciaDeG\u00e9nero"],"articleSection":["Estado","\u00daltima Hora"],"inLanguage":"es","potentialAction":[{"@type":"CommentAction","name":"Comment","target":["https:\/\/www.nexoinformativo.mx\/index.php\/2025\/03\/07\/fiscalia-y-secretaria-de-mujeres-firman-con-nuevo-convenio\/#respond"]}]},{"@type":"WebPage","@id":"https:\/\/www.nexoinformativo.mx\/index.php\/2025\/03\/07\/fiscalia-y-secretaria-de-mujeres-firman-con-nuevo-convenio\/","url":"https:\/\/www.nexoinformativo.mx\/index.php\/2025\/03\/07\/fiscalia-y-secretaria-de-mujeres-firman-con-nuevo-convenio\/","name":"Fiscal\u00eda y Secretar\u00eda de Mujeres firman con nuevo convenio | Nexo Informativo Santiago de Quer\u00e9taro","isPartOf":{"@id":"https:\/\/www.nexoinformativo.mx\/#website"},"primaryImageOfPage":{"@id":"https:\/\/www.nexoinformativo.mx\/index.php\/2025\/03\/07\/fiscalia-y-secretaria-de-mujeres-firman-con-nuevo-convenio\/#primaryimage"},"image":{"@id":"https:\/\/www.nexoinformativo.mx\/index.php\/2025\/03\/07\/fiscalia-y-secretaria-de-mujeres-firman-con-nuevo-convenio\/#primaryimage"},"thumbnailUrl":"https:\/\/www.nexoinformativo.mx\/wp-content\/uploads\/2025\/03\/fbe5a9de-3bc8-4711-8b19-65c0ef090a00-e1741386559437.jpg","datePublished":"2025-03-07T14:00:42+00:00","dateModified":"2025-03-07T22:29:30+00:00","description":"Fiscal\u00eda y Secretar\u00eda de Mujeres firman con nuevo convenio","breadcrumb":{"@id":"https:\/\/www.nexoinformativo.mx\/index.php\/2025\/03\/07\/fiscalia-y-secretaria-de-mujeres-firman-con-nuevo-convenio\/#breadcrumb"},"inLanguage":"es","potentialAction":[{"@type":"ReadAction","target":["https:\/\/www.nexoinformativo.mx\/index.php\/2025\/03\/07\/fiscalia-y-secretaria-de-mujeres-firman-con-nuevo-convenio\/"]}]},{"@type":"ImageObject","inLanguage":"es","@id":"https:\/\/www.nexoinformativo.mx\/index.php\/2025\/03\/07\/fiscalia-y-secretaria-de-mujeres-firman-con-nuevo-convenio\/#primaryimage","url":"https:\/\/www.nexoinformativo.mx\/wp-content\/uploads\/2025\/03\/fbe5a9de-3bc8-4711-8b19-65c0ef090a00-e1741386559437.jpg","contentUrl":"https:\/\/www.nexoinformativo.mx\/wp-content\/uploads\/2025\/03\/fbe5a9de-3bc8-4711-8b19-65c0ef090a00-e1741386559437.jpg","width":800,"height":533},{"@type":"BreadcrumbList","@id":"https:\/\/www.nexoinformativo.mx\/index.php\/2025\/03\/07\/fiscalia-y-secretaria-de-mujeres-firman-con-nuevo-convenio\/#breadcrumb","itemListElement":[{"@type":"ListItem","position":1,"name":"Inicio","item":"https:\/\/www.nexoinformativo.mx\/"},{"@type":"ListItem","position":2,"name":"Fiscal\u00eda y Secretar\u00eda de Mujeres firman con nuevo convenio"}]},{"@type":"WebSite","@id":"https:\/\/www.nexoinformativo.mx\/#website","url":"https:\/\/www.nexoinformativo.mx\/","name":"Nexo Informativo Santiago de Quer\u00e9taro","description":"Explora NexoInformativo y convi\u00e9rtete en parte de una comunidad que valora el conocimiento y la verdad. Tu nexoinformativo es tu puente hacia una comprensi\u00f3n m\u00e1s profunda del mundo que te rodea.","publisher":{"@id":"https:\/\/www.nexoinformativo.mx\/#organization"},"potentialAction":[{"@type":"SearchAction","target":{"@type":"EntryPoint","urlTemplate":"https:\/\/www.nexoinformativo.mx\/?s={search_term_string}"},"query-input":{"@type":"PropertyValueSpecification","valueRequired":true,"valueName":"search_term_string"}}],"inLanguage":"es"},{"@type":"Organization","@id":"https:\/\/www.nexoinformativo.mx\/#organization","name":"Nexo Informativo Santiago de Quer\u00e9taro","url":"https:\/\/www.nexoinformativo.mx\/","logo":{"@type":"ImageObject","inLanguage":"es","@id":"https:\/\/www.nexoinformativo.mx\/#\/schema\/logo\/image\/","url":"https:\/\/www.nexoinformativo.mx\/wp-content\/uploads\/2024\/07\/nexoi-trasparente-2.png","contentUrl":"https:\/\/www.nexoinformativo.mx\/wp-content\/uploads\/2024\/07\/nexoi-trasparente-2.png","width":816,"height":339,"caption":"Nexo Informativo Santiago de Quer\u00e9taro"},"image":{"@id":"https:\/\/www.nexoinformativo.mx\/#\/schema\/logo\/image\/"},"sameAs":["https:\/\/www.facebook.com\/people\/Nexo-Informativo\/61564066885511\/"]},{"@type":"Person","@id":"https:\/\/www.nexoinformativo.mx\/#\/schema\/person\/7749d380ba08c8ca00d7bc76fd907b7d","name":"Nexo Informativo","image":{"@type":"ImageObject","inLanguage":"es","@id":"https:\/\/www.nexoinformativo.mx\/#\/schema\/person\/image\/","url":"https:\/\/secure.gravatar.com\/avatar\/dde2928154642a13d95f87ddf1ea9718fe2b46760a005c53e41ff5ad610704e6?s=96&d=mm&r=g","contentUrl":"https:\/\/secure.gravatar.com\/avatar\/dde2928154642a13d95f87ddf1ea9718fe2b46760a005c53e41ff5ad610704e6?s=96&d=mm&r=g","caption":"Nexo Informativo"},"url":"https:\/\/www.nexoinformativo.mx\/index.php\/author\/edicion\/"}]}},"_links":{"self":[{"href":"https:\/\/www.nexoinformativo.mx\/index.php\/wp-json\/wp\/v2\/posts\/12481","targetHints":{"allow":["GET"]}}],"collection":[{"href":"https:\/\/www.nexoinformativo.mx\/index.php\/wp-json\/wp\/v2\/posts"}],"about":[{"href":"https:\/\/www.nexoinformativo.mx\/index.php\/wp-json\/wp\/v2\/types\/post"}],"author":[{"embeddable":true,"href":"https:\/\/www.nexoinformativo.mx\/index.php\/wp-json\/wp\/v2\/users\/3"}],"replies":[{"embeddable":true,"href":"https:\/\/www.nexoinformativo.mx\/index.php\/wp-json\/wp\/v2\/comments?post=12481"}],"version-history":[{"count":5,"href":"https:\/\/www.nexoinformativo.mx\/index.php\/wp-json\/wp\/v2\/posts\/12481\/revisions"}],"predecessor-version":[{"id":12487,"href":"https:\/\/www.nexoinformativo.mx\/index.php\/wp-json\/wp\/v2\/posts\/12481\/revisions\/12487"}],"wp:featuredmedia":[{"embeddable":true,"href":"https:\/\/www.nexoinformativo.mx\/index.php\/wp-json\/wp\/v2\/media\/12485"}],"wp:attachment":[{"href":"https:\/\/www.nexoinformativo.mx\/index.php\/wp-json\/wp\/v2\/media?parent=12481"}],"wp:term":[{"taxonomy":"category","embeddable":true,"href":"https:\/\/www.nexoinformativo.mx\/index.php\/wp-json\/wp\/v2\/categories?post=12481"},{"taxonomy":"post_tag","embeddable":true,"href":"https:\/\/www.nexoinformativo.mx\/index.php\/wp-json\/wp\/v2\/tags?post=12481"}],"curies":[{"name":"wp","href":"https:\/\/api.w.org\/{rel}","templated":true}]}}