{"id":12488,"date":"2025-03-07T09:00:43","date_gmt":"2025-03-07T15:00:43","guid":{"rendered":"https:\/\/www.nexoinformativo.mx\/?p=12488"},"modified":"2025-03-07T16:34:04","modified_gmt":"2025-03-07T22:34:04","slug":"quejas-ciudadanas-por-adoquines-y-registros-en-el-centro-historico-un-problema-persistente","status":"publish","type":"post","link":"https:\/\/www.nexoinformativo.mx\/index.php\/2025\/03\/07\/quejas-ciudadanas-por-adoquines-y-registros-en-el-centro-historico-un-problema-persistente\/","title":{"rendered":"Quejas ciudadanas: por adoquines y registros en el Centro Hist\u00f3rico, un problema persistente"},"content":{"rendered":"<p style=\"text-align: justify;\" data-sourcepos=\"13:1-13:320\">La conservaci\u00f3n del Centro Hist\u00f3rico de Quer\u00e9taro enfrenta un desaf\u00edo constante: adoquines sueltos y registros rotos. Seg\u00fan Marco \u00c1lvarez, superintendente del Centro Hist\u00f3rico, se reciben entre uno y dos reportes diarios de ciudadanos y comerciantes a trav\u00e9s de grupos de WhatsApp.<\/p>\n<p>&nbsp;<\/p>\n<p style=\"text-align: justify;\" data-sourcepos=\"15:1-15:324\">Las autoridades aseguran que atienden estos reportes a la brevedad, independientemente de la dependencia responsable, priorizando la seguridad de los peatones. \u00c1lvarez Malo aclar\u00f3 que, aunque la mayor\u00eda de los registros corresponden a la CFE o la Comisi\u00f3n Estatal de Aguas, el municipio colabora para resolver los problemas.<\/p>\n<p>&nbsp;<\/p>\n<p style=\"text-align: justify;\" data-sourcepos=\"17:1-17:183\">Adem\u00e1s, inform\u00f3 que la Secretar\u00eda de Obras P\u00fablicas est\u00e1 analizando la inversi\u00f3n necesaria para renovar el adoqu\u00edn y considerando un cambio de material debido a la escasez del actual.<\/p>\n<p>&nbsp;<\/p>\n<p style=\"text-align: center;\" data-sourcepos=\"17:1-17:183\"><em><strong>\u00a1Informaci\u00f3n que transforma!<\/strong><\/em><\/p>\n","protected":false},"excerpt":{"rendered":"<p>La conservaci\u00f3n del Centro Hist\u00f3rico de Quer\u00e9taro enfrenta un desaf\u00edo constante: adoquines sueltos y registros rotos. Seg\u00fan Marco \u00c1lvarez, superintendente del Centro Hist\u00f3rico, se reciben entre uno y dos reportes diarios de ciudadanos y comerciantes a trav\u00e9s de grupos de WhatsApp.<\/p>\n","protected":false},"author":3,"featured_media":12491,"comment_status":"open","ping_status":"open","sticky":false,"template":"","format":"standard","meta":{"footnotes":""},"categories":[65,58],"tags":[3677,267,644,133],"class_list":["post-12488","post","type-post","status-publish","format-standard","has-post-thumbnail","hentry","category-municipios","category-ultima-hora","tag-adoquinesqro","tag-centrohistoricoqro","tag-obraspublicas","tag-queretaro"],"yoast_head":"<!-- This site is optimized with the Yoast SEO plugin v25.0 - https:\/\/yoast.com\/wordpress\/plugins\/seo\/ -->\n<title>Quejas ciudadanas: por adoquines y registros en el Centro Hist\u00f3rico, un problema persistente | Nexo Informativo Santiago de Quer\u00e9taro<\/title>\n<meta name=\"description\" content=\"Quejas ciudadanas: por adoquines y registros en el Centro Hist\u00f3rico, un problema persistente\" \/>\n<meta name=\"robots\" content=\"index, follow, max-snippet:-1, max-image-preview:large, max-video-preview:-1\" \/>\n<link rel=\"canonical\" href=\"https:\/\/www.nexoinformativo.mx\/index.php\/2025\/03\/07\/quejas-ciudadanas-por-adoquines-y-registros-en-el-centro-historico-un-problema-persistente\/\" \/>\n<meta property=\"og:locale\" content=\"es_MX\" \/>\n<meta property=\"og:type\" content=\"article\" \/>\n<meta property=\"og:title\" content=\"Quejas ciudadanas: por adoquines y registros en el Centro Hist\u00f3rico, un problema persistente | Nexo Informativo Santiago de Quer\u00e9taro\" \/>\n<meta property=\"og:description\" content=\"Quejas ciudadanas: por adoquines y registros en el Centro Hist\u00f3rico, un problema persistente\" \/>\n<meta property=\"og:url\" content=\"https:\/\/www.nexoinformativo.mx\/index.php\/2025\/03\/07\/quejas-ciudadanas-por-adoquines-y-registros-en-el-centro-historico-un-problema-persistente\/\" \/>\n<meta property=\"og:site_name\" content=\"Nexo Informativo Santiago de Quer\u00e9taro\" \/>\n<meta property=\"article:publisher\" content=\"https:\/\/www.facebook.com\/people\/Nexo-Informativo\/61564066885511\/\" \/>\n<meta property=\"article:published_time\" content=\"2025-03-07T15:00:43+00:00\" \/>\n<meta property=\"article:modified_time\" content=\"2025-03-07T22:34:04+00:00\" \/>\n<meta property=\"og:image\" content=\"https:\/\/www.nexoinformativo.mx\/wp-content\/uploads\/2025\/03\/719077f3-300a-4cb5-b009-de5286f2cda8-scaled-e1741386817477.jpg\" \/>\n\t<meta property=\"og:image:width\" content=\"800\" \/>\n\t<meta property=\"og:image:height\" content=\"600\" \/>\n\t<meta property=\"og:image:type\" content=\"image\/jpeg\" \/>\n<meta name=\"author\" content=\"Nexo Informativo\" \/>\n<meta name=\"twitter:card\" content=\"summary_large_image\" \/>\n<meta name=\"twitter:label1\" content=\"Escrito por\" \/>\n\t<meta name=\"twitter:data1\" content=\"Nexo Informativo\" \/>\n\t<meta name=\"twitter:label2\" content=\"Tiempo de lectura\" \/>\n\t<meta name=\"twitter:data2\" content=\"1 minuto\" \/>\n<script type=\"application\/ld+json\" class=\"yoast-schema-graph\">{\"@context\":\"https:\/\/schema.org\",\"@graph\":[{\"@type\":\"Article\",\"@id\":\"https:\/\/www.nexoinformativo.mx\/index.php\/2025\/03\/07\/quejas-ciudadanas-por-adoquines-y-registros-en-el-centro-historico-un-problema-persistente\/#article\",\"isPartOf\":{\"@id\":\"https:\/\/www.nexoinformativo.mx\/index.php\/2025\/03\/07\/quejas-ciudadanas-por-adoquines-y-registros-en-el-centro-historico-un-problema-persistente\/\"},\"author\":{\"name\":\"Nexo Informativo\",\"@id\":\"https:\/\/www.nexoinformativo.mx\/#\/schema\/person\/7749d380ba08c8ca00d7bc76fd907b7d\"},\"headline\":\"Quejas ciudadanas: por adoquines y registros en el Centro Hist\u00f3rico, un problema persistente\",\"datePublished\":\"2025-03-07T15:00:43+00:00\",\"dateModified\":\"2025-03-07T22:34:04+00:00\",\"mainEntityOfPage\":{\"@id\":\"https:\/\/www.nexoinformativo.mx\/index.php\/2025\/03\/07\/quejas-ciudadanas-por-adoquines-y-registros-en-el-centro-historico-un-problema-persistente\/\"},\"wordCount\":153,\"commentCount\":0,\"publisher\":{\"@id\":\"https:\/\/www.nexoinformativo.mx\/#organization\"},\"image\":{\"@id\":\"https:\/\/www.nexoinformativo.mx\/index.php\/2025\/03\/07\/quejas-ciudadanas-por-adoquines-y-registros-en-el-centro-historico-un-problema-persistente\/#primaryimage\"},\"thumbnailUrl\":\"https:\/\/www.nexoinformativo.mx\/wp-content\/uploads\/2025\/03\/719077f3-300a-4cb5-b009-de5286f2cda8-scaled-e1741386817477.jpg\",\"keywords\":[\"AdoquinesQro\",\"CentroHistoricoQro\",\"ObrasP\u00fablicas\",\"Quer\u00e9taro\"],\"articleSection\":[\"Municipios\",\"\u00daltima Hora\"],\"inLanguage\":\"es\",\"potentialAction\":[{\"@type\":\"CommentAction\",\"name\":\"Comment\",\"target\":[\"https:\/\/www.nexoinformativo.mx\/index.php\/2025\/03\/07\/quejas-ciudadanas-por-adoquines-y-registros-en-el-centro-historico-un-problema-persistente\/#respond\"]}]},{\"@type\":\"WebPage\",\"@id\":\"https:\/\/www.nexoinformativo.mx\/index.php\/2025\/03\/07\/quejas-ciudadanas-por-adoquines-y-registros-en-el-centro-historico-un-problema-persistente\/\",\"url\":\"https:\/\/www.nexoinformativo.mx\/index.php\/2025\/03\/07\/quejas-ciudadanas-por-adoquines-y-registros-en-el-centro-historico-un-problema-persistente\/\",\"name\":\"Quejas ciudadanas: por adoquines y registros en el Centro Hist\u00f3rico, un problema persistente | Nexo Informativo Santiago de Quer\u00e9taro\",\"isPartOf\":{\"@id\":\"https:\/\/www.nexoinformativo.mx\/#website\"},\"primaryImageOfPage\":{\"@id\":\"https:\/\/www.nexoinformativo.mx\/index.php\/2025\/03\/07\/quejas-ciudadanas-por-adoquines-y-registros-en-el-centro-historico-un-problema-persistente\/#primaryimage\"},\"image\":{\"@id\":\"https:\/\/www.nexoinformativo.mx\/index.php\/2025\/03\/07\/quejas-ciudadanas-por-adoquines-y-registros-en-el-centro-historico-un-problema-persistente\/#primaryimage\"},\"thumbnailUrl\":\"https:\/\/www.nexoinformativo.mx\/wp-content\/uploads\/2025\/03\/719077f3-300a-4cb5-b009-de5286f2cda8-scaled-e1741386817477.jpg\",\"datePublished\":\"2025-03-07T15:00:43+00:00\",\"dateModified\":\"2025-03-07T22:34:04+00:00\",\"description\":\"Quejas ciudadanas: por adoquines y registros en el Centro Hist\u00f3rico, un problema persistente\",\"breadcrumb\":{\"@id\":\"https:\/\/www.nexoinformativo.mx\/index.php\/2025\/03\/07\/quejas-ciudadanas-por-adoquines-y-registros-en-el-centro-historico-un-problema-persistente\/#breadcrumb\"},\"inLanguage\":\"es\",\"potentialAction\":[{\"@type\":\"ReadAction\",\"target\":[\"https:\/\/www.nexoinformativo.mx\/index.php\/2025\/03\/07\/quejas-ciudadanas-por-adoquines-y-registros-en-el-centro-historico-un-problema-persistente\/\"]}]},{\"@type\":\"ImageObject\",\"inLanguage\":\"es\",\"@id\":\"https:\/\/www.nexoinformativo.mx\/index.php\/2025\/03\/07\/quejas-ciudadanas-por-adoquines-y-registros-en-el-centro-historico-un-problema-persistente\/#primaryimage\",\"url\":\"https:\/\/www.nexoinformativo.mx\/wp-content\/uploads\/2025\/03\/719077f3-300a-4cb5-b009-de5286f2cda8-scaled-e1741386817477.jpg\",\"contentUrl\":\"https:\/\/www.nexoinformativo.mx\/wp-content\/uploads\/2025\/03\/719077f3-300a-4cb5-b009-de5286f2cda8-scaled-e1741386817477.jpg\",\"width\":800,\"height\":600},{\"@type\":\"BreadcrumbList\",\"@id\":\"https:\/\/www.nexoinformativo.mx\/index.php\/2025\/03\/07\/quejas-ciudadanas-por-adoquines-y-registros-en-el-centro-historico-un-problema-persistente\/#breadcrumb\",\"itemListElement\":[{\"@type\":\"ListItem\",\"position\":1,\"name\":\"Inicio\",\"item\":\"https:\/\/www.nexoinformativo.mx\/\"},{\"@type\":\"ListItem\",\"position\":2,\"name\":\"Quejas ciudadanas: por adoquines y registros en el Centro Hist\u00f3rico, un problema persistente\"}]},{\"@type\":\"WebSite\",\"@id\":\"https:\/\/www.nexoinformativo.mx\/#website\",\"url\":\"https:\/\/www.nexoinformativo.mx\/\",\"name\":\"Nexo Informativo Santiago de Quer\u00e9taro\",\"description\":\"Explora NexoInformativo y convi\u00e9rtete en parte de una comunidad que valora el conocimiento y la verdad. Tu nexoinformativo es tu puente hacia una comprensi\u00f3n m\u00e1s profunda del mundo que te rodea.\",\"publisher\":{\"@id\":\"https:\/\/www.nexoinformativo.mx\/#organization\"},\"potentialAction\":[{\"@type\":\"SearchAction\",\"target\":{\"@type\":\"EntryPoint\",\"urlTemplate\":\"https:\/\/www.nexoinformativo.mx\/?s={search_term_string}\"},\"query-input\":{\"@type\":\"PropertyValueSpecification\",\"valueRequired\":true,\"valueName\":\"search_term_string\"}}],\"inLanguage\":\"es\"},{\"@type\":\"Organization\",\"@id\":\"https:\/\/www.nexoinformativo.mx\/#organization\",\"name\":\"Nexo Informativo Santiago de Quer\u00e9taro\",\"url\":\"https:\/\/www.nexoinformativo.mx\/\",\"logo\":{\"@type\":\"ImageObject\",\"inLanguage\":\"es\",\"@id\":\"https:\/\/www.nexoinformativo.mx\/#\/schema\/logo\/image\/\",\"url\":\"https:\/\/www.nexoinformativo.mx\/wp-content\/uploads\/2024\/07\/nexoi-trasparente-2.png\",\"contentUrl\":\"https:\/\/www.nexoinformativo.mx\/wp-content\/uploads\/2024\/07\/nexoi-trasparente-2.png\",\"width\":816,\"height\":339,\"caption\":\"Nexo Informativo Santiago de Quer\u00e9taro\"},\"image\":{\"@id\":\"https:\/\/www.nexoinformativo.mx\/#\/schema\/logo\/image\/\"},\"sameAs\":[\"https:\/\/www.facebook.com\/people\/Nexo-Informativo\/61564066885511\/\"]},{\"@type\":\"Person\",\"@id\":\"https:\/\/www.nexoinformativo.mx\/#\/schema\/person\/7749d380ba08c8ca00d7bc76fd907b7d\",\"name\":\"Nexo Informativo\",\"image\":{\"@type\":\"ImageObject\",\"inLanguage\":\"es\",\"@id\":\"https:\/\/www.nexoinformativo.mx\/#\/schema\/person\/image\/\",\"url\":\"https:\/\/secure.gravatar.com\/avatar\/dde2928154642a13d95f87ddf1ea9718fe2b46760a005c53e41ff5ad610704e6?s=96&d=mm&r=g\",\"contentUrl\":\"https:\/\/secure.gravatar.com\/avatar\/dde2928154642a13d95f87ddf1ea9718fe2b46760a005c53e41ff5ad610704e6?s=96&d=mm&r=g\",\"caption\":\"Nexo Informativo\"},\"url\":\"https:\/\/www.nexoinformativo.mx\/index.php\/author\/edicion\/\"}]}<\/script>\n<!-- \/ Yoast SEO plugin. -->","yoast_head_json":{"title":"Quejas ciudadanas: por adoquines y registros en el Centro Hist\u00f3rico, un problema persistente | Nexo Informativo Santiago de Quer\u00e9taro","description":"Quejas ciudadanas: por adoquines y registros en el Centro Hist\u00f3rico, un problema persistente","robots":{"index":"index","follow":"follow","max-snippet":"max-snippet:-1","max-image-preview":"max-image-preview:large","max-video-preview":"max-video-preview:-1"},"canonical":"https:\/\/www.nexoinformativo.mx\/index.php\/2025\/03\/07\/quejas-ciudadanas-por-adoquines-y-registros-en-el-centro-historico-un-problema-persistente\/","og_locale":"es_MX","og_type":"article","og_title":"Quejas ciudadanas: por adoquines y registros en el Centro Hist\u00f3rico, un problema persistente | Nexo Informativo Santiago de Quer\u00e9taro","og_description":"Quejas ciudadanas: por adoquines y registros en el Centro Hist\u00f3rico, un problema persistente","og_url":"https:\/\/www.nexoinformativo.mx\/index.php\/2025\/03\/07\/quejas-ciudadanas-por-adoquines-y-registros-en-el-centro-historico-un-problema-persistente\/","og_site_name":"Nexo Informativo Santiago de Quer\u00e9taro","article_publisher":"https:\/\/www.facebook.com\/people\/Nexo-Informativo\/61564066885511\/","article_published_time":"2025-03-07T15:00:43+00:00","article_modified_time":"2025-03-07T22:34:04+00:00","og_image":[{"width":800,"height":600,"url":"https:\/\/www.nexoinformativo.mx\/wp-content\/uploads\/2025\/03\/719077f3-300a-4cb5-b009-de5286f2cda8-scaled-e1741386817477.jpg","type":"image\/jpeg"}],"author":"Nexo Informativo","twitter_card":"summary_large_image","twitter_misc":{"Escrito por":"Nexo Informativo","Tiempo de lectura":"1 minuto"},"schema":{"@context":"https:\/\/schema.org","@graph":[{"@type":"Article","@id":"https:\/\/www.nexoinformativo.mx\/index.php\/2025\/03\/07\/quejas-ciudadanas-por-adoquines-y-registros-en-el-centro-historico-un-problema-persistente\/#article","isPartOf":{"@id":"https:\/\/www.nexoinformativo.mx\/index.php\/2025\/03\/07\/quejas-ciudadanas-por-adoquines-y-registros-en-el-centro-historico-un-problema-persistente\/"},"author":{"name":"Nexo Informativo","@id":"https:\/\/www.nexoinformativo.mx\/#\/schema\/person\/7749d380ba08c8ca00d7bc76fd907b7d"},"headline":"Quejas ciudadanas: por adoquines y registros en el Centro Hist\u00f3rico, un problema persistente","datePublished":"2025-03-07T15:00:43+00:00","dateModified":"2025-03-07T22:34:04+00:00","mainEntityOfPage":{"@id":"https:\/\/www.nexoinformativo.mx\/index.php\/2025\/03\/07\/quejas-ciudadanas-por-adoquines-y-registros-en-el-centro-historico-un-problema-persistente\/"},"wordCount":153,"commentCount":0,"publisher":{"@id":"https:\/\/www.nexoinformativo.mx\/#organization"},"image":{"@id":"https:\/\/www.nexoinformativo.mx\/index.php\/2025\/03\/07\/quejas-ciudadanas-por-adoquines-y-registros-en-el-centro-historico-un-problema-persistente\/#primaryimage"},"thumbnailUrl":"https:\/\/www.nexoinformativo.mx\/wp-content\/uploads\/2025\/03\/719077f3-300a-4cb5-b009-de5286f2cda8-scaled-e1741386817477.jpg","keywords":["AdoquinesQro","CentroHistoricoQro","ObrasP\u00fablicas","Quer\u00e9taro"],"articleSection":["Municipios","\u00daltima Hora"],"inLanguage":"es","potentialAction":[{"@type":"CommentAction","name":"Comment","target":["https:\/\/www.nexoinformativo.mx\/index.php\/2025\/03\/07\/quejas-ciudadanas-por-adoquines-y-registros-en-el-centro-historico-un-problema-persistente\/#respond"]}]},{"@type":"WebPage","@id":"https:\/\/www.nexoinformativo.mx\/index.php\/2025\/03\/07\/quejas-ciudadanas-por-adoquines-y-registros-en-el-centro-historico-un-problema-persistente\/","url":"https:\/\/www.nexoinformativo.mx\/index.php\/2025\/03\/07\/quejas-ciudadanas-por-adoquines-y-registros-en-el-centro-historico-un-problema-persistente\/","name":"Quejas ciudadanas: por adoquines y registros en el Centro Hist\u00f3rico, un problema persistente | Nexo Informativo Santiago de Quer\u00e9taro","isPartOf":{"@id":"https:\/\/www.nexoinformativo.mx\/#website"},"primaryImageOfPage":{"@id":"https:\/\/www.nexoinformativo.mx\/index.php\/2025\/03\/07\/quejas-ciudadanas-por-adoquines-y-registros-en-el-centro-historico-un-problema-persistente\/#primaryimage"},"image":{"@id":"https:\/\/www.nexoinformativo.mx\/index.php\/2025\/03\/07\/quejas-ciudadanas-por-adoquines-y-registros-en-el-centro-historico-un-problema-persistente\/#primaryimage"},"thumbnailUrl":"https:\/\/www.nexoinformativo.mx\/wp-content\/uploads\/2025\/03\/719077f3-300a-4cb5-b009-de5286f2cda8-scaled-e1741386817477.jpg","datePublished":"2025-03-07T15:00:43+00:00","dateModified":"2025-03-07T22:34:04+00:00","description":"Quejas ciudadanas: por adoquines y registros en el Centro Hist\u00f3rico, un problema persistente","breadcrumb":{"@id":"https:\/\/www.nexoinformativo.mx\/index.php\/2025\/03\/07\/quejas-ciudadanas-por-adoquines-y-registros-en-el-centro-historico-un-problema-persistente\/#breadcrumb"},"inLanguage":"es","potentialAction":[{"@type":"ReadAction","target":["https:\/\/www.nexoinformativo.mx\/index.php\/2025\/03\/07\/quejas-ciudadanas-por-adoquines-y-registros-en-el-centro-historico-un-problema-persistente\/"]}]},{"@type":"ImageObject","inLanguage":"es","@id":"https:\/\/www.nexoinformativo.mx\/index.php\/2025\/03\/07\/quejas-ciudadanas-por-adoquines-y-registros-en-el-centro-historico-un-problema-persistente\/#primaryimage","url":"https:\/\/www.nexoinformativo.mx\/wp-content\/uploads\/2025\/03\/719077f3-300a-4cb5-b009-de5286f2cda8-scaled-e1741386817477.jpg","contentUrl":"https:\/\/www.nexoinformativo.mx\/wp-content\/uploads\/2025\/03\/719077f3-300a-4cb5-b009-de5286f2cda8-scaled-e1741386817477.jpg","width":800,"height":600},{"@type":"BreadcrumbList","@id":"https:\/\/www.nexoinformativo.mx\/index.php\/2025\/03\/07\/quejas-ciudadanas-por-adoquines-y-registros-en-el-centro-historico-un-problema-persistente\/#breadcrumb","itemListElement":[{"@type":"ListItem","position":1,"name":"Inicio","item":"https:\/\/www.nexoinformativo.mx\/"},{"@type":"ListItem","position":2,"name":"Quejas ciudadanas: por adoquines y registros en el Centro Hist\u00f3rico, un problema persistente"}]},{"@type":"WebSite","@id":"https:\/\/www.nexoinformativo.mx\/#website","url":"https:\/\/www.nexoinformativo.mx\/","name":"Nexo Informativo Santiago de Quer\u00e9taro","description":"Explora NexoInformativo y convi\u00e9rtete en parte de una comunidad que valora el conocimiento y la verdad. Tu nexoinformativo es tu puente hacia una comprensi\u00f3n m\u00e1s profunda del mundo que te rodea.","publisher":{"@id":"https:\/\/www.nexoinformativo.mx\/#organization"},"potentialAction":[{"@type":"SearchAction","target":{"@type":"EntryPoint","urlTemplate":"https:\/\/www.nexoinformativo.mx\/?s={search_term_string}"},"query-input":{"@type":"PropertyValueSpecification","valueRequired":true,"valueName":"search_term_string"}}],"inLanguage":"es"},{"@type":"Organization","@id":"https:\/\/www.nexoinformativo.mx\/#organization","name":"Nexo Informativo Santiago de Quer\u00e9taro","url":"https:\/\/www.nexoinformativo.mx\/","logo":{"@type":"ImageObject","inLanguage":"es","@id":"https:\/\/www.nexoinformativo.mx\/#\/schema\/logo\/image\/","url":"https:\/\/www.nexoinformativo.mx\/wp-content\/uploads\/2024\/07\/nexoi-trasparente-2.png","contentUrl":"https:\/\/www.nexoinformativo.mx\/wp-content\/uploads\/2024\/07\/nexoi-trasparente-2.png","width":816,"height":339,"caption":"Nexo Informativo Santiago de Quer\u00e9taro"},"image":{"@id":"https:\/\/www.nexoinformativo.mx\/#\/schema\/logo\/image\/"},"sameAs":["https:\/\/www.facebook.com\/people\/Nexo-Informativo\/61564066885511\/"]},{"@type":"Person","@id":"https:\/\/www.nexoinformativo.mx\/#\/schema\/person\/7749d380ba08c8ca00d7bc76fd907b7d","name":"Nexo Informativo","image":{"@type":"ImageObject","inLanguage":"es","@id":"https:\/\/www.nexoinformativo.mx\/#\/schema\/person\/image\/","url":"https:\/\/secure.gravatar.com\/avatar\/dde2928154642a13d95f87ddf1ea9718fe2b46760a005c53e41ff5ad610704e6?s=96&d=mm&r=g","contentUrl":"https:\/\/secure.gravatar.com\/avatar\/dde2928154642a13d95f87ddf1ea9718fe2b46760a005c53e41ff5ad610704e6?s=96&d=mm&r=g","caption":"Nexo Informativo"},"url":"https:\/\/www.nexoinformativo.mx\/index.php\/author\/edicion\/"}]}},"_links":{"self":[{"href":"https:\/\/www.nexoinformativo.mx\/index.php\/wp-json\/wp\/v2\/posts\/12488","targetHints":{"allow":["GET"]}}],"collection":[{"href":"https:\/\/www.nexoinformativo.mx\/index.php\/wp-json\/wp\/v2\/posts"}],"about":[{"href":"https:\/\/www.nexoinformativo.mx\/index.php\/wp-json\/wp\/v2\/types\/post"}],"author":[{"embeddable":true,"href":"https:\/\/www.nexoinformativo.mx\/index.php\/wp-json\/wp\/v2\/users\/3"}],"replies":[{"embeddable":true,"href":"https:\/\/www.nexoinformativo.mx\/index.php\/wp-json\/wp\/v2\/comments?post=12488"}],"version-history":[{"count":4,"href":"https:\/\/www.nexoinformativo.mx\/index.php\/wp-json\/wp\/v2\/posts\/12488\/revisions"}],"predecessor-version":[{"id":12493,"href":"https:\/\/www.nexoinformativo.mx\/index.php\/wp-json\/wp\/v2\/posts\/12488\/revisions\/12493"}],"wp:featuredmedia":[{"embeddable":true,"href":"https:\/\/www.nexoinformativo.mx\/index.php\/wp-json\/wp\/v2\/media\/12491"}],"wp:attachment":[{"href":"https:\/\/www.nexoinformativo.mx\/index.php\/wp-json\/wp\/v2\/media?parent=12488"}],"wp:term":[{"taxonomy":"category","embeddable":true,"href":"https:\/\/www.nexoinformativo.mx\/index.php\/wp-json\/wp\/v2\/categories?post=12488"},{"taxonomy":"post_tag","embeddable":true,"href":"https:\/\/www.nexoinformativo.mx\/index.php\/wp-json\/wp\/v2\/tags?post=12488"}],"curies":[{"name":"wp","href":"https:\/\/api.w.org\/{rel}","templated":true}]}}