{"id":12494,"date":"2025-03-07T10:00:55","date_gmt":"2025-03-07T16:00:55","guid":{"rendered":"https:\/\/www.nexoinformativo.mx\/?p=12494"},"modified":"2025-03-07T16:38:04","modified_gmt":"2025-03-07T22:38:04","slug":"marzo-de-poder-femenino-queretaro-celebra-a-la-mujer-con-eventos-estelares","status":"publish","type":"post","link":"https:\/\/www.nexoinformativo.mx\/index.php\/2025\/03\/07\/marzo-de-poder-femenino-queretaro-celebra-a-la-mujer-con-eventos-estelares\/","title":{"rendered":"\u00a1Marzo de poder femenino! Quer\u00e9taro celebra a la mujer con eventos estelares"},"content":{"rendered":"<p style=\"text-align: justify;\" data-sourcepos=\"13:1-13:303\">La Secretar\u00eda de la Mujer de la capital queretana ha preparado un mes lleno de actividades para conmemorar el D\u00eda Internacional de la Mujer, con dos eventos estelares: el reconocimiento a ocho mujeres que han transformado Quer\u00e9taro y una feria con diversas actividades.<\/p>\n<p>&nbsp;<\/p>\n<p style=\"text-align: justify;\" data-sourcepos=\"15:1-15:183\">Vanesa Garfias, titular de la dependencia, inform\u00f3 que el reconocimiento a las mujeres se llevar\u00e1 a cabo el 8 de marzo en el <strong>Centro de las Artes de Quer\u00e9taro<\/strong> (CEART) a las 8:00 horas.<\/p>\n<p>&nbsp;<\/p>\n<p style=\"text-align: justify;\" data-sourcepos=\"17:1-17:185\">El 10 de marzo, se realizar\u00e1 una feria con actividades que incluyen activaci\u00f3n f\u00edsica, conferencias con Martha Kuri y Eufrosina Cruz, y la participaci\u00f3n de la estudiantina de Quer\u00e9taro.<\/p>\n<p>&nbsp;<\/p>\n<p style=\"text-align: justify;\" data-sourcepos=\"19:1-19:233\">Durante todo el mes, se llevar\u00e1n a cabo ferias de empleo para mujeres, conferencias y foros. Adem\u00e1s, se realizan jornadas de libertad financiera en las siete delegaciones, con m\u00f3dulos de atenci\u00f3n para mujeres que enfrentan violencia.<\/p>\n<p>&nbsp;<\/p>\n<p style=\"text-align: center;\" data-sourcepos=\"19:1-19:233\"><em><strong>\u00a1Informaci\u00f3n que transforma!<\/strong><\/em><\/p>\n","protected":false},"excerpt":{"rendered":"<p>La Secretar\u00eda de la Mujer de la capital queretana ha preparado un mes lleno de actividades para conmemorar el D\u00eda Internacional de la Mujer, con dos eventos estelares: el reconocimiento a ocho mujeres que han transformado Quer\u00e9taro y una feria con diversas actividades.<\/p>\n","protected":false},"author":3,"featured_media":12498,"comment_status":"open","ping_status":"open","sticky":false,"template":"","format":"standard","meta":{"footnotes":""},"categories":[42,58],"tags":[3678,1417,3680,3679],"class_list":["post-12494","post","type-post","status-publish","format-standard","has-post-thumbnail","hentry","category-estado","category-ultima-hora","tag-8mqueretaro","tag-empoderamientofemenino","tag-mesdelamujer","tag-mujeresqro"],"yoast_head":"<!-- This site is optimized with the Yoast SEO plugin v25.0 - https:\/\/yoast.com\/wordpress\/plugins\/seo\/ -->\n<title>\u00a1Marzo de poder femenino! Quer\u00e9taro celebra a la mujer con eventos estelares | Nexo Informativo Santiago de Quer\u00e9taro<\/title>\n<meta name=\"description\" content=\"\u00a1Marzo de poder femenino! Quer\u00e9taro celebra a la mujer con eventos estelares\" \/>\n<meta name=\"robots\" content=\"index, follow, max-snippet:-1, max-image-preview:large, max-video-preview:-1\" \/>\n<link rel=\"canonical\" href=\"https:\/\/www.nexoinformativo.mx\/index.php\/2025\/03\/07\/marzo-de-poder-femenino-queretaro-celebra-a-la-mujer-con-eventos-estelares\/\" \/>\n<meta property=\"og:locale\" content=\"es_MX\" \/>\n<meta property=\"og:type\" content=\"article\" \/>\n<meta property=\"og:title\" content=\"\u00a1Marzo de poder femenino! Quer\u00e9taro celebra a la mujer con eventos estelares | Nexo Informativo Santiago de Quer\u00e9taro\" \/>\n<meta property=\"og:description\" content=\"\u00a1Marzo de poder femenino! Quer\u00e9taro celebra a la mujer con eventos estelares\" \/>\n<meta property=\"og:url\" content=\"https:\/\/www.nexoinformativo.mx\/index.php\/2025\/03\/07\/marzo-de-poder-femenino-queretaro-celebra-a-la-mujer-con-eventos-estelares\/\" \/>\n<meta property=\"og:site_name\" content=\"Nexo Informativo Santiago de Quer\u00e9taro\" \/>\n<meta property=\"article:publisher\" content=\"https:\/\/www.facebook.com\/people\/Nexo-Informativo\/61564066885511\/\" \/>\n<meta property=\"article:published_time\" content=\"2025-03-07T16:00:55+00:00\" \/>\n<meta property=\"article:modified_time\" content=\"2025-03-07T22:38:04+00:00\" \/>\n<meta property=\"og:image\" content=\"https:\/\/www.nexoinformativo.mx\/wp-content\/uploads\/2025\/03\/0b9e123e-1ba5-46e6-a3a0-4eef08512c79-e1741387052244.jpg\" \/>\n\t<meta property=\"og:image:width\" content=\"800\" \/>\n\t<meta property=\"og:image:height\" content=\"600\" \/>\n\t<meta property=\"og:image:type\" content=\"image\/jpeg\" \/>\n<meta name=\"author\" content=\"Nexo Informativo\" \/>\n<meta name=\"twitter:card\" content=\"summary_large_image\" \/>\n<meta name=\"twitter:label1\" content=\"Escrito por\" \/>\n\t<meta name=\"twitter:data1\" content=\"Nexo Informativo\" \/>\n\t<meta name=\"twitter:label2\" content=\"Tiempo de lectura\" \/>\n\t<meta name=\"twitter:data2\" content=\"1 minuto\" \/>\n<script type=\"application\/ld+json\" class=\"yoast-schema-graph\">{\"@context\":\"https:\/\/schema.org\",\"@graph\":[{\"@type\":\"Article\",\"@id\":\"https:\/\/www.nexoinformativo.mx\/index.php\/2025\/03\/07\/marzo-de-poder-femenino-queretaro-celebra-a-la-mujer-con-eventos-estelares\/#article\",\"isPartOf\":{\"@id\":\"https:\/\/www.nexoinformativo.mx\/index.php\/2025\/03\/07\/marzo-de-poder-femenino-queretaro-celebra-a-la-mujer-con-eventos-estelares\/\"},\"author\":{\"name\":\"Nexo Informativo\",\"@id\":\"https:\/\/www.nexoinformativo.mx\/#\/schema\/person\/7749d380ba08c8ca00d7bc76fd907b7d\"},\"headline\":\"\u00a1Marzo de poder femenino! Quer\u00e9taro celebra a la mujer con eventos estelares\",\"datePublished\":\"2025-03-07T16:00:55+00:00\",\"dateModified\":\"2025-03-07T22:38:04+00:00\",\"mainEntityOfPage\":{\"@id\":\"https:\/\/www.nexoinformativo.mx\/index.php\/2025\/03\/07\/marzo-de-poder-femenino-queretaro-celebra-a-la-mujer-con-eventos-estelares\/\"},\"wordCount\":172,\"commentCount\":0,\"publisher\":{\"@id\":\"https:\/\/www.nexoinformativo.mx\/#organization\"},\"image\":{\"@id\":\"https:\/\/www.nexoinformativo.mx\/index.php\/2025\/03\/07\/marzo-de-poder-femenino-queretaro-celebra-a-la-mujer-con-eventos-estelares\/#primaryimage\"},\"thumbnailUrl\":\"https:\/\/www.nexoinformativo.mx\/wp-content\/uploads\/2025\/03\/0b9e123e-1ba5-46e6-a3a0-4eef08512c79-e1741387052244.jpg\",\"keywords\":[\"8MQuer\u00e9taro\",\"EmpoderamientoFemenino\",\"MesDeLaMujer\",\"MujeresQro\"],\"articleSection\":[\"Estado\",\"\u00daltima Hora\"],\"inLanguage\":\"es\",\"potentialAction\":[{\"@type\":\"CommentAction\",\"name\":\"Comment\",\"target\":[\"https:\/\/www.nexoinformativo.mx\/index.php\/2025\/03\/07\/marzo-de-poder-femenino-queretaro-celebra-a-la-mujer-con-eventos-estelares\/#respond\"]}]},{\"@type\":\"WebPage\",\"@id\":\"https:\/\/www.nexoinformativo.mx\/index.php\/2025\/03\/07\/marzo-de-poder-femenino-queretaro-celebra-a-la-mujer-con-eventos-estelares\/\",\"url\":\"https:\/\/www.nexoinformativo.mx\/index.php\/2025\/03\/07\/marzo-de-poder-femenino-queretaro-celebra-a-la-mujer-con-eventos-estelares\/\",\"name\":\"\u00a1Marzo de poder femenino! Quer\u00e9taro celebra a la mujer con eventos estelares | Nexo Informativo Santiago de Quer\u00e9taro\",\"isPartOf\":{\"@id\":\"https:\/\/www.nexoinformativo.mx\/#website\"},\"primaryImageOfPage\":{\"@id\":\"https:\/\/www.nexoinformativo.mx\/index.php\/2025\/03\/07\/marzo-de-poder-femenino-queretaro-celebra-a-la-mujer-con-eventos-estelares\/#primaryimage\"},\"image\":{\"@id\":\"https:\/\/www.nexoinformativo.mx\/index.php\/2025\/03\/07\/marzo-de-poder-femenino-queretaro-celebra-a-la-mujer-con-eventos-estelares\/#primaryimage\"},\"thumbnailUrl\":\"https:\/\/www.nexoinformativo.mx\/wp-content\/uploads\/2025\/03\/0b9e123e-1ba5-46e6-a3a0-4eef08512c79-e1741387052244.jpg\",\"datePublished\":\"2025-03-07T16:00:55+00:00\",\"dateModified\":\"2025-03-07T22:38:04+00:00\",\"description\":\"\u00a1Marzo de poder femenino! Quer\u00e9taro celebra a la mujer con eventos estelares\",\"breadcrumb\":{\"@id\":\"https:\/\/www.nexoinformativo.mx\/index.php\/2025\/03\/07\/marzo-de-poder-femenino-queretaro-celebra-a-la-mujer-con-eventos-estelares\/#breadcrumb\"},\"inLanguage\":\"es\",\"potentialAction\":[{\"@type\":\"ReadAction\",\"target\":[\"https:\/\/www.nexoinformativo.mx\/index.php\/2025\/03\/07\/marzo-de-poder-femenino-queretaro-celebra-a-la-mujer-con-eventos-estelares\/\"]}]},{\"@type\":\"ImageObject\",\"inLanguage\":\"es\",\"@id\":\"https:\/\/www.nexoinformativo.mx\/index.php\/2025\/03\/07\/marzo-de-poder-femenino-queretaro-celebra-a-la-mujer-con-eventos-estelares\/#primaryimage\",\"url\":\"https:\/\/www.nexoinformativo.mx\/wp-content\/uploads\/2025\/03\/0b9e123e-1ba5-46e6-a3a0-4eef08512c79-e1741387052244.jpg\",\"contentUrl\":\"https:\/\/www.nexoinformativo.mx\/wp-content\/uploads\/2025\/03\/0b9e123e-1ba5-46e6-a3a0-4eef08512c79-e1741387052244.jpg\",\"width\":800,\"height\":600},{\"@type\":\"BreadcrumbList\",\"@id\":\"https:\/\/www.nexoinformativo.mx\/index.php\/2025\/03\/07\/marzo-de-poder-femenino-queretaro-celebra-a-la-mujer-con-eventos-estelares\/#breadcrumb\",\"itemListElement\":[{\"@type\":\"ListItem\",\"position\":1,\"name\":\"Inicio\",\"item\":\"https:\/\/www.nexoinformativo.mx\/\"},{\"@type\":\"ListItem\",\"position\":2,\"name\":\"\u00a1Marzo de poder femenino! Quer\u00e9taro celebra a la mujer con eventos estelares\"}]},{\"@type\":\"WebSite\",\"@id\":\"https:\/\/www.nexoinformativo.mx\/#website\",\"url\":\"https:\/\/www.nexoinformativo.mx\/\",\"name\":\"Nexo Informativo Santiago de Quer\u00e9taro\",\"description\":\"Explora NexoInformativo y convi\u00e9rtete en parte de una comunidad que valora el conocimiento y la verdad. Tu nexoinformativo es tu puente hacia una comprensi\u00f3n m\u00e1s profunda del mundo que te rodea.\",\"publisher\":{\"@id\":\"https:\/\/www.nexoinformativo.mx\/#organization\"},\"potentialAction\":[{\"@type\":\"SearchAction\",\"target\":{\"@type\":\"EntryPoint\",\"urlTemplate\":\"https:\/\/www.nexoinformativo.mx\/?s={search_term_string}\"},\"query-input\":{\"@type\":\"PropertyValueSpecification\",\"valueRequired\":true,\"valueName\":\"search_term_string\"}}],\"inLanguage\":\"es\"},{\"@type\":\"Organization\",\"@id\":\"https:\/\/www.nexoinformativo.mx\/#organization\",\"name\":\"Nexo Informativo Santiago de Quer\u00e9taro\",\"url\":\"https:\/\/www.nexoinformativo.mx\/\",\"logo\":{\"@type\":\"ImageObject\",\"inLanguage\":\"es\",\"@id\":\"https:\/\/www.nexoinformativo.mx\/#\/schema\/logo\/image\/\",\"url\":\"https:\/\/www.nexoinformativo.mx\/wp-content\/uploads\/2024\/07\/nexoi-trasparente-2.png\",\"contentUrl\":\"https:\/\/www.nexoinformativo.mx\/wp-content\/uploads\/2024\/07\/nexoi-trasparente-2.png\",\"width\":816,\"height\":339,\"caption\":\"Nexo Informativo Santiago de Quer\u00e9taro\"},\"image\":{\"@id\":\"https:\/\/www.nexoinformativo.mx\/#\/schema\/logo\/image\/\"},\"sameAs\":[\"https:\/\/www.facebook.com\/people\/Nexo-Informativo\/61564066885511\/\"]},{\"@type\":\"Person\",\"@id\":\"https:\/\/www.nexoinformativo.mx\/#\/schema\/person\/7749d380ba08c8ca00d7bc76fd907b7d\",\"name\":\"Nexo Informativo\",\"image\":{\"@type\":\"ImageObject\",\"inLanguage\":\"es\",\"@id\":\"https:\/\/www.nexoinformativo.mx\/#\/schema\/person\/image\/\",\"url\":\"https:\/\/secure.gravatar.com\/avatar\/dde2928154642a13d95f87ddf1ea9718fe2b46760a005c53e41ff5ad610704e6?s=96&d=mm&r=g\",\"contentUrl\":\"https:\/\/secure.gravatar.com\/avatar\/dde2928154642a13d95f87ddf1ea9718fe2b46760a005c53e41ff5ad610704e6?s=96&d=mm&r=g\",\"caption\":\"Nexo Informativo\"},\"url\":\"https:\/\/www.nexoinformativo.mx\/index.php\/author\/edicion\/\"}]}<\/script>\n<!-- \/ Yoast SEO plugin. -->","yoast_head_json":{"title":"\u00a1Marzo de poder femenino! Quer\u00e9taro celebra a la mujer con eventos estelares | Nexo Informativo Santiago de Quer\u00e9taro","description":"\u00a1Marzo de poder femenino! Quer\u00e9taro celebra a la mujer con eventos estelares","robots":{"index":"index","follow":"follow","max-snippet":"max-snippet:-1","max-image-preview":"max-image-preview:large","max-video-preview":"max-video-preview:-1"},"canonical":"https:\/\/www.nexoinformativo.mx\/index.php\/2025\/03\/07\/marzo-de-poder-femenino-queretaro-celebra-a-la-mujer-con-eventos-estelares\/","og_locale":"es_MX","og_type":"article","og_title":"\u00a1Marzo de poder femenino! Quer\u00e9taro celebra a la mujer con eventos estelares | Nexo Informativo Santiago de Quer\u00e9taro","og_description":"\u00a1Marzo de poder femenino! Quer\u00e9taro celebra a la mujer con eventos estelares","og_url":"https:\/\/www.nexoinformativo.mx\/index.php\/2025\/03\/07\/marzo-de-poder-femenino-queretaro-celebra-a-la-mujer-con-eventos-estelares\/","og_site_name":"Nexo Informativo Santiago de Quer\u00e9taro","article_publisher":"https:\/\/www.facebook.com\/people\/Nexo-Informativo\/61564066885511\/","article_published_time":"2025-03-07T16:00:55+00:00","article_modified_time":"2025-03-07T22:38:04+00:00","og_image":[{"width":800,"height":600,"url":"https:\/\/www.nexoinformativo.mx\/wp-content\/uploads\/2025\/03\/0b9e123e-1ba5-46e6-a3a0-4eef08512c79-e1741387052244.jpg","type":"image\/jpeg"}],"author":"Nexo Informativo","twitter_card":"summary_large_image","twitter_misc":{"Escrito por":"Nexo Informativo","Tiempo de lectura":"1 minuto"},"schema":{"@context":"https:\/\/schema.org","@graph":[{"@type":"Article","@id":"https:\/\/www.nexoinformativo.mx\/index.php\/2025\/03\/07\/marzo-de-poder-femenino-queretaro-celebra-a-la-mujer-con-eventos-estelares\/#article","isPartOf":{"@id":"https:\/\/www.nexoinformativo.mx\/index.php\/2025\/03\/07\/marzo-de-poder-femenino-queretaro-celebra-a-la-mujer-con-eventos-estelares\/"},"author":{"name":"Nexo Informativo","@id":"https:\/\/www.nexoinformativo.mx\/#\/schema\/person\/7749d380ba08c8ca00d7bc76fd907b7d"},"headline":"\u00a1Marzo de poder femenino! Quer\u00e9taro celebra a la mujer con eventos estelares","datePublished":"2025-03-07T16:00:55+00:00","dateModified":"2025-03-07T22:38:04+00:00","mainEntityOfPage":{"@id":"https:\/\/www.nexoinformativo.mx\/index.php\/2025\/03\/07\/marzo-de-poder-femenino-queretaro-celebra-a-la-mujer-con-eventos-estelares\/"},"wordCount":172,"commentCount":0,"publisher":{"@id":"https:\/\/www.nexoinformativo.mx\/#organization"},"image":{"@id":"https:\/\/www.nexoinformativo.mx\/index.php\/2025\/03\/07\/marzo-de-poder-femenino-queretaro-celebra-a-la-mujer-con-eventos-estelares\/#primaryimage"},"thumbnailUrl":"https:\/\/www.nexoinformativo.mx\/wp-content\/uploads\/2025\/03\/0b9e123e-1ba5-46e6-a3a0-4eef08512c79-e1741387052244.jpg","keywords":["8MQuer\u00e9taro","EmpoderamientoFemenino","MesDeLaMujer","MujeresQro"],"articleSection":["Estado","\u00daltima Hora"],"inLanguage":"es","potentialAction":[{"@type":"CommentAction","name":"Comment","target":["https:\/\/www.nexoinformativo.mx\/index.php\/2025\/03\/07\/marzo-de-poder-femenino-queretaro-celebra-a-la-mujer-con-eventos-estelares\/#respond"]}]},{"@type":"WebPage","@id":"https:\/\/www.nexoinformativo.mx\/index.php\/2025\/03\/07\/marzo-de-poder-femenino-queretaro-celebra-a-la-mujer-con-eventos-estelares\/","url":"https:\/\/www.nexoinformativo.mx\/index.php\/2025\/03\/07\/marzo-de-poder-femenino-queretaro-celebra-a-la-mujer-con-eventos-estelares\/","name":"\u00a1Marzo de poder femenino! Quer\u00e9taro celebra a la mujer con eventos estelares | Nexo Informativo Santiago de Quer\u00e9taro","isPartOf":{"@id":"https:\/\/www.nexoinformativo.mx\/#website"},"primaryImageOfPage":{"@id":"https:\/\/www.nexoinformativo.mx\/index.php\/2025\/03\/07\/marzo-de-poder-femenino-queretaro-celebra-a-la-mujer-con-eventos-estelares\/#primaryimage"},"image":{"@id":"https:\/\/www.nexoinformativo.mx\/index.php\/2025\/03\/07\/marzo-de-poder-femenino-queretaro-celebra-a-la-mujer-con-eventos-estelares\/#primaryimage"},"thumbnailUrl":"https:\/\/www.nexoinformativo.mx\/wp-content\/uploads\/2025\/03\/0b9e123e-1ba5-46e6-a3a0-4eef08512c79-e1741387052244.jpg","datePublished":"2025-03-07T16:00:55+00:00","dateModified":"2025-03-07T22:38:04+00:00","description":"\u00a1Marzo de poder femenino! Quer\u00e9taro celebra a la mujer con eventos estelares","breadcrumb":{"@id":"https:\/\/www.nexoinformativo.mx\/index.php\/2025\/03\/07\/marzo-de-poder-femenino-queretaro-celebra-a-la-mujer-con-eventos-estelares\/#breadcrumb"},"inLanguage":"es","potentialAction":[{"@type":"ReadAction","target":["https:\/\/www.nexoinformativo.mx\/index.php\/2025\/03\/07\/marzo-de-poder-femenino-queretaro-celebra-a-la-mujer-con-eventos-estelares\/"]}]},{"@type":"ImageObject","inLanguage":"es","@id":"https:\/\/www.nexoinformativo.mx\/index.php\/2025\/03\/07\/marzo-de-poder-femenino-queretaro-celebra-a-la-mujer-con-eventos-estelares\/#primaryimage","url":"https:\/\/www.nexoinformativo.mx\/wp-content\/uploads\/2025\/03\/0b9e123e-1ba5-46e6-a3a0-4eef08512c79-e1741387052244.jpg","contentUrl":"https:\/\/www.nexoinformativo.mx\/wp-content\/uploads\/2025\/03\/0b9e123e-1ba5-46e6-a3a0-4eef08512c79-e1741387052244.jpg","width":800,"height":600},{"@type":"BreadcrumbList","@id":"https:\/\/www.nexoinformativo.mx\/index.php\/2025\/03\/07\/marzo-de-poder-femenino-queretaro-celebra-a-la-mujer-con-eventos-estelares\/#breadcrumb","itemListElement":[{"@type":"ListItem","position":1,"name":"Inicio","item":"https:\/\/www.nexoinformativo.mx\/"},{"@type":"ListItem","position":2,"name":"\u00a1Marzo de poder femenino! Quer\u00e9taro celebra a la mujer con eventos estelares"}]},{"@type":"WebSite","@id":"https:\/\/www.nexoinformativo.mx\/#website","url":"https:\/\/www.nexoinformativo.mx\/","name":"Nexo Informativo Santiago de Quer\u00e9taro","description":"Explora NexoInformativo y convi\u00e9rtete en parte de una comunidad que valora el conocimiento y la verdad. Tu nexoinformativo es tu puente hacia una comprensi\u00f3n m\u00e1s profunda del mundo que te rodea.","publisher":{"@id":"https:\/\/www.nexoinformativo.mx\/#organization"},"potentialAction":[{"@type":"SearchAction","target":{"@type":"EntryPoint","urlTemplate":"https:\/\/www.nexoinformativo.mx\/?s={search_term_string}"},"query-input":{"@type":"PropertyValueSpecification","valueRequired":true,"valueName":"search_term_string"}}],"inLanguage":"es"},{"@type":"Organization","@id":"https:\/\/www.nexoinformativo.mx\/#organization","name":"Nexo Informativo Santiago de Quer\u00e9taro","url":"https:\/\/www.nexoinformativo.mx\/","logo":{"@type":"ImageObject","inLanguage":"es","@id":"https:\/\/www.nexoinformativo.mx\/#\/schema\/logo\/image\/","url":"https:\/\/www.nexoinformativo.mx\/wp-content\/uploads\/2024\/07\/nexoi-trasparente-2.png","contentUrl":"https:\/\/www.nexoinformativo.mx\/wp-content\/uploads\/2024\/07\/nexoi-trasparente-2.png","width":816,"height":339,"caption":"Nexo Informativo Santiago de Quer\u00e9taro"},"image":{"@id":"https:\/\/www.nexoinformativo.mx\/#\/schema\/logo\/image\/"},"sameAs":["https:\/\/www.facebook.com\/people\/Nexo-Informativo\/61564066885511\/"]},{"@type":"Person","@id":"https:\/\/www.nexoinformativo.mx\/#\/schema\/person\/7749d380ba08c8ca00d7bc76fd907b7d","name":"Nexo Informativo","image":{"@type":"ImageObject","inLanguage":"es","@id":"https:\/\/www.nexoinformativo.mx\/#\/schema\/person\/image\/","url":"https:\/\/secure.gravatar.com\/avatar\/dde2928154642a13d95f87ddf1ea9718fe2b46760a005c53e41ff5ad610704e6?s=96&d=mm&r=g","contentUrl":"https:\/\/secure.gravatar.com\/avatar\/dde2928154642a13d95f87ddf1ea9718fe2b46760a005c53e41ff5ad610704e6?s=96&d=mm&r=g","caption":"Nexo Informativo"},"url":"https:\/\/www.nexoinformativo.mx\/index.php\/author\/edicion\/"}]}},"_links":{"self":[{"href":"https:\/\/www.nexoinformativo.mx\/index.php\/wp-json\/wp\/v2\/posts\/12494","targetHints":{"allow":["GET"]}}],"collection":[{"href":"https:\/\/www.nexoinformativo.mx\/index.php\/wp-json\/wp\/v2\/posts"}],"about":[{"href":"https:\/\/www.nexoinformativo.mx\/index.php\/wp-json\/wp\/v2\/types\/post"}],"author":[{"embeddable":true,"href":"https:\/\/www.nexoinformativo.mx\/index.php\/wp-json\/wp\/v2\/users\/3"}],"replies":[{"embeddable":true,"href":"https:\/\/www.nexoinformativo.mx\/index.php\/wp-json\/wp\/v2\/comments?post=12494"}],"version-history":[{"count":3,"href":"https:\/\/www.nexoinformativo.mx\/index.php\/wp-json\/wp\/v2\/posts\/12494\/revisions"}],"predecessor-version":[{"id":12499,"href":"https:\/\/www.nexoinformativo.mx\/index.php\/wp-json\/wp\/v2\/posts\/12494\/revisions\/12499"}],"wp:featuredmedia":[{"embeddable":true,"href":"https:\/\/www.nexoinformativo.mx\/index.php\/wp-json\/wp\/v2\/media\/12498"}],"wp:attachment":[{"href":"https:\/\/www.nexoinformativo.mx\/index.php\/wp-json\/wp\/v2\/media?parent=12494"}],"wp:term":[{"taxonomy":"category","embeddable":true,"href":"https:\/\/www.nexoinformativo.mx\/index.php\/wp-json\/wp\/v2\/categories?post=12494"},{"taxonomy":"post_tag","embeddable":true,"href":"https:\/\/www.nexoinformativo.mx\/index.php\/wp-json\/wp\/v2\/tags?post=12494"}],"curies":[{"name":"wp","href":"https:\/\/api.w.org\/{rel}","templated":true}]}}