{"id":12505,"date":"2025-03-07T12:00:39","date_gmt":"2025-03-07T18:00:39","guid":{"rendered":"https:\/\/www.nexoinformativo.mx\/?p=12505"},"modified":"2025-03-07T16:45:33","modified_gmt":"2025-03-07T22:45:33","slug":"mauricio-kuri-elogia-a-sheinbaum-por-acuerdo-arancelario-con-ee-uu-buenas-negociaciones","status":"publish","type":"post","link":"https:\/\/www.nexoinformativo.mx\/index.php\/2025\/03\/07\/mauricio-kuri-elogia-a-sheinbaum-por-acuerdo-arancelario-con-ee-uu-buenas-negociaciones\/","title":{"rendered":"Mauricio Kuri elogia a Sheinbaum por acuerdo arancelario con EE.UU &#8220;Buenas negociaciones&#8221;"},"content":{"rendered":"<p style=\"text-align: justify;\" data-sourcepos=\"13:1-13:285\">El gobernador Mauricio Kuri ha reconocido la labor de la presidenta de M\u00e9xico, Claudia Sheinbaum, y su equipo de trabajo al lograr una segunda negociaci\u00f3n con el gobierno de Estados Unidos, posponiendo la aplicaci\u00f3n de aranceles a productos mexicanos.<\/p>\n<\/p>\n<p>&nbsp;<\/p>\n<p style=\"text-align: justify;\" data-sourcepos=\"15:1-15:347\">Kuri destac\u00f3 las <strong>&#8220;buenas negociaciones&#8221;<\/strong> realizadas por la presidenta y su equipo, y se\u00f1al\u00f3 que est\u00e1 analizando su asistencia a la asamblea del domingo, esto ante el cambio en la modalidad del evento, en el que la mandataria anunciar\u00eda medidas arancelarias y no arancelarias, como respuesta a la imposici\u00f3n de aranceles por parte de Estados Unidos.<\/p>\n<\/p>\n<p>&nbsp;<\/p>\n<p style=\"text-align: justify;\" data-sourcepos=\"17:1-17:152\">El gobernador estim\u00f3 que la decisi\u00f3n del presidente Donald Trump ser\u00e1 la t\u00f3nica de su gesti\u00f3n, caracterizada por amenazas y generaci\u00f3n de incertidumbre.<\/p>\n<\/p>\n<p>&nbsp;<\/p>\n<p style=\"text-align: justify;\" data-sourcepos=\"19:1-19:166\">Mauricio Kuri resalt\u00f3 la importancia de la unidad nacional ante esta situaci\u00f3n, ya que la imposici\u00f3n de aranceles afectar\u00eda empleos, inversiones y empresas en M\u00e9xico.<\/p>\n<\/p>\n<p>&nbsp;<\/p>\n<p style=\"text-align: center;\" data-sourcepos=\"19:1-19:166\"><em><strong>\u00a1Informaci\u00f3n que transforma!<\/strong><\/em><\/p>\n","protected":false},"excerpt":{"rendered":"<p>El gobernador Mauricio Kuri ha reconocido la labor de la presidenta de M\u00e9xico, Claudia Sheinbaum, y su equipo de trabajo al lograr una segunda negociaci\u00f3n con el gobierno de Estados Unidos, posponiendo la aplicaci\u00f3n de aranceles a productos mexicanos.<\/p>\n","protected":false},"author":3,"featured_media":12506,"comment_status":"open","ping_status":"open","sticky":false,"template":"","format":"standard","meta":{"footnotes":""},"categories":[42,58],"tags":[3684,967,3685,661],"class_list":["post-12505","post","type-post","status-publish","format-standard","has-post-thumbnail","hentry","category-estado","category-ultima-hora","tag-arancelesmexico","tag-claudiasheinbaum","tag-comerciomexicoeeuu","tag-mauriciokuri"],"yoast_head":"<!-- This site is optimized with the Yoast SEO plugin v25.0 - https:\/\/yoast.com\/wordpress\/plugins\/seo\/ -->\n<title>Mauricio Kuri elogia a Sheinbaum por acuerdo arancelario con EE.UU &quot;Buenas negociaciones&quot; | Nexo Informativo Santiago de Quer\u00e9taro<\/title>\n<meta name=\"description\" content=\"Mauricio Kuri elogia a Sheinbaum por acuerdo arancelario con EE.UU &quot;Buenas negociaciones&quot;\" \/>\n<meta name=\"robots\" content=\"index, follow, max-snippet:-1, max-image-preview:large, max-video-preview:-1\" \/>\n<link rel=\"canonical\" href=\"https:\/\/www.nexoinformativo.mx\/index.php\/2025\/03\/07\/mauricio-kuri-elogia-a-sheinbaum-por-acuerdo-arancelario-con-ee-uu-buenas-negociaciones\/\" \/>\n<meta property=\"og:locale\" content=\"es_MX\" \/>\n<meta property=\"og:type\" content=\"article\" \/>\n<meta property=\"og:title\" content=\"Mauricio Kuri elogia a Sheinbaum por acuerdo arancelario con EE.UU &quot;Buenas negociaciones&quot; | Nexo Informativo Santiago de Quer\u00e9taro\" \/>\n<meta property=\"og:description\" content=\"Mauricio Kuri elogia a Sheinbaum por acuerdo arancelario con EE.UU &quot;Buenas negociaciones&quot;\" \/>\n<meta property=\"og:url\" content=\"https:\/\/www.nexoinformativo.mx\/index.php\/2025\/03\/07\/mauricio-kuri-elogia-a-sheinbaum-por-acuerdo-arancelario-con-ee-uu-buenas-negociaciones\/\" \/>\n<meta property=\"og:site_name\" content=\"Nexo Informativo Santiago de Quer\u00e9taro\" \/>\n<meta property=\"article:publisher\" content=\"https:\/\/www.facebook.com\/people\/Nexo-Informativo\/61564066885511\/\" \/>\n<meta property=\"article:published_time\" content=\"2025-03-07T18:00:39+00:00\" \/>\n<meta property=\"article:modified_time\" content=\"2025-03-07T22:45:33+00:00\" \/>\n<meta property=\"og:image\" content=\"https:\/\/www.nexoinformativo.mx\/wp-content\/uploads\/2025\/03\/280fdaf9-150d-4f80-a2f6-8a8e8252c28e-e1741387487121.jpg\" \/>\n\t<meta property=\"og:image:width\" content=\"800\" \/>\n\t<meta property=\"og:image:height\" content=\"600\" \/>\n\t<meta property=\"og:image:type\" content=\"image\/jpeg\" \/>\n<meta name=\"author\" content=\"Nexo Informativo\" \/>\n<meta name=\"twitter:card\" content=\"summary_large_image\" \/>\n<meta name=\"twitter:label1\" content=\"Escrito por\" \/>\n\t<meta name=\"twitter:data1\" content=\"Nexo Informativo\" \/>\n\t<meta name=\"twitter:label2\" content=\"Tiempo de lectura\" \/>\n\t<meta name=\"twitter:data2\" content=\"1 minuto\" \/>\n<script type=\"application\/ld+json\" class=\"yoast-schema-graph\">{\"@context\":\"https:\/\/schema.org\",\"@graph\":[{\"@type\":\"Article\",\"@id\":\"https:\/\/www.nexoinformativo.mx\/index.php\/2025\/03\/07\/mauricio-kuri-elogia-a-sheinbaum-por-acuerdo-arancelario-con-ee-uu-buenas-negociaciones\/#article\",\"isPartOf\":{\"@id\":\"https:\/\/www.nexoinformativo.mx\/index.php\/2025\/03\/07\/mauricio-kuri-elogia-a-sheinbaum-por-acuerdo-arancelario-con-ee-uu-buenas-negociaciones\/\"},\"author\":{\"name\":\"Nexo Informativo\",\"@id\":\"https:\/\/www.nexoinformativo.mx\/#\/schema\/person\/7749d380ba08c8ca00d7bc76fd907b7d\"},\"headline\":\"Mauricio Kuri elogia a Sheinbaum por acuerdo arancelario con EE.UU &#8220;Buenas negociaciones&#8221;\",\"datePublished\":\"2025-03-07T18:00:39+00:00\",\"dateModified\":\"2025-03-07T22:45:33+00:00\",\"mainEntityOfPage\":{\"@id\":\"https:\/\/www.nexoinformativo.mx\/index.php\/2025\/03\/07\/mauricio-kuri-elogia-a-sheinbaum-por-acuerdo-arancelario-con-ee-uu-buenas-negociaciones\/\"},\"wordCount\":178,\"commentCount\":0,\"publisher\":{\"@id\":\"https:\/\/www.nexoinformativo.mx\/#organization\"},\"image\":{\"@id\":\"https:\/\/www.nexoinformativo.mx\/index.php\/2025\/03\/07\/mauricio-kuri-elogia-a-sheinbaum-por-acuerdo-arancelario-con-ee-uu-buenas-negociaciones\/#primaryimage\"},\"thumbnailUrl\":\"https:\/\/www.nexoinformativo.mx\/wp-content\/uploads\/2025\/03\/280fdaf9-150d-4f80-a2f6-8a8e8252c28e-e1741387487121.jpg\",\"keywords\":[\"ArancelesM\u00e9xico\",\"ClaudiaSheinbaum\",\"ComercioM\u00e9xicoEEUU\",\"MauricioKuri\"],\"articleSection\":[\"Estado\",\"\u00daltima Hora\"],\"inLanguage\":\"es\",\"potentialAction\":[{\"@type\":\"CommentAction\",\"name\":\"Comment\",\"target\":[\"https:\/\/www.nexoinformativo.mx\/index.php\/2025\/03\/07\/mauricio-kuri-elogia-a-sheinbaum-por-acuerdo-arancelario-con-ee-uu-buenas-negociaciones\/#respond\"]}]},{\"@type\":\"WebPage\",\"@id\":\"https:\/\/www.nexoinformativo.mx\/index.php\/2025\/03\/07\/mauricio-kuri-elogia-a-sheinbaum-por-acuerdo-arancelario-con-ee-uu-buenas-negociaciones\/\",\"url\":\"https:\/\/www.nexoinformativo.mx\/index.php\/2025\/03\/07\/mauricio-kuri-elogia-a-sheinbaum-por-acuerdo-arancelario-con-ee-uu-buenas-negociaciones\/\",\"name\":\"Mauricio Kuri elogia a Sheinbaum por acuerdo arancelario con EE.UU \\\"Buenas negociaciones\\\" | Nexo Informativo Santiago de Quer\u00e9taro\",\"isPartOf\":{\"@id\":\"https:\/\/www.nexoinformativo.mx\/#website\"},\"primaryImageOfPage\":{\"@id\":\"https:\/\/www.nexoinformativo.mx\/index.php\/2025\/03\/07\/mauricio-kuri-elogia-a-sheinbaum-por-acuerdo-arancelario-con-ee-uu-buenas-negociaciones\/#primaryimage\"},\"image\":{\"@id\":\"https:\/\/www.nexoinformativo.mx\/index.php\/2025\/03\/07\/mauricio-kuri-elogia-a-sheinbaum-por-acuerdo-arancelario-con-ee-uu-buenas-negociaciones\/#primaryimage\"},\"thumbnailUrl\":\"https:\/\/www.nexoinformativo.mx\/wp-content\/uploads\/2025\/03\/280fdaf9-150d-4f80-a2f6-8a8e8252c28e-e1741387487121.jpg\",\"datePublished\":\"2025-03-07T18:00:39+00:00\",\"dateModified\":\"2025-03-07T22:45:33+00:00\",\"description\":\"Mauricio Kuri elogia a Sheinbaum por acuerdo arancelario con EE.UU \\\"Buenas negociaciones\\\"\",\"breadcrumb\":{\"@id\":\"https:\/\/www.nexoinformativo.mx\/index.php\/2025\/03\/07\/mauricio-kuri-elogia-a-sheinbaum-por-acuerdo-arancelario-con-ee-uu-buenas-negociaciones\/#breadcrumb\"},\"inLanguage\":\"es\",\"potentialAction\":[{\"@type\":\"ReadAction\",\"target\":[\"https:\/\/www.nexoinformativo.mx\/index.php\/2025\/03\/07\/mauricio-kuri-elogia-a-sheinbaum-por-acuerdo-arancelario-con-ee-uu-buenas-negociaciones\/\"]}]},{\"@type\":\"ImageObject\",\"inLanguage\":\"es\",\"@id\":\"https:\/\/www.nexoinformativo.mx\/index.php\/2025\/03\/07\/mauricio-kuri-elogia-a-sheinbaum-por-acuerdo-arancelario-con-ee-uu-buenas-negociaciones\/#primaryimage\",\"url\":\"https:\/\/www.nexoinformativo.mx\/wp-content\/uploads\/2025\/03\/280fdaf9-150d-4f80-a2f6-8a8e8252c28e-e1741387487121.jpg\",\"contentUrl\":\"https:\/\/www.nexoinformativo.mx\/wp-content\/uploads\/2025\/03\/280fdaf9-150d-4f80-a2f6-8a8e8252c28e-e1741387487121.jpg\",\"width\":800,\"height\":600},{\"@type\":\"BreadcrumbList\",\"@id\":\"https:\/\/www.nexoinformativo.mx\/index.php\/2025\/03\/07\/mauricio-kuri-elogia-a-sheinbaum-por-acuerdo-arancelario-con-ee-uu-buenas-negociaciones\/#breadcrumb\",\"itemListElement\":[{\"@type\":\"ListItem\",\"position\":1,\"name\":\"Inicio\",\"item\":\"https:\/\/www.nexoinformativo.mx\/\"},{\"@type\":\"ListItem\",\"position\":2,\"name\":\"Mauricio Kuri elogia a Sheinbaum por acuerdo arancelario con EE.UU &#8220;Buenas negociaciones&#8221;\"}]},{\"@type\":\"WebSite\",\"@id\":\"https:\/\/www.nexoinformativo.mx\/#website\",\"url\":\"https:\/\/www.nexoinformativo.mx\/\",\"name\":\"Nexo Informativo Santiago de Quer\u00e9taro\",\"description\":\"Explora NexoInformativo y convi\u00e9rtete en parte de una comunidad que valora el conocimiento y la verdad. Tu nexoinformativo es tu puente hacia una comprensi\u00f3n m\u00e1s profunda del mundo que te rodea.\",\"publisher\":{\"@id\":\"https:\/\/www.nexoinformativo.mx\/#organization\"},\"potentialAction\":[{\"@type\":\"SearchAction\",\"target\":{\"@type\":\"EntryPoint\",\"urlTemplate\":\"https:\/\/www.nexoinformativo.mx\/?s={search_term_string}\"},\"query-input\":{\"@type\":\"PropertyValueSpecification\",\"valueRequired\":true,\"valueName\":\"search_term_string\"}}],\"inLanguage\":\"es\"},{\"@type\":\"Organization\",\"@id\":\"https:\/\/www.nexoinformativo.mx\/#organization\",\"name\":\"Nexo Informativo Santiago de Quer\u00e9taro\",\"url\":\"https:\/\/www.nexoinformativo.mx\/\",\"logo\":{\"@type\":\"ImageObject\",\"inLanguage\":\"es\",\"@id\":\"https:\/\/www.nexoinformativo.mx\/#\/schema\/logo\/image\/\",\"url\":\"https:\/\/www.nexoinformativo.mx\/wp-content\/uploads\/2024\/07\/nexoi-trasparente-2.png\",\"contentUrl\":\"https:\/\/www.nexoinformativo.mx\/wp-content\/uploads\/2024\/07\/nexoi-trasparente-2.png\",\"width\":816,\"height\":339,\"caption\":\"Nexo Informativo Santiago de Quer\u00e9taro\"},\"image\":{\"@id\":\"https:\/\/www.nexoinformativo.mx\/#\/schema\/logo\/image\/\"},\"sameAs\":[\"https:\/\/www.facebook.com\/people\/Nexo-Informativo\/61564066885511\/\"]},{\"@type\":\"Person\",\"@id\":\"https:\/\/www.nexoinformativo.mx\/#\/schema\/person\/7749d380ba08c8ca00d7bc76fd907b7d\",\"name\":\"Nexo Informativo\",\"image\":{\"@type\":\"ImageObject\",\"inLanguage\":\"es\",\"@id\":\"https:\/\/www.nexoinformativo.mx\/#\/schema\/person\/image\/\",\"url\":\"https:\/\/secure.gravatar.com\/avatar\/dde2928154642a13d95f87ddf1ea9718fe2b46760a005c53e41ff5ad610704e6?s=96&d=mm&r=g\",\"contentUrl\":\"https:\/\/secure.gravatar.com\/avatar\/dde2928154642a13d95f87ddf1ea9718fe2b46760a005c53e41ff5ad610704e6?s=96&d=mm&r=g\",\"caption\":\"Nexo Informativo\"},\"url\":\"https:\/\/www.nexoinformativo.mx\/index.php\/author\/edicion\/\"}]}<\/script>\n<!-- \/ Yoast SEO plugin. -->","yoast_head_json":{"title":"Mauricio Kuri elogia a Sheinbaum por acuerdo arancelario con EE.UU \"Buenas negociaciones\" | Nexo Informativo Santiago de Quer\u00e9taro","description":"Mauricio Kuri elogia a Sheinbaum por acuerdo arancelario con EE.UU \"Buenas negociaciones\"","robots":{"index":"index","follow":"follow","max-snippet":"max-snippet:-1","max-image-preview":"max-image-preview:large","max-video-preview":"max-video-preview:-1"},"canonical":"https:\/\/www.nexoinformativo.mx\/index.php\/2025\/03\/07\/mauricio-kuri-elogia-a-sheinbaum-por-acuerdo-arancelario-con-ee-uu-buenas-negociaciones\/","og_locale":"es_MX","og_type":"article","og_title":"Mauricio Kuri elogia a Sheinbaum por acuerdo arancelario con EE.UU \"Buenas negociaciones\" | Nexo Informativo Santiago de Quer\u00e9taro","og_description":"Mauricio Kuri elogia a Sheinbaum por acuerdo arancelario con EE.UU \"Buenas negociaciones\"","og_url":"https:\/\/www.nexoinformativo.mx\/index.php\/2025\/03\/07\/mauricio-kuri-elogia-a-sheinbaum-por-acuerdo-arancelario-con-ee-uu-buenas-negociaciones\/","og_site_name":"Nexo Informativo Santiago de Quer\u00e9taro","article_publisher":"https:\/\/www.facebook.com\/people\/Nexo-Informativo\/61564066885511\/","article_published_time":"2025-03-07T18:00:39+00:00","article_modified_time":"2025-03-07T22:45:33+00:00","og_image":[{"width":800,"height":600,"url":"https:\/\/www.nexoinformativo.mx\/wp-content\/uploads\/2025\/03\/280fdaf9-150d-4f80-a2f6-8a8e8252c28e-e1741387487121.jpg","type":"image\/jpeg"}],"author":"Nexo Informativo","twitter_card":"summary_large_image","twitter_misc":{"Escrito por":"Nexo Informativo","Tiempo de lectura":"1 minuto"},"schema":{"@context":"https:\/\/schema.org","@graph":[{"@type":"Article","@id":"https:\/\/www.nexoinformativo.mx\/index.php\/2025\/03\/07\/mauricio-kuri-elogia-a-sheinbaum-por-acuerdo-arancelario-con-ee-uu-buenas-negociaciones\/#article","isPartOf":{"@id":"https:\/\/www.nexoinformativo.mx\/index.php\/2025\/03\/07\/mauricio-kuri-elogia-a-sheinbaum-por-acuerdo-arancelario-con-ee-uu-buenas-negociaciones\/"},"author":{"name":"Nexo Informativo","@id":"https:\/\/www.nexoinformativo.mx\/#\/schema\/person\/7749d380ba08c8ca00d7bc76fd907b7d"},"headline":"Mauricio Kuri elogia a Sheinbaum por acuerdo arancelario con EE.UU &#8220;Buenas negociaciones&#8221;","datePublished":"2025-03-07T18:00:39+00:00","dateModified":"2025-03-07T22:45:33+00:00","mainEntityOfPage":{"@id":"https:\/\/www.nexoinformativo.mx\/index.php\/2025\/03\/07\/mauricio-kuri-elogia-a-sheinbaum-por-acuerdo-arancelario-con-ee-uu-buenas-negociaciones\/"},"wordCount":178,"commentCount":0,"publisher":{"@id":"https:\/\/www.nexoinformativo.mx\/#organization"},"image":{"@id":"https:\/\/www.nexoinformativo.mx\/index.php\/2025\/03\/07\/mauricio-kuri-elogia-a-sheinbaum-por-acuerdo-arancelario-con-ee-uu-buenas-negociaciones\/#primaryimage"},"thumbnailUrl":"https:\/\/www.nexoinformativo.mx\/wp-content\/uploads\/2025\/03\/280fdaf9-150d-4f80-a2f6-8a8e8252c28e-e1741387487121.jpg","keywords":["ArancelesM\u00e9xico","ClaudiaSheinbaum","ComercioM\u00e9xicoEEUU","MauricioKuri"],"articleSection":["Estado","\u00daltima Hora"],"inLanguage":"es","potentialAction":[{"@type":"CommentAction","name":"Comment","target":["https:\/\/www.nexoinformativo.mx\/index.php\/2025\/03\/07\/mauricio-kuri-elogia-a-sheinbaum-por-acuerdo-arancelario-con-ee-uu-buenas-negociaciones\/#respond"]}]},{"@type":"WebPage","@id":"https:\/\/www.nexoinformativo.mx\/index.php\/2025\/03\/07\/mauricio-kuri-elogia-a-sheinbaum-por-acuerdo-arancelario-con-ee-uu-buenas-negociaciones\/","url":"https:\/\/www.nexoinformativo.mx\/index.php\/2025\/03\/07\/mauricio-kuri-elogia-a-sheinbaum-por-acuerdo-arancelario-con-ee-uu-buenas-negociaciones\/","name":"Mauricio Kuri elogia a Sheinbaum por acuerdo arancelario con EE.UU \"Buenas negociaciones\" | Nexo Informativo Santiago de Quer\u00e9taro","isPartOf":{"@id":"https:\/\/www.nexoinformativo.mx\/#website"},"primaryImageOfPage":{"@id":"https:\/\/www.nexoinformativo.mx\/index.php\/2025\/03\/07\/mauricio-kuri-elogia-a-sheinbaum-por-acuerdo-arancelario-con-ee-uu-buenas-negociaciones\/#primaryimage"},"image":{"@id":"https:\/\/www.nexoinformativo.mx\/index.php\/2025\/03\/07\/mauricio-kuri-elogia-a-sheinbaum-por-acuerdo-arancelario-con-ee-uu-buenas-negociaciones\/#primaryimage"},"thumbnailUrl":"https:\/\/www.nexoinformativo.mx\/wp-content\/uploads\/2025\/03\/280fdaf9-150d-4f80-a2f6-8a8e8252c28e-e1741387487121.jpg","datePublished":"2025-03-07T18:00:39+00:00","dateModified":"2025-03-07T22:45:33+00:00","description":"Mauricio Kuri elogia a Sheinbaum por acuerdo arancelario con EE.UU \"Buenas negociaciones\"","breadcrumb":{"@id":"https:\/\/www.nexoinformativo.mx\/index.php\/2025\/03\/07\/mauricio-kuri-elogia-a-sheinbaum-por-acuerdo-arancelario-con-ee-uu-buenas-negociaciones\/#breadcrumb"},"inLanguage":"es","potentialAction":[{"@type":"ReadAction","target":["https:\/\/www.nexoinformativo.mx\/index.php\/2025\/03\/07\/mauricio-kuri-elogia-a-sheinbaum-por-acuerdo-arancelario-con-ee-uu-buenas-negociaciones\/"]}]},{"@type":"ImageObject","inLanguage":"es","@id":"https:\/\/www.nexoinformativo.mx\/index.php\/2025\/03\/07\/mauricio-kuri-elogia-a-sheinbaum-por-acuerdo-arancelario-con-ee-uu-buenas-negociaciones\/#primaryimage","url":"https:\/\/www.nexoinformativo.mx\/wp-content\/uploads\/2025\/03\/280fdaf9-150d-4f80-a2f6-8a8e8252c28e-e1741387487121.jpg","contentUrl":"https:\/\/www.nexoinformativo.mx\/wp-content\/uploads\/2025\/03\/280fdaf9-150d-4f80-a2f6-8a8e8252c28e-e1741387487121.jpg","width":800,"height":600},{"@type":"BreadcrumbList","@id":"https:\/\/www.nexoinformativo.mx\/index.php\/2025\/03\/07\/mauricio-kuri-elogia-a-sheinbaum-por-acuerdo-arancelario-con-ee-uu-buenas-negociaciones\/#breadcrumb","itemListElement":[{"@type":"ListItem","position":1,"name":"Inicio","item":"https:\/\/www.nexoinformativo.mx\/"},{"@type":"ListItem","position":2,"name":"Mauricio Kuri elogia a Sheinbaum por acuerdo arancelario con EE.UU &#8220;Buenas negociaciones&#8221;"}]},{"@type":"WebSite","@id":"https:\/\/www.nexoinformativo.mx\/#website","url":"https:\/\/www.nexoinformativo.mx\/","name":"Nexo Informativo Santiago de Quer\u00e9taro","description":"Explora NexoInformativo y convi\u00e9rtete en parte de una comunidad que valora el conocimiento y la verdad. Tu nexoinformativo es tu puente hacia una comprensi\u00f3n m\u00e1s profunda del mundo que te rodea.","publisher":{"@id":"https:\/\/www.nexoinformativo.mx\/#organization"},"potentialAction":[{"@type":"SearchAction","target":{"@type":"EntryPoint","urlTemplate":"https:\/\/www.nexoinformativo.mx\/?s={search_term_string}"},"query-input":{"@type":"PropertyValueSpecification","valueRequired":true,"valueName":"search_term_string"}}],"inLanguage":"es"},{"@type":"Organization","@id":"https:\/\/www.nexoinformativo.mx\/#organization","name":"Nexo Informativo Santiago de Quer\u00e9taro","url":"https:\/\/www.nexoinformativo.mx\/","logo":{"@type":"ImageObject","inLanguage":"es","@id":"https:\/\/www.nexoinformativo.mx\/#\/schema\/logo\/image\/","url":"https:\/\/www.nexoinformativo.mx\/wp-content\/uploads\/2024\/07\/nexoi-trasparente-2.png","contentUrl":"https:\/\/www.nexoinformativo.mx\/wp-content\/uploads\/2024\/07\/nexoi-trasparente-2.png","width":816,"height":339,"caption":"Nexo Informativo Santiago de Quer\u00e9taro"},"image":{"@id":"https:\/\/www.nexoinformativo.mx\/#\/schema\/logo\/image\/"},"sameAs":["https:\/\/www.facebook.com\/people\/Nexo-Informativo\/61564066885511\/"]},{"@type":"Person","@id":"https:\/\/www.nexoinformativo.mx\/#\/schema\/person\/7749d380ba08c8ca00d7bc76fd907b7d","name":"Nexo Informativo","image":{"@type":"ImageObject","inLanguage":"es","@id":"https:\/\/www.nexoinformativo.mx\/#\/schema\/person\/image\/","url":"https:\/\/secure.gravatar.com\/avatar\/dde2928154642a13d95f87ddf1ea9718fe2b46760a005c53e41ff5ad610704e6?s=96&d=mm&r=g","contentUrl":"https:\/\/secure.gravatar.com\/avatar\/dde2928154642a13d95f87ddf1ea9718fe2b46760a005c53e41ff5ad610704e6?s=96&d=mm&r=g","caption":"Nexo Informativo"},"url":"https:\/\/www.nexoinformativo.mx\/index.php\/author\/edicion\/"}]}},"_links":{"self":[{"href":"https:\/\/www.nexoinformativo.mx\/index.php\/wp-json\/wp\/v2\/posts\/12505","targetHints":{"allow":["GET"]}}],"collection":[{"href":"https:\/\/www.nexoinformativo.mx\/index.php\/wp-json\/wp\/v2\/posts"}],"about":[{"href":"https:\/\/www.nexoinformativo.mx\/index.php\/wp-json\/wp\/v2\/types\/post"}],"author":[{"embeddable":true,"href":"https:\/\/www.nexoinformativo.mx\/index.php\/wp-json\/wp\/v2\/users\/3"}],"replies":[{"embeddable":true,"href":"https:\/\/www.nexoinformativo.mx\/index.php\/wp-json\/wp\/v2\/comments?post=12505"}],"version-history":[{"count":3,"href":"https:\/\/www.nexoinformativo.mx\/index.php\/wp-json\/wp\/v2\/posts\/12505\/revisions"}],"predecessor-version":[{"id":12509,"href":"https:\/\/www.nexoinformativo.mx\/index.php\/wp-json\/wp\/v2\/posts\/12505\/revisions\/12509"}],"wp:featuredmedia":[{"embeddable":true,"href":"https:\/\/www.nexoinformativo.mx\/index.php\/wp-json\/wp\/v2\/media\/12506"}],"wp:attachment":[{"href":"https:\/\/www.nexoinformativo.mx\/index.php\/wp-json\/wp\/v2\/media?parent=12505"}],"wp:term":[{"taxonomy":"category","embeddable":true,"href":"https:\/\/www.nexoinformativo.mx\/index.php\/wp-json\/wp\/v2\/categories?post=12505"},{"taxonomy":"post_tag","embeddable":true,"href":"https:\/\/www.nexoinformativo.mx\/index.php\/wp-json\/wp\/v2\/tags?post=12505"}],"curies":[{"name":"wp","href":"https:\/\/api.w.org\/{rel}","templated":true}]}}