{"id":12510,"date":"2025-03-07T14:00:54","date_gmt":"2025-03-07T20:00:54","guid":{"rendered":"https:\/\/www.nexoinformativo.mx\/?p=12510"},"modified":"2025-03-07T16:50:20","modified_gmt":"2025-03-07T22:50:20","slug":"queretaro-celebra-el-8m-con-foro-sobre-derechos-de-la-mujer","status":"publish","type":"post","link":"https:\/\/www.nexoinformativo.mx\/index.php\/2025\/03\/07\/queretaro-celebra-el-8m-con-foro-sobre-derechos-de-la-mujer\/","title":{"rendered":"Quer\u00e9taro celebra el 8M con foro sobre derechos de la mujer"},"content":{"rendered":"<p style=\"text-align: justify;\" data-sourcepos=\"13:1-13:278\">En el marco del <strong>D\u00eda Internacional de la Mujer<\/strong>, la Secretar\u00eda de las Mujeres de Quer\u00e9taro, encabezada por Sonia Rocha Acosta, llev\u00f3 a cabo el foro <strong>&#8220;Avancemos Juntas&#8221;<\/strong>, un espacio para conmemorar la lucha hist\u00f3rica por los derechos de las mujeres.<\/p>\n<p>&nbsp;<\/p>\n<p style=\"text-align: justify;\" data-sourcepos=\"15:1-15:214\"><strong>&#8220;Este d\u00eda nos recuerda que cada derecho que hoy tenemos es producto de una lucha constante. Nada nos ha sido dado: cada avance ha sido conquistado con esfuerzo, valent\u00eda y determinaci\u00f3n<\/strong>&#8220;, afirm\u00f3 Sonia Rocha.<\/p>\n<p>&nbsp;<\/p>\n<p style=\"text-align: justify;\" data-sourcepos=\"17:1-17:247\">Durante el evento, la secretaria comparti\u00f3 los ejes de acci\u00f3n de la dependencia, enfocados en la erradicaci\u00f3n de la violencia de g\u00e9nero, la transversalizaci\u00f3n de la perspectiva de g\u00e9nero y la autonom\u00eda econ\u00f3mica y desarrollo social de las mujeres.<\/p>\n<p>&nbsp;<\/p>\n<p style=\"text-align: justify;\" data-sourcepos=\"19:1-19:198\">Rocha Acosta destac\u00f3 la importancia de la colaboraci\u00f3n con la sociedad civil, la academia, los medios de comunicaci\u00f3n y las redes de mujeres para cambiar las narrativas que perpet\u00faan la desigualdad.<\/p>\n<p>&nbsp;<\/p>\n<p style=\"text-align: justify;\" data-sourcepos=\"21:1-21:253\">El foro incluy\u00f3 la conferencia <strong>&#8220;8 de marzo: avances y retos para las mujeres de Quer\u00e9taro&#8221;<\/strong>, impartida por Maricela Gastel\u00fa, a la que asistieron funcionarias estatales y municipales, presidentas municipales, diputadas locales e integrantes de colectivas.<\/p>\n<p>&nbsp;<\/p>\n<p style=\"text-align: center;\" data-sourcepos=\"21:1-21:253\"><em><strong>\u00a1Informaci\u00f3n que transforma!<\/strong><\/em><\/p>\n","protected":false},"excerpt":{"rendered":"<p>En el marco del D\u00eda Internacional de la Mujer, la Secretar\u00eda de las Mujeres de Quer\u00e9taro, encabezada por Sonia Rocha Acosta, llev\u00f3 a cabo el foro &#8220;Avancemos Juntas&#8221;, un espacio para conmemorar la lucha hist\u00f3rica por los derechos de las mujeres.<\/p>\n","protected":false},"author":3,"featured_media":12514,"comment_status":"open","ping_status":"open","sticky":false,"template":"","format":"standard","meta":{"footnotes":""},"categories":[42,58],"tags":[3678,3686,456,3679],"class_list":["post-12510","post","type-post","status-publish","format-standard","has-post-thumbnail","hentry","category-estado","category-ultima-hora","tag-8mqueretaro","tag-avancemosjuntas","tag-igualdaddegenero","tag-mujeresqro"],"yoast_head":"<!-- This site is optimized with the Yoast SEO plugin v25.0 - https:\/\/yoast.com\/wordpress\/plugins\/seo\/ -->\n<title>Quer\u00e9taro celebra el 8M con foro sobre derechos de la mujer | Nexo Informativo Santiago de Quer\u00e9taro<\/title>\n<meta name=\"description\" content=\"Quer\u00e9taro celebra el 8M con foro sobre derechos de la mujer\" \/>\n<meta name=\"robots\" content=\"index, follow, max-snippet:-1, max-image-preview:large, max-video-preview:-1\" \/>\n<link rel=\"canonical\" href=\"https:\/\/www.nexoinformativo.mx\/index.php\/2025\/03\/07\/queretaro-celebra-el-8m-con-foro-sobre-derechos-de-la-mujer\/\" \/>\n<meta property=\"og:locale\" content=\"es_MX\" \/>\n<meta property=\"og:type\" content=\"article\" \/>\n<meta property=\"og:title\" content=\"Quer\u00e9taro celebra el 8M con foro sobre derechos de la mujer | Nexo Informativo Santiago de Quer\u00e9taro\" \/>\n<meta property=\"og:description\" content=\"Quer\u00e9taro celebra el 8M con foro sobre derechos de la mujer\" \/>\n<meta property=\"og:url\" content=\"https:\/\/www.nexoinformativo.mx\/index.php\/2025\/03\/07\/queretaro-celebra-el-8m-con-foro-sobre-derechos-de-la-mujer\/\" \/>\n<meta property=\"og:site_name\" content=\"Nexo Informativo Santiago de Quer\u00e9taro\" \/>\n<meta property=\"article:publisher\" content=\"https:\/\/www.facebook.com\/people\/Nexo-Informativo\/61564066885511\/\" \/>\n<meta property=\"article:published_time\" content=\"2025-03-07T20:00:54+00:00\" \/>\n<meta property=\"article:modified_time\" content=\"2025-03-07T22:50:20+00:00\" \/>\n<meta property=\"og:image\" content=\"https:\/\/www.nexoinformativo.mx\/wp-content\/uploads\/2025\/03\/PHOTO-2025-03-07-15-31-08-e1741387807971.jpg\" \/>\n\t<meta property=\"og:image:width\" content=\"700\" \/>\n\t<meta property=\"og:image:height\" content=\"809\" \/>\n\t<meta property=\"og:image:type\" content=\"image\/jpeg\" \/>\n<meta name=\"author\" content=\"Nexo Informativo\" \/>\n<meta name=\"twitter:card\" content=\"summary_large_image\" \/>\n<meta name=\"twitter:label1\" content=\"Escrito por\" \/>\n\t<meta name=\"twitter:data1\" content=\"Nexo Informativo\" \/>\n\t<meta name=\"twitter:label2\" content=\"Tiempo de lectura\" \/>\n\t<meta name=\"twitter:data2\" content=\"2 minutos\" \/>\n<script type=\"application\/ld+json\" class=\"yoast-schema-graph\">{\"@context\":\"https:\/\/schema.org\",\"@graph\":[{\"@type\":\"Article\",\"@id\":\"https:\/\/www.nexoinformativo.mx\/index.php\/2025\/03\/07\/queretaro-celebra-el-8m-con-foro-sobre-derechos-de-la-mujer\/#article\",\"isPartOf\":{\"@id\":\"https:\/\/www.nexoinformativo.mx\/index.php\/2025\/03\/07\/queretaro-celebra-el-8m-con-foro-sobre-derechos-de-la-mujer\/\"},\"author\":{\"name\":\"Nexo Informativo\",\"@id\":\"https:\/\/www.nexoinformativo.mx\/#\/schema\/person\/7749d380ba08c8ca00d7bc76fd907b7d\"},\"headline\":\"Quer\u00e9taro celebra el 8M con foro sobre derechos de la mujer\",\"datePublished\":\"2025-03-07T20:00:54+00:00\",\"dateModified\":\"2025-03-07T22:50:20+00:00\",\"mainEntityOfPage\":{\"@id\":\"https:\/\/www.nexoinformativo.mx\/index.php\/2025\/03\/07\/queretaro-celebra-el-8m-con-foro-sobre-derechos-de-la-mujer\/\"},\"wordCount\":219,\"commentCount\":0,\"publisher\":{\"@id\":\"https:\/\/www.nexoinformativo.mx\/#organization\"},\"image\":{\"@id\":\"https:\/\/www.nexoinformativo.mx\/index.php\/2025\/03\/07\/queretaro-celebra-el-8m-con-foro-sobre-derechos-de-la-mujer\/#primaryimage\"},\"thumbnailUrl\":\"https:\/\/www.nexoinformativo.mx\/wp-content\/uploads\/2025\/03\/PHOTO-2025-03-07-15-31-08-e1741387807971.jpg\",\"keywords\":[\"8MQuer\u00e9taro\",\"AvancemosJuntas\",\"IgualdadDeG\u00e9nero\",\"MujeresQro\"],\"articleSection\":[\"Estado\",\"\u00daltima Hora\"],\"inLanguage\":\"es\",\"potentialAction\":[{\"@type\":\"CommentAction\",\"name\":\"Comment\",\"target\":[\"https:\/\/www.nexoinformativo.mx\/index.php\/2025\/03\/07\/queretaro-celebra-el-8m-con-foro-sobre-derechos-de-la-mujer\/#respond\"]}]},{\"@type\":\"WebPage\",\"@id\":\"https:\/\/www.nexoinformativo.mx\/index.php\/2025\/03\/07\/queretaro-celebra-el-8m-con-foro-sobre-derechos-de-la-mujer\/\",\"url\":\"https:\/\/www.nexoinformativo.mx\/index.php\/2025\/03\/07\/queretaro-celebra-el-8m-con-foro-sobre-derechos-de-la-mujer\/\",\"name\":\"Quer\u00e9taro celebra el 8M con foro sobre derechos de la mujer | Nexo Informativo Santiago de Quer\u00e9taro\",\"isPartOf\":{\"@id\":\"https:\/\/www.nexoinformativo.mx\/#website\"},\"primaryImageOfPage\":{\"@id\":\"https:\/\/www.nexoinformativo.mx\/index.php\/2025\/03\/07\/queretaro-celebra-el-8m-con-foro-sobre-derechos-de-la-mujer\/#primaryimage\"},\"image\":{\"@id\":\"https:\/\/www.nexoinformativo.mx\/index.php\/2025\/03\/07\/queretaro-celebra-el-8m-con-foro-sobre-derechos-de-la-mujer\/#primaryimage\"},\"thumbnailUrl\":\"https:\/\/www.nexoinformativo.mx\/wp-content\/uploads\/2025\/03\/PHOTO-2025-03-07-15-31-08-e1741387807971.jpg\",\"datePublished\":\"2025-03-07T20:00:54+00:00\",\"dateModified\":\"2025-03-07T22:50:20+00:00\",\"description\":\"Quer\u00e9taro celebra el 8M con foro sobre derechos de la mujer\",\"breadcrumb\":{\"@id\":\"https:\/\/www.nexoinformativo.mx\/index.php\/2025\/03\/07\/queretaro-celebra-el-8m-con-foro-sobre-derechos-de-la-mujer\/#breadcrumb\"},\"inLanguage\":\"es\",\"potentialAction\":[{\"@type\":\"ReadAction\",\"target\":[\"https:\/\/www.nexoinformativo.mx\/index.php\/2025\/03\/07\/queretaro-celebra-el-8m-con-foro-sobre-derechos-de-la-mujer\/\"]}]},{\"@type\":\"ImageObject\",\"inLanguage\":\"es\",\"@id\":\"https:\/\/www.nexoinformativo.mx\/index.php\/2025\/03\/07\/queretaro-celebra-el-8m-con-foro-sobre-derechos-de-la-mujer\/#primaryimage\",\"url\":\"https:\/\/www.nexoinformativo.mx\/wp-content\/uploads\/2025\/03\/PHOTO-2025-03-07-15-31-08-e1741387807971.jpg\",\"contentUrl\":\"https:\/\/www.nexoinformativo.mx\/wp-content\/uploads\/2025\/03\/PHOTO-2025-03-07-15-31-08-e1741387807971.jpg\",\"width\":700,\"height\":809},{\"@type\":\"BreadcrumbList\",\"@id\":\"https:\/\/www.nexoinformativo.mx\/index.php\/2025\/03\/07\/queretaro-celebra-el-8m-con-foro-sobre-derechos-de-la-mujer\/#breadcrumb\",\"itemListElement\":[{\"@type\":\"ListItem\",\"position\":1,\"name\":\"Inicio\",\"item\":\"https:\/\/www.nexoinformativo.mx\/\"},{\"@type\":\"ListItem\",\"position\":2,\"name\":\"Quer\u00e9taro celebra el 8M con foro sobre derechos de la mujer\"}]},{\"@type\":\"WebSite\",\"@id\":\"https:\/\/www.nexoinformativo.mx\/#website\",\"url\":\"https:\/\/www.nexoinformativo.mx\/\",\"name\":\"Nexo Informativo Santiago de Quer\u00e9taro\",\"description\":\"Explora NexoInformativo y convi\u00e9rtete en parte de una comunidad que valora el conocimiento y la verdad. Tu nexoinformativo es tu puente hacia una comprensi\u00f3n m\u00e1s profunda del mundo que te rodea.\",\"publisher\":{\"@id\":\"https:\/\/www.nexoinformativo.mx\/#organization\"},\"potentialAction\":[{\"@type\":\"SearchAction\",\"target\":{\"@type\":\"EntryPoint\",\"urlTemplate\":\"https:\/\/www.nexoinformativo.mx\/?s={search_term_string}\"},\"query-input\":{\"@type\":\"PropertyValueSpecification\",\"valueRequired\":true,\"valueName\":\"search_term_string\"}}],\"inLanguage\":\"es\"},{\"@type\":\"Organization\",\"@id\":\"https:\/\/www.nexoinformativo.mx\/#organization\",\"name\":\"Nexo Informativo Santiago de Quer\u00e9taro\",\"url\":\"https:\/\/www.nexoinformativo.mx\/\",\"logo\":{\"@type\":\"ImageObject\",\"inLanguage\":\"es\",\"@id\":\"https:\/\/www.nexoinformativo.mx\/#\/schema\/logo\/image\/\",\"url\":\"https:\/\/www.nexoinformativo.mx\/wp-content\/uploads\/2024\/07\/nexoi-trasparente-2.png\",\"contentUrl\":\"https:\/\/www.nexoinformativo.mx\/wp-content\/uploads\/2024\/07\/nexoi-trasparente-2.png\",\"width\":816,\"height\":339,\"caption\":\"Nexo Informativo Santiago de Quer\u00e9taro\"},\"image\":{\"@id\":\"https:\/\/www.nexoinformativo.mx\/#\/schema\/logo\/image\/\"},\"sameAs\":[\"https:\/\/www.facebook.com\/people\/Nexo-Informativo\/61564066885511\/\"]},{\"@type\":\"Person\",\"@id\":\"https:\/\/www.nexoinformativo.mx\/#\/schema\/person\/7749d380ba08c8ca00d7bc76fd907b7d\",\"name\":\"Nexo Informativo\",\"image\":{\"@type\":\"ImageObject\",\"inLanguage\":\"es\",\"@id\":\"https:\/\/www.nexoinformativo.mx\/#\/schema\/person\/image\/\",\"url\":\"https:\/\/secure.gravatar.com\/avatar\/dde2928154642a13d95f87ddf1ea9718fe2b46760a005c53e41ff5ad610704e6?s=96&d=mm&r=g\",\"contentUrl\":\"https:\/\/secure.gravatar.com\/avatar\/dde2928154642a13d95f87ddf1ea9718fe2b46760a005c53e41ff5ad610704e6?s=96&d=mm&r=g\",\"caption\":\"Nexo Informativo\"},\"url\":\"https:\/\/www.nexoinformativo.mx\/index.php\/author\/edicion\/\"}]}<\/script>\n<!-- \/ Yoast SEO plugin. -->","yoast_head_json":{"title":"Quer\u00e9taro celebra el 8M con foro sobre derechos de la mujer | Nexo Informativo Santiago de Quer\u00e9taro","description":"Quer\u00e9taro celebra el 8M con foro sobre derechos de la mujer","robots":{"index":"index","follow":"follow","max-snippet":"max-snippet:-1","max-image-preview":"max-image-preview:large","max-video-preview":"max-video-preview:-1"},"canonical":"https:\/\/www.nexoinformativo.mx\/index.php\/2025\/03\/07\/queretaro-celebra-el-8m-con-foro-sobre-derechos-de-la-mujer\/","og_locale":"es_MX","og_type":"article","og_title":"Quer\u00e9taro celebra el 8M con foro sobre derechos de la mujer | Nexo Informativo Santiago de Quer\u00e9taro","og_description":"Quer\u00e9taro celebra el 8M con foro sobre derechos de la mujer","og_url":"https:\/\/www.nexoinformativo.mx\/index.php\/2025\/03\/07\/queretaro-celebra-el-8m-con-foro-sobre-derechos-de-la-mujer\/","og_site_name":"Nexo Informativo Santiago de Quer\u00e9taro","article_publisher":"https:\/\/www.facebook.com\/people\/Nexo-Informativo\/61564066885511\/","article_published_time":"2025-03-07T20:00:54+00:00","article_modified_time":"2025-03-07T22:50:20+00:00","og_image":[{"width":700,"height":809,"url":"https:\/\/www.nexoinformativo.mx\/wp-content\/uploads\/2025\/03\/PHOTO-2025-03-07-15-31-08-e1741387807971.jpg","type":"image\/jpeg"}],"author":"Nexo Informativo","twitter_card":"summary_large_image","twitter_misc":{"Escrito por":"Nexo Informativo","Tiempo de lectura":"2 minutos"},"schema":{"@context":"https:\/\/schema.org","@graph":[{"@type":"Article","@id":"https:\/\/www.nexoinformativo.mx\/index.php\/2025\/03\/07\/queretaro-celebra-el-8m-con-foro-sobre-derechos-de-la-mujer\/#article","isPartOf":{"@id":"https:\/\/www.nexoinformativo.mx\/index.php\/2025\/03\/07\/queretaro-celebra-el-8m-con-foro-sobre-derechos-de-la-mujer\/"},"author":{"name":"Nexo Informativo","@id":"https:\/\/www.nexoinformativo.mx\/#\/schema\/person\/7749d380ba08c8ca00d7bc76fd907b7d"},"headline":"Quer\u00e9taro celebra el 8M con foro sobre derechos de la mujer","datePublished":"2025-03-07T20:00:54+00:00","dateModified":"2025-03-07T22:50:20+00:00","mainEntityOfPage":{"@id":"https:\/\/www.nexoinformativo.mx\/index.php\/2025\/03\/07\/queretaro-celebra-el-8m-con-foro-sobre-derechos-de-la-mujer\/"},"wordCount":219,"commentCount":0,"publisher":{"@id":"https:\/\/www.nexoinformativo.mx\/#organization"},"image":{"@id":"https:\/\/www.nexoinformativo.mx\/index.php\/2025\/03\/07\/queretaro-celebra-el-8m-con-foro-sobre-derechos-de-la-mujer\/#primaryimage"},"thumbnailUrl":"https:\/\/www.nexoinformativo.mx\/wp-content\/uploads\/2025\/03\/PHOTO-2025-03-07-15-31-08-e1741387807971.jpg","keywords":["8MQuer\u00e9taro","AvancemosJuntas","IgualdadDeG\u00e9nero","MujeresQro"],"articleSection":["Estado","\u00daltima Hora"],"inLanguage":"es","potentialAction":[{"@type":"CommentAction","name":"Comment","target":["https:\/\/www.nexoinformativo.mx\/index.php\/2025\/03\/07\/queretaro-celebra-el-8m-con-foro-sobre-derechos-de-la-mujer\/#respond"]}]},{"@type":"WebPage","@id":"https:\/\/www.nexoinformativo.mx\/index.php\/2025\/03\/07\/queretaro-celebra-el-8m-con-foro-sobre-derechos-de-la-mujer\/","url":"https:\/\/www.nexoinformativo.mx\/index.php\/2025\/03\/07\/queretaro-celebra-el-8m-con-foro-sobre-derechos-de-la-mujer\/","name":"Quer\u00e9taro celebra el 8M con foro sobre derechos de la mujer | Nexo Informativo Santiago de Quer\u00e9taro","isPartOf":{"@id":"https:\/\/www.nexoinformativo.mx\/#website"},"primaryImageOfPage":{"@id":"https:\/\/www.nexoinformativo.mx\/index.php\/2025\/03\/07\/queretaro-celebra-el-8m-con-foro-sobre-derechos-de-la-mujer\/#primaryimage"},"image":{"@id":"https:\/\/www.nexoinformativo.mx\/index.php\/2025\/03\/07\/queretaro-celebra-el-8m-con-foro-sobre-derechos-de-la-mujer\/#primaryimage"},"thumbnailUrl":"https:\/\/www.nexoinformativo.mx\/wp-content\/uploads\/2025\/03\/PHOTO-2025-03-07-15-31-08-e1741387807971.jpg","datePublished":"2025-03-07T20:00:54+00:00","dateModified":"2025-03-07T22:50:20+00:00","description":"Quer\u00e9taro celebra el 8M con foro sobre derechos de la mujer","breadcrumb":{"@id":"https:\/\/www.nexoinformativo.mx\/index.php\/2025\/03\/07\/queretaro-celebra-el-8m-con-foro-sobre-derechos-de-la-mujer\/#breadcrumb"},"inLanguage":"es","potentialAction":[{"@type":"ReadAction","target":["https:\/\/www.nexoinformativo.mx\/index.php\/2025\/03\/07\/queretaro-celebra-el-8m-con-foro-sobre-derechos-de-la-mujer\/"]}]},{"@type":"ImageObject","inLanguage":"es","@id":"https:\/\/www.nexoinformativo.mx\/index.php\/2025\/03\/07\/queretaro-celebra-el-8m-con-foro-sobre-derechos-de-la-mujer\/#primaryimage","url":"https:\/\/www.nexoinformativo.mx\/wp-content\/uploads\/2025\/03\/PHOTO-2025-03-07-15-31-08-e1741387807971.jpg","contentUrl":"https:\/\/www.nexoinformativo.mx\/wp-content\/uploads\/2025\/03\/PHOTO-2025-03-07-15-31-08-e1741387807971.jpg","width":700,"height":809},{"@type":"BreadcrumbList","@id":"https:\/\/www.nexoinformativo.mx\/index.php\/2025\/03\/07\/queretaro-celebra-el-8m-con-foro-sobre-derechos-de-la-mujer\/#breadcrumb","itemListElement":[{"@type":"ListItem","position":1,"name":"Inicio","item":"https:\/\/www.nexoinformativo.mx\/"},{"@type":"ListItem","position":2,"name":"Quer\u00e9taro celebra el 8M con foro sobre derechos de la mujer"}]},{"@type":"WebSite","@id":"https:\/\/www.nexoinformativo.mx\/#website","url":"https:\/\/www.nexoinformativo.mx\/","name":"Nexo Informativo Santiago de Quer\u00e9taro","description":"Explora NexoInformativo y convi\u00e9rtete en parte de una comunidad que valora el conocimiento y la verdad. Tu nexoinformativo es tu puente hacia una comprensi\u00f3n m\u00e1s profunda del mundo que te rodea.","publisher":{"@id":"https:\/\/www.nexoinformativo.mx\/#organization"},"potentialAction":[{"@type":"SearchAction","target":{"@type":"EntryPoint","urlTemplate":"https:\/\/www.nexoinformativo.mx\/?s={search_term_string}"},"query-input":{"@type":"PropertyValueSpecification","valueRequired":true,"valueName":"search_term_string"}}],"inLanguage":"es"},{"@type":"Organization","@id":"https:\/\/www.nexoinformativo.mx\/#organization","name":"Nexo Informativo Santiago de Quer\u00e9taro","url":"https:\/\/www.nexoinformativo.mx\/","logo":{"@type":"ImageObject","inLanguage":"es","@id":"https:\/\/www.nexoinformativo.mx\/#\/schema\/logo\/image\/","url":"https:\/\/www.nexoinformativo.mx\/wp-content\/uploads\/2024\/07\/nexoi-trasparente-2.png","contentUrl":"https:\/\/www.nexoinformativo.mx\/wp-content\/uploads\/2024\/07\/nexoi-trasparente-2.png","width":816,"height":339,"caption":"Nexo Informativo Santiago de Quer\u00e9taro"},"image":{"@id":"https:\/\/www.nexoinformativo.mx\/#\/schema\/logo\/image\/"},"sameAs":["https:\/\/www.facebook.com\/people\/Nexo-Informativo\/61564066885511\/"]},{"@type":"Person","@id":"https:\/\/www.nexoinformativo.mx\/#\/schema\/person\/7749d380ba08c8ca00d7bc76fd907b7d","name":"Nexo Informativo","image":{"@type":"ImageObject","inLanguage":"es","@id":"https:\/\/www.nexoinformativo.mx\/#\/schema\/person\/image\/","url":"https:\/\/secure.gravatar.com\/avatar\/dde2928154642a13d95f87ddf1ea9718fe2b46760a005c53e41ff5ad610704e6?s=96&d=mm&r=g","contentUrl":"https:\/\/secure.gravatar.com\/avatar\/dde2928154642a13d95f87ddf1ea9718fe2b46760a005c53e41ff5ad610704e6?s=96&d=mm&r=g","caption":"Nexo Informativo"},"url":"https:\/\/www.nexoinformativo.mx\/index.php\/author\/edicion\/"}]}},"_links":{"self":[{"href":"https:\/\/www.nexoinformativo.mx\/index.php\/wp-json\/wp\/v2\/posts\/12510","targetHints":{"allow":["GET"]}}],"collection":[{"href":"https:\/\/www.nexoinformativo.mx\/index.php\/wp-json\/wp\/v2\/posts"}],"about":[{"href":"https:\/\/www.nexoinformativo.mx\/index.php\/wp-json\/wp\/v2\/types\/post"}],"author":[{"embeddable":true,"href":"https:\/\/www.nexoinformativo.mx\/index.php\/wp-json\/wp\/v2\/users\/3"}],"replies":[{"embeddable":true,"href":"https:\/\/www.nexoinformativo.mx\/index.php\/wp-json\/wp\/v2\/comments?post=12510"}],"version-history":[{"count":4,"href":"https:\/\/www.nexoinformativo.mx\/index.php\/wp-json\/wp\/v2\/posts\/12510\/revisions"}],"predecessor-version":[{"id":12513,"href":"https:\/\/www.nexoinformativo.mx\/index.php\/wp-json\/wp\/v2\/posts\/12510\/revisions\/12513"}],"wp:featuredmedia":[{"embeddable":true,"href":"https:\/\/www.nexoinformativo.mx\/index.php\/wp-json\/wp\/v2\/media\/12514"}],"wp:attachment":[{"href":"https:\/\/www.nexoinformativo.mx\/index.php\/wp-json\/wp\/v2\/media?parent=12510"}],"wp:term":[{"taxonomy":"category","embeddable":true,"href":"https:\/\/www.nexoinformativo.mx\/index.php\/wp-json\/wp\/v2\/categories?post=12510"},{"taxonomy":"post_tag","embeddable":true,"href":"https:\/\/www.nexoinformativo.mx\/index.php\/wp-json\/wp\/v2\/tags?post=12510"}],"curies":[{"name":"wp","href":"https:\/\/api.w.org\/{rel}","templated":true}]}}