{"id":12533,"date":"2025-03-10T07:30:45","date_gmt":"2025-03-10T13:30:45","guid":{"rendered":"https:\/\/www.nexoinformativo.mx\/?p=12533"},"modified":"2025-03-10T09:21:21","modified_gmt":"2025-03-10T15:21:21","slug":"concluyo-8m-pacifico-en-queretaro-miles-marchan-con-respeto-a-derechos-humanos","status":"publish","type":"post","link":"https:\/\/www.nexoinformativo.mx\/index.php\/2025\/03\/10\/concluyo-8m-pacifico-en-queretaro-miles-marchan-con-respeto-a-derechos-humanos\/","title":{"rendered":"Concluy\u00f3 8M pac\u00edfico en Quer\u00e9taro miles marchan con respeto a derechos humanos"},"content":{"rendered":"<p style=\"text-align: justify;\" data-sourcepos=\"13:1-13:251\">La manifestaci\u00f3n conmemorativa del <strong>D\u00eda Internacional de la Mujer<\/strong> (8M) transcurri\u00f3 en Quer\u00e9taro con un saldo blanco y un irrestricto respeto a los derechos humanos, seg\u00fan informaron autoridades estatales y municipales.<\/p>\n<\/p>\n<p>&nbsp;<\/p>\n<p style=\"text-align: justify;\" data-sourcepos=\"15:1-15:202\">En apego al Protocolo Nacional para la Atenci\u00f3n y Gesti\u00f3n de la Protesta Pac\u00edfica, se brind\u00f3 acompa\u00f1amiento y asistencia a la marcha que recorri\u00f3 las calles del Centro Hist\u00f3rico de la capital queretana.<\/p>\n<\/p>\n<p>&nbsp;<\/p>\n<p style=\"text-align: justify;\" data-sourcepos=\"17:1-17:215\">Un plan de prevenci\u00f3n, supervisado por la Coordinaci\u00f3n Estatal de Protecci\u00f3n Civil de Quer\u00e9taro (CEPCQ) y la Secretar\u00eda de Gobierno del Estado, permiti\u00f3 que la actividad se desarrollara sin incidentes de relevancia.<\/p>\n<\/p>\n<p>&nbsp;<\/p>\n<p style=\"text-align: justify;\" data-sourcepos=\"19:1-19:166\">La marcha cont\u00f3 con la participaci\u00f3n de aproximadamente 27 mil personas, incluyendo mujeres a pie, danzantes, motociclistas, integrantes de asociaciones y ciudadanas.<\/p>\n<\/p>\n<p>&nbsp;<\/p>\n<p style=\"text-align: justify;\" data-sourcepos=\"21:1-21:297\">El recorrido abarc\u00f3 vialidades como Avenida Zaragoza, Corregidora, Constituyentes, Pasteur, Allende, Independencia, Insurgentes Queretanos y Andador Madero, con concentraciones en puntos como la Alameda Hidalgo, Plaza de Armas, Plaza Constituci\u00f3n, Plaza de los Fundadores, Jard\u00edn Zenea y Guerrero.<\/p>\n<\/p>\n<p>&nbsp;<\/p>\n<p style=\"text-align: justify;\" data-sourcepos=\"23:1-23:180\">Se reportaron atenciones m\u00e9dicas menores, como valoraci\u00f3n de signos vitales, esguinces, dolores musculares y deshidrataci\u00f3n, que fueron atendidas por personal de servicios m\u00e9dicos.<\/p>\n<\/p>\n<p>&nbsp;<\/p>\n<p style=\"text-align: justify;\" data-sourcepos=\"25:1-25:136\">El dispositivo de prevenci\u00f3n y atenci\u00f3n cont\u00f3 con la participaci\u00f3n de Bomberos de Quer\u00e9taro, Kasa Fire, CRUM, CCUM y Cruz Roja Mexicana.<\/p>\n<\/p>\n<p>&nbsp;<\/p>\n<p style=\"text-align: center;\" data-sourcepos=\"25:1-25:136\"><em><strong>\u00a1Informaci\u00f3n que transforma!<\/strong><\/em><\/p>\n","protected":false},"excerpt":{"rendered":"<p>La manifestaci\u00f3n conmemorativa del D\u00eda Internacional de la Mujer (8M) transcurri\u00f3 en Quer\u00e9taro con un saldo blanco y un irrestricto respeto a los derechos humanos, seg\u00fan informaron autoridades estatales y municipales.<\/p>\n","protected":false},"author":3,"featured_media":12535,"comment_status":"open","ping_status":"open","sticky":false,"template":"","format":"standard","meta":{"footnotes":""},"categories":[42,58],"tags":[3678,499,3695,3679],"class_list":["post-12533","post","type-post","status-publish","format-standard","has-post-thumbnail","hentry","category-estado","category-ultima-hora","tag-8mqueretaro","tag-derechoshumanos","tag-marcha8m","tag-mujeresqro"],"yoast_head":"<!-- This site is optimized with the Yoast SEO plugin v25.0 - https:\/\/yoast.com\/wordpress\/plugins\/seo\/ -->\n<title>Concluy\u00f3 8M pac\u00edfico en Quer\u00e9taro miles marchan con respeto a derechos humanos | Nexo Informativo Santiago de Quer\u00e9taro<\/title>\n<meta name=\"description\" content=\"Concluy\u00f3 8M pac\u00edfico en Quer\u00e9taro miles marchan con respeto a derechos humanos\" \/>\n<meta name=\"robots\" content=\"index, follow, max-snippet:-1, max-image-preview:large, max-video-preview:-1\" \/>\n<link rel=\"canonical\" href=\"https:\/\/www.nexoinformativo.mx\/index.php\/2025\/03\/10\/concluyo-8m-pacifico-en-queretaro-miles-marchan-con-respeto-a-derechos-humanos\/\" \/>\n<meta property=\"og:locale\" content=\"es_MX\" \/>\n<meta property=\"og:type\" content=\"article\" \/>\n<meta property=\"og:title\" content=\"Concluy\u00f3 8M pac\u00edfico en Quer\u00e9taro miles marchan con respeto a derechos humanos | Nexo Informativo Santiago de Quer\u00e9taro\" \/>\n<meta property=\"og:description\" content=\"Concluy\u00f3 8M pac\u00edfico en Quer\u00e9taro miles marchan con respeto a derechos humanos\" \/>\n<meta property=\"og:url\" content=\"https:\/\/www.nexoinformativo.mx\/index.php\/2025\/03\/10\/concluyo-8m-pacifico-en-queretaro-miles-marchan-con-respeto-a-derechos-humanos\/\" \/>\n<meta property=\"og:site_name\" content=\"Nexo Informativo Santiago de Quer\u00e9taro\" \/>\n<meta property=\"article:publisher\" content=\"https:\/\/www.facebook.com\/people\/Nexo-Informativo\/61564066885511\/\" \/>\n<meta property=\"article:published_time\" content=\"2025-03-10T13:30:45+00:00\" \/>\n<meta property=\"article:modified_time\" content=\"2025-03-10T15:21:21+00:00\" \/>\n<meta property=\"og:image\" content=\"https:\/\/www.nexoinformativo.mx\/wp-content\/uploads\/2025\/03\/71_273_47243_1028084800_Marcha_8M_14-e1741620043895.jpeg\" \/>\n\t<meta property=\"og:image:width\" content=\"800\" \/>\n\t<meta property=\"og:image:height\" content=\"599\" \/>\n\t<meta property=\"og:image:type\" content=\"image\/jpeg\" \/>\n<meta name=\"author\" content=\"Nexo Informativo\" \/>\n<meta name=\"twitter:card\" content=\"summary_large_image\" \/>\n<meta name=\"twitter:label1\" content=\"Escrito por\" \/>\n\t<meta name=\"twitter:data1\" content=\"Nexo Informativo\" \/>\n\t<meta name=\"twitter:label2\" content=\"Tiempo de lectura\" \/>\n\t<meta name=\"twitter:data2\" content=\"2 minutos\" \/>\n<script type=\"application\/ld+json\" class=\"yoast-schema-graph\">{\"@context\":\"https:\/\/schema.org\",\"@graph\":[{\"@type\":\"Article\",\"@id\":\"https:\/\/www.nexoinformativo.mx\/index.php\/2025\/03\/10\/concluyo-8m-pacifico-en-queretaro-miles-marchan-con-respeto-a-derechos-humanos\/#article\",\"isPartOf\":{\"@id\":\"https:\/\/www.nexoinformativo.mx\/index.php\/2025\/03\/10\/concluyo-8m-pacifico-en-queretaro-miles-marchan-con-respeto-a-derechos-humanos\/\"},\"author\":{\"name\":\"Nexo Informativo\",\"@id\":\"https:\/\/www.nexoinformativo.mx\/#\/schema\/person\/7749d380ba08c8ca00d7bc76fd907b7d\"},\"headline\":\"Concluy\u00f3 8M pac\u00edfico en Quer\u00e9taro miles marchan con respeto a derechos humanos\",\"datePublished\":\"2025-03-10T13:30:45+00:00\",\"dateModified\":\"2025-03-10T15:21:21+00:00\",\"mainEntityOfPage\":{\"@id\":\"https:\/\/www.nexoinformativo.mx\/index.php\/2025\/03\/10\/concluyo-8m-pacifico-en-queretaro-miles-marchan-con-respeto-a-derechos-humanos\/\"},\"wordCount\":250,\"commentCount\":0,\"publisher\":{\"@id\":\"https:\/\/www.nexoinformativo.mx\/#organization\"},\"image\":{\"@id\":\"https:\/\/www.nexoinformativo.mx\/index.php\/2025\/03\/10\/concluyo-8m-pacifico-en-queretaro-miles-marchan-con-respeto-a-derechos-humanos\/#primaryimage\"},\"thumbnailUrl\":\"https:\/\/www.nexoinformativo.mx\/wp-content\/uploads\/2025\/03\/71_273_47243_1028084800_Marcha_8M_14-e1741620043895.jpeg\",\"keywords\":[\"8MQuer\u00e9taro\",\"DerechosHumanos\",\"Marcha8M\",\"MujeresQro\"],\"articleSection\":[\"Estado\",\"\u00daltima Hora\"],\"inLanguage\":\"es\",\"potentialAction\":[{\"@type\":\"CommentAction\",\"name\":\"Comment\",\"target\":[\"https:\/\/www.nexoinformativo.mx\/index.php\/2025\/03\/10\/concluyo-8m-pacifico-en-queretaro-miles-marchan-con-respeto-a-derechos-humanos\/#respond\"]}]},{\"@type\":\"WebPage\",\"@id\":\"https:\/\/www.nexoinformativo.mx\/index.php\/2025\/03\/10\/concluyo-8m-pacifico-en-queretaro-miles-marchan-con-respeto-a-derechos-humanos\/\",\"url\":\"https:\/\/www.nexoinformativo.mx\/index.php\/2025\/03\/10\/concluyo-8m-pacifico-en-queretaro-miles-marchan-con-respeto-a-derechos-humanos\/\",\"name\":\"Concluy\u00f3 8M pac\u00edfico en Quer\u00e9taro miles marchan con respeto a derechos humanos | Nexo Informativo Santiago de Quer\u00e9taro\",\"isPartOf\":{\"@id\":\"https:\/\/www.nexoinformativo.mx\/#website\"},\"primaryImageOfPage\":{\"@id\":\"https:\/\/www.nexoinformativo.mx\/index.php\/2025\/03\/10\/concluyo-8m-pacifico-en-queretaro-miles-marchan-con-respeto-a-derechos-humanos\/#primaryimage\"},\"image\":{\"@id\":\"https:\/\/www.nexoinformativo.mx\/index.php\/2025\/03\/10\/concluyo-8m-pacifico-en-queretaro-miles-marchan-con-respeto-a-derechos-humanos\/#primaryimage\"},\"thumbnailUrl\":\"https:\/\/www.nexoinformativo.mx\/wp-content\/uploads\/2025\/03\/71_273_47243_1028084800_Marcha_8M_14-e1741620043895.jpeg\",\"datePublished\":\"2025-03-10T13:30:45+00:00\",\"dateModified\":\"2025-03-10T15:21:21+00:00\",\"description\":\"Concluy\u00f3 8M pac\u00edfico en Quer\u00e9taro miles marchan con respeto a derechos humanos\",\"breadcrumb\":{\"@id\":\"https:\/\/www.nexoinformativo.mx\/index.php\/2025\/03\/10\/concluyo-8m-pacifico-en-queretaro-miles-marchan-con-respeto-a-derechos-humanos\/#breadcrumb\"},\"inLanguage\":\"es\",\"potentialAction\":[{\"@type\":\"ReadAction\",\"target\":[\"https:\/\/www.nexoinformativo.mx\/index.php\/2025\/03\/10\/concluyo-8m-pacifico-en-queretaro-miles-marchan-con-respeto-a-derechos-humanos\/\"]}]},{\"@type\":\"ImageObject\",\"inLanguage\":\"es\",\"@id\":\"https:\/\/www.nexoinformativo.mx\/index.php\/2025\/03\/10\/concluyo-8m-pacifico-en-queretaro-miles-marchan-con-respeto-a-derechos-humanos\/#primaryimage\",\"url\":\"https:\/\/www.nexoinformativo.mx\/wp-content\/uploads\/2025\/03\/71_273_47243_1028084800_Marcha_8M_14-e1741620043895.jpeg\",\"contentUrl\":\"https:\/\/www.nexoinformativo.mx\/wp-content\/uploads\/2025\/03\/71_273_47243_1028084800_Marcha_8M_14-e1741620043895.jpeg\",\"width\":800,\"height\":599},{\"@type\":\"BreadcrumbList\",\"@id\":\"https:\/\/www.nexoinformativo.mx\/index.php\/2025\/03\/10\/concluyo-8m-pacifico-en-queretaro-miles-marchan-con-respeto-a-derechos-humanos\/#breadcrumb\",\"itemListElement\":[{\"@type\":\"ListItem\",\"position\":1,\"name\":\"Inicio\",\"item\":\"https:\/\/www.nexoinformativo.mx\/\"},{\"@type\":\"ListItem\",\"position\":2,\"name\":\"Concluy\u00f3 8M pac\u00edfico en Quer\u00e9taro miles marchan con respeto a derechos humanos\"}]},{\"@type\":\"WebSite\",\"@id\":\"https:\/\/www.nexoinformativo.mx\/#website\",\"url\":\"https:\/\/www.nexoinformativo.mx\/\",\"name\":\"Nexo Informativo Santiago de Quer\u00e9taro\",\"description\":\"Explora NexoInformativo y convi\u00e9rtete en parte de una comunidad que valora el conocimiento y la verdad. Tu nexoinformativo es tu puente hacia una comprensi\u00f3n m\u00e1s profunda del mundo que te rodea.\",\"publisher\":{\"@id\":\"https:\/\/www.nexoinformativo.mx\/#organization\"},\"potentialAction\":[{\"@type\":\"SearchAction\",\"target\":{\"@type\":\"EntryPoint\",\"urlTemplate\":\"https:\/\/www.nexoinformativo.mx\/?s={search_term_string}\"},\"query-input\":{\"@type\":\"PropertyValueSpecification\",\"valueRequired\":true,\"valueName\":\"search_term_string\"}}],\"inLanguage\":\"es\"},{\"@type\":\"Organization\",\"@id\":\"https:\/\/www.nexoinformativo.mx\/#organization\",\"name\":\"Nexo Informativo Santiago de Quer\u00e9taro\",\"url\":\"https:\/\/www.nexoinformativo.mx\/\",\"logo\":{\"@type\":\"ImageObject\",\"inLanguage\":\"es\",\"@id\":\"https:\/\/www.nexoinformativo.mx\/#\/schema\/logo\/image\/\",\"url\":\"https:\/\/www.nexoinformativo.mx\/wp-content\/uploads\/2024\/07\/nexoi-trasparente-2.png\",\"contentUrl\":\"https:\/\/www.nexoinformativo.mx\/wp-content\/uploads\/2024\/07\/nexoi-trasparente-2.png\",\"width\":816,\"height\":339,\"caption\":\"Nexo Informativo Santiago de Quer\u00e9taro\"},\"image\":{\"@id\":\"https:\/\/www.nexoinformativo.mx\/#\/schema\/logo\/image\/\"},\"sameAs\":[\"https:\/\/www.facebook.com\/people\/Nexo-Informativo\/61564066885511\/\"]},{\"@type\":\"Person\",\"@id\":\"https:\/\/www.nexoinformativo.mx\/#\/schema\/person\/7749d380ba08c8ca00d7bc76fd907b7d\",\"name\":\"Nexo Informativo\",\"image\":{\"@type\":\"ImageObject\",\"inLanguage\":\"es\",\"@id\":\"https:\/\/www.nexoinformativo.mx\/#\/schema\/person\/image\/\",\"url\":\"https:\/\/secure.gravatar.com\/avatar\/dde2928154642a13d95f87ddf1ea9718fe2b46760a005c53e41ff5ad610704e6?s=96&d=mm&r=g\",\"contentUrl\":\"https:\/\/secure.gravatar.com\/avatar\/dde2928154642a13d95f87ddf1ea9718fe2b46760a005c53e41ff5ad610704e6?s=96&d=mm&r=g\",\"caption\":\"Nexo Informativo\"},\"url\":\"https:\/\/www.nexoinformativo.mx\/index.php\/author\/edicion\/\"}]}<\/script>\n<!-- \/ Yoast SEO plugin. -->","yoast_head_json":{"title":"Concluy\u00f3 8M pac\u00edfico en Quer\u00e9taro miles marchan con respeto a derechos humanos | Nexo Informativo Santiago de Quer\u00e9taro","description":"Concluy\u00f3 8M pac\u00edfico en Quer\u00e9taro miles marchan con respeto a derechos humanos","robots":{"index":"index","follow":"follow","max-snippet":"max-snippet:-1","max-image-preview":"max-image-preview:large","max-video-preview":"max-video-preview:-1"},"canonical":"https:\/\/www.nexoinformativo.mx\/index.php\/2025\/03\/10\/concluyo-8m-pacifico-en-queretaro-miles-marchan-con-respeto-a-derechos-humanos\/","og_locale":"es_MX","og_type":"article","og_title":"Concluy\u00f3 8M pac\u00edfico en Quer\u00e9taro miles marchan con respeto a derechos humanos | Nexo Informativo Santiago de Quer\u00e9taro","og_description":"Concluy\u00f3 8M pac\u00edfico en Quer\u00e9taro miles marchan con respeto a derechos humanos","og_url":"https:\/\/www.nexoinformativo.mx\/index.php\/2025\/03\/10\/concluyo-8m-pacifico-en-queretaro-miles-marchan-con-respeto-a-derechos-humanos\/","og_site_name":"Nexo Informativo Santiago de Quer\u00e9taro","article_publisher":"https:\/\/www.facebook.com\/people\/Nexo-Informativo\/61564066885511\/","article_published_time":"2025-03-10T13:30:45+00:00","article_modified_time":"2025-03-10T15:21:21+00:00","og_image":[{"width":800,"height":599,"url":"https:\/\/www.nexoinformativo.mx\/wp-content\/uploads\/2025\/03\/71_273_47243_1028084800_Marcha_8M_14-e1741620043895.jpeg","type":"image\/jpeg"}],"author":"Nexo Informativo","twitter_card":"summary_large_image","twitter_misc":{"Escrito por":"Nexo Informativo","Tiempo de lectura":"2 minutos"},"schema":{"@context":"https:\/\/schema.org","@graph":[{"@type":"Article","@id":"https:\/\/www.nexoinformativo.mx\/index.php\/2025\/03\/10\/concluyo-8m-pacifico-en-queretaro-miles-marchan-con-respeto-a-derechos-humanos\/#article","isPartOf":{"@id":"https:\/\/www.nexoinformativo.mx\/index.php\/2025\/03\/10\/concluyo-8m-pacifico-en-queretaro-miles-marchan-con-respeto-a-derechos-humanos\/"},"author":{"name":"Nexo Informativo","@id":"https:\/\/www.nexoinformativo.mx\/#\/schema\/person\/7749d380ba08c8ca00d7bc76fd907b7d"},"headline":"Concluy\u00f3 8M pac\u00edfico en Quer\u00e9taro miles marchan con respeto a derechos humanos","datePublished":"2025-03-10T13:30:45+00:00","dateModified":"2025-03-10T15:21:21+00:00","mainEntityOfPage":{"@id":"https:\/\/www.nexoinformativo.mx\/index.php\/2025\/03\/10\/concluyo-8m-pacifico-en-queretaro-miles-marchan-con-respeto-a-derechos-humanos\/"},"wordCount":250,"commentCount":0,"publisher":{"@id":"https:\/\/www.nexoinformativo.mx\/#organization"},"image":{"@id":"https:\/\/www.nexoinformativo.mx\/index.php\/2025\/03\/10\/concluyo-8m-pacifico-en-queretaro-miles-marchan-con-respeto-a-derechos-humanos\/#primaryimage"},"thumbnailUrl":"https:\/\/www.nexoinformativo.mx\/wp-content\/uploads\/2025\/03\/71_273_47243_1028084800_Marcha_8M_14-e1741620043895.jpeg","keywords":["8MQuer\u00e9taro","DerechosHumanos","Marcha8M","MujeresQro"],"articleSection":["Estado","\u00daltima Hora"],"inLanguage":"es","potentialAction":[{"@type":"CommentAction","name":"Comment","target":["https:\/\/www.nexoinformativo.mx\/index.php\/2025\/03\/10\/concluyo-8m-pacifico-en-queretaro-miles-marchan-con-respeto-a-derechos-humanos\/#respond"]}]},{"@type":"WebPage","@id":"https:\/\/www.nexoinformativo.mx\/index.php\/2025\/03\/10\/concluyo-8m-pacifico-en-queretaro-miles-marchan-con-respeto-a-derechos-humanos\/","url":"https:\/\/www.nexoinformativo.mx\/index.php\/2025\/03\/10\/concluyo-8m-pacifico-en-queretaro-miles-marchan-con-respeto-a-derechos-humanos\/","name":"Concluy\u00f3 8M pac\u00edfico en Quer\u00e9taro miles marchan con respeto a derechos humanos | Nexo Informativo Santiago de Quer\u00e9taro","isPartOf":{"@id":"https:\/\/www.nexoinformativo.mx\/#website"},"primaryImageOfPage":{"@id":"https:\/\/www.nexoinformativo.mx\/index.php\/2025\/03\/10\/concluyo-8m-pacifico-en-queretaro-miles-marchan-con-respeto-a-derechos-humanos\/#primaryimage"},"image":{"@id":"https:\/\/www.nexoinformativo.mx\/index.php\/2025\/03\/10\/concluyo-8m-pacifico-en-queretaro-miles-marchan-con-respeto-a-derechos-humanos\/#primaryimage"},"thumbnailUrl":"https:\/\/www.nexoinformativo.mx\/wp-content\/uploads\/2025\/03\/71_273_47243_1028084800_Marcha_8M_14-e1741620043895.jpeg","datePublished":"2025-03-10T13:30:45+00:00","dateModified":"2025-03-10T15:21:21+00:00","description":"Concluy\u00f3 8M pac\u00edfico en Quer\u00e9taro miles marchan con respeto a derechos humanos","breadcrumb":{"@id":"https:\/\/www.nexoinformativo.mx\/index.php\/2025\/03\/10\/concluyo-8m-pacifico-en-queretaro-miles-marchan-con-respeto-a-derechos-humanos\/#breadcrumb"},"inLanguage":"es","potentialAction":[{"@type":"ReadAction","target":["https:\/\/www.nexoinformativo.mx\/index.php\/2025\/03\/10\/concluyo-8m-pacifico-en-queretaro-miles-marchan-con-respeto-a-derechos-humanos\/"]}]},{"@type":"ImageObject","inLanguage":"es","@id":"https:\/\/www.nexoinformativo.mx\/index.php\/2025\/03\/10\/concluyo-8m-pacifico-en-queretaro-miles-marchan-con-respeto-a-derechos-humanos\/#primaryimage","url":"https:\/\/www.nexoinformativo.mx\/wp-content\/uploads\/2025\/03\/71_273_47243_1028084800_Marcha_8M_14-e1741620043895.jpeg","contentUrl":"https:\/\/www.nexoinformativo.mx\/wp-content\/uploads\/2025\/03\/71_273_47243_1028084800_Marcha_8M_14-e1741620043895.jpeg","width":800,"height":599},{"@type":"BreadcrumbList","@id":"https:\/\/www.nexoinformativo.mx\/index.php\/2025\/03\/10\/concluyo-8m-pacifico-en-queretaro-miles-marchan-con-respeto-a-derechos-humanos\/#breadcrumb","itemListElement":[{"@type":"ListItem","position":1,"name":"Inicio","item":"https:\/\/www.nexoinformativo.mx\/"},{"@type":"ListItem","position":2,"name":"Concluy\u00f3 8M pac\u00edfico en Quer\u00e9taro miles marchan con respeto a derechos humanos"}]},{"@type":"WebSite","@id":"https:\/\/www.nexoinformativo.mx\/#website","url":"https:\/\/www.nexoinformativo.mx\/","name":"Nexo Informativo Santiago de Quer\u00e9taro","description":"Explora NexoInformativo y convi\u00e9rtete en parte de una comunidad que valora el conocimiento y la verdad. Tu nexoinformativo es tu puente hacia una comprensi\u00f3n m\u00e1s profunda del mundo que te rodea.","publisher":{"@id":"https:\/\/www.nexoinformativo.mx\/#organization"},"potentialAction":[{"@type":"SearchAction","target":{"@type":"EntryPoint","urlTemplate":"https:\/\/www.nexoinformativo.mx\/?s={search_term_string}"},"query-input":{"@type":"PropertyValueSpecification","valueRequired":true,"valueName":"search_term_string"}}],"inLanguage":"es"},{"@type":"Organization","@id":"https:\/\/www.nexoinformativo.mx\/#organization","name":"Nexo Informativo Santiago de Quer\u00e9taro","url":"https:\/\/www.nexoinformativo.mx\/","logo":{"@type":"ImageObject","inLanguage":"es","@id":"https:\/\/www.nexoinformativo.mx\/#\/schema\/logo\/image\/","url":"https:\/\/www.nexoinformativo.mx\/wp-content\/uploads\/2024\/07\/nexoi-trasparente-2.png","contentUrl":"https:\/\/www.nexoinformativo.mx\/wp-content\/uploads\/2024\/07\/nexoi-trasparente-2.png","width":816,"height":339,"caption":"Nexo Informativo Santiago de Quer\u00e9taro"},"image":{"@id":"https:\/\/www.nexoinformativo.mx\/#\/schema\/logo\/image\/"},"sameAs":["https:\/\/www.facebook.com\/people\/Nexo-Informativo\/61564066885511\/"]},{"@type":"Person","@id":"https:\/\/www.nexoinformativo.mx\/#\/schema\/person\/7749d380ba08c8ca00d7bc76fd907b7d","name":"Nexo Informativo","image":{"@type":"ImageObject","inLanguage":"es","@id":"https:\/\/www.nexoinformativo.mx\/#\/schema\/person\/image\/","url":"https:\/\/secure.gravatar.com\/avatar\/dde2928154642a13d95f87ddf1ea9718fe2b46760a005c53e41ff5ad610704e6?s=96&d=mm&r=g","contentUrl":"https:\/\/secure.gravatar.com\/avatar\/dde2928154642a13d95f87ddf1ea9718fe2b46760a005c53e41ff5ad610704e6?s=96&d=mm&r=g","caption":"Nexo Informativo"},"url":"https:\/\/www.nexoinformativo.mx\/index.php\/author\/edicion\/"}]}},"_links":{"self":[{"href":"https:\/\/www.nexoinformativo.mx\/index.php\/wp-json\/wp\/v2\/posts\/12533","targetHints":{"allow":["GET"]}}],"collection":[{"href":"https:\/\/www.nexoinformativo.mx\/index.php\/wp-json\/wp\/v2\/posts"}],"about":[{"href":"https:\/\/www.nexoinformativo.mx\/index.php\/wp-json\/wp\/v2\/types\/post"}],"author":[{"embeddable":true,"href":"https:\/\/www.nexoinformativo.mx\/index.php\/wp-json\/wp\/v2\/users\/3"}],"replies":[{"embeddable":true,"href":"https:\/\/www.nexoinformativo.mx\/index.php\/wp-json\/wp\/v2\/comments?post=12533"}],"version-history":[{"count":4,"href":"https:\/\/www.nexoinformativo.mx\/index.php\/wp-json\/wp\/v2\/posts\/12533\/revisions"}],"predecessor-version":[{"id":12538,"href":"https:\/\/www.nexoinformativo.mx\/index.php\/wp-json\/wp\/v2\/posts\/12533\/revisions\/12538"}],"wp:featuredmedia":[{"embeddable":true,"href":"https:\/\/www.nexoinformativo.mx\/index.php\/wp-json\/wp\/v2\/media\/12535"}],"wp:attachment":[{"href":"https:\/\/www.nexoinformativo.mx\/index.php\/wp-json\/wp\/v2\/media?parent=12533"}],"wp:term":[{"taxonomy":"category","embeddable":true,"href":"https:\/\/www.nexoinformativo.mx\/index.php\/wp-json\/wp\/v2\/categories?post=12533"},{"taxonomy":"post_tag","embeddable":true,"href":"https:\/\/www.nexoinformativo.mx\/index.php\/wp-json\/wp\/v2\/tags?post=12533"}],"curies":[{"name":"wp","href":"https:\/\/api.w.org\/{rel}","templated":true}]}}