{"id":1254,"date":"2024-08-29T11:30:47","date_gmt":"2024-08-29T17:30:47","guid":{"rendered":"https:\/\/www.nexoinformativo.mx\/?p=1254"},"modified":"2024-08-29T12:46:39","modified_gmt":"2024-08-29T18:46:39","slug":"imss-queretaro-realiza-quinta-procuracion-multiorganica-de-2024","status":"publish","type":"post","link":"https:\/\/www.nexoinformativo.mx\/index.php\/2024\/08\/29\/imss-queretaro-realiza-quinta-procuracion-multiorganica-de-2024\/","title":{"rendered":"IMSS Quer\u00e9taro realiza quinta procuraci\u00f3n multiorg\u00e1nica de 2024"},"content":{"rendered":"<p style=\"text-align: justify;\">El Instituto Mexicano del Seguro Social (IMSS) en Quer\u00e9taro llev\u00f3 a cabo la quinta procuraci\u00f3n multiorg\u00e1nica de este 2024 en el Hospital General Regional (HGR) No. 1, gracias al altruismo de la familia de una paciente de 61 a\u00f1os, quien sufri\u00f3 un aneurisma que deriv\u00f3 en muerte encef\u00e1lica. Este acto generoso permiti\u00f3 la donaci\u00f3n de ri\u00f1ones y c\u00f3rneas, beneficiando a pacientes que se encuentran en lista de espera.<\/p>\n<p>&nbsp;<\/p>\n<p style=\"text-align: justify;\">La doctora Irene Garc\u00eda Hern\u00e1ndez, coordinadora de Donaci\u00f3n, Procuraci\u00f3n y Trasplante de \u00d3rganos y Tejidos del HGR No. 1, detall\u00f3 que los ri\u00f1ones fueron trasladados a la Unidad M\u00e9dica de Alta Especialidad (UMAE) del Hospital de Especialidades del Centro M\u00e9dico Nacional (CMN) Siglo XXI, mientras que las c\u00f3rneas se enviaron al Hospital General de Zona (HGZ) No. 50 en San Luis Potos\u00ed. Con esta procuraci\u00f3n, tres pacientes que se encuentran en lista de espera podr\u00e1n recibir un trasplante y mejorar su calidad de vida.<\/p>\n<p>&nbsp;<\/p>\n<p><img loading=\"lazy\" decoding=\"async\" class=\"alignnone size-full wp-image-1243\" src=\"https:\/\/www.nexoinformativo.mx\/wp-content\/uploads\/2024\/08\/PHOTO-2024-08-29-10-19-19-2-e1724954344561.jpg\" alt=\"\" width=\"800\" height=\"533\" srcset=\"https:\/\/www.nexoinformativo.mx\/wp-content\/uploads\/2024\/08\/PHOTO-2024-08-29-10-19-19-2-e1724954344561.jpg 800w, https:\/\/www.nexoinformativo.mx\/wp-content\/uploads\/2024\/08\/PHOTO-2024-08-29-10-19-19-2-e1724954344561-300x200.jpg 300w, https:\/\/www.nexoinformativo.mx\/wp-content\/uploads\/2024\/08\/PHOTO-2024-08-29-10-19-19-2-e1724954344561-768x512.jpg 768w\" sizes=\"auto, (max-width: 800px) 100vw, 800px\" \/><\/p>\n<p>&nbsp;<\/p>\n<p style=\"text-align: justify;\">El IMSS record\u00f3 a la poblaci\u00f3n la importancia de informar a sus familiares si desean ser donadores altruistas, para que, en caso de fallecimiento, puedan autorizar el procedimiento. Las personas interesadas en donar \u00f3rganos pueden consultar el sitio web del Centro Nacional de Trasplantes (CENATRA) o el del IMSS.<\/p>\n<p>&nbsp;<\/p>\n<p style=\"text-align: justify;\">El Seguro Social reafirma su compromiso con la poblaci\u00f3n derechohabiente al brindar servicios de calidad y fomentar la donaci\u00f3n de \u00f3rganos para salvar vidas.<\/p>\n<p>&nbsp;<\/p>\n<p><img loading=\"lazy\" decoding=\"async\" class=\"alignnone size-full wp-image-1242\" src=\"https:\/\/www.nexoinformativo.mx\/wp-content\/uploads\/2024\/08\/PHOTO-2024-08-29-10-19-19-3-e1724954313570.jpg\" alt=\"\" width=\"800\" height=\"533\" srcset=\"https:\/\/www.nexoinformativo.mx\/wp-content\/uploads\/2024\/08\/PHOTO-2024-08-29-10-19-19-3-e1724954313570.jpg 800w, https:\/\/www.nexoinformativo.mx\/wp-content\/uploads\/2024\/08\/PHOTO-2024-08-29-10-19-19-3-e1724954313570-300x200.jpg 300w, https:\/\/www.nexoinformativo.mx\/wp-content\/uploads\/2024\/08\/PHOTO-2024-08-29-10-19-19-3-e1724954313570-768x512.jpg 768w\" sizes=\"auto, (max-width: 800px) 100vw, 800px\" \/><\/p>\n","protected":false},"excerpt":{"rendered":"<p>El Instituto Mexicano del Seguro Social (IMSS) en Quer\u00e9taro llev\u00f3 a cabo la quinta procuraci\u00f3n multiorg\u00e1nica de este 2024 en el Hospital General Regional (HGR) No. 1, gracias al altruismo de la familia de una paciente de 61 a\u00f1os, quien sufri\u00f3 un aneurisma que deriv\u00f3 en muerte encef\u00e1lica. Este acto generoso permiti\u00f3 la donaci\u00f3n de [&hellip;]<\/p>\n","protected":false},"author":3,"featured_media":1241,"comment_status":"open","ping_status":"open","sticky":false,"template":"","format":"standard","meta":{"footnotes":""},"categories":[137],"tags":[326,330,328,329,327],"class_list":["post-1254","post","type-post","status-publish","format-standard","has-post-thumbnail","hentry","category-sucesos","tag-donaciondeorganos","tag-donadoresporlavida","tag-heroesanonimos","tag-procuraciondeorganos","tag-salvavidasimss"],"yoast_head":"<!-- This site is optimized with the Yoast SEO plugin v25.0 - https:\/\/yoast.com\/wordpress\/plugins\/seo\/ -->\n<title>IMSS Quer\u00e9taro realiza quinta procuraci\u00f3n multiorg\u00e1nica de 2024 | Nexo Informativo Santiago de Quer\u00e9taro<\/title>\n<meta name=\"robots\" content=\"index, follow, max-snippet:-1, max-image-preview:large, max-video-preview:-1\" \/>\n<link rel=\"canonical\" href=\"https:\/\/www.nexoinformativo.mx\/index.php\/2024\/08\/29\/imss-queretaro-realiza-quinta-procuracion-multiorganica-de-2024\/\" \/>\n<meta property=\"og:locale\" content=\"es_MX\" \/>\n<meta property=\"og:type\" content=\"article\" \/>\n<meta property=\"og:title\" content=\"IMSS Quer\u00e9taro realiza quinta procuraci\u00f3n multiorg\u00e1nica de 2024 | Nexo Informativo Santiago de Quer\u00e9taro\" \/>\n<meta property=\"og:description\" content=\"El Instituto Mexicano del Seguro Social (IMSS) en Quer\u00e9taro llev\u00f3 a cabo la quinta procuraci\u00f3n multiorg\u00e1nica de este 2024 en el Hospital General Regional (HGR) No. 1, gracias al altruismo de la familia de una paciente de 61 a\u00f1os, quien sufri\u00f3 un aneurisma que deriv\u00f3 en muerte encef\u00e1lica. Este acto generoso permiti\u00f3 la donaci\u00f3n de [&hellip;]\" \/>\n<meta property=\"og:url\" content=\"https:\/\/www.nexoinformativo.mx\/index.php\/2024\/08\/29\/imss-queretaro-realiza-quinta-procuracion-multiorganica-de-2024\/\" \/>\n<meta property=\"og:site_name\" content=\"Nexo Informativo Santiago de Quer\u00e9taro\" \/>\n<meta property=\"article:publisher\" content=\"https:\/\/www.facebook.com\/people\/Nexo-Informativo\/61564066885511\/\" \/>\n<meta property=\"article:published_time\" content=\"2024-08-29T17:30:47+00:00\" \/>\n<meta property=\"article:modified_time\" content=\"2024-08-29T18:46:39+00:00\" \/>\n<meta property=\"og:image\" content=\"https:\/\/www.nexoinformativo.mx\/wp-content\/uploads\/2024\/08\/PHOTO-2024-08-29-10-19-19-e1724954257300.jpg\" \/>\n\t<meta property=\"og:image:width\" content=\"800\" \/>\n\t<meta property=\"og:image:height\" content=\"533\" \/>\n\t<meta property=\"og:image:type\" content=\"image\/jpeg\" \/>\n<meta name=\"author\" content=\"Nexo Informativo\" \/>\n<meta name=\"twitter:card\" content=\"summary_large_image\" \/>\n<meta name=\"twitter:label1\" content=\"Escrito por\" \/>\n\t<meta name=\"twitter:data1\" content=\"Nexo Informativo\" \/>\n\t<meta name=\"twitter:label2\" content=\"Tiempo de lectura\" \/>\n\t<meta name=\"twitter:data2\" content=\"2 minutos\" \/>\n<script type=\"application\/ld+json\" class=\"yoast-schema-graph\">{\"@context\":\"https:\/\/schema.org\",\"@graph\":[{\"@type\":\"Article\",\"@id\":\"https:\/\/www.nexoinformativo.mx\/index.php\/2024\/08\/29\/imss-queretaro-realiza-quinta-procuracion-multiorganica-de-2024\/#article\",\"isPartOf\":{\"@id\":\"https:\/\/www.nexoinformativo.mx\/index.php\/2024\/08\/29\/imss-queretaro-realiza-quinta-procuracion-multiorganica-de-2024\/\"},\"author\":{\"name\":\"Nexo Informativo\",\"@id\":\"https:\/\/www.nexoinformativo.mx\/#\/schema\/person\/7749d380ba08c8ca00d7bc76fd907b7d\"},\"headline\":\"IMSS Quer\u00e9taro realiza quinta procuraci\u00f3n multiorg\u00e1nica de 2024\",\"datePublished\":\"2024-08-29T17:30:47+00:00\",\"dateModified\":\"2024-08-29T18:46:39+00:00\",\"mainEntityOfPage\":{\"@id\":\"https:\/\/www.nexoinformativo.mx\/index.php\/2024\/08\/29\/imss-queretaro-realiza-quinta-procuracion-multiorganica-de-2024\/\"},\"wordCount\":256,\"commentCount\":0,\"publisher\":{\"@id\":\"https:\/\/www.nexoinformativo.mx\/#organization\"},\"image\":{\"@id\":\"https:\/\/www.nexoinformativo.mx\/index.php\/2024\/08\/29\/imss-queretaro-realiza-quinta-procuracion-multiorganica-de-2024\/#primaryimage\"},\"thumbnailUrl\":\"https:\/\/www.nexoinformativo.mx\/wp-content\/uploads\/2024\/08\/PHOTO-2024-08-29-10-19-19-e1724954257300.jpg\",\"keywords\":[\"Donaci\u00f3nDe\u00d3rganos\",\"DonadoresPorLaVida\",\"H\u00e9roesAn\u00f3nimos\",\"Procuraci\u00f3nDe\u00d3rganos\",\"SalvaVidasIMSS\"],\"articleSection\":[\"Sucesos\"],\"inLanguage\":\"es\",\"potentialAction\":[{\"@type\":\"CommentAction\",\"name\":\"Comment\",\"target\":[\"https:\/\/www.nexoinformativo.mx\/index.php\/2024\/08\/29\/imss-queretaro-realiza-quinta-procuracion-multiorganica-de-2024\/#respond\"]}]},{\"@type\":\"WebPage\",\"@id\":\"https:\/\/www.nexoinformativo.mx\/index.php\/2024\/08\/29\/imss-queretaro-realiza-quinta-procuracion-multiorganica-de-2024\/\",\"url\":\"https:\/\/www.nexoinformativo.mx\/index.php\/2024\/08\/29\/imss-queretaro-realiza-quinta-procuracion-multiorganica-de-2024\/\",\"name\":\"IMSS Quer\u00e9taro realiza quinta procuraci\u00f3n multiorg\u00e1nica de 2024 | Nexo Informativo Santiago de Quer\u00e9taro\",\"isPartOf\":{\"@id\":\"https:\/\/www.nexoinformativo.mx\/#website\"},\"primaryImageOfPage\":{\"@id\":\"https:\/\/www.nexoinformativo.mx\/index.php\/2024\/08\/29\/imss-queretaro-realiza-quinta-procuracion-multiorganica-de-2024\/#primaryimage\"},\"image\":{\"@id\":\"https:\/\/www.nexoinformativo.mx\/index.php\/2024\/08\/29\/imss-queretaro-realiza-quinta-procuracion-multiorganica-de-2024\/#primaryimage\"},\"thumbnailUrl\":\"https:\/\/www.nexoinformativo.mx\/wp-content\/uploads\/2024\/08\/PHOTO-2024-08-29-10-19-19-e1724954257300.jpg\",\"datePublished\":\"2024-08-29T17:30:47+00:00\",\"dateModified\":\"2024-08-29T18:46:39+00:00\",\"breadcrumb\":{\"@id\":\"https:\/\/www.nexoinformativo.mx\/index.php\/2024\/08\/29\/imss-queretaro-realiza-quinta-procuracion-multiorganica-de-2024\/#breadcrumb\"},\"inLanguage\":\"es\",\"potentialAction\":[{\"@type\":\"ReadAction\",\"target\":[\"https:\/\/www.nexoinformativo.mx\/index.php\/2024\/08\/29\/imss-queretaro-realiza-quinta-procuracion-multiorganica-de-2024\/\"]}]},{\"@type\":\"ImageObject\",\"inLanguage\":\"es\",\"@id\":\"https:\/\/www.nexoinformativo.mx\/index.php\/2024\/08\/29\/imss-queretaro-realiza-quinta-procuracion-multiorganica-de-2024\/#primaryimage\",\"url\":\"https:\/\/www.nexoinformativo.mx\/wp-content\/uploads\/2024\/08\/PHOTO-2024-08-29-10-19-19-e1724954257300.jpg\",\"contentUrl\":\"https:\/\/www.nexoinformativo.mx\/wp-content\/uploads\/2024\/08\/PHOTO-2024-08-29-10-19-19-e1724954257300.jpg\",\"width\":800,\"height\":533},{\"@type\":\"BreadcrumbList\",\"@id\":\"https:\/\/www.nexoinformativo.mx\/index.php\/2024\/08\/29\/imss-queretaro-realiza-quinta-procuracion-multiorganica-de-2024\/#breadcrumb\",\"itemListElement\":[{\"@type\":\"ListItem\",\"position\":1,\"name\":\"Inicio\",\"item\":\"https:\/\/www.nexoinformativo.mx\/\"},{\"@type\":\"ListItem\",\"position\":2,\"name\":\"IMSS Quer\u00e9taro realiza quinta procuraci\u00f3n multiorg\u00e1nica de 2024\"}]},{\"@type\":\"WebSite\",\"@id\":\"https:\/\/www.nexoinformativo.mx\/#website\",\"url\":\"https:\/\/www.nexoinformativo.mx\/\",\"name\":\"Nexo Informativo Santiago de Quer\u00e9taro\",\"description\":\"Explora NexoInformativo y convi\u00e9rtete en parte de una comunidad que valora el conocimiento y la verdad. Tu nexoinformativo es tu puente hacia una comprensi\u00f3n m\u00e1s profunda del mundo que te rodea.\",\"publisher\":{\"@id\":\"https:\/\/www.nexoinformativo.mx\/#organization\"},\"potentialAction\":[{\"@type\":\"SearchAction\",\"target\":{\"@type\":\"EntryPoint\",\"urlTemplate\":\"https:\/\/www.nexoinformativo.mx\/?s={search_term_string}\"},\"query-input\":{\"@type\":\"PropertyValueSpecification\",\"valueRequired\":true,\"valueName\":\"search_term_string\"}}],\"inLanguage\":\"es\"},{\"@type\":\"Organization\",\"@id\":\"https:\/\/www.nexoinformativo.mx\/#organization\",\"name\":\"Nexo Informativo Santiago de Quer\u00e9taro\",\"url\":\"https:\/\/www.nexoinformativo.mx\/\",\"logo\":{\"@type\":\"ImageObject\",\"inLanguage\":\"es\",\"@id\":\"https:\/\/www.nexoinformativo.mx\/#\/schema\/logo\/image\/\",\"url\":\"https:\/\/www.nexoinformativo.mx\/wp-content\/uploads\/2024\/07\/nexoi-trasparente-2.png\",\"contentUrl\":\"https:\/\/www.nexoinformativo.mx\/wp-content\/uploads\/2024\/07\/nexoi-trasparente-2.png\",\"width\":816,\"height\":339,\"caption\":\"Nexo Informativo Santiago de Quer\u00e9taro\"},\"image\":{\"@id\":\"https:\/\/www.nexoinformativo.mx\/#\/schema\/logo\/image\/\"},\"sameAs\":[\"https:\/\/www.facebook.com\/people\/Nexo-Informativo\/61564066885511\/\"]},{\"@type\":\"Person\",\"@id\":\"https:\/\/www.nexoinformativo.mx\/#\/schema\/person\/7749d380ba08c8ca00d7bc76fd907b7d\",\"name\":\"Nexo Informativo\",\"image\":{\"@type\":\"ImageObject\",\"inLanguage\":\"es\",\"@id\":\"https:\/\/www.nexoinformativo.mx\/#\/schema\/person\/image\/\",\"url\":\"https:\/\/secure.gravatar.com\/avatar\/dde2928154642a13d95f87ddf1ea9718fe2b46760a005c53e41ff5ad610704e6?s=96&d=mm&r=g\",\"contentUrl\":\"https:\/\/secure.gravatar.com\/avatar\/dde2928154642a13d95f87ddf1ea9718fe2b46760a005c53e41ff5ad610704e6?s=96&d=mm&r=g\",\"caption\":\"Nexo Informativo\"},\"url\":\"https:\/\/www.nexoinformativo.mx\/index.php\/author\/edicion\/\"}]}<\/script>\n<!-- \/ Yoast SEO plugin. -->","yoast_head_json":{"title":"IMSS Quer\u00e9taro realiza quinta procuraci\u00f3n multiorg\u00e1nica de 2024 | Nexo Informativo Santiago de Quer\u00e9taro","robots":{"index":"index","follow":"follow","max-snippet":"max-snippet:-1","max-image-preview":"max-image-preview:large","max-video-preview":"max-video-preview:-1"},"canonical":"https:\/\/www.nexoinformativo.mx\/index.php\/2024\/08\/29\/imss-queretaro-realiza-quinta-procuracion-multiorganica-de-2024\/","og_locale":"es_MX","og_type":"article","og_title":"IMSS Quer\u00e9taro realiza quinta procuraci\u00f3n multiorg\u00e1nica de 2024 | Nexo Informativo Santiago de Quer\u00e9taro","og_description":"El Instituto Mexicano del Seguro Social (IMSS) en Quer\u00e9taro llev\u00f3 a cabo la quinta procuraci\u00f3n multiorg\u00e1nica de este 2024 en el Hospital General Regional (HGR) No. 1, gracias al altruismo de la familia de una paciente de 61 a\u00f1os, quien sufri\u00f3 un aneurisma que deriv\u00f3 en muerte encef\u00e1lica. Este acto generoso permiti\u00f3 la donaci\u00f3n de [&hellip;]","og_url":"https:\/\/www.nexoinformativo.mx\/index.php\/2024\/08\/29\/imss-queretaro-realiza-quinta-procuracion-multiorganica-de-2024\/","og_site_name":"Nexo Informativo Santiago de Quer\u00e9taro","article_publisher":"https:\/\/www.facebook.com\/people\/Nexo-Informativo\/61564066885511\/","article_published_time":"2024-08-29T17:30:47+00:00","article_modified_time":"2024-08-29T18:46:39+00:00","og_image":[{"width":800,"height":533,"url":"https:\/\/www.nexoinformativo.mx\/wp-content\/uploads\/2024\/08\/PHOTO-2024-08-29-10-19-19-e1724954257300.jpg","type":"image\/jpeg"}],"author":"Nexo Informativo","twitter_card":"summary_large_image","twitter_misc":{"Escrito por":"Nexo Informativo","Tiempo de lectura":"2 minutos"},"schema":{"@context":"https:\/\/schema.org","@graph":[{"@type":"Article","@id":"https:\/\/www.nexoinformativo.mx\/index.php\/2024\/08\/29\/imss-queretaro-realiza-quinta-procuracion-multiorganica-de-2024\/#article","isPartOf":{"@id":"https:\/\/www.nexoinformativo.mx\/index.php\/2024\/08\/29\/imss-queretaro-realiza-quinta-procuracion-multiorganica-de-2024\/"},"author":{"name":"Nexo Informativo","@id":"https:\/\/www.nexoinformativo.mx\/#\/schema\/person\/7749d380ba08c8ca00d7bc76fd907b7d"},"headline":"IMSS Quer\u00e9taro realiza quinta procuraci\u00f3n multiorg\u00e1nica de 2024","datePublished":"2024-08-29T17:30:47+00:00","dateModified":"2024-08-29T18:46:39+00:00","mainEntityOfPage":{"@id":"https:\/\/www.nexoinformativo.mx\/index.php\/2024\/08\/29\/imss-queretaro-realiza-quinta-procuracion-multiorganica-de-2024\/"},"wordCount":256,"commentCount":0,"publisher":{"@id":"https:\/\/www.nexoinformativo.mx\/#organization"},"image":{"@id":"https:\/\/www.nexoinformativo.mx\/index.php\/2024\/08\/29\/imss-queretaro-realiza-quinta-procuracion-multiorganica-de-2024\/#primaryimage"},"thumbnailUrl":"https:\/\/www.nexoinformativo.mx\/wp-content\/uploads\/2024\/08\/PHOTO-2024-08-29-10-19-19-e1724954257300.jpg","keywords":["Donaci\u00f3nDe\u00d3rganos","DonadoresPorLaVida","H\u00e9roesAn\u00f3nimos","Procuraci\u00f3nDe\u00d3rganos","SalvaVidasIMSS"],"articleSection":["Sucesos"],"inLanguage":"es","potentialAction":[{"@type":"CommentAction","name":"Comment","target":["https:\/\/www.nexoinformativo.mx\/index.php\/2024\/08\/29\/imss-queretaro-realiza-quinta-procuracion-multiorganica-de-2024\/#respond"]}]},{"@type":"WebPage","@id":"https:\/\/www.nexoinformativo.mx\/index.php\/2024\/08\/29\/imss-queretaro-realiza-quinta-procuracion-multiorganica-de-2024\/","url":"https:\/\/www.nexoinformativo.mx\/index.php\/2024\/08\/29\/imss-queretaro-realiza-quinta-procuracion-multiorganica-de-2024\/","name":"IMSS Quer\u00e9taro realiza quinta procuraci\u00f3n multiorg\u00e1nica de 2024 | Nexo Informativo Santiago de Quer\u00e9taro","isPartOf":{"@id":"https:\/\/www.nexoinformativo.mx\/#website"},"primaryImageOfPage":{"@id":"https:\/\/www.nexoinformativo.mx\/index.php\/2024\/08\/29\/imss-queretaro-realiza-quinta-procuracion-multiorganica-de-2024\/#primaryimage"},"image":{"@id":"https:\/\/www.nexoinformativo.mx\/index.php\/2024\/08\/29\/imss-queretaro-realiza-quinta-procuracion-multiorganica-de-2024\/#primaryimage"},"thumbnailUrl":"https:\/\/www.nexoinformativo.mx\/wp-content\/uploads\/2024\/08\/PHOTO-2024-08-29-10-19-19-e1724954257300.jpg","datePublished":"2024-08-29T17:30:47+00:00","dateModified":"2024-08-29T18:46:39+00:00","breadcrumb":{"@id":"https:\/\/www.nexoinformativo.mx\/index.php\/2024\/08\/29\/imss-queretaro-realiza-quinta-procuracion-multiorganica-de-2024\/#breadcrumb"},"inLanguage":"es","potentialAction":[{"@type":"ReadAction","target":["https:\/\/www.nexoinformativo.mx\/index.php\/2024\/08\/29\/imss-queretaro-realiza-quinta-procuracion-multiorganica-de-2024\/"]}]},{"@type":"ImageObject","inLanguage":"es","@id":"https:\/\/www.nexoinformativo.mx\/index.php\/2024\/08\/29\/imss-queretaro-realiza-quinta-procuracion-multiorganica-de-2024\/#primaryimage","url":"https:\/\/www.nexoinformativo.mx\/wp-content\/uploads\/2024\/08\/PHOTO-2024-08-29-10-19-19-e1724954257300.jpg","contentUrl":"https:\/\/www.nexoinformativo.mx\/wp-content\/uploads\/2024\/08\/PHOTO-2024-08-29-10-19-19-e1724954257300.jpg","width":800,"height":533},{"@type":"BreadcrumbList","@id":"https:\/\/www.nexoinformativo.mx\/index.php\/2024\/08\/29\/imss-queretaro-realiza-quinta-procuracion-multiorganica-de-2024\/#breadcrumb","itemListElement":[{"@type":"ListItem","position":1,"name":"Inicio","item":"https:\/\/www.nexoinformativo.mx\/"},{"@type":"ListItem","position":2,"name":"IMSS Quer\u00e9taro realiza quinta procuraci\u00f3n multiorg\u00e1nica de 2024"}]},{"@type":"WebSite","@id":"https:\/\/www.nexoinformativo.mx\/#website","url":"https:\/\/www.nexoinformativo.mx\/","name":"Nexo Informativo Santiago de Quer\u00e9taro","description":"Explora NexoInformativo y convi\u00e9rtete en parte de una comunidad que valora el conocimiento y la verdad. Tu nexoinformativo es tu puente hacia una comprensi\u00f3n m\u00e1s profunda del mundo que te rodea.","publisher":{"@id":"https:\/\/www.nexoinformativo.mx\/#organization"},"potentialAction":[{"@type":"SearchAction","target":{"@type":"EntryPoint","urlTemplate":"https:\/\/www.nexoinformativo.mx\/?s={search_term_string}"},"query-input":{"@type":"PropertyValueSpecification","valueRequired":true,"valueName":"search_term_string"}}],"inLanguage":"es"},{"@type":"Organization","@id":"https:\/\/www.nexoinformativo.mx\/#organization","name":"Nexo Informativo Santiago de Quer\u00e9taro","url":"https:\/\/www.nexoinformativo.mx\/","logo":{"@type":"ImageObject","inLanguage":"es","@id":"https:\/\/www.nexoinformativo.mx\/#\/schema\/logo\/image\/","url":"https:\/\/www.nexoinformativo.mx\/wp-content\/uploads\/2024\/07\/nexoi-trasparente-2.png","contentUrl":"https:\/\/www.nexoinformativo.mx\/wp-content\/uploads\/2024\/07\/nexoi-trasparente-2.png","width":816,"height":339,"caption":"Nexo Informativo Santiago de Quer\u00e9taro"},"image":{"@id":"https:\/\/www.nexoinformativo.mx\/#\/schema\/logo\/image\/"},"sameAs":["https:\/\/www.facebook.com\/people\/Nexo-Informativo\/61564066885511\/"]},{"@type":"Person","@id":"https:\/\/www.nexoinformativo.mx\/#\/schema\/person\/7749d380ba08c8ca00d7bc76fd907b7d","name":"Nexo Informativo","image":{"@type":"ImageObject","inLanguage":"es","@id":"https:\/\/www.nexoinformativo.mx\/#\/schema\/person\/image\/","url":"https:\/\/secure.gravatar.com\/avatar\/dde2928154642a13d95f87ddf1ea9718fe2b46760a005c53e41ff5ad610704e6?s=96&d=mm&r=g","contentUrl":"https:\/\/secure.gravatar.com\/avatar\/dde2928154642a13d95f87ddf1ea9718fe2b46760a005c53e41ff5ad610704e6?s=96&d=mm&r=g","caption":"Nexo Informativo"},"url":"https:\/\/www.nexoinformativo.mx\/index.php\/author\/edicion\/"}]}},"_links":{"self":[{"href":"https:\/\/www.nexoinformativo.mx\/index.php\/wp-json\/wp\/v2\/posts\/1254","targetHints":{"allow":["GET"]}}],"collection":[{"href":"https:\/\/www.nexoinformativo.mx\/index.php\/wp-json\/wp\/v2\/posts"}],"about":[{"href":"https:\/\/www.nexoinformativo.mx\/index.php\/wp-json\/wp\/v2\/types\/post"}],"author":[{"embeddable":true,"href":"https:\/\/www.nexoinformativo.mx\/index.php\/wp-json\/wp\/v2\/users\/3"}],"replies":[{"embeddable":true,"href":"https:\/\/www.nexoinformativo.mx\/index.php\/wp-json\/wp\/v2\/comments?post=1254"}],"version-history":[{"count":4,"href":"https:\/\/www.nexoinformativo.mx\/index.php\/wp-json\/wp\/v2\/posts\/1254\/revisions"}],"predecessor-version":[{"id":1258,"href":"https:\/\/www.nexoinformativo.mx\/index.php\/wp-json\/wp\/v2\/posts\/1254\/revisions\/1258"}],"wp:featuredmedia":[{"embeddable":true,"href":"https:\/\/www.nexoinformativo.mx\/index.php\/wp-json\/wp\/v2\/media\/1241"}],"wp:attachment":[{"href":"https:\/\/www.nexoinformativo.mx\/index.php\/wp-json\/wp\/v2\/media?parent=1254"}],"wp:term":[{"taxonomy":"category","embeddable":true,"href":"https:\/\/www.nexoinformativo.mx\/index.php\/wp-json\/wp\/v2\/categories?post=1254"},{"taxonomy":"post_tag","embeddable":true,"href":"https:\/\/www.nexoinformativo.mx\/index.php\/wp-json\/wp\/v2\/tags?post=1254"}],"curies":[{"name":"wp","href":"https:\/\/api.w.org\/{rel}","templated":true}]}}