{"id":12545,"date":"2025-03-10T08:30:29","date_gmt":"2025-03-10T14:30:29","guid":{"rendered":"https:\/\/www.nexoinformativo.mx\/?p=12545"},"modified":"2025-03-10T09:28:53","modified_gmt":"2025-03-10T15:28:53","slug":"talento-internacional-en-queretaro-inicia-la-semana-del-violin-2025-deslumbra-con-maestros-de-elite","status":"publish","type":"post","link":"https:\/\/www.nexoinformativo.mx\/index.php\/2025\/03\/10\/talento-internacional-en-queretaro-inicia-la-semana-del-violin-2025-deslumbra-con-maestros-de-elite\/","title":{"rendered":"Talento internacional en Quer\u00e9taro inicia la Semana del Viol\u00edn 2025 deslumbra con maestros de \u00e9lite"},"content":{"rendered":"<p style=\"text-align: justify;\" data-sourcepos=\"13:1-13:308\"><strong>El Centro de las Artes de Quer\u00e9taro<\/strong> (CEART) se convierte en el epicentro de la m\u00fasica de cuerdas con el inicio de la Semana del Viol\u00edn 2025, un evento organizado por el Festival Internacional de M\u00fasica de Quer\u00e9taro, bajo la direcci\u00f3n del m\u00fasico queretano Ezequiel Dom\u00ednguez.<\/p>\n<\/p>\n<p>&nbsp;<\/p>\n<p style=\"text-align: justify;\" data-sourcepos=\"15:1-15:185\">Del 10 al 15 de marzo, estudiantes y p\u00fablico en general podr\u00e1n disfrutar de un programa acad\u00e9mico de alto nivel, con la participaci\u00f3n de reconocidos maestros y maestras internacionales.<\/p>\n<\/p>\n<p>&nbsp;<\/p>\n<p style=\"text-align: justify;\" data-sourcepos=\"17:1-17:200\">La Semana del Viol\u00edn contar\u00e1 con clases magistrales de viol\u00edn impartidas por Shuichi Okada, Cuauht\u00e9moc Rivera y David Rivera, as\u00ed como clases magistrales de violonchelo a cargo de Caroline Sypniewski.<\/p>\n<\/p>\n<p>&nbsp;<\/p>\n<p style=\"text-align: justify;\" data-sourcepos=\"19:1-19:181\">Estudiantes provenientes de Quer\u00e9taro, Nuevo Le\u00f3n, Hidalgo, Guanajuato y Ciudad de M\u00e9xico se dar\u00e1n cita en el CEART para perfeccionar su t\u00e9cnica y compartir su pasi\u00f3n por la m\u00fasica.<\/p>\n<\/p>\n<p>&nbsp;<\/p>\n<p style=\"text-align: justify;\" data-sourcepos=\"21:1-21:179\">Shuichi Okada, violinista franc\u00e9s de renombre internacional, y Cuauht\u00e9moc Rivera, destacado violinista mexicano, compartir\u00e1n sus conocimientos y experiencia con los participantes.<\/p>\n<\/p>\n<p>&nbsp;<\/p>\n<p style=\"text-align: center;\" data-sourcepos=\"21:1-21:179\"><em><strong>\u00a1Informaci\u00f3n que transforma!<\/strong><\/em><\/p>\n","protected":false},"excerpt":{"rendered":"<p>El Centro de las Artes de Quer\u00e9taro (CEART) se convierte en el epicentro de la m\u00fasica de cuerdas con el inicio de la Semana del Viol\u00edn 2025, un evento organizado por el Festival Internacional de M\u00fasica de Quer\u00e9taro, bajo la direcci\u00f3n del m\u00fasico queretano Ezequiel Dom\u00ednguez.<\/p>\n","protected":false},"author":3,"featured_media":12547,"comment_status":"open","ping_status":"open","sticky":false,"template":"","format":"standard","meta":{"footnotes":""},"categories":[50,42,58],"tags":[1950,3609,3699,3700],"class_list":["post-12545","post","type-post","status-publish","format-standard","has-post-thumbnail","hentry","category-espectaculos","category-estado","category-ultima-hora","tag-ceartqueretaro","tag-musicaqueretaro","tag-semanadelviolinqro","tag-violinmexico"],"yoast_head":"<!-- This site is optimized with the Yoast SEO plugin v25.0 - https:\/\/yoast.com\/wordpress\/plugins\/seo\/ -->\n<title>Talento internacional en Quer\u00e9taro inicia la Semana del Viol\u00edn 2025 deslumbra con maestros de \u00e9lite | Nexo Informativo Santiago de Quer\u00e9taro<\/title>\n<meta name=\"description\" content=\"Talento internacional en Quer\u00e9taro inicia la Semana del Viol\u00edn 2025 deslumbra con maestros de \u00e9lite\" \/>\n<meta name=\"robots\" content=\"index, follow, max-snippet:-1, max-image-preview:large, max-video-preview:-1\" \/>\n<link rel=\"canonical\" href=\"https:\/\/www.nexoinformativo.mx\/index.php\/2025\/03\/10\/talento-internacional-en-queretaro-inicia-la-semana-del-violin-2025-deslumbra-con-maestros-de-elite\/\" \/>\n<meta property=\"og:locale\" content=\"es_MX\" \/>\n<meta property=\"og:type\" content=\"article\" \/>\n<meta property=\"og:title\" content=\"Talento internacional en Quer\u00e9taro inicia la Semana del Viol\u00edn 2025 deslumbra con maestros de \u00e9lite | Nexo Informativo Santiago de Quer\u00e9taro\" \/>\n<meta property=\"og:description\" content=\"Talento internacional en Quer\u00e9taro inicia la Semana del Viol\u00edn 2025 deslumbra con maestros de \u00e9lite\" \/>\n<meta property=\"og:url\" content=\"https:\/\/www.nexoinformativo.mx\/index.php\/2025\/03\/10\/talento-internacional-en-queretaro-inicia-la-semana-del-violin-2025-deslumbra-con-maestros-de-elite\/\" \/>\n<meta property=\"og:site_name\" content=\"Nexo Informativo Santiago de Quer\u00e9taro\" \/>\n<meta property=\"article:publisher\" content=\"https:\/\/www.facebook.com\/people\/Nexo-Informativo\/61564066885511\/\" \/>\n<meta property=\"article:published_time\" content=\"2025-03-10T14:30:29+00:00\" \/>\n<meta property=\"article:modified_time\" content=\"2025-03-10T15:28:53+00:00\" \/>\n<meta property=\"og:image\" content=\"https:\/\/www.nexoinformativo.mx\/wp-content\/uploads\/2025\/03\/PHOTO-2025-03-10-08-47-18-e1741620499527.jpg\" \/>\n\t<meta property=\"og:image:width\" content=\"800\" \/>\n\t<meta property=\"og:image:height\" content=\"533\" \/>\n\t<meta property=\"og:image:type\" content=\"image\/jpeg\" \/>\n<meta name=\"author\" content=\"Nexo Informativo\" \/>\n<meta name=\"twitter:card\" content=\"summary_large_image\" \/>\n<meta name=\"twitter:label1\" content=\"Escrito por\" \/>\n\t<meta name=\"twitter:data1\" content=\"Nexo Informativo\" \/>\n\t<meta name=\"twitter:label2\" content=\"Tiempo de lectura\" \/>\n\t<meta name=\"twitter:data2\" content=\"1 minuto\" \/>\n<script type=\"application\/ld+json\" class=\"yoast-schema-graph\">{\"@context\":\"https:\/\/schema.org\",\"@graph\":[{\"@type\":\"Article\",\"@id\":\"https:\/\/www.nexoinformativo.mx\/index.php\/2025\/03\/10\/talento-internacional-en-queretaro-inicia-la-semana-del-violin-2025-deslumbra-con-maestros-de-elite\/#article\",\"isPartOf\":{\"@id\":\"https:\/\/www.nexoinformativo.mx\/index.php\/2025\/03\/10\/talento-internacional-en-queretaro-inicia-la-semana-del-violin-2025-deslumbra-con-maestros-de-elite\/\"},\"author\":{\"name\":\"Nexo Informativo\",\"@id\":\"https:\/\/www.nexoinformativo.mx\/#\/schema\/person\/7749d380ba08c8ca00d7bc76fd907b7d\"},\"headline\":\"Talento internacional en Quer\u00e9taro inicia la Semana del Viol\u00edn 2025 deslumbra con maestros de \u00e9lite\",\"datePublished\":\"2025-03-10T14:30:29+00:00\",\"dateModified\":\"2025-03-10T15:28:53+00:00\",\"mainEntityOfPage\":{\"@id\":\"https:\/\/www.nexoinformativo.mx\/index.php\/2025\/03\/10\/talento-internacional-en-queretaro-inicia-la-semana-del-violin-2025-deslumbra-con-maestros-de-elite\/\"},\"wordCount\":202,\"commentCount\":0,\"publisher\":{\"@id\":\"https:\/\/www.nexoinformativo.mx\/#organization\"},\"image\":{\"@id\":\"https:\/\/www.nexoinformativo.mx\/index.php\/2025\/03\/10\/talento-internacional-en-queretaro-inicia-la-semana-del-violin-2025-deslumbra-con-maestros-de-elite\/#primaryimage\"},\"thumbnailUrl\":\"https:\/\/www.nexoinformativo.mx\/wp-content\/uploads\/2025\/03\/PHOTO-2025-03-10-08-47-18-e1741620499527.jpg\",\"keywords\":[\"CEARTQuer\u00e9taro\",\"M\u00fasicaQuer\u00e9taro\",\"SemanaDelViol\u00ednQro\",\"Viol\u00ednM\u00e9xico\"],\"articleSection\":[\"Espect\u00e1culos\",\"Estado\",\"\u00daltima Hora\"],\"inLanguage\":\"es\",\"potentialAction\":[{\"@type\":\"CommentAction\",\"name\":\"Comment\",\"target\":[\"https:\/\/www.nexoinformativo.mx\/index.php\/2025\/03\/10\/talento-internacional-en-queretaro-inicia-la-semana-del-violin-2025-deslumbra-con-maestros-de-elite\/#respond\"]}]},{\"@type\":\"WebPage\",\"@id\":\"https:\/\/www.nexoinformativo.mx\/index.php\/2025\/03\/10\/talento-internacional-en-queretaro-inicia-la-semana-del-violin-2025-deslumbra-con-maestros-de-elite\/\",\"url\":\"https:\/\/www.nexoinformativo.mx\/index.php\/2025\/03\/10\/talento-internacional-en-queretaro-inicia-la-semana-del-violin-2025-deslumbra-con-maestros-de-elite\/\",\"name\":\"Talento internacional en Quer\u00e9taro inicia la Semana del Viol\u00edn 2025 deslumbra con maestros de \u00e9lite | Nexo Informativo Santiago de Quer\u00e9taro\",\"isPartOf\":{\"@id\":\"https:\/\/www.nexoinformativo.mx\/#website\"},\"primaryImageOfPage\":{\"@id\":\"https:\/\/www.nexoinformativo.mx\/index.php\/2025\/03\/10\/talento-internacional-en-queretaro-inicia-la-semana-del-violin-2025-deslumbra-con-maestros-de-elite\/#primaryimage\"},\"image\":{\"@id\":\"https:\/\/www.nexoinformativo.mx\/index.php\/2025\/03\/10\/talento-internacional-en-queretaro-inicia-la-semana-del-violin-2025-deslumbra-con-maestros-de-elite\/#primaryimage\"},\"thumbnailUrl\":\"https:\/\/www.nexoinformativo.mx\/wp-content\/uploads\/2025\/03\/PHOTO-2025-03-10-08-47-18-e1741620499527.jpg\",\"datePublished\":\"2025-03-10T14:30:29+00:00\",\"dateModified\":\"2025-03-10T15:28:53+00:00\",\"description\":\"Talento internacional en Quer\u00e9taro inicia la Semana del Viol\u00edn 2025 deslumbra con maestros de \u00e9lite\",\"breadcrumb\":{\"@id\":\"https:\/\/www.nexoinformativo.mx\/index.php\/2025\/03\/10\/talento-internacional-en-queretaro-inicia-la-semana-del-violin-2025-deslumbra-con-maestros-de-elite\/#breadcrumb\"},\"inLanguage\":\"es\",\"potentialAction\":[{\"@type\":\"ReadAction\",\"target\":[\"https:\/\/www.nexoinformativo.mx\/index.php\/2025\/03\/10\/talento-internacional-en-queretaro-inicia-la-semana-del-violin-2025-deslumbra-con-maestros-de-elite\/\"]}]},{\"@type\":\"ImageObject\",\"inLanguage\":\"es\",\"@id\":\"https:\/\/www.nexoinformativo.mx\/index.php\/2025\/03\/10\/talento-internacional-en-queretaro-inicia-la-semana-del-violin-2025-deslumbra-con-maestros-de-elite\/#primaryimage\",\"url\":\"https:\/\/www.nexoinformativo.mx\/wp-content\/uploads\/2025\/03\/PHOTO-2025-03-10-08-47-18-e1741620499527.jpg\",\"contentUrl\":\"https:\/\/www.nexoinformativo.mx\/wp-content\/uploads\/2025\/03\/PHOTO-2025-03-10-08-47-18-e1741620499527.jpg\",\"width\":800,\"height\":533},{\"@type\":\"BreadcrumbList\",\"@id\":\"https:\/\/www.nexoinformativo.mx\/index.php\/2025\/03\/10\/talento-internacional-en-queretaro-inicia-la-semana-del-violin-2025-deslumbra-con-maestros-de-elite\/#breadcrumb\",\"itemListElement\":[{\"@type\":\"ListItem\",\"position\":1,\"name\":\"Inicio\",\"item\":\"https:\/\/www.nexoinformativo.mx\/\"},{\"@type\":\"ListItem\",\"position\":2,\"name\":\"Talento internacional en Quer\u00e9taro inicia la Semana del Viol\u00edn 2025 deslumbra con maestros de \u00e9lite\"}]},{\"@type\":\"WebSite\",\"@id\":\"https:\/\/www.nexoinformativo.mx\/#website\",\"url\":\"https:\/\/www.nexoinformativo.mx\/\",\"name\":\"Nexo Informativo Santiago de Quer\u00e9taro\",\"description\":\"Explora NexoInformativo y convi\u00e9rtete en parte de una comunidad que valora el conocimiento y la verdad. Tu nexoinformativo es tu puente hacia una comprensi\u00f3n m\u00e1s profunda del mundo que te rodea.\",\"publisher\":{\"@id\":\"https:\/\/www.nexoinformativo.mx\/#organization\"},\"potentialAction\":[{\"@type\":\"SearchAction\",\"target\":{\"@type\":\"EntryPoint\",\"urlTemplate\":\"https:\/\/www.nexoinformativo.mx\/?s={search_term_string}\"},\"query-input\":{\"@type\":\"PropertyValueSpecification\",\"valueRequired\":true,\"valueName\":\"search_term_string\"}}],\"inLanguage\":\"es\"},{\"@type\":\"Organization\",\"@id\":\"https:\/\/www.nexoinformativo.mx\/#organization\",\"name\":\"Nexo Informativo Santiago de Quer\u00e9taro\",\"url\":\"https:\/\/www.nexoinformativo.mx\/\",\"logo\":{\"@type\":\"ImageObject\",\"inLanguage\":\"es\",\"@id\":\"https:\/\/www.nexoinformativo.mx\/#\/schema\/logo\/image\/\",\"url\":\"https:\/\/www.nexoinformativo.mx\/wp-content\/uploads\/2024\/07\/nexoi-trasparente-2.png\",\"contentUrl\":\"https:\/\/www.nexoinformativo.mx\/wp-content\/uploads\/2024\/07\/nexoi-trasparente-2.png\",\"width\":816,\"height\":339,\"caption\":\"Nexo Informativo Santiago de Quer\u00e9taro\"},\"image\":{\"@id\":\"https:\/\/www.nexoinformativo.mx\/#\/schema\/logo\/image\/\"},\"sameAs\":[\"https:\/\/www.facebook.com\/people\/Nexo-Informativo\/61564066885511\/\"]},{\"@type\":\"Person\",\"@id\":\"https:\/\/www.nexoinformativo.mx\/#\/schema\/person\/7749d380ba08c8ca00d7bc76fd907b7d\",\"name\":\"Nexo Informativo\",\"image\":{\"@type\":\"ImageObject\",\"inLanguage\":\"es\",\"@id\":\"https:\/\/www.nexoinformativo.mx\/#\/schema\/person\/image\/\",\"url\":\"https:\/\/secure.gravatar.com\/avatar\/dde2928154642a13d95f87ddf1ea9718fe2b46760a005c53e41ff5ad610704e6?s=96&d=mm&r=g\",\"contentUrl\":\"https:\/\/secure.gravatar.com\/avatar\/dde2928154642a13d95f87ddf1ea9718fe2b46760a005c53e41ff5ad610704e6?s=96&d=mm&r=g\",\"caption\":\"Nexo Informativo\"},\"url\":\"https:\/\/www.nexoinformativo.mx\/index.php\/author\/edicion\/\"}]}<\/script>\n<!-- \/ Yoast SEO plugin. -->","yoast_head_json":{"title":"Talento internacional en Quer\u00e9taro inicia la Semana del Viol\u00edn 2025 deslumbra con maestros de \u00e9lite | Nexo Informativo Santiago de Quer\u00e9taro","description":"Talento internacional en Quer\u00e9taro inicia la Semana del Viol\u00edn 2025 deslumbra con maestros de \u00e9lite","robots":{"index":"index","follow":"follow","max-snippet":"max-snippet:-1","max-image-preview":"max-image-preview:large","max-video-preview":"max-video-preview:-1"},"canonical":"https:\/\/www.nexoinformativo.mx\/index.php\/2025\/03\/10\/talento-internacional-en-queretaro-inicia-la-semana-del-violin-2025-deslumbra-con-maestros-de-elite\/","og_locale":"es_MX","og_type":"article","og_title":"Talento internacional en Quer\u00e9taro inicia la Semana del Viol\u00edn 2025 deslumbra con maestros de \u00e9lite | Nexo Informativo Santiago de Quer\u00e9taro","og_description":"Talento internacional en Quer\u00e9taro inicia la Semana del Viol\u00edn 2025 deslumbra con maestros de \u00e9lite","og_url":"https:\/\/www.nexoinformativo.mx\/index.php\/2025\/03\/10\/talento-internacional-en-queretaro-inicia-la-semana-del-violin-2025-deslumbra-con-maestros-de-elite\/","og_site_name":"Nexo Informativo Santiago de Quer\u00e9taro","article_publisher":"https:\/\/www.facebook.com\/people\/Nexo-Informativo\/61564066885511\/","article_published_time":"2025-03-10T14:30:29+00:00","article_modified_time":"2025-03-10T15:28:53+00:00","og_image":[{"width":800,"height":533,"url":"https:\/\/www.nexoinformativo.mx\/wp-content\/uploads\/2025\/03\/PHOTO-2025-03-10-08-47-18-e1741620499527.jpg","type":"image\/jpeg"}],"author":"Nexo Informativo","twitter_card":"summary_large_image","twitter_misc":{"Escrito por":"Nexo Informativo","Tiempo de lectura":"1 minuto"},"schema":{"@context":"https:\/\/schema.org","@graph":[{"@type":"Article","@id":"https:\/\/www.nexoinformativo.mx\/index.php\/2025\/03\/10\/talento-internacional-en-queretaro-inicia-la-semana-del-violin-2025-deslumbra-con-maestros-de-elite\/#article","isPartOf":{"@id":"https:\/\/www.nexoinformativo.mx\/index.php\/2025\/03\/10\/talento-internacional-en-queretaro-inicia-la-semana-del-violin-2025-deslumbra-con-maestros-de-elite\/"},"author":{"name":"Nexo Informativo","@id":"https:\/\/www.nexoinformativo.mx\/#\/schema\/person\/7749d380ba08c8ca00d7bc76fd907b7d"},"headline":"Talento internacional en Quer\u00e9taro inicia la Semana del Viol\u00edn 2025 deslumbra con maestros de \u00e9lite","datePublished":"2025-03-10T14:30:29+00:00","dateModified":"2025-03-10T15:28:53+00:00","mainEntityOfPage":{"@id":"https:\/\/www.nexoinformativo.mx\/index.php\/2025\/03\/10\/talento-internacional-en-queretaro-inicia-la-semana-del-violin-2025-deslumbra-con-maestros-de-elite\/"},"wordCount":202,"commentCount":0,"publisher":{"@id":"https:\/\/www.nexoinformativo.mx\/#organization"},"image":{"@id":"https:\/\/www.nexoinformativo.mx\/index.php\/2025\/03\/10\/talento-internacional-en-queretaro-inicia-la-semana-del-violin-2025-deslumbra-con-maestros-de-elite\/#primaryimage"},"thumbnailUrl":"https:\/\/www.nexoinformativo.mx\/wp-content\/uploads\/2025\/03\/PHOTO-2025-03-10-08-47-18-e1741620499527.jpg","keywords":["CEARTQuer\u00e9taro","M\u00fasicaQuer\u00e9taro","SemanaDelViol\u00ednQro","Viol\u00ednM\u00e9xico"],"articleSection":["Espect\u00e1culos","Estado","\u00daltima Hora"],"inLanguage":"es","potentialAction":[{"@type":"CommentAction","name":"Comment","target":["https:\/\/www.nexoinformativo.mx\/index.php\/2025\/03\/10\/talento-internacional-en-queretaro-inicia-la-semana-del-violin-2025-deslumbra-con-maestros-de-elite\/#respond"]}]},{"@type":"WebPage","@id":"https:\/\/www.nexoinformativo.mx\/index.php\/2025\/03\/10\/talento-internacional-en-queretaro-inicia-la-semana-del-violin-2025-deslumbra-con-maestros-de-elite\/","url":"https:\/\/www.nexoinformativo.mx\/index.php\/2025\/03\/10\/talento-internacional-en-queretaro-inicia-la-semana-del-violin-2025-deslumbra-con-maestros-de-elite\/","name":"Talento internacional en Quer\u00e9taro inicia la Semana del Viol\u00edn 2025 deslumbra con maestros de \u00e9lite | Nexo Informativo Santiago de Quer\u00e9taro","isPartOf":{"@id":"https:\/\/www.nexoinformativo.mx\/#website"},"primaryImageOfPage":{"@id":"https:\/\/www.nexoinformativo.mx\/index.php\/2025\/03\/10\/talento-internacional-en-queretaro-inicia-la-semana-del-violin-2025-deslumbra-con-maestros-de-elite\/#primaryimage"},"image":{"@id":"https:\/\/www.nexoinformativo.mx\/index.php\/2025\/03\/10\/talento-internacional-en-queretaro-inicia-la-semana-del-violin-2025-deslumbra-con-maestros-de-elite\/#primaryimage"},"thumbnailUrl":"https:\/\/www.nexoinformativo.mx\/wp-content\/uploads\/2025\/03\/PHOTO-2025-03-10-08-47-18-e1741620499527.jpg","datePublished":"2025-03-10T14:30:29+00:00","dateModified":"2025-03-10T15:28:53+00:00","description":"Talento internacional en Quer\u00e9taro inicia la Semana del Viol\u00edn 2025 deslumbra con maestros de \u00e9lite","breadcrumb":{"@id":"https:\/\/www.nexoinformativo.mx\/index.php\/2025\/03\/10\/talento-internacional-en-queretaro-inicia-la-semana-del-violin-2025-deslumbra-con-maestros-de-elite\/#breadcrumb"},"inLanguage":"es","potentialAction":[{"@type":"ReadAction","target":["https:\/\/www.nexoinformativo.mx\/index.php\/2025\/03\/10\/talento-internacional-en-queretaro-inicia-la-semana-del-violin-2025-deslumbra-con-maestros-de-elite\/"]}]},{"@type":"ImageObject","inLanguage":"es","@id":"https:\/\/www.nexoinformativo.mx\/index.php\/2025\/03\/10\/talento-internacional-en-queretaro-inicia-la-semana-del-violin-2025-deslumbra-con-maestros-de-elite\/#primaryimage","url":"https:\/\/www.nexoinformativo.mx\/wp-content\/uploads\/2025\/03\/PHOTO-2025-03-10-08-47-18-e1741620499527.jpg","contentUrl":"https:\/\/www.nexoinformativo.mx\/wp-content\/uploads\/2025\/03\/PHOTO-2025-03-10-08-47-18-e1741620499527.jpg","width":800,"height":533},{"@type":"BreadcrumbList","@id":"https:\/\/www.nexoinformativo.mx\/index.php\/2025\/03\/10\/talento-internacional-en-queretaro-inicia-la-semana-del-violin-2025-deslumbra-con-maestros-de-elite\/#breadcrumb","itemListElement":[{"@type":"ListItem","position":1,"name":"Inicio","item":"https:\/\/www.nexoinformativo.mx\/"},{"@type":"ListItem","position":2,"name":"Talento internacional en Quer\u00e9taro inicia la Semana del Viol\u00edn 2025 deslumbra con maestros de \u00e9lite"}]},{"@type":"WebSite","@id":"https:\/\/www.nexoinformativo.mx\/#website","url":"https:\/\/www.nexoinformativo.mx\/","name":"Nexo Informativo Santiago de Quer\u00e9taro","description":"Explora NexoInformativo y convi\u00e9rtete en parte de una comunidad que valora el conocimiento y la verdad. Tu nexoinformativo es tu puente hacia una comprensi\u00f3n m\u00e1s profunda del mundo que te rodea.","publisher":{"@id":"https:\/\/www.nexoinformativo.mx\/#organization"},"potentialAction":[{"@type":"SearchAction","target":{"@type":"EntryPoint","urlTemplate":"https:\/\/www.nexoinformativo.mx\/?s={search_term_string}"},"query-input":{"@type":"PropertyValueSpecification","valueRequired":true,"valueName":"search_term_string"}}],"inLanguage":"es"},{"@type":"Organization","@id":"https:\/\/www.nexoinformativo.mx\/#organization","name":"Nexo Informativo Santiago de Quer\u00e9taro","url":"https:\/\/www.nexoinformativo.mx\/","logo":{"@type":"ImageObject","inLanguage":"es","@id":"https:\/\/www.nexoinformativo.mx\/#\/schema\/logo\/image\/","url":"https:\/\/www.nexoinformativo.mx\/wp-content\/uploads\/2024\/07\/nexoi-trasparente-2.png","contentUrl":"https:\/\/www.nexoinformativo.mx\/wp-content\/uploads\/2024\/07\/nexoi-trasparente-2.png","width":816,"height":339,"caption":"Nexo Informativo Santiago de Quer\u00e9taro"},"image":{"@id":"https:\/\/www.nexoinformativo.mx\/#\/schema\/logo\/image\/"},"sameAs":["https:\/\/www.facebook.com\/people\/Nexo-Informativo\/61564066885511\/"]},{"@type":"Person","@id":"https:\/\/www.nexoinformativo.mx\/#\/schema\/person\/7749d380ba08c8ca00d7bc76fd907b7d","name":"Nexo Informativo","image":{"@type":"ImageObject","inLanguage":"es","@id":"https:\/\/www.nexoinformativo.mx\/#\/schema\/person\/image\/","url":"https:\/\/secure.gravatar.com\/avatar\/dde2928154642a13d95f87ddf1ea9718fe2b46760a005c53e41ff5ad610704e6?s=96&d=mm&r=g","contentUrl":"https:\/\/secure.gravatar.com\/avatar\/dde2928154642a13d95f87ddf1ea9718fe2b46760a005c53e41ff5ad610704e6?s=96&d=mm&r=g","caption":"Nexo Informativo"},"url":"https:\/\/www.nexoinformativo.mx\/index.php\/author\/edicion\/"}]}},"_links":{"self":[{"href":"https:\/\/www.nexoinformativo.mx\/index.php\/wp-json\/wp\/v2\/posts\/12545","targetHints":{"allow":["GET"]}}],"collection":[{"href":"https:\/\/www.nexoinformativo.mx\/index.php\/wp-json\/wp\/v2\/posts"}],"about":[{"href":"https:\/\/www.nexoinformativo.mx\/index.php\/wp-json\/wp\/v2\/types\/post"}],"author":[{"embeddable":true,"href":"https:\/\/www.nexoinformativo.mx\/index.php\/wp-json\/wp\/v2\/users\/3"}],"replies":[{"embeddable":true,"href":"https:\/\/www.nexoinformativo.mx\/index.php\/wp-json\/wp\/v2\/comments?post=12545"}],"version-history":[{"count":4,"href":"https:\/\/www.nexoinformativo.mx\/index.php\/wp-json\/wp\/v2\/posts\/12545\/revisions"}],"predecessor-version":[{"id":12548,"href":"https:\/\/www.nexoinformativo.mx\/index.php\/wp-json\/wp\/v2\/posts\/12545\/revisions\/12548"}],"wp:featuredmedia":[{"embeddable":true,"href":"https:\/\/www.nexoinformativo.mx\/index.php\/wp-json\/wp\/v2\/media\/12547"}],"wp:attachment":[{"href":"https:\/\/www.nexoinformativo.mx\/index.php\/wp-json\/wp\/v2\/media?parent=12545"}],"wp:term":[{"taxonomy":"category","embeddable":true,"href":"https:\/\/www.nexoinformativo.mx\/index.php\/wp-json\/wp\/v2\/categories?post=12545"},{"taxonomy":"post_tag","embeddable":true,"href":"https:\/\/www.nexoinformativo.mx\/index.php\/wp-json\/wp\/v2\/tags?post=12545"}],"curies":[{"name":"wp","href":"https:\/\/api.w.org\/{rel}","templated":true}]}}