{"id":12558,"date":"2025-03-10T12:00:38","date_gmt":"2025-03-10T18:00:38","guid":{"rendered":"https:\/\/www.nexoinformativo.mx\/?p=12558"},"modified":"2025-03-10T14:35:25","modified_gmt":"2025-03-10T20:35:25","slug":"recuperado-sspm-sjr-localiza-vehiculo-robado-y-desvalijado-gracias-a-denuncia-ciudadana","status":"publish","type":"post","link":"https:\/\/www.nexoinformativo.mx\/index.php\/2025\/03\/10\/recuperado-sspm-sjr-localiza-vehiculo-robado-y-desvalijado-gracias-a-denuncia-ciudadana\/","title":{"rendered":"Recuperado SSPM-SJR localiza veh\u00edculo robado y desvalijado gracias a denuncia ciudadana"},"content":{"rendered":"<p style=\"text-align: justify;\" data-sourcepos=\"13:1-13:235\"><strong>La Secretar\u00eda de Seguridad P\u00fablica Municipa<\/strong>l <strong>de San Juan del R\u00edo<\/strong> (SSPM-SJR) logr\u00f3 recuperar un veh\u00edculo con reporte de robo, localizado en tierras de cultivo cercanas a la comunidad de La Valla.<\/p>\n<\/p>\n<p>&nbsp;<\/p>\n<p style=\"text-align: justify;\" data-sourcepos=\"15:1-15:132\">La r\u00e1pida intervenci\u00f3n policial fue posible gracias a una denuncia ciudadana, que alert\u00f3 sobre la presencia del veh\u00edculo en la zona.<\/p>\n<\/p>\n<p>&nbsp;<\/p>\n<p style=\"text-align: justify;\" data-sourcepos=\"17:1-17:145\">Al llegar al lugar, los elementos de la corporaci\u00f3n encontraron un autom\u00f3vil tipo Tsuru, color naranja, con evidentes huellas de desvalijamiento.<\/p>\n<\/p>\n<p>&nbsp;<\/p>\n<p style=\"text-align: justify;\" data-sourcepos=\"19:1-19:126\">Tras verificar el estatus del veh\u00edculo, se confirm\u00f3 que contaba con reporte de robo vigente, registrado el 8 de marzo de 2025.<\/p>\n<\/p>\n<p>&nbsp;<\/p>\n<p style=\"text-align: justify;\" data-sourcepos=\"21:1-21:194\">El veh\u00edculo fue asegurado y trasladado a los patios de encierro correspondientes, donde qued\u00f3 a disposici\u00f3n de la Fiscal\u00eda General del Estado de Quer\u00e9taro para continuar con las investigaciones.<\/p>\n<\/p>\n<p>&nbsp;<\/p>\n<p style=\"text-align: center;\" data-sourcepos=\"21:1-21:194\"><em><strong>\u00a1Informaci\u00f3n que transforma!<\/strong><\/em><\/p>\n","protected":false},"excerpt":{"rendered":"<p>La Secretar\u00eda de Seguridad P\u00fablica Municipal de San Juan del R\u00edo (SSPM-SJR) logr\u00f3 recuperar un veh\u00edculo con reporte de robo, localizado en tierras de cultivo cercanas a la comunidad de La Valla.<\/p>\n","protected":false},"author":3,"featured_media":12559,"comment_status":"open","ping_status":"open","sticky":false,"template":"","format":"standard","meta":{"footnotes":""},"categories":[65,137,58],"tags":[1721,3703,382,3702],"class_list":["post-12558","post","type-post","status-publish","format-standard","has-post-thumbnail","hentry","category-municipios","category-sucesos","category-ultima-hora","tag-denunciaciudadana","tag-recuperacionvehicular","tag-sanjuandelrio","tag-sspmsjr"],"yoast_head":"<!-- This site is optimized with the Yoast SEO plugin v25.0 - https:\/\/yoast.com\/wordpress\/plugins\/seo\/ -->\n<title>Recuperado SSPM-SJR localiza veh\u00edculo robado y desvalijado gracias a denuncia ciudadana | Nexo Informativo Santiago de Quer\u00e9taro<\/title>\n<meta name=\"description\" content=\"Recuperado SSPM-SJR localiza veh\u00edculo robado y desvalijado gracias a denuncia ciudadana\" \/>\n<meta name=\"robots\" content=\"index, follow, max-snippet:-1, max-image-preview:large, max-video-preview:-1\" \/>\n<link rel=\"canonical\" href=\"https:\/\/www.nexoinformativo.mx\/index.php\/2025\/03\/10\/recuperado-sspm-sjr-localiza-vehiculo-robado-y-desvalijado-gracias-a-denuncia-ciudadana\/\" \/>\n<meta property=\"og:locale\" content=\"es_MX\" \/>\n<meta property=\"og:type\" content=\"article\" \/>\n<meta property=\"og:title\" content=\"Recuperado SSPM-SJR localiza veh\u00edculo robado y desvalijado gracias a denuncia ciudadana | Nexo Informativo Santiago de Quer\u00e9taro\" \/>\n<meta property=\"og:description\" content=\"Recuperado SSPM-SJR localiza veh\u00edculo robado y desvalijado gracias a denuncia ciudadana\" \/>\n<meta property=\"og:url\" content=\"https:\/\/www.nexoinformativo.mx\/index.php\/2025\/03\/10\/recuperado-sspm-sjr-localiza-vehiculo-robado-y-desvalijado-gracias-a-denuncia-ciudadana\/\" \/>\n<meta property=\"og:site_name\" content=\"Nexo Informativo Santiago de Quer\u00e9taro\" \/>\n<meta property=\"article:publisher\" content=\"https:\/\/www.facebook.com\/people\/Nexo-Informativo\/61564066885511\/\" \/>\n<meta property=\"article:published_time\" content=\"2025-03-10T18:00:38+00:00\" \/>\n<meta property=\"article:modified_time\" content=\"2025-03-10T20:35:25+00:00\" \/>\n<meta property=\"og:image\" content=\"https:\/\/www.nexoinformativo.mx\/wp-content\/uploads\/2025\/03\/PHOTO-2025-03-10-13-49-12-e1741638860489.jpg\" \/>\n\t<meta property=\"og:image:width\" content=\"800\" \/>\n\t<meta property=\"og:image:height\" content=\"671\" \/>\n\t<meta property=\"og:image:type\" content=\"image\/jpeg\" \/>\n<meta name=\"author\" content=\"Nexo Informativo\" \/>\n<meta name=\"twitter:card\" content=\"summary_large_image\" \/>\n<meta name=\"twitter:label1\" content=\"Escrito por\" \/>\n\t<meta name=\"twitter:data1\" content=\"Nexo Informativo\" \/>\n\t<meta name=\"twitter:label2\" content=\"Tiempo de lectura\" \/>\n\t<meta name=\"twitter:data2\" content=\"1 minuto\" \/>\n<script type=\"application\/ld+json\" class=\"yoast-schema-graph\">{\"@context\":\"https:\/\/schema.org\",\"@graph\":[{\"@type\":\"Article\",\"@id\":\"https:\/\/www.nexoinformativo.mx\/index.php\/2025\/03\/10\/recuperado-sspm-sjr-localiza-vehiculo-robado-y-desvalijado-gracias-a-denuncia-ciudadana\/#article\",\"isPartOf\":{\"@id\":\"https:\/\/www.nexoinformativo.mx\/index.php\/2025\/03\/10\/recuperado-sspm-sjr-localiza-vehiculo-robado-y-desvalijado-gracias-a-denuncia-ciudadana\/\"},\"author\":{\"name\":\"Nexo Informativo\",\"@id\":\"https:\/\/www.nexoinformativo.mx\/#\/schema\/person\/7749d380ba08c8ca00d7bc76fd907b7d\"},\"headline\":\"Recuperado SSPM-SJR localiza veh\u00edculo robado y desvalijado gracias a denuncia ciudadana\",\"datePublished\":\"2025-03-10T18:00:38+00:00\",\"dateModified\":\"2025-03-10T20:35:25+00:00\",\"mainEntityOfPage\":{\"@id\":\"https:\/\/www.nexoinformativo.mx\/index.php\/2025\/03\/10\/recuperado-sspm-sjr-localiza-vehiculo-robado-y-desvalijado-gracias-a-denuncia-ciudadana\/\"},\"wordCount\":158,\"commentCount\":0,\"publisher\":{\"@id\":\"https:\/\/www.nexoinformativo.mx\/#organization\"},\"image\":{\"@id\":\"https:\/\/www.nexoinformativo.mx\/index.php\/2025\/03\/10\/recuperado-sspm-sjr-localiza-vehiculo-robado-y-desvalijado-gracias-a-denuncia-ciudadana\/#primaryimage\"},\"thumbnailUrl\":\"https:\/\/www.nexoinformativo.mx\/wp-content\/uploads\/2025\/03\/PHOTO-2025-03-10-13-49-12-e1741638860489.jpg\",\"keywords\":[\"DenunciaCiudadana\",\"Recuperaci\u00f3nVehicular\",\"SanJuanDelR\u00edo\",\"SSPMSJR\"],\"articleSection\":[\"Municipios\",\"Sucesos\",\"\u00daltima Hora\"],\"inLanguage\":\"es\",\"potentialAction\":[{\"@type\":\"CommentAction\",\"name\":\"Comment\",\"target\":[\"https:\/\/www.nexoinformativo.mx\/index.php\/2025\/03\/10\/recuperado-sspm-sjr-localiza-vehiculo-robado-y-desvalijado-gracias-a-denuncia-ciudadana\/#respond\"]}]},{\"@type\":\"WebPage\",\"@id\":\"https:\/\/www.nexoinformativo.mx\/index.php\/2025\/03\/10\/recuperado-sspm-sjr-localiza-vehiculo-robado-y-desvalijado-gracias-a-denuncia-ciudadana\/\",\"url\":\"https:\/\/www.nexoinformativo.mx\/index.php\/2025\/03\/10\/recuperado-sspm-sjr-localiza-vehiculo-robado-y-desvalijado-gracias-a-denuncia-ciudadana\/\",\"name\":\"Recuperado SSPM-SJR localiza veh\u00edculo robado y desvalijado gracias a denuncia ciudadana | Nexo Informativo Santiago de Quer\u00e9taro\",\"isPartOf\":{\"@id\":\"https:\/\/www.nexoinformativo.mx\/#website\"},\"primaryImageOfPage\":{\"@id\":\"https:\/\/www.nexoinformativo.mx\/index.php\/2025\/03\/10\/recuperado-sspm-sjr-localiza-vehiculo-robado-y-desvalijado-gracias-a-denuncia-ciudadana\/#primaryimage\"},\"image\":{\"@id\":\"https:\/\/www.nexoinformativo.mx\/index.php\/2025\/03\/10\/recuperado-sspm-sjr-localiza-vehiculo-robado-y-desvalijado-gracias-a-denuncia-ciudadana\/#primaryimage\"},\"thumbnailUrl\":\"https:\/\/www.nexoinformativo.mx\/wp-content\/uploads\/2025\/03\/PHOTO-2025-03-10-13-49-12-e1741638860489.jpg\",\"datePublished\":\"2025-03-10T18:00:38+00:00\",\"dateModified\":\"2025-03-10T20:35:25+00:00\",\"description\":\"Recuperado SSPM-SJR localiza veh\u00edculo robado y desvalijado gracias a denuncia ciudadana\",\"breadcrumb\":{\"@id\":\"https:\/\/www.nexoinformativo.mx\/index.php\/2025\/03\/10\/recuperado-sspm-sjr-localiza-vehiculo-robado-y-desvalijado-gracias-a-denuncia-ciudadana\/#breadcrumb\"},\"inLanguage\":\"es\",\"potentialAction\":[{\"@type\":\"ReadAction\",\"target\":[\"https:\/\/www.nexoinformativo.mx\/index.php\/2025\/03\/10\/recuperado-sspm-sjr-localiza-vehiculo-robado-y-desvalijado-gracias-a-denuncia-ciudadana\/\"]}]},{\"@type\":\"ImageObject\",\"inLanguage\":\"es\",\"@id\":\"https:\/\/www.nexoinformativo.mx\/index.php\/2025\/03\/10\/recuperado-sspm-sjr-localiza-vehiculo-robado-y-desvalijado-gracias-a-denuncia-ciudadana\/#primaryimage\",\"url\":\"https:\/\/www.nexoinformativo.mx\/wp-content\/uploads\/2025\/03\/PHOTO-2025-03-10-13-49-12-e1741638860489.jpg\",\"contentUrl\":\"https:\/\/www.nexoinformativo.mx\/wp-content\/uploads\/2025\/03\/PHOTO-2025-03-10-13-49-12-e1741638860489.jpg\",\"width\":800,\"height\":671},{\"@type\":\"BreadcrumbList\",\"@id\":\"https:\/\/www.nexoinformativo.mx\/index.php\/2025\/03\/10\/recuperado-sspm-sjr-localiza-vehiculo-robado-y-desvalijado-gracias-a-denuncia-ciudadana\/#breadcrumb\",\"itemListElement\":[{\"@type\":\"ListItem\",\"position\":1,\"name\":\"Inicio\",\"item\":\"https:\/\/www.nexoinformativo.mx\/\"},{\"@type\":\"ListItem\",\"position\":2,\"name\":\"Recuperado SSPM-SJR localiza veh\u00edculo robado y desvalijado gracias a denuncia ciudadana\"}]},{\"@type\":\"WebSite\",\"@id\":\"https:\/\/www.nexoinformativo.mx\/#website\",\"url\":\"https:\/\/www.nexoinformativo.mx\/\",\"name\":\"Nexo Informativo Santiago de Quer\u00e9taro\",\"description\":\"Explora NexoInformativo y convi\u00e9rtete en parte de una comunidad que valora el conocimiento y la verdad. Tu nexoinformativo es tu puente hacia una comprensi\u00f3n m\u00e1s profunda del mundo que te rodea.\",\"publisher\":{\"@id\":\"https:\/\/www.nexoinformativo.mx\/#organization\"},\"potentialAction\":[{\"@type\":\"SearchAction\",\"target\":{\"@type\":\"EntryPoint\",\"urlTemplate\":\"https:\/\/www.nexoinformativo.mx\/?s={search_term_string}\"},\"query-input\":{\"@type\":\"PropertyValueSpecification\",\"valueRequired\":true,\"valueName\":\"search_term_string\"}}],\"inLanguage\":\"es\"},{\"@type\":\"Organization\",\"@id\":\"https:\/\/www.nexoinformativo.mx\/#organization\",\"name\":\"Nexo Informativo Santiago de Quer\u00e9taro\",\"url\":\"https:\/\/www.nexoinformativo.mx\/\",\"logo\":{\"@type\":\"ImageObject\",\"inLanguage\":\"es\",\"@id\":\"https:\/\/www.nexoinformativo.mx\/#\/schema\/logo\/image\/\",\"url\":\"https:\/\/www.nexoinformativo.mx\/wp-content\/uploads\/2024\/07\/nexoi-trasparente-2.png\",\"contentUrl\":\"https:\/\/www.nexoinformativo.mx\/wp-content\/uploads\/2024\/07\/nexoi-trasparente-2.png\",\"width\":816,\"height\":339,\"caption\":\"Nexo Informativo Santiago de Quer\u00e9taro\"},\"image\":{\"@id\":\"https:\/\/www.nexoinformativo.mx\/#\/schema\/logo\/image\/\"},\"sameAs\":[\"https:\/\/www.facebook.com\/people\/Nexo-Informativo\/61564066885511\/\"]},{\"@type\":\"Person\",\"@id\":\"https:\/\/www.nexoinformativo.mx\/#\/schema\/person\/7749d380ba08c8ca00d7bc76fd907b7d\",\"name\":\"Nexo Informativo\",\"image\":{\"@type\":\"ImageObject\",\"inLanguage\":\"es\",\"@id\":\"https:\/\/www.nexoinformativo.mx\/#\/schema\/person\/image\/\",\"url\":\"https:\/\/secure.gravatar.com\/avatar\/dde2928154642a13d95f87ddf1ea9718fe2b46760a005c53e41ff5ad610704e6?s=96&d=mm&r=g\",\"contentUrl\":\"https:\/\/secure.gravatar.com\/avatar\/dde2928154642a13d95f87ddf1ea9718fe2b46760a005c53e41ff5ad610704e6?s=96&d=mm&r=g\",\"caption\":\"Nexo Informativo\"},\"url\":\"https:\/\/www.nexoinformativo.mx\/index.php\/author\/edicion\/\"}]}<\/script>\n<!-- \/ Yoast SEO plugin. -->","yoast_head_json":{"title":"Recuperado SSPM-SJR localiza veh\u00edculo robado y desvalijado gracias a denuncia ciudadana | Nexo Informativo Santiago de Quer\u00e9taro","description":"Recuperado SSPM-SJR localiza veh\u00edculo robado y desvalijado gracias a denuncia ciudadana","robots":{"index":"index","follow":"follow","max-snippet":"max-snippet:-1","max-image-preview":"max-image-preview:large","max-video-preview":"max-video-preview:-1"},"canonical":"https:\/\/www.nexoinformativo.mx\/index.php\/2025\/03\/10\/recuperado-sspm-sjr-localiza-vehiculo-robado-y-desvalijado-gracias-a-denuncia-ciudadana\/","og_locale":"es_MX","og_type":"article","og_title":"Recuperado SSPM-SJR localiza veh\u00edculo robado y desvalijado gracias a denuncia ciudadana | Nexo Informativo Santiago de Quer\u00e9taro","og_description":"Recuperado SSPM-SJR localiza veh\u00edculo robado y desvalijado gracias a denuncia ciudadana","og_url":"https:\/\/www.nexoinformativo.mx\/index.php\/2025\/03\/10\/recuperado-sspm-sjr-localiza-vehiculo-robado-y-desvalijado-gracias-a-denuncia-ciudadana\/","og_site_name":"Nexo Informativo Santiago de Quer\u00e9taro","article_publisher":"https:\/\/www.facebook.com\/people\/Nexo-Informativo\/61564066885511\/","article_published_time":"2025-03-10T18:00:38+00:00","article_modified_time":"2025-03-10T20:35:25+00:00","og_image":[{"width":800,"height":671,"url":"https:\/\/www.nexoinformativo.mx\/wp-content\/uploads\/2025\/03\/PHOTO-2025-03-10-13-49-12-e1741638860489.jpg","type":"image\/jpeg"}],"author":"Nexo Informativo","twitter_card":"summary_large_image","twitter_misc":{"Escrito por":"Nexo Informativo","Tiempo de lectura":"1 minuto"},"schema":{"@context":"https:\/\/schema.org","@graph":[{"@type":"Article","@id":"https:\/\/www.nexoinformativo.mx\/index.php\/2025\/03\/10\/recuperado-sspm-sjr-localiza-vehiculo-robado-y-desvalijado-gracias-a-denuncia-ciudadana\/#article","isPartOf":{"@id":"https:\/\/www.nexoinformativo.mx\/index.php\/2025\/03\/10\/recuperado-sspm-sjr-localiza-vehiculo-robado-y-desvalijado-gracias-a-denuncia-ciudadana\/"},"author":{"name":"Nexo Informativo","@id":"https:\/\/www.nexoinformativo.mx\/#\/schema\/person\/7749d380ba08c8ca00d7bc76fd907b7d"},"headline":"Recuperado SSPM-SJR localiza veh\u00edculo robado y desvalijado gracias a denuncia ciudadana","datePublished":"2025-03-10T18:00:38+00:00","dateModified":"2025-03-10T20:35:25+00:00","mainEntityOfPage":{"@id":"https:\/\/www.nexoinformativo.mx\/index.php\/2025\/03\/10\/recuperado-sspm-sjr-localiza-vehiculo-robado-y-desvalijado-gracias-a-denuncia-ciudadana\/"},"wordCount":158,"commentCount":0,"publisher":{"@id":"https:\/\/www.nexoinformativo.mx\/#organization"},"image":{"@id":"https:\/\/www.nexoinformativo.mx\/index.php\/2025\/03\/10\/recuperado-sspm-sjr-localiza-vehiculo-robado-y-desvalijado-gracias-a-denuncia-ciudadana\/#primaryimage"},"thumbnailUrl":"https:\/\/www.nexoinformativo.mx\/wp-content\/uploads\/2025\/03\/PHOTO-2025-03-10-13-49-12-e1741638860489.jpg","keywords":["DenunciaCiudadana","Recuperaci\u00f3nVehicular","SanJuanDelR\u00edo","SSPMSJR"],"articleSection":["Municipios","Sucesos","\u00daltima Hora"],"inLanguage":"es","potentialAction":[{"@type":"CommentAction","name":"Comment","target":["https:\/\/www.nexoinformativo.mx\/index.php\/2025\/03\/10\/recuperado-sspm-sjr-localiza-vehiculo-robado-y-desvalijado-gracias-a-denuncia-ciudadana\/#respond"]}]},{"@type":"WebPage","@id":"https:\/\/www.nexoinformativo.mx\/index.php\/2025\/03\/10\/recuperado-sspm-sjr-localiza-vehiculo-robado-y-desvalijado-gracias-a-denuncia-ciudadana\/","url":"https:\/\/www.nexoinformativo.mx\/index.php\/2025\/03\/10\/recuperado-sspm-sjr-localiza-vehiculo-robado-y-desvalijado-gracias-a-denuncia-ciudadana\/","name":"Recuperado SSPM-SJR localiza veh\u00edculo robado y desvalijado gracias a denuncia ciudadana | Nexo Informativo Santiago de Quer\u00e9taro","isPartOf":{"@id":"https:\/\/www.nexoinformativo.mx\/#website"},"primaryImageOfPage":{"@id":"https:\/\/www.nexoinformativo.mx\/index.php\/2025\/03\/10\/recuperado-sspm-sjr-localiza-vehiculo-robado-y-desvalijado-gracias-a-denuncia-ciudadana\/#primaryimage"},"image":{"@id":"https:\/\/www.nexoinformativo.mx\/index.php\/2025\/03\/10\/recuperado-sspm-sjr-localiza-vehiculo-robado-y-desvalijado-gracias-a-denuncia-ciudadana\/#primaryimage"},"thumbnailUrl":"https:\/\/www.nexoinformativo.mx\/wp-content\/uploads\/2025\/03\/PHOTO-2025-03-10-13-49-12-e1741638860489.jpg","datePublished":"2025-03-10T18:00:38+00:00","dateModified":"2025-03-10T20:35:25+00:00","description":"Recuperado SSPM-SJR localiza veh\u00edculo robado y desvalijado gracias a denuncia ciudadana","breadcrumb":{"@id":"https:\/\/www.nexoinformativo.mx\/index.php\/2025\/03\/10\/recuperado-sspm-sjr-localiza-vehiculo-robado-y-desvalijado-gracias-a-denuncia-ciudadana\/#breadcrumb"},"inLanguage":"es","potentialAction":[{"@type":"ReadAction","target":["https:\/\/www.nexoinformativo.mx\/index.php\/2025\/03\/10\/recuperado-sspm-sjr-localiza-vehiculo-robado-y-desvalijado-gracias-a-denuncia-ciudadana\/"]}]},{"@type":"ImageObject","inLanguage":"es","@id":"https:\/\/www.nexoinformativo.mx\/index.php\/2025\/03\/10\/recuperado-sspm-sjr-localiza-vehiculo-robado-y-desvalijado-gracias-a-denuncia-ciudadana\/#primaryimage","url":"https:\/\/www.nexoinformativo.mx\/wp-content\/uploads\/2025\/03\/PHOTO-2025-03-10-13-49-12-e1741638860489.jpg","contentUrl":"https:\/\/www.nexoinformativo.mx\/wp-content\/uploads\/2025\/03\/PHOTO-2025-03-10-13-49-12-e1741638860489.jpg","width":800,"height":671},{"@type":"BreadcrumbList","@id":"https:\/\/www.nexoinformativo.mx\/index.php\/2025\/03\/10\/recuperado-sspm-sjr-localiza-vehiculo-robado-y-desvalijado-gracias-a-denuncia-ciudadana\/#breadcrumb","itemListElement":[{"@type":"ListItem","position":1,"name":"Inicio","item":"https:\/\/www.nexoinformativo.mx\/"},{"@type":"ListItem","position":2,"name":"Recuperado SSPM-SJR localiza veh\u00edculo robado y desvalijado gracias a denuncia ciudadana"}]},{"@type":"WebSite","@id":"https:\/\/www.nexoinformativo.mx\/#website","url":"https:\/\/www.nexoinformativo.mx\/","name":"Nexo Informativo Santiago de Quer\u00e9taro","description":"Explora NexoInformativo y convi\u00e9rtete en parte de una comunidad que valora el conocimiento y la verdad. Tu nexoinformativo es tu puente hacia una comprensi\u00f3n m\u00e1s profunda del mundo que te rodea.","publisher":{"@id":"https:\/\/www.nexoinformativo.mx\/#organization"},"potentialAction":[{"@type":"SearchAction","target":{"@type":"EntryPoint","urlTemplate":"https:\/\/www.nexoinformativo.mx\/?s={search_term_string}"},"query-input":{"@type":"PropertyValueSpecification","valueRequired":true,"valueName":"search_term_string"}}],"inLanguage":"es"},{"@type":"Organization","@id":"https:\/\/www.nexoinformativo.mx\/#organization","name":"Nexo Informativo Santiago de Quer\u00e9taro","url":"https:\/\/www.nexoinformativo.mx\/","logo":{"@type":"ImageObject","inLanguage":"es","@id":"https:\/\/www.nexoinformativo.mx\/#\/schema\/logo\/image\/","url":"https:\/\/www.nexoinformativo.mx\/wp-content\/uploads\/2024\/07\/nexoi-trasparente-2.png","contentUrl":"https:\/\/www.nexoinformativo.mx\/wp-content\/uploads\/2024\/07\/nexoi-trasparente-2.png","width":816,"height":339,"caption":"Nexo Informativo Santiago de Quer\u00e9taro"},"image":{"@id":"https:\/\/www.nexoinformativo.mx\/#\/schema\/logo\/image\/"},"sameAs":["https:\/\/www.facebook.com\/people\/Nexo-Informativo\/61564066885511\/"]},{"@type":"Person","@id":"https:\/\/www.nexoinformativo.mx\/#\/schema\/person\/7749d380ba08c8ca00d7bc76fd907b7d","name":"Nexo Informativo","image":{"@type":"ImageObject","inLanguage":"es","@id":"https:\/\/www.nexoinformativo.mx\/#\/schema\/person\/image\/","url":"https:\/\/secure.gravatar.com\/avatar\/dde2928154642a13d95f87ddf1ea9718fe2b46760a005c53e41ff5ad610704e6?s=96&d=mm&r=g","contentUrl":"https:\/\/secure.gravatar.com\/avatar\/dde2928154642a13d95f87ddf1ea9718fe2b46760a005c53e41ff5ad610704e6?s=96&d=mm&r=g","caption":"Nexo Informativo"},"url":"https:\/\/www.nexoinformativo.mx\/index.php\/author\/edicion\/"}]}},"_links":{"self":[{"href":"https:\/\/www.nexoinformativo.mx\/index.php\/wp-json\/wp\/v2\/posts\/12558","targetHints":{"allow":["GET"]}}],"collection":[{"href":"https:\/\/www.nexoinformativo.mx\/index.php\/wp-json\/wp\/v2\/posts"}],"about":[{"href":"https:\/\/www.nexoinformativo.mx\/index.php\/wp-json\/wp\/v2\/types\/post"}],"author":[{"embeddable":true,"href":"https:\/\/www.nexoinformativo.mx\/index.php\/wp-json\/wp\/v2\/users\/3"}],"replies":[{"embeddable":true,"href":"https:\/\/www.nexoinformativo.mx\/index.php\/wp-json\/wp\/v2\/comments?post=12558"}],"version-history":[{"count":3,"href":"https:\/\/www.nexoinformativo.mx\/index.php\/wp-json\/wp\/v2\/posts\/12558\/revisions"}],"predecessor-version":[{"id":12562,"href":"https:\/\/www.nexoinformativo.mx\/index.php\/wp-json\/wp\/v2\/posts\/12558\/revisions\/12562"}],"wp:featuredmedia":[{"embeddable":true,"href":"https:\/\/www.nexoinformativo.mx\/index.php\/wp-json\/wp\/v2\/media\/12559"}],"wp:attachment":[{"href":"https:\/\/www.nexoinformativo.mx\/index.php\/wp-json\/wp\/v2\/media?parent=12558"}],"wp:term":[{"taxonomy":"category","embeddable":true,"href":"https:\/\/www.nexoinformativo.mx\/index.php\/wp-json\/wp\/v2\/categories?post=12558"},{"taxonomy":"post_tag","embeddable":true,"href":"https:\/\/www.nexoinformativo.mx\/index.php\/wp-json\/wp\/v2\/tags?post=12558"}],"curies":[{"name":"wp","href":"https:\/\/api.w.org\/{rel}","templated":true}]}}