{"id":12574,"date":"2025-03-10T13:30:41","date_gmt":"2025-03-10T19:30:41","guid":{"rendered":"https:\/\/www.nexoinformativo.mx\/?p=12574"},"modified":"2025-03-10T15:12:32","modified_gmt":"2025-03-10T21:12:32","slug":"kuri-menciona-que-ya-se-identificaron-a-los-responsables-de-triple-homicidio-en-queretaro-guerra-entre-bandas","status":"publish","type":"post","link":"https:\/\/www.nexoinformativo.mx\/index.php\/2025\/03\/10\/kuri-menciona-que-ya-se-identificaron-a-los-responsables-de-triple-homicidio-en-queretaro-guerra-entre-bandas\/","title":{"rendered":"Kuri menciona que ya se identificaron a los responsables del triple homicidio en Quer\u00e9taro guerra entre bandas"},"content":{"rendered":"<p style=\"text-align: justify;\" data-sourcepos=\"13:1-13:230\">El gobernador del estado, Mauricio Kuri, inform\u00f3 que las autoridades ya identificaron a los responsables del asesinato de tres personas ocurrido el pasado fin de semana en las afueras de un antro.<\/p>\n<p>&nbsp;<\/p>\n<p style=\"text-align: justify;\" data-sourcepos=\"15:1-15:135\">Kuri se\u00f1al\u00f3 que los agresores ten\u00edan poco tiempo en el estado y que el ataque est\u00e1 relacionado con una disputa entre grupos delictivos.<\/p>\n<p>&nbsp;<\/p>\n<p style=\"text-align: justify;\" data-sourcepos=\"17:1-17:189\"><strong>&#8220;Estas personas ya est\u00e1n ubicadas y la Fiscal\u00eda est\u00e1 trabajando&#8230; lo que sabemos es que llegaron aqu\u00ed hace poco y estaban buscados por una guerra contra otro grupo&#8221;<\/strong>, detall\u00f3 el gobernador.<\/p>\n<p>&nbsp;<\/p>\n<p style=\"text-align: justify;\" data-sourcepos=\"19:1-19:160\">Kuri hizo un llamado a la ciudadan\u00eda y a los empresarios para que se sumen a los esfuerzos en materia de seguridad, ya que considera que es un trabajo conjunto.<\/p>\n<p>&nbsp;<\/p>\n<p style=\"text-align: justify;\" data-sourcepos=\"21:1-21:190\"><strong>&#8220;El gobierno solo no puede, necesitamos de la ciudadan\u00eda&#8230; ya tuvo una pl\u00e1tica el se\u00f1or secretario con el municipio y los diferentes empresarios de la vida nocturna de Quer\u00e9taro&#8221;<\/strong>, mencion\u00f3.<\/p>\n<p>&nbsp;<\/p>\n<p style=\"text-align: justify;\" data-sourcepos=\"23:1-23:136\">El gobernador pidi\u00f3 a los due\u00f1os de antros y bares que est\u00e9n atentos a sus negocios y que reporten la presencia de personas sospechosas.<\/p>\n<p>&nbsp;<\/p>\n<p style=\"text-align: center;\" data-sourcepos=\"23:1-23:136\"><em><strong>\u00a1Informaci\u00f3n que transforma!<\/strong><\/em><\/p>\n","protected":false},"excerpt":{"rendered":"<p>El gobernador del estado, Mauricio Kuri, inform\u00f3 que las autoridades ya identificaron a los responsables del asesinato de tres personas ocurrido el pasado fin de semana en las afueras de un antro.<\/p>\n","protected":false},"author":3,"featured_media":12575,"comment_status":"open","ping_status":"open","sticky":false,"template":"","format":"standard","meta":{"footnotes":""},"categories":[42,137,58],"tags":[3558,661,266,3705],"class_list":["post-12574","post","type-post","status-publish","format-standard","has-post-thumbnail","hentry","category-estado","category-sucesos","category-ultima-hora","tag-justiciaqro","tag-mauriciokuri","tag-seguridadqueretaro","tag-violenciacero"],"yoast_head":"<!-- This site is optimized with the Yoast SEO plugin v25.0 - https:\/\/yoast.com\/wordpress\/plugins\/seo\/ -->\n<title>Kuri menciona que ya se identificaron a los responsables del triple homicidio en Quer\u00e9taro guerra entre bandas | Nexo Informativo Santiago de Quer\u00e9taro<\/title>\n<meta name=\"description\" content=\"Kuri menciona que ya se identificaron a los responsables de triple homicidio en Quer\u00e9taro guerra entre bandas\" \/>\n<meta name=\"robots\" content=\"index, follow, max-snippet:-1, max-image-preview:large, max-video-preview:-1\" \/>\n<link rel=\"canonical\" href=\"https:\/\/www.nexoinformativo.mx\/index.php\/2025\/03\/10\/kuri-menciona-que-ya-se-identificaron-a-los-responsables-de-triple-homicidio-en-queretaro-guerra-entre-bandas\/\" \/>\n<meta property=\"og:locale\" content=\"es_MX\" \/>\n<meta property=\"og:type\" content=\"article\" \/>\n<meta property=\"og:title\" content=\"Kuri menciona que ya se identificaron a los responsables del triple homicidio en Quer\u00e9taro guerra entre bandas | Nexo Informativo Santiago de Quer\u00e9taro\" \/>\n<meta property=\"og:description\" content=\"Kuri menciona que ya se identificaron a los responsables de triple homicidio en Quer\u00e9taro guerra entre bandas\" \/>\n<meta property=\"og:url\" content=\"https:\/\/www.nexoinformativo.mx\/index.php\/2025\/03\/10\/kuri-menciona-que-ya-se-identificaron-a-los-responsables-de-triple-homicidio-en-queretaro-guerra-entre-bandas\/\" \/>\n<meta property=\"og:site_name\" content=\"Nexo Informativo Santiago de Quer\u00e9taro\" \/>\n<meta property=\"article:publisher\" content=\"https:\/\/www.facebook.com\/people\/Nexo-Informativo\/61564066885511\/\" \/>\n<meta property=\"article:published_time\" content=\"2025-03-10T19:30:41+00:00\" \/>\n<meta property=\"article:modified_time\" content=\"2025-03-10T21:12:32+00:00\" \/>\n<meta property=\"og:image\" content=\"https:\/\/www.nexoinformativo.mx\/wp-content\/uploads\/2025\/03\/IMG_1544-e1741641074985.jpg\" \/>\n\t<meta property=\"og:image:width\" content=\"600\" \/>\n\t<meta property=\"og:image:height\" content=\"739\" \/>\n\t<meta property=\"og:image:type\" content=\"image\/jpeg\" \/>\n<meta name=\"author\" content=\"Nexo Informativo\" \/>\n<meta name=\"twitter:card\" content=\"summary_large_image\" \/>\n<meta name=\"twitter:label1\" content=\"Escrito por\" \/>\n\t<meta name=\"twitter:data1\" content=\"Nexo Informativo\" \/>\n\t<meta name=\"twitter:label2\" content=\"Tiempo de lectura\" \/>\n\t<meta name=\"twitter:data2\" content=\"1 minuto\" \/>\n<script type=\"application\/ld+json\" class=\"yoast-schema-graph\">{\"@context\":\"https:\/\/schema.org\",\"@graph\":[{\"@type\":\"Article\",\"@id\":\"https:\/\/www.nexoinformativo.mx\/index.php\/2025\/03\/10\/kuri-menciona-que-ya-se-identificaron-a-los-responsables-de-triple-homicidio-en-queretaro-guerra-entre-bandas\/#article\",\"isPartOf\":{\"@id\":\"https:\/\/www.nexoinformativo.mx\/index.php\/2025\/03\/10\/kuri-menciona-que-ya-se-identificaron-a-los-responsables-de-triple-homicidio-en-queretaro-guerra-entre-bandas\/\"},\"author\":{\"name\":\"Nexo Informativo\",\"@id\":\"https:\/\/www.nexoinformativo.mx\/#\/schema\/person\/7749d380ba08c8ca00d7bc76fd907b7d\"},\"headline\":\"Kuri menciona que ya se identificaron a los responsables del triple homicidio en Quer\u00e9taro guerra entre bandas\",\"datePublished\":\"2025-03-10T19:30:41+00:00\",\"dateModified\":\"2025-03-10T21:12:32+00:00\",\"mainEntityOfPage\":{\"@id\":\"https:\/\/www.nexoinformativo.mx\/index.php\/2025\/03\/10\/kuri-menciona-que-ya-se-identificaron-a-los-responsables-de-triple-homicidio-en-queretaro-guerra-entre-bandas\/\"},\"wordCount\":209,\"commentCount\":0,\"publisher\":{\"@id\":\"https:\/\/www.nexoinformativo.mx\/#organization\"},\"image\":{\"@id\":\"https:\/\/www.nexoinformativo.mx\/index.php\/2025\/03\/10\/kuri-menciona-que-ya-se-identificaron-a-los-responsables-de-triple-homicidio-en-queretaro-guerra-entre-bandas\/#primaryimage\"},\"thumbnailUrl\":\"https:\/\/www.nexoinformativo.mx\/wp-content\/uploads\/2025\/03\/IMG_1544-e1741641074985.jpg\",\"keywords\":[\"JusticiaQro\",\"MauricioKuri\",\"SeguridadQueretaro\",\"ViolenciaCero\"],\"articleSection\":[\"Estado\",\"Sucesos\",\"\u00daltima Hora\"],\"inLanguage\":\"es\",\"potentialAction\":[{\"@type\":\"CommentAction\",\"name\":\"Comment\",\"target\":[\"https:\/\/www.nexoinformativo.mx\/index.php\/2025\/03\/10\/kuri-menciona-que-ya-se-identificaron-a-los-responsables-de-triple-homicidio-en-queretaro-guerra-entre-bandas\/#respond\"]}]},{\"@type\":\"WebPage\",\"@id\":\"https:\/\/www.nexoinformativo.mx\/index.php\/2025\/03\/10\/kuri-menciona-que-ya-se-identificaron-a-los-responsables-de-triple-homicidio-en-queretaro-guerra-entre-bandas\/\",\"url\":\"https:\/\/www.nexoinformativo.mx\/index.php\/2025\/03\/10\/kuri-menciona-que-ya-se-identificaron-a-los-responsables-de-triple-homicidio-en-queretaro-guerra-entre-bandas\/\",\"name\":\"Kuri menciona que ya se identificaron a los responsables del triple homicidio en Quer\u00e9taro guerra entre bandas | Nexo Informativo Santiago de Quer\u00e9taro\",\"isPartOf\":{\"@id\":\"https:\/\/www.nexoinformativo.mx\/#website\"},\"primaryImageOfPage\":{\"@id\":\"https:\/\/www.nexoinformativo.mx\/index.php\/2025\/03\/10\/kuri-menciona-que-ya-se-identificaron-a-los-responsables-de-triple-homicidio-en-queretaro-guerra-entre-bandas\/#primaryimage\"},\"image\":{\"@id\":\"https:\/\/www.nexoinformativo.mx\/index.php\/2025\/03\/10\/kuri-menciona-que-ya-se-identificaron-a-los-responsables-de-triple-homicidio-en-queretaro-guerra-entre-bandas\/#primaryimage\"},\"thumbnailUrl\":\"https:\/\/www.nexoinformativo.mx\/wp-content\/uploads\/2025\/03\/IMG_1544-e1741641074985.jpg\",\"datePublished\":\"2025-03-10T19:30:41+00:00\",\"dateModified\":\"2025-03-10T21:12:32+00:00\",\"description\":\"Kuri menciona que ya se identificaron a los responsables de triple homicidio en Quer\u00e9taro guerra entre bandas\",\"breadcrumb\":{\"@id\":\"https:\/\/www.nexoinformativo.mx\/index.php\/2025\/03\/10\/kuri-menciona-que-ya-se-identificaron-a-los-responsables-de-triple-homicidio-en-queretaro-guerra-entre-bandas\/#breadcrumb\"},\"inLanguage\":\"es\",\"potentialAction\":[{\"@type\":\"ReadAction\",\"target\":[\"https:\/\/www.nexoinformativo.mx\/index.php\/2025\/03\/10\/kuri-menciona-que-ya-se-identificaron-a-los-responsables-de-triple-homicidio-en-queretaro-guerra-entre-bandas\/\"]}]},{\"@type\":\"ImageObject\",\"inLanguage\":\"es\",\"@id\":\"https:\/\/www.nexoinformativo.mx\/index.php\/2025\/03\/10\/kuri-menciona-que-ya-se-identificaron-a-los-responsables-de-triple-homicidio-en-queretaro-guerra-entre-bandas\/#primaryimage\",\"url\":\"https:\/\/www.nexoinformativo.mx\/wp-content\/uploads\/2025\/03\/IMG_1544-e1741641074985.jpg\",\"contentUrl\":\"https:\/\/www.nexoinformativo.mx\/wp-content\/uploads\/2025\/03\/IMG_1544-e1741641074985.jpg\",\"width\":600,\"height\":739,\"caption\":\"Screenshot\"},{\"@type\":\"BreadcrumbList\",\"@id\":\"https:\/\/www.nexoinformativo.mx\/index.php\/2025\/03\/10\/kuri-menciona-que-ya-se-identificaron-a-los-responsables-de-triple-homicidio-en-queretaro-guerra-entre-bandas\/#breadcrumb\",\"itemListElement\":[{\"@type\":\"ListItem\",\"position\":1,\"name\":\"Inicio\",\"item\":\"https:\/\/www.nexoinformativo.mx\/\"},{\"@type\":\"ListItem\",\"position\":2,\"name\":\"Kuri menciona que ya se identificaron a los responsables del triple homicidio en Quer\u00e9taro guerra entre bandas\"}]},{\"@type\":\"WebSite\",\"@id\":\"https:\/\/www.nexoinformativo.mx\/#website\",\"url\":\"https:\/\/www.nexoinformativo.mx\/\",\"name\":\"Nexo Informativo Santiago de Quer\u00e9taro\",\"description\":\"Explora NexoInformativo y convi\u00e9rtete en parte de una comunidad que valora el conocimiento y la verdad. Tu nexoinformativo es tu puente hacia una comprensi\u00f3n m\u00e1s profunda del mundo que te rodea.\",\"publisher\":{\"@id\":\"https:\/\/www.nexoinformativo.mx\/#organization\"},\"potentialAction\":[{\"@type\":\"SearchAction\",\"target\":{\"@type\":\"EntryPoint\",\"urlTemplate\":\"https:\/\/www.nexoinformativo.mx\/?s={search_term_string}\"},\"query-input\":{\"@type\":\"PropertyValueSpecification\",\"valueRequired\":true,\"valueName\":\"search_term_string\"}}],\"inLanguage\":\"es\"},{\"@type\":\"Organization\",\"@id\":\"https:\/\/www.nexoinformativo.mx\/#organization\",\"name\":\"Nexo Informativo Santiago de Quer\u00e9taro\",\"url\":\"https:\/\/www.nexoinformativo.mx\/\",\"logo\":{\"@type\":\"ImageObject\",\"inLanguage\":\"es\",\"@id\":\"https:\/\/www.nexoinformativo.mx\/#\/schema\/logo\/image\/\",\"url\":\"https:\/\/www.nexoinformativo.mx\/wp-content\/uploads\/2024\/07\/nexoi-trasparente-2.png\",\"contentUrl\":\"https:\/\/www.nexoinformativo.mx\/wp-content\/uploads\/2024\/07\/nexoi-trasparente-2.png\",\"width\":816,\"height\":339,\"caption\":\"Nexo Informativo Santiago de Quer\u00e9taro\"},\"image\":{\"@id\":\"https:\/\/www.nexoinformativo.mx\/#\/schema\/logo\/image\/\"},\"sameAs\":[\"https:\/\/www.facebook.com\/people\/Nexo-Informativo\/61564066885511\/\"]},{\"@type\":\"Person\",\"@id\":\"https:\/\/www.nexoinformativo.mx\/#\/schema\/person\/7749d380ba08c8ca00d7bc76fd907b7d\",\"name\":\"Nexo Informativo\",\"image\":{\"@type\":\"ImageObject\",\"inLanguage\":\"es\",\"@id\":\"https:\/\/www.nexoinformativo.mx\/#\/schema\/person\/image\/\",\"url\":\"https:\/\/secure.gravatar.com\/avatar\/dde2928154642a13d95f87ddf1ea9718fe2b46760a005c53e41ff5ad610704e6?s=96&d=mm&r=g\",\"contentUrl\":\"https:\/\/secure.gravatar.com\/avatar\/dde2928154642a13d95f87ddf1ea9718fe2b46760a005c53e41ff5ad610704e6?s=96&d=mm&r=g\",\"caption\":\"Nexo Informativo\"},\"url\":\"https:\/\/www.nexoinformativo.mx\/index.php\/author\/edicion\/\"}]}<\/script>\n<!-- \/ Yoast SEO plugin. -->","yoast_head_json":{"title":"Kuri menciona que ya se identificaron a los responsables del triple homicidio en Quer\u00e9taro guerra entre bandas | Nexo Informativo Santiago de Quer\u00e9taro","description":"Kuri menciona que ya se identificaron a los responsables de triple homicidio en Quer\u00e9taro guerra entre bandas","robots":{"index":"index","follow":"follow","max-snippet":"max-snippet:-1","max-image-preview":"max-image-preview:large","max-video-preview":"max-video-preview:-1"},"canonical":"https:\/\/www.nexoinformativo.mx\/index.php\/2025\/03\/10\/kuri-menciona-que-ya-se-identificaron-a-los-responsables-de-triple-homicidio-en-queretaro-guerra-entre-bandas\/","og_locale":"es_MX","og_type":"article","og_title":"Kuri menciona que ya se identificaron a los responsables del triple homicidio en Quer\u00e9taro guerra entre bandas | Nexo Informativo Santiago de Quer\u00e9taro","og_description":"Kuri menciona que ya se identificaron a los responsables de triple homicidio en Quer\u00e9taro guerra entre bandas","og_url":"https:\/\/www.nexoinformativo.mx\/index.php\/2025\/03\/10\/kuri-menciona-que-ya-se-identificaron-a-los-responsables-de-triple-homicidio-en-queretaro-guerra-entre-bandas\/","og_site_name":"Nexo Informativo Santiago de Quer\u00e9taro","article_publisher":"https:\/\/www.facebook.com\/people\/Nexo-Informativo\/61564066885511\/","article_published_time":"2025-03-10T19:30:41+00:00","article_modified_time":"2025-03-10T21:12:32+00:00","og_image":[{"width":600,"height":739,"url":"https:\/\/www.nexoinformativo.mx\/wp-content\/uploads\/2025\/03\/IMG_1544-e1741641074985.jpg","type":"image\/jpeg"}],"author":"Nexo Informativo","twitter_card":"summary_large_image","twitter_misc":{"Escrito por":"Nexo Informativo","Tiempo de lectura":"1 minuto"},"schema":{"@context":"https:\/\/schema.org","@graph":[{"@type":"Article","@id":"https:\/\/www.nexoinformativo.mx\/index.php\/2025\/03\/10\/kuri-menciona-que-ya-se-identificaron-a-los-responsables-de-triple-homicidio-en-queretaro-guerra-entre-bandas\/#article","isPartOf":{"@id":"https:\/\/www.nexoinformativo.mx\/index.php\/2025\/03\/10\/kuri-menciona-que-ya-se-identificaron-a-los-responsables-de-triple-homicidio-en-queretaro-guerra-entre-bandas\/"},"author":{"name":"Nexo Informativo","@id":"https:\/\/www.nexoinformativo.mx\/#\/schema\/person\/7749d380ba08c8ca00d7bc76fd907b7d"},"headline":"Kuri menciona que ya se identificaron a los responsables del triple homicidio en Quer\u00e9taro guerra entre bandas","datePublished":"2025-03-10T19:30:41+00:00","dateModified":"2025-03-10T21:12:32+00:00","mainEntityOfPage":{"@id":"https:\/\/www.nexoinformativo.mx\/index.php\/2025\/03\/10\/kuri-menciona-que-ya-se-identificaron-a-los-responsables-de-triple-homicidio-en-queretaro-guerra-entre-bandas\/"},"wordCount":209,"commentCount":0,"publisher":{"@id":"https:\/\/www.nexoinformativo.mx\/#organization"},"image":{"@id":"https:\/\/www.nexoinformativo.mx\/index.php\/2025\/03\/10\/kuri-menciona-que-ya-se-identificaron-a-los-responsables-de-triple-homicidio-en-queretaro-guerra-entre-bandas\/#primaryimage"},"thumbnailUrl":"https:\/\/www.nexoinformativo.mx\/wp-content\/uploads\/2025\/03\/IMG_1544-e1741641074985.jpg","keywords":["JusticiaQro","MauricioKuri","SeguridadQueretaro","ViolenciaCero"],"articleSection":["Estado","Sucesos","\u00daltima Hora"],"inLanguage":"es","potentialAction":[{"@type":"CommentAction","name":"Comment","target":["https:\/\/www.nexoinformativo.mx\/index.php\/2025\/03\/10\/kuri-menciona-que-ya-se-identificaron-a-los-responsables-de-triple-homicidio-en-queretaro-guerra-entre-bandas\/#respond"]}]},{"@type":"WebPage","@id":"https:\/\/www.nexoinformativo.mx\/index.php\/2025\/03\/10\/kuri-menciona-que-ya-se-identificaron-a-los-responsables-de-triple-homicidio-en-queretaro-guerra-entre-bandas\/","url":"https:\/\/www.nexoinformativo.mx\/index.php\/2025\/03\/10\/kuri-menciona-que-ya-se-identificaron-a-los-responsables-de-triple-homicidio-en-queretaro-guerra-entre-bandas\/","name":"Kuri menciona que ya se identificaron a los responsables del triple homicidio en Quer\u00e9taro guerra entre bandas | Nexo Informativo Santiago de Quer\u00e9taro","isPartOf":{"@id":"https:\/\/www.nexoinformativo.mx\/#website"},"primaryImageOfPage":{"@id":"https:\/\/www.nexoinformativo.mx\/index.php\/2025\/03\/10\/kuri-menciona-que-ya-se-identificaron-a-los-responsables-de-triple-homicidio-en-queretaro-guerra-entre-bandas\/#primaryimage"},"image":{"@id":"https:\/\/www.nexoinformativo.mx\/index.php\/2025\/03\/10\/kuri-menciona-que-ya-se-identificaron-a-los-responsables-de-triple-homicidio-en-queretaro-guerra-entre-bandas\/#primaryimage"},"thumbnailUrl":"https:\/\/www.nexoinformativo.mx\/wp-content\/uploads\/2025\/03\/IMG_1544-e1741641074985.jpg","datePublished":"2025-03-10T19:30:41+00:00","dateModified":"2025-03-10T21:12:32+00:00","description":"Kuri menciona que ya se identificaron a los responsables de triple homicidio en Quer\u00e9taro guerra entre bandas","breadcrumb":{"@id":"https:\/\/www.nexoinformativo.mx\/index.php\/2025\/03\/10\/kuri-menciona-que-ya-se-identificaron-a-los-responsables-de-triple-homicidio-en-queretaro-guerra-entre-bandas\/#breadcrumb"},"inLanguage":"es","potentialAction":[{"@type":"ReadAction","target":["https:\/\/www.nexoinformativo.mx\/index.php\/2025\/03\/10\/kuri-menciona-que-ya-se-identificaron-a-los-responsables-de-triple-homicidio-en-queretaro-guerra-entre-bandas\/"]}]},{"@type":"ImageObject","inLanguage":"es","@id":"https:\/\/www.nexoinformativo.mx\/index.php\/2025\/03\/10\/kuri-menciona-que-ya-se-identificaron-a-los-responsables-de-triple-homicidio-en-queretaro-guerra-entre-bandas\/#primaryimage","url":"https:\/\/www.nexoinformativo.mx\/wp-content\/uploads\/2025\/03\/IMG_1544-e1741641074985.jpg","contentUrl":"https:\/\/www.nexoinformativo.mx\/wp-content\/uploads\/2025\/03\/IMG_1544-e1741641074985.jpg","width":600,"height":739,"caption":"Screenshot"},{"@type":"BreadcrumbList","@id":"https:\/\/www.nexoinformativo.mx\/index.php\/2025\/03\/10\/kuri-menciona-que-ya-se-identificaron-a-los-responsables-de-triple-homicidio-en-queretaro-guerra-entre-bandas\/#breadcrumb","itemListElement":[{"@type":"ListItem","position":1,"name":"Inicio","item":"https:\/\/www.nexoinformativo.mx\/"},{"@type":"ListItem","position":2,"name":"Kuri menciona que ya se identificaron a los responsables del triple homicidio en Quer\u00e9taro guerra entre bandas"}]},{"@type":"WebSite","@id":"https:\/\/www.nexoinformativo.mx\/#website","url":"https:\/\/www.nexoinformativo.mx\/","name":"Nexo Informativo Santiago de Quer\u00e9taro","description":"Explora NexoInformativo y convi\u00e9rtete en parte de una comunidad que valora el conocimiento y la verdad. Tu nexoinformativo es tu puente hacia una comprensi\u00f3n m\u00e1s profunda del mundo que te rodea.","publisher":{"@id":"https:\/\/www.nexoinformativo.mx\/#organization"},"potentialAction":[{"@type":"SearchAction","target":{"@type":"EntryPoint","urlTemplate":"https:\/\/www.nexoinformativo.mx\/?s={search_term_string}"},"query-input":{"@type":"PropertyValueSpecification","valueRequired":true,"valueName":"search_term_string"}}],"inLanguage":"es"},{"@type":"Organization","@id":"https:\/\/www.nexoinformativo.mx\/#organization","name":"Nexo Informativo Santiago de Quer\u00e9taro","url":"https:\/\/www.nexoinformativo.mx\/","logo":{"@type":"ImageObject","inLanguage":"es","@id":"https:\/\/www.nexoinformativo.mx\/#\/schema\/logo\/image\/","url":"https:\/\/www.nexoinformativo.mx\/wp-content\/uploads\/2024\/07\/nexoi-trasparente-2.png","contentUrl":"https:\/\/www.nexoinformativo.mx\/wp-content\/uploads\/2024\/07\/nexoi-trasparente-2.png","width":816,"height":339,"caption":"Nexo Informativo Santiago de Quer\u00e9taro"},"image":{"@id":"https:\/\/www.nexoinformativo.mx\/#\/schema\/logo\/image\/"},"sameAs":["https:\/\/www.facebook.com\/people\/Nexo-Informativo\/61564066885511\/"]},{"@type":"Person","@id":"https:\/\/www.nexoinformativo.mx\/#\/schema\/person\/7749d380ba08c8ca00d7bc76fd907b7d","name":"Nexo Informativo","image":{"@type":"ImageObject","inLanguage":"es","@id":"https:\/\/www.nexoinformativo.mx\/#\/schema\/person\/image\/","url":"https:\/\/secure.gravatar.com\/avatar\/dde2928154642a13d95f87ddf1ea9718fe2b46760a005c53e41ff5ad610704e6?s=96&d=mm&r=g","contentUrl":"https:\/\/secure.gravatar.com\/avatar\/dde2928154642a13d95f87ddf1ea9718fe2b46760a005c53e41ff5ad610704e6?s=96&d=mm&r=g","caption":"Nexo Informativo"},"url":"https:\/\/www.nexoinformativo.mx\/index.php\/author\/edicion\/"}]}},"_links":{"self":[{"href":"https:\/\/www.nexoinformativo.mx\/index.php\/wp-json\/wp\/v2\/posts\/12574","targetHints":{"allow":["GET"]}}],"collection":[{"href":"https:\/\/www.nexoinformativo.mx\/index.php\/wp-json\/wp\/v2\/posts"}],"about":[{"href":"https:\/\/www.nexoinformativo.mx\/index.php\/wp-json\/wp\/v2\/types\/post"}],"author":[{"embeddable":true,"href":"https:\/\/www.nexoinformativo.mx\/index.php\/wp-json\/wp\/v2\/users\/3"}],"replies":[{"embeddable":true,"href":"https:\/\/www.nexoinformativo.mx\/index.php\/wp-json\/wp\/v2\/comments?post=12574"}],"version-history":[{"count":4,"href":"https:\/\/www.nexoinformativo.mx\/index.php\/wp-json\/wp\/v2\/posts\/12574\/revisions"}],"predecessor-version":[{"id":12578,"href":"https:\/\/www.nexoinformativo.mx\/index.php\/wp-json\/wp\/v2\/posts\/12574\/revisions\/12578"}],"wp:featuredmedia":[{"embeddable":true,"href":"https:\/\/www.nexoinformativo.mx\/index.php\/wp-json\/wp\/v2\/media\/12575"}],"wp:attachment":[{"href":"https:\/\/www.nexoinformativo.mx\/index.php\/wp-json\/wp\/v2\/media?parent=12574"}],"wp:term":[{"taxonomy":"category","embeddable":true,"href":"https:\/\/www.nexoinformativo.mx\/index.php\/wp-json\/wp\/v2\/categories?post=12574"},{"taxonomy":"post_tag","embeddable":true,"href":"https:\/\/www.nexoinformativo.mx\/index.php\/wp-json\/wp\/v2\/tags?post=12574"}],"curies":[{"name":"wp","href":"https:\/\/api.w.org\/{rel}","templated":true}]}}