{"id":12580,"date":"2025-03-10T14:00:22","date_gmt":"2025-03-10T20:00:22","guid":{"rendered":"https:\/\/www.nexoinformativo.mx\/?p=12580"},"modified":"2025-03-10T16:16:42","modified_gmt":"2025-03-10T22:16:42","slug":"donacion-que-salva-vidas-sesa-queretaro-realiza-dos-trasplantes-de-rinon","status":"publish","type":"post","link":"https:\/\/www.nexoinformativo.mx\/index.php\/2025\/03\/10\/donacion-que-salva-vidas-sesa-queretaro-realiza-dos-trasplantes-de-rinon\/","title":{"rendered":"Donaci\u00f3n que salva vidas SESA Quer\u00e9taro realiza dos trasplantes de ri\u00f1\u00f3n"},"content":{"rendered":"<p style=\"text-align: justify;\" data-sourcepos=\"13:1-13:233\"><strong>La Secretar\u00eda de Salud<\/strong> (SESA) del estado de Quer\u00e9taro llev\u00f3 a cabo dos trasplantes de ri\u00f1\u00f3n en el Hospital General de Quer\u00e9taro, brindando una nueva oportunidad de vida a dos hombres de 34 y 39 a\u00f1os.<\/p>\n<p>&nbsp;<\/p>\n<p style=\"text-align: justify;\" data-sourcepos=\"15:1-15:145\">Los receptores, originarios de Guanajuato y Quer\u00e9taro, respectivamente, padec\u00edan enfermedad renal cr\u00f3nica y requer\u00edan urgentemente un trasplante.<\/p>\n<p>&nbsp;<\/p>\n<p style=\"text-align: justify;\" data-sourcepos=\"17:1-17:100\">La SESA agradeci\u00f3 a las familias donantes por su acto altruista, que hizo posible estos trasplantes. En lo que va del 2025, los hospitales de la Secretar\u00eda de Salud han realizado once trasplantes renales en el estado.<\/p>\n<p>&nbsp;<\/p>\n<p style=\"text-align: justify;\" data-sourcepos=\"21:1-21:130\">Actualmente, 52 pacientes esperan un trasplante de ri\u00f1\u00f3n en Quer\u00e9taro, y a nivel nacional la cifra asciende a 15 mil 701 personas.<\/p>\n<p>&nbsp;<\/p>\n<p style=\"text-align: justify;\" data-sourcepos=\"23:1-23:343\">La SESA invita a la poblaci\u00f3n a unirse a la cultura de la donaci\u00f3n de \u00f3rganos y tejidos. Para registrarse como donante voluntario, se puede escanear el c\u00f3digo QR disponible en<strong> <a href=\"http:\/\/cetqro.gob.mx\/\" target=\"_blank\" rel=\"noopener\">http:\/\/cetqro.gob.mx\/<\/a><\/strong> o acceder directamente a <a href=\"https:\/\/dv.cenatra.salud.gob.mx\/registrar.php\" target=\"_blank\" rel=\"noopener\"><strong>https:\/\/dv.cenatra.salud.gob.mx\/registrar.php<\/strong><\/a>.<\/p>\n<p>&nbsp;<\/p>\n<p style=\"text-align: justify;\" data-sourcepos=\"25:1-25:150\">Es fundamental informar a la familia sobre la decisi\u00f3n de ser donante, ya que ellos son quienes autorizan legalmente la donaci\u00f3n de \u00f3rganos y tejidos.<\/p>\n<p>&nbsp;<\/p>\n<p style=\"text-align: center;\" data-sourcepos=\"25:1-25:150\"><em><strong>\u00a1Informaci\u00f3n que transforma!<\/strong><\/em><\/p>\n","protected":false},"excerpt":{"rendered":"<p>La Secretar\u00eda de Salud (SESA) del estado de Quer\u00e9taro llev\u00f3 a cabo dos trasplantes de ri\u00f1\u00f3n en el Hospital General de Quer\u00e9taro, brindando una nueva oportunidad de vida a dos hombres de 34 y 39 a\u00f1os.<\/p>\n","protected":false},"author":3,"featured_media":12584,"comment_status":"open","ping_status":"open","sticky":false,"template":"","format":"standard","meta":{"footnotes":""},"categories":[42,58],"tags":[326,1054,2104,3404],"class_list":["post-12580","post","type-post","status-publish","format-standard","has-post-thumbnail","hentry","category-estado","category-ultima-hora","tag-donaciondeorganos","tag-saludqueretaro","tag-sesaqueretaro","tag-trasplanterenal"],"yoast_head":"<!-- This site is optimized with the Yoast SEO plugin v25.0 - https:\/\/yoast.com\/wordpress\/plugins\/seo\/ -->\n<title>Donaci\u00f3n que salva vidas SESA Quer\u00e9taro realiza dos trasplantes de ri\u00f1\u00f3n | Nexo Informativo Santiago de Quer\u00e9taro<\/title>\n<meta name=\"description\" content=\"Donaci\u00f3n que salva vidas SESA Quer\u00e9taro realiza dos trasplantes de ri\u00f1\u00f3n\" \/>\n<meta name=\"robots\" content=\"index, follow, max-snippet:-1, max-image-preview:large, max-video-preview:-1\" \/>\n<link rel=\"canonical\" href=\"https:\/\/www.nexoinformativo.mx\/index.php\/2025\/03\/10\/donacion-que-salva-vidas-sesa-queretaro-realiza-dos-trasplantes-de-rinon\/\" \/>\n<meta property=\"og:locale\" content=\"es_MX\" \/>\n<meta property=\"og:type\" content=\"article\" \/>\n<meta property=\"og:title\" content=\"Donaci\u00f3n que salva vidas SESA Quer\u00e9taro realiza dos trasplantes de ri\u00f1\u00f3n | Nexo Informativo Santiago de Quer\u00e9taro\" \/>\n<meta property=\"og:description\" content=\"Donaci\u00f3n que salva vidas SESA Quer\u00e9taro realiza dos trasplantes de ri\u00f1\u00f3n\" \/>\n<meta property=\"og:url\" content=\"https:\/\/www.nexoinformativo.mx\/index.php\/2025\/03\/10\/donacion-que-salva-vidas-sesa-queretaro-realiza-dos-trasplantes-de-rinon\/\" \/>\n<meta property=\"og:site_name\" content=\"Nexo Informativo Santiago de Quer\u00e9taro\" \/>\n<meta property=\"article:publisher\" content=\"https:\/\/www.facebook.com\/people\/Nexo-Informativo\/61564066885511\/\" \/>\n<meta property=\"article:published_time\" content=\"2025-03-10T20:00:22+00:00\" \/>\n<meta property=\"article:modified_time\" content=\"2025-03-10T22:16:42+00:00\" \/>\n<meta property=\"og:image\" content=\"https:\/\/www.nexoinformativo.mx\/wp-content\/uploads\/2025\/03\/PHOTO-2025-03-10-16-10-00-e1741644997782.jpg\" \/>\n\t<meta property=\"og:image:width\" content=\"800\" \/>\n\t<meta property=\"og:image:height\" content=\"672\" \/>\n\t<meta property=\"og:image:type\" content=\"image\/jpeg\" \/>\n<meta name=\"author\" content=\"Nexo Informativo\" \/>\n<meta name=\"twitter:card\" content=\"summary_large_image\" \/>\n<meta name=\"twitter:label1\" content=\"Escrito por\" \/>\n\t<meta name=\"twitter:data1\" content=\"Nexo Informativo\" \/>\n\t<meta name=\"twitter:label2\" content=\"Tiempo de lectura\" \/>\n\t<meta name=\"twitter:data2\" content=\"2 minutos\" \/>\n<script type=\"application\/ld+json\" class=\"yoast-schema-graph\">{\"@context\":\"https:\/\/schema.org\",\"@graph\":[{\"@type\":\"Article\",\"@id\":\"https:\/\/www.nexoinformativo.mx\/index.php\/2025\/03\/10\/donacion-que-salva-vidas-sesa-queretaro-realiza-dos-trasplantes-de-rinon\/#article\",\"isPartOf\":{\"@id\":\"https:\/\/www.nexoinformativo.mx\/index.php\/2025\/03\/10\/donacion-que-salva-vidas-sesa-queretaro-realiza-dos-trasplantes-de-rinon\/\"},\"author\":{\"name\":\"Nexo Informativo\",\"@id\":\"https:\/\/www.nexoinformativo.mx\/#\/schema\/person\/7749d380ba08c8ca00d7bc76fd907b7d\"},\"headline\":\"Donaci\u00f3n que salva vidas SESA Quer\u00e9taro realiza dos trasplantes de ri\u00f1\u00f3n\",\"datePublished\":\"2025-03-10T20:00:22+00:00\",\"dateModified\":\"2025-03-10T22:16:42+00:00\",\"mainEntityOfPage\":{\"@id\":\"https:\/\/www.nexoinformativo.mx\/index.php\/2025\/03\/10\/donacion-que-salva-vidas-sesa-queretaro-realiza-dos-trasplantes-de-rinon\/\"},\"wordCount\":219,\"commentCount\":0,\"publisher\":{\"@id\":\"https:\/\/www.nexoinformativo.mx\/#organization\"},\"image\":{\"@id\":\"https:\/\/www.nexoinformativo.mx\/index.php\/2025\/03\/10\/donacion-que-salva-vidas-sesa-queretaro-realiza-dos-trasplantes-de-rinon\/#primaryimage\"},\"thumbnailUrl\":\"https:\/\/www.nexoinformativo.mx\/wp-content\/uploads\/2025\/03\/PHOTO-2025-03-10-16-10-00-e1741644997782.jpg\",\"keywords\":[\"Donaci\u00f3nDe\u00d3rganos\",\"SaludQuer\u00e9taro\",\"SESAQuer\u00e9taro\",\"TrasplanteRenal\"],\"articleSection\":[\"Estado\",\"\u00daltima Hora\"],\"inLanguage\":\"es\",\"potentialAction\":[{\"@type\":\"CommentAction\",\"name\":\"Comment\",\"target\":[\"https:\/\/www.nexoinformativo.mx\/index.php\/2025\/03\/10\/donacion-que-salva-vidas-sesa-queretaro-realiza-dos-trasplantes-de-rinon\/#respond\"]}]},{\"@type\":\"WebPage\",\"@id\":\"https:\/\/www.nexoinformativo.mx\/index.php\/2025\/03\/10\/donacion-que-salva-vidas-sesa-queretaro-realiza-dos-trasplantes-de-rinon\/\",\"url\":\"https:\/\/www.nexoinformativo.mx\/index.php\/2025\/03\/10\/donacion-que-salva-vidas-sesa-queretaro-realiza-dos-trasplantes-de-rinon\/\",\"name\":\"Donaci\u00f3n que salva vidas SESA Quer\u00e9taro realiza dos trasplantes de ri\u00f1\u00f3n | Nexo Informativo Santiago de Quer\u00e9taro\",\"isPartOf\":{\"@id\":\"https:\/\/www.nexoinformativo.mx\/#website\"},\"primaryImageOfPage\":{\"@id\":\"https:\/\/www.nexoinformativo.mx\/index.php\/2025\/03\/10\/donacion-que-salva-vidas-sesa-queretaro-realiza-dos-trasplantes-de-rinon\/#primaryimage\"},\"image\":{\"@id\":\"https:\/\/www.nexoinformativo.mx\/index.php\/2025\/03\/10\/donacion-que-salva-vidas-sesa-queretaro-realiza-dos-trasplantes-de-rinon\/#primaryimage\"},\"thumbnailUrl\":\"https:\/\/www.nexoinformativo.mx\/wp-content\/uploads\/2025\/03\/PHOTO-2025-03-10-16-10-00-e1741644997782.jpg\",\"datePublished\":\"2025-03-10T20:00:22+00:00\",\"dateModified\":\"2025-03-10T22:16:42+00:00\",\"description\":\"Donaci\u00f3n que salva vidas SESA Quer\u00e9taro realiza dos trasplantes de ri\u00f1\u00f3n\",\"breadcrumb\":{\"@id\":\"https:\/\/www.nexoinformativo.mx\/index.php\/2025\/03\/10\/donacion-que-salva-vidas-sesa-queretaro-realiza-dos-trasplantes-de-rinon\/#breadcrumb\"},\"inLanguage\":\"es\",\"potentialAction\":[{\"@type\":\"ReadAction\",\"target\":[\"https:\/\/www.nexoinformativo.mx\/index.php\/2025\/03\/10\/donacion-que-salva-vidas-sesa-queretaro-realiza-dos-trasplantes-de-rinon\/\"]}]},{\"@type\":\"ImageObject\",\"inLanguage\":\"es\",\"@id\":\"https:\/\/www.nexoinformativo.mx\/index.php\/2025\/03\/10\/donacion-que-salva-vidas-sesa-queretaro-realiza-dos-trasplantes-de-rinon\/#primaryimage\",\"url\":\"https:\/\/www.nexoinformativo.mx\/wp-content\/uploads\/2025\/03\/PHOTO-2025-03-10-16-10-00-e1741644997782.jpg\",\"contentUrl\":\"https:\/\/www.nexoinformativo.mx\/wp-content\/uploads\/2025\/03\/PHOTO-2025-03-10-16-10-00-e1741644997782.jpg\",\"width\":800,\"height\":672},{\"@type\":\"BreadcrumbList\",\"@id\":\"https:\/\/www.nexoinformativo.mx\/index.php\/2025\/03\/10\/donacion-que-salva-vidas-sesa-queretaro-realiza-dos-trasplantes-de-rinon\/#breadcrumb\",\"itemListElement\":[{\"@type\":\"ListItem\",\"position\":1,\"name\":\"Inicio\",\"item\":\"https:\/\/www.nexoinformativo.mx\/\"},{\"@type\":\"ListItem\",\"position\":2,\"name\":\"Donaci\u00f3n que salva vidas SESA Quer\u00e9taro realiza dos trasplantes de ri\u00f1\u00f3n\"}]},{\"@type\":\"WebSite\",\"@id\":\"https:\/\/www.nexoinformativo.mx\/#website\",\"url\":\"https:\/\/www.nexoinformativo.mx\/\",\"name\":\"Nexo Informativo Santiago de Quer\u00e9taro\",\"description\":\"Explora NexoInformativo y convi\u00e9rtete en parte de una comunidad que valora el conocimiento y la verdad. Tu nexoinformativo es tu puente hacia una comprensi\u00f3n m\u00e1s profunda del mundo que te rodea.\",\"publisher\":{\"@id\":\"https:\/\/www.nexoinformativo.mx\/#organization\"},\"potentialAction\":[{\"@type\":\"SearchAction\",\"target\":{\"@type\":\"EntryPoint\",\"urlTemplate\":\"https:\/\/www.nexoinformativo.mx\/?s={search_term_string}\"},\"query-input\":{\"@type\":\"PropertyValueSpecification\",\"valueRequired\":true,\"valueName\":\"search_term_string\"}}],\"inLanguage\":\"es\"},{\"@type\":\"Organization\",\"@id\":\"https:\/\/www.nexoinformativo.mx\/#organization\",\"name\":\"Nexo Informativo Santiago de Quer\u00e9taro\",\"url\":\"https:\/\/www.nexoinformativo.mx\/\",\"logo\":{\"@type\":\"ImageObject\",\"inLanguage\":\"es\",\"@id\":\"https:\/\/www.nexoinformativo.mx\/#\/schema\/logo\/image\/\",\"url\":\"https:\/\/www.nexoinformativo.mx\/wp-content\/uploads\/2024\/07\/nexoi-trasparente-2.png\",\"contentUrl\":\"https:\/\/www.nexoinformativo.mx\/wp-content\/uploads\/2024\/07\/nexoi-trasparente-2.png\",\"width\":816,\"height\":339,\"caption\":\"Nexo Informativo Santiago de Quer\u00e9taro\"},\"image\":{\"@id\":\"https:\/\/www.nexoinformativo.mx\/#\/schema\/logo\/image\/\"},\"sameAs\":[\"https:\/\/www.facebook.com\/people\/Nexo-Informativo\/61564066885511\/\"]},{\"@type\":\"Person\",\"@id\":\"https:\/\/www.nexoinformativo.mx\/#\/schema\/person\/7749d380ba08c8ca00d7bc76fd907b7d\",\"name\":\"Nexo Informativo\",\"image\":{\"@type\":\"ImageObject\",\"inLanguage\":\"es\",\"@id\":\"https:\/\/www.nexoinformativo.mx\/#\/schema\/person\/image\/\",\"url\":\"https:\/\/secure.gravatar.com\/avatar\/dde2928154642a13d95f87ddf1ea9718fe2b46760a005c53e41ff5ad610704e6?s=96&d=mm&r=g\",\"contentUrl\":\"https:\/\/secure.gravatar.com\/avatar\/dde2928154642a13d95f87ddf1ea9718fe2b46760a005c53e41ff5ad610704e6?s=96&d=mm&r=g\",\"caption\":\"Nexo Informativo\"},\"url\":\"https:\/\/www.nexoinformativo.mx\/index.php\/author\/edicion\/\"}]}<\/script>\n<!-- \/ Yoast SEO plugin. -->","yoast_head_json":{"title":"Donaci\u00f3n que salva vidas SESA Quer\u00e9taro realiza dos trasplantes de ri\u00f1\u00f3n | Nexo Informativo Santiago de Quer\u00e9taro","description":"Donaci\u00f3n que salva vidas SESA Quer\u00e9taro realiza dos trasplantes de ri\u00f1\u00f3n","robots":{"index":"index","follow":"follow","max-snippet":"max-snippet:-1","max-image-preview":"max-image-preview:large","max-video-preview":"max-video-preview:-1"},"canonical":"https:\/\/www.nexoinformativo.mx\/index.php\/2025\/03\/10\/donacion-que-salva-vidas-sesa-queretaro-realiza-dos-trasplantes-de-rinon\/","og_locale":"es_MX","og_type":"article","og_title":"Donaci\u00f3n que salva vidas SESA Quer\u00e9taro realiza dos trasplantes de ri\u00f1\u00f3n | Nexo Informativo Santiago de Quer\u00e9taro","og_description":"Donaci\u00f3n que salva vidas SESA Quer\u00e9taro realiza dos trasplantes de ri\u00f1\u00f3n","og_url":"https:\/\/www.nexoinformativo.mx\/index.php\/2025\/03\/10\/donacion-que-salva-vidas-sesa-queretaro-realiza-dos-trasplantes-de-rinon\/","og_site_name":"Nexo Informativo Santiago de Quer\u00e9taro","article_publisher":"https:\/\/www.facebook.com\/people\/Nexo-Informativo\/61564066885511\/","article_published_time":"2025-03-10T20:00:22+00:00","article_modified_time":"2025-03-10T22:16:42+00:00","og_image":[{"width":800,"height":672,"url":"https:\/\/www.nexoinformativo.mx\/wp-content\/uploads\/2025\/03\/PHOTO-2025-03-10-16-10-00-e1741644997782.jpg","type":"image\/jpeg"}],"author":"Nexo Informativo","twitter_card":"summary_large_image","twitter_misc":{"Escrito por":"Nexo Informativo","Tiempo de lectura":"2 minutos"},"schema":{"@context":"https:\/\/schema.org","@graph":[{"@type":"Article","@id":"https:\/\/www.nexoinformativo.mx\/index.php\/2025\/03\/10\/donacion-que-salva-vidas-sesa-queretaro-realiza-dos-trasplantes-de-rinon\/#article","isPartOf":{"@id":"https:\/\/www.nexoinformativo.mx\/index.php\/2025\/03\/10\/donacion-que-salva-vidas-sesa-queretaro-realiza-dos-trasplantes-de-rinon\/"},"author":{"name":"Nexo Informativo","@id":"https:\/\/www.nexoinformativo.mx\/#\/schema\/person\/7749d380ba08c8ca00d7bc76fd907b7d"},"headline":"Donaci\u00f3n que salva vidas SESA Quer\u00e9taro realiza dos trasplantes de ri\u00f1\u00f3n","datePublished":"2025-03-10T20:00:22+00:00","dateModified":"2025-03-10T22:16:42+00:00","mainEntityOfPage":{"@id":"https:\/\/www.nexoinformativo.mx\/index.php\/2025\/03\/10\/donacion-que-salva-vidas-sesa-queretaro-realiza-dos-trasplantes-de-rinon\/"},"wordCount":219,"commentCount":0,"publisher":{"@id":"https:\/\/www.nexoinformativo.mx\/#organization"},"image":{"@id":"https:\/\/www.nexoinformativo.mx\/index.php\/2025\/03\/10\/donacion-que-salva-vidas-sesa-queretaro-realiza-dos-trasplantes-de-rinon\/#primaryimage"},"thumbnailUrl":"https:\/\/www.nexoinformativo.mx\/wp-content\/uploads\/2025\/03\/PHOTO-2025-03-10-16-10-00-e1741644997782.jpg","keywords":["Donaci\u00f3nDe\u00d3rganos","SaludQuer\u00e9taro","SESAQuer\u00e9taro","TrasplanteRenal"],"articleSection":["Estado","\u00daltima Hora"],"inLanguage":"es","potentialAction":[{"@type":"CommentAction","name":"Comment","target":["https:\/\/www.nexoinformativo.mx\/index.php\/2025\/03\/10\/donacion-que-salva-vidas-sesa-queretaro-realiza-dos-trasplantes-de-rinon\/#respond"]}]},{"@type":"WebPage","@id":"https:\/\/www.nexoinformativo.mx\/index.php\/2025\/03\/10\/donacion-que-salva-vidas-sesa-queretaro-realiza-dos-trasplantes-de-rinon\/","url":"https:\/\/www.nexoinformativo.mx\/index.php\/2025\/03\/10\/donacion-que-salva-vidas-sesa-queretaro-realiza-dos-trasplantes-de-rinon\/","name":"Donaci\u00f3n que salva vidas SESA Quer\u00e9taro realiza dos trasplantes de ri\u00f1\u00f3n | Nexo Informativo Santiago de Quer\u00e9taro","isPartOf":{"@id":"https:\/\/www.nexoinformativo.mx\/#website"},"primaryImageOfPage":{"@id":"https:\/\/www.nexoinformativo.mx\/index.php\/2025\/03\/10\/donacion-que-salva-vidas-sesa-queretaro-realiza-dos-trasplantes-de-rinon\/#primaryimage"},"image":{"@id":"https:\/\/www.nexoinformativo.mx\/index.php\/2025\/03\/10\/donacion-que-salva-vidas-sesa-queretaro-realiza-dos-trasplantes-de-rinon\/#primaryimage"},"thumbnailUrl":"https:\/\/www.nexoinformativo.mx\/wp-content\/uploads\/2025\/03\/PHOTO-2025-03-10-16-10-00-e1741644997782.jpg","datePublished":"2025-03-10T20:00:22+00:00","dateModified":"2025-03-10T22:16:42+00:00","description":"Donaci\u00f3n que salva vidas SESA Quer\u00e9taro realiza dos trasplantes de ri\u00f1\u00f3n","breadcrumb":{"@id":"https:\/\/www.nexoinformativo.mx\/index.php\/2025\/03\/10\/donacion-que-salva-vidas-sesa-queretaro-realiza-dos-trasplantes-de-rinon\/#breadcrumb"},"inLanguage":"es","potentialAction":[{"@type":"ReadAction","target":["https:\/\/www.nexoinformativo.mx\/index.php\/2025\/03\/10\/donacion-que-salva-vidas-sesa-queretaro-realiza-dos-trasplantes-de-rinon\/"]}]},{"@type":"ImageObject","inLanguage":"es","@id":"https:\/\/www.nexoinformativo.mx\/index.php\/2025\/03\/10\/donacion-que-salva-vidas-sesa-queretaro-realiza-dos-trasplantes-de-rinon\/#primaryimage","url":"https:\/\/www.nexoinformativo.mx\/wp-content\/uploads\/2025\/03\/PHOTO-2025-03-10-16-10-00-e1741644997782.jpg","contentUrl":"https:\/\/www.nexoinformativo.mx\/wp-content\/uploads\/2025\/03\/PHOTO-2025-03-10-16-10-00-e1741644997782.jpg","width":800,"height":672},{"@type":"BreadcrumbList","@id":"https:\/\/www.nexoinformativo.mx\/index.php\/2025\/03\/10\/donacion-que-salva-vidas-sesa-queretaro-realiza-dos-trasplantes-de-rinon\/#breadcrumb","itemListElement":[{"@type":"ListItem","position":1,"name":"Inicio","item":"https:\/\/www.nexoinformativo.mx\/"},{"@type":"ListItem","position":2,"name":"Donaci\u00f3n que salva vidas SESA Quer\u00e9taro realiza dos trasplantes de ri\u00f1\u00f3n"}]},{"@type":"WebSite","@id":"https:\/\/www.nexoinformativo.mx\/#website","url":"https:\/\/www.nexoinformativo.mx\/","name":"Nexo Informativo Santiago de Quer\u00e9taro","description":"Explora NexoInformativo y convi\u00e9rtete en parte de una comunidad que valora el conocimiento y la verdad. Tu nexoinformativo es tu puente hacia una comprensi\u00f3n m\u00e1s profunda del mundo que te rodea.","publisher":{"@id":"https:\/\/www.nexoinformativo.mx\/#organization"},"potentialAction":[{"@type":"SearchAction","target":{"@type":"EntryPoint","urlTemplate":"https:\/\/www.nexoinformativo.mx\/?s={search_term_string}"},"query-input":{"@type":"PropertyValueSpecification","valueRequired":true,"valueName":"search_term_string"}}],"inLanguage":"es"},{"@type":"Organization","@id":"https:\/\/www.nexoinformativo.mx\/#organization","name":"Nexo Informativo Santiago de Quer\u00e9taro","url":"https:\/\/www.nexoinformativo.mx\/","logo":{"@type":"ImageObject","inLanguage":"es","@id":"https:\/\/www.nexoinformativo.mx\/#\/schema\/logo\/image\/","url":"https:\/\/www.nexoinformativo.mx\/wp-content\/uploads\/2024\/07\/nexoi-trasparente-2.png","contentUrl":"https:\/\/www.nexoinformativo.mx\/wp-content\/uploads\/2024\/07\/nexoi-trasparente-2.png","width":816,"height":339,"caption":"Nexo Informativo Santiago de Quer\u00e9taro"},"image":{"@id":"https:\/\/www.nexoinformativo.mx\/#\/schema\/logo\/image\/"},"sameAs":["https:\/\/www.facebook.com\/people\/Nexo-Informativo\/61564066885511\/"]},{"@type":"Person","@id":"https:\/\/www.nexoinformativo.mx\/#\/schema\/person\/7749d380ba08c8ca00d7bc76fd907b7d","name":"Nexo Informativo","image":{"@type":"ImageObject","inLanguage":"es","@id":"https:\/\/www.nexoinformativo.mx\/#\/schema\/person\/image\/","url":"https:\/\/secure.gravatar.com\/avatar\/dde2928154642a13d95f87ddf1ea9718fe2b46760a005c53e41ff5ad610704e6?s=96&d=mm&r=g","contentUrl":"https:\/\/secure.gravatar.com\/avatar\/dde2928154642a13d95f87ddf1ea9718fe2b46760a005c53e41ff5ad610704e6?s=96&d=mm&r=g","caption":"Nexo Informativo"},"url":"https:\/\/www.nexoinformativo.mx\/index.php\/author\/edicion\/"}]}},"_links":{"self":[{"href":"https:\/\/www.nexoinformativo.mx\/index.php\/wp-json\/wp\/v2\/posts\/12580","targetHints":{"allow":["GET"]}}],"collection":[{"href":"https:\/\/www.nexoinformativo.mx\/index.php\/wp-json\/wp\/v2\/posts"}],"about":[{"href":"https:\/\/www.nexoinformativo.mx\/index.php\/wp-json\/wp\/v2\/types\/post"}],"author":[{"embeddable":true,"href":"https:\/\/www.nexoinformativo.mx\/index.php\/wp-json\/wp\/v2\/users\/3"}],"replies":[{"embeddable":true,"href":"https:\/\/www.nexoinformativo.mx\/index.php\/wp-json\/wp\/v2\/comments?post=12580"}],"version-history":[{"count":4,"href":"https:\/\/www.nexoinformativo.mx\/index.php\/wp-json\/wp\/v2\/posts\/12580\/revisions"}],"predecessor-version":[{"id":12583,"href":"https:\/\/www.nexoinformativo.mx\/index.php\/wp-json\/wp\/v2\/posts\/12580\/revisions\/12583"}],"wp:featuredmedia":[{"embeddable":true,"href":"https:\/\/www.nexoinformativo.mx\/index.php\/wp-json\/wp\/v2\/media\/12584"}],"wp:attachment":[{"href":"https:\/\/www.nexoinformativo.mx\/index.php\/wp-json\/wp\/v2\/media?parent=12580"}],"wp:term":[{"taxonomy":"category","embeddable":true,"href":"https:\/\/www.nexoinformativo.mx\/index.php\/wp-json\/wp\/v2\/categories?post=12580"},{"taxonomy":"post_tag","embeddable":true,"href":"https:\/\/www.nexoinformativo.mx\/index.php\/wp-json\/wp\/v2\/tags?post=12580"}],"curies":[{"name":"wp","href":"https:\/\/api.w.org\/{rel}","templated":true}]}}