{"id":12586,"date":"2025-03-10T14:30:13","date_gmt":"2025-03-10T20:30:13","guid":{"rendered":"https:\/\/www.nexoinformativo.mx\/?p=12586"},"modified":"2025-03-10T16:24:05","modified_gmt":"2025-03-10T22:24:05","slug":"safran-shop-2-queretaro-centro-clave-para-la-reparacion-de-motores-aeronauticos-que-impulsara-el-mantenimiento-en-norteamerica","status":"publish","type":"post","link":"https:\/\/www.nexoinformativo.mx\/index.php\/2025\/03\/10\/safran-shop-2-queretaro-centro-clave-para-la-reparacion-de-motores-aeronauticos-que-impulsara-el-mantenimiento-en-norteamerica\/","title":{"rendered":"SAFRAN Shop 2 Quer\u00e9taro centro clave para la reparaci\u00f3n de motores aeron\u00e1uticos que\u00a0impulsar\u00e1 el mantenimiento en Norteam\u00e9rica"},"content":{"rendered":"<p style=\"text-align: justify;\" data-sourcepos=\"13:1-13:276\">El gobernador Mauricio Kuri realiz\u00f3 una visita a la obra de ampliaci\u00f3n de la segunda planta <strong>SAFRAN Shop 2<\/strong> en Quer\u00e9taro, proyecto que avanza significativamente y que consolidar\u00e1 al estado como un referente en la industria aeron\u00e1utica.<\/p>\n<p>&nbsp;<\/p>\n<p style=\"text-align: justify;\" data-sourcepos=\"15:1-15:205\">La ampliaci\u00f3n, que presenta un avance del 60% permitir\u00e1 a SAFRAN incrementar su capacidad de reparaci\u00f3n de motores, atendiendo a todo el continente norteamericano y generando 500 nuevos empleos.<\/p>\n<p>&nbsp;<\/p>\n<p style=\"text-align: justify;\" data-sourcepos=\"17:1-17:289\">Durante su visita, el gobernador Kuri se reuni\u00f3 con Ross McInnes, presidente del Consejo de Administraci\u00f3n de SAFRAN, quien detall\u00f3 que la nueva planta de 14 mil metros cuadrados iniciar\u00e1 operaciones en 2026 y aumentar\u00e1 la capacidad anual de reparaci\u00f3n de motores a 350 unidades para 2030.<\/p>\n<p>&nbsp;<\/p>\n<p style=\"text-align: justify;\" data-sourcepos=\"19:1-19:156\">La construcci\u00f3n del taller, a cargo de una empresa queretana, cumple con altos est\u00e1ndares ambientales, en l\u00ednea con la estrategia de bajo carbono de SAFRAN.<\/p>\n<p>&nbsp;<\/p>\n<p style=\"text-align: center;\" data-sourcepos=\"19:1-19:156\"><em><strong>\u00a1Informaci\u00f3n que transforma!<\/strong><\/em><\/p>\n","protected":false},"excerpt":{"rendered":"<p>El gobernador Mauricio Kuri realiz\u00f3 una visita a la obra de ampliaci\u00f3n de la segunda planta SAFRAN Shop 2 en Quer\u00e9taro, proyecto que avanza significativamente y que consolidar\u00e1 al estado como un referente en la industria aeron\u00e1utica.<\/p>\n","protected":false},"author":3,"featured_media":12587,"comment_status":"open","ping_status":"open","sticky":false,"template":"","format":"standard","meta":{"footnotes":""},"categories":[5,42,58],"tags":[3689,1732,670,3708],"class_list":["post-12586","post","type-post","status-publish","format-standard","has-post-thumbnail","hentry","category-economia","category-estado","category-ultima-hora","tag-empleoqro","tag-industriaaeronautica","tag-inversionqueretaro","tag-safranqueretaro"],"yoast_head":"<!-- This site is optimized with the Yoast SEO plugin v25.0 - https:\/\/yoast.com\/wordpress\/plugins\/seo\/ -->\n<title>SAFRAN Shop 2 Quer\u00e9taro centro clave para la reparaci\u00f3n de motores aeron\u00e1uticos que\u00a0impulsar\u00e1 el mantenimiento en Norteam\u00e9rica | Nexo Informativo Santiago de Quer\u00e9taro<\/title>\n<meta name=\"description\" content=\"FRAN Shop 2 Quer\u00e9taro, centro clave para la reparaci\u00f3n de motores aeron\u00e1uticos que\u00a0impulsar\u00e1 el mantenimiento en Norteam\u00e9rica\" \/>\n<meta name=\"robots\" content=\"index, follow, max-snippet:-1, max-image-preview:large, max-video-preview:-1\" \/>\n<link rel=\"canonical\" href=\"https:\/\/www.nexoinformativo.mx\/index.php\/2025\/03\/10\/safran-shop-2-queretaro-centro-clave-para-la-reparacion-de-motores-aeronauticos-que-impulsara-el-mantenimiento-en-norteamerica\/\" \/>\n<meta property=\"og:locale\" content=\"es_MX\" \/>\n<meta property=\"og:type\" content=\"article\" \/>\n<meta property=\"og:title\" content=\"SAFRAN Shop 2 Quer\u00e9taro centro clave para la reparaci\u00f3n de motores aeron\u00e1uticos que\u00a0impulsar\u00e1 el mantenimiento en Norteam\u00e9rica | Nexo Informativo Santiago de Quer\u00e9taro\" \/>\n<meta property=\"og:description\" content=\"FRAN Shop 2 Quer\u00e9taro, centro clave para la reparaci\u00f3n de motores aeron\u00e1uticos que\u00a0impulsar\u00e1 el mantenimiento en Norteam\u00e9rica\" \/>\n<meta property=\"og:url\" content=\"https:\/\/www.nexoinformativo.mx\/index.php\/2025\/03\/10\/safran-shop-2-queretaro-centro-clave-para-la-reparacion-de-motores-aeronauticos-que-impulsara-el-mantenimiento-en-norteamerica\/\" \/>\n<meta property=\"og:site_name\" content=\"Nexo Informativo Santiago de Quer\u00e9taro\" \/>\n<meta property=\"article:publisher\" content=\"https:\/\/www.facebook.com\/people\/Nexo-Informativo\/61564066885511\/\" \/>\n<meta property=\"article:published_time\" content=\"2025-03-10T20:30:13+00:00\" \/>\n<meta property=\"article:modified_time\" content=\"2025-03-10T22:24:05+00:00\" \/>\n<meta property=\"og:image\" content=\"https:\/\/www.nexoinformativo.mx\/wp-content\/uploads\/2025\/03\/PHOTO-2025-03-10-16-08-38-e1741645362311.jpg\" \/>\n\t<meta property=\"og:image:width\" content=\"800\" \/>\n\t<meta property=\"og:image:height\" content=\"533\" \/>\n\t<meta property=\"og:image:type\" content=\"image\/jpeg\" \/>\n<meta name=\"author\" content=\"Nexo Informativo\" \/>\n<meta name=\"twitter:card\" content=\"summary_large_image\" \/>\n<meta name=\"twitter:label1\" content=\"Escrito por\" \/>\n\t<meta name=\"twitter:data1\" content=\"Nexo Informativo\" \/>\n\t<meta name=\"twitter:label2\" content=\"Tiempo de lectura\" \/>\n\t<meta name=\"twitter:data2\" content=\"1 minuto\" \/>\n<script type=\"application\/ld+json\" class=\"yoast-schema-graph\">{\"@context\":\"https:\/\/schema.org\",\"@graph\":[{\"@type\":\"Article\",\"@id\":\"https:\/\/www.nexoinformativo.mx\/index.php\/2025\/03\/10\/safran-shop-2-queretaro-centro-clave-para-la-reparacion-de-motores-aeronauticos-que-impulsara-el-mantenimiento-en-norteamerica\/#article\",\"isPartOf\":{\"@id\":\"https:\/\/www.nexoinformativo.mx\/index.php\/2025\/03\/10\/safran-shop-2-queretaro-centro-clave-para-la-reparacion-de-motores-aeronauticos-que-impulsara-el-mantenimiento-en-norteamerica\/\"},\"author\":{\"name\":\"Nexo Informativo\",\"@id\":\"https:\/\/www.nexoinformativo.mx\/#\/schema\/person\/7749d380ba08c8ca00d7bc76fd907b7d\"},\"headline\":\"SAFRAN Shop 2 Quer\u00e9taro centro clave para la reparaci\u00f3n de motores aeron\u00e1uticos que\u00a0impulsar\u00e1 el mantenimiento en Norteam\u00e9rica\",\"datePublished\":\"2025-03-10T20:30:13+00:00\",\"dateModified\":\"2025-03-10T22:24:05+00:00\",\"mainEntityOfPage\":{\"@id\":\"https:\/\/www.nexoinformativo.mx\/index.php\/2025\/03\/10\/safran-shop-2-queretaro-centro-clave-para-la-reparacion-de-motores-aeronauticos-que-impulsara-el-mantenimiento-en-norteamerica\/\"},\"wordCount\":170,\"commentCount\":0,\"publisher\":{\"@id\":\"https:\/\/www.nexoinformativo.mx\/#organization\"},\"image\":{\"@id\":\"https:\/\/www.nexoinformativo.mx\/index.php\/2025\/03\/10\/safran-shop-2-queretaro-centro-clave-para-la-reparacion-de-motores-aeronauticos-que-impulsara-el-mantenimiento-en-norteamerica\/#primaryimage\"},\"thumbnailUrl\":\"https:\/\/www.nexoinformativo.mx\/wp-content\/uploads\/2025\/03\/PHOTO-2025-03-10-16-08-38-e1741645362311.jpg\",\"keywords\":[\"EmpleoQro\",\"IndustriaAeron\u00e1utica\",\"Inversi\u00f3nQuer\u00e9taro\",\"SAFRANQuer\u00e9taro\"],\"articleSection\":[\"Econom\u00eda\",\"Estado\",\"\u00daltima Hora\"],\"inLanguage\":\"es\",\"potentialAction\":[{\"@type\":\"CommentAction\",\"name\":\"Comment\",\"target\":[\"https:\/\/www.nexoinformativo.mx\/index.php\/2025\/03\/10\/safran-shop-2-queretaro-centro-clave-para-la-reparacion-de-motores-aeronauticos-que-impulsara-el-mantenimiento-en-norteamerica\/#respond\"]}]},{\"@type\":\"WebPage\",\"@id\":\"https:\/\/www.nexoinformativo.mx\/index.php\/2025\/03\/10\/safran-shop-2-queretaro-centro-clave-para-la-reparacion-de-motores-aeronauticos-que-impulsara-el-mantenimiento-en-norteamerica\/\",\"url\":\"https:\/\/www.nexoinformativo.mx\/index.php\/2025\/03\/10\/safran-shop-2-queretaro-centro-clave-para-la-reparacion-de-motores-aeronauticos-que-impulsara-el-mantenimiento-en-norteamerica\/\",\"name\":\"SAFRAN Shop 2 Quer\u00e9taro centro clave para la reparaci\u00f3n de motores aeron\u00e1uticos que\u00a0impulsar\u00e1 el mantenimiento en Norteam\u00e9rica | Nexo Informativo Santiago de Quer\u00e9taro\",\"isPartOf\":{\"@id\":\"https:\/\/www.nexoinformativo.mx\/#website\"},\"primaryImageOfPage\":{\"@id\":\"https:\/\/www.nexoinformativo.mx\/index.php\/2025\/03\/10\/safran-shop-2-queretaro-centro-clave-para-la-reparacion-de-motores-aeronauticos-que-impulsara-el-mantenimiento-en-norteamerica\/#primaryimage\"},\"image\":{\"@id\":\"https:\/\/www.nexoinformativo.mx\/index.php\/2025\/03\/10\/safran-shop-2-queretaro-centro-clave-para-la-reparacion-de-motores-aeronauticos-que-impulsara-el-mantenimiento-en-norteamerica\/#primaryimage\"},\"thumbnailUrl\":\"https:\/\/www.nexoinformativo.mx\/wp-content\/uploads\/2025\/03\/PHOTO-2025-03-10-16-08-38-e1741645362311.jpg\",\"datePublished\":\"2025-03-10T20:30:13+00:00\",\"dateModified\":\"2025-03-10T22:24:05+00:00\",\"description\":\"FRAN Shop 2 Quer\u00e9taro, centro clave para la reparaci\u00f3n de motores aeron\u00e1uticos que\u00a0impulsar\u00e1 el mantenimiento en Norteam\u00e9rica\",\"breadcrumb\":{\"@id\":\"https:\/\/www.nexoinformativo.mx\/index.php\/2025\/03\/10\/safran-shop-2-queretaro-centro-clave-para-la-reparacion-de-motores-aeronauticos-que-impulsara-el-mantenimiento-en-norteamerica\/#breadcrumb\"},\"inLanguage\":\"es\",\"potentialAction\":[{\"@type\":\"ReadAction\",\"target\":[\"https:\/\/www.nexoinformativo.mx\/index.php\/2025\/03\/10\/safran-shop-2-queretaro-centro-clave-para-la-reparacion-de-motores-aeronauticos-que-impulsara-el-mantenimiento-en-norteamerica\/\"]}]},{\"@type\":\"ImageObject\",\"inLanguage\":\"es\",\"@id\":\"https:\/\/www.nexoinformativo.mx\/index.php\/2025\/03\/10\/safran-shop-2-queretaro-centro-clave-para-la-reparacion-de-motores-aeronauticos-que-impulsara-el-mantenimiento-en-norteamerica\/#primaryimage\",\"url\":\"https:\/\/www.nexoinformativo.mx\/wp-content\/uploads\/2025\/03\/PHOTO-2025-03-10-16-08-38-e1741645362311.jpg\",\"contentUrl\":\"https:\/\/www.nexoinformativo.mx\/wp-content\/uploads\/2025\/03\/PHOTO-2025-03-10-16-08-38-e1741645362311.jpg\",\"width\":800,\"height\":533},{\"@type\":\"BreadcrumbList\",\"@id\":\"https:\/\/www.nexoinformativo.mx\/index.php\/2025\/03\/10\/safran-shop-2-queretaro-centro-clave-para-la-reparacion-de-motores-aeronauticos-que-impulsara-el-mantenimiento-en-norteamerica\/#breadcrumb\",\"itemListElement\":[{\"@type\":\"ListItem\",\"position\":1,\"name\":\"Inicio\",\"item\":\"https:\/\/www.nexoinformativo.mx\/\"},{\"@type\":\"ListItem\",\"position\":2,\"name\":\"SAFRAN Shop 2 Quer\u00e9taro centro clave para la reparaci\u00f3n de motores aeron\u00e1uticos que\u00a0impulsar\u00e1 el mantenimiento en Norteam\u00e9rica\"}]},{\"@type\":\"WebSite\",\"@id\":\"https:\/\/www.nexoinformativo.mx\/#website\",\"url\":\"https:\/\/www.nexoinformativo.mx\/\",\"name\":\"Nexo Informativo Santiago de Quer\u00e9taro\",\"description\":\"Explora NexoInformativo y convi\u00e9rtete en parte de una comunidad que valora el conocimiento y la verdad. Tu nexoinformativo es tu puente hacia una comprensi\u00f3n m\u00e1s profunda del mundo que te rodea.\",\"publisher\":{\"@id\":\"https:\/\/www.nexoinformativo.mx\/#organization\"},\"potentialAction\":[{\"@type\":\"SearchAction\",\"target\":{\"@type\":\"EntryPoint\",\"urlTemplate\":\"https:\/\/www.nexoinformativo.mx\/?s={search_term_string}\"},\"query-input\":{\"@type\":\"PropertyValueSpecification\",\"valueRequired\":true,\"valueName\":\"search_term_string\"}}],\"inLanguage\":\"es\"},{\"@type\":\"Organization\",\"@id\":\"https:\/\/www.nexoinformativo.mx\/#organization\",\"name\":\"Nexo Informativo Santiago de Quer\u00e9taro\",\"url\":\"https:\/\/www.nexoinformativo.mx\/\",\"logo\":{\"@type\":\"ImageObject\",\"inLanguage\":\"es\",\"@id\":\"https:\/\/www.nexoinformativo.mx\/#\/schema\/logo\/image\/\",\"url\":\"https:\/\/www.nexoinformativo.mx\/wp-content\/uploads\/2024\/07\/nexoi-trasparente-2.png\",\"contentUrl\":\"https:\/\/www.nexoinformativo.mx\/wp-content\/uploads\/2024\/07\/nexoi-trasparente-2.png\",\"width\":816,\"height\":339,\"caption\":\"Nexo Informativo Santiago de Quer\u00e9taro\"},\"image\":{\"@id\":\"https:\/\/www.nexoinformativo.mx\/#\/schema\/logo\/image\/\"},\"sameAs\":[\"https:\/\/www.facebook.com\/people\/Nexo-Informativo\/61564066885511\/\"]},{\"@type\":\"Person\",\"@id\":\"https:\/\/www.nexoinformativo.mx\/#\/schema\/person\/7749d380ba08c8ca00d7bc76fd907b7d\",\"name\":\"Nexo Informativo\",\"image\":{\"@type\":\"ImageObject\",\"inLanguage\":\"es\",\"@id\":\"https:\/\/www.nexoinformativo.mx\/#\/schema\/person\/image\/\",\"url\":\"https:\/\/secure.gravatar.com\/avatar\/dde2928154642a13d95f87ddf1ea9718fe2b46760a005c53e41ff5ad610704e6?s=96&d=mm&r=g\",\"contentUrl\":\"https:\/\/secure.gravatar.com\/avatar\/dde2928154642a13d95f87ddf1ea9718fe2b46760a005c53e41ff5ad610704e6?s=96&d=mm&r=g\",\"caption\":\"Nexo Informativo\"},\"url\":\"https:\/\/www.nexoinformativo.mx\/index.php\/author\/edicion\/\"}]}<\/script>\n<!-- \/ Yoast SEO plugin. -->","yoast_head_json":{"title":"SAFRAN Shop 2 Quer\u00e9taro centro clave para la reparaci\u00f3n de motores aeron\u00e1uticos que\u00a0impulsar\u00e1 el mantenimiento en Norteam\u00e9rica | Nexo Informativo Santiago de Quer\u00e9taro","description":"FRAN Shop 2 Quer\u00e9taro, centro clave para la reparaci\u00f3n de motores aeron\u00e1uticos que\u00a0impulsar\u00e1 el mantenimiento en Norteam\u00e9rica","robots":{"index":"index","follow":"follow","max-snippet":"max-snippet:-1","max-image-preview":"max-image-preview:large","max-video-preview":"max-video-preview:-1"},"canonical":"https:\/\/www.nexoinformativo.mx\/index.php\/2025\/03\/10\/safran-shop-2-queretaro-centro-clave-para-la-reparacion-de-motores-aeronauticos-que-impulsara-el-mantenimiento-en-norteamerica\/","og_locale":"es_MX","og_type":"article","og_title":"SAFRAN Shop 2 Quer\u00e9taro centro clave para la reparaci\u00f3n de motores aeron\u00e1uticos que\u00a0impulsar\u00e1 el mantenimiento en Norteam\u00e9rica | Nexo Informativo Santiago de Quer\u00e9taro","og_description":"FRAN Shop 2 Quer\u00e9taro, centro clave para la reparaci\u00f3n de motores aeron\u00e1uticos que\u00a0impulsar\u00e1 el mantenimiento en Norteam\u00e9rica","og_url":"https:\/\/www.nexoinformativo.mx\/index.php\/2025\/03\/10\/safran-shop-2-queretaro-centro-clave-para-la-reparacion-de-motores-aeronauticos-que-impulsara-el-mantenimiento-en-norteamerica\/","og_site_name":"Nexo Informativo Santiago de Quer\u00e9taro","article_publisher":"https:\/\/www.facebook.com\/people\/Nexo-Informativo\/61564066885511\/","article_published_time":"2025-03-10T20:30:13+00:00","article_modified_time":"2025-03-10T22:24:05+00:00","og_image":[{"width":800,"height":533,"url":"https:\/\/www.nexoinformativo.mx\/wp-content\/uploads\/2025\/03\/PHOTO-2025-03-10-16-08-38-e1741645362311.jpg","type":"image\/jpeg"}],"author":"Nexo Informativo","twitter_card":"summary_large_image","twitter_misc":{"Escrito por":"Nexo Informativo","Tiempo de lectura":"1 minuto"},"schema":{"@context":"https:\/\/schema.org","@graph":[{"@type":"Article","@id":"https:\/\/www.nexoinformativo.mx\/index.php\/2025\/03\/10\/safran-shop-2-queretaro-centro-clave-para-la-reparacion-de-motores-aeronauticos-que-impulsara-el-mantenimiento-en-norteamerica\/#article","isPartOf":{"@id":"https:\/\/www.nexoinformativo.mx\/index.php\/2025\/03\/10\/safran-shop-2-queretaro-centro-clave-para-la-reparacion-de-motores-aeronauticos-que-impulsara-el-mantenimiento-en-norteamerica\/"},"author":{"name":"Nexo Informativo","@id":"https:\/\/www.nexoinformativo.mx\/#\/schema\/person\/7749d380ba08c8ca00d7bc76fd907b7d"},"headline":"SAFRAN Shop 2 Quer\u00e9taro centro clave para la reparaci\u00f3n de motores aeron\u00e1uticos que\u00a0impulsar\u00e1 el mantenimiento en Norteam\u00e9rica","datePublished":"2025-03-10T20:30:13+00:00","dateModified":"2025-03-10T22:24:05+00:00","mainEntityOfPage":{"@id":"https:\/\/www.nexoinformativo.mx\/index.php\/2025\/03\/10\/safran-shop-2-queretaro-centro-clave-para-la-reparacion-de-motores-aeronauticos-que-impulsara-el-mantenimiento-en-norteamerica\/"},"wordCount":170,"commentCount":0,"publisher":{"@id":"https:\/\/www.nexoinformativo.mx\/#organization"},"image":{"@id":"https:\/\/www.nexoinformativo.mx\/index.php\/2025\/03\/10\/safran-shop-2-queretaro-centro-clave-para-la-reparacion-de-motores-aeronauticos-que-impulsara-el-mantenimiento-en-norteamerica\/#primaryimage"},"thumbnailUrl":"https:\/\/www.nexoinformativo.mx\/wp-content\/uploads\/2025\/03\/PHOTO-2025-03-10-16-08-38-e1741645362311.jpg","keywords":["EmpleoQro","IndustriaAeron\u00e1utica","Inversi\u00f3nQuer\u00e9taro","SAFRANQuer\u00e9taro"],"articleSection":["Econom\u00eda","Estado","\u00daltima Hora"],"inLanguage":"es","potentialAction":[{"@type":"CommentAction","name":"Comment","target":["https:\/\/www.nexoinformativo.mx\/index.php\/2025\/03\/10\/safran-shop-2-queretaro-centro-clave-para-la-reparacion-de-motores-aeronauticos-que-impulsara-el-mantenimiento-en-norteamerica\/#respond"]}]},{"@type":"WebPage","@id":"https:\/\/www.nexoinformativo.mx\/index.php\/2025\/03\/10\/safran-shop-2-queretaro-centro-clave-para-la-reparacion-de-motores-aeronauticos-que-impulsara-el-mantenimiento-en-norteamerica\/","url":"https:\/\/www.nexoinformativo.mx\/index.php\/2025\/03\/10\/safran-shop-2-queretaro-centro-clave-para-la-reparacion-de-motores-aeronauticos-que-impulsara-el-mantenimiento-en-norteamerica\/","name":"SAFRAN Shop 2 Quer\u00e9taro centro clave para la reparaci\u00f3n de motores aeron\u00e1uticos que\u00a0impulsar\u00e1 el mantenimiento en Norteam\u00e9rica | Nexo Informativo Santiago de Quer\u00e9taro","isPartOf":{"@id":"https:\/\/www.nexoinformativo.mx\/#website"},"primaryImageOfPage":{"@id":"https:\/\/www.nexoinformativo.mx\/index.php\/2025\/03\/10\/safran-shop-2-queretaro-centro-clave-para-la-reparacion-de-motores-aeronauticos-que-impulsara-el-mantenimiento-en-norteamerica\/#primaryimage"},"image":{"@id":"https:\/\/www.nexoinformativo.mx\/index.php\/2025\/03\/10\/safran-shop-2-queretaro-centro-clave-para-la-reparacion-de-motores-aeronauticos-que-impulsara-el-mantenimiento-en-norteamerica\/#primaryimage"},"thumbnailUrl":"https:\/\/www.nexoinformativo.mx\/wp-content\/uploads\/2025\/03\/PHOTO-2025-03-10-16-08-38-e1741645362311.jpg","datePublished":"2025-03-10T20:30:13+00:00","dateModified":"2025-03-10T22:24:05+00:00","description":"FRAN Shop 2 Quer\u00e9taro, centro clave para la reparaci\u00f3n de motores aeron\u00e1uticos que\u00a0impulsar\u00e1 el mantenimiento en Norteam\u00e9rica","breadcrumb":{"@id":"https:\/\/www.nexoinformativo.mx\/index.php\/2025\/03\/10\/safran-shop-2-queretaro-centro-clave-para-la-reparacion-de-motores-aeronauticos-que-impulsara-el-mantenimiento-en-norteamerica\/#breadcrumb"},"inLanguage":"es","potentialAction":[{"@type":"ReadAction","target":["https:\/\/www.nexoinformativo.mx\/index.php\/2025\/03\/10\/safran-shop-2-queretaro-centro-clave-para-la-reparacion-de-motores-aeronauticos-que-impulsara-el-mantenimiento-en-norteamerica\/"]}]},{"@type":"ImageObject","inLanguage":"es","@id":"https:\/\/www.nexoinformativo.mx\/index.php\/2025\/03\/10\/safran-shop-2-queretaro-centro-clave-para-la-reparacion-de-motores-aeronauticos-que-impulsara-el-mantenimiento-en-norteamerica\/#primaryimage","url":"https:\/\/www.nexoinformativo.mx\/wp-content\/uploads\/2025\/03\/PHOTO-2025-03-10-16-08-38-e1741645362311.jpg","contentUrl":"https:\/\/www.nexoinformativo.mx\/wp-content\/uploads\/2025\/03\/PHOTO-2025-03-10-16-08-38-e1741645362311.jpg","width":800,"height":533},{"@type":"BreadcrumbList","@id":"https:\/\/www.nexoinformativo.mx\/index.php\/2025\/03\/10\/safran-shop-2-queretaro-centro-clave-para-la-reparacion-de-motores-aeronauticos-que-impulsara-el-mantenimiento-en-norteamerica\/#breadcrumb","itemListElement":[{"@type":"ListItem","position":1,"name":"Inicio","item":"https:\/\/www.nexoinformativo.mx\/"},{"@type":"ListItem","position":2,"name":"SAFRAN Shop 2 Quer\u00e9taro centro clave para la reparaci\u00f3n de motores aeron\u00e1uticos que\u00a0impulsar\u00e1 el mantenimiento en Norteam\u00e9rica"}]},{"@type":"WebSite","@id":"https:\/\/www.nexoinformativo.mx\/#website","url":"https:\/\/www.nexoinformativo.mx\/","name":"Nexo Informativo Santiago de Quer\u00e9taro","description":"Explora NexoInformativo y convi\u00e9rtete en parte de una comunidad que valora el conocimiento y la verdad. Tu nexoinformativo es tu puente hacia una comprensi\u00f3n m\u00e1s profunda del mundo que te rodea.","publisher":{"@id":"https:\/\/www.nexoinformativo.mx\/#organization"},"potentialAction":[{"@type":"SearchAction","target":{"@type":"EntryPoint","urlTemplate":"https:\/\/www.nexoinformativo.mx\/?s={search_term_string}"},"query-input":{"@type":"PropertyValueSpecification","valueRequired":true,"valueName":"search_term_string"}}],"inLanguage":"es"},{"@type":"Organization","@id":"https:\/\/www.nexoinformativo.mx\/#organization","name":"Nexo Informativo Santiago de Quer\u00e9taro","url":"https:\/\/www.nexoinformativo.mx\/","logo":{"@type":"ImageObject","inLanguage":"es","@id":"https:\/\/www.nexoinformativo.mx\/#\/schema\/logo\/image\/","url":"https:\/\/www.nexoinformativo.mx\/wp-content\/uploads\/2024\/07\/nexoi-trasparente-2.png","contentUrl":"https:\/\/www.nexoinformativo.mx\/wp-content\/uploads\/2024\/07\/nexoi-trasparente-2.png","width":816,"height":339,"caption":"Nexo Informativo Santiago de Quer\u00e9taro"},"image":{"@id":"https:\/\/www.nexoinformativo.mx\/#\/schema\/logo\/image\/"},"sameAs":["https:\/\/www.facebook.com\/people\/Nexo-Informativo\/61564066885511\/"]},{"@type":"Person","@id":"https:\/\/www.nexoinformativo.mx\/#\/schema\/person\/7749d380ba08c8ca00d7bc76fd907b7d","name":"Nexo Informativo","image":{"@type":"ImageObject","inLanguage":"es","@id":"https:\/\/www.nexoinformativo.mx\/#\/schema\/person\/image\/","url":"https:\/\/secure.gravatar.com\/avatar\/dde2928154642a13d95f87ddf1ea9718fe2b46760a005c53e41ff5ad610704e6?s=96&d=mm&r=g","contentUrl":"https:\/\/secure.gravatar.com\/avatar\/dde2928154642a13d95f87ddf1ea9718fe2b46760a005c53e41ff5ad610704e6?s=96&d=mm&r=g","caption":"Nexo Informativo"},"url":"https:\/\/www.nexoinformativo.mx\/index.php\/author\/edicion\/"}]}},"_links":{"self":[{"href":"https:\/\/www.nexoinformativo.mx\/index.php\/wp-json\/wp\/v2\/posts\/12586","targetHints":{"allow":["GET"]}}],"collection":[{"href":"https:\/\/www.nexoinformativo.mx\/index.php\/wp-json\/wp\/v2\/posts"}],"about":[{"href":"https:\/\/www.nexoinformativo.mx\/index.php\/wp-json\/wp\/v2\/types\/post"}],"author":[{"embeddable":true,"href":"https:\/\/www.nexoinformativo.mx\/index.php\/wp-json\/wp\/v2\/users\/3"}],"replies":[{"embeddable":true,"href":"https:\/\/www.nexoinformativo.mx\/index.php\/wp-json\/wp\/v2\/comments?post=12586"}],"version-history":[{"count":3,"href":"https:\/\/www.nexoinformativo.mx\/index.php\/wp-json\/wp\/v2\/posts\/12586\/revisions"}],"predecessor-version":[{"id":12591,"href":"https:\/\/www.nexoinformativo.mx\/index.php\/wp-json\/wp\/v2\/posts\/12586\/revisions\/12591"}],"wp:featuredmedia":[{"embeddable":true,"href":"https:\/\/www.nexoinformativo.mx\/index.php\/wp-json\/wp\/v2\/media\/12587"}],"wp:attachment":[{"href":"https:\/\/www.nexoinformativo.mx\/index.php\/wp-json\/wp\/v2\/media?parent=12586"}],"wp:term":[{"taxonomy":"category","embeddable":true,"href":"https:\/\/www.nexoinformativo.mx\/index.php\/wp-json\/wp\/v2\/categories?post=12586"},{"taxonomy":"post_tag","embeddable":true,"href":"https:\/\/www.nexoinformativo.mx\/index.php\/wp-json\/wp\/v2\/tags?post=12586"}],"curies":[{"name":"wp","href":"https:\/\/api.w.org\/{rel}","templated":true}]}}