{"id":12592,"date":"2025-03-11T10:00:56","date_gmt":"2025-03-11T16:00:56","guid":{"rendered":"https:\/\/www.nexoinformativo.mx\/?p=12592"},"modified":"2025-03-11T13:37:20","modified_gmt":"2025-03-11T19:37:20","slug":"gobierno-de-queretaro-endurece-medidas-cumplimiento-estricto-a-establecimientos","status":"publish","type":"post","link":"https:\/\/www.nexoinformativo.mx\/index.php\/2025\/03\/11\/gobierno-de-queretaro-endurece-medidas-cumplimiento-estricto-a-establecimientos\/","title":{"rendered":"Gobierno de Quer\u00e9taro endurece medidas cumplimiento estricto a establecimientos"},"content":{"rendered":"<p style=\"text-align: justify;\" data-sourcepos=\"13:1-13:240\">El gobierno de Quer\u00e9taro, en una reuni\u00f3n con representantes de restaurantes y cantinas, ha reiterado su pol\u00edtica de cero tolerancia hacia aquellos establecimientos que incumplan con las normativas vigentes.<\/p>\n<\/p>\n<p>&nbsp;<\/p>\n<p style=\"text-align: justify;\" data-sourcepos=\"15:1-15:301\">El secretario de Gobierno, Carlos Alberto Alcaraz, y la secretaria de Turismo, Adriana Vega V\u00e1zquez, junto con secretarios de gobierno de varios municipios, enfatizaron la importancia de trabajar en conjunto para garantizar la seguridad y tranquilidad de los queretanos y visitantes.<\/p>\n<\/p>\n<p>&nbsp;<\/p>\n<p style=\"text-align: justify;\" data-sourcepos=\"17:1-17:242\">Alcaraz Guti\u00e9rrez se\u00f1al\u00f3 que, tras los incidentes del pasado fin de semana, el gobernador Mauricio Kuri ha dado instrucciones precisas de actuar con firmeza ante cualquier intento de priorizar intereses comerciales sobre la seguridad p\u00fablica.<\/p>\n<\/p>\n<p>&nbsp;<\/p>\n<p style=\"text-align: justify;\" data-sourcepos=\"19:1-19:199\">En un ambiente de di\u00e1logo abierto, las autoridades y los representantes del sector se comprometieron a colaborar estrechamente para mantener a Quer\u00e9taro como un referente de crecimiento y desarrollo.<\/p>\n<\/p>\n<p>&nbsp;<\/p>\n<p style=\"text-align: center;\" data-sourcepos=\"19:1-19:199\"><em><strong>\u00a1Informaci\u00f3n que transforma!<\/strong><\/em><\/p>\n","protected":false},"excerpt":{"rendered":"<p>El gobierno de Quer\u00e9taro, en una reuni\u00f3n con representantes de restaurantes y cantinas, ha reiterado su pol\u00edtica de cero tolerancia hacia aquellos establecimientos que incumplan con las normativas vigentes.<\/p>\n","protected":false},"author":3,"featured_media":12593,"comment_status":"open","ping_status":"open","sticky":false,"template":"","format":"standard","meta":{"footnotes":""},"categories":[42,58],"tags":[3129,3698,3710,3709],"class_list":["post-12592","post","type-post","status-publish","format-standard","has-post-thumbnail","hentry","category-estado","category-ultima-hora","tag-cerotolerancia","tag-gobiernoqro","tag-normativasqro","tag-seguridadqro"],"yoast_head":"<!-- This site is optimized with the Yoast SEO plugin v25.0 - https:\/\/yoast.com\/wordpress\/plugins\/seo\/ -->\n<title>Gobierno de Quer\u00e9taro endurece medidas cumplimiento estricto a establecimientos | Nexo Informativo Santiago de Quer\u00e9taro<\/title>\n<meta name=\"description\" content=\"Gobierno de Quer\u00e9taro endurece medidas cumplimiento estricto a establecimientos\" \/>\n<meta name=\"robots\" content=\"index, follow, max-snippet:-1, max-image-preview:large, max-video-preview:-1\" \/>\n<link rel=\"canonical\" href=\"https:\/\/www.nexoinformativo.mx\/index.php\/2025\/03\/11\/gobierno-de-queretaro-endurece-medidas-cumplimiento-estricto-a-establecimientos\/\" \/>\n<meta property=\"og:locale\" content=\"es_MX\" \/>\n<meta property=\"og:type\" content=\"article\" \/>\n<meta property=\"og:title\" content=\"Gobierno de Quer\u00e9taro endurece medidas cumplimiento estricto a establecimientos | Nexo Informativo Santiago de Quer\u00e9taro\" \/>\n<meta property=\"og:description\" content=\"Gobierno de Quer\u00e9taro endurece medidas cumplimiento estricto a establecimientos\" \/>\n<meta property=\"og:url\" content=\"https:\/\/www.nexoinformativo.mx\/index.php\/2025\/03\/11\/gobierno-de-queretaro-endurece-medidas-cumplimiento-estricto-a-establecimientos\/\" \/>\n<meta property=\"og:site_name\" content=\"Nexo Informativo Santiago de Quer\u00e9taro\" \/>\n<meta property=\"article:publisher\" content=\"https:\/\/www.facebook.com\/people\/Nexo-Informativo\/61564066885511\/\" \/>\n<meta property=\"article:published_time\" content=\"2025-03-11T16:00:56+00:00\" \/>\n<meta property=\"article:modified_time\" content=\"2025-03-11T19:37:20+00:00\" \/>\n<meta property=\"og:image\" content=\"https:\/\/www.nexoinformativo.mx\/wp-content\/uploads\/2025\/03\/17e1dbc4-23b4-41a9-bb17-af2255b55c5f-e1741721785551.jpg\" \/>\n\t<meta property=\"og:image:width\" content=\"800\" \/>\n\t<meta property=\"og:image:height\" content=\"533\" \/>\n\t<meta property=\"og:image:type\" content=\"image\/jpeg\" \/>\n<meta name=\"author\" content=\"Nexo Informativo\" \/>\n<meta name=\"twitter:card\" content=\"summary_large_image\" \/>\n<meta name=\"twitter:label1\" content=\"Escrito por\" \/>\n\t<meta name=\"twitter:data1\" content=\"Nexo Informativo\" \/>\n\t<meta name=\"twitter:label2\" content=\"Tiempo de lectura\" \/>\n\t<meta name=\"twitter:data2\" content=\"1 minuto\" \/>\n<script type=\"application\/ld+json\" class=\"yoast-schema-graph\">{\"@context\":\"https:\/\/schema.org\",\"@graph\":[{\"@type\":\"Article\",\"@id\":\"https:\/\/www.nexoinformativo.mx\/index.php\/2025\/03\/11\/gobierno-de-queretaro-endurece-medidas-cumplimiento-estricto-a-establecimientos\/#article\",\"isPartOf\":{\"@id\":\"https:\/\/www.nexoinformativo.mx\/index.php\/2025\/03\/11\/gobierno-de-queretaro-endurece-medidas-cumplimiento-estricto-a-establecimientos\/\"},\"author\":{\"name\":\"Nexo Informativo\",\"@id\":\"https:\/\/www.nexoinformativo.mx\/#\/schema\/person\/7749d380ba08c8ca00d7bc76fd907b7d\"},\"headline\":\"Gobierno de Quer\u00e9taro endurece medidas cumplimiento estricto a establecimientos\",\"datePublished\":\"2025-03-11T16:00:56+00:00\",\"dateModified\":\"2025-03-11T19:37:20+00:00\",\"mainEntityOfPage\":{\"@id\":\"https:\/\/www.nexoinformativo.mx\/index.php\/2025\/03\/11\/gobierno-de-queretaro-endurece-medidas-cumplimiento-estricto-a-establecimientos\/\"},\"wordCount\":161,\"commentCount\":0,\"publisher\":{\"@id\":\"https:\/\/www.nexoinformativo.mx\/#organization\"},\"image\":{\"@id\":\"https:\/\/www.nexoinformativo.mx\/index.php\/2025\/03\/11\/gobierno-de-queretaro-endurece-medidas-cumplimiento-estricto-a-establecimientos\/#primaryimage\"},\"thumbnailUrl\":\"https:\/\/www.nexoinformativo.mx\/wp-content\/uploads\/2025\/03\/17e1dbc4-23b4-41a9-bb17-af2255b55c5f-e1741721785551.jpg\",\"keywords\":[\"CeroTolerancia\",\"GobiernoQro\",\"NormativasQro\",\"SeguridadQro\"],\"articleSection\":[\"Estado\",\"\u00daltima Hora\"],\"inLanguage\":\"es\",\"potentialAction\":[{\"@type\":\"CommentAction\",\"name\":\"Comment\",\"target\":[\"https:\/\/www.nexoinformativo.mx\/index.php\/2025\/03\/11\/gobierno-de-queretaro-endurece-medidas-cumplimiento-estricto-a-establecimientos\/#respond\"]}]},{\"@type\":\"WebPage\",\"@id\":\"https:\/\/www.nexoinformativo.mx\/index.php\/2025\/03\/11\/gobierno-de-queretaro-endurece-medidas-cumplimiento-estricto-a-establecimientos\/\",\"url\":\"https:\/\/www.nexoinformativo.mx\/index.php\/2025\/03\/11\/gobierno-de-queretaro-endurece-medidas-cumplimiento-estricto-a-establecimientos\/\",\"name\":\"Gobierno de Quer\u00e9taro endurece medidas cumplimiento estricto a establecimientos | Nexo Informativo Santiago de Quer\u00e9taro\",\"isPartOf\":{\"@id\":\"https:\/\/www.nexoinformativo.mx\/#website\"},\"primaryImageOfPage\":{\"@id\":\"https:\/\/www.nexoinformativo.mx\/index.php\/2025\/03\/11\/gobierno-de-queretaro-endurece-medidas-cumplimiento-estricto-a-establecimientos\/#primaryimage\"},\"image\":{\"@id\":\"https:\/\/www.nexoinformativo.mx\/index.php\/2025\/03\/11\/gobierno-de-queretaro-endurece-medidas-cumplimiento-estricto-a-establecimientos\/#primaryimage\"},\"thumbnailUrl\":\"https:\/\/www.nexoinformativo.mx\/wp-content\/uploads\/2025\/03\/17e1dbc4-23b4-41a9-bb17-af2255b55c5f-e1741721785551.jpg\",\"datePublished\":\"2025-03-11T16:00:56+00:00\",\"dateModified\":\"2025-03-11T19:37:20+00:00\",\"description\":\"Gobierno de Quer\u00e9taro endurece medidas cumplimiento estricto a establecimientos\",\"breadcrumb\":{\"@id\":\"https:\/\/www.nexoinformativo.mx\/index.php\/2025\/03\/11\/gobierno-de-queretaro-endurece-medidas-cumplimiento-estricto-a-establecimientos\/#breadcrumb\"},\"inLanguage\":\"es\",\"potentialAction\":[{\"@type\":\"ReadAction\",\"target\":[\"https:\/\/www.nexoinformativo.mx\/index.php\/2025\/03\/11\/gobierno-de-queretaro-endurece-medidas-cumplimiento-estricto-a-establecimientos\/\"]}]},{\"@type\":\"ImageObject\",\"inLanguage\":\"es\",\"@id\":\"https:\/\/www.nexoinformativo.mx\/index.php\/2025\/03\/11\/gobierno-de-queretaro-endurece-medidas-cumplimiento-estricto-a-establecimientos\/#primaryimage\",\"url\":\"https:\/\/www.nexoinformativo.mx\/wp-content\/uploads\/2025\/03\/17e1dbc4-23b4-41a9-bb17-af2255b55c5f-e1741721785551.jpg\",\"contentUrl\":\"https:\/\/www.nexoinformativo.mx\/wp-content\/uploads\/2025\/03\/17e1dbc4-23b4-41a9-bb17-af2255b55c5f-e1741721785551.jpg\",\"width\":800,\"height\":533},{\"@type\":\"BreadcrumbList\",\"@id\":\"https:\/\/www.nexoinformativo.mx\/index.php\/2025\/03\/11\/gobierno-de-queretaro-endurece-medidas-cumplimiento-estricto-a-establecimientos\/#breadcrumb\",\"itemListElement\":[{\"@type\":\"ListItem\",\"position\":1,\"name\":\"Inicio\",\"item\":\"https:\/\/www.nexoinformativo.mx\/\"},{\"@type\":\"ListItem\",\"position\":2,\"name\":\"Gobierno de Quer\u00e9taro endurece medidas cumplimiento estricto a establecimientos\"}]},{\"@type\":\"WebSite\",\"@id\":\"https:\/\/www.nexoinformativo.mx\/#website\",\"url\":\"https:\/\/www.nexoinformativo.mx\/\",\"name\":\"Nexo Informativo Santiago de Quer\u00e9taro\",\"description\":\"Explora NexoInformativo y convi\u00e9rtete en parte de una comunidad que valora el conocimiento y la verdad. Tu nexoinformativo es tu puente hacia una comprensi\u00f3n m\u00e1s profunda del mundo que te rodea.\",\"publisher\":{\"@id\":\"https:\/\/www.nexoinformativo.mx\/#organization\"},\"potentialAction\":[{\"@type\":\"SearchAction\",\"target\":{\"@type\":\"EntryPoint\",\"urlTemplate\":\"https:\/\/www.nexoinformativo.mx\/?s={search_term_string}\"},\"query-input\":{\"@type\":\"PropertyValueSpecification\",\"valueRequired\":true,\"valueName\":\"search_term_string\"}}],\"inLanguage\":\"es\"},{\"@type\":\"Organization\",\"@id\":\"https:\/\/www.nexoinformativo.mx\/#organization\",\"name\":\"Nexo Informativo Santiago de Quer\u00e9taro\",\"url\":\"https:\/\/www.nexoinformativo.mx\/\",\"logo\":{\"@type\":\"ImageObject\",\"inLanguage\":\"es\",\"@id\":\"https:\/\/www.nexoinformativo.mx\/#\/schema\/logo\/image\/\",\"url\":\"https:\/\/www.nexoinformativo.mx\/wp-content\/uploads\/2024\/07\/nexoi-trasparente-2.png\",\"contentUrl\":\"https:\/\/www.nexoinformativo.mx\/wp-content\/uploads\/2024\/07\/nexoi-trasparente-2.png\",\"width\":816,\"height\":339,\"caption\":\"Nexo Informativo Santiago de Quer\u00e9taro\"},\"image\":{\"@id\":\"https:\/\/www.nexoinformativo.mx\/#\/schema\/logo\/image\/\"},\"sameAs\":[\"https:\/\/www.facebook.com\/people\/Nexo-Informativo\/61564066885511\/\"]},{\"@type\":\"Person\",\"@id\":\"https:\/\/www.nexoinformativo.mx\/#\/schema\/person\/7749d380ba08c8ca00d7bc76fd907b7d\",\"name\":\"Nexo Informativo\",\"image\":{\"@type\":\"ImageObject\",\"inLanguage\":\"es\",\"@id\":\"https:\/\/www.nexoinformativo.mx\/#\/schema\/person\/image\/\",\"url\":\"https:\/\/secure.gravatar.com\/avatar\/dde2928154642a13d95f87ddf1ea9718fe2b46760a005c53e41ff5ad610704e6?s=96&d=mm&r=g\",\"contentUrl\":\"https:\/\/secure.gravatar.com\/avatar\/dde2928154642a13d95f87ddf1ea9718fe2b46760a005c53e41ff5ad610704e6?s=96&d=mm&r=g\",\"caption\":\"Nexo Informativo\"},\"url\":\"https:\/\/www.nexoinformativo.mx\/index.php\/author\/edicion\/\"}]}<\/script>\n<!-- \/ Yoast SEO plugin. -->","yoast_head_json":{"title":"Gobierno de Quer\u00e9taro endurece medidas cumplimiento estricto a establecimientos | Nexo Informativo Santiago de Quer\u00e9taro","description":"Gobierno de Quer\u00e9taro endurece medidas cumplimiento estricto a establecimientos","robots":{"index":"index","follow":"follow","max-snippet":"max-snippet:-1","max-image-preview":"max-image-preview:large","max-video-preview":"max-video-preview:-1"},"canonical":"https:\/\/www.nexoinformativo.mx\/index.php\/2025\/03\/11\/gobierno-de-queretaro-endurece-medidas-cumplimiento-estricto-a-establecimientos\/","og_locale":"es_MX","og_type":"article","og_title":"Gobierno de Quer\u00e9taro endurece medidas cumplimiento estricto a establecimientos | Nexo Informativo Santiago de Quer\u00e9taro","og_description":"Gobierno de Quer\u00e9taro endurece medidas cumplimiento estricto a establecimientos","og_url":"https:\/\/www.nexoinformativo.mx\/index.php\/2025\/03\/11\/gobierno-de-queretaro-endurece-medidas-cumplimiento-estricto-a-establecimientos\/","og_site_name":"Nexo Informativo Santiago de Quer\u00e9taro","article_publisher":"https:\/\/www.facebook.com\/people\/Nexo-Informativo\/61564066885511\/","article_published_time":"2025-03-11T16:00:56+00:00","article_modified_time":"2025-03-11T19:37:20+00:00","og_image":[{"width":800,"height":533,"url":"https:\/\/www.nexoinformativo.mx\/wp-content\/uploads\/2025\/03\/17e1dbc4-23b4-41a9-bb17-af2255b55c5f-e1741721785551.jpg","type":"image\/jpeg"}],"author":"Nexo Informativo","twitter_card":"summary_large_image","twitter_misc":{"Escrito por":"Nexo Informativo","Tiempo de lectura":"1 minuto"},"schema":{"@context":"https:\/\/schema.org","@graph":[{"@type":"Article","@id":"https:\/\/www.nexoinformativo.mx\/index.php\/2025\/03\/11\/gobierno-de-queretaro-endurece-medidas-cumplimiento-estricto-a-establecimientos\/#article","isPartOf":{"@id":"https:\/\/www.nexoinformativo.mx\/index.php\/2025\/03\/11\/gobierno-de-queretaro-endurece-medidas-cumplimiento-estricto-a-establecimientos\/"},"author":{"name":"Nexo Informativo","@id":"https:\/\/www.nexoinformativo.mx\/#\/schema\/person\/7749d380ba08c8ca00d7bc76fd907b7d"},"headline":"Gobierno de Quer\u00e9taro endurece medidas cumplimiento estricto a establecimientos","datePublished":"2025-03-11T16:00:56+00:00","dateModified":"2025-03-11T19:37:20+00:00","mainEntityOfPage":{"@id":"https:\/\/www.nexoinformativo.mx\/index.php\/2025\/03\/11\/gobierno-de-queretaro-endurece-medidas-cumplimiento-estricto-a-establecimientos\/"},"wordCount":161,"commentCount":0,"publisher":{"@id":"https:\/\/www.nexoinformativo.mx\/#organization"},"image":{"@id":"https:\/\/www.nexoinformativo.mx\/index.php\/2025\/03\/11\/gobierno-de-queretaro-endurece-medidas-cumplimiento-estricto-a-establecimientos\/#primaryimage"},"thumbnailUrl":"https:\/\/www.nexoinformativo.mx\/wp-content\/uploads\/2025\/03\/17e1dbc4-23b4-41a9-bb17-af2255b55c5f-e1741721785551.jpg","keywords":["CeroTolerancia","GobiernoQro","NormativasQro","SeguridadQro"],"articleSection":["Estado","\u00daltima Hora"],"inLanguage":"es","potentialAction":[{"@type":"CommentAction","name":"Comment","target":["https:\/\/www.nexoinformativo.mx\/index.php\/2025\/03\/11\/gobierno-de-queretaro-endurece-medidas-cumplimiento-estricto-a-establecimientos\/#respond"]}]},{"@type":"WebPage","@id":"https:\/\/www.nexoinformativo.mx\/index.php\/2025\/03\/11\/gobierno-de-queretaro-endurece-medidas-cumplimiento-estricto-a-establecimientos\/","url":"https:\/\/www.nexoinformativo.mx\/index.php\/2025\/03\/11\/gobierno-de-queretaro-endurece-medidas-cumplimiento-estricto-a-establecimientos\/","name":"Gobierno de Quer\u00e9taro endurece medidas cumplimiento estricto a establecimientos | Nexo Informativo Santiago de Quer\u00e9taro","isPartOf":{"@id":"https:\/\/www.nexoinformativo.mx\/#website"},"primaryImageOfPage":{"@id":"https:\/\/www.nexoinformativo.mx\/index.php\/2025\/03\/11\/gobierno-de-queretaro-endurece-medidas-cumplimiento-estricto-a-establecimientos\/#primaryimage"},"image":{"@id":"https:\/\/www.nexoinformativo.mx\/index.php\/2025\/03\/11\/gobierno-de-queretaro-endurece-medidas-cumplimiento-estricto-a-establecimientos\/#primaryimage"},"thumbnailUrl":"https:\/\/www.nexoinformativo.mx\/wp-content\/uploads\/2025\/03\/17e1dbc4-23b4-41a9-bb17-af2255b55c5f-e1741721785551.jpg","datePublished":"2025-03-11T16:00:56+00:00","dateModified":"2025-03-11T19:37:20+00:00","description":"Gobierno de Quer\u00e9taro endurece medidas cumplimiento estricto a establecimientos","breadcrumb":{"@id":"https:\/\/www.nexoinformativo.mx\/index.php\/2025\/03\/11\/gobierno-de-queretaro-endurece-medidas-cumplimiento-estricto-a-establecimientos\/#breadcrumb"},"inLanguage":"es","potentialAction":[{"@type":"ReadAction","target":["https:\/\/www.nexoinformativo.mx\/index.php\/2025\/03\/11\/gobierno-de-queretaro-endurece-medidas-cumplimiento-estricto-a-establecimientos\/"]}]},{"@type":"ImageObject","inLanguage":"es","@id":"https:\/\/www.nexoinformativo.mx\/index.php\/2025\/03\/11\/gobierno-de-queretaro-endurece-medidas-cumplimiento-estricto-a-establecimientos\/#primaryimage","url":"https:\/\/www.nexoinformativo.mx\/wp-content\/uploads\/2025\/03\/17e1dbc4-23b4-41a9-bb17-af2255b55c5f-e1741721785551.jpg","contentUrl":"https:\/\/www.nexoinformativo.mx\/wp-content\/uploads\/2025\/03\/17e1dbc4-23b4-41a9-bb17-af2255b55c5f-e1741721785551.jpg","width":800,"height":533},{"@type":"BreadcrumbList","@id":"https:\/\/www.nexoinformativo.mx\/index.php\/2025\/03\/11\/gobierno-de-queretaro-endurece-medidas-cumplimiento-estricto-a-establecimientos\/#breadcrumb","itemListElement":[{"@type":"ListItem","position":1,"name":"Inicio","item":"https:\/\/www.nexoinformativo.mx\/"},{"@type":"ListItem","position":2,"name":"Gobierno de Quer\u00e9taro endurece medidas cumplimiento estricto a establecimientos"}]},{"@type":"WebSite","@id":"https:\/\/www.nexoinformativo.mx\/#website","url":"https:\/\/www.nexoinformativo.mx\/","name":"Nexo Informativo Santiago de Quer\u00e9taro","description":"Explora NexoInformativo y convi\u00e9rtete en parte de una comunidad que valora el conocimiento y la verdad. Tu nexoinformativo es tu puente hacia una comprensi\u00f3n m\u00e1s profunda del mundo que te rodea.","publisher":{"@id":"https:\/\/www.nexoinformativo.mx\/#organization"},"potentialAction":[{"@type":"SearchAction","target":{"@type":"EntryPoint","urlTemplate":"https:\/\/www.nexoinformativo.mx\/?s={search_term_string}"},"query-input":{"@type":"PropertyValueSpecification","valueRequired":true,"valueName":"search_term_string"}}],"inLanguage":"es"},{"@type":"Organization","@id":"https:\/\/www.nexoinformativo.mx\/#organization","name":"Nexo Informativo Santiago de Quer\u00e9taro","url":"https:\/\/www.nexoinformativo.mx\/","logo":{"@type":"ImageObject","inLanguage":"es","@id":"https:\/\/www.nexoinformativo.mx\/#\/schema\/logo\/image\/","url":"https:\/\/www.nexoinformativo.mx\/wp-content\/uploads\/2024\/07\/nexoi-trasparente-2.png","contentUrl":"https:\/\/www.nexoinformativo.mx\/wp-content\/uploads\/2024\/07\/nexoi-trasparente-2.png","width":816,"height":339,"caption":"Nexo Informativo Santiago de Quer\u00e9taro"},"image":{"@id":"https:\/\/www.nexoinformativo.mx\/#\/schema\/logo\/image\/"},"sameAs":["https:\/\/www.facebook.com\/people\/Nexo-Informativo\/61564066885511\/"]},{"@type":"Person","@id":"https:\/\/www.nexoinformativo.mx\/#\/schema\/person\/7749d380ba08c8ca00d7bc76fd907b7d","name":"Nexo Informativo","image":{"@type":"ImageObject","inLanguage":"es","@id":"https:\/\/www.nexoinformativo.mx\/#\/schema\/person\/image\/","url":"https:\/\/secure.gravatar.com\/avatar\/dde2928154642a13d95f87ddf1ea9718fe2b46760a005c53e41ff5ad610704e6?s=96&d=mm&r=g","contentUrl":"https:\/\/secure.gravatar.com\/avatar\/dde2928154642a13d95f87ddf1ea9718fe2b46760a005c53e41ff5ad610704e6?s=96&d=mm&r=g","caption":"Nexo Informativo"},"url":"https:\/\/www.nexoinformativo.mx\/index.php\/author\/edicion\/"}]}},"_links":{"self":[{"href":"https:\/\/www.nexoinformativo.mx\/index.php\/wp-json\/wp\/v2\/posts\/12592","targetHints":{"allow":["GET"]}}],"collection":[{"href":"https:\/\/www.nexoinformativo.mx\/index.php\/wp-json\/wp\/v2\/posts"}],"about":[{"href":"https:\/\/www.nexoinformativo.mx\/index.php\/wp-json\/wp\/v2\/types\/post"}],"author":[{"embeddable":true,"href":"https:\/\/www.nexoinformativo.mx\/index.php\/wp-json\/wp\/v2\/users\/3"}],"replies":[{"embeddable":true,"href":"https:\/\/www.nexoinformativo.mx\/index.php\/wp-json\/wp\/v2\/comments?post=12592"}],"version-history":[{"count":3,"href":"https:\/\/www.nexoinformativo.mx\/index.php\/wp-json\/wp\/v2\/posts\/12592\/revisions"}],"predecessor-version":[{"id":12596,"href":"https:\/\/www.nexoinformativo.mx\/index.php\/wp-json\/wp\/v2\/posts\/12592\/revisions\/12596"}],"wp:featuredmedia":[{"embeddable":true,"href":"https:\/\/www.nexoinformativo.mx\/index.php\/wp-json\/wp\/v2\/media\/12593"}],"wp:attachment":[{"href":"https:\/\/www.nexoinformativo.mx\/index.php\/wp-json\/wp\/v2\/media?parent=12592"}],"wp:term":[{"taxonomy":"category","embeddable":true,"href":"https:\/\/www.nexoinformativo.mx\/index.php\/wp-json\/wp\/v2\/categories?post=12592"},{"taxonomy":"post_tag","embeddable":true,"href":"https:\/\/www.nexoinformativo.mx\/index.php\/wp-json\/wp\/v2\/tags?post=12592"}],"curies":[{"name":"wp","href":"https:\/\/api.w.org\/{rel}","templated":true}]}}