{"id":1260,"date":"2024-08-29T09:00:23","date_gmt":"2024-08-29T15:00:23","guid":{"rendered":"https:\/\/www.nexoinformativo.mx\/?p=1260"},"modified":"2024-08-29T13:02:56","modified_gmt":"2024-08-29T19:02:56","slug":"inician-operativo-contra-la-venta-de-pirotecnia-en-queretaro-durante-fiestas-patrias","status":"publish","type":"post","link":"https:\/\/www.nexoinformativo.mx\/index.php\/2024\/08\/29\/inician-operativo-contra-la-venta-de-pirotecnia-en-queretaro-durante-fiestas-patrias\/","title":{"rendered":"Inician Operativo Contra la Venta de Pirotecnia en Quer\u00e9taro Durante Fiestas Patrias"},"content":{"rendered":"<p style=\"text-align: justify;\">El subsecretario de gobierno del municipio de Quer\u00e9taro, Juan Carlos Arregu\u00edn, anunci\u00f3 el inicio de un operativo para evitar la venta de pirotecnia en la capital queretana, especialmente durante las fiestas patrias. Este operativo busca prevenir la comercializaci\u00f3n ilegal de productos pirot\u00e9cnicos que representan un riesgo para la seguridad de la poblaci\u00f3n.<\/p>\n<p>&nbsp;<\/p>\n<p style=\"text-align: justify;\">La inspecci\u00f3n municipal ya est\u00e1 trabajando para detectar y frenar la venta de pirotecnia en negocios y v\u00eda p\u00fablica, incluyendo la venta de art\u00edculos relacionados, como banderas.<\/p>\n<p>&nbsp;<\/p>\n<p style=\"text-align: justify;\">El operativo cuenta con la participaci\u00f3n coordinada de protecci\u00f3n civil estatal y municipal, el Ej\u00e9rcito Mexicano y la seguridad p\u00fablica. En los pr\u00f3ximos d\u00edas, se anunciar\u00e1n las fases y fechas espec\u00edficas del operativo.<\/p>\n<p>&nbsp;<\/p>\n<p><img loading=\"lazy\" decoding=\"async\" class=\"alignnone size-full wp-image-1261\" src=\"https:\/\/www.nexoinformativo.mx\/wp-content\/uploads\/2024\/08\/unnamed-5.jpg\" alt=\"\" width=\"748\" height=\"1600\" srcset=\"https:\/\/www.nexoinformativo.mx\/wp-content\/uploads\/2024\/08\/unnamed-5.jpg 748w, https:\/\/www.nexoinformativo.mx\/wp-content\/uploads\/2024\/08\/unnamed-5-140x300.jpg 140w, https:\/\/www.nexoinformativo.mx\/wp-content\/uploads\/2024\/08\/unnamed-5-479x1024.jpg 479w, https:\/\/www.nexoinformativo.mx\/wp-content\/uploads\/2024\/08\/unnamed-5-718x1536.jpg 718w\" sizes=\"auto, (max-width: 748px) 100vw, 748px\" \/><\/p>\n","protected":false},"excerpt":{"rendered":"<p>El subsecretario de gobierno del municipio de Quer\u00e9taro, Juan Carlos Arregu\u00edn, anunci\u00f3 el inicio de un operativo para evitar la venta de pirotecnia en la capital queretana, especialmente durante las fiestas patrias. Este operativo busca prevenir la comercializaci\u00f3n ilegal de productos pirot\u00e9cnicos que representan un riesgo para la seguridad de la poblaci\u00f3n. &nbsp; La inspecci\u00f3n [&hellip;]<\/p>\n","protected":false},"author":3,"featured_media":1262,"comment_status":"open","ping_status":"open","sticky":false,"template":"","format":"standard","meta":{"footnotes":""},"categories":[65],"tags":[331,332,154,133,131],"class_list":["post-1260","post","type-post","status-publish","format-standard","has-post-thumbnail","hentry","category-municipios","tag-fiestaspatrias","tag-operativopirotecnia","tag-proteccioncivil","tag-queretaro","tag-seguridad"],"yoast_head":"<!-- This site is optimized with the Yoast SEO plugin v25.0 - https:\/\/yoast.com\/wordpress\/plugins\/seo\/ -->\n<title>Inician Operativo Contra la Venta de Pirotecnia en Quer\u00e9taro Durante Fiestas Patrias | Nexo Informativo Santiago de Quer\u00e9taro<\/title>\n<meta name=\"robots\" content=\"index, follow, max-snippet:-1, max-image-preview:large, max-video-preview:-1\" \/>\n<link rel=\"canonical\" href=\"https:\/\/www.nexoinformativo.mx\/index.php\/2024\/08\/29\/inician-operativo-contra-la-venta-de-pirotecnia-en-queretaro-durante-fiestas-patrias\/\" \/>\n<meta property=\"og:locale\" content=\"es_MX\" \/>\n<meta property=\"og:type\" content=\"article\" \/>\n<meta property=\"og:title\" content=\"Inician Operativo Contra la Venta de Pirotecnia en Quer\u00e9taro Durante Fiestas Patrias | Nexo Informativo Santiago de Quer\u00e9taro\" \/>\n<meta property=\"og:description\" content=\"El subsecretario de gobierno del municipio de Quer\u00e9taro, Juan Carlos Arregu\u00edn, anunci\u00f3 el inicio de un operativo para evitar la venta de pirotecnia en la capital queretana, especialmente durante las fiestas patrias. Este operativo busca prevenir la comercializaci\u00f3n ilegal de productos pirot\u00e9cnicos que representan un riesgo para la seguridad de la poblaci\u00f3n. &nbsp; La inspecci\u00f3n [&hellip;]\" \/>\n<meta property=\"og:url\" content=\"https:\/\/www.nexoinformativo.mx\/index.php\/2024\/08\/29\/inician-operativo-contra-la-venta-de-pirotecnia-en-queretaro-durante-fiestas-patrias\/\" \/>\n<meta property=\"og:site_name\" content=\"Nexo Informativo Santiago de Quer\u00e9taro\" \/>\n<meta property=\"article:publisher\" content=\"https:\/\/www.facebook.com\/people\/Nexo-Informativo\/61564066885511\/\" \/>\n<meta property=\"article:published_time\" content=\"2024-08-29T15:00:23+00:00\" \/>\n<meta property=\"article:modified_time\" content=\"2024-08-29T19:02:56+00:00\" \/>\n<meta property=\"og:image\" content=\"https:\/\/www.nexoinformativo.mx\/wp-content\/uploads\/2024\/08\/unnamed-4-e1724958084591.jpg\" \/>\n\t<meta property=\"og:image:width\" content=\"800\" \/>\n\t<meta property=\"og:image:height\" content=\"600\" \/>\n\t<meta property=\"og:image:type\" content=\"image\/jpeg\" \/>\n<meta name=\"author\" content=\"Nexo Informativo\" \/>\n<meta name=\"twitter:card\" content=\"summary_large_image\" \/>\n<meta name=\"twitter:label1\" content=\"Escrito por\" \/>\n\t<meta name=\"twitter:data1\" content=\"Nexo Informativo\" \/>\n\t<meta name=\"twitter:label2\" content=\"Tiempo de lectura\" \/>\n\t<meta name=\"twitter:data2\" content=\"1 minuto\" \/>\n<script type=\"application\/ld+json\" class=\"yoast-schema-graph\">{\"@context\":\"https:\/\/schema.org\",\"@graph\":[{\"@type\":\"Article\",\"@id\":\"https:\/\/www.nexoinformativo.mx\/index.php\/2024\/08\/29\/inician-operativo-contra-la-venta-de-pirotecnia-en-queretaro-durante-fiestas-patrias\/#article\",\"isPartOf\":{\"@id\":\"https:\/\/www.nexoinformativo.mx\/index.php\/2024\/08\/29\/inician-operativo-contra-la-venta-de-pirotecnia-en-queretaro-durante-fiestas-patrias\/\"},\"author\":{\"name\":\"Nexo Informativo\",\"@id\":\"https:\/\/www.nexoinformativo.mx\/#\/schema\/person\/7749d380ba08c8ca00d7bc76fd907b7d\"},\"headline\":\"Inician Operativo Contra la Venta de Pirotecnia en Quer\u00e9taro Durante Fiestas Patrias\",\"datePublished\":\"2024-08-29T15:00:23+00:00\",\"dateModified\":\"2024-08-29T19:02:56+00:00\",\"mainEntityOfPage\":{\"@id\":\"https:\/\/www.nexoinformativo.mx\/index.php\/2024\/08\/29\/inician-operativo-contra-la-venta-de-pirotecnia-en-queretaro-durante-fiestas-patrias\/\"},\"wordCount\":145,\"commentCount\":0,\"publisher\":{\"@id\":\"https:\/\/www.nexoinformativo.mx\/#organization\"},\"image\":{\"@id\":\"https:\/\/www.nexoinformativo.mx\/index.php\/2024\/08\/29\/inician-operativo-contra-la-venta-de-pirotecnia-en-queretaro-durante-fiestas-patrias\/#primaryimage\"},\"thumbnailUrl\":\"https:\/\/www.nexoinformativo.mx\/wp-content\/uploads\/2024\/08\/unnamed-4-e1724958084591.jpg\",\"keywords\":[\"FiestasPatrias\",\"OperativoPirotecnia\",\"proteccioncivil\",\"Quer\u00e9taro\",\"Seguridad\"],\"articleSection\":[\"Municipios\"],\"inLanguage\":\"es\",\"potentialAction\":[{\"@type\":\"CommentAction\",\"name\":\"Comment\",\"target\":[\"https:\/\/www.nexoinformativo.mx\/index.php\/2024\/08\/29\/inician-operativo-contra-la-venta-de-pirotecnia-en-queretaro-durante-fiestas-patrias\/#respond\"]}]},{\"@type\":\"WebPage\",\"@id\":\"https:\/\/www.nexoinformativo.mx\/index.php\/2024\/08\/29\/inician-operativo-contra-la-venta-de-pirotecnia-en-queretaro-durante-fiestas-patrias\/\",\"url\":\"https:\/\/www.nexoinformativo.mx\/index.php\/2024\/08\/29\/inician-operativo-contra-la-venta-de-pirotecnia-en-queretaro-durante-fiestas-patrias\/\",\"name\":\"Inician Operativo Contra la Venta de Pirotecnia en Quer\u00e9taro Durante Fiestas Patrias | Nexo Informativo Santiago de Quer\u00e9taro\",\"isPartOf\":{\"@id\":\"https:\/\/www.nexoinformativo.mx\/#website\"},\"primaryImageOfPage\":{\"@id\":\"https:\/\/www.nexoinformativo.mx\/index.php\/2024\/08\/29\/inician-operativo-contra-la-venta-de-pirotecnia-en-queretaro-durante-fiestas-patrias\/#primaryimage\"},\"image\":{\"@id\":\"https:\/\/www.nexoinformativo.mx\/index.php\/2024\/08\/29\/inician-operativo-contra-la-venta-de-pirotecnia-en-queretaro-durante-fiestas-patrias\/#primaryimage\"},\"thumbnailUrl\":\"https:\/\/www.nexoinformativo.mx\/wp-content\/uploads\/2024\/08\/unnamed-4-e1724958084591.jpg\",\"datePublished\":\"2024-08-29T15:00:23+00:00\",\"dateModified\":\"2024-08-29T19:02:56+00:00\",\"breadcrumb\":{\"@id\":\"https:\/\/www.nexoinformativo.mx\/index.php\/2024\/08\/29\/inician-operativo-contra-la-venta-de-pirotecnia-en-queretaro-durante-fiestas-patrias\/#breadcrumb\"},\"inLanguage\":\"es\",\"potentialAction\":[{\"@type\":\"ReadAction\",\"target\":[\"https:\/\/www.nexoinformativo.mx\/index.php\/2024\/08\/29\/inician-operativo-contra-la-venta-de-pirotecnia-en-queretaro-durante-fiestas-patrias\/\"]}]},{\"@type\":\"ImageObject\",\"inLanguage\":\"es\",\"@id\":\"https:\/\/www.nexoinformativo.mx\/index.php\/2024\/08\/29\/inician-operativo-contra-la-venta-de-pirotecnia-en-queretaro-durante-fiestas-patrias\/#primaryimage\",\"url\":\"https:\/\/www.nexoinformativo.mx\/wp-content\/uploads\/2024\/08\/unnamed-4-e1724958084591.jpg\",\"contentUrl\":\"https:\/\/www.nexoinformativo.mx\/wp-content\/uploads\/2024\/08\/unnamed-4-e1724958084591.jpg\",\"width\":800,\"height\":600},{\"@type\":\"BreadcrumbList\",\"@id\":\"https:\/\/www.nexoinformativo.mx\/index.php\/2024\/08\/29\/inician-operativo-contra-la-venta-de-pirotecnia-en-queretaro-durante-fiestas-patrias\/#breadcrumb\",\"itemListElement\":[{\"@type\":\"ListItem\",\"position\":1,\"name\":\"Inicio\",\"item\":\"https:\/\/www.nexoinformativo.mx\/\"},{\"@type\":\"ListItem\",\"position\":2,\"name\":\"Inician Operativo Contra la Venta de Pirotecnia en Quer\u00e9taro Durante Fiestas Patrias\"}]},{\"@type\":\"WebSite\",\"@id\":\"https:\/\/www.nexoinformativo.mx\/#website\",\"url\":\"https:\/\/www.nexoinformativo.mx\/\",\"name\":\"Nexo Informativo Santiago de Quer\u00e9taro\",\"description\":\"Explora NexoInformativo y convi\u00e9rtete en parte de una comunidad que valora el conocimiento y la verdad. Tu nexoinformativo es tu puente hacia una comprensi\u00f3n m\u00e1s profunda del mundo que te rodea.\",\"publisher\":{\"@id\":\"https:\/\/www.nexoinformativo.mx\/#organization\"},\"potentialAction\":[{\"@type\":\"SearchAction\",\"target\":{\"@type\":\"EntryPoint\",\"urlTemplate\":\"https:\/\/www.nexoinformativo.mx\/?s={search_term_string}\"},\"query-input\":{\"@type\":\"PropertyValueSpecification\",\"valueRequired\":true,\"valueName\":\"search_term_string\"}}],\"inLanguage\":\"es\"},{\"@type\":\"Organization\",\"@id\":\"https:\/\/www.nexoinformativo.mx\/#organization\",\"name\":\"Nexo Informativo Santiago de Quer\u00e9taro\",\"url\":\"https:\/\/www.nexoinformativo.mx\/\",\"logo\":{\"@type\":\"ImageObject\",\"inLanguage\":\"es\",\"@id\":\"https:\/\/www.nexoinformativo.mx\/#\/schema\/logo\/image\/\",\"url\":\"https:\/\/www.nexoinformativo.mx\/wp-content\/uploads\/2024\/07\/nexoi-trasparente-2.png\",\"contentUrl\":\"https:\/\/www.nexoinformativo.mx\/wp-content\/uploads\/2024\/07\/nexoi-trasparente-2.png\",\"width\":816,\"height\":339,\"caption\":\"Nexo Informativo Santiago de Quer\u00e9taro\"},\"image\":{\"@id\":\"https:\/\/www.nexoinformativo.mx\/#\/schema\/logo\/image\/\"},\"sameAs\":[\"https:\/\/www.facebook.com\/people\/Nexo-Informativo\/61564066885511\/\"]},{\"@type\":\"Person\",\"@id\":\"https:\/\/www.nexoinformativo.mx\/#\/schema\/person\/7749d380ba08c8ca00d7bc76fd907b7d\",\"name\":\"Nexo Informativo\",\"image\":{\"@type\":\"ImageObject\",\"inLanguage\":\"es\",\"@id\":\"https:\/\/www.nexoinformativo.mx\/#\/schema\/person\/image\/\",\"url\":\"https:\/\/secure.gravatar.com\/avatar\/dde2928154642a13d95f87ddf1ea9718fe2b46760a005c53e41ff5ad610704e6?s=96&d=mm&r=g\",\"contentUrl\":\"https:\/\/secure.gravatar.com\/avatar\/dde2928154642a13d95f87ddf1ea9718fe2b46760a005c53e41ff5ad610704e6?s=96&d=mm&r=g\",\"caption\":\"Nexo Informativo\"},\"url\":\"https:\/\/www.nexoinformativo.mx\/index.php\/author\/edicion\/\"}]}<\/script>\n<!-- \/ Yoast SEO plugin. -->","yoast_head_json":{"title":"Inician Operativo Contra la Venta de Pirotecnia en Quer\u00e9taro Durante Fiestas Patrias | Nexo Informativo Santiago de Quer\u00e9taro","robots":{"index":"index","follow":"follow","max-snippet":"max-snippet:-1","max-image-preview":"max-image-preview:large","max-video-preview":"max-video-preview:-1"},"canonical":"https:\/\/www.nexoinformativo.mx\/index.php\/2024\/08\/29\/inician-operativo-contra-la-venta-de-pirotecnia-en-queretaro-durante-fiestas-patrias\/","og_locale":"es_MX","og_type":"article","og_title":"Inician Operativo Contra la Venta de Pirotecnia en Quer\u00e9taro Durante Fiestas Patrias | Nexo Informativo Santiago de Quer\u00e9taro","og_description":"El subsecretario de gobierno del municipio de Quer\u00e9taro, Juan Carlos Arregu\u00edn, anunci\u00f3 el inicio de un operativo para evitar la venta de pirotecnia en la capital queretana, especialmente durante las fiestas patrias. Este operativo busca prevenir la comercializaci\u00f3n ilegal de productos pirot\u00e9cnicos que representan un riesgo para la seguridad de la poblaci\u00f3n. &nbsp; La inspecci\u00f3n [&hellip;]","og_url":"https:\/\/www.nexoinformativo.mx\/index.php\/2024\/08\/29\/inician-operativo-contra-la-venta-de-pirotecnia-en-queretaro-durante-fiestas-patrias\/","og_site_name":"Nexo Informativo Santiago de Quer\u00e9taro","article_publisher":"https:\/\/www.facebook.com\/people\/Nexo-Informativo\/61564066885511\/","article_published_time":"2024-08-29T15:00:23+00:00","article_modified_time":"2024-08-29T19:02:56+00:00","og_image":[{"width":800,"height":600,"url":"https:\/\/www.nexoinformativo.mx\/wp-content\/uploads\/2024\/08\/unnamed-4-e1724958084591.jpg","type":"image\/jpeg"}],"author":"Nexo Informativo","twitter_card":"summary_large_image","twitter_misc":{"Escrito por":"Nexo Informativo","Tiempo de lectura":"1 minuto"},"schema":{"@context":"https:\/\/schema.org","@graph":[{"@type":"Article","@id":"https:\/\/www.nexoinformativo.mx\/index.php\/2024\/08\/29\/inician-operativo-contra-la-venta-de-pirotecnia-en-queretaro-durante-fiestas-patrias\/#article","isPartOf":{"@id":"https:\/\/www.nexoinformativo.mx\/index.php\/2024\/08\/29\/inician-operativo-contra-la-venta-de-pirotecnia-en-queretaro-durante-fiestas-patrias\/"},"author":{"name":"Nexo Informativo","@id":"https:\/\/www.nexoinformativo.mx\/#\/schema\/person\/7749d380ba08c8ca00d7bc76fd907b7d"},"headline":"Inician Operativo Contra la Venta de Pirotecnia en Quer\u00e9taro Durante Fiestas Patrias","datePublished":"2024-08-29T15:00:23+00:00","dateModified":"2024-08-29T19:02:56+00:00","mainEntityOfPage":{"@id":"https:\/\/www.nexoinformativo.mx\/index.php\/2024\/08\/29\/inician-operativo-contra-la-venta-de-pirotecnia-en-queretaro-durante-fiestas-patrias\/"},"wordCount":145,"commentCount":0,"publisher":{"@id":"https:\/\/www.nexoinformativo.mx\/#organization"},"image":{"@id":"https:\/\/www.nexoinformativo.mx\/index.php\/2024\/08\/29\/inician-operativo-contra-la-venta-de-pirotecnia-en-queretaro-durante-fiestas-patrias\/#primaryimage"},"thumbnailUrl":"https:\/\/www.nexoinformativo.mx\/wp-content\/uploads\/2024\/08\/unnamed-4-e1724958084591.jpg","keywords":["FiestasPatrias","OperativoPirotecnia","proteccioncivil","Quer\u00e9taro","Seguridad"],"articleSection":["Municipios"],"inLanguage":"es","potentialAction":[{"@type":"CommentAction","name":"Comment","target":["https:\/\/www.nexoinformativo.mx\/index.php\/2024\/08\/29\/inician-operativo-contra-la-venta-de-pirotecnia-en-queretaro-durante-fiestas-patrias\/#respond"]}]},{"@type":"WebPage","@id":"https:\/\/www.nexoinformativo.mx\/index.php\/2024\/08\/29\/inician-operativo-contra-la-venta-de-pirotecnia-en-queretaro-durante-fiestas-patrias\/","url":"https:\/\/www.nexoinformativo.mx\/index.php\/2024\/08\/29\/inician-operativo-contra-la-venta-de-pirotecnia-en-queretaro-durante-fiestas-patrias\/","name":"Inician Operativo Contra la Venta de Pirotecnia en Quer\u00e9taro Durante Fiestas Patrias | Nexo Informativo Santiago de Quer\u00e9taro","isPartOf":{"@id":"https:\/\/www.nexoinformativo.mx\/#website"},"primaryImageOfPage":{"@id":"https:\/\/www.nexoinformativo.mx\/index.php\/2024\/08\/29\/inician-operativo-contra-la-venta-de-pirotecnia-en-queretaro-durante-fiestas-patrias\/#primaryimage"},"image":{"@id":"https:\/\/www.nexoinformativo.mx\/index.php\/2024\/08\/29\/inician-operativo-contra-la-venta-de-pirotecnia-en-queretaro-durante-fiestas-patrias\/#primaryimage"},"thumbnailUrl":"https:\/\/www.nexoinformativo.mx\/wp-content\/uploads\/2024\/08\/unnamed-4-e1724958084591.jpg","datePublished":"2024-08-29T15:00:23+00:00","dateModified":"2024-08-29T19:02:56+00:00","breadcrumb":{"@id":"https:\/\/www.nexoinformativo.mx\/index.php\/2024\/08\/29\/inician-operativo-contra-la-venta-de-pirotecnia-en-queretaro-durante-fiestas-patrias\/#breadcrumb"},"inLanguage":"es","potentialAction":[{"@type":"ReadAction","target":["https:\/\/www.nexoinformativo.mx\/index.php\/2024\/08\/29\/inician-operativo-contra-la-venta-de-pirotecnia-en-queretaro-durante-fiestas-patrias\/"]}]},{"@type":"ImageObject","inLanguage":"es","@id":"https:\/\/www.nexoinformativo.mx\/index.php\/2024\/08\/29\/inician-operativo-contra-la-venta-de-pirotecnia-en-queretaro-durante-fiestas-patrias\/#primaryimage","url":"https:\/\/www.nexoinformativo.mx\/wp-content\/uploads\/2024\/08\/unnamed-4-e1724958084591.jpg","contentUrl":"https:\/\/www.nexoinformativo.mx\/wp-content\/uploads\/2024\/08\/unnamed-4-e1724958084591.jpg","width":800,"height":600},{"@type":"BreadcrumbList","@id":"https:\/\/www.nexoinformativo.mx\/index.php\/2024\/08\/29\/inician-operativo-contra-la-venta-de-pirotecnia-en-queretaro-durante-fiestas-patrias\/#breadcrumb","itemListElement":[{"@type":"ListItem","position":1,"name":"Inicio","item":"https:\/\/www.nexoinformativo.mx\/"},{"@type":"ListItem","position":2,"name":"Inician Operativo Contra la Venta de Pirotecnia en Quer\u00e9taro Durante Fiestas Patrias"}]},{"@type":"WebSite","@id":"https:\/\/www.nexoinformativo.mx\/#website","url":"https:\/\/www.nexoinformativo.mx\/","name":"Nexo Informativo Santiago de Quer\u00e9taro","description":"Explora NexoInformativo y convi\u00e9rtete en parte de una comunidad que valora el conocimiento y la verdad. Tu nexoinformativo es tu puente hacia una comprensi\u00f3n m\u00e1s profunda del mundo que te rodea.","publisher":{"@id":"https:\/\/www.nexoinformativo.mx\/#organization"},"potentialAction":[{"@type":"SearchAction","target":{"@type":"EntryPoint","urlTemplate":"https:\/\/www.nexoinformativo.mx\/?s={search_term_string}"},"query-input":{"@type":"PropertyValueSpecification","valueRequired":true,"valueName":"search_term_string"}}],"inLanguage":"es"},{"@type":"Organization","@id":"https:\/\/www.nexoinformativo.mx\/#organization","name":"Nexo Informativo Santiago de Quer\u00e9taro","url":"https:\/\/www.nexoinformativo.mx\/","logo":{"@type":"ImageObject","inLanguage":"es","@id":"https:\/\/www.nexoinformativo.mx\/#\/schema\/logo\/image\/","url":"https:\/\/www.nexoinformativo.mx\/wp-content\/uploads\/2024\/07\/nexoi-trasparente-2.png","contentUrl":"https:\/\/www.nexoinformativo.mx\/wp-content\/uploads\/2024\/07\/nexoi-trasparente-2.png","width":816,"height":339,"caption":"Nexo Informativo Santiago de Quer\u00e9taro"},"image":{"@id":"https:\/\/www.nexoinformativo.mx\/#\/schema\/logo\/image\/"},"sameAs":["https:\/\/www.facebook.com\/people\/Nexo-Informativo\/61564066885511\/"]},{"@type":"Person","@id":"https:\/\/www.nexoinformativo.mx\/#\/schema\/person\/7749d380ba08c8ca00d7bc76fd907b7d","name":"Nexo Informativo","image":{"@type":"ImageObject","inLanguage":"es","@id":"https:\/\/www.nexoinformativo.mx\/#\/schema\/person\/image\/","url":"https:\/\/secure.gravatar.com\/avatar\/dde2928154642a13d95f87ddf1ea9718fe2b46760a005c53e41ff5ad610704e6?s=96&d=mm&r=g","contentUrl":"https:\/\/secure.gravatar.com\/avatar\/dde2928154642a13d95f87ddf1ea9718fe2b46760a005c53e41ff5ad610704e6?s=96&d=mm&r=g","caption":"Nexo Informativo"},"url":"https:\/\/www.nexoinformativo.mx\/index.php\/author\/edicion\/"}]}},"_links":{"self":[{"href":"https:\/\/www.nexoinformativo.mx\/index.php\/wp-json\/wp\/v2\/posts\/1260","targetHints":{"allow":["GET"]}}],"collection":[{"href":"https:\/\/www.nexoinformativo.mx\/index.php\/wp-json\/wp\/v2\/posts"}],"about":[{"href":"https:\/\/www.nexoinformativo.mx\/index.php\/wp-json\/wp\/v2\/types\/post"}],"author":[{"embeddable":true,"href":"https:\/\/www.nexoinformativo.mx\/index.php\/wp-json\/wp\/v2\/users\/3"}],"replies":[{"embeddable":true,"href":"https:\/\/www.nexoinformativo.mx\/index.php\/wp-json\/wp\/v2\/comments?post=1260"}],"version-history":[{"count":2,"href":"https:\/\/www.nexoinformativo.mx\/index.php\/wp-json\/wp\/v2\/posts\/1260\/revisions"}],"predecessor-version":[{"id":1264,"href":"https:\/\/www.nexoinformativo.mx\/index.php\/wp-json\/wp\/v2\/posts\/1260\/revisions\/1264"}],"wp:featuredmedia":[{"embeddable":true,"href":"https:\/\/www.nexoinformativo.mx\/index.php\/wp-json\/wp\/v2\/media\/1262"}],"wp:attachment":[{"href":"https:\/\/www.nexoinformativo.mx\/index.php\/wp-json\/wp\/v2\/media?parent=1260"}],"wp:term":[{"taxonomy":"category","embeddable":true,"href":"https:\/\/www.nexoinformativo.mx\/index.php\/wp-json\/wp\/v2\/categories?post=1260"},{"taxonomy":"post_tag","embeddable":true,"href":"https:\/\/www.nexoinformativo.mx\/index.php\/wp-json\/wp\/v2\/tags?post=1260"}],"curies":[{"name":"wp","href":"https:\/\/api.w.org\/{rel}","templated":true}]}}