{"id":12603,"date":"2025-03-11T12:00:14","date_gmt":"2025-03-11T18:00:14","guid":{"rendered":"https:\/\/www.nexoinformativo.mx\/?p=12603"},"modified":"2025-03-11T14:04:32","modified_gmt":"2025-03-11T20:04:32","slug":"sheinbaum-destaca-homicidios-dolosos-en-mexico-con-baja-del-15-en-ultimos-meses","status":"publish","type":"post","link":"https:\/\/www.nexoinformativo.mx\/index.php\/2025\/03\/11\/sheinbaum-destaca-homicidios-dolosos-en-mexico-con-baja-del-15-en-ultimos-meses\/","title":{"rendered":"Sheinbaum destaca homicidios dolosos en M\u00e9xico con baja del 15% en \u00faltimos meses"},"content":{"rendered":"<p style=\"text-align: justify;\" data-sourcepos=\"13:1-13:279\">La presidenta Claudia Sheinbaum, inform\u00f3 que gracias a la Estrategia Nacional de Seguridad, se registr\u00f3 una disminuci\u00f3n del 15 por ciento en el promedio diario mensual de v\u00edctimas de homicidio doloso entre septiembre de 2024 y febrero de 2025.<\/p>\n<\/p>\n<p>&nbsp;<\/p>\n<p style=\"text-align: justify;\" data-sourcepos=\"15:1-15:283\">Sheinbaum Pardo, resalt\u00f3 que, como parte del Operativo Frontera Norte del Gobierno de M\u00e9xico, tan s\u00f3lo ayer 10 de marzo se aseguraron 266 mil pastillas de fentanilo en Sinaloa, lo cual destac\u00f3 es resultado del trabajo coordinado con los estados y la Fiscal\u00eda General de la Rep\u00fablica.<\/p>\n<\/p>\n<p>&nbsp;<\/p>\n<p style=\"text-align: justify;\" data-sourcepos=\"17:1-17:304\">La secretaria ejecutiva del Sistema Nacional de Seguridad P\u00fablica, Marcela Figueroa, explic\u00f3 que la disminuci\u00f3n del 15 por ciento en el promedio diario mensual de v\u00edctimas de homicidio doloso se debe a que este delito pas\u00f3 de 86.9 v\u00edctimas diarias en septiembre de 2024 a 74.68 en febrero de 2025.<\/p>\n<\/p>\n<p>&nbsp;<\/p>\n<p style=\"text-align: justify;\" data-sourcepos=\"19:1-19:399\">El secretario de Seguridad y Protecci\u00f3n Ciudadana, Omar Garc\u00eda Harfuch, inform\u00f3 que, en coordinaci\u00f3n con las fuerzas de seguridad, del 1 de octubre 2024 al 9 de marzo de 2025, se ha logrado la detenci\u00f3n de 14 mil 517 personas por delitos de alto impacto; se aseguraron 7 mil 375 armas de fuego; m\u00e1s de 125.8 toneladas de droga, incluyendo mil 271 kilos y 1 mill\u00f3n 640 mil 286 pastillas de fentanilo.<\/p>\n<\/p>\n<p>&nbsp;<\/p>\n<p style=\"text-align: justify;\" data-sourcepos=\"21:1-21:211\">La secretaria de Gobernaci\u00f3n, Rosa Icela Rodr\u00edguez Vel\u00e1zquez, inform\u00f3 que como parte del eje de Atenci\u00f3n a las Causas de la Estrategia Nacional de Seguridad se han brindado 793 mil 602 atenciones a la poblaci\u00f3n.<\/p>\n<\/p>\n<p>&nbsp;<\/p>\n<p style=\"text-align: center;\" data-sourcepos=\"21:1-21:211\"><em><strong>\u00a1Informaci\u00f3n que transforma!<\/strong><\/em><\/p>\n","protected":false},"excerpt":{"rendered":"<p>La presidenta Claudia Sheinbaum, inform\u00f3 que gracias a la Estrategia Nacional de Seguridad, se registr\u00f3 una disminuci\u00f3n del 15 por ciento en el promedio diario mensual de v\u00edctimas de homicidio doloso entre septiembre de 2024 y febrero de 2025.<\/p>\n","protected":false},"author":3,"featured_media":12604,"comment_status":"open","ping_status":"open","sticky":false,"template":"","format":"standard","meta":{"footnotes":""},"categories":[88,58],"tags":[967,640,3015,1175],"class_list":["post-12603","post","type-post","status-publish","format-standard","has-post-thumbnail","hentry","category-nacional","category-ultima-hora","tag-claudiasheinbaum","tag-combatealcrimen","tag-fentanilo","tag-seguridadmexico"],"yoast_head":"<!-- This site is optimized with the Yoast SEO plugin v25.0 - https:\/\/yoast.com\/wordpress\/plugins\/seo\/ -->\n<title>Sheinbaum destaca homicidios dolosos en M\u00e9xico con baja del 15% en \u00faltimos meses | Nexo Informativo Santiago de Quer\u00e9taro<\/title>\n<meta name=\"description\" content=\"Sheinbaum destaca homicidios dolosos en M\u00e9xico con baja del 15% en \u00faltimos meses\" \/>\n<meta name=\"robots\" content=\"index, follow, max-snippet:-1, max-image-preview:large, max-video-preview:-1\" \/>\n<link rel=\"canonical\" href=\"https:\/\/www.nexoinformativo.mx\/index.php\/2025\/03\/11\/sheinbaum-destaca-homicidios-dolosos-en-mexico-con-baja-del-15-en-ultimos-meses\/\" \/>\n<meta property=\"og:locale\" content=\"es_MX\" \/>\n<meta property=\"og:type\" content=\"article\" \/>\n<meta property=\"og:title\" content=\"Sheinbaum destaca homicidios dolosos en M\u00e9xico con baja del 15% en \u00faltimos meses | Nexo Informativo Santiago de Quer\u00e9taro\" \/>\n<meta property=\"og:description\" content=\"Sheinbaum destaca homicidios dolosos en M\u00e9xico con baja del 15% en \u00faltimos meses\" \/>\n<meta property=\"og:url\" content=\"https:\/\/www.nexoinformativo.mx\/index.php\/2025\/03\/11\/sheinbaum-destaca-homicidios-dolosos-en-mexico-con-baja-del-15-en-ultimos-meses\/\" \/>\n<meta property=\"og:site_name\" content=\"Nexo Informativo Santiago de Quer\u00e9taro\" \/>\n<meta property=\"article:publisher\" content=\"https:\/\/www.facebook.com\/people\/Nexo-Informativo\/61564066885511\/\" \/>\n<meta property=\"article:published_time\" content=\"2025-03-11T18:00:14+00:00\" \/>\n<meta property=\"article:modified_time\" content=\"2025-03-11T20:04:32+00:00\" \/>\n<meta property=\"og:image\" content=\"https:\/\/www.nexoinformativo.mx\/wp-content\/uploads\/2025\/03\/IMG_1563.jpg\" \/>\n\t<meta property=\"og:image:width\" content=\"650\" \/>\n\t<meta property=\"og:image:height\" content=\"380\" \/>\n\t<meta property=\"og:image:type\" content=\"image\/jpeg\" \/>\n<meta name=\"author\" content=\"Nexo Informativo\" \/>\n<meta name=\"twitter:card\" content=\"summary_large_image\" \/>\n<meta name=\"twitter:label1\" content=\"Escrito por\" \/>\n\t<meta name=\"twitter:data1\" content=\"Nexo Informativo\" \/>\n\t<meta name=\"twitter:label2\" content=\"Tiempo de lectura\" \/>\n\t<meta name=\"twitter:data2\" content=\"2 minutos\" \/>\n<script type=\"application\/ld+json\" class=\"yoast-schema-graph\">{\"@context\":\"https:\/\/schema.org\",\"@graph\":[{\"@type\":\"Article\",\"@id\":\"https:\/\/www.nexoinformativo.mx\/index.php\/2025\/03\/11\/sheinbaum-destaca-homicidios-dolosos-en-mexico-con-baja-del-15-en-ultimos-meses\/#article\",\"isPartOf\":{\"@id\":\"https:\/\/www.nexoinformativo.mx\/index.php\/2025\/03\/11\/sheinbaum-destaca-homicidios-dolosos-en-mexico-con-baja-del-15-en-ultimos-meses\/\"},\"author\":{\"name\":\"Nexo Informativo\",\"@id\":\"https:\/\/www.nexoinformativo.mx\/#\/schema\/person\/7749d380ba08c8ca00d7bc76fd907b7d\"},\"headline\":\"Sheinbaum destaca homicidios dolosos en M\u00e9xico con baja del 15% en \u00faltimos meses\",\"datePublished\":\"2025-03-11T18:00:14+00:00\",\"dateModified\":\"2025-03-11T20:04:32+00:00\",\"mainEntityOfPage\":{\"@id\":\"https:\/\/www.nexoinformativo.mx\/index.php\/2025\/03\/11\/sheinbaum-destaca-homicidios-dolosos-en-mexico-con-baja-del-15-en-ultimos-meses\/\"},\"wordCount\":261,\"commentCount\":0,\"publisher\":{\"@id\":\"https:\/\/www.nexoinformativo.mx\/#organization\"},\"image\":{\"@id\":\"https:\/\/www.nexoinformativo.mx\/index.php\/2025\/03\/11\/sheinbaum-destaca-homicidios-dolosos-en-mexico-con-baja-del-15-en-ultimos-meses\/#primaryimage\"},\"thumbnailUrl\":\"https:\/\/www.nexoinformativo.mx\/wp-content\/uploads\/2025\/03\/IMG_1563.jpg\",\"keywords\":[\"ClaudiaSheinbaum\",\"CombateAlCrimen\",\"Fentanilo\",\"SeguridadM\u00e9xico\"],\"articleSection\":[\"Nacional\",\"\u00daltima Hora\"],\"inLanguage\":\"es\",\"potentialAction\":[{\"@type\":\"CommentAction\",\"name\":\"Comment\",\"target\":[\"https:\/\/www.nexoinformativo.mx\/index.php\/2025\/03\/11\/sheinbaum-destaca-homicidios-dolosos-en-mexico-con-baja-del-15-en-ultimos-meses\/#respond\"]}]},{\"@type\":\"WebPage\",\"@id\":\"https:\/\/www.nexoinformativo.mx\/index.php\/2025\/03\/11\/sheinbaum-destaca-homicidios-dolosos-en-mexico-con-baja-del-15-en-ultimos-meses\/\",\"url\":\"https:\/\/www.nexoinformativo.mx\/index.php\/2025\/03\/11\/sheinbaum-destaca-homicidios-dolosos-en-mexico-con-baja-del-15-en-ultimos-meses\/\",\"name\":\"Sheinbaum destaca homicidios dolosos en M\u00e9xico con baja del 15% en \u00faltimos meses | Nexo Informativo Santiago de Quer\u00e9taro\",\"isPartOf\":{\"@id\":\"https:\/\/www.nexoinformativo.mx\/#website\"},\"primaryImageOfPage\":{\"@id\":\"https:\/\/www.nexoinformativo.mx\/index.php\/2025\/03\/11\/sheinbaum-destaca-homicidios-dolosos-en-mexico-con-baja-del-15-en-ultimos-meses\/#primaryimage\"},\"image\":{\"@id\":\"https:\/\/www.nexoinformativo.mx\/index.php\/2025\/03\/11\/sheinbaum-destaca-homicidios-dolosos-en-mexico-con-baja-del-15-en-ultimos-meses\/#primaryimage\"},\"thumbnailUrl\":\"https:\/\/www.nexoinformativo.mx\/wp-content\/uploads\/2025\/03\/IMG_1563.jpg\",\"datePublished\":\"2025-03-11T18:00:14+00:00\",\"dateModified\":\"2025-03-11T20:04:32+00:00\",\"description\":\"Sheinbaum destaca homicidios dolosos en M\u00e9xico con baja del 15% en \u00faltimos meses\",\"breadcrumb\":{\"@id\":\"https:\/\/www.nexoinformativo.mx\/index.php\/2025\/03\/11\/sheinbaum-destaca-homicidios-dolosos-en-mexico-con-baja-del-15-en-ultimos-meses\/#breadcrumb\"},\"inLanguage\":\"es\",\"potentialAction\":[{\"@type\":\"ReadAction\",\"target\":[\"https:\/\/www.nexoinformativo.mx\/index.php\/2025\/03\/11\/sheinbaum-destaca-homicidios-dolosos-en-mexico-con-baja-del-15-en-ultimos-meses\/\"]}]},{\"@type\":\"ImageObject\",\"inLanguage\":\"es\",\"@id\":\"https:\/\/www.nexoinformativo.mx\/index.php\/2025\/03\/11\/sheinbaum-destaca-homicidios-dolosos-en-mexico-con-baja-del-15-en-ultimos-meses\/#primaryimage\",\"url\":\"https:\/\/www.nexoinformativo.mx\/wp-content\/uploads\/2025\/03\/IMG_1563.jpg\",\"contentUrl\":\"https:\/\/www.nexoinformativo.mx\/wp-content\/uploads\/2025\/03\/IMG_1563.jpg\",\"width\":650,\"height\":380,\"caption\":\"Cuauht\u00e9moc, Ciudad de M\u00e9xico. 11 de marzo 2025. La presidenta constitucional de los Estados Unidos Mexicanos, la Doctora Claudia Sheinbaum Pardo en conferencia de prensa matutina en el sal\u00f3n de la Tesorer\u00eda de Palacio Nacional. Acompa\u00f1an a la presidenta: Alejandro Gertz Manero, Fiscal General de la Rep\u00fablica de M\u00e9xico; Rosa Icela Rodr\u00edguez Vel\u00e1zquez, secretaria de Gobernaci\u00f3n; Omar Garc\u00eda Harfuch, secretario de Seguridad y Protecci\u00f3n Ciudadana; Ricardo Trevilla Trejo, secretario de la Defensa Nacional; Raymundo Pedro Morales, secretario de Marina; Hern\u00e1n Cort\u00e9s Hern\u00e1ndez, comandante de la Guardia Nacional y Marcela Figueroa Franco, secretaria ejecutiva del Sistema Nacional de Seguridad P\u00fablica (SESNSP). Foto: Gabriel Monroy \/Presidencia\"},{\"@type\":\"BreadcrumbList\",\"@id\":\"https:\/\/www.nexoinformativo.mx\/index.php\/2025\/03\/11\/sheinbaum-destaca-homicidios-dolosos-en-mexico-con-baja-del-15-en-ultimos-meses\/#breadcrumb\",\"itemListElement\":[{\"@type\":\"ListItem\",\"position\":1,\"name\":\"Inicio\",\"item\":\"https:\/\/www.nexoinformativo.mx\/\"},{\"@type\":\"ListItem\",\"position\":2,\"name\":\"Sheinbaum destaca homicidios dolosos en M\u00e9xico con baja del 15% en \u00faltimos meses\"}]},{\"@type\":\"WebSite\",\"@id\":\"https:\/\/www.nexoinformativo.mx\/#website\",\"url\":\"https:\/\/www.nexoinformativo.mx\/\",\"name\":\"Nexo Informativo Santiago de Quer\u00e9taro\",\"description\":\"Explora NexoInformativo y convi\u00e9rtete en parte de una comunidad que valora el conocimiento y la verdad. Tu nexoinformativo es tu puente hacia una comprensi\u00f3n m\u00e1s profunda del mundo que te rodea.\",\"publisher\":{\"@id\":\"https:\/\/www.nexoinformativo.mx\/#organization\"},\"potentialAction\":[{\"@type\":\"SearchAction\",\"target\":{\"@type\":\"EntryPoint\",\"urlTemplate\":\"https:\/\/www.nexoinformativo.mx\/?s={search_term_string}\"},\"query-input\":{\"@type\":\"PropertyValueSpecification\",\"valueRequired\":true,\"valueName\":\"search_term_string\"}}],\"inLanguage\":\"es\"},{\"@type\":\"Organization\",\"@id\":\"https:\/\/www.nexoinformativo.mx\/#organization\",\"name\":\"Nexo Informativo Santiago de Quer\u00e9taro\",\"url\":\"https:\/\/www.nexoinformativo.mx\/\",\"logo\":{\"@type\":\"ImageObject\",\"inLanguage\":\"es\",\"@id\":\"https:\/\/www.nexoinformativo.mx\/#\/schema\/logo\/image\/\",\"url\":\"https:\/\/www.nexoinformativo.mx\/wp-content\/uploads\/2024\/07\/nexoi-trasparente-2.png\",\"contentUrl\":\"https:\/\/www.nexoinformativo.mx\/wp-content\/uploads\/2024\/07\/nexoi-trasparente-2.png\",\"width\":816,\"height\":339,\"caption\":\"Nexo Informativo Santiago de Quer\u00e9taro\"},\"image\":{\"@id\":\"https:\/\/www.nexoinformativo.mx\/#\/schema\/logo\/image\/\"},\"sameAs\":[\"https:\/\/www.facebook.com\/people\/Nexo-Informativo\/61564066885511\/\"]},{\"@type\":\"Person\",\"@id\":\"https:\/\/www.nexoinformativo.mx\/#\/schema\/person\/7749d380ba08c8ca00d7bc76fd907b7d\",\"name\":\"Nexo Informativo\",\"image\":{\"@type\":\"ImageObject\",\"inLanguage\":\"es\",\"@id\":\"https:\/\/www.nexoinformativo.mx\/#\/schema\/person\/image\/\",\"url\":\"https:\/\/secure.gravatar.com\/avatar\/dde2928154642a13d95f87ddf1ea9718fe2b46760a005c53e41ff5ad610704e6?s=96&d=mm&r=g\",\"contentUrl\":\"https:\/\/secure.gravatar.com\/avatar\/dde2928154642a13d95f87ddf1ea9718fe2b46760a005c53e41ff5ad610704e6?s=96&d=mm&r=g\",\"caption\":\"Nexo Informativo\"},\"url\":\"https:\/\/www.nexoinformativo.mx\/index.php\/author\/edicion\/\"}]}<\/script>\n<!-- \/ Yoast SEO plugin. -->","yoast_head_json":{"title":"Sheinbaum destaca homicidios dolosos en M\u00e9xico con baja del 15% en \u00faltimos meses | Nexo Informativo Santiago de Quer\u00e9taro","description":"Sheinbaum destaca homicidios dolosos en M\u00e9xico con baja del 15% en \u00faltimos meses","robots":{"index":"index","follow":"follow","max-snippet":"max-snippet:-1","max-image-preview":"max-image-preview:large","max-video-preview":"max-video-preview:-1"},"canonical":"https:\/\/www.nexoinformativo.mx\/index.php\/2025\/03\/11\/sheinbaum-destaca-homicidios-dolosos-en-mexico-con-baja-del-15-en-ultimos-meses\/","og_locale":"es_MX","og_type":"article","og_title":"Sheinbaum destaca homicidios dolosos en M\u00e9xico con baja del 15% en \u00faltimos meses | Nexo Informativo Santiago de Quer\u00e9taro","og_description":"Sheinbaum destaca homicidios dolosos en M\u00e9xico con baja del 15% en \u00faltimos meses","og_url":"https:\/\/www.nexoinformativo.mx\/index.php\/2025\/03\/11\/sheinbaum-destaca-homicidios-dolosos-en-mexico-con-baja-del-15-en-ultimos-meses\/","og_site_name":"Nexo Informativo Santiago de Quer\u00e9taro","article_publisher":"https:\/\/www.facebook.com\/people\/Nexo-Informativo\/61564066885511\/","article_published_time":"2025-03-11T18:00:14+00:00","article_modified_time":"2025-03-11T20:04:32+00:00","og_image":[{"width":650,"height":380,"url":"https:\/\/www.nexoinformativo.mx\/wp-content\/uploads\/2025\/03\/IMG_1563.jpg","type":"image\/jpeg"}],"author":"Nexo Informativo","twitter_card":"summary_large_image","twitter_misc":{"Escrito por":"Nexo Informativo","Tiempo de lectura":"2 minutos"},"schema":{"@context":"https:\/\/schema.org","@graph":[{"@type":"Article","@id":"https:\/\/www.nexoinformativo.mx\/index.php\/2025\/03\/11\/sheinbaum-destaca-homicidios-dolosos-en-mexico-con-baja-del-15-en-ultimos-meses\/#article","isPartOf":{"@id":"https:\/\/www.nexoinformativo.mx\/index.php\/2025\/03\/11\/sheinbaum-destaca-homicidios-dolosos-en-mexico-con-baja-del-15-en-ultimos-meses\/"},"author":{"name":"Nexo Informativo","@id":"https:\/\/www.nexoinformativo.mx\/#\/schema\/person\/7749d380ba08c8ca00d7bc76fd907b7d"},"headline":"Sheinbaum destaca homicidios dolosos en M\u00e9xico con baja del 15% en \u00faltimos meses","datePublished":"2025-03-11T18:00:14+00:00","dateModified":"2025-03-11T20:04:32+00:00","mainEntityOfPage":{"@id":"https:\/\/www.nexoinformativo.mx\/index.php\/2025\/03\/11\/sheinbaum-destaca-homicidios-dolosos-en-mexico-con-baja-del-15-en-ultimos-meses\/"},"wordCount":261,"commentCount":0,"publisher":{"@id":"https:\/\/www.nexoinformativo.mx\/#organization"},"image":{"@id":"https:\/\/www.nexoinformativo.mx\/index.php\/2025\/03\/11\/sheinbaum-destaca-homicidios-dolosos-en-mexico-con-baja-del-15-en-ultimos-meses\/#primaryimage"},"thumbnailUrl":"https:\/\/www.nexoinformativo.mx\/wp-content\/uploads\/2025\/03\/IMG_1563.jpg","keywords":["ClaudiaSheinbaum","CombateAlCrimen","Fentanilo","SeguridadM\u00e9xico"],"articleSection":["Nacional","\u00daltima Hora"],"inLanguage":"es","potentialAction":[{"@type":"CommentAction","name":"Comment","target":["https:\/\/www.nexoinformativo.mx\/index.php\/2025\/03\/11\/sheinbaum-destaca-homicidios-dolosos-en-mexico-con-baja-del-15-en-ultimos-meses\/#respond"]}]},{"@type":"WebPage","@id":"https:\/\/www.nexoinformativo.mx\/index.php\/2025\/03\/11\/sheinbaum-destaca-homicidios-dolosos-en-mexico-con-baja-del-15-en-ultimos-meses\/","url":"https:\/\/www.nexoinformativo.mx\/index.php\/2025\/03\/11\/sheinbaum-destaca-homicidios-dolosos-en-mexico-con-baja-del-15-en-ultimos-meses\/","name":"Sheinbaum destaca homicidios dolosos en M\u00e9xico con baja del 15% en \u00faltimos meses | Nexo Informativo Santiago de Quer\u00e9taro","isPartOf":{"@id":"https:\/\/www.nexoinformativo.mx\/#website"},"primaryImageOfPage":{"@id":"https:\/\/www.nexoinformativo.mx\/index.php\/2025\/03\/11\/sheinbaum-destaca-homicidios-dolosos-en-mexico-con-baja-del-15-en-ultimos-meses\/#primaryimage"},"image":{"@id":"https:\/\/www.nexoinformativo.mx\/index.php\/2025\/03\/11\/sheinbaum-destaca-homicidios-dolosos-en-mexico-con-baja-del-15-en-ultimos-meses\/#primaryimage"},"thumbnailUrl":"https:\/\/www.nexoinformativo.mx\/wp-content\/uploads\/2025\/03\/IMG_1563.jpg","datePublished":"2025-03-11T18:00:14+00:00","dateModified":"2025-03-11T20:04:32+00:00","description":"Sheinbaum destaca homicidios dolosos en M\u00e9xico con baja del 15% en \u00faltimos meses","breadcrumb":{"@id":"https:\/\/www.nexoinformativo.mx\/index.php\/2025\/03\/11\/sheinbaum-destaca-homicidios-dolosos-en-mexico-con-baja-del-15-en-ultimos-meses\/#breadcrumb"},"inLanguage":"es","potentialAction":[{"@type":"ReadAction","target":["https:\/\/www.nexoinformativo.mx\/index.php\/2025\/03\/11\/sheinbaum-destaca-homicidios-dolosos-en-mexico-con-baja-del-15-en-ultimos-meses\/"]}]},{"@type":"ImageObject","inLanguage":"es","@id":"https:\/\/www.nexoinformativo.mx\/index.php\/2025\/03\/11\/sheinbaum-destaca-homicidios-dolosos-en-mexico-con-baja-del-15-en-ultimos-meses\/#primaryimage","url":"https:\/\/www.nexoinformativo.mx\/wp-content\/uploads\/2025\/03\/IMG_1563.jpg","contentUrl":"https:\/\/www.nexoinformativo.mx\/wp-content\/uploads\/2025\/03\/IMG_1563.jpg","width":650,"height":380,"caption":"Cuauht\u00e9moc, Ciudad de M\u00e9xico. 11 de marzo 2025. La presidenta constitucional de los Estados Unidos Mexicanos, la Doctora Claudia Sheinbaum Pardo en conferencia de prensa matutina en el sal\u00f3n de la Tesorer\u00eda de Palacio Nacional. Acompa\u00f1an a la presidenta: Alejandro Gertz Manero, Fiscal General de la Rep\u00fablica de M\u00e9xico; Rosa Icela Rodr\u00edguez Vel\u00e1zquez, secretaria de Gobernaci\u00f3n; Omar Garc\u00eda Harfuch, secretario de Seguridad y Protecci\u00f3n Ciudadana; Ricardo Trevilla Trejo, secretario de la Defensa Nacional; Raymundo Pedro Morales, secretario de Marina; Hern\u00e1n Cort\u00e9s Hern\u00e1ndez, comandante de la Guardia Nacional y Marcela Figueroa Franco, secretaria ejecutiva del Sistema Nacional de Seguridad P\u00fablica (SESNSP). Foto: Gabriel Monroy \/Presidencia"},{"@type":"BreadcrumbList","@id":"https:\/\/www.nexoinformativo.mx\/index.php\/2025\/03\/11\/sheinbaum-destaca-homicidios-dolosos-en-mexico-con-baja-del-15-en-ultimos-meses\/#breadcrumb","itemListElement":[{"@type":"ListItem","position":1,"name":"Inicio","item":"https:\/\/www.nexoinformativo.mx\/"},{"@type":"ListItem","position":2,"name":"Sheinbaum destaca homicidios dolosos en M\u00e9xico con baja del 15% en \u00faltimos meses"}]},{"@type":"WebSite","@id":"https:\/\/www.nexoinformativo.mx\/#website","url":"https:\/\/www.nexoinformativo.mx\/","name":"Nexo Informativo Santiago de Quer\u00e9taro","description":"Explora NexoInformativo y convi\u00e9rtete en parte de una comunidad que valora el conocimiento y la verdad. Tu nexoinformativo es tu puente hacia una comprensi\u00f3n m\u00e1s profunda del mundo que te rodea.","publisher":{"@id":"https:\/\/www.nexoinformativo.mx\/#organization"},"potentialAction":[{"@type":"SearchAction","target":{"@type":"EntryPoint","urlTemplate":"https:\/\/www.nexoinformativo.mx\/?s={search_term_string}"},"query-input":{"@type":"PropertyValueSpecification","valueRequired":true,"valueName":"search_term_string"}}],"inLanguage":"es"},{"@type":"Organization","@id":"https:\/\/www.nexoinformativo.mx\/#organization","name":"Nexo Informativo Santiago de Quer\u00e9taro","url":"https:\/\/www.nexoinformativo.mx\/","logo":{"@type":"ImageObject","inLanguage":"es","@id":"https:\/\/www.nexoinformativo.mx\/#\/schema\/logo\/image\/","url":"https:\/\/www.nexoinformativo.mx\/wp-content\/uploads\/2024\/07\/nexoi-trasparente-2.png","contentUrl":"https:\/\/www.nexoinformativo.mx\/wp-content\/uploads\/2024\/07\/nexoi-trasparente-2.png","width":816,"height":339,"caption":"Nexo Informativo Santiago de Quer\u00e9taro"},"image":{"@id":"https:\/\/www.nexoinformativo.mx\/#\/schema\/logo\/image\/"},"sameAs":["https:\/\/www.facebook.com\/people\/Nexo-Informativo\/61564066885511\/"]},{"@type":"Person","@id":"https:\/\/www.nexoinformativo.mx\/#\/schema\/person\/7749d380ba08c8ca00d7bc76fd907b7d","name":"Nexo Informativo","image":{"@type":"ImageObject","inLanguage":"es","@id":"https:\/\/www.nexoinformativo.mx\/#\/schema\/person\/image\/","url":"https:\/\/secure.gravatar.com\/avatar\/dde2928154642a13d95f87ddf1ea9718fe2b46760a005c53e41ff5ad610704e6?s=96&d=mm&r=g","contentUrl":"https:\/\/secure.gravatar.com\/avatar\/dde2928154642a13d95f87ddf1ea9718fe2b46760a005c53e41ff5ad610704e6?s=96&d=mm&r=g","caption":"Nexo Informativo"},"url":"https:\/\/www.nexoinformativo.mx\/index.php\/author\/edicion\/"}]}},"_links":{"self":[{"href":"https:\/\/www.nexoinformativo.mx\/index.php\/wp-json\/wp\/v2\/posts\/12603","targetHints":{"allow":["GET"]}}],"collection":[{"href":"https:\/\/www.nexoinformativo.mx\/index.php\/wp-json\/wp\/v2\/posts"}],"about":[{"href":"https:\/\/www.nexoinformativo.mx\/index.php\/wp-json\/wp\/v2\/types\/post"}],"author":[{"embeddable":true,"href":"https:\/\/www.nexoinformativo.mx\/index.php\/wp-json\/wp\/v2\/users\/3"}],"replies":[{"embeddable":true,"href":"https:\/\/www.nexoinformativo.mx\/index.php\/wp-json\/wp\/v2\/comments?post=12603"}],"version-history":[{"count":3,"href":"https:\/\/www.nexoinformativo.mx\/index.php\/wp-json\/wp\/v2\/posts\/12603\/revisions"}],"predecessor-version":[{"id":12607,"href":"https:\/\/www.nexoinformativo.mx\/index.php\/wp-json\/wp\/v2\/posts\/12603\/revisions\/12607"}],"wp:featuredmedia":[{"embeddable":true,"href":"https:\/\/www.nexoinformativo.mx\/index.php\/wp-json\/wp\/v2\/media\/12604"}],"wp:attachment":[{"href":"https:\/\/www.nexoinformativo.mx\/index.php\/wp-json\/wp\/v2\/media?parent=12603"}],"wp:term":[{"taxonomy":"category","embeddable":true,"href":"https:\/\/www.nexoinformativo.mx\/index.php\/wp-json\/wp\/v2\/categories?post=12603"},{"taxonomy":"post_tag","embeddable":true,"href":"https:\/\/www.nexoinformativo.mx\/index.php\/wp-json\/wp\/v2\/tags?post=12603"}],"curies":[{"name":"wp","href":"https:\/\/api.w.org\/{rel}","templated":true}]}}