{"id":12614,"date":"2025-03-11T13:00:28","date_gmt":"2025-03-11T19:00:28","guid":{"rendered":"https:\/\/www.nexoinformativo.mx\/?p=12614"},"modified":"2025-03-11T14:18:43","modified_gmt":"2025-03-11T20:18:43","slug":"queretaro-blindado-kuri-entrega-patrullas-y-equipo-por-123-mdp-a-policias","status":"publish","type":"post","link":"https:\/\/www.nexoinformativo.mx\/index.php\/2025\/03\/11\/queretaro-blindado-kuri-entrega-patrullas-y-equipo-por-123-mdp-a-policias\/","title":{"rendered":"Quer\u00e9taro blindado Kuri entrega patrullas y equipo por 123 MDP a polic\u00edas"},"content":{"rendered":"<p style=\"text-align: justify;\" data-sourcepos=\"13:1-13:275\">El gobernador Mauricio Kuri, entreg\u00f3 63 patrullas y equipamiento a la Polic\u00eda Estatal y corporaciones de seguridad de 10 administraciones municipales, como parte de las acciones permanentes para fortalecer la seguridad en el estado.<\/p>\n<\/p>\n<p>&nbsp;<\/p>\n<p style=\"text-align: justify;\" data-sourcepos=\"15:1-15:328\">La entrega, que representa una inversi\u00f3n de m\u00e1s de 123 millones de pesos, incluye 47 patrullas, uniformes y sistemas de grabaci\u00f3n port\u00e1til para los municipios de Amealco, Cadereyta, Col\u00f3n, Corregidora, Ezequiel Montes, Huimilpan, Pedro Escobedo, San Juan del R\u00edo, Tequisquiapan y Tolim\u00e1n, y 16 patrullas para la Polic\u00eda Estatal.<\/p>\n<\/p>\n<p>&nbsp;<\/p>\n<p style=\"text-align: justify;\" data-sourcepos=\"17:1-17:269\">Kuri Gonz\u00e1lez destac\u00f3 que la paz y la tranquilidad de las familias queretanas son una prioridad, y que la seguridad se construye con la colaboraci\u00f3n entre el estado y los municipios, la participaci\u00f3n ciudadana, el Estado de Derecho y el fortalecimiento de las polic\u00edas.<\/p>\n<\/p>\n<p>&nbsp;<\/p>\n<p style=\"text-align: justify;\" data-sourcepos=\"19:1-19:246\">El secretario de Seguridad Ciudadana, Iov\u00e1n El\u00edas P\u00e9rez Hern\u00e1ndez, se\u00f1al\u00f3 que Quer\u00e9taro se mantiene como un referente de seguridad gracias al trabajo de los polic\u00edas, y que el gobierno estatal est\u00e1 comprometido con fortalecer a las instituciones.<\/p>\n<\/p>\n<p>&nbsp;<\/p>\n<p style=\"text-align: center;\" data-sourcepos=\"19:1-19:246\"><em><strong>\u00a1Informaci\u00f3n que transforma!<\/strong><\/em><\/p>\n","protected":false},"excerpt":{"rendered":"<p>El gobernador Mauricio Kuri, entreg\u00f3 63 patrullas y equipamiento a la Polic\u00eda Estatal y corporaciones de seguridad de 10 administraciones municipales, como parte de las acciones permanentes para fortalecer la seguridad en el estado.<\/p>\n","protected":false},"author":3,"featured_media":12615,"comment_status":"open","ping_status":"open","sticky":false,"template":"","format":"standard","meta":{"footnotes":""},"categories":[42,58],"tags":[3716,661,443,266],"class_list":["post-12614","post","type-post","status-publish","format-standard","has-post-thumbnail","hentry","category-estado","category-ultima-hora","tag-equipamientopolicial","tag-mauriciokuri","tag-policiaqueretaro","tag-seguridadqueretaro"],"yoast_head":"<!-- This site is optimized with the Yoast SEO plugin v25.0 - https:\/\/yoast.com\/wordpress\/plugins\/seo\/ -->\n<title>Quer\u00e9taro blindado Kuri entrega patrullas y equipo por 123 MDP a polic\u00edas | Nexo Informativo Santiago de Quer\u00e9taro<\/title>\n<meta name=\"description\" content=\"Quer\u00e9taro blindado Kuri entrega patrullas y equipo por 123 MDP a polic\u00edas\" \/>\n<meta name=\"robots\" content=\"index, follow, max-snippet:-1, max-image-preview:large, max-video-preview:-1\" \/>\n<link rel=\"canonical\" href=\"https:\/\/www.nexoinformativo.mx\/index.php\/2025\/03\/11\/queretaro-blindado-kuri-entrega-patrullas-y-equipo-por-123-mdp-a-policias\/\" \/>\n<meta property=\"og:locale\" content=\"es_MX\" \/>\n<meta property=\"og:type\" content=\"article\" \/>\n<meta property=\"og:title\" content=\"Quer\u00e9taro blindado Kuri entrega patrullas y equipo por 123 MDP a polic\u00edas | Nexo Informativo Santiago de Quer\u00e9taro\" \/>\n<meta property=\"og:description\" content=\"Quer\u00e9taro blindado Kuri entrega patrullas y equipo por 123 MDP a polic\u00edas\" \/>\n<meta property=\"og:url\" content=\"https:\/\/www.nexoinformativo.mx\/index.php\/2025\/03\/11\/queretaro-blindado-kuri-entrega-patrullas-y-equipo-por-123-mdp-a-policias\/\" \/>\n<meta property=\"og:site_name\" content=\"Nexo Informativo Santiago de Quer\u00e9taro\" \/>\n<meta property=\"article:publisher\" content=\"https:\/\/www.facebook.com\/people\/Nexo-Informativo\/61564066885511\/\" \/>\n<meta property=\"article:published_time\" content=\"2025-03-11T19:00:28+00:00\" \/>\n<meta property=\"article:modified_time\" content=\"2025-03-11T20:18:43+00:00\" \/>\n<meta property=\"og:image\" content=\"https:\/\/www.nexoinformativo.mx\/wp-content\/uploads\/2025\/03\/PHOTO-2025-03-11-13-54-16-e1741724299134.jpg\" \/>\n\t<meta property=\"og:image:width\" content=\"800\" \/>\n\t<meta property=\"og:image:height\" content=\"534\" \/>\n\t<meta property=\"og:image:type\" content=\"image\/jpeg\" \/>\n<meta name=\"author\" content=\"Nexo Informativo\" \/>\n<meta name=\"twitter:card\" content=\"summary_large_image\" \/>\n<meta name=\"twitter:label1\" content=\"Escrito por\" \/>\n\t<meta name=\"twitter:data1\" content=\"Nexo Informativo\" \/>\n\t<meta name=\"twitter:label2\" content=\"Tiempo de lectura\" \/>\n\t<meta name=\"twitter:data2\" content=\"1 minuto\" \/>\n<script type=\"application\/ld+json\" class=\"yoast-schema-graph\">{\"@context\":\"https:\/\/schema.org\",\"@graph\":[{\"@type\":\"Article\",\"@id\":\"https:\/\/www.nexoinformativo.mx\/index.php\/2025\/03\/11\/queretaro-blindado-kuri-entrega-patrullas-y-equipo-por-123-mdp-a-policias\/#article\",\"isPartOf\":{\"@id\":\"https:\/\/www.nexoinformativo.mx\/index.php\/2025\/03\/11\/queretaro-blindado-kuri-entrega-patrullas-y-equipo-por-123-mdp-a-policias\/\"},\"author\":{\"name\":\"Nexo Informativo\",\"@id\":\"https:\/\/www.nexoinformativo.mx\/#\/schema\/person\/7749d380ba08c8ca00d7bc76fd907b7d\"},\"headline\":\"Quer\u00e9taro blindado Kuri entrega patrullas y equipo por 123 MDP a polic\u00edas\",\"datePublished\":\"2025-03-11T19:00:28+00:00\",\"dateModified\":\"2025-03-11T20:18:43+00:00\",\"mainEntityOfPage\":{\"@id\":\"https:\/\/www.nexoinformativo.mx\/index.php\/2025\/03\/11\/queretaro-blindado-kuri-entrega-patrullas-y-equipo-por-123-mdp-a-policias\/\"},\"wordCount\":200,\"commentCount\":0,\"publisher\":{\"@id\":\"https:\/\/www.nexoinformativo.mx\/#organization\"},\"image\":{\"@id\":\"https:\/\/www.nexoinformativo.mx\/index.php\/2025\/03\/11\/queretaro-blindado-kuri-entrega-patrullas-y-equipo-por-123-mdp-a-policias\/#primaryimage\"},\"thumbnailUrl\":\"https:\/\/www.nexoinformativo.mx\/wp-content\/uploads\/2025\/03\/PHOTO-2025-03-11-13-54-16-e1741724299134.jpg\",\"keywords\":[\"EquipamientoPolicial\",\"MauricioKuri\",\"Polic\u00edaQuer\u00e9taro\",\"SeguridadQueretaro\"],\"articleSection\":[\"Estado\",\"\u00daltima Hora\"],\"inLanguage\":\"es\",\"potentialAction\":[{\"@type\":\"CommentAction\",\"name\":\"Comment\",\"target\":[\"https:\/\/www.nexoinformativo.mx\/index.php\/2025\/03\/11\/queretaro-blindado-kuri-entrega-patrullas-y-equipo-por-123-mdp-a-policias\/#respond\"]}]},{\"@type\":\"WebPage\",\"@id\":\"https:\/\/www.nexoinformativo.mx\/index.php\/2025\/03\/11\/queretaro-blindado-kuri-entrega-patrullas-y-equipo-por-123-mdp-a-policias\/\",\"url\":\"https:\/\/www.nexoinformativo.mx\/index.php\/2025\/03\/11\/queretaro-blindado-kuri-entrega-patrullas-y-equipo-por-123-mdp-a-policias\/\",\"name\":\"Quer\u00e9taro blindado Kuri entrega patrullas y equipo por 123 MDP a polic\u00edas | Nexo Informativo Santiago de Quer\u00e9taro\",\"isPartOf\":{\"@id\":\"https:\/\/www.nexoinformativo.mx\/#website\"},\"primaryImageOfPage\":{\"@id\":\"https:\/\/www.nexoinformativo.mx\/index.php\/2025\/03\/11\/queretaro-blindado-kuri-entrega-patrullas-y-equipo-por-123-mdp-a-policias\/#primaryimage\"},\"image\":{\"@id\":\"https:\/\/www.nexoinformativo.mx\/index.php\/2025\/03\/11\/queretaro-blindado-kuri-entrega-patrullas-y-equipo-por-123-mdp-a-policias\/#primaryimage\"},\"thumbnailUrl\":\"https:\/\/www.nexoinformativo.mx\/wp-content\/uploads\/2025\/03\/PHOTO-2025-03-11-13-54-16-e1741724299134.jpg\",\"datePublished\":\"2025-03-11T19:00:28+00:00\",\"dateModified\":\"2025-03-11T20:18:43+00:00\",\"description\":\"Quer\u00e9taro blindado Kuri entrega patrullas y equipo por 123 MDP a polic\u00edas\",\"breadcrumb\":{\"@id\":\"https:\/\/www.nexoinformativo.mx\/index.php\/2025\/03\/11\/queretaro-blindado-kuri-entrega-patrullas-y-equipo-por-123-mdp-a-policias\/#breadcrumb\"},\"inLanguage\":\"es\",\"potentialAction\":[{\"@type\":\"ReadAction\",\"target\":[\"https:\/\/www.nexoinformativo.mx\/index.php\/2025\/03\/11\/queretaro-blindado-kuri-entrega-patrullas-y-equipo-por-123-mdp-a-policias\/\"]}]},{\"@type\":\"ImageObject\",\"inLanguage\":\"es\",\"@id\":\"https:\/\/www.nexoinformativo.mx\/index.php\/2025\/03\/11\/queretaro-blindado-kuri-entrega-patrullas-y-equipo-por-123-mdp-a-policias\/#primaryimage\",\"url\":\"https:\/\/www.nexoinformativo.mx\/wp-content\/uploads\/2025\/03\/PHOTO-2025-03-11-13-54-16-e1741724299134.jpg\",\"contentUrl\":\"https:\/\/www.nexoinformativo.mx\/wp-content\/uploads\/2025\/03\/PHOTO-2025-03-11-13-54-16-e1741724299134.jpg\",\"width\":800,\"height\":534},{\"@type\":\"BreadcrumbList\",\"@id\":\"https:\/\/www.nexoinformativo.mx\/index.php\/2025\/03\/11\/queretaro-blindado-kuri-entrega-patrullas-y-equipo-por-123-mdp-a-policias\/#breadcrumb\",\"itemListElement\":[{\"@type\":\"ListItem\",\"position\":1,\"name\":\"Inicio\",\"item\":\"https:\/\/www.nexoinformativo.mx\/\"},{\"@type\":\"ListItem\",\"position\":2,\"name\":\"Quer\u00e9taro blindado Kuri entrega patrullas y equipo por 123 MDP a polic\u00edas\"}]},{\"@type\":\"WebSite\",\"@id\":\"https:\/\/www.nexoinformativo.mx\/#website\",\"url\":\"https:\/\/www.nexoinformativo.mx\/\",\"name\":\"Nexo Informativo Santiago de Quer\u00e9taro\",\"description\":\"Explora NexoInformativo y convi\u00e9rtete en parte de una comunidad que valora el conocimiento y la verdad. Tu nexoinformativo es tu puente hacia una comprensi\u00f3n m\u00e1s profunda del mundo que te rodea.\",\"publisher\":{\"@id\":\"https:\/\/www.nexoinformativo.mx\/#organization\"},\"potentialAction\":[{\"@type\":\"SearchAction\",\"target\":{\"@type\":\"EntryPoint\",\"urlTemplate\":\"https:\/\/www.nexoinformativo.mx\/?s={search_term_string}\"},\"query-input\":{\"@type\":\"PropertyValueSpecification\",\"valueRequired\":true,\"valueName\":\"search_term_string\"}}],\"inLanguage\":\"es\"},{\"@type\":\"Organization\",\"@id\":\"https:\/\/www.nexoinformativo.mx\/#organization\",\"name\":\"Nexo Informativo Santiago de Quer\u00e9taro\",\"url\":\"https:\/\/www.nexoinformativo.mx\/\",\"logo\":{\"@type\":\"ImageObject\",\"inLanguage\":\"es\",\"@id\":\"https:\/\/www.nexoinformativo.mx\/#\/schema\/logo\/image\/\",\"url\":\"https:\/\/www.nexoinformativo.mx\/wp-content\/uploads\/2024\/07\/nexoi-trasparente-2.png\",\"contentUrl\":\"https:\/\/www.nexoinformativo.mx\/wp-content\/uploads\/2024\/07\/nexoi-trasparente-2.png\",\"width\":816,\"height\":339,\"caption\":\"Nexo Informativo Santiago de Quer\u00e9taro\"},\"image\":{\"@id\":\"https:\/\/www.nexoinformativo.mx\/#\/schema\/logo\/image\/\"},\"sameAs\":[\"https:\/\/www.facebook.com\/people\/Nexo-Informativo\/61564066885511\/\"]},{\"@type\":\"Person\",\"@id\":\"https:\/\/www.nexoinformativo.mx\/#\/schema\/person\/7749d380ba08c8ca00d7bc76fd907b7d\",\"name\":\"Nexo Informativo\",\"image\":{\"@type\":\"ImageObject\",\"inLanguage\":\"es\",\"@id\":\"https:\/\/www.nexoinformativo.mx\/#\/schema\/person\/image\/\",\"url\":\"https:\/\/secure.gravatar.com\/avatar\/dde2928154642a13d95f87ddf1ea9718fe2b46760a005c53e41ff5ad610704e6?s=96&d=mm&r=g\",\"contentUrl\":\"https:\/\/secure.gravatar.com\/avatar\/dde2928154642a13d95f87ddf1ea9718fe2b46760a005c53e41ff5ad610704e6?s=96&d=mm&r=g\",\"caption\":\"Nexo Informativo\"},\"url\":\"https:\/\/www.nexoinformativo.mx\/index.php\/author\/edicion\/\"}]}<\/script>\n<!-- \/ Yoast SEO plugin. -->","yoast_head_json":{"title":"Quer\u00e9taro blindado Kuri entrega patrullas y equipo por 123 MDP a polic\u00edas | Nexo Informativo Santiago de Quer\u00e9taro","description":"Quer\u00e9taro blindado Kuri entrega patrullas y equipo por 123 MDP a polic\u00edas","robots":{"index":"index","follow":"follow","max-snippet":"max-snippet:-1","max-image-preview":"max-image-preview:large","max-video-preview":"max-video-preview:-1"},"canonical":"https:\/\/www.nexoinformativo.mx\/index.php\/2025\/03\/11\/queretaro-blindado-kuri-entrega-patrullas-y-equipo-por-123-mdp-a-policias\/","og_locale":"es_MX","og_type":"article","og_title":"Quer\u00e9taro blindado Kuri entrega patrullas y equipo por 123 MDP a polic\u00edas | Nexo Informativo Santiago de Quer\u00e9taro","og_description":"Quer\u00e9taro blindado Kuri entrega patrullas y equipo por 123 MDP a polic\u00edas","og_url":"https:\/\/www.nexoinformativo.mx\/index.php\/2025\/03\/11\/queretaro-blindado-kuri-entrega-patrullas-y-equipo-por-123-mdp-a-policias\/","og_site_name":"Nexo Informativo Santiago de Quer\u00e9taro","article_publisher":"https:\/\/www.facebook.com\/people\/Nexo-Informativo\/61564066885511\/","article_published_time":"2025-03-11T19:00:28+00:00","article_modified_time":"2025-03-11T20:18:43+00:00","og_image":[{"width":800,"height":534,"url":"https:\/\/www.nexoinformativo.mx\/wp-content\/uploads\/2025\/03\/PHOTO-2025-03-11-13-54-16-e1741724299134.jpg","type":"image\/jpeg"}],"author":"Nexo Informativo","twitter_card":"summary_large_image","twitter_misc":{"Escrito por":"Nexo Informativo","Tiempo de lectura":"1 minuto"},"schema":{"@context":"https:\/\/schema.org","@graph":[{"@type":"Article","@id":"https:\/\/www.nexoinformativo.mx\/index.php\/2025\/03\/11\/queretaro-blindado-kuri-entrega-patrullas-y-equipo-por-123-mdp-a-policias\/#article","isPartOf":{"@id":"https:\/\/www.nexoinformativo.mx\/index.php\/2025\/03\/11\/queretaro-blindado-kuri-entrega-patrullas-y-equipo-por-123-mdp-a-policias\/"},"author":{"name":"Nexo Informativo","@id":"https:\/\/www.nexoinformativo.mx\/#\/schema\/person\/7749d380ba08c8ca00d7bc76fd907b7d"},"headline":"Quer\u00e9taro blindado Kuri entrega patrullas y equipo por 123 MDP a polic\u00edas","datePublished":"2025-03-11T19:00:28+00:00","dateModified":"2025-03-11T20:18:43+00:00","mainEntityOfPage":{"@id":"https:\/\/www.nexoinformativo.mx\/index.php\/2025\/03\/11\/queretaro-blindado-kuri-entrega-patrullas-y-equipo-por-123-mdp-a-policias\/"},"wordCount":200,"commentCount":0,"publisher":{"@id":"https:\/\/www.nexoinformativo.mx\/#organization"},"image":{"@id":"https:\/\/www.nexoinformativo.mx\/index.php\/2025\/03\/11\/queretaro-blindado-kuri-entrega-patrullas-y-equipo-por-123-mdp-a-policias\/#primaryimage"},"thumbnailUrl":"https:\/\/www.nexoinformativo.mx\/wp-content\/uploads\/2025\/03\/PHOTO-2025-03-11-13-54-16-e1741724299134.jpg","keywords":["EquipamientoPolicial","MauricioKuri","Polic\u00edaQuer\u00e9taro","SeguridadQueretaro"],"articleSection":["Estado","\u00daltima Hora"],"inLanguage":"es","potentialAction":[{"@type":"CommentAction","name":"Comment","target":["https:\/\/www.nexoinformativo.mx\/index.php\/2025\/03\/11\/queretaro-blindado-kuri-entrega-patrullas-y-equipo-por-123-mdp-a-policias\/#respond"]}]},{"@type":"WebPage","@id":"https:\/\/www.nexoinformativo.mx\/index.php\/2025\/03\/11\/queretaro-blindado-kuri-entrega-patrullas-y-equipo-por-123-mdp-a-policias\/","url":"https:\/\/www.nexoinformativo.mx\/index.php\/2025\/03\/11\/queretaro-blindado-kuri-entrega-patrullas-y-equipo-por-123-mdp-a-policias\/","name":"Quer\u00e9taro blindado Kuri entrega patrullas y equipo por 123 MDP a polic\u00edas | Nexo Informativo Santiago de Quer\u00e9taro","isPartOf":{"@id":"https:\/\/www.nexoinformativo.mx\/#website"},"primaryImageOfPage":{"@id":"https:\/\/www.nexoinformativo.mx\/index.php\/2025\/03\/11\/queretaro-blindado-kuri-entrega-patrullas-y-equipo-por-123-mdp-a-policias\/#primaryimage"},"image":{"@id":"https:\/\/www.nexoinformativo.mx\/index.php\/2025\/03\/11\/queretaro-blindado-kuri-entrega-patrullas-y-equipo-por-123-mdp-a-policias\/#primaryimage"},"thumbnailUrl":"https:\/\/www.nexoinformativo.mx\/wp-content\/uploads\/2025\/03\/PHOTO-2025-03-11-13-54-16-e1741724299134.jpg","datePublished":"2025-03-11T19:00:28+00:00","dateModified":"2025-03-11T20:18:43+00:00","description":"Quer\u00e9taro blindado Kuri entrega patrullas y equipo por 123 MDP a polic\u00edas","breadcrumb":{"@id":"https:\/\/www.nexoinformativo.mx\/index.php\/2025\/03\/11\/queretaro-blindado-kuri-entrega-patrullas-y-equipo-por-123-mdp-a-policias\/#breadcrumb"},"inLanguage":"es","potentialAction":[{"@type":"ReadAction","target":["https:\/\/www.nexoinformativo.mx\/index.php\/2025\/03\/11\/queretaro-blindado-kuri-entrega-patrullas-y-equipo-por-123-mdp-a-policias\/"]}]},{"@type":"ImageObject","inLanguage":"es","@id":"https:\/\/www.nexoinformativo.mx\/index.php\/2025\/03\/11\/queretaro-blindado-kuri-entrega-patrullas-y-equipo-por-123-mdp-a-policias\/#primaryimage","url":"https:\/\/www.nexoinformativo.mx\/wp-content\/uploads\/2025\/03\/PHOTO-2025-03-11-13-54-16-e1741724299134.jpg","contentUrl":"https:\/\/www.nexoinformativo.mx\/wp-content\/uploads\/2025\/03\/PHOTO-2025-03-11-13-54-16-e1741724299134.jpg","width":800,"height":534},{"@type":"BreadcrumbList","@id":"https:\/\/www.nexoinformativo.mx\/index.php\/2025\/03\/11\/queretaro-blindado-kuri-entrega-patrullas-y-equipo-por-123-mdp-a-policias\/#breadcrumb","itemListElement":[{"@type":"ListItem","position":1,"name":"Inicio","item":"https:\/\/www.nexoinformativo.mx\/"},{"@type":"ListItem","position":2,"name":"Quer\u00e9taro blindado Kuri entrega patrullas y equipo por 123 MDP a polic\u00edas"}]},{"@type":"WebSite","@id":"https:\/\/www.nexoinformativo.mx\/#website","url":"https:\/\/www.nexoinformativo.mx\/","name":"Nexo Informativo Santiago de Quer\u00e9taro","description":"Explora NexoInformativo y convi\u00e9rtete en parte de una comunidad que valora el conocimiento y la verdad. Tu nexoinformativo es tu puente hacia una comprensi\u00f3n m\u00e1s profunda del mundo que te rodea.","publisher":{"@id":"https:\/\/www.nexoinformativo.mx\/#organization"},"potentialAction":[{"@type":"SearchAction","target":{"@type":"EntryPoint","urlTemplate":"https:\/\/www.nexoinformativo.mx\/?s={search_term_string}"},"query-input":{"@type":"PropertyValueSpecification","valueRequired":true,"valueName":"search_term_string"}}],"inLanguage":"es"},{"@type":"Organization","@id":"https:\/\/www.nexoinformativo.mx\/#organization","name":"Nexo Informativo Santiago de Quer\u00e9taro","url":"https:\/\/www.nexoinformativo.mx\/","logo":{"@type":"ImageObject","inLanguage":"es","@id":"https:\/\/www.nexoinformativo.mx\/#\/schema\/logo\/image\/","url":"https:\/\/www.nexoinformativo.mx\/wp-content\/uploads\/2024\/07\/nexoi-trasparente-2.png","contentUrl":"https:\/\/www.nexoinformativo.mx\/wp-content\/uploads\/2024\/07\/nexoi-trasparente-2.png","width":816,"height":339,"caption":"Nexo Informativo Santiago de Quer\u00e9taro"},"image":{"@id":"https:\/\/www.nexoinformativo.mx\/#\/schema\/logo\/image\/"},"sameAs":["https:\/\/www.facebook.com\/people\/Nexo-Informativo\/61564066885511\/"]},{"@type":"Person","@id":"https:\/\/www.nexoinformativo.mx\/#\/schema\/person\/7749d380ba08c8ca00d7bc76fd907b7d","name":"Nexo Informativo","image":{"@type":"ImageObject","inLanguage":"es","@id":"https:\/\/www.nexoinformativo.mx\/#\/schema\/person\/image\/","url":"https:\/\/secure.gravatar.com\/avatar\/dde2928154642a13d95f87ddf1ea9718fe2b46760a005c53e41ff5ad610704e6?s=96&d=mm&r=g","contentUrl":"https:\/\/secure.gravatar.com\/avatar\/dde2928154642a13d95f87ddf1ea9718fe2b46760a005c53e41ff5ad610704e6?s=96&d=mm&r=g","caption":"Nexo Informativo"},"url":"https:\/\/www.nexoinformativo.mx\/index.php\/author\/edicion\/"}]}},"_links":{"self":[{"href":"https:\/\/www.nexoinformativo.mx\/index.php\/wp-json\/wp\/v2\/posts\/12614","targetHints":{"allow":["GET"]}}],"collection":[{"href":"https:\/\/www.nexoinformativo.mx\/index.php\/wp-json\/wp\/v2\/posts"}],"about":[{"href":"https:\/\/www.nexoinformativo.mx\/index.php\/wp-json\/wp\/v2\/types\/post"}],"author":[{"embeddable":true,"href":"https:\/\/www.nexoinformativo.mx\/index.php\/wp-json\/wp\/v2\/users\/3"}],"replies":[{"embeddable":true,"href":"https:\/\/www.nexoinformativo.mx\/index.php\/wp-json\/wp\/v2\/comments?post=12614"}],"version-history":[{"count":3,"href":"https:\/\/www.nexoinformativo.mx\/index.php\/wp-json\/wp\/v2\/posts\/12614\/revisions"}],"predecessor-version":[{"id":12618,"href":"https:\/\/www.nexoinformativo.mx\/index.php\/wp-json\/wp\/v2\/posts\/12614\/revisions\/12618"}],"wp:featuredmedia":[{"embeddable":true,"href":"https:\/\/www.nexoinformativo.mx\/index.php\/wp-json\/wp\/v2\/media\/12615"}],"wp:attachment":[{"href":"https:\/\/www.nexoinformativo.mx\/index.php\/wp-json\/wp\/v2\/media?parent=12614"}],"wp:term":[{"taxonomy":"category","embeddable":true,"href":"https:\/\/www.nexoinformativo.mx\/index.php\/wp-json\/wp\/v2\/categories?post=12614"},{"taxonomy":"post_tag","embeddable":true,"href":"https:\/\/www.nexoinformativo.mx\/index.php\/wp-json\/wp\/v2\/tags?post=12614"}],"curies":[{"name":"wp","href":"https:\/\/api.w.org\/{rel}","templated":true}]}}