{"id":12649,"date":"2025-03-12T08:00:12","date_gmt":"2025-03-12T14:00:12","guid":{"rendered":"https:\/\/www.nexoinformativo.mx\/?p=12649"},"modified":"2025-03-12T10:03:00","modified_gmt":"2025-03-12T16:03:00","slug":"uteq-a-la-vanguardia-inauguran-laboratorio-de-realidad-virtual-y-sala-de-experiencia","status":"publish","type":"post","link":"https:\/\/www.nexoinformativo.mx\/index.php\/2025\/03\/12\/uteq-a-la-vanguardia-inauguran-laboratorio-de-realidad-virtual-y-sala-de-experiencia\/","title":{"rendered":"UTEQ a la vanguardia inauguran Laboratorio de realidad virtual y Sala de Experiencia"},"content":{"rendered":"<p style=\"text-align: justify;\" data-sourcepos=\"13:1-13:280\">La Universidad Tecnol\u00f3gica de Quer\u00e9taro (UTEQ) inaugur\u00f3 el <strong>&#8220;Laboratorio de Realidad Virtual&#8221;<\/strong> y la <strong>&#8220;Sala de Experiencia UTEQ&#8221;<\/strong>, espacios equipados con tecnolog\u00eda de punta para impulsar la innovaci\u00f3n y el aprendizaje de sus estudiantes y aspirantes.<\/p>\n<p>&nbsp;<\/p>\n<p style=\"text-align: justify;\" data-sourcepos=\"15:1-15:249\">El rector de la UTEQ, Luis Fernando Pantoja Amaro, destac\u00f3 que la inversi\u00f3n de dos millones de pesos en estos espacios permitir\u00e1 a los estudiantes realizar pr\u00e1cticas, entrenamientos y simulaciones en \u00e1reas como ingenier\u00eda, automatizaci\u00f3n y rob\u00f3tica.<\/p>\n<p>&nbsp;<\/p>\n<p style=\"text-align: justify;\" data-sourcepos=\"17:1-17:139\">La Sala de Experiencia UTEQ ofrecer\u00e1 exhibiciones interactivas para que los aspirantes conozcan la tecnolog\u00eda disponible en la universidad.<\/p>\n<p>&nbsp;<\/p>\n<p style=\"text-align: justify;\" data-sourcepos=\"19:1-19:235\">La secretaria de Educaci\u00f3n (SEDEQ), Martha Elena Soto Obreg\u00f3n, resalt\u00f3 el compromiso del gobernador Mauricio Kuri con el desarrollo integral de los j\u00f3venes queretanos, y felicit\u00f3 a la UTEQ por su labor en la formaci\u00f3n de profesionales.<\/p>\n<p>&nbsp;<\/p>\n<p style=\"text-align: justify;\" data-sourcepos=\"21:1-21:237\">El Laboratorio de Realidad Virtual cuenta con 15 computadoras de \u00faltima generaci\u00f3n, visores de realidad virtual y software especializado, mientras que la Sala de Experiencia UTEQ ofrece recorridos virtuales y demostraciones tecnol\u00f3gicas.<\/p>\n<p>&nbsp;<\/p>\n<p style=\"text-align: center;\" data-sourcepos=\"21:1-21:237\"><em><strong>\u00a1Informaci\u00f3n que transforma!<\/strong><\/em><\/p>\n","protected":false},"excerpt":{"rendered":"<p>La Universidad Tecnol\u00f3gica de Quer\u00e9taro (UTEQ) inaugur\u00f3 el &#8220;Laboratorio de Realidad Virtual&#8221; y la &#8220;Sala de Experiencia UTEQ&#8221;, espacios equipados con tecnolog\u00eda de punta para impulsar la innovaci\u00f3n y el aprendizaje de sus estudiantes y aspirantes.<\/p>\n","protected":false},"author":3,"featured_media":12650,"comment_status":"open","ping_status":"open","sticky":false,"template":"","format":"standard","meta":{"footnotes":""},"categories":[42,13,58],"tags":[221,3726,3727,2264],"class_list":["post-12649","post","type-post","status-publish","format-standard","has-post-thumbnail","hentry","category-estado","category-tecnologia","category-ultima-hora","tag-innovacioneducativa","tag-realidadvirtual","tag-tecnologiaqro","tag-uteq"],"yoast_head":"<!-- This site is optimized with the Yoast SEO plugin v25.0 - https:\/\/yoast.com\/wordpress\/plugins\/seo\/ -->\n<title>UTEQ a la vanguardia inauguran Laboratorio de realidad virtual y Sala de Experiencia | Nexo Informativo Santiago de Quer\u00e9taro<\/title>\n<meta name=\"description\" content=\"UTEQ a la vanguardia inauguran Laboratorio de realidad virtual y Sala de Experiencia\" \/>\n<meta name=\"robots\" content=\"index, follow, max-snippet:-1, max-image-preview:large, max-video-preview:-1\" \/>\n<link rel=\"canonical\" href=\"https:\/\/www.nexoinformativo.mx\/index.php\/2025\/03\/12\/uteq-a-la-vanguardia-inauguran-laboratorio-de-realidad-virtual-y-sala-de-experiencia\/\" \/>\n<meta property=\"og:locale\" content=\"es_MX\" \/>\n<meta property=\"og:type\" content=\"article\" \/>\n<meta property=\"og:title\" content=\"UTEQ a la vanguardia inauguran Laboratorio de realidad virtual y Sala de Experiencia | Nexo Informativo Santiago de Quer\u00e9taro\" \/>\n<meta property=\"og:description\" content=\"UTEQ a la vanguardia inauguran Laboratorio de realidad virtual y Sala de Experiencia\" \/>\n<meta property=\"og:url\" content=\"https:\/\/www.nexoinformativo.mx\/index.php\/2025\/03\/12\/uteq-a-la-vanguardia-inauguran-laboratorio-de-realidad-virtual-y-sala-de-experiencia\/\" \/>\n<meta property=\"og:site_name\" content=\"Nexo Informativo Santiago de Quer\u00e9taro\" \/>\n<meta property=\"article:publisher\" content=\"https:\/\/www.facebook.com\/people\/Nexo-Informativo\/61564066885511\/\" \/>\n<meta property=\"article:published_time\" content=\"2025-03-12T14:00:12+00:00\" \/>\n<meta property=\"article:modified_time\" content=\"2025-03-12T16:03:00+00:00\" \/>\n<meta property=\"og:image\" content=\"https:\/\/www.nexoinformativo.mx\/wp-content\/uploads\/2025\/03\/PHOTO-2025-03-12-09-06-35-e1741795300870.jpg\" \/>\n\t<meta property=\"og:image:width\" content=\"800\" \/>\n\t<meta property=\"og:image:height\" content=\"444\" \/>\n\t<meta property=\"og:image:type\" content=\"image\/jpeg\" \/>\n<meta name=\"author\" content=\"Nexo Informativo\" \/>\n<meta name=\"twitter:card\" content=\"summary_large_image\" \/>\n<meta name=\"twitter:label1\" content=\"Escrito por\" \/>\n\t<meta name=\"twitter:data1\" content=\"Nexo Informativo\" \/>\n\t<meta name=\"twitter:label2\" content=\"Tiempo de lectura\" \/>\n\t<meta name=\"twitter:data2\" content=\"1 minuto\" \/>\n<script type=\"application\/ld+json\" class=\"yoast-schema-graph\">{\"@context\":\"https:\/\/schema.org\",\"@graph\":[{\"@type\":\"Article\",\"@id\":\"https:\/\/www.nexoinformativo.mx\/index.php\/2025\/03\/12\/uteq-a-la-vanguardia-inauguran-laboratorio-de-realidad-virtual-y-sala-de-experiencia\/#article\",\"isPartOf\":{\"@id\":\"https:\/\/www.nexoinformativo.mx\/index.php\/2025\/03\/12\/uteq-a-la-vanguardia-inauguran-laboratorio-de-realidad-virtual-y-sala-de-experiencia\/\"},\"author\":{\"name\":\"Nexo Informativo\",\"@id\":\"https:\/\/www.nexoinformativo.mx\/#\/schema\/person\/7749d380ba08c8ca00d7bc76fd907b7d\"},\"headline\":\"UTEQ a la vanguardia inauguran Laboratorio de realidad virtual y Sala de Experiencia\",\"datePublished\":\"2025-03-12T14:00:12+00:00\",\"dateModified\":\"2025-03-12T16:03:00+00:00\",\"mainEntityOfPage\":{\"@id\":\"https:\/\/www.nexoinformativo.mx\/index.php\/2025\/03\/12\/uteq-a-la-vanguardia-inauguran-laboratorio-de-realidad-virtual-y-sala-de-experiencia\/\"},\"wordCount\":198,\"commentCount\":0,\"publisher\":{\"@id\":\"https:\/\/www.nexoinformativo.mx\/#organization\"},\"image\":{\"@id\":\"https:\/\/www.nexoinformativo.mx\/index.php\/2025\/03\/12\/uteq-a-la-vanguardia-inauguran-laboratorio-de-realidad-virtual-y-sala-de-experiencia\/#primaryimage\"},\"thumbnailUrl\":\"https:\/\/www.nexoinformativo.mx\/wp-content\/uploads\/2025\/03\/PHOTO-2025-03-12-09-06-35-e1741795300870.jpg\",\"keywords\":[\"Innovaci\u00f3nEducativa\",\"RealidadVirtual\",\"Tecnolog\u00edaQro\",\"UTEQ\"],\"articleSection\":[\"Estado\",\"Tecnolog\u00eda\",\"\u00daltima Hora\"],\"inLanguage\":\"es\",\"potentialAction\":[{\"@type\":\"CommentAction\",\"name\":\"Comment\",\"target\":[\"https:\/\/www.nexoinformativo.mx\/index.php\/2025\/03\/12\/uteq-a-la-vanguardia-inauguran-laboratorio-de-realidad-virtual-y-sala-de-experiencia\/#respond\"]}]},{\"@type\":\"WebPage\",\"@id\":\"https:\/\/www.nexoinformativo.mx\/index.php\/2025\/03\/12\/uteq-a-la-vanguardia-inauguran-laboratorio-de-realidad-virtual-y-sala-de-experiencia\/\",\"url\":\"https:\/\/www.nexoinformativo.mx\/index.php\/2025\/03\/12\/uteq-a-la-vanguardia-inauguran-laboratorio-de-realidad-virtual-y-sala-de-experiencia\/\",\"name\":\"UTEQ a la vanguardia inauguran Laboratorio de realidad virtual y Sala de Experiencia | Nexo Informativo Santiago de Quer\u00e9taro\",\"isPartOf\":{\"@id\":\"https:\/\/www.nexoinformativo.mx\/#website\"},\"primaryImageOfPage\":{\"@id\":\"https:\/\/www.nexoinformativo.mx\/index.php\/2025\/03\/12\/uteq-a-la-vanguardia-inauguran-laboratorio-de-realidad-virtual-y-sala-de-experiencia\/#primaryimage\"},\"image\":{\"@id\":\"https:\/\/www.nexoinformativo.mx\/index.php\/2025\/03\/12\/uteq-a-la-vanguardia-inauguran-laboratorio-de-realidad-virtual-y-sala-de-experiencia\/#primaryimage\"},\"thumbnailUrl\":\"https:\/\/www.nexoinformativo.mx\/wp-content\/uploads\/2025\/03\/PHOTO-2025-03-12-09-06-35-e1741795300870.jpg\",\"datePublished\":\"2025-03-12T14:00:12+00:00\",\"dateModified\":\"2025-03-12T16:03:00+00:00\",\"description\":\"UTEQ a la vanguardia inauguran Laboratorio de realidad virtual y Sala de Experiencia\",\"breadcrumb\":{\"@id\":\"https:\/\/www.nexoinformativo.mx\/index.php\/2025\/03\/12\/uteq-a-la-vanguardia-inauguran-laboratorio-de-realidad-virtual-y-sala-de-experiencia\/#breadcrumb\"},\"inLanguage\":\"es\",\"potentialAction\":[{\"@type\":\"ReadAction\",\"target\":[\"https:\/\/www.nexoinformativo.mx\/index.php\/2025\/03\/12\/uteq-a-la-vanguardia-inauguran-laboratorio-de-realidad-virtual-y-sala-de-experiencia\/\"]}]},{\"@type\":\"ImageObject\",\"inLanguage\":\"es\",\"@id\":\"https:\/\/www.nexoinformativo.mx\/index.php\/2025\/03\/12\/uteq-a-la-vanguardia-inauguran-laboratorio-de-realidad-virtual-y-sala-de-experiencia\/#primaryimage\",\"url\":\"https:\/\/www.nexoinformativo.mx\/wp-content\/uploads\/2025\/03\/PHOTO-2025-03-12-09-06-35-e1741795300870.jpg\",\"contentUrl\":\"https:\/\/www.nexoinformativo.mx\/wp-content\/uploads\/2025\/03\/PHOTO-2025-03-12-09-06-35-e1741795300870.jpg\",\"width\":800,\"height\":444},{\"@type\":\"BreadcrumbList\",\"@id\":\"https:\/\/www.nexoinformativo.mx\/index.php\/2025\/03\/12\/uteq-a-la-vanguardia-inauguran-laboratorio-de-realidad-virtual-y-sala-de-experiencia\/#breadcrumb\",\"itemListElement\":[{\"@type\":\"ListItem\",\"position\":1,\"name\":\"Inicio\",\"item\":\"https:\/\/www.nexoinformativo.mx\/\"},{\"@type\":\"ListItem\",\"position\":2,\"name\":\"UTEQ a la vanguardia inauguran Laboratorio de realidad virtual y Sala de Experiencia\"}]},{\"@type\":\"WebSite\",\"@id\":\"https:\/\/www.nexoinformativo.mx\/#website\",\"url\":\"https:\/\/www.nexoinformativo.mx\/\",\"name\":\"Nexo Informativo Santiago de Quer\u00e9taro\",\"description\":\"Explora NexoInformativo y convi\u00e9rtete en parte de una comunidad que valora el conocimiento y la verdad. Tu nexoinformativo es tu puente hacia una comprensi\u00f3n m\u00e1s profunda del mundo que te rodea.\",\"publisher\":{\"@id\":\"https:\/\/www.nexoinformativo.mx\/#organization\"},\"potentialAction\":[{\"@type\":\"SearchAction\",\"target\":{\"@type\":\"EntryPoint\",\"urlTemplate\":\"https:\/\/www.nexoinformativo.mx\/?s={search_term_string}\"},\"query-input\":{\"@type\":\"PropertyValueSpecification\",\"valueRequired\":true,\"valueName\":\"search_term_string\"}}],\"inLanguage\":\"es\"},{\"@type\":\"Organization\",\"@id\":\"https:\/\/www.nexoinformativo.mx\/#organization\",\"name\":\"Nexo Informativo Santiago de Quer\u00e9taro\",\"url\":\"https:\/\/www.nexoinformativo.mx\/\",\"logo\":{\"@type\":\"ImageObject\",\"inLanguage\":\"es\",\"@id\":\"https:\/\/www.nexoinformativo.mx\/#\/schema\/logo\/image\/\",\"url\":\"https:\/\/www.nexoinformativo.mx\/wp-content\/uploads\/2024\/07\/nexoi-trasparente-2.png\",\"contentUrl\":\"https:\/\/www.nexoinformativo.mx\/wp-content\/uploads\/2024\/07\/nexoi-trasparente-2.png\",\"width\":816,\"height\":339,\"caption\":\"Nexo Informativo Santiago de Quer\u00e9taro\"},\"image\":{\"@id\":\"https:\/\/www.nexoinformativo.mx\/#\/schema\/logo\/image\/\"},\"sameAs\":[\"https:\/\/www.facebook.com\/people\/Nexo-Informativo\/61564066885511\/\"]},{\"@type\":\"Person\",\"@id\":\"https:\/\/www.nexoinformativo.mx\/#\/schema\/person\/7749d380ba08c8ca00d7bc76fd907b7d\",\"name\":\"Nexo Informativo\",\"image\":{\"@type\":\"ImageObject\",\"inLanguage\":\"es\",\"@id\":\"https:\/\/www.nexoinformativo.mx\/#\/schema\/person\/image\/\",\"url\":\"https:\/\/secure.gravatar.com\/avatar\/dde2928154642a13d95f87ddf1ea9718fe2b46760a005c53e41ff5ad610704e6?s=96&d=mm&r=g\",\"contentUrl\":\"https:\/\/secure.gravatar.com\/avatar\/dde2928154642a13d95f87ddf1ea9718fe2b46760a005c53e41ff5ad610704e6?s=96&d=mm&r=g\",\"caption\":\"Nexo Informativo\"},\"url\":\"https:\/\/www.nexoinformativo.mx\/index.php\/author\/edicion\/\"}]}<\/script>\n<!-- \/ Yoast SEO plugin. -->","yoast_head_json":{"title":"UTEQ a la vanguardia inauguran Laboratorio de realidad virtual y Sala de Experiencia | Nexo Informativo Santiago de Quer\u00e9taro","description":"UTEQ a la vanguardia inauguran Laboratorio de realidad virtual y Sala de Experiencia","robots":{"index":"index","follow":"follow","max-snippet":"max-snippet:-1","max-image-preview":"max-image-preview:large","max-video-preview":"max-video-preview:-1"},"canonical":"https:\/\/www.nexoinformativo.mx\/index.php\/2025\/03\/12\/uteq-a-la-vanguardia-inauguran-laboratorio-de-realidad-virtual-y-sala-de-experiencia\/","og_locale":"es_MX","og_type":"article","og_title":"UTEQ a la vanguardia inauguran Laboratorio de realidad virtual y Sala de Experiencia | Nexo Informativo Santiago de Quer\u00e9taro","og_description":"UTEQ a la vanguardia inauguran Laboratorio de realidad virtual y Sala de Experiencia","og_url":"https:\/\/www.nexoinformativo.mx\/index.php\/2025\/03\/12\/uteq-a-la-vanguardia-inauguran-laboratorio-de-realidad-virtual-y-sala-de-experiencia\/","og_site_name":"Nexo Informativo Santiago de Quer\u00e9taro","article_publisher":"https:\/\/www.facebook.com\/people\/Nexo-Informativo\/61564066885511\/","article_published_time":"2025-03-12T14:00:12+00:00","article_modified_time":"2025-03-12T16:03:00+00:00","og_image":[{"width":800,"height":444,"url":"https:\/\/www.nexoinformativo.mx\/wp-content\/uploads\/2025\/03\/PHOTO-2025-03-12-09-06-35-e1741795300870.jpg","type":"image\/jpeg"}],"author":"Nexo Informativo","twitter_card":"summary_large_image","twitter_misc":{"Escrito por":"Nexo Informativo","Tiempo de lectura":"1 minuto"},"schema":{"@context":"https:\/\/schema.org","@graph":[{"@type":"Article","@id":"https:\/\/www.nexoinformativo.mx\/index.php\/2025\/03\/12\/uteq-a-la-vanguardia-inauguran-laboratorio-de-realidad-virtual-y-sala-de-experiencia\/#article","isPartOf":{"@id":"https:\/\/www.nexoinformativo.mx\/index.php\/2025\/03\/12\/uteq-a-la-vanguardia-inauguran-laboratorio-de-realidad-virtual-y-sala-de-experiencia\/"},"author":{"name":"Nexo Informativo","@id":"https:\/\/www.nexoinformativo.mx\/#\/schema\/person\/7749d380ba08c8ca00d7bc76fd907b7d"},"headline":"UTEQ a la vanguardia inauguran Laboratorio de realidad virtual y Sala de Experiencia","datePublished":"2025-03-12T14:00:12+00:00","dateModified":"2025-03-12T16:03:00+00:00","mainEntityOfPage":{"@id":"https:\/\/www.nexoinformativo.mx\/index.php\/2025\/03\/12\/uteq-a-la-vanguardia-inauguran-laboratorio-de-realidad-virtual-y-sala-de-experiencia\/"},"wordCount":198,"commentCount":0,"publisher":{"@id":"https:\/\/www.nexoinformativo.mx\/#organization"},"image":{"@id":"https:\/\/www.nexoinformativo.mx\/index.php\/2025\/03\/12\/uteq-a-la-vanguardia-inauguran-laboratorio-de-realidad-virtual-y-sala-de-experiencia\/#primaryimage"},"thumbnailUrl":"https:\/\/www.nexoinformativo.mx\/wp-content\/uploads\/2025\/03\/PHOTO-2025-03-12-09-06-35-e1741795300870.jpg","keywords":["Innovaci\u00f3nEducativa","RealidadVirtual","Tecnolog\u00edaQro","UTEQ"],"articleSection":["Estado","Tecnolog\u00eda","\u00daltima Hora"],"inLanguage":"es","potentialAction":[{"@type":"CommentAction","name":"Comment","target":["https:\/\/www.nexoinformativo.mx\/index.php\/2025\/03\/12\/uteq-a-la-vanguardia-inauguran-laboratorio-de-realidad-virtual-y-sala-de-experiencia\/#respond"]}]},{"@type":"WebPage","@id":"https:\/\/www.nexoinformativo.mx\/index.php\/2025\/03\/12\/uteq-a-la-vanguardia-inauguran-laboratorio-de-realidad-virtual-y-sala-de-experiencia\/","url":"https:\/\/www.nexoinformativo.mx\/index.php\/2025\/03\/12\/uteq-a-la-vanguardia-inauguran-laboratorio-de-realidad-virtual-y-sala-de-experiencia\/","name":"UTEQ a la vanguardia inauguran Laboratorio de realidad virtual y Sala de Experiencia | Nexo Informativo Santiago de Quer\u00e9taro","isPartOf":{"@id":"https:\/\/www.nexoinformativo.mx\/#website"},"primaryImageOfPage":{"@id":"https:\/\/www.nexoinformativo.mx\/index.php\/2025\/03\/12\/uteq-a-la-vanguardia-inauguran-laboratorio-de-realidad-virtual-y-sala-de-experiencia\/#primaryimage"},"image":{"@id":"https:\/\/www.nexoinformativo.mx\/index.php\/2025\/03\/12\/uteq-a-la-vanguardia-inauguran-laboratorio-de-realidad-virtual-y-sala-de-experiencia\/#primaryimage"},"thumbnailUrl":"https:\/\/www.nexoinformativo.mx\/wp-content\/uploads\/2025\/03\/PHOTO-2025-03-12-09-06-35-e1741795300870.jpg","datePublished":"2025-03-12T14:00:12+00:00","dateModified":"2025-03-12T16:03:00+00:00","description":"UTEQ a la vanguardia inauguran Laboratorio de realidad virtual y Sala de Experiencia","breadcrumb":{"@id":"https:\/\/www.nexoinformativo.mx\/index.php\/2025\/03\/12\/uteq-a-la-vanguardia-inauguran-laboratorio-de-realidad-virtual-y-sala-de-experiencia\/#breadcrumb"},"inLanguage":"es","potentialAction":[{"@type":"ReadAction","target":["https:\/\/www.nexoinformativo.mx\/index.php\/2025\/03\/12\/uteq-a-la-vanguardia-inauguran-laboratorio-de-realidad-virtual-y-sala-de-experiencia\/"]}]},{"@type":"ImageObject","inLanguage":"es","@id":"https:\/\/www.nexoinformativo.mx\/index.php\/2025\/03\/12\/uteq-a-la-vanguardia-inauguran-laboratorio-de-realidad-virtual-y-sala-de-experiencia\/#primaryimage","url":"https:\/\/www.nexoinformativo.mx\/wp-content\/uploads\/2025\/03\/PHOTO-2025-03-12-09-06-35-e1741795300870.jpg","contentUrl":"https:\/\/www.nexoinformativo.mx\/wp-content\/uploads\/2025\/03\/PHOTO-2025-03-12-09-06-35-e1741795300870.jpg","width":800,"height":444},{"@type":"BreadcrumbList","@id":"https:\/\/www.nexoinformativo.mx\/index.php\/2025\/03\/12\/uteq-a-la-vanguardia-inauguran-laboratorio-de-realidad-virtual-y-sala-de-experiencia\/#breadcrumb","itemListElement":[{"@type":"ListItem","position":1,"name":"Inicio","item":"https:\/\/www.nexoinformativo.mx\/"},{"@type":"ListItem","position":2,"name":"UTEQ a la vanguardia inauguran Laboratorio de realidad virtual y Sala de Experiencia"}]},{"@type":"WebSite","@id":"https:\/\/www.nexoinformativo.mx\/#website","url":"https:\/\/www.nexoinformativo.mx\/","name":"Nexo Informativo Santiago de Quer\u00e9taro","description":"Explora NexoInformativo y convi\u00e9rtete en parte de una comunidad que valora el conocimiento y la verdad. Tu nexoinformativo es tu puente hacia una comprensi\u00f3n m\u00e1s profunda del mundo que te rodea.","publisher":{"@id":"https:\/\/www.nexoinformativo.mx\/#organization"},"potentialAction":[{"@type":"SearchAction","target":{"@type":"EntryPoint","urlTemplate":"https:\/\/www.nexoinformativo.mx\/?s={search_term_string}"},"query-input":{"@type":"PropertyValueSpecification","valueRequired":true,"valueName":"search_term_string"}}],"inLanguage":"es"},{"@type":"Organization","@id":"https:\/\/www.nexoinformativo.mx\/#organization","name":"Nexo Informativo Santiago de Quer\u00e9taro","url":"https:\/\/www.nexoinformativo.mx\/","logo":{"@type":"ImageObject","inLanguage":"es","@id":"https:\/\/www.nexoinformativo.mx\/#\/schema\/logo\/image\/","url":"https:\/\/www.nexoinformativo.mx\/wp-content\/uploads\/2024\/07\/nexoi-trasparente-2.png","contentUrl":"https:\/\/www.nexoinformativo.mx\/wp-content\/uploads\/2024\/07\/nexoi-trasparente-2.png","width":816,"height":339,"caption":"Nexo Informativo Santiago de Quer\u00e9taro"},"image":{"@id":"https:\/\/www.nexoinformativo.mx\/#\/schema\/logo\/image\/"},"sameAs":["https:\/\/www.facebook.com\/people\/Nexo-Informativo\/61564066885511\/"]},{"@type":"Person","@id":"https:\/\/www.nexoinformativo.mx\/#\/schema\/person\/7749d380ba08c8ca00d7bc76fd907b7d","name":"Nexo Informativo","image":{"@type":"ImageObject","inLanguage":"es","@id":"https:\/\/www.nexoinformativo.mx\/#\/schema\/person\/image\/","url":"https:\/\/secure.gravatar.com\/avatar\/dde2928154642a13d95f87ddf1ea9718fe2b46760a005c53e41ff5ad610704e6?s=96&d=mm&r=g","contentUrl":"https:\/\/secure.gravatar.com\/avatar\/dde2928154642a13d95f87ddf1ea9718fe2b46760a005c53e41ff5ad610704e6?s=96&d=mm&r=g","caption":"Nexo Informativo"},"url":"https:\/\/www.nexoinformativo.mx\/index.php\/author\/edicion\/"}]}},"_links":{"self":[{"href":"https:\/\/www.nexoinformativo.mx\/index.php\/wp-json\/wp\/v2\/posts\/12649","targetHints":{"allow":["GET"]}}],"collection":[{"href":"https:\/\/www.nexoinformativo.mx\/index.php\/wp-json\/wp\/v2\/posts"}],"about":[{"href":"https:\/\/www.nexoinformativo.mx\/index.php\/wp-json\/wp\/v2\/types\/post"}],"author":[{"embeddable":true,"href":"https:\/\/www.nexoinformativo.mx\/index.php\/wp-json\/wp\/v2\/users\/3"}],"replies":[{"embeddable":true,"href":"https:\/\/www.nexoinformativo.mx\/index.php\/wp-json\/wp\/v2\/comments?post=12649"}],"version-history":[{"count":4,"href":"https:\/\/www.nexoinformativo.mx\/index.php\/wp-json\/wp\/v2\/posts\/12649\/revisions"}],"predecessor-version":[{"id":12653,"href":"https:\/\/www.nexoinformativo.mx\/index.php\/wp-json\/wp\/v2\/posts\/12649\/revisions\/12653"}],"wp:featuredmedia":[{"embeddable":true,"href":"https:\/\/www.nexoinformativo.mx\/index.php\/wp-json\/wp\/v2\/media\/12650"}],"wp:attachment":[{"href":"https:\/\/www.nexoinformativo.mx\/index.php\/wp-json\/wp\/v2\/media?parent=12649"}],"wp:term":[{"taxonomy":"category","embeddable":true,"href":"https:\/\/www.nexoinformativo.mx\/index.php\/wp-json\/wp\/v2\/categories?post=12649"},{"taxonomy":"post_tag","embeddable":true,"href":"https:\/\/www.nexoinformativo.mx\/index.php\/wp-json\/wp\/v2\/tags?post=12649"}],"curies":[{"name":"wp","href":"https:\/\/api.w.org\/{rel}","templated":true}]}}