{"id":1265,"date":"2024-08-29T10:00:09","date_gmt":"2024-08-29T16:00:09","guid":{"rendered":"https:\/\/www.nexoinformativo.mx\/?p=1265"},"modified":"2024-08-29T13:38:59","modified_gmt":"2024-08-29T19:38:59","slug":"anuncia-el-sub-secretario-juan-carlos-arreguin-operativo-contra-venta-de-pirotecnia-en-queretaro-para-proteger-a-la-poblacion","status":"publish","type":"post","link":"https:\/\/www.nexoinformativo.mx\/index.php\/2024\/08\/29\/anuncia-el-sub-secretario-juan-carlos-arreguin-operativo-contra-venta-de-pirotecnia-en-queretaro-para-proteger-a-la-poblacion\/","title":{"rendered":"Anuncia el Sub Secretario Juan Carlos Arregu\u00edn operativo contra venta de pirotecn\u00eda en Quer\u00e9taro para proteger a la poblaci\u00f3n"},"content":{"rendered":"<p style=\"text-align: justify;\">El subsecretario de gobierno de Quer\u00e9taro, Juan Carlos Arregu\u00edn, anunci\u00f3 la instalaci\u00f3n de filtros de seguridad para el evento del Grito de Independencia en Plaza de Armas. El objetivo es garantizar un ambiente seguro y ordenado para todos los asistentes. Adem\u00e1s, no se permitir\u00e1 la venta de bebidas alcoh\u00f3licas en puestos semifijos durante el evento. Los filtros tradicionales se colocar\u00e1n en algunos accesos, cuyos detalles se dar\u00e1n a conocer pr\u00f3ximamente.<\/p>\n<p>&nbsp;<\/p>\n<p style=\"text-align: justify;\">Para el 15 de septiembre, se han aprobado 110 puestos tradicionales en las calles Ju\u00e1rez y Madero. Todos los puestos que vendan alimentos o utilicen gas ser\u00e1n revisados previamente por protecci\u00f3n civil municipal. No se ampliar\u00e1n los horarios de bares y restaurantes durante las festividades.<\/p>\n","protected":false},"excerpt":{"rendered":"<p>El subsecretario de gobierno de Quer\u00e9taro, Juan Carlos Arregu\u00edn, anunci\u00f3 la instalaci\u00f3n de filtros de seguridad para el evento del Grito de Independencia en Plaza de Armas. El objetivo es garantizar un ambiente seguro y ordenado para todos los asistentes. Adem\u00e1s, no se permitir\u00e1 la venta de bebidas alcoh\u00f3licas en puestos semifijos durante el evento. [&hellip;]<\/p>\n","protected":false},"author":3,"featured_media":1269,"comment_status":"open","ping_status":"open","sticky":false,"template":"","format":"standard","meta":{"footnotes":""},"categories":[65],"tags":[331,324,154,133,157],"class_list":["post-1265","post","type-post","status-publish","format-standard","has-post-thumbnail","hentry","category-municipios","tag-fiestaspatrias","tag-gritodeindependencia","tag-proteccioncivil","tag-queretaro","tag-seguridadciudadana"],"yoast_head":"<!-- This site is optimized with the Yoast SEO plugin v25.0 - https:\/\/yoast.com\/wordpress\/plugins\/seo\/ -->\n<title>Anuncia el Sub Secretario Juan Carlos Arregu\u00edn operativo contra venta de pirotecn\u00eda en Quer\u00e9taro para proteger a la poblaci\u00f3n | Nexo Informativo Santiago de Quer\u00e9taro<\/title>\n<meta name=\"robots\" content=\"index, follow, max-snippet:-1, max-image-preview:large, max-video-preview:-1\" \/>\n<link rel=\"canonical\" href=\"https:\/\/www.nexoinformativo.mx\/index.php\/2024\/08\/29\/anuncia-el-sub-secretario-juan-carlos-arreguin-operativo-contra-venta-de-pirotecnia-en-queretaro-para-proteger-a-la-poblacion\/\" \/>\n<meta property=\"og:locale\" content=\"es_MX\" \/>\n<meta property=\"og:type\" content=\"article\" \/>\n<meta property=\"og:title\" content=\"Anuncia el Sub Secretario Juan Carlos Arregu\u00edn operativo contra venta de pirotecn\u00eda en Quer\u00e9taro para proteger a la poblaci\u00f3n | Nexo Informativo Santiago de Quer\u00e9taro\" \/>\n<meta property=\"og:description\" content=\"El subsecretario de gobierno de Quer\u00e9taro, Juan Carlos Arregu\u00edn, anunci\u00f3 la instalaci\u00f3n de filtros de seguridad para el evento del Grito de Independencia en Plaza de Armas. El objetivo es garantizar un ambiente seguro y ordenado para todos los asistentes. Adem\u00e1s, no se permitir\u00e1 la venta de bebidas alcoh\u00f3licas en puestos semifijos durante el evento. [&hellip;]\" \/>\n<meta property=\"og:url\" content=\"https:\/\/www.nexoinformativo.mx\/index.php\/2024\/08\/29\/anuncia-el-sub-secretario-juan-carlos-arreguin-operativo-contra-venta-de-pirotecnia-en-queretaro-para-proteger-a-la-poblacion\/\" \/>\n<meta property=\"og:site_name\" content=\"Nexo Informativo Santiago de Quer\u00e9taro\" \/>\n<meta property=\"article:publisher\" content=\"https:\/\/www.facebook.com\/people\/Nexo-Informativo\/61564066885511\/\" \/>\n<meta property=\"article:published_time\" content=\"2024-08-29T16:00:09+00:00\" \/>\n<meta property=\"article:modified_time\" content=\"2024-08-29T19:38:59+00:00\" \/>\n<meta property=\"og:image\" content=\"https:\/\/www.nexoinformativo.mx\/wp-content\/uploads\/2024\/08\/00621b19-a585-4959-bc25-4e61fad91cab-e1724958682581.jpg\" \/>\n\t<meta property=\"og:image:width\" content=\"800\" \/>\n\t<meta property=\"og:image:height\" content=\"673\" \/>\n\t<meta property=\"og:image:type\" content=\"image\/jpeg\" \/>\n<meta name=\"author\" content=\"Nexo Informativo\" \/>\n<meta name=\"twitter:card\" content=\"summary_large_image\" \/>\n<meta name=\"twitter:label1\" content=\"Escrito por\" \/>\n\t<meta name=\"twitter:data1\" content=\"Nexo Informativo\" \/>\n\t<meta name=\"twitter:label2\" content=\"Tiempo de lectura\" \/>\n\t<meta name=\"twitter:data2\" content=\"1 minuto\" \/>\n<script type=\"application\/ld+json\" class=\"yoast-schema-graph\">{\"@context\":\"https:\/\/schema.org\",\"@graph\":[{\"@type\":\"Article\",\"@id\":\"https:\/\/www.nexoinformativo.mx\/index.php\/2024\/08\/29\/anuncia-el-sub-secretario-juan-carlos-arreguin-operativo-contra-venta-de-pirotecnia-en-queretaro-para-proteger-a-la-poblacion\/#article\",\"isPartOf\":{\"@id\":\"https:\/\/www.nexoinformativo.mx\/index.php\/2024\/08\/29\/anuncia-el-sub-secretario-juan-carlos-arreguin-operativo-contra-venta-de-pirotecnia-en-queretaro-para-proteger-a-la-poblacion\/\"},\"author\":{\"name\":\"Nexo Informativo\",\"@id\":\"https:\/\/www.nexoinformativo.mx\/#\/schema\/person\/7749d380ba08c8ca00d7bc76fd907b7d\"},\"headline\":\"Anuncia el Sub Secretario Juan Carlos Arregu\u00edn operativo contra venta de pirotecn\u00eda en Quer\u00e9taro para proteger a la poblaci\u00f3n\",\"datePublished\":\"2024-08-29T16:00:09+00:00\",\"dateModified\":\"2024-08-29T19:38:59+00:00\",\"mainEntityOfPage\":{\"@id\":\"https:\/\/www.nexoinformativo.mx\/index.php\/2024\/08\/29\/anuncia-el-sub-secretario-juan-carlos-arreguin-operativo-contra-venta-de-pirotecnia-en-queretaro-para-proteger-a-la-poblacion\/\"},\"wordCount\":149,\"commentCount\":0,\"publisher\":{\"@id\":\"https:\/\/www.nexoinformativo.mx\/#organization\"},\"image\":{\"@id\":\"https:\/\/www.nexoinformativo.mx\/index.php\/2024\/08\/29\/anuncia-el-sub-secretario-juan-carlos-arreguin-operativo-contra-venta-de-pirotecnia-en-queretaro-para-proteger-a-la-poblacion\/#primaryimage\"},\"thumbnailUrl\":\"https:\/\/www.nexoinformativo.mx\/wp-content\/uploads\/2024\/08\/00621b19-a585-4959-bc25-4e61fad91cab-e1724958682581.jpg\",\"keywords\":[\"FiestasPatrias\",\"GritoDeIndependencia\",\"proteccioncivil\",\"Quer\u00e9taro\",\"SeguridadCiudadana\"],\"articleSection\":[\"Municipios\"],\"inLanguage\":\"es\",\"potentialAction\":[{\"@type\":\"CommentAction\",\"name\":\"Comment\",\"target\":[\"https:\/\/www.nexoinformativo.mx\/index.php\/2024\/08\/29\/anuncia-el-sub-secretario-juan-carlos-arreguin-operativo-contra-venta-de-pirotecnia-en-queretaro-para-proteger-a-la-poblacion\/#respond\"]}]},{\"@type\":\"WebPage\",\"@id\":\"https:\/\/www.nexoinformativo.mx\/index.php\/2024\/08\/29\/anuncia-el-sub-secretario-juan-carlos-arreguin-operativo-contra-venta-de-pirotecnia-en-queretaro-para-proteger-a-la-poblacion\/\",\"url\":\"https:\/\/www.nexoinformativo.mx\/index.php\/2024\/08\/29\/anuncia-el-sub-secretario-juan-carlos-arreguin-operativo-contra-venta-de-pirotecnia-en-queretaro-para-proteger-a-la-poblacion\/\",\"name\":\"Anuncia el Sub Secretario Juan Carlos Arregu\u00edn operativo contra venta de pirotecn\u00eda en Quer\u00e9taro para proteger a la poblaci\u00f3n | Nexo Informativo Santiago de Quer\u00e9taro\",\"isPartOf\":{\"@id\":\"https:\/\/www.nexoinformativo.mx\/#website\"},\"primaryImageOfPage\":{\"@id\":\"https:\/\/www.nexoinformativo.mx\/index.php\/2024\/08\/29\/anuncia-el-sub-secretario-juan-carlos-arreguin-operativo-contra-venta-de-pirotecnia-en-queretaro-para-proteger-a-la-poblacion\/#primaryimage\"},\"image\":{\"@id\":\"https:\/\/www.nexoinformativo.mx\/index.php\/2024\/08\/29\/anuncia-el-sub-secretario-juan-carlos-arreguin-operativo-contra-venta-de-pirotecnia-en-queretaro-para-proteger-a-la-poblacion\/#primaryimage\"},\"thumbnailUrl\":\"https:\/\/www.nexoinformativo.mx\/wp-content\/uploads\/2024\/08\/00621b19-a585-4959-bc25-4e61fad91cab-e1724958682581.jpg\",\"datePublished\":\"2024-08-29T16:00:09+00:00\",\"dateModified\":\"2024-08-29T19:38:59+00:00\",\"breadcrumb\":{\"@id\":\"https:\/\/www.nexoinformativo.mx\/index.php\/2024\/08\/29\/anuncia-el-sub-secretario-juan-carlos-arreguin-operativo-contra-venta-de-pirotecnia-en-queretaro-para-proteger-a-la-poblacion\/#breadcrumb\"},\"inLanguage\":\"es\",\"potentialAction\":[{\"@type\":\"ReadAction\",\"target\":[\"https:\/\/www.nexoinformativo.mx\/index.php\/2024\/08\/29\/anuncia-el-sub-secretario-juan-carlos-arreguin-operativo-contra-venta-de-pirotecnia-en-queretaro-para-proteger-a-la-poblacion\/\"]}]},{\"@type\":\"ImageObject\",\"inLanguage\":\"es\",\"@id\":\"https:\/\/www.nexoinformativo.mx\/index.php\/2024\/08\/29\/anuncia-el-sub-secretario-juan-carlos-arreguin-operativo-contra-venta-de-pirotecnia-en-queretaro-para-proteger-a-la-poblacion\/#primaryimage\",\"url\":\"https:\/\/www.nexoinformativo.mx\/wp-content\/uploads\/2024\/08\/00621b19-a585-4959-bc25-4e61fad91cab-e1724958682581.jpg\",\"contentUrl\":\"https:\/\/www.nexoinformativo.mx\/wp-content\/uploads\/2024\/08\/00621b19-a585-4959-bc25-4e61fad91cab-e1724958682581.jpg\",\"width\":800,\"height\":673},{\"@type\":\"BreadcrumbList\",\"@id\":\"https:\/\/www.nexoinformativo.mx\/index.php\/2024\/08\/29\/anuncia-el-sub-secretario-juan-carlos-arreguin-operativo-contra-venta-de-pirotecnia-en-queretaro-para-proteger-a-la-poblacion\/#breadcrumb\",\"itemListElement\":[{\"@type\":\"ListItem\",\"position\":1,\"name\":\"Inicio\",\"item\":\"https:\/\/www.nexoinformativo.mx\/\"},{\"@type\":\"ListItem\",\"position\":2,\"name\":\"Anuncia el Sub Secretario Juan Carlos Arregu\u00edn operativo contra venta de pirotecn\u00eda en Quer\u00e9taro para proteger a la poblaci\u00f3n\"}]},{\"@type\":\"WebSite\",\"@id\":\"https:\/\/www.nexoinformativo.mx\/#website\",\"url\":\"https:\/\/www.nexoinformativo.mx\/\",\"name\":\"Nexo Informativo Santiago de Quer\u00e9taro\",\"description\":\"Explora NexoInformativo y convi\u00e9rtete en parte de una comunidad que valora el conocimiento y la verdad. Tu nexoinformativo es tu puente hacia una comprensi\u00f3n m\u00e1s profunda del mundo que te rodea.\",\"publisher\":{\"@id\":\"https:\/\/www.nexoinformativo.mx\/#organization\"},\"potentialAction\":[{\"@type\":\"SearchAction\",\"target\":{\"@type\":\"EntryPoint\",\"urlTemplate\":\"https:\/\/www.nexoinformativo.mx\/?s={search_term_string}\"},\"query-input\":{\"@type\":\"PropertyValueSpecification\",\"valueRequired\":true,\"valueName\":\"search_term_string\"}}],\"inLanguage\":\"es\"},{\"@type\":\"Organization\",\"@id\":\"https:\/\/www.nexoinformativo.mx\/#organization\",\"name\":\"Nexo Informativo Santiago de Quer\u00e9taro\",\"url\":\"https:\/\/www.nexoinformativo.mx\/\",\"logo\":{\"@type\":\"ImageObject\",\"inLanguage\":\"es\",\"@id\":\"https:\/\/www.nexoinformativo.mx\/#\/schema\/logo\/image\/\",\"url\":\"https:\/\/www.nexoinformativo.mx\/wp-content\/uploads\/2024\/07\/nexoi-trasparente-2.png\",\"contentUrl\":\"https:\/\/www.nexoinformativo.mx\/wp-content\/uploads\/2024\/07\/nexoi-trasparente-2.png\",\"width\":816,\"height\":339,\"caption\":\"Nexo Informativo Santiago de Quer\u00e9taro\"},\"image\":{\"@id\":\"https:\/\/www.nexoinformativo.mx\/#\/schema\/logo\/image\/\"},\"sameAs\":[\"https:\/\/www.facebook.com\/people\/Nexo-Informativo\/61564066885511\/\"]},{\"@type\":\"Person\",\"@id\":\"https:\/\/www.nexoinformativo.mx\/#\/schema\/person\/7749d380ba08c8ca00d7bc76fd907b7d\",\"name\":\"Nexo Informativo\",\"image\":{\"@type\":\"ImageObject\",\"inLanguage\":\"es\",\"@id\":\"https:\/\/www.nexoinformativo.mx\/#\/schema\/person\/image\/\",\"url\":\"https:\/\/secure.gravatar.com\/avatar\/dde2928154642a13d95f87ddf1ea9718fe2b46760a005c53e41ff5ad610704e6?s=96&d=mm&r=g\",\"contentUrl\":\"https:\/\/secure.gravatar.com\/avatar\/dde2928154642a13d95f87ddf1ea9718fe2b46760a005c53e41ff5ad610704e6?s=96&d=mm&r=g\",\"caption\":\"Nexo Informativo\"},\"url\":\"https:\/\/www.nexoinformativo.mx\/index.php\/author\/edicion\/\"}]}<\/script>\n<!-- \/ Yoast SEO plugin. -->","yoast_head_json":{"title":"Anuncia el Sub Secretario Juan Carlos Arregu\u00edn operativo contra venta de pirotecn\u00eda en Quer\u00e9taro para proteger a la poblaci\u00f3n | Nexo Informativo Santiago de Quer\u00e9taro","robots":{"index":"index","follow":"follow","max-snippet":"max-snippet:-1","max-image-preview":"max-image-preview:large","max-video-preview":"max-video-preview:-1"},"canonical":"https:\/\/www.nexoinformativo.mx\/index.php\/2024\/08\/29\/anuncia-el-sub-secretario-juan-carlos-arreguin-operativo-contra-venta-de-pirotecnia-en-queretaro-para-proteger-a-la-poblacion\/","og_locale":"es_MX","og_type":"article","og_title":"Anuncia el Sub Secretario Juan Carlos Arregu\u00edn operativo contra venta de pirotecn\u00eda en Quer\u00e9taro para proteger a la poblaci\u00f3n | Nexo Informativo Santiago de Quer\u00e9taro","og_description":"El subsecretario de gobierno de Quer\u00e9taro, Juan Carlos Arregu\u00edn, anunci\u00f3 la instalaci\u00f3n de filtros de seguridad para el evento del Grito de Independencia en Plaza de Armas. El objetivo es garantizar un ambiente seguro y ordenado para todos los asistentes. Adem\u00e1s, no se permitir\u00e1 la venta de bebidas alcoh\u00f3licas en puestos semifijos durante el evento. [&hellip;]","og_url":"https:\/\/www.nexoinformativo.mx\/index.php\/2024\/08\/29\/anuncia-el-sub-secretario-juan-carlos-arreguin-operativo-contra-venta-de-pirotecnia-en-queretaro-para-proteger-a-la-poblacion\/","og_site_name":"Nexo Informativo Santiago de Quer\u00e9taro","article_publisher":"https:\/\/www.facebook.com\/people\/Nexo-Informativo\/61564066885511\/","article_published_time":"2024-08-29T16:00:09+00:00","article_modified_time":"2024-08-29T19:38:59+00:00","og_image":[{"width":800,"height":673,"url":"https:\/\/www.nexoinformativo.mx\/wp-content\/uploads\/2024\/08\/00621b19-a585-4959-bc25-4e61fad91cab-e1724958682581.jpg","type":"image\/jpeg"}],"author":"Nexo Informativo","twitter_card":"summary_large_image","twitter_misc":{"Escrito por":"Nexo Informativo","Tiempo de lectura":"1 minuto"},"schema":{"@context":"https:\/\/schema.org","@graph":[{"@type":"Article","@id":"https:\/\/www.nexoinformativo.mx\/index.php\/2024\/08\/29\/anuncia-el-sub-secretario-juan-carlos-arreguin-operativo-contra-venta-de-pirotecnia-en-queretaro-para-proteger-a-la-poblacion\/#article","isPartOf":{"@id":"https:\/\/www.nexoinformativo.mx\/index.php\/2024\/08\/29\/anuncia-el-sub-secretario-juan-carlos-arreguin-operativo-contra-venta-de-pirotecnia-en-queretaro-para-proteger-a-la-poblacion\/"},"author":{"name":"Nexo Informativo","@id":"https:\/\/www.nexoinformativo.mx\/#\/schema\/person\/7749d380ba08c8ca00d7bc76fd907b7d"},"headline":"Anuncia el Sub Secretario Juan Carlos Arregu\u00edn operativo contra venta de pirotecn\u00eda en Quer\u00e9taro para proteger a la poblaci\u00f3n","datePublished":"2024-08-29T16:00:09+00:00","dateModified":"2024-08-29T19:38:59+00:00","mainEntityOfPage":{"@id":"https:\/\/www.nexoinformativo.mx\/index.php\/2024\/08\/29\/anuncia-el-sub-secretario-juan-carlos-arreguin-operativo-contra-venta-de-pirotecnia-en-queretaro-para-proteger-a-la-poblacion\/"},"wordCount":149,"commentCount":0,"publisher":{"@id":"https:\/\/www.nexoinformativo.mx\/#organization"},"image":{"@id":"https:\/\/www.nexoinformativo.mx\/index.php\/2024\/08\/29\/anuncia-el-sub-secretario-juan-carlos-arreguin-operativo-contra-venta-de-pirotecnia-en-queretaro-para-proteger-a-la-poblacion\/#primaryimage"},"thumbnailUrl":"https:\/\/www.nexoinformativo.mx\/wp-content\/uploads\/2024\/08\/00621b19-a585-4959-bc25-4e61fad91cab-e1724958682581.jpg","keywords":["FiestasPatrias","GritoDeIndependencia","proteccioncivil","Quer\u00e9taro","SeguridadCiudadana"],"articleSection":["Municipios"],"inLanguage":"es","potentialAction":[{"@type":"CommentAction","name":"Comment","target":["https:\/\/www.nexoinformativo.mx\/index.php\/2024\/08\/29\/anuncia-el-sub-secretario-juan-carlos-arreguin-operativo-contra-venta-de-pirotecnia-en-queretaro-para-proteger-a-la-poblacion\/#respond"]}]},{"@type":"WebPage","@id":"https:\/\/www.nexoinformativo.mx\/index.php\/2024\/08\/29\/anuncia-el-sub-secretario-juan-carlos-arreguin-operativo-contra-venta-de-pirotecnia-en-queretaro-para-proteger-a-la-poblacion\/","url":"https:\/\/www.nexoinformativo.mx\/index.php\/2024\/08\/29\/anuncia-el-sub-secretario-juan-carlos-arreguin-operativo-contra-venta-de-pirotecnia-en-queretaro-para-proteger-a-la-poblacion\/","name":"Anuncia el Sub Secretario Juan Carlos Arregu\u00edn operativo contra venta de pirotecn\u00eda en Quer\u00e9taro para proteger a la poblaci\u00f3n | Nexo Informativo Santiago de Quer\u00e9taro","isPartOf":{"@id":"https:\/\/www.nexoinformativo.mx\/#website"},"primaryImageOfPage":{"@id":"https:\/\/www.nexoinformativo.mx\/index.php\/2024\/08\/29\/anuncia-el-sub-secretario-juan-carlos-arreguin-operativo-contra-venta-de-pirotecnia-en-queretaro-para-proteger-a-la-poblacion\/#primaryimage"},"image":{"@id":"https:\/\/www.nexoinformativo.mx\/index.php\/2024\/08\/29\/anuncia-el-sub-secretario-juan-carlos-arreguin-operativo-contra-venta-de-pirotecnia-en-queretaro-para-proteger-a-la-poblacion\/#primaryimage"},"thumbnailUrl":"https:\/\/www.nexoinformativo.mx\/wp-content\/uploads\/2024\/08\/00621b19-a585-4959-bc25-4e61fad91cab-e1724958682581.jpg","datePublished":"2024-08-29T16:00:09+00:00","dateModified":"2024-08-29T19:38:59+00:00","breadcrumb":{"@id":"https:\/\/www.nexoinformativo.mx\/index.php\/2024\/08\/29\/anuncia-el-sub-secretario-juan-carlos-arreguin-operativo-contra-venta-de-pirotecnia-en-queretaro-para-proteger-a-la-poblacion\/#breadcrumb"},"inLanguage":"es","potentialAction":[{"@type":"ReadAction","target":["https:\/\/www.nexoinformativo.mx\/index.php\/2024\/08\/29\/anuncia-el-sub-secretario-juan-carlos-arreguin-operativo-contra-venta-de-pirotecnia-en-queretaro-para-proteger-a-la-poblacion\/"]}]},{"@type":"ImageObject","inLanguage":"es","@id":"https:\/\/www.nexoinformativo.mx\/index.php\/2024\/08\/29\/anuncia-el-sub-secretario-juan-carlos-arreguin-operativo-contra-venta-de-pirotecnia-en-queretaro-para-proteger-a-la-poblacion\/#primaryimage","url":"https:\/\/www.nexoinformativo.mx\/wp-content\/uploads\/2024\/08\/00621b19-a585-4959-bc25-4e61fad91cab-e1724958682581.jpg","contentUrl":"https:\/\/www.nexoinformativo.mx\/wp-content\/uploads\/2024\/08\/00621b19-a585-4959-bc25-4e61fad91cab-e1724958682581.jpg","width":800,"height":673},{"@type":"BreadcrumbList","@id":"https:\/\/www.nexoinformativo.mx\/index.php\/2024\/08\/29\/anuncia-el-sub-secretario-juan-carlos-arreguin-operativo-contra-venta-de-pirotecnia-en-queretaro-para-proteger-a-la-poblacion\/#breadcrumb","itemListElement":[{"@type":"ListItem","position":1,"name":"Inicio","item":"https:\/\/www.nexoinformativo.mx\/"},{"@type":"ListItem","position":2,"name":"Anuncia el Sub Secretario Juan Carlos Arregu\u00edn operativo contra venta de pirotecn\u00eda en Quer\u00e9taro para proteger a la poblaci\u00f3n"}]},{"@type":"WebSite","@id":"https:\/\/www.nexoinformativo.mx\/#website","url":"https:\/\/www.nexoinformativo.mx\/","name":"Nexo Informativo Santiago de Quer\u00e9taro","description":"Explora NexoInformativo y convi\u00e9rtete en parte de una comunidad que valora el conocimiento y la verdad. Tu nexoinformativo es tu puente hacia una comprensi\u00f3n m\u00e1s profunda del mundo que te rodea.","publisher":{"@id":"https:\/\/www.nexoinformativo.mx\/#organization"},"potentialAction":[{"@type":"SearchAction","target":{"@type":"EntryPoint","urlTemplate":"https:\/\/www.nexoinformativo.mx\/?s={search_term_string}"},"query-input":{"@type":"PropertyValueSpecification","valueRequired":true,"valueName":"search_term_string"}}],"inLanguage":"es"},{"@type":"Organization","@id":"https:\/\/www.nexoinformativo.mx\/#organization","name":"Nexo Informativo Santiago de Quer\u00e9taro","url":"https:\/\/www.nexoinformativo.mx\/","logo":{"@type":"ImageObject","inLanguage":"es","@id":"https:\/\/www.nexoinformativo.mx\/#\/schema\/logo\/image\/","url":"https:\/\/www.nexoinformativo.mx\/wp-content\/uploads\/2024\/07\/nexoi-trasparente-2.png","contentUrl":"https:\/\/www.nexoinformativo.mx\/wp-content\/uploads\/2024\/07\/nexoi-trasparente-2.png","width":816,"height":339,"caption":"Nexo Informativo Santiago de Quer\u00e9taro"},"image":{"@id":"https:\/\/www.nexoinformativo.mx\/#\/schema\/logo\/image\/"},"sameAs":["https:\/\/www.facebook.com\/people\/Nexo-Informativo\/61564066885511\/"]},{"@type":"Person","@id":"https:\/\/www.nexoinformativo.mx\/#\/schema\/person\/7749d380ba08c8ca00d7bc76fd907b7d","name":"Nexo Informativo","image":{"@type":"ImageObject","inLanguage":"es","@id":"https:\/\/www.nexoinformativo.mx\/#\/schema\/person\/image\/","url":"https:\/\/secure.gravatar.com\/avatar\/dde2928154642a13d95f87ddf1ea9718fe2b46760a005c53e41ff5ad610704e6?s=96&d=mm&r=g","contentUrl":"https:\/\/secure.gravatar.com\/avatar\/dde2928154642a13d95f87ddf1ea9718fe2b46760a005c53e41ff5ad610704e6?s=96&d=mm&r=g","caption":"Nexo Informativo"},"url":"https:\/\/www.nexoinformativo.mx\/index.php\/author\/edicion\/"}]}},"_links":{"self":[{"href":"https:\/\/www.nexoinformativo.mx\/index.php\/wp-json\/wp\/v2\/posts\/1265","targetHints":{"allow":["GET"]}}],"collection":[{"href":"https:\/\/www.nexoinformativo.mx\/index.php\/wp-json\/wp\/v2\/posts"}],"about":[{"href":"https:\/\/www.nexoinformativo.mx\/index.php\/wp-json\/wp\/v2\/types\/post"}],"author":[{"embeddable":true,"href":"https:\/\/www.nexoinformativo.mx\/index.php\/wp-json\/wp\/v2\/users\/3"}],"replies":[{"embeddable":true,"href":"https:\/\/www.nexoinformativo.mx\/index.php\/wp-json\/wp\/v2\/comments?post=1265"}],"version-history":[{"count":6,"href":"https:\/\/www.nexoinformativo.mx\/index.php\/wp-json\/wp\/v2\/posts\/1265\/revisions"}],"predecessor-version":[{"id":1280,"href":"https:\/\/www.nexoinformativo.mx\/index.php\/wp-json\/wp\/v2\/posts\/1265\/revisions\/1280"}],"wp:featuredmedia":[{"embeddable":true,"href":"https:\/\/www.nexoinformativo.mx\/index.php\/wp-json\/wp\/v2\/media\/1269"}],"wp:attachment":[{"href":"https:\/\/www.nexoinformativo.mx\/index.php\/wp-json\/wp\/v2\/media?parent=1265"}],"wp:term":[{"taxonomy":"category","embeddable":true,"href":"https:\/\/www.nexoinformativo.mx\/index.php\/wp-json\/wp\/v2\/categories?post=1265"},{"taxonomy":"post_tag","embeddable":true,"href":"https:\/\/www.nexoinformativo.mx\/index.php\/wp-json\/wp\/v2\/tags?post=1265"}],"curies":[{"name":"wp","href":"https:\/\/api.w.org\/{rel}","templated":true}]}}