{"id":12655,"date":"2025-03-12T08:30:13","date_gmt":"2025-03-12T14:30:13","guid":{"rendered":"https:\/\/www.nexoinformativo.mx\/?p=12655"},"modified":"2025-03-12T10:17:50","modified_gmt":"2025-03-12T16:17:50","slug":"mujeres-contigo-el-marques-celebra-graduacion-de-taller-de-desarrollo-personal","status":"publish","type":"post","link":"https:\/\/www.nexoinformativo.mx\/index.php\/2025\/03\/12\/mujeres-contigo-el-marques-celebra-graduacion-de-taller-de-desarrollo-personal\/","title":{"rendered":"Mujeres &#8220;Contigo&#8221; El Marqu\u00e9s celebra graduaci\u00f3n de taller de desarrollo personal"},"content":{"rendered":"<p style=\"text-align: justify;\" data-sourcepos=\"13:1-13:272\">La secretaria de las Mujeres, Sonia Rocha, entreg\u00f3 constancias a 106 mujeres que completaron el taller de Desarrollo Personal en El Marqu\u00e9s, como parte del programa de corresponsabilidad para beneficiarias de la tarjeta <strong>&#8220;Contigo&#8221;<\/strong>.<\/p>\n<\/p>\n<p>&nbsp;<\/p>\n<p style=\"text-align: justify;\" data-sourcepos=\"15:1-15:224\">El taller, enfocado en el desarrollo personal y profesional, proporcion\u00f3 herramientas en autoconocimiento, autoestima, finanzas y emprendimiento, con el objetivo de mejorar la calidad de vida y empoderar a las participantes.<\/p>\n<\/p>\n<p>&nbsp;<\/p>\n<p style=\"text-align: justify;\" data-sourcepos=\"17:1-17:124\">El programa <strong>&#8220;Contigo&#8221;<\/strong> busca complementar el apoyo econ\u00f3mico con acciones que impulsen el desarrollo integral de las mujeres.<\/p>\n<\/p>\n<p>&nbsp;<\/p>\n<p style=\"text-align: center;\" data-sourcepos=\"17:1-17:124\"><em><strong>\u00a1Informaci\u00f3n que transforma!<\/strong><\/em><\/p>\n","protected":false},"excerpt":{"rendered":"<p>La secretaria de las Mujeres, Sonia Rocha, entreg\u00f3 constancias a 106 mujeres que completaron el taller de Desarrollo Personal en El Marqu\u00e9s, como parte del programa de corresponsabilidad para beneficiarias de la tarjeta &#8220;Contigo&#8221;.<\/p>\n","protected":false},"author":3,"featured_media":12656,"comment_status":"open","ping_status":"open","sticky":false,"template":"","format":"standard","meta":{"footnotes":""},"categories":[88,58],"tags":[149,1417,3728,3729],"class_list":["post-12655","post","type-post","status-publish","format-standard","has-post-thumbnail","hentry","category-nacional","category-ultima-hora","tag-elmarques","tag-empoderamientofemenino","tag-mujerescontigo","tag-soniarocha"],"yoast_head":"<!-- This site is optimized with the Yoast SEO plugin v25.0 - https:\/\/yoast.com\/wordpress\/plugins\/seo\/ -->\n<title>Mujeres &quot;Contigo&quot; El Marqu\u00e9s celebra graduaci\u00f3n de taller de desarrollo personal | Nexo Informativo Santiago de Quer\u00e9taro<\/title>\n<meta name=\"description\" content=\"Mujeres &quot;Contigo&quot; El Marqu\u00e9s celebra graduaci\u00f3n de taller de desarrollo personal\" \/>\n<meta name=\"robots\" content=\"index, follow, max-snippet:-1, max-image-preview:large, max-video-preview:-1\" \/>\n<link rel=\"canonical\" href=\"https:\/\/www.nexoinformativo.mx\/index.php\/2025\/03\/12\/mujeres-contigo-el-marques-celebra-graduacion-de-taller-de-desarrollo-personal\/\" \/>\n<meta property=\"og:locale\" content=\"es_MX\" \/>\n<meta property=\"og:type\" content=\"article\" \/>\n<meta property=\"og:title\" content=\"Mujeres &quot;Contigo&quot; El Marqu\u00e9s celebra graduaci\u00f3n de taller de desarrollo personal | Nexo Informativo Santiago de Quer\u00e9taro\" \/>\n<meta property=\"og:description\" content=\"Mujeres &quot;Contigo&quot; El Marqu\u00e9s celebra graduaci\u00f3n de taller de desarrollo personal\" \/>\n<meta property=\"og:url\" content=\"https:\/\/www.nexoinformativo.mx\/index.php\/2025\/03\/12\/mujeres-contigo-el-marques-celebra-graduacion-de-taller-de-desarrollo-personal\/\" \/>\n<meta property=\"og:site_name\" content=\"Nexo Informativo Santiago de Quer\u00e9taro\" \/>\n<meta property=\"article:publisher\" content=\"https:\/\/www.facebook.com\/people\/Nexo-Informativo\/61564066885511\/\" \/>\n<meta property=\"article:published_time\" content=\"2025-03-12T14:30:13+00:00\" \/>\n<meta property=\"article:modified_time\" content=\"2025-03-12T16:17:50+00:00\" \/>\n<meta property=\"og:image\" content=\"https:\/\/www.nexoinformativo.mx\/wp-content\/uploads\/2025\/03\/PHOTO-2025-03-12-10-09-08-e1741796230708.jpg\" \/>\n\t<meta property=\"og:image:width\" content=\"800\" \/>\n\t<meta property=\"og:image:height\" content=\"533\" \/>\n\t<meta property=\"og:image:type\" content=\"image\/jpeg\" \/>\n<meta name=\"author\" content=\"Nexo Informativo\" \/>\n<meta name=\"twitter:card\" content=\"summary_large_image\" \/>\n<meta name=\"twitter:label1\" content=\"Escrito por\" \/>\n\t<meta name=\"twitter:data1\" content=\"Nexo Informativo\" \/>\n\t<meta name=\"twitter:label2\" content=\"Tiempo de lectura\" \/>\n\t<meta name=\"twitter:data2\" content=\"1 minuto\" \/>\n<script type=\"application\/ld+json\" class=\"yoast-schema-graph\">{\"@context\":\"https:\/\/schema.org\",\"@graph\":[{\"@type\":\"Article\",\"@id\":\"https:\/\/www.nexoinformativo.mx\/index.php\/2025\/03\/12\/mujeres-contigo-el-marques-celebra-graduacion-de-taller-de-desarrollo-personal\/#article\",\"isPartOf\":{\"@id\":\"https:\/\/www.nexoinformativo.mx\/index.php\/2025\/03\/12\/mujeres-contigo-el-marques-celebra-graduacion-de-taller-de-desarrollo-personal\/\"},\"author\":{\"name\":\"Nexo Informativo\",\"@id\":\"https:\/\/www.nexoinformativo.mx\/#\/schema\/person\/7749d380ba08c8ca00d7bc76fd907b7d\"},\"headline\":\"Mujeres &#8220;Contigo&#8221; El Marqu\u00e9s celebra graduaci\u00f3n de taller de desarrollo personal\",\"datePublished\":\"2025-03-12T14:30:13+00:00\",\"dateModified\":\"2025-03-12T16:17:50+00:00\",\"mainEntityOfPage\":{\"@id\":\"https:\/\/www.nexoinformativo.mx\/index.php\/2025\/03\/12\/mujeres-contigo-el-marques-celebra-graduacion-de-taller-de-desarrollo-personal\/\"},\"wordCount\":104,\"commentCount\":0,\"publisher\":{\"@id\":\"https:\/\/www.nexoinformativo.mx\/#organization\"},\"image\":{\"@id\":\"https:\/\/www.nexoinformativo.mx\/index.php\/2025\/03\/12\/mujeres-contigo-el-marques-celebra-graduacion-de-taller-de-desarrollo-personal\/#primaryimage\"},\"thumbnailUrl\":\"https:\/\/www.nexoinformativo.mx\/wp-content\/uploads\/2025\/03\/PHOTO-2025-03-12-10-09-08-e1741796230708.jpg\",\"keywords\":[\"elmarques\",\"EmpoderamientoFemenino\",\"MujeresContigo\",\"SoniaRocha\"],\"articleSection\":[\"Nacional\",\"\u00daltima Hora\"],\"inLanguage\":\"es\",\"potentialAction\":[{\"@type\":\"CommentAction\",\"name\":\"Comment\",\"target\":[\"https:\/\/www.nexoinformativo.mx\/index.php\/2025\/03\/12\/mujeres-contigo-el-marques-celebra-graduacion-de-taller-de-desarrollo-personal\/#respond\"]}]},{\"@type\":\"WebPage\",\"@id\":\"https:\/\/www.nexoinformativo.mx\/index.php\/2025\/03\/12\/mujeres-contigo-el-marques-celebra-graduacion-de-taller-de-desarrollo-personal\/\",\"url\":\"https:\/\/www.nexoinformativo.mx\/index.php\/2025\/03\/12\/mujeres-contigo-el-marques-celebra-graduacion-de-taller-de-desarrollo-personal\/\",\"name\":\"Mujeres \\\"Contigo\\\" El Marqu\u00e9s celebra graduaci\u00f3n de taller de desarrollo personal | Nexo Informativo Santiago de Quer\u00e9taro\",\"isPartOf\":{\"@id\":\"https:\/\/www.nexoinformativo.mx\/#website\"},\"primaryImageOfPage\":{\"@id\":\"https:\/\/www.nexoinformativo.mx\/index.php\/2025\/03\/12\/mujeres-contigo-el-marques-celebra-graduacion-de-taller-de-desarrollo-personal\/#primaryimage\"},\"image\":{\"@id\":\"https:\/\/www.nexoinformativo.mx\/index.php\/2025\/03\/12\/mujeres-contigo-el-marques-celebra-graduacion-de-taller-de-desarrollo-personal\/#primaryimage\"},\"thumbnailUrl\":\"https:\/\/www.nexoinformativo.mx\/wp-content\/uploads\/2025\/03\/PHOTO-2025-03-12-10-09-08-e1741796230708.jpg\",\"datePublished\":\"2025-03-12T14:30:13+00:00\",\"dateModified\":\"2025-03-12T16:17:50+00:00\",\"description\":\"Mujeres \\\"Contigo\\\" El Marqu\u00e9s celebra graduaci\u00f3n de taller de desarrollo personal\",\"breadcrumb\":{\"@id\":\"https:\/\/www.nexoinformativo.mx\/index.php\/2025\/03\/12\/mujeres-contigo-el-marques-celebra-graduacion-de-taller-de-desarrollo-personal\/#breadcrumb\"},\"inLanguage\":\"es\",\"potentialAction\":[{\"@type\":\"ReadAction\",\"target\":[\"https:\/\/www.nexoinformativo.mx\/index.php\/2025\/03\/12\/mujeres-contigo-el-marques-celebra-graduacion-de-taller-de-desarrollo-personal\/\"]}]},{\"@type\":\"ImageObject\",\"inLanguage\":\"es\",\"@id\":\"https:\/\/www.nexoinformativo.mx\/index.php\/2025\/03\/12\/mujeres-contigo-el-marques-celebra-graduacion-de-taller-de-desarrollo-personal\/#primaryimage\",\"url\":\"https:\/\/www.nexoinformativo.mx\/wp-content\/uploads\/2025\/03\/PHOTO-2025-03-12-10-09-08-e1741796230708.jpg\",\"contentUrl\":\"https:\/\/www.nexoinformativo.mx\/wp-content\/uploads\/2025\/03\/PHOTO-2025-03-12-10-09-08-e1741796230708.jpg\",\"width\":800,\"height\":533},{\"@type\":\"BreadcrumbList\",\"@id\":\"https:\/\/www.nexoinformativo.mx\/index.php\/2025\/03\/12\/mujeres-contigo-el-marques-celebra-graduacion-de-taller-de-desarrollo-personal\/#breadcrumb\",\"itemListElement\":[{\"@type\":\"ListItem\",\"position\":1,\"name\":\"Inicio\",\"item\":\"https:\/\/www.nexoinformativo.mx\/\"},{\"@type\":\"ListItem\",\"position\":2,\"name\":\"Mujeres &#8220;Contigo&#8221; El Marqu\u00e9s celebra graduaci\u00f3n de taller de desarrollo personal\"}]},{\"@type\":\"WebSite\",\"@id\":\"https:\/\/www.nexoinformativo.mx\/#website\",\"url\":\"https:\/\/www.nexoinformativo.mx\/\",\"name\":\"Nexo Informativo Santiago de Quer\u00e9taro\",\"description\":\"Explora NexoInformativo y convi\u00e9rtete en parte de una comunidad que valora el conocimiento y la verdad. Tu nexoinformativo es tu puente hacia una comprensi\u00f3n m\u00e1s profunda del mundo que te rodea.\",\"publisher\":{\"@id\":\"https:\/\/www.nexoinformativo.mx\/#organization\"},\"potentialAction\":[{\"@type\":\"SearchAction\",\"target\":{\"@type\":\"EntryPoint\",\"urlTemplate\":\"https:\/\/www.nexoinformativo.mx\/?s={search_term_string}\"},\"query-input\":{\"@type\":\"PropertyValueSpecification\",\"valueRequired\":true,\"valueName\":\"search_term_string\"}}],\"inLanguage\":\"es\"},{\"@type\":\"Organization\",\"@id\":\"https:\/\/www.nexoinformativo.mx\/#organization\",\"name\":\"Nexo Informativo Santiago de Quer\u00e9taro\",\"url\":\"https:\/\/www.nexoinformativo.mx\/\",\"logo\":{\"@type\":\"ImageObject\",\"inLanguage\":\"es\",\"@id\":\"https:\/\/www.nexoinformativo.mx\/#\/schema\/logo\/image\/\",\"url\":\"https:\/\/www.nexoinformativo.mx\/wp-content\/uploads\/2024\/07\/nexoi-trasparente-2.png\",\"contentUrl\":\"https:\/\/www.nexoinformativo.mx\/wp-content\/uploads\/2024\/07\/nexoi-trasparente-2.png\",\"width\":816,\"height\":339,\"caption\":\"Nexo Informativo Santiago de Quer\u00e9taro\"},\"image\":{\"@id\":\"https:\/\/www.nexoinformativo.mx\/#\/schema\/logo\/image\/\"},\"sameAs\":[\"https:\/\/www.facebook.com\/people\/Nexo-Informativo\/61564066885511\/\"]},{\"@type\":\"Person\",\"@id\":\"https:\/\/www.nexoinformativo.mx\/#\/schema\/person\/7749d380ba08c8ca00d7bc76fd907b7d\",\"name\":\"Nexo Informativo\",\"image\":{\"@type\":\"ImageObject\",\"inLanguage\":\"es\",\"@id\":\"https:\/\/www.nexoinformativo.mx\/#\/schema\/person\/image\/\",\"url\":\"https:\/\/secure.gravatar.com\/avatar\/dde2928154642a13d95f87ddf1ea9718fe2b46760a005c53e41ff5ad610704e6?s=96&d=mm&r=g\",\"contentUrl\":\"https:\/\/secure.gravatar.com\/avatar\/dde2928154642a13d95f87ddf1ea9718fe2b46760a005c53e41ff5ad610704e6?s=96&d=mm&r=g\",\"caption\":\"Nexo Informativo\"},\"url\":\"https:\/\/www.nexoinformativo.mx\/index.php\/author\/edicion\/\"}]}<\/script>\n<!-- \/ Yoast SEO plugin. -->","yoast_head_json":{"title":"Mujeres \"Contigo\" El Marqu\u00e9s celebra graduaci\u00f3n de taller de desarrollo personal | Nexo Informativo Santiago de Quer\u00e9taro","description":"Mujeres \"Contigo\" El Marqu\u00e9s celebra graduaci\u00f3n de taller de desarrollo personal","robots":{"index":"index","follow":"follow","max-snippet":"max-snippet:-1","max-image-preview":"max-image-preview:large","max-video-preview":"max-video-preview:-1"},"canonical":"https:\/\/www.nexoinformativo.mx\/index.php\/2025\/03\/12\/mujeres-contigo-el-marques-celebra-graduacion-de-taller-de-desarrollo-personal\/","og_locale":"es_MX","og_type":"article","og_title":"Mujeres \"Contigo\" El Marqu\u00e9s celebra graduaci\u00f3n de taller de desarrollo personal | Nexo Informativo Santiago de Quer\u00e9taro","og_description":"Mujeres \"Contigo\" El Marqu\u00e9s celebra graduaci\u00f3n de taller de desarrollo personal","og_url":"https:\/\/www.nexoinformativo.mx\/index.php\/2025\/03\/12\/mujeres-contigo-el-marques-celebra-graduacion-de-taller-de-desarrollo-personal\/","og_site_name":"Nexo Informativo Santiago de Quer\u00e9taro","article_publisher":"https:\/\/www.facebook.com\/people\/Nexo-Informativo\/61564066885511\/","article_published_time":"2025-03-12T14:30:13+00:00","article_modified_time":"2025-03-12T16:17:50+00:00","og_image":[{"width":800,"height":533,"url":"https:\/\/www.nexoinformativo.mx\/wp-content\/uploads\/2025\/03\/PHOTO-2025-03-12-10-09-08-e1741796230708.jpg","type":"image\/jpeg"}],"author":"Nexo Informativo","twitter_card":"summary_large_image","twitter_misc":{"Escrito por":"Nexo Informativo","Tiempo de lectura":"1 minuto"},"schema":{"@context":"https:\/\/schema.org","@graph":[{"@type":"Article","@id":"https:\/\/www.nexoinformativo.mx\/index.php\/2025\/03\/12\/mujeres-contigo-el-marques-celebra-graduacion-de-taller-de-desarrollo-personal\/#article","isPartOf":{"@id":"https:\/\/www.nexoinformativo.mx\/index.php\/2025\/03\/12\/mujeres-contigo-el-marques-celebra-graduacion-de-taller-de-desarrollo-personal\/"},"author":{"name":"Nexo Informativo","@id":"https:\/\/www.nexoinformativo.mx\/#\/schema\/person\/7749d380ba08c8ca00d7bc76fd907b7d"},"headline":"Mujeres &#8220;Contigo&#8221; El Marqu\u00e9s celebra graduaci\u00f3n de taller de desarrollo personal","datePublished":"2025-03-12T14:30:13+00:00","dateModified":"2025-03-12T16:17:50+00:00","mainEntityOfPage":{"@id":"https:\/\/www.nexoinformativo.mx\/index.php\/2025\/03\/12\/mujeres-contigo-el-marques-celebra-graduacion-de-taller-de-desarrollo-personal\/"},"wordCount":104,"commentCount":0,"publisher":{"@id":"https:\/\/www.nexoinformativo.mx\/#organization"},"image":{"@id":"https:\/\/www.nexoinformativo.mx\/index.php\/2025\/03\/12\/mujeres-contigo-el-marques-celebra-graduacion-de-taller-de-desarrollo-personal\/#primaryimage"},"thumbnailUrl":"https:\/\/www.nexoinformativo.mx\/wp-content\/uploads\/2025\/03\/PHOTO-2025-03-12-10-09-08-e1741796230708.jpg","keywords":["elmarques","EmpoderamientoFemenino","MujeresContigo","SoniaRocha"],"articleSection":["Nacional","\u00daltima Hora"],"inLanguage":"es","potentialAction":[{"@type":"CommentAction","name":"Comment","target":["https:\/\/www.nexoinformativo.mx\/index.php\/2025\/03\/12\/mujeres-contigo-el-marques-celebra-graduacion-de-taller-de-desarrollo-personal\/#respond"]}]},{"@type":"WebPage","@id":"https:\/\/www.nexoinformativo.mx\/index.php\/2025\/03\/12\/mujeres-contigo-el-marques-celebra-graduacion-de-taller-de-desarrollo-personal\/","url":"https:\/\/www.nexoinformativo.mx\/index.php\/2025\/03\/12\/mujeres-contigo-el-marques-celebra-graduacion-de-taller-de-desarrollo-personal\/","name":"Mujeres \"Contigo\" El Marqu\u00e9s celebra graduaci\u00f3n de taller de desarrollo personal | Nexo Informativo Santiago de Quer\u00e9taro","isPartOf":{"@id":"https:\/\/www.nexoinformativo.mx\/#website"},"primaryImageOfPage":{"@id":"https:\/\/www.nexoinformativo.mx\/index.php\/2025\/03\/12\/mujeres-contigo-el-marques-celebra-graduacion-de-taller-de-desarrollo-personal\/#primaryimage"},"image":{"@id":"https:\/\/www.nexoinformativo.mx\/index.php\/2025\/03\/12\/mujeres-contigo-el-marques-celebra-graduacion-de-taller-de-desarrollo-personal\/#primaryimage"},"thumbnailUrl":"https:\/\/www.nexoinformativo.mx\/wp-content\/uploads\/2025\/03\/PHOTO-2025-03-12-10-09-08-e1741796230708.jpg","datePublished":"2025-03-12T14:30:13+00:00","dateModified":"2025-03-12T16:17:50+00:00","description":"Mujeres \"Contigo\" El Marqu\u00e9s celebra graduaci\u00f3n de taller de desarrollo personal","breadcrumb":{"@id":"https:\/\/www.nexoinformativo.mx\/index.php\/2025\/03\/12\/mujeres-contigo-el-marques-celebra-graduacion-de-taller-de-desarrollo-personal\/#breadcrumb"},"inLanguage":"es","potentialAction":[{"@type":"ReadAction","target":["https:\/\/www.nexoinformativo.mx\/index.php\/2025\/03\/12\/mujeres-contigo-el-marques-celebra-graduacion-de-taller-de-desarrollo-personal\/"]}]},{"@type":"ImageObject","inLanguage":"es","@id":"https:\/\/www.nexoinformativo.mx\/index.php\/2025\/03\/12\/mujeres-contigo-el-marques-celebra-graduacion-de-taller-de-desarrollo-personal\/#primaryimage","url":"https:\/\/www.nexoinformativo.mx\/wp-content\/uploads\/2025\/03\/PHOTO-2025-03-12-10-09-08-e1741796230708.jpg","contentUrl":"https:\/\/www.nexoinformativo.mx\/wp-content\/uploads\/2025\/03\/PHOTO-2025-03-12-10-09-08-e1741796230708.jpg","width":800,"height":533},{"@type":"BreadcrumbList","@id":"https:\/\/www.nexoinformativo.mx\/index.php\/2025\/03\/12\/mujeres-contigo-el-marques-celebra-graduacion-de-taller-de-desarrollo-personal\/#breadcrumb","itemListElement":[{"@type":"ListItem","position":1,"name":"Inicio","item":"https:\/\/www.nexoinformativo.mx\/"},{"@type":"ListItem","position":2,"name":"Mujeres &#8220;Contigo&#8221; El Marqu\u00e9s celebra graduaci\u00f3n de taller de desarrollo personal"}]},{"@type":"WebSite","@id":"https:\/\/www.nexoinformativo.mx\/#website","url":"https:\/\/www.nexoinformativo.mx\/","name":"Nexo Informativo Santiago de Quer\u00e9taro","description":"Explora NexoInformativo y convi\u00e9rtete en parte de una comunidad que valora el conocimiento y la verdad. Tu nexoinformativo es tu puente hacia una comprensi\u00f3n m\u00e1s profunda del mundo que te rodea.","publisher":{"@id":"https:\/\/www.nexoinformativo.mx\/#organization"},"potentialAction":[{"@type":"SearchAction","target":{"@type":"EntryPoint","urlTemplate":"https:\/\/www.nexoinformativo.mx\/?s={search_term_string}"},"query-input":{"@type":"PropertyValueSpecification","valueRequired":true,"valueName":"search_term_string"}}],"inLanguage":"es"},{"@type":"Organization","@id":"https:\/\/www.nexoinformativo.mx\/#organization","name":"Nexo Informativo Santiago de Quer\u00e9taro","url":"https:\/\/www.nexoinformativo.mx\/","logo":{"@type":"ImageObject","inLanguage":"es","@id":"https:\/\/www.nexoinformativo.mx\/#\/schema\/logo\/image\/","url":"https:\/\/www.nexoinformativo.mx\/wp-content\/uploads\/2024\/07\/nexoi-trasparente-2.png","contentUrl":"https:\/\/www.nexoinformativo.mx\/wp-content\/uploads\/2024\/07\/nexoi-trasparente-2.png","width":816,"height":339,"caption":"Nexo Informativo Santiago de Quer\u00e9taro"},"image":{"@id":"https:\/\/www.nexoinformativo.mx\/#\/schema\/logo\/image\/"},"sameAs":["https:\/\/www.facebook.com\/people\/Nexo-Informativo\/61564066885511\/"]},{"@type":"Person","@id":"https:\/\/www.nexoinformativo.mx\/#\/schema\/person\/7749d380ba08c8ca00d7bc76fd907b7d","name":"Nexo Informativo","image":{"@type":"ImageObject","inLanguage":"es","@id":"https:\/\/www.nexoinformativo.mx\/#\/schema\/person\/image\/","url":"https:\/\/secure.gravatar.com\/avatar\/dde2928154642a13d95f87ddf1ea9718fe2b46760a005c53e41ff5ad610704e6?s=96&d=mm&r=g","contentUrl":"https:\/\/secure.gravatar.com\/avatar\/dde2928154642a13d95f87ddf1ea9718fe2b46760a005c53e41ff5ad610704e6?s=96&d=mm&r=g","caption":"Nexo Informativo"},"url":"https:\/\/www.nexoinformativo.mx\/index.php\/author\/edicion\/"}]}},"_links":{"self":[{"href":"https:\/\/www.nexoinformativo.mx\/index.php\/wp-json\/wp\/v2\/posts\/12655","targetHints":{"allow":["GET"]}}],"collection":[{"href":"https:\/\/www.nexoinformativo.mx\/index.php\/wp-json\/wp\/v2\/posts"}],"about":[{"href":"https:\/\/www.nexoinformativo.mx\/index.php\/wp-json\/wp\/v2\/types\/post"}],"author":[{"embeddable":true,"href":"https:\/\/www.nexoinformativo.mx\/index.php\/wp-json\/wp\/v2\/users\/3"}],"replies":[{"embeddable":true,"href":"https:\/\/www.nexoinformativo.mx\/index.php\/wp-json\/wp\/v2\/comments?post=12655"}],"version-history":[{"count":3,"href":"https:\/\/www.nexoinformativo.mx\/index.php\/wp-json\/wp\/v2\/posts\/12655\/revisions"}],"predecessor-version":[{"id":12659,"href":"https:\/\/www.nexoinformativo.mx\/index.php\/wp-json\/wp\/v2\/posts\/12655\/revisions\/12659"}],"wp:featuredmedia":[{"embeddable":true,"href":"https:\/\/www.nexoinformativo.mx\/index.php\/wp-json\/wp\/v2\/media\/12656"}],"wp:attachment":[{"href":"https:\/\/www.nexoinformativo.mx\/index.php\/wp-json\/wp\/v2\/media?parent=12655"}],"wp:term":[{"taxonomy":"category","embeddable":true,"href":"https:\/\/www.nexoinformativo.mx\/index.php\/wp-json\/wp\/v2\/categories?post=12655"},{"taxonomy":"post_tag","embeddable":true,"href":"https:\/\/www.nexoinformativo.mx\/index.php\/wp-json\/wp\/v2\/tags?post=12655"}],"curies":[{"name":"wp","href":"https:\/\/api.w.org\/{rel}","templated":true}]}}