{"id":12660,"date":"2025-03-12T09:00:57","date_gmt":"2025-03-12T15:00:57","guid":{"rendered":"https:\/\/www.nexoinformativo.mx\/?p=12660"},"modified":"2025-03-12T10:23:23","modified_gmt":"2025-03-12T16:23:23","slug":"aptar-beauty-inaugura-expansion-de-planta-con-316-mdp-queretaro-lider-en-inversion","status":"publish","type":"post","link":"https:\/\/www.nexoinformativo.mx\/index.php\/2025\/03\/12\/aptar-beauty-inaugura-expansion-de-planta-con-316-mdp-queretaro-lider-en-inversion\/","title":{"rendered":"Aptar Beauty inaugura expansi\u00f3n de planta con 316 MDP Quer\u00e9taro l\u00edder en inversi\u00f3n"},"content":{"rendered":"<p style=\"text-align: justify;\" data-sourcepos=\"13:1-13:240\">El gobernador Mauricio Kuri inaugur\u00f3 la expansi\u00f3n de la planta Aptar Beauty en Quer\u00e9taro, una inversi\u00f3n de 316 millones de pesos que reafirma la confianza de la empresa estadounidense en el estado.<\/p>\n<p>&nbsp;<\/p>\n<p style=\"text-align: justify;\" data-sourcepos=\"15:1-15:250\">Aptar Beauty, l\u00edder global en tecnolog\u00edas de dosificaci\u00f3n, dispensaci\u00f3n y protecci\u00f3n de productos farmac\u00e9uticos, inaugur\u00f3 una nueva planta de fabricaci\u00f3n que abastecer\u00e1 los mercados de Am\u00e9rica del Norte y Am\u00e9rica Latina, generando 286 nuevos empleos.<\/p>\n<p>&nbsp;<\/p>\n<p style=\"text-align: justify;\" data-sourcepos=\"17:1-17:168\">Kuri Gonz\u00e1lez destac\u00f3 que esta inversi\u00f3n demuestra que Quer\u00e9taro es un destino pr\u00f3spero y seguro para el desarrollo de proyectos, gracias a su s\u00f3lido Estado de Derecho.<\/p>\n<p>&nbsp;<\/p>\n<p style=\"text-align: justify;\" data-sourcepos=\"19:1-19:230\">El CEO de Aptar Group, Stephan Tanda, resalt\u00f3 la historia de 30 a\u00f1os de la empresa en M\u00e9xico y su liderazgo global, as\u00ed como su estrategia &#8220;local para local&#8221; para satisfacer las necesidades de sus clientes de belleza en la regi\u00f3n.<\/p>\n<p>&nbsp;<\/p>\n<p style=\"text-align: justify;\" data-sourcepos=\"21:1-21:135\">La nueva planta, con 26 mil metros cuadrados de construcci\u00f3n, cuenta con tecnolog\u00eda de punta y cumple con altos est\u00e1ndares ambientales.<\/p>\n<p>&nbsp;<\/p>\n<p style=\"text-align: center;\" data-sourcepos=\"21:1-21:135\"><em><strong>\u00a1Informaci\u00f3n que transforma!<\/strong><\/em><\/p>\n","protected":false},"excerpt":{"rendered":"<p>El gobernador Mauricio Kuri inaugur\u00f3 la expansi\u00f3n de la planta Aptar Beauty en Quer\u00e9taro, una inversi\u00f3n de 316 millones de pesos que reafirma la confianza de la empresa estadounidense en el estado.<\/p>\n","protected":false},"author":3,"featured_media":12662,"comment_status":"open","ping_status":"open","sticky":false,"template":"","format":"standard","meta":{"footnotes":""},"categories":[5,42,58],"tags":[3730,352,3689,670],"class_list":["post-12660","post","type-post","status-publish","format-standard","has-post-thumbnail","hentry","category-economia","category-estado","category-ultima-hora","tag-aptarbeauty","tag-desarrolloeconomico","tag-empleoqro","tag-inversionqueretaro"],"yoast_head":"<!-- This site is optimized with the Yoast SEO plugin v25.0 - https:\/\/yoast.com\/wordpress\/plugins\/seo\/ -->\n<title>Aptar Beauty inaugura expansi\u00f3n de planta con 316 MDP Quer\u00e9taro l\u00edder en inversi\u00f3n | Nexo Informativo Santiago de Quer\u00e9taro<\/title>\n<meta name=\"description\" content=\"Aptar Beauty inaugura expansi\u00f3n de planta con 316 MDP Quer\u00e9taro l\u00edder en inversi\u00f3n\" \/>\n<meta name=\"robots\" content=\"index, follow, max-snippet:-1, max-image-preview:large, max-video-preview:-1\" \/>\n<link rel=\"canonical\" href=\"https:\/\/www.nexoinformativo.mx\/index.php\/2025\/03\/12\/aptar-beauty-inaugura-expansion-de-planta-con-316-mdp-queretaro-lider-en-inversion\/\" \/>\n<meta property=\"og:locale\" content=\"es_MX\" \/>\n<meta property=\"og:type\" content=\"article\" \/>\n<meta property=\"og:title\" content=\"Aptar Beauty inaugura expansi\u00f3n de planta con 316 MDP Quer\u00e9taro l\u00edder en inversi\u00f3n | Nexo Informativo Santiago de Quer\u00e9taro\" \/>\n<meta property=\"og:description\" content=\"Aptar Beauty inaugura expansi\u00f3n de planta con 316 MDP Quer\u00e9taro l\u00edder en inversi\u00f3n\" \/>\n<meta property=\"og:url\" content=\"https:\/\/www.nexoinformativo.mx\/index.php\/2025\/03\/12\/aptar-beauty-inaugura-expansion-de-planta-con-316-mdp-queretaro-lider-en-inversion\/\" \/>\n<meta property=\"og:site_name\" content=\"Nexo Informativo Santiago de Quer\u00e9taro\" \/>\n<meta property=\"article:publisher\" content=\"https:\/\/www.facebook.com\/people\/Nexo-Informativo\/61564066885511\/\" \/>\n<meta property=\"article:published_time\" content=\"2025-03-12T15:00:57+00:00\" \/>\n<meta property=\"article:modified_time\" content=\"2025-03-12T16:23:23+00:00\" \/>\n<meta property=\"og:image\" content=\"https:\/\/www.nexoinformativo.mx\/wp-content\/uploads\/2025\/03\/PHOTO-2025-03-12-09-10-59-e1741796489405.jpg\" \/>\n\t<meta property=\"og:image:width\" content=\"800\" \/>\n\t<meta property=\"og:image:height\" content=\"533\" \/>\n\t<meta property=\"og:image:type\" content=\"image\/jpeg\" \/>\n<meta name=\"author\" content=\"Nexo Informativo\" \/>\n<meta name=\"twitter:card\" content=\"summary_large_image\" \/>\n<meta name=\"twitter:label1\" content=\"Escrito por\" \/>\n\t<meta name=\"twitter:data1\" content=\"Nexo Informativo\" \/>\n\t<meta name=\"twitter:label2\" content=\"Tiempo de lectura\" \/>\n\t<meta name=\"twitter:data2\" content=\"1 minuto\" \/>\n<script type=\"application\/ld+json\" class=\"yoast-schema-graph\">{\"@context\":\"https:\/\/schema.org\",\"@graph\":[{\"@type\":\"Article\",\"@id\":\"https:\/\/www.nexoinformativo.mx\/index.php\/2025\/03\/12\/aptar-beauty-inaugura-expansion-de-planta-con-316-mdp-queretaro-lider-en-inversion\/#article\",\"isPartOf\":{\"@id\":\"https:\/\/www.nexoinformativo.mx\/index.php\/2025\/03\/12\/aptar-beauty-inaugura-expansion-de-planta-con-316-mdp-queretaro-lider-en-inversion\/\"},\"author\":{\"name\":\"Nexo Informativo\",\"@id\":\"https:\/\/www.nexoinformativo.mx\/#\/schema\/person\/7749d380ba08c8ca00d7bc76fd907b7d\"},\"headline\":\"Aptar Beauty inaugura expansi\u00f3n de planta con 316 MDP Quer\u00e9taro l\u00edder en inversi\u00f3n\",\"datePublished\":\"2025-03-12T15:00:57+00:00\",\"dateModified\":\"2025-03-12T16:23:23+00:00\",\"mainEntityOfPage\":{\"@id\":\"https:\/\/www.nexoinformativo.mx\/index.php\/2025\/03\/12\/aptar-beauty-inaugura-expansion-de-planta-con-316-mdp-queretaro-lider-en-inversion\/\"},\"wordCount\":200,\"commentCount\":0,\"publisher\":{\"@id\":\"https:\/\/www.nexoinformativo.mx\/#organization\"},\"image\":{\"@id\":\"https:\/\/www.nexoinformativo.mx\/index.php\/2025\/03\/12\/aptar-beauty-inaugura-expansion-de-planta-con-316-mdp-queretaro-lider-en-inversion\/#primaryimage\"},\"thumbnailUrl\":\"https:\/\/www.nexoinformativo.mx\/wp-content\/uploads\/2025\/03\/PHOTO-2025-03-12-09-10-59-e1741796489405.jpg\",\"keywords\":[\"AptarBeauty\",\"DesarrolloEcon\u00f3mico\",\"EmpleoQro\",\"Inversi\u00f3nQuer\u00e9taro\"],\"articleSection\":[\"Econom\u00eda\",\"Estado\",\"\u00daltima Hora\"],\"inLanguage\":\"es\",\"potentialAction\":[{\"@type\":\"CommentAction\",\"name\":\"Comment\",\"target\":[\"https:\/\/www.nexoinformativo.mx\/index.php\/2025\/03\/12\/aptar-beauty-inaugura-expansion-de-planta-con-316-mdp-queretaro-lider-en-inversion\/#respond\"]}]},{\"@type\":\"WebPage\",\"@id\":\"https:\/\/www.nexoinformativo.mx\/index.php\/2025\/03\/12\/aptar-beauty-inaugura-expansion-de-planta-con-316-mdp-queretaro-lider-en-inversion\/\",\"url\":\"https:\/\/www.nexoinformativo.mx\/index.php\/2025\/03\/12\/aptar-beauty-inaugura-expansion-de-planta-con-316-mdp-queretaro-lider-en-inversion\/\",\"name\":\"Aptar Beauty inaugura expansi\u00f3n de planta con 316 MDP Quer\u00e9taro l\u00edder en inversi\u00f3n | Nexo Informativo Santiago de Quer\u00e9taro\",\"isPartOf\":{\"@id\":\"https:\/\/www.nexoinformativo.mx\/#website\"},\"primaryImageOfPage\":{\"@id\":\"https:\/\/www.nexoinformativo.mx\/index.php\/2025\/03\/12\/aptar-beauty-inaugura-expansion-de-planta-con-316-mdp-queretaro-lider-en-inversion\/#primaryimage\"},\"image\":{\"@id\":\"https:\/\/www.nexoinformativo.mx\/index.php\/2025\/03\/12\/aptar-beauty-inaugura-expansion-de-planta-con-316-mdp-queretaro-lider-en-inversion\/#primaryimage\"},\"thumbnailUrl\":\"https:\/\/www.nexoinformativo.mx\/wp-content\/uploads\/2025\/03\/PHOTO-2025-03-12-09-10-59-e1741796489405.jpg\",\"datePublished\":\"2025-03-12T15:00:57+00:00\",\"dateModified\":\"2025-03-12T16:23:23+00:00\",\"description\":\"Aptar Beauty inaugura expansi\u00f3n de planta con 316 MDP Quer\u00e9taro l\u00edder en inversi\u00f3n\",\"breadcrumb\":{\"@id\":\"https:\/\/www.nexoinformativo.mx\/index.php\/2025\/03\/12\/aptar-beauty-inaugura-expansion-de-planta-con-316-mdp-queretaro-lider-en-inversion\/#breadcrumb\"},\"inLanguage\":\"es\",\"potentialAction\":[{\"@type\":\"ReadAction\",\"target\":[\"https:\/\/www.nexoinformativo.mx\/index.php\/2025\/03\/12\/aptar-beauty-inaugura-expansion-de-planta-con-316-mdp-queretaro-lider-en-inversion\/\"]}]},{\"@type\":\"ImageObject\",\"inLanguage\":\"es\",\"@id\":\"https:\/\/www.nexoinformativo.mx\/index.php\/2025\/03\/12\/aptar-beauty-inaugura-expansion-de-planta-con-316-mdp-queretaro-lider-en-inversion\/#primaryimage\",\"url\":\"https:\/\/www.nexoinformativo.mx\/wp-content\/uploads\/2025\/03\/PHOTO-2025-03-12-09-10-59-e1741796489405.jpg\",\"contentUrl\":\"https:\/\/www.nexoinformativo.mx\/wp-content\/uploads\/2025\/03\/PHOTO-2025-03-12-09-10-59-e1741796489405.jpg\",\"width\":800,\"height\":533},{\"@type\":\"BreadcrumbList\",\"@id\":\"https:\/\/www.nexoinformativo.mx\/index.php\/2025\/03\/12\/aptar-beauty-inaugura-expansion-de-planta-con-316-mdp-queretaro-lider-en-inversion\/#breadcrumb\",\"itemListElement\":[{\"@type\":\"ListItem\",\"position\":1,\"name\":\"Inicio\",\"item\":\"https:\/\/www.nexoinformativo.mx\/\"},{\"@type\":\"ListItem\",\"position\":2,\"name\":\"Aptar Beauty inaugura expansi\u00f3n de planta con 316 MDP Quer\u00e9taro l\u00edder en inversi\u00f3n\"}]},{\"@type\":\"WebSite\",\"@id\":\"https:\/\/www.nexoinformativo.mx\/#website\",\"url\":\"https:\/\/www.nexoinformativo.mx\/\",\"name\":\"Nexo Informativo Santiago de Quer\u00e9taro\",\"description\":\"Explora NexoInformativo y convi\u00e9rtete en parte de una comunidad que valora el conocimiento y la verdad. Tu nexoinformativo es tu puente hacia una comprensi\u00f3n m\u00e1s profunda del mundo que te rodea.\",\"publisher\":{\"@id\":\"https:\/\/www.nexoinformativo.mx\/#organization\"},\"potentialAction\":[{\"@type\":\"SearchAction\",\"target\":{\"@type\":\"EntryPoint\",\"urlTemplate\":\"https:\/\/www.nexoinformativo.mx\/?s={search_term_string}\"},\"query-input\":{\"@type\":\"PropertyValueSpecification\",\"valueRequired\":true,\"valueName\":\"search_term_string\"}}],\"inLanguage\":\"es\"},{\"@type\":\"Organization\",\"@id\":\"https:\/\/www.nexoinformativo.mx\/#organization\",\"name\":\"Nexo Informativo Santiago de Quer\u00e9taro\",\"url\":\"https:\/\/www.nexoinformativo.mx\/\",\"logo\":{\"@type\":\"ImageObject\",\"inLanguage\":\"es\",\"@id\":\"https:\/\/www.nexoinformativo.mx\/#\/schema\/logo\/image\/\",\"url\":\"https:\/\/www.nexoinformativo.mx\/wp-content\/uploads\/2024\/07\/nexoi-trasparente-2.png\",\"contentUrl\":\"https:\/\/www.nexoinformativo.mx\/wp-content\/uploads\/2024\/07\/nexoi-trasparente-2.png\",\"width\":816,\"height\":339,\"caption\":\"Nexo Informativo Santiago de Quer\u00e9taro\"},\"image\":{\"@id\":\"https:\/\/www.nexoinformativo.mx\/#\/schema\/logo\/image\/\"},\"sameAs\":[\"https:\/\/www.facebook.com\/people\/Nexo-Informativo\/61564066885511\/\"]},{\"@type\":\"Person\",\"@id\":\"https:\/\/www.nexoinformativo.mx\/#\/schema\/person\/7749d380ba08c8ca00d7bc76fd907b7d\",\"name\":\"Nexo Informativo\",\"image\":{\"@type\":\"ImageObject\",\"inLanguage\":\"es\",\"@id\":\"https:\/\/www.nexoinformativo.mx\/#\/schema\/person\/image\/\",\"url\":\"https:\/\/secure.gravatar.com\/avatar\/dde2928154642a13d95f87ddf1ea9718fe2b46760a005c53e41ff5ad610704e6?s=96&d=mm&r=g\",\"contentUrl\":\"https:\/\/secure.gravatar.com\/avatar\/dde2928154642a13d95f87ddf1ea9718fe2b46760a005c53e41ff5ad610704e6?s=96&d=mm&r=g\",\"caption\":\"Nexo Informativo\"},\"url\":\"https:\/\/www.nexoinformativo.mx\/index.php\/author\/edicion\/\"}]}<\/script>\n<!-- \/ Yoast SEO plugin. -->","yoast_head_json":{"title":"Aptar Beauty inaugura expansi\u00f3n de planta con 316 MDP Quer\u00e9taro l\u00edder en inversi\u00f3n | Nexo Informativo Santiago de Quer\u00e9taro","description":"Aptar Beauty inaugura expansi\u00f3n de planta con 316 MDP Quer\u00e9taro l\u00edder en inversi\u00f3n","robots":{"index":"index","follow":"follow","max-snippet":"max-snippet:-1","max-image-preview":"max-image-preview:large","max-video-preview":"max-video-preview:-1"},"canonical":"https:\/\/www.nexoinformativo.mx\/index.php\/2025\/03\/12\/aptar-beauty-inaugura-expansion-de-planta-con-316-mdp-queretaro-lider-en-inversion\/","og_locale":"es_MX","og_type":"article","og_title":"Aptar Beauty inaugura expansi\u00f3n de planta con 316 MDP Quer\u00e9taro l\u00edder en inversi\u00f3n | Nexo Informativo Santiago de Quer\u00e9taro","og_description":"Aptar Beauty inaugura expansi\u00f3n de planta con 316 MDP Quer\u00e9taro l\u00edder en inversi\u00f3n","og_url":"https:\/\/www.nexoinformativo.mx\/index.php\/2025\/03\/12\/aptar-beauty-inaugura-expansion-de-planta-con-316-mdp-queretaro-lider-en-inversion\/","og_site_name":"Nexo Informativo Santiago de Quer\u00e9taro","article_publisher":"https:\/\/www.facebook.com\/people\/Nexo-Informativo\/61564066885511\/","article_published_time":"2025-03-12T15:00:57+00:00","article_modified_time":"2025-03-12T16:23:23+00:00","og_image":[{"width":800,"height":533,"url":"https:\/\/www.nexoinformativo.mx\/wp-content\/uploads\/2025\/03\/PHOTO-2025-03-12-09-10-59-e1741796489405.jpg","type":"image\/jpeg"}],"author":"Nexo Informativo","twitter_card":"summary_large_image","twitter_misc":{"Escrito por":"Nexo Informativo","Tiempo de lectura":"1 minuto"},"schema":{"@context":"https:\/\/schema.org","@graph":[{"@type":"Article","@id":"https:\/\/www.nexoinformativo.mx\/index.php\/2025\/03\/12\/aptar-beauty-inaugura-expansion-de-planta-con-316-mdp-queretaro-lider-en-inversion\/#article","isPartOf":{"@id":"https:\/\/www.nexoinformativo.mx\/index.php\/2025\/03\/12\/aptar-beauty-inaugura-expansion-de-planta-con-316-mdp-queretaro-lider-en-inversion\/"},"author":{"name":"Nexo Informativo","@id":"https:\/\/www.nexoinformativo.mx\/#\/schema\/person\/7749d380ba08c8ca00d7bc76fd907b7d"},"headline":"Aptar Beauty inaugura expansi\u00f3n de planta con 316 MDP Quer\u00e9taro l\u00edder en inversi\u00f3n","datePublished":"2025-03-12T15:00:57+00:00","dateModified":"2025-03-12T16:23:23+00:00","mainEntityOfPage":{"@id":"https:\/\/www.nexoinformativo.mx\/index.php\/2025\/03\/12\/aptar-beauty-inaugura-expansion-de-planta-con-316-mdp-queretaro-lider-en-inversion\/"},"wordCount":200,"commentCount":0,"publisher":{"@id":"https:\/\/www.nexoinformativo.mx\/#organization"},"image":{"@id":"https:\/\/www.nexoinformativo.mx\/index.php\/2025\/03\/12\/aptar-beauty-inaugura-expansion-de-planta-con-316-mdp-queretaro-lider-en-inversion\/#primaryimage"},"thumbnailUrl":"https:\/\/www.nexoinformativo.mx\/wp-content\/uploads\/2025\/03\/PHOTO-2025-03-12-09-10-59-e1741796489405.jpg","keywords":["AptarBeauty","DesarrolloEcon\u00f3mico","EmpleoQro","Inversi\u00f3nQuer\u00e9taro"],"articleSection":["Econom\u00eda","Estado","\u00daltima Hora"],"inLanguage":"es","potentialAction":[{"@type":"CommentAction","name":"Comment","target":["https:\/\/www.nexoinformativo.mx\/index.php\/2025\/03\/12\/aptar-beauty-inaugura-expansion-de-planta-con-316-mdp-queretaro-lider-en-inversion\/#respond"]}]},{"@type":"WebPage","@id":"https:\/\/www.nexoinformativo.mx\/index.php\/2025\/03\/12\/aptar-beauty-inaugura-expansion-de-planta-con-316-mdp-queretaro-lider-en-inversion\/","url":"https:\/\/www.nexoinformativo.mx\/index.php\/2025\/03\/12\/aptar-beauty-inaugura-expansion-de-planta-con-316-mdp-queretaro-lider-en-inversion\/","name":"Aptar Beauty inaugura expansi\u00f3n de planta con 316 MDP Quer\u00e9taro l\u00edder en inversi\u00f3n | Nexo Informativo Santiago de Quer\u00e9taro","isPartOf":{"@id":"https:\/\/www.nexoinformativo.mx\/#website"},"primaryImageOfPage":{"@id":"https:\/\/www.nexoinformativo.mx\/index.php\/2025\/03\/12\/aptar-beauty-inaugura-expansion-de-planta-con-316-mdp-queretaro-lider-en-inversion\/#primaryimage"},"image":{"@id":"https:\/\/www.nexoinformativo.mx\/index.php\/2025\/03\/12\/aptar-beauty-inaugura-expansion-de-planta-con-316-mdp-queretaro-lider-en-inversion\/#primaryimage"},"thumbnailUrl":"https:\/\/www.nexoinformativo.mx\/wp-content\/uploads\/2025\/03\/PHOTO-2025-03-12-09-10-59-e1741796489405.jpg","datePublished":"2025-03-12T15:00:57+00:00","dateModified":"2025-03-12T16:23:23+00:00","description":"Aptar Beauty inaugura expansi\u00f3n de planta con 316 MDP Quer\u00e9taro l\u00edder en inversi\u00f3n","breadcrumb":{"@id":"https:\/\/www.nexoinformativo.mx\/index.php\/2025\/03\/12\/aptar-beauty-inaugura-expansion-de-planta-con-316-mdp-queretaro-lider-en-inversion\/#breadcrumb"},"inLanguage":"es","potentialAction":[{"@type":"ReadAction","target":["https:\/\/www.nexoinformativo.mx\/index.php\/2025\/03\/12\/aptar-beauty-inaugura-expansion-de-planta-con-316-mdp-queretaro-lider-en-inversion\/"]}]},{"@type":"ImageObject","inLanguage":"es","@id":"https:\/\/www.nexoinformativo.mx\/index.php\/2025\/03\/12\/aptar-beauty-inaugura-expansion-de-planta-con-316-mdp-queretaro-lider-en-inversion\/#primaryimage","url":"https:\/\/www.nexoinformativo.mx\/wp-content\/uploads\/2025\/03\/PHOTO-2025-03-12-09-10-59-e1741796489405.jpg","contentUrl":"https:\/\/www.nexoinformativo.mx\/wp-content\/uploads\/2025\/03\/PHOTO-2025-03-12-09-10-59-e1741796489405.jpg","width":800,"height":533},{"@type":"BreadcrumbList","@id":"https:\/\/www.nexoinformativo.mx\/index.php\/2025\/03\/12\/aptar-beauty-inaugura-expansion-de-planta-con-316-mdp-queretaro-lider-en-inversion\/#breadcrumb","itemListElement":[{"@type":"ListItem","position":1,"name":"Inicio","item":"https:\/\/www.nexoinformativo.mx\/"},{"@type":"ListItem","position":2,"name":"Aptar Beauty inaugura expansi\u00f3n de planta con 316 MDP Quer\u00e9taro l\u00edder en inversi\u00f3n"}]},{"@type":"WebSite","@id":"https:\/\/www.nexoinformativo.mx\/#website","url":"https:\/\/www.nexoinformativo.mx\/","name":"Nexo Informativo Santiago de Quer\u00e9taro","description":"Explora NexoInformativo y convi\u00e9rtete en parte de una comunidad que valora el conocimiento y la verdad. Tu nexoinformativo es tu puente hacia una comprensi\u00f3n m\u00e1s profunda del mundo que te rodea.","publisher":{"@id":"https:\/\/www.nexoinformativo.mx\/#organization"},"potentialAction":[{"@type":"SearchAction","target":{"@type":"EntryPoint","urlTemplate":"https:\/\/www.nexoinformativo.mx\/?s={search_term_string}"},"query-input":{"@type":"PropertyValueSpecification","valueRequired":true,"valueName":"search_term_string"}}],"inLanguage":"es"},{"@type":"Organization","@id":"https:\/\/www.nexoinformativo.mx\/#organization","name":"Nexo Informativo Santiago de Quer\u00e9taro","url":"https:\/\/www.nexoinformativo.mx\/","logo":{"@type":"ImageObject","inLanguage":"es","@id":"https:\/\/www.nexoinformativo.mx\/#\/schema\/logo\/image\/","url":"https:\/\/www.nexoinformativo.mx\/wp-content\/uploads\/2024\/07\/nexoi-trasparente-2.png","contentUrl":"https:\/\/www.nexoinformativo.mx\/wp-content\/uploads\/2024\/07\/nexoi-trasparente-2.png","width":816,"height":339,"caption":"Nexo Informativo Santiago de Quer\u00e9taro"},"image":{"@id":"https:\/\/www.nexoinformativo.mx\/#\/schema\/logo\/image\/"},"sameAs":["https:\/\/www.facebook.com\/people\/Nexo-Informativo\/61564066885511\/"]},{"@type":"Person","@id":"https:\/\/www.nexoinformativo.mx\/#\/schema\/person\/7749d380ba08c8ca00d7bc76fd907b7d","name":"Nexo Informativo","image":{"@type":"ImageObject","inLanguage":"es","@id":"https:\/\/www.nexoinformativo.mx\/#\/schema\/person\/image\/","url":"https:\/\/secure.gravatar.com\/avatar\/dde2928154642a13d95f87ddf1ea9718fe2b46760a005c53e41ff5ad610704e6?s=96&d=mm&r=g","contentUrl":"https:\/\/secure.gravatar.com\/avatar\/dde2928154642a13d95f87ddf1ea9718fe2b46760a005c53e41ff5ad610704e6?s=96&d=mm&r=g","caption":"Nexo Informativo"},"url":"https:\/\/www.nexoinformativo.mx\/index.php\/author\/edicion\/"}]}},"_links":{"self":[{"href":"https:\/\/www.nexoinformativo.mx\/index.php\/wp-json\/wp\/v2\/posts\/12660","targetHints":{"allow":["GET"]}}],"collection":[{"href":"https:\/\/www.nexoinformativo.mx\/index.php\/wp-json\/wp\/v2\/posts"}],"about":[{"href":"https:\/\/www.nexoinformativo.mx\/index.php\/wp-json\/wp\/v2\/types\/post"}],"author":[{"embeddable":true,"href":"https:\/\/www.nexoinformativo.mx\/index.php\/wp-json\/wp\/v2\/users\/3"}],"replies":[{"embeddable":true,"href":"https:\/\/www.nexoinformativo.mx\/index.php\/wp-json\/wp\/v2\/comments?post=12660"}],"version-history":[{"count":4,"href":"https:\/\/www.nexoinformativo.mx\/index.php\/wp-json\/wp\/v2\/posts\/12660\/revisions"}],"predecessor-version":[{"id":12666,"href":"https:\/\/www.nexoinformativo.mx\/index.php\/wp-json\/wp\/v2\/posts\/12660\/revisions\/12666"}],"wp:featuredmedia":[{"embeddable":true,"href":"https:\/\/www.nexoinformativo.mx\/index.php\/wp-json\/wp\/v2\/media\/12662"}],"wp:attachment":[{"href":"https:\/\/www.nexoinformativo.mx\/index.php\/wp-json\/wp\/v2\/media?parent=12660"}],"wp:term":[{"taxonomy":"category","embeddable":true,"href":"https:\/\/www.nexoinformativo.mx\/index.php\/wp-json\/wp\/v2\/categories?post=12660"},{"taxonomy":"post_tag","embeddable":true,"href":"https:\/\/www.nexoinformativo.mx\/index.php\/wp-json\/wp\/v2\/tags?post=12660"}],"curies":[{"name":"wp","href":"https:\/\/api.w.org\/{rel}","templated":true}]}}