{"id":12683,"date":"2025-03-13T07:00:53","date_gmt":"2025-03-13T13:00:53","guid":{"rendered":"https:\/\/www.nexoinformativo.mx\/?p=12683"},"modified":"2025-03-13T10:55:38","modified_gmt":"2025-03-13T16:55:38","slug":"sheinbaum-lanza-vive-saludable-vive-feliz-jornadas-de-salud-para-millones-de-ninos","status":"publish","type":"post","link":"https:\/\/www.nexoinformativo.mx\/index.php\/2025\/03\/13\/sheinbaum-lanza-vive-saludable-vive-feliz-jornadas-de-salud-para-millones-de-ninos\/","title":{"rendered":"Sheinbaum lanza &#8220;Vive saludable, vive feliz&#8221; Jornadas de salud para millones de ni\u00f1os"},"content":{"rendered":"<p style=\"text-align: justify;\" data-sourcepos=\"13:1-13:376\">La presidenta Claudia Sheinbaum, en la conferencia matutina <strong>&#8220;Las ma\u00f1aneras del pueblo&#8221;<\/strong> en Palacio Nacional, dio inicio a las jornadas de salud de la estrategia nacional <strong>&#8220;Vive saludable, vive feliz&#8221;<\/strong>, un programa destinado a fomentar la prevenci\u00f3n de enfermedades en ni\u00f1os y ni\u00f1as de 90 mil 832 escuelas primarias p\u00fablicas en todo el pa\u00eds.<\/p>\n<\/p>\n<p>&nbsp;<\/p>\n<p style=\"text-align: justify;\" data-sourcepos=\"15:1-15:290\">La estrategia, que involucra a enfermeras y enfermeros del IMSS, en coordinaci\u00f3n con los DIF estatales y municipales, la Secretar\u00eda de Educaci\u00f3n P\u00fablica y los gobiernos estatales, realizar\u00e1 mediciones de peso, talla, salud bucal y visual, creando expedientes digitales para cada estudiante.<\/p>\n<\/p>\n<p>&nbsp;<\/p>\n<p style=\"text-align: justify;\" data-sourcepos=\"17:1-17:240\">Sheinbaum Pardo destac\u00f3 que el programa es permanente y busca inculcar h\u00e1bitos saludables desde temprana edad, incluyendo la importancia de la alimentaci\u00f3n y el ejercicio. Adem\u00e1s, se ofrecer\u00e1n lentes gratuitos a los ni\u00f1os que los necesiten.<\/p>\n<\/p>\n<p>&nbsp;<\/p>\n<p style=\"text-align: justify;\" data-sourcepos=\"19:1-19:218\">Durante la conferencia, se realizaron enlaces con escuelas en Morelos, Estado de M\u00e9xico, Guerrero, Tabasco y la Ciudad de M\u00e9xico, donde gobernadores y funcionarios dieron el banderazo de salida a las jornadas de salud.<\/p>\n<\/p>\n<p>&nbsp;<\/p>\n<p style=\"text-align: justify;\" data-sourcepos=\"21:1-21:166\">La estrategia &#8220;Vive saludable, vive feliz&#8221; tambi\u00e9n incluye el programa <strong>&#8220;Visualiza tus sue\u00f1os&#8221;<\/strong>, que proporcionar\u00e1 lentes gratuitos a los ni\u00f1os con problemas de visi\u00f3n.<\/p>\n<\/p>\n<p>&nbsp;<\/p>\n<p style=\"text-align: center;\" data-sourcepos=\"21:1-21:166\"><em><strong>\u00a1Informaci\u00f3n que transforma!<\/strong><\/em><\/p>\n","protected":false},"excerpt":{"rendered":"<p>La presidenta Claudia Sheinbaum, en la conferencia matutina &#8220;Las ma\u00f1aneras del pueblo&#8221; en Palacio Nacional, dio inicio a las jornadas de salud de la estrategia nacional &#8220;Vive saludable, vive feliz&#8221;, un programa destinado a fomentar la prevenci\u00f3n de enfermedades en ni\u00f1os y ni\u00f1as de 90 mil 832 escuelas primarias p\u00fablicas en todo el pa\u00eds.<\/p>\n","protected":false},"author":3,"featured_media":12684,"comment_status":"open","ping_status":"open","sticky":false,"template":"","format":"standard","meta":{"footnotes":""},"categories":[88,58],"tags":[967,1096,1587,3733],"class_list":["post-12683","post","type-post","status-publish","format-standard","has-post-thumbnail","hentry","category-nacional","category-ultima-hora","tag-claudiasheinbaum","tag-mananeradelpueblo","tag-saludinfantil","tag-vivesaludable"],"yoast_head":"<!-- This site is optimized with the Yoast SEO plugin v25.0 - https:\/\/yoast.com\/wordpress\/plugins\/seo\/ -->\n<title>Sheinbaum lanza &quot;Vive saludable, vive feliz&quot; Jornadas de salud para millones de ni\u00f1os | Nexo Informativo Santiago de Quer\u00e9taro<\/title>\n<meta name=\"description\" content=\"Sheinbaum lanza &quot;Vive saludable, vive feliz&quot; Jornadas de salud para millones de ni\u00f1os\" \/>\n<meta name=\"robots\" content=\"index, follow, max-snippet:-1, max-image-preview:large, max-video-preview:-1\" \/>\n<link rel=\"canonical\" href=\"https:\/\/www.nexoinformativo.mx\/index.php\/2025\/03\/13\/sheinbaum-lanza-vive-saludable-vive-feliz-jornadas-de-salud-para-millones-de-ninos\/\" \/>\n<meta property=\"og:locale\" content=\"es_MX\" \/>\n<meta property=\"og:type\" content=\"article\" \/>\n<meta property=\"og:title\" content=\"Sheinbaum lanza &quot;Vive saludable, vive feliz&quot; Jornadas de salud para millones de ni\u00f1os | Nexo Informativo Santiago de Quer\u00e9taro\" \/>\n<meta property=\"og:description\" content=\"Sheinbaum lanza &quot;Vive saludable, vive feliz&quot; Jornadas de salud para millones de ni\u00f1os\" \/>\n<meta property=\"og:url\" content=\"https:\/\/www.nexoinformativo.mx\/index.php\/2025\/03\/13\/sheinbaum-lanza-vive-saludable-vive-feliz-jornadas-de-salud-para-millones-de-ninos\/\" \/>\n<meta property=\"og:site_name\" content=\"Nexo Informativo Santiago de Quer\u00e9taro\" \/>\n<meta property=\"article:publisher\" content=\"https:\/\/www.facebook.com\/people\/Nexo-Informativo\/61564066885511\/\" \/>\n<meta property=\"article:published_time\" content=\"2025-03-13T13:00:53+00:00\" \/>\n<meta property=\"article:modified_time\" content=\"2025-03-13T16:55:38+00:00\" \/>\n<meta property=\"og:image\" content=\"https:\/\/www.nexoinformativo.mx\/wp-content\/uploads\/2025\/03\/IMG_1606.jpg\" \/>\n\t<meta property=\"og:image:width\" content=\"650\" \/>\n\t<meta property=\"og:image:height\" content=\"380\" \/>\n\t<meta property=\"og:image:type\" content=\"image\/jpeg\" \/>\n<meta name=\"author\" content=\"Nexo Informativo\" \/>\n<meta name=\"twitter:card\" content=\"summary_large_image\" \/>\n<meta name=\"twitter:label1\" content=\"Escrito por\" \/>\n\t<meta name=\"twitter:data1\" content=\"Nexo Informativo\" \/>\n\t<meta name=\"twitter:label2\" content=\"Tiempo de lectura\" \/>\n\t<meta name=\"twitter:data2\" content=\"2 minutos\" \/>\n<script type=\"application\/ld+json\" class=\"yoast-schema-graph\">{\"@context\":\"https:\/\/schema.org\",\"@graph\":[{\"@type\":\"Article\",\"@id\":\"https:\/\/www.nexoinformativo.mx\/index.php\/2025\/03\/13\/sheinbaum-lanza-vive-saludable-vive-feliz-jornadas-de-salud-para-millones-de-ninos\/#article\",\"isPartOf\":{\"@id\":\"https:\/\/www.nexoinformativo.mx\/index.php\/2025\/03\/13\/sheinbaum-lanza-vive-saludable-vive-feliz-jornadas-de-salud-para-millones-de-ninos\/\"},\"author\":{\"name\":\"Nexo Informativo\",\"@id\":\"https:\/\/www.nexoinformativo.mx\/#\/schema\/person\/7749d380ba08c8ca00d7bc76fd907b7d\"},\"headline\":\"Sheinbaum lanza &#8220;Vive saludable, vive feliz&#8221; Jornadas de salud para millones de ni\u00f1os\",\"datePublished\":\"2025-03-13T13:00:53+00:00\",\"dateModified\":\"2025-03-13T16:55:38+00:00\",\"mainEntityOfPage\":{\"@id\":\"https:\/\/www.nexoinformativo.mx\/index.php\/2025\/03\/13\/sheinbaum-lanza-vive-saludable-vive-feliz-jornadas-de-salud-para-millones-de-ninos\/\"},\"wordCount\":232,\"commentCount\":0,\"publisher\":{\"@id\":\"https:\/\/www.nexoinformativo.mx\/#organization\"},\"image\":{\"@id\":\"https:\/\/www.nexoinformativo.mx\/index.php\/2025\/03\/13\/sheinbaum-lanza-vive-saludable-vive-feliz-jornadas-de-salud-para-millones-de-ninos\/#primaryimage\"},\"thumbnailUrl\":\"https:\/\/www.nexoinformativo.mx\/wp-content\/uploads\/2025\/03\/IMG_1606.jpg\",\"keywords\":[\"ClaudiaSheinbaum\",\"Ma\u00f1aneraDelPueblo\",\"SaludInfantil\",\"ViveSaludable\"],\"articleSection\":[\"Nacional\",\"\u00daltima Hora\"],\"inLanguage\":\"es\",\"potentialAction\":[{\"@type\":\"CommentAction\",\"name\":\"Comment\",\"target\":[\"https:\/\/www.nexoinformativo.mx\/index.php\/2025\/03\/13\/sheinbaum-lanza-vive-saludable-vive-feliz-jornadas-de-salud-para-millones-de-ninos\/#respond\"]}]},{\"@type\":\"WebPage\",\"@id\":\"https:\/\/www.nexoinformativo.mx\/index.php\/2025\/03\/13\/sheinbaum-lanza-vive-saludable-vive-feliz-jornadas-de-salud-para-millones-de-ninos\/\",\"url\":\"https:\/\/www.nexoinformativo.mx\/index.php\/2025\/03\/13\/sheinbaum-lanza-vive-saludable-vive-feliz-jornadas-de-salud-para-millones-de-ninos\/\",\"name\":\"Sheinbaum lanza \\\"Vive saludable, vive feliz\\\" Jornadas de salud para millones de ni\u00f1os | Nexo Informativo Santiago de Quer\u00e9taro\",\"isPartOf\":{\"@id\":\"https:\/\/www.nexoinformativo.mx\/#website\"},\"primaryImageOfPage\":{\"@id\":\"https:\/\/www.nexoinformativo.mx\/index.php\/2025\/03\/13\/sheinbaum-lanza-vive-saludable-vive-feliz-jornadas-de-salud-para-millones-de-ninos\/#primaryimage\"},\"image\":{\"@id\":\"https:\/\/www.nexoinformativo.mx\/index.php\/2025\/03\/13\/sheinbaum-lanza-vive-saludable-vive-feliz-jornadas-de-salud-para-millones-de-ninos\/#primaryimage\"},\"thumbnailUrl\":\"https:\/\/www.nexoinformativo.mx\/wp-content\/uploads\/2025\/03\/IMG_1606.jpg\",\"datePublished\":\"2025-03-13T13:00:53+00:00\",\"dateModified\":\"2025-03-13T16:55:38+00:00\",\"description\":\"Sheinbaum lanza \\\"Vive saludable, vive feliz\\\" Jornadas de salud para millones de ni\u00f1os\",\"breadcrumb\":{\"@id\":\"https:\/\/www.nexoinformativo.mx\/index.php\/2025\/03\/13\/sheinbaum-lanza-vive-saludable-vive-feliz-jornadas-de-salud-para-millones-de-ninos\/#breadcrumb\"},\"inLanguage\":\"es\",\"potentialAction\":[{\"@type\":\"ReadAction\",\"target\":[\"https:\/\/www.nexoinformativo.mx\/index.php\/2025\/03\/13\/sheinbaum-lanza-vive-saludable-vive-feliz-jornadas-de-salud-para-millones-de-ninos\/\"]}]},{\"@type\":\"ImageObject\",\"inLanguage\":\"es\",\"@id\":\"https:\/\/www.nexoinformativo.mx\/index.php\/2025\/03\/13\/sheinbaum-lanza-vive-saludable-vive-feliz-jornadas-de-salud-para-millones-de-ninos\/#primaryimage\",\"url\":\"https:\/\/www.nexoinformativo.mx\/wp-content\/uploads\/2025\/03\/IMG_1606.jpg\",\"contentUrl\":\"https:\/\/www.nexoinformativo.mx\/wp-content\/uploads\/2025\/03\/IMG_1606.jpg\",\"width\":650,\"height\":380},{\"@type\":\"BreadcrumbList\",\"@id\":\"https:\/\/www.nexoinformativo.mx\/index.php\/2025\/03\/13\/sheinbaum-lanza-vive-saludable-vive-feliz-jornadas-de-salud-para-millones-de-ninos\/#breadcrumb\",\"itemListElement\":[{\"@type\":\"ListItem\",\"position\":1,\"name\":\"Inicio\",\"item\":\"https:\/\/www.nexoinformativo.mx\/\"},{\"@type\":\"ListItem\",\"position\":2,\"name\":\"Sheinbaum lanza &#8220;Vive saludable, vive feliz&#8221; Jornadas de salud para millones de ni\u00f1os\"}]},{\"@type\":\"WebSite\",\"@id\":\"https:\/\/www.nexoinformativo.mx\/#website\",\"url\":\"https:\/\/www.nexoinformativo.mx\/\",\"name\":\"Nexo Informativo Santiago de Quer\u00e9taro\",\"description\":\"Explora NexoInformativo y convi\u00e9rtete en parte de una comunidad que valora el conocimiento y la verdad. Tu nexoinformativo es tu puente hacia una comprensi\u00f3n m\u00e1s profunda del mundo que te rodea.\",\"publisher\":{\"@id\":\"https:\/\/www.nexoinformativo.mx\/#organization\"},\"potentialAction\":[{\"@type\":\"SearchAction\",\"target\":{\"@type\":\"EntryPoint\",\"urlTemplate\":\"https:\/\/www.nexoinformativo.mx\/?s={search_term_string}\"},\"query-input\":{\"@type\":\"PropertyValueSpecification\",\"valueRequired\":true,\"valueName\":\"search_term_string\"}}],\"inLanguage\":\"es\"},{\"@type\":\"Organization\",\"@id\":\"https:\/\/www.nexoinformativo.mx\/#organization\",\"name\":\"Nexo Informativo Santiago de Quer\u00e9taro\",\"url\":\"https:\/\/www.nexoinformativo.mx\/\",\"logo\":{\"@type\":\"ImageObject\",\"inLanguage\":\"es\",\"@id\":\"https:\/\/www.nexoinformativo.mx\/#\/schema\/logo\/image\/\",\"url\":\"https:\/\/www.nexoinformativo.mx\/wp-content\/uploads\/2024\/07\/nexoi-trasparente-2.png\",\"contentUrl\":\"https:\/\/www.nexoinformativo.mx\/wp-content\/uploads\/2024\/07\/nexoi-trasparente-2.png\",\"width\":816,\"height\":339,\"caption\":\"Nexo Informativo Santiago de Quer\u00e9taro\"},\"image\":{\"@id\":\"https:\/\/www.nexoinformativo.mx\/#\/schema\/logo\/image\/\"},\"sameAs\":[\"https:\/\/www.facebook.com\/people\/Nexo-Informativo\/61564066885511\/\"]},{\"@type\":\"Person\",\"@id\":\"https:\/\/www.nexoinformativo.mx\/#\/schema\/person\/7749d380ba08c8ca00d7bc76fd907b7d\",\"name\":\"Nexo Informativo\",\"image\":{\"@type\":\"ImageObject\",\"inLanguage\":\"es\",\"@id\":\"https:\/\/www.nexoinformativo.mx\/#\/schema\/person\/image\/\",\"url\":\"https:\/\/secure.gravatar.com\/avatar\/dde2928154642a13d95f87ddf1ea9718fe2b46760a005c53e41ff5ad610704e6?s=96&d=mm&r=g\",\"contentUrl\":\"https:\/\/secure.gravatar.com\/avatar\/dde2928154642a13d95f87ddf1ea9718fe2b46760a005c53e41ff5ad610704e6?s=96&d=mm&r=g\",\"caption\":\"Nexo Informativo\"},\"url\":\"https:\/\/www.nexoinformativo.mx\/index.php\/author\/edicion\/\"}]}<\/script>\n<!-- \/ Yoast SEO plugin. -->","yoast_head_json":{"title":"Sheinbaum lanza \"Vive saludable, vive feliz\" Jornadas de salud para millones de ni\u00f1os | Nexo Informativo Santiago de Quer\u00e9taro","description":"Sheinbaum lanza \"Vive saludable, vive feliz\" Jornadas de salud para millones de ni\u00f1os","robots":{"index":"index","follow":"follow","max-snippet":"max-snippet:-1","max-image-preview":"max-image-preview:large","max-video-preview":"max-video-preview:-1"},"canonical":"https:\/\/www.nexoinformativo.mx\/index.php\/2025\/03\/13\/sheinbaum-lanza-vive-saludable-vive-feliz-jornadas-de-salud-para-millones-de-ninos\/","og_locale":"es_MX","og_type":"article","og_title":"Sheinbaum lanza \"Vive saludable, vive feliz\" Jornadas de salud para millones de ni\u00f1os | Nexo Informativo Santiago de Quer\u00e9taro","og_description":"Sheinbaum lanza \"Vive saludable, vive feliz\" Jornadas de salud para millones de ni\u00f1os","og_url":"https:\/\/www.nexoinformativo.mx\/index.php\/2025\/03\/13\/sheinbaum-lanza-vive-saludable-vive-feliz-jornadas-de-salud-para-millones-de-ninos\/","og_site_name":"Nexo Informativo Santiago de Quer\u00e9taro","article_publisher":"https:\/\/www.facebook.com\/people\/Nexo-Informativo\/61564066885511\/","article_published_time":"2025-03-13T13:00:53+00:00","article_modified_time":"2025-03-13T16:55:38+00:00","og_image":[{"width":650,"height":380,"url":"https:\/\/www.nexoinformativo.mx\/wp-content\/uploads\/2025\/03\/IMG_1606.jpg","type":"image\/jpeg"}],"author":"Nexo Informativo","twitter_card":"summary_large_image","twitter_misc":{"Escrito por":"Nexo Informativo","Tiempo de lectura":"2 minutos"},"schema":{"@context":"https:\/\/schema.org","@graph":[{"@type":"Article","@id":"https:\/\/www.nexoinformativo.mx\/index.php\/2025\/03\/13\/sheinbaum-lanza-vive-saludable-vive-feliz-jornadas-de-salud-para-millones-de-ninos\/#article","isPartOf":{"@id":"https:\/\/www.nexoinformativo.mx\/index.php\/2025\/03\/13\/sheinbaum-lanza-vive-saludable-vive-feliz-jornadas-de-salud-para-millones-de-ninos\/"},"author":{"name":"Nexo Informativo","@id":"https:\/\/www.nexoinformativo.mx\/#\/schema\/person\/7749d380ba08c8ca00d7bc76fd907b7d"},"headline":"Sheinbaum lanza &#8220;Vive saludable, vive feliz&#8221; Jornadas de salud para millones de ni\u00f1os","datePublished":"2025-03-13T13:00:53+00:00","dateModified":"2025-03-13T16:55:38+00:00","mainEntityOfPage":{"@id":"https:\/\/www.nexoinformativo.mx\/index.php\/2025\/03\/13\/sheinbaum-lanza-vive-saludable-vive-feliz-jornadas-de-salud-para-millones-de-ninos\/"},"wordCount":232,"commentCount":0,"publisher":{"@id":"https:\/\/www.nexoinformativo.mx\/#organization"},"image":{"@id":"https:\/\/www.nexoinformativo.mx\/index.php\/2025\/03\/13\/sheinbaum-lanza-vive-saludable-vive-feliz-jornadas-de-salud-para-millones-de-ninos\/#primaryimage"},"thumbnailUrl":"https:\/\/www.nexoinformativo.mx\/wp-content\/uploads\/2025\/03\/IMG_1606.jpg","keywords":["ClaudiaSheinbaum","Ma\u00f1aneraDelPueblo","SaludInfantil","ViveSaludable"],"articleSection":["Nacional","\u00daltima Hora"],"inLanguage":"es","potentialAction":[{"@type":"CommentAction","name":"Comment","target":["https:\/\/www.nexoinformativo.mx\/index.php\/2025\/03\/13\/sheinbaum-lanza-vive-saludable-vive-feliz-jornadas-de-salud-para-millones-de-ninos\/#respond"]}]},{"@type":"WebPage","@id":"https:\/\/www.nexoinformativo.mx\/index.php\/2025\/03\/13\/sheinbaum-lanza-vive-saludable-vive-feliz-jornadas-de-salud-para-millones-de-ninos\/","url":"https:\/\/www.nexoinformativo.mx\/index.php\/2025\/03\/13\/sheinbaum-lanza-vive-saludable-vive-feliz-jornadas-de-salud-para-millones-de-ninos\/","name":"Sheinbaum lanza \"Vive saludable, vive feliz\" Jornadas de salud para millones de ni\u00f1os | Nexo Informativo Santiago de Quer\u00e9taro","isPartOf":{"@id":"https:\/\/www.nexoinformativo.mx\/#website"},"primaryImageOfPage":{"@id":"https:\/\/www.nexoinformativo.mx\/index.php\/2025\/03\/13\/sheinbaum-lanza-vive-saludable-vive-feliz-jornadas-de-salud-para-millones-de-ninos\/#primaryimage"},"image":{"@id":"https:\/\/www.nexoinformativo.mx\/index.php\/2025\/03\/13\/sheinbaum-lanza-vive-saludable-vive-feliz-jornadas-de-salud-para-millones-de-ninos\/#primaryimage"},"thumbnailUrl":"https:\/\/www.nexoinformativo.mx\/wp-content\/uploads\/2025\/03\/IMG_1606.jpg","datePublished":"2025-03-13T13:00:53+00:00","dateModified":"2025-03-13T16:55:38+00:00","description":"Sheinbaum lanza \"Vive saludable, vive feliz\" Jornadas de salud para millones de ni\u00f1os","breadcrumb":{"@id":"https:\/\/www.nexoinformativo.mx\/index.php\/2025\/03\/13\/sheinbaum-lanza-vive-saludable-vive-feliz-jornadas-de-salud-para-millones-de-ninos\/#breadcrumb"},"inLanguage":"es","potentialAction":[{"@type":"ReadAction","target":["https:\/\/www.nexoinformativo.mx\/index.php\/2025\/03\/13\/sheinbaum-lanza-vive-saludable-vive-feliz-jornadas-de-salud-para-millones-de-ninos\/"]}]},{"@type":"ImageObject","inLanguage":"es","@id":"https:\/\/www.nexoinformativo.mx\/index.php\/2025\/03\/13\/sheinbaum-lanza-vive-saludable-vive-feliz-jornadas-de-salud-para-millones-de-ninos\/#primaryimage","url":"https:\/\/www.nexoinformativo.mx\/wp-content\/uploads\/2025\/03\/IMG_1606.jpg","contentUrl":"https:\/\/www.nexoinformativo.mx\/wp-content\/uploads\/2025\/03\/IMG_1606.jpg","width":650,"height":380},{"@type":"BreadcrumbList","@id":"https:\/\/www.nexoinformativo.mx\/index.php\/2025\/03\/13\/sheinbaum-lanza-vive-saludable-vive-feliz-jornadas-de-salud-para-millones-de-ninos\/#breadcrumb","itemListElement":[{"@type":"ListItem","position":1,"name":"Inicio","item":"https:\/\/www.nexoinformativo.mx\/"},{"@type":"ListItem","position":2,"name":"Sheinbaum lanza &#8220;Vive saludable, vive feliz&#8221; Jornadas de salud para millones de ni\u00f1os"}]},{"@type":"WebSite","@id":"https:\/\/www.nexoinformativo.mx\/#website","url":"https:\/\/www.nexoinformativo.mx\/","name":"Nexo Informativo Santiago de Quer\u00e9taro","description":"Explora NexoInformativo y convi\u00e9rtete en parte de una comunidad que valora el conocimiento y la verdad. Tu nexoinformativo es tu puente hacia una comprensi\u00f3n m\u00e1s profunda del mundo que te rodea.","publisher":{"@id":"https:\/\/www.nexoinformativo.mx\/#organization"},"potentialAction":[{"@type":"SearchAction","target":{"@type":"EntryPoint","urlTemplate":"https:\/\/www.nexoinformativo.mx\/?s={search_term_string}"},"query-input":{"@type":"PropertyValueSpecification","valueRequired":true,"valueName":"search_term_string"}}],"inLanguage":"es"},{"@type":"Organization","@id":"https:\/\/www.nexoinformativo.mx\/#organization","name":"Nexo Informativo Santiago de Quer\u00e9taro","url":"https:\/\/www.nexoinformativo.mx\/","logo":{"@type":"ImageObject","inLanguage":"es","@id":"https:\/\/www.nexoinformativo.mx\/#\/schema\/logo\/image\/","url":"https:\/\/www.nexoinformativo.mx\/wp-content\/uploads\/2024\/07\/nexoi-trasparente-2.png","contentUrl":"https:\/\/www.nexoinformativo.mx\/wp-content\/uploads\/2024\/07\/nexoi-trasparente-2.png","width":816,"height":339,"caption":"Nexo Informativo Santiago de Quer\u00e9taro"},"image":{"@id":"https:\/\/www.nexoinformativo.mx\/#\/schema\/logo\/image\/"},"sameAs":["https:\/\/www.facebook.com\/people\/Nexo-Informativo\/61564066885511\/"]},{"@type":"Person","@id":"https:\/\/www.nexoinformativo.mx\/#\/schema\/person\/7749d380ba08c8ca00d7bc76fd907b7d","name":"Nexo Informativo","image":{"@type":"ImageObject","inLanguage":"es","@id":"https:\/\/www.nexoinformativo.mx\/#\/schema\/person\/image\/","url":"https:\/\/secure.gravatar.com\/avatar\/dde2928154642a13d95f87ddf1ea9718fe2b46760a005c53e41ff5ad610704e6?s=96&d=mm&r=g","contentUrl":"https:\/\/secure.gravatar.com\/avatar\/dde2928154642a13d95f87ddf1ea9718fe2b46760a005c53e41ff5ad610704e6?s=96&d=mm&r=g","caption":"Nexo Informativo"},"url":"https:\/\/www.nexoinformativo.mx\/index.php\/author\/edicion\/"}]}},"_links":{"self":[{"href":"https:\/\/www.nexoinformativo.mx\/index.php\/wp-json\/wp\/v2\/posts\/12683","targetHints":{"allow":["GET"]}}],"collection":[{"href":"https:\/\/www.nexoinformativo.mx\/index.php\/wp-json\/wp\/v2\/posts"}],"about":[{"href":"https:\/\/www.nexoinformativo.mx\/index.php\/wp-json\/wp\/v2\/types\/post"}],"author":[{"embeddable":true,"href":"https:\/\/www.nexoinformativo.mx\/index.php\/wp-json\/wp\/v2\/users\/3"}],"replies":[{"embeddable":true,"href":"https:\/\/www.nexoinformativo.mx\/index.php\/wp-json\/wp\/v2\/comments?post=12683"}],"version-history":[{"count":3,"href":"https:\/\/www.nexoinformativo.mx\/index.php\/wp-json\/wp\/v2\/posts\/12683\/revisions"}],"predecessor-version":[{"id":12687,"href":"https:\/\/www.nexoinformativo.mx\/index.php\/wp-json\/wp\/v2\/posts\/12683\/revisions\/12687"}],"wp:featuredmedia":[{"embeddable":true,"href":"https:\/\/www.nexoinformativo.mx\/index.php\/wp-json\/wp\/v2\/media\/12684"}],"wp:attachment":[{"href":"https:\/\/www.nexoinformativo.mx\/index.php\/wp-json\/wp\/v2\/media?parent=12683"}],"wp:term":[{"taxonomy":"category","embeddable":true,"href":"https:\/\/www.nexoinformativo.mx\/index.php\/wp-json\/wp\/v2\/categories?post=12683"},{"taxonomy":"post_tag","embeddable":true,"href":"https:\/\/www.nexoinformativo.mx\/index.php\/wp-json\/wp\/v2\/tags?post=12683"}],"curies":[{"name":"wp","href":"https:\/\/api.w.org\/{rel}","templated":true}]}}