{"id":12705,"date":"2025-03-13T12:00:54","date_gmt":"2025-03-13T18:00:54","guid":{"rendered":"https:\/\/www.nexoinformativo.mx\/?p=12705"},"modified":"2025-03-13T16:33:49","modified_gmt":"2025-03-13T22:33:49","slug":"ciberpatrullaje-efectivo-queretaro-frena-venta-ilegal-de-armas-en-linea","status":"publish","type":"post","link":"https:\/\/www.nexoinformativo.mx\/index.php\/2025\/03\/13\/ciberpatrullaje-efectivo-queretaro-frena-venta-ilegal-de-armas-en-linea\/","title":{"rendered":"Ciberpatrullaje efectivo Quer\u00e9taro frena venta ilegal de armas en l\u00ednea"},"content":{"rendered":"<p style=\"text-align: justify;\" data-sourcepos=\"13:1-13:233\">La Secretar\u00eda de Seguridad Ciudadana (SSC) de Quer\u00e9taro ha intensificado la vigilancia en plataformas digitales, logrando inhibir tres intentos de venta ilegal de armas de fuego en lo que va del a\u00f1o.<\/p>\n<p>&nbsp;<\/p>\n<p style=\"text-align: justify;\" data-sourcepos=\"15:1-15:184\">El secretario de Seguridad Ciudadana, Iov\u00e1n El\u00edas P\u00e9rez, inform\u00f3 que la Polic\u00eda Cibern\u00e9tica, a trav\u00e9s de patrullajes en redes sociales e internet, detect\u00f3 estas transacciones il\u00edcitas.<\/p>\n<p>&nbsp;<\/p>\n<p style=\"text-align: justify;\" data-sourcepos=\"17:1-17:106\">Durante el a\u00f1o pasado, se aseguraron 22 armas de fuego gracias a estas acciones de vigilancia cibern\u00e9tica.<\/p>\n<p>&nbsp;<\/p>\n<p style=\"text-align: justify;\" data-sourcepos=\"19:1-19:196\">El funcionario destac\u00f3 que la Polic\u00eda Estatal realiza un monitoreo constante para combatir la venta ilegal de armas, lo que ha permitido tambi\u00e9n el aseguramiento de veh\u00edculos y sustancias t\u00f3xicas.<\/p>\n<p>&nbsp;<\/p>\n<p style=\"text-align: justify;\" data-sourcepos=\"21:1-21:127\">Recientemente, la Polic\u00eda Cibern\u00e9tica detect\u00f3 un intento de compraventa de armas, lo que deriv\u00f3 en la detenci\u00f3n de una persona.<\/p>\n<p>&nbsp;<\/p>\n<p style=\"text-align: center;\" data-sourcepos=\"21:1-21:127\"><em><strong>\u00a1Informaci\u00f3n que transforma!<\/strong><\/em><\/p>\n","protected":false},"excerpt":{"rendered":"<p>Ciberpatrullaje efectivo Quer\u00e9taro frena venta ilegal de armas en l\u00ednea<\/p>\n","protected":false},"author":3,"featured_media":12709,"comment_status":"open","ping_status":"open","sticky":false,"template":"","format":"standard","meta":{"footnotes":""},"categories":[42,58],"tags":[3739,2636,887,266],"class_list":["post-12705","post","type-post","status-publish","format-standard","has-post-thumbnail","hentry","category-estado","category-ultima-hora","tag-armasilegales","tag-ciberseguridad","tag-policiacibernetica","tag-seguridadqueretaro"],"yoast_head":"<!-- This site is optimized with the Yoast SEO plugin v25.0 - https:\/\/yoast.com\/wordpress\/plugins\/seo\/ -->\n<title>Ciberpatrullaje efectivo Quer\u00e9taro frena venta ilegal de armas en l\u00ednea | Nexo Informativo Santiago de Quer\u00e9taro<\/title>\n<meta name=\"description\" content=\"Ciberpatrullaje efectivo Quer\u00e9taro frena venta ilegal de armas en l\u00ednea\" \/>\n<meta name=\"robots\" content=\"index, follow, max-snippet:-1, max-image-preview:large, max-video-preview:-1\" \/>\n<link rel=\"canonical\" href=\"https:\/\/www.nexoinformativo.mx\/index.php\/2025\/03\/13\/ciberpatrullaje-efectivo-queretaro-frena-venta-ilegal-de-armas-en-linea\/\" \/>\n<meta property=\"og:locale\" content=\"es_MX\" \/>\n<meta property=\"og:type\" content=\"article\" \/>\n<meta property=\"og:title\" content=\"Ciberpatrullaje efectivo Quer\u00e9taro frena venta ilegal de armas en l\u00ednea | Nexo Informativo Santiago de Quer\u00e9taro\" \/>\n<meta property=\"og:description\" content=\"Ciberpatrullaje efectivo Quer\u00e9taro frena venta ilegal de armas en l\u00ednea\" \/>\n<meta property=\"og:url\" content=\"https:\/\/www.nexoinformativo.mx\/index.php\/2025\/03\/13\/ciberpatrullaje-efectivo-queretaro-frena-venta-ilegal-de-armas-en-linea\/\" \/>\n<meta property=\"og:site_name\" content=\"Nexo Informativo Santiago de Quer\u00e9taro\" \/>\n<meta property=\"article:publisher\" content=\"https:\/\/www.facebook.com\/people\/Nexo-Informativo\/61564066885511\/\" \/>\n<meta property=\"article:published_time\" content=\"2025-03-13T18:00:54+00:00\" \/>\n<meta property=\"article:modified_time\" content=\"2025-03-13T22:33:49+00:00\" \/>\n<meta property=\"og:image\" content=\"https:\/\/www.nexoinformativo.mx\/wp-content\/uploads\/2025\/03\/PHOTO-2025-03-13-10-41-36-e1741905222179.jpg\" \/>\n\t<meta property=\"og:image:width\" content=\"800\" \/>\n\t<meta property=\"og:image:height\" content=\"669\" \/>\n\t<meta property=\"og:image:type\" content=\"image\/jpeg\" \/>\n<meta name=\"author\" content=\"Nexo Informativo\" \/>\n<meta name=\"twitter:card\" content=\"summary_large_image\" \/>\n<meta name=\"twitter:label1\" content=\"Escrito por\" \/>\n\t<meta name=\"twitter:data1\" content=\"Nexo Informativo\" \/>\n\t<meta name=\"twitter:label2\" content=\"Tiempo de lectura\" \/>\n\t<meta name=\"twitter:data2\" content=\"1 minuto\" \/>\n<script type=\"application\/ld+json\" class=\"yoast-schema-graph\">{\"@context\":\"https:\/\/schema.org\",\"@graph\":[{\"@type\":\"Article\",\"@id\":\"https:\/\/www.nexoinformativo.mx\/index.php\/2025\/03\/13\/ciberpatrullaje-efectivo-queretaro-frena-venta-ilegal-de-armas-en-linea\/#article\",\"isPartOf\":{\"@id\":\"https:\/\/www.nexoinformativo.mx\/index.php\/2025\/03\/13\/ciberpatrullaje-efectivo-queretaro-frena-venta-ilegal-de-armas-en-linea\/\"},\"author\":{\"name\":\"Nexo Informativo\",\"@id\":\"https:\/\/www.nexoinformativo.mx\/#\/schema\/person\/7749d380ba08c8ca00d7bc76fd907b7d\"},\"headline\":\"Ciberpatrullaje efectivo Quer\u00e9taro frena venta ilegal de armas en l\u00ednea\",\"datePublished\":\"2025-03-13T18:00:54+00:00\",\"dateModified\":\"2025-03-13T22:33:49+00:00\",\"mainEntityOfPage\":{\"@id\":\"https:\/\/www.nexoinformativo.mx\/index.php\/2025\/03\/13\/ciberpatrullaje-efectivo-queretaro-frena-venta-ilegal-de-armas-en-linea\/\"},\"wordCount\":164,\"commentCount\":0,\"publisher\":{\"@id\":\"https:\/\/www.nexoinformativo.mx\/#organization\"},\"image\":{\"@id\":\"https:\/\/www.nexoinformativo.mx\/index.php\/2025\/03\/13\/ciberpatrullaje-efectivo-queretaro-frena-venta-ilegal-de-armas-en-linea\/#primaryimage\"},\"thumbnailUrl\":\"https:\/\/www.nexoinformativo.mx\/wp-content\/uploads\/2025\/03\/PHOTO-2025-03-13-10-41-36-e1741905222179.jpg\",\"keywords\":[\"ArmasIlegales\",\"Ciberseguridad\",\"Polic\u00edaCibern\u00e9tica\",\"SeguridadQueretaro\"],\"articleSection\":[\"Estado\",\"\u00daltima Hora\"],\"inLanguage\":\"es\",\"potentialAction\":[{\"@type\":\"CommentAction\",\"name\":\"Comment\",\"target\":[\"https:\/\/www.nexoinformativo.mx\/index.php\/2025\/03\/13\/ciberpatrullaje-efectivo-queretaro-frena-venta-ilegal-de-armas-en-linea\/#respond\"]}]},{\"@type\":\"WebPage\",\"@id\":\"https:\/\/www.nexoinformativo.mx\/index.php\/2025\/03\/13\/ciberpatrullaje-efectivo-queretaro-frena-venta-ilegal-de-armas-en-linea\/\",\"url\":\"https:\/\/www.nexoinformativo.mx\/index.php\/2025\/03\/13\/ciberpatrullaje-efectivo-queretaro-frena-venta-ilegal-de-armas-en-linea\/\",\"name\":\"Ciberpatrullaje efectivo Quer\u00e9taro frena venta ilegal de armas en l\u00ednea | Nexo Informativo Santiago de Quer\u00e9taro\",\"isPartOf\":{\"@id\":\"https:\/\/www.nexoinformativo.mx\/#website\"},\"primaryImageOfPage\":{\"@id\":\"https:\/\/www.nexoinformativo.mx\/index.php\/2025\/03\/13\/ciberpatrullaje-efectivo-queretaro-frena-venta-ilegal-de-armas-en-linea\/#primaryimage\"},\"image\":{\"@id\":\"https:\/\/www.nexoinformativo.mx\/index.php\/2025\/03\/13\/ciberpatrullaje-efectivo-queretaro-frena-venta-ilegal-de-armas-en-linea\/#primaryimage\"},\"thumbnailUrl\":\"https:\/\/www.nexoinformativo.mx\/wp-content\/uploads\/2025\/03\/PHOTO-2025-03-13-10-41-36-e1741905222179.jpg\",\"datePublished\":\"2025-03-13T18:00:54+00:00\",\"dateModified\":\"2025-03-13T22:33:49+00:00\",\"description\":\"Ciberpatrullaje efectivo Quer\u00e9taro frena venta ilegal de armas en l\u00ednea\",\"breadcrumb\":{\"@id\":\"https:\/\/www.nexoinformativo.mx\/index.php\/2025\/03\/13\/ciberpatrullaje-efectivo-queretaro-frena-venta-ilegal-de-armas-en-linea\/#breadcrumb\"},\"inLanguage\":\"es\",\"potentialAction\":[{\"@type\":\"ReadAction\",\"target\":[\"https:\/\/www.nexoinformativo.mx\/index.php\/2025\/03\/13\/ciberpatrullaje-efectivo-queretaro-frena-venta-ilegal-de-armas-en-linea\/\"]}]},{\"@type\":\"ImageObject\",\"inLanguage\":\"es\",\"@id\":\"https:\/\/www.nexoinformativo.mx\/index.php\/2025\/03\/13\/ciberpatrullaje-efectivo-queretaro-frena-venta-ilegal-de-armas-en-linea\/#primaryimage\",\"url\":\"https:\/\/www.nexoinformativo.mx\/wp-content\/uploads\/2025\/03\/PHOTO-2025-03-13-10-41-36-e1741905222179.jpg\",\"contentUrl\":\"https:\/\/www.nexoinformativo.mx\/wp-content\/uploads\/2025\/03\/PHOTO-2025-03-13-10-41-36-e1741905222179.jpg\",\"width\":800,\"height\":669},{\"@type\":\"BreadcrumbList\",\"@id\":\"https:\/\/www.nexoinformativo.mx\/index.php\/2025\/03\/13\/ciberpatrullaje-efectivo-queretaro-frena-venta-ilegal-de-armas-en-linea\/#breadcrumb\",\"itemListElement\":[{\"@type\":\"ListItem\",\"position\":1,\"name\":\"Inicio\",\"item\":\"https:\/\/www.nexoinformativo.mx\/\"},{\"@type\":\"ListItem\",\"position\":2,\"name\":\"Ciberpatrullaje efectivo Quer\u00e9taro frena venta ilegal de armas en l\u00ednea\"}]},{\"@type\":\"WebSite\",\"@id\":\"https:\/\/www.nexoinformativo.mx\/#website\",\"url\":\"https:\/\/www.nexoinformativo.mx\/\",\"name\":\"Nexo Informativo Santiago de Quer\u00e9taro\",\"description\":\"Explora NexoInformativo y convi\u00e9rtete en parte de una comunidad que valora el conocimiento y la verdad. Tu nexoinformativo es tu puente hacia una comprensi\u00f3n m\u00e1s profunda del mundo que te rodea.\",\"publisher\":{\"@id\":\"https:\/\/www.nexoinformativo.mx\/#organization\"},\"potentialAction\":[{\"@type\":\"SearchAction\",\"target\":{\"@type\":\"EntryPoint\",\"urlTemplate\":\"https:\/\/www.nexoinformativo.mx\/?s={search_term_string}\"},\"query-input\":{\"@type\":\"PropertyValueSpecification\",\"valueRequired\":true,\"valueName\":\"search_term_string\"}}],\"inLanguage\":\"es\"},{\"@type\":\"Organization\",\"@id\":\"https:\/\/www.nexoinformativo.mx\/#organization\",\"name\":\"Nexo Informativo Santiago de Quer\u00e9taro\",\"url\":\"https:\/\/www.nexoinformativo.mx\/\",\"logo\":{\"@type\":\"ImageObject\",\"inLanguage\":\"es\",\"@id\":\"https:\/\/www.nexoinformativo.mx\/#\/schema\/logo\/image\/\",\"url\":\"https:\/\/www.nexoinformativo.mx\/wp-content\/uploads\/2024\/07\/nexoi-trasparente-2.png\",\"contentUrl\":\"https:\/\/www.nexoinformativo.mx\/wp-content\/uploads\/2024\/07\/nexoi-trasparente-2.png\",\"width\":816,\"height\":339,\"caption\":\"Nexo Informativo Santiago de Quer\u00e9taro\"},\"image\":{\"@id\":\"https:\/\/www.nexoinformativo.mx\/#\/schema\/logo\/image\/\"},\"sameAs\":[\"https:\/\/www.facebook.com\/people\/Nexo-Informativo\/61564066885511\/\"]},{\"@type\":\"Person\",\"@id\":\"https:\/\/www.nexoinformativo.mx\/#\/schema\/person\/7749d380ba08c8ca00d7bc76fd907b7d\",\"name\":\"Nexo Informativo\",\"image\":{\"@type\":\"ImageObject\",\"inLanguage\":\"es\",\"@id\":\"https:\/\/www.nexoinformativo.mx\/#\/schema\/person\/image\/\",\"url\":\"https:\/\/secure.gravatar.com\/avatar\/dde2928154642a13d95f87ddf1ea9718fe2b46760a005c53e41ff5ad610704e6?s=96&d=mm&r=g\",\"contentUrl\":\"https:\/\/secure.gravatar.com\/avatar\/dde2928154642a13d95f87ddf1ea9718fe2b46760a005c53e41ff5ad610704e6?s=96&d=mm&r=g\",\"caption\":\"Nexo Informativo\"},\"url\":\"https:\/\/www.nexoinformativo.mx\/index.php\/author\/edicion\/\"}]}<\/script>\n<!-- \/ Yoast SEO plugin. -->","yoast_head_json":{"title":"Ciberpatrullaje efectivo Quer\u00e9taro frena venta ilegal de armas en l\u00ednea | Nexo Informativo Santiago de Quer\u00e9taro","description":"Ciberpatrullaje efectivo Quer\u00e9taro frena venta ilegal de armas en l\u00ednea","robots":{"index":"index","follow":"follow","max-snippet":"max-snippet:-1","max-image-preview":"max-image-preview:large","max-video-preview":"max-video-preview:-1"},"canonical":"https:\/\/www.nexoinformativo.mx\/index.php\/2025\/03\/13\/ciberpatrullaje-efectivo-queretaro-frena-venta-ilegal-de-armas-en-linea\/","og_locale":"es_MX","og_type":"article","og_title":"Ciberpatrullaje efectivo Quer\u00e9taro frena venta ilegal de armas en l\u00ednea | Nexo Informativo Santiago de Quer\u00e9taro","og_description":"Ciberpatrullaje efectivo Quer\u00e9taro frena venta ilegal de armas en l\u00ednea","og_url":"https:\/\/www.nexoinformativo.mx\/index.php\/2025\/03\/13\/ciberpatrullaje-efectivo-queretaro-frena-venta-ilegal-de-armas-en-linea\/","og_site_name":"Nexo Informativo Santiago de Quer\u00e9taro","article_publisher":"https:\/\/www.facebook.com\/people\/Nexo-Informativo\/61564066885511\/","article_published_time":"2025-03-13T18:00:54+00:00","article_modified_time":"2025-03-13T22:33:49+00:00","og_image":[{"width":800,"height":669,"url":"https:\/\/www.nexoinformativo.mx\/wp-content\/uploads\/2025\/03\/PHOTO-2025-03-13-10-41-36-e1741905222179.jpg","type":"image\/jpeg"}],"author":"Nexo Informativo","twitter_card":"summary_large_image","twitter_misc":{"Escrito por":"Nexo Informativo","Tiempo de lectura":"1 minuto"},"schema":{"@context":"https:\/\/schema.org","@graph":[{"@type":"Article","@id":"https:\/\/www.nexoinformativo.mx\/index.php\/2025\/03\/13\/ciberpatrullaje-efectivo-queretaro-frena-venta-ilegal-de-armas-en-linea\/#article","isPartOf":{"@id":"https:\/\/www.nexoinformativo.mx\/index.php\/2025\/03\/13\/ciberpatrullaje-efectivo-queretaro-frena-venta-ilegal-de-armas-en-linea\/"},"author":{"name":"Nexo Informativo","@id":"https:\/\/www.nexoinformativo.mx\/#\/schema\/person\/7749d380ba08c8ca00d7bc76fd907b7d"},"headline":"Ciberpatrullaje efectivo Quer\u00e9taro frena venta ilegal de armas en l\u00ednea","datePublished":"2025-03-13T18:00:54+00:00","dateModified":"2025-03-13T22:33:49+00:00","mainEntityOfPage":{"@id":"https:\/\/www.nexoinformativo.mx\/index.php\/2025\/03\/13\/ciberpatrullaje-efectivo-queretaro-frena-venta-ilegal-de-armas-en-linea\/"},"wordCount":164,"commentCount":0,"publisher":{"@id":"https:\/\/www.nexoinformativo.mx\/#organization"},"image":{"@id":"https:\/\/www.nexoinformativo.mx\/index.php\/2025\/03\/13\/ciberpatrullaje-efectivo-queretaro-frena-venta-ilegal-de-armas-en-linea\/#primaryimage"},"thumbnailUrl":"https:\/\/www.nexoinformativo.mx\/wp-content\/uploads\/2025\/03\/PHOTO-2025-03-13-10-41-36-e1741905222179.jpg","keywords":["ArmasIlegales","Ciberseguridad","Polic\u00edaCibern\u00e9tica","SeguridadQueretaro"],"articleSection":["Estado","\u00daltima Hora"],"inLanguage":"es","potentialAction":[{"@type":"CommentAction","name":"Comment","target":["https:\/\/www.nexoinformativo.mx\/index.php\/2025\/03\/13\/ciberpatrullaje-efectivo-queretaro-frena-venta-ilegal-de-armas-en-linea\/#respond"]}]},{"@type":"WebPage","@id":"https:\/\/www.nexoinformativo.mx\/index.php\/2025\/03\/13\/ciberpatrullaje-efectivo-queretaro-frena-venta-ilegal-de-armas-en-linea\/","url":"https:\/\/www.nexoinformativo.mx\/index.php\/2025\/03\/13\/ciberpatrullaje-efectivo-queretaro-frena-venta-ilegal-de-armas-en-linea\/","name":"Ciberpatrullaje efectivo Quer\u00e9taro frena venta ilegal de armas en l\u00ednea | Nexo Informativo Santiago de Quer\u00e9taro","isPartOf":{"@id":"https:\/\/www.nexoinformativo.mx\/#website"},"primaryImageOfPage":{"@id":"https:\/\/www.nexoinformativo.mx\/index.php\/2025\/03\/13\/ciberpatrullaje-efectivo-queretaro-frena-venta-ilegal-de-armas-en-linea\/#primaryimage"},"image":{"@id":"https:\/\/www.nexoinformativo.mx\/index.php\/2025\/03\/13\/ciberpatrullaje-efectivo-queretaro-frena-venta-ilegal-de-armas-en-linea\/#primaryimage"},"thumbnailUrl":"https:\/\/www.nexoinformativo.mx\/wp-content\/uploads\/2025\/03\/PHOTO-2025-03-13-10-41-36-e1741905222179.jpg","datePublished":"2025-03-13T18:00:54+00:00","dateModified":"2025-03-13T22:33:49+00:00","description":"Ciberpatrullaje efectivo Quer\u00e9taro frena venta ilegal de armas en l\u00ednea","breadcrumb":{"@id":"https:\/\/www.nexoinformativo.mx\/index.php\/2025\/03\/13\/ciberpatrullaje-efectivo-queretaro-frena-venta-ilegal-de-armas-en-linea\/#breadcrumb"},"inLanguage":"es","potentialAction":[{"@type":"ReadAction","target":["https:\/\/www.nexoinformativo.mx\/index.php\/2025\/03\/13\/ciberpatrullaje-efectivo-queretaro-frena-venta-ilegal-de-armas-en-linea\/"]}]},{"@type":"ImageObject","inLanguage":"es","@id":"https:\/\/www.nexoinformativo.mx\/index.php\/2025\/03\/13\/ciberpatrullaje-efectivo-queretaro-frena-venta-ilegal-de-armas-en-linea\/#primaryimage","url":"https:\/\/www.nexoinformativo.mx\/wp-content\/uploads\/2025\/03\/PHOTO-2025-03-13-10-41-36-e1741905222179.jpg","contentUrl":"https:\/\/www.nexoinformativo.mx\/wp-content\/uploads\/2025\/03\/PHOTO-2025-03-13-10-41-36-e1741905222179.jpg","width":800,"height":669},{"@type":"BreadcrumbList","@id":"https:\/\/www.nexoinformativo.mx\/index.php\/2025\/03\/13\/ciberpatrullaje-efectivo-queretaro-frena-venta-ilegal-de-armas-en-linea\/#breadcrumb","itemListElement":[{"@type":"ListItem","position":1,"name":"Inicio","item":"https:\/\/www.nexoinformativo.mx\/"},{"@type":"ListItem","position":2,"name":"Ciberpatrullaje efectivo Quer\u00e9taro frena venta ilegal de armas en l\u00ednea"}]},{"@type":"WebSite","@id":"https:\/\/www.nexoinformativo.mx\/#website","url":"https:\/\/www.nexoinformativo.mx\/","name":"Nexo Informativo Santiago de Quer\u00e9taro","description":"Explora NexoInformativo y convi\u00e9rtete en parte de una comunidad que valora el conocimiento y la verdad. Tu nexoinformativo es tu puente hacia una comprensi\u00f3n m\u00e1s profunda del mundo que te rodea.","publisher":{"@id":"https:\/\/www.nexoinformativo.mx\/#organization"},"potentialAction":[{"@type":"SearchAction","target":{"@type":"EntryPoint","urlTemplate":"https:\/\/www.nexoinformativo.mx\/?s={search_term_string}"},"query-input":{"@type":"PropertyValueSpecification","valueRequired":true,"valueName":"search_term_string"}}],"inLanguage":"es"},{"@type":"Organization","@id":"https:\/\/www.nexoinformativo.mx\/#organization","name":"Nexo Informativo Santiago de Quer\u00e9taro","url":"https:\/\/www.nexoinformativo.mx\/","logo":{"@type":"ImageObject","inLanguage":"es","@id":"https:\/\/www.nexoinformativo.mx\/#\/schema\/logo\/image\/","url":"https:\/\/www.nexoinformativo.mx\/wp-content\/uploads\/2024\/07\/nexoi-trasparente-2.png","contentUrl":"https:\/\/www.nexoinformativo.mx\/wp-content\/uploads\/2024\/07\/nexoi-trasparente-2.png","width":816,"height":339,"caption":"Nexo Informativo Santiago de Quer\u00e9taro"},"image":{"@id":"https:\/\/www.nexoinformativo.mx\/#\/schema\/logo\/image\/"},"sameAs":["https:\/\/www.facebook.com\/people\/Nexo-Informativo\/61564066885511\/"]},{"@type":"Person","@id":"https:\/\/www.nexoinformativo.mx\/#\/schema\/person\/7749d380ba08c8ca00d7bc76fd907b7d","name":"Nexo Informativo","image":{"@type":"ImageObject","inLanguage":"es","@id":"https:\/\/www.nexoinformativo.mx\/#\/schema\/person\/image\/","url":"https:\/\/secure.gravatar.com\/avatar\/dde2928154642a13d95f87ddf1ea9718fe2b46760a005c53e41ff5ad610704e6?s=96&d=mm&r=g","contentUrl":"https:\/\/secure.gravatar.com\/avatar\/dde2928154642a13d95f87ddf1ea9718fe2b46760a005c53e41ff5ad610704e6?s=96&d=mm&r=g","caption":"Nexo Informativo"},"url":"https:\/\/www.nexoinformativo.mx\/index.php\/author\/edicion\/"}]}},"_links":{"self":[{"href":"https:\/\/www.nexoinformativo.mx\/index.php\/wp-json\/wp\/v2\/posts\/12705","targetHints":{"allow":["GET"]}}],"collection":[{"href":"https:\/\/www.nexoinformativo.mx\/index.php\/wp-json\/wp\/v2\/posts"}],"about":[{"href":"https:\/\/www.nexoinformativo.mx\/index.php\/wp-json\/wp\/v2\/types\/post"}],"author":[{"embeddable":true,"href":"https:\/\/www.nexoinformativo.mx\/index.php\/wp-json\/wp\/v2\/users\/3"}],"replies":[{"embeddable":true,"href":"https:\/\/www.nexoinformativo.mx\/index.php\/wp-json\/wp\/v2\/comments?post=12705"}],"version-history":[{"count":4,"href":"https:\/\/www.nexoinformativo.mx\/index.php\/wp-json\/wp\/v2\/posts\/12705\/revisions"}],"predecessor-version":[{"id":12708,"href":"https:\/\/www.nexoinformativo.mx\/index.php\/wp-json\/wp\/v2\/posts\/12705\/revisions\/12708"}],"wp:featuredmedia":[{"embeddable":true,"href":"https:\/\/www.nexoinformativo.mx\/index.php\/wp-json\/wp\/v2\/media\/12709"}],"wp:attachment":[{"href":"https:\/\/www.nexoinformativo.mx\/index.php\/wp-json\/wp\/v2\/media?parent=12705"}],"wp:term":[{"taxonomy":"category","embeddable":true,"href":"https:\/\/www.nexoinformativo.mx\/index.php\/wp-json\/wp\/v2\/categories?post=12705"},{"taxonomy":"post_tag","embeddable":true,"href":"https:\/\/www.nexoinformativo.mx\/index.php\/wp-json\/wp\/v2\/tags?post=12705"}],"curies":[{"name":"wp","href":"https:\/\/api.w.org\/{rel}","templated":true}]}}