{"id":12718,"date":"2025-03-13T13:00:23","date_gmt":"2025-03-13T19:00:23","guid":{"rendered":"https:\/\/www.nexoinformativo.mx\/?p=12718"},"modified":"2025-03-13T16:51:00","modified_gmt":"2025-03-13T22:51:00","slug":"unaq-en-la-mira-por-accidente-de-estudiante-en-practicas-familia-exige-respuestas","status":"publish","type":"post","link":"https:\/\/www.nexoinformativo.mx\/index.php\/2025\/03\/13\/unaq-en-la-mira-por-accidente-de-estudiante-en-practicas-familia-exige-respuestas\/","title":{"rendered":"UNAQ en la mira por accidente de estudiante en pr\u00e1cticas familia exige respuestas"},"content":{"rendered":"<p style=\"text-align: justify;\" data-sourcepos=\"13:1-13:261\">La joven estudiante X\u00f3chitl &#8220;N&#8221;, de la <strong>Universidad Aeron\u00e1utica de Quer\u00e9taro<\/strong> (UNAQ), enfrenta una dolorosa recuperaci\u00f3n y un futuro incierto tras un grave accidente ocurrido el 8 de septiembre de 2023 durante pr\u00e1cticas de campo.<\/p>\n<\/p>\n<p>&nbsp;<\/p>\n<p style=\"text-align: justify;\" data-sourcepos=\"15:1-15:192\">Un tobog\u00e1n de emergencia de una aeronave se despleg\u00f3 incorrectamente, provocando la ca\u00edda de X\u00f3chitl desde una altura de dos metros, lo que le ocasion\u00f3 fracturas vertebrales por aplastamiento.<\/p>\n<\/p>\n<p>&nbsp;<\/p>\n<p style=\"text-align: justify;\" data-sourcepos=\"17:1-17:164\">Tras ser atendida y sometida a cirug\u00eda, X\u00f3chitl lucha contra las secuelas f\u00edsicas y psicol\u00f3gicas, viendo truncado su sue\u00f1o de convertirse en sobrecargo de aviaci\u00f3n.<\/p>\n<\/p>\n<p>&nbsp;<\/p>\n<p style=\"text-align: justify;\" data-sourcepos=\"19:1-19:263\">La familia de la estudiante denuncia la falta de respuesta de las autoridades de la UNAQ, quienes argumentan que el plazo para presentar una denuncia y exigir indemnizaci\u00f3n ha expirado, a pesar de que X\u00f3chitl se encontraba en los primeros d\u00edas de su recuperaci\u00f3n.<\/p>\n<\/p>\n<p>&nbsp;<\/p>\n<p style=\"text-align: justify;\" data-sourcepos=\"21:1-21:95\">Hasta el momento, ni la UNAQ ni el gobierno del estado han emitido declaraciones sobre el caso.<\/p>\n<\/p>\n<p>&nbsp;<\/p>\n<p style=\"text-align: center;\" data-sourcepos=\"21:1-21:95\"><em><strong>\u00a1Informaci\u00f3n que transforma!<\/strong><\/em><\/p>\n","protected":false},"excerpt":{"rendered":"<p>La joven estudiante X\u00f3chitl &#8220;N&#8221;, de la Universidad Aeron\u00e1utica de Quer\u00e9taro (UNAQ), enfrenta una dolorosa recuperaci\u00f3n y un futuro incierto tras un grave accidente ocurrido el 8 de septiembre de 2023 durante pr\u00e1cticas de campo.<\/p>\n","protected":false},"author":3,"featured_media":12720,"comment_status":"open","ping_status":"open","sticky":false,"template":"","format":"standard","meta":{"footnotes":""},"categories":[65,137,58],"tags":[3744,3743,133,2806],"class_list":["post-12718","post","type-post","status-publish","format-standard","has-post-thumbnail","hentry","category-municipios","category-sucesos","category-ultima-hora","tag-accidenteunaq","tag-justiciaparaxochitl","tag-queretaro","tag-unaq"],"yoast_head":"<!-- This site is optimized with the Yoast SEO plugin v25.0 - https:\/\/yoast.com\/wordpress\/plugins\/seo\/ -->\n<title>UNAQ en la mira por accidente de estudiante en pr\u00e1cticas familia exige respuestas | Nexo Informativo Santiago de Quer\u00e9taro<\/title>\n<meta name=\"description\" content=\"UNAQ en la mira por accidente de estudiante en pr\u00e1cticas familia exige respuestas\" \/>\n<meta name=\"robots\" content=\"index, follow, max-snippet:-1, max-image-preview:large, max-video-preview:-1\" \/>\n<link rel=\"canonical\" href=\"https:\/\/www.nexoinformativo.mx\/index.php\/2025\/03\/13\/unaq-en-la-mira-por-accidente-de-estudiante-en-practicas-familia-exige-respuestas\/\" \/>\n<meta property=\"og:locale\" content=\"es_MX\" \/>\n<meta property=\"og:type\" content=\"article\" \/>\n<meta property=\"og:title\" content=\"UNAQ en la mira por accidente de estudiante en pr\u00e1cticas familia exige respuestas | Nexo Informativo Santiago de Quer\u00e9taro\" \/>\n<meta property=\"og:description\" content=\"UNAQ en la mira por accidente de estudiante en pr\u00e1cticas familia exige respuestas\" \/>\n<meta property=\"og:url\" content=\"https:\/\/www.nexoinformativo.mx\/index.php\/2025\/03\/13\/unaq-en-la-mira-por-accidente-de-estudiante-en-practicas-familia-exige-respuestas\/\" \/>\n<meta property=\"og:site_name\" content=\"Nexo Informativo Santiago de Quer\u00e9taro\" \/>\n<meta property=\"article:publisher\" content=\"https:\/\/www.facebook.com\/people\/Nexo-Informativo\/61564066885511\/\" \/>\n<meta property=\"article:published_time\" content=\"2025-03-13T19:00:23+00:00\" \/>\n<meta property=\"article:modified_time\" content=\"2025-03-13T22:51:00+00:00\" \/>\n<meta property=\"og:image\" content=\"https:\/\/www.nexoinformativo.mx\/wp-content\/uploads\/2025\/03\/IMG_1623-e1741906228769.jpg\" \/>\n\t<meta property=\"og:image:width\" content=\"800\" \/>\n\t<meta property=\"og:image:height\" content=\"907\" \/>\n\t<meta property=\"og:image:type\" content=\"image\/jpeg\" \/>\n<meta name=\"author\" content=\"Nexo Informativo\" \/>\n<meta name=\"twitter:card\" content=\"summary_large_image\" \/>\n<meta name=\"twitter:label1\" content=\"Escrito por\" \/>\n\t<meta name=\"twitter:data1\" content=\"Nexo Informativo\" \/>\n\t<meta name=\"twitter:label2\" content=\"Tiempo de lectura\" \/>\n\t<meta name=\"twitter:data2\" content=\"1 minuto\" \/>\n<script type=\"application\/ld+json\" class=\"yoast-schema-graph\">{\"@context\":\"https:\/\/schema.org\",\"@graph\":[{\"@type\":\"Article\",\"@id\":\"https:\/\/www.nexoinformativo.mx\/index.php\/2025\/03\/13\/unaq-en-la-mira-por-accidente-de-estudiante-en-practicas-familia-exige-respuestas\/#article\",\"isPartOf\":{\"@id\":\"https:\/\/www.nexoinformativo.mx\/index.php\/2025\/03\/13\/unaq-en-la-mira-por-accidente-de-estudiante-en-practicas-familia-exige-respuestas\/\"},\"author\":{\"name\":\"Nexo Informativo\",\"@id\":\"https:\/\/www.nexoinformativo.mx\/#\/schema\/person\/7749d380ba08c8ca00d7bc76fd907b7d\"},\"headline\":\"UNAQ en la mira por accidente de estudiante en pr\u00e1cticas familia exige respuestas\",\"datePublished\":\"2025-03-13T19:00:23+00:00\",\"dateModified\":\"2025-03-13T22:51:00+00:00\",\"mainEntityOfPage\":{\"@id\":\"https:\/\/www.nexoinformativo.mx\/index.php\/2025\/03\/13\/unaq-en-la-mira-por-accidente-de-estudiante-en-practicas-familia-exige-respuestas\/\"},\"wordCount\":189,\"commentCount\":0,\"publisher\":{\"@id\":\"https:\/\/www.nexoinformativo.mx\/#organization\"},\"image\":{\"@id\":\"https:\/\/www.nexoinformativo.mx\/index.php\/2025\/03\/13\/unaq-en-la-mira-por-accidente-de-estudiante-en-practicas-familia-exige-respuestas\/#primaryimage\"},\"thumbnailUrl\":\"https:\/\/www.nexoinformativo.mx\/wp-content\/uploads\/2025\/03\/IMG_1623-e1741906228769.jpg\",\"keywords\":[\"AccidenteUNAQ\",\"JusticiaParaX\u00f3chitl\",\"Quer\u00e9taro\",\"UNAQ\"],\"articleSection\":[\"Municipios\",\"Sucesos\",\"\u00daltima Hora\"],\"inLanguage\":\"es\",\"potentialAction\":[{\"@type\":\"CommentAction\",\"name\":\"Comment\",\"target\":[\"https:\/\/www.nexoinformativo.mx\/index.php\/2025\/03\/13\/unaq-en-la-mira-por-accidente-de-estudiante-en-practicas-familia-exige-respuestas\/#respond\"]}]},{\"@type\":\"WebPage\",\"@id\":\"https:\/\/www.nexoinformativo.mx\/index.php\/2025\/03\/13\/unaq-en-la-mira-por-accidente-de-estudiante-en-practicas-familia-exige-respuestas\/\",\"url\":\"https:\/\/www.nexoinformativo.mx\/index.php\/2025\/03\/13\/unaq-en-la-mira-por-accidente-de-estudiante-en-practicas-familia-exige-respuestas\/\",\"name\":\"UNAQ en la mira por accidente de estudiante en pr\u00e1cticas familia exige respuestas | Nexo Informativo Santiago de Quer\u00e9taro\",\"isPartOf\":{\"@id\":\"https:\/\/www.nexoinformativo.mx\/#website\"},\"primaryImageOfPage\":{\"@id\":\"https:\/\/www.nexoinformativo.mx\/index.php\/2025\/03\/13\/unaq-en-la-mira-por-accidente-de-estudiante-en-practicas-familia-exige-respuestas\/#primaryimage\"},\"image\":{\"@id\":\"https:\/\/www.nexoinformativo.mx\/index.php\/2025\/03\/13\/unaq-en-la-mira-por-accidente-de-estudiante-en-practicas-familia-exige-respuestas\/#primaryimage\"},\"thumbnailUrl\":\"https:\/\/www.nexoinformativo.mx\/wp-content\/uploads\/2025\/03\/IMG_1623-e1741906228769.jpg\",\"datePublished\":\"2025-03-13T19:00:23+00:00\",\"dateModified\":\"2025-03-13T22:51:00+00:00\",\"description\":\"UNAQ en la mira por accidente de estudiante en pr\u00e1cticas familia exige respuestas\",\"breadcrumb\":{\"@id\":\"https:\/\/www.nexoinformativo.mx\/index.php\/2025\/03\/13\/unaq-en-la-mira-por-accidente-de-estudiante-en-practicas-familia-exige-respuestas\/#breadcrumb\"},\"inLanguage\":\"es\",\"potentialAction\":[{\"@type\":\"ReadAction\",\"target\":[\"https:\/\/www.nexoinformativo.mx\/index.php\/2025\/03\/13\/unaq-en-la-mira-por-accidente-de-estudiante-en-practicas-familia-exige-respuestas\/\"]}]},{\"@type\":\"ImageObject\",\"inLanguage\":\"es\",\"@id\":\"https:\/\/www.nexoinformativo.mx\/index.php\/2025\/03\/13\/unaq-en-la-mira-por-accidente-de-estudiante-en-practicas-familia-exige-respuestas\/#primaryimage\",\"url\":\"https:\/\/www.nexoinformativo.mx\/wp-content\/uploads\/2025\/03\/IMG_1623-e1741906228769.jpg\",\"contentUrl\":\"https:\/\/www.nexoinformativo.mx\/wp-content\/uploads\/2025\/03\/IMG_1623-e1741906228769.jpg\",\"width\":800,\"height\":907,\"caption\":\"Screenshot\"},{\"@type\":\"BreadcrumbList\",\"@id\":\"https:\/\/www.nexoinformativo.mx\/index.php\/2025\/03\/13\/unaq-en-la-mira-por-accidente-de-estudiante-en-practicas-familia-exige-respuestas\/#breadcrumb\",\"itemListElement\":[{\"@type\":\"ListItem\",\"position\":1,\"name\":\"Inicio\",\"item\":\"https:\/\/www.nexoinformativo.mx\/\"},{\"@type\":\"ListItem\",\"position\":2,\"name\":\"UNAQ en la mira por accidente de estudiante en pr\u00e1cticas familia exige respuestas\"}]},{\"@type\":\"WebSite\",\"@id\":\"https:\/\/www.nexoinformativo.mx\/#website\",\"url\":\"https:\/\/www.nexoinformativo.mx\/\",\"name\":\"Nexo Informativo Santiago de Quer\u00e9taro\",\"description\":\"Explora NexoInformativo y convi\u00e9rtete en parte de una comunidad que valora el conocimiento y la verdad. Tu nexoinformativo es tu puente hacia una comprensi\u00f3n m\u00e1s profunda del mundo que te rodea.\",\"publisher\":{\"@id\":\"https:\/\/www.nexoinformativo.mx\/#organization\"},\"potentialAction\":[{\"@type\":\"SearchAction\",\"target\":{\"@type\":\"EntryPoint\",\"urlTemplate\":\"https:\/\/www.nexoinformativo.mx\/?s={search_term_string}\"},\"query-input\":{\"@type\":\"PropertyValueSpecification\",\"valueRequired\":true,\"valueName\":\"search_term_string\"}}],\"inLanguage\":\"es\"},{\"@type\":\"Organization\",\"@id\":\"https:\/\/www.nexoinformativo.mx\/#organization\",\"name\":\"Nexo Informativo Santiago de Quer\u00e9taro\",\"url\":\"https:\/\/www.nexoinformativo.mx\/\",\"logo\":{\"@type\":\"ImageObject\",\"inLanguage\":\"es\",\"@id\":\"https:\/\/www.nexoinformativo.mx\/#\/schema\/logo\/image\/\",\"url\":\"https:\/\/www.nexoinformativo.mx\/wp-content\/uploads\/2024\/07\/nexoi-trasparente-2.png\",\"contentUrl\":\"https:\/\/www.nexoinformativo.mx\/wp-content\/uploads\/2024\/07\/nexoi-trasparente-2.png\",\"width\":816,\"height\":339,\"caption\":\"Nexo Informativo Santiago de Quer\u00e9taro\"},\"image\":{\"@id\":\"https:\/\/www.nexoinformativo.mx\/#\/schema\/logo\/image\/\"},\"sameAs\":[\"https:\/\/www.facebook.com\/people\/Nexo-Informativo\/61564066885511\/\"]},{\"@type\":\"Person\",\"@id\":\"https:\/\/www.nexoinformativo.mx\/#\/schema\/person\/7749d380ba08c8ca00d7bc76fd907b7d\",\"name\":\"Nexo Informativo\",\"image\":{\"@type\":\"ImageObject\",\"inLanguage\":\"es\",\"@id\":\"https:\/\/www.nexoinformativo.mx\/#\/schema\/person\/image\/\",\"url\":\"https:\/\/secure.gravatar.com\/avatar\/dde2928154642a13d95f87ddf1ea9718fe2b46760a005c53e41ff5ad610704e6?s=96&d=mm&r=g\",\"contentUrl\":\"https:\/\/secure.gravatar.com\/avatar\/dde2928154642a13d95f87ddf1ea9718fe2b46760a005c53e41ff5ad610704e6?s=96&d=mm&r=g\",\"caption\":\"Nexo Informativo\"},\"url\":\"https:\/\/www.nexoinformativo.mx\/index.php\/author\/edicion\/\"}]}<\/script>\n<!-- \/ Yoast SEO plugin. -->","yoast_head_json":{"title":"UNAQ en la mira por accidente de estudiante en pr\u00e1cticas familia exige respuestas | Nexo Informativo Santiago de Quer\u00e9taro","description":"UNAQ en la mira por accidente de estudiante en pr\u00e1cticas familia exige respuestas","robots":{"index":"index","follow":"follow","max-snippet":"max-snippet:-1","max-image-preview":"max-image-preview:large","max-video-preview":"max-video-preview:-1"},"canonical":"https:\/\/www.nexoinformativo.mx\/index.php\/2025\/03\/13\/unaq-en-la-mira-por-accidente-de-estudiante-en-practicas-familia-exige-respuestas\/","og_locale":"es_MX","og_type":"article","og_title":"UNAQ en la mira por accidente de estudiante en pr\u00e1cticas familia exige respuestas | Nexo Informativo Santiago de Quer\u00e9taro","og_description":"UNAQ en la mira por accidente de estudiante en pr\u00e1cticas familia exige respuestas","og_url":"https:\/\/www.nexoinformativo.mx\/index.php\/2025\/03\/13\/unaq-en-la-mira-por-accidente-de-estudiante-en-practicas-familia-exige-respuestas\/","og_site_name":"Nexo Informativo Santiago de Quer\u00e9taro","article_publisher":"https:\/\/www.facebook.com\/people\/Nexo-Informativo\/61564066885511\/","article_published_time":"2025-03-13T19:00:23+00:00","article_modified_time":"2025-03-13T22:51:00+00:00","og_image":[{"width":800,"height":907,"url":"https:\/\/www.nexoinformativo.mx\/wp-content\/uploads\/2025\/03\/IMG_1623-e1741906228769.jpg","type":"image\/jpeg"}],"author":"Nexo Informativo","twitter_card":"summary_large_image","twitter_misc":{"Escrito por":"Nexo Informativo","Tiempo de lectura":"1 minuto"},"schema":{"@context":"https:\/\/schema.org","@graph":[{"@type":"Article","@id":"https:\/\/www.nexoinformativo.mx\/index.php\/2025\/03\/13\/unaq-en-la-mira-por-accidente-de-estudiante-en-practicas-familia-exige-respuestas\/#article","isPartOf":{"@id":"https:\/\/www.nexoinformativo.mx\/index.php\/2025\/03\/13\/unaq-en-la-mira-por-accidente-de-estudiante-en-practicas-familia-exige-respuestas\/"},"author":{"name":"Nexo Informativo","@id":"https:\/\/www.nexoinformativo.mx\/#\/schema\/person\/7749d380ba08c8ca00d7bc76fd907b7d"},"headline":"UNAQ en la mira por accidente de estudiante en pr\u00e1cticas familia exige respuestas","datePublished":"2025-03-13T19:00:23+00:00","dateModified":"2025-03-13T22:51:00+00:00","mainEntityOfPage":{"@id":"https:\/\/www.nexoinformativo.mx\/index.php\/2025\/03\/13\/unaq-en-la-mira-por-accidente-de-estudiante-en-practicas-familia-exige-respuestas\/"},"wordCount":189,"commentCount":0,"publisher":{"@id":"https:\/\/www.nexoinformativo.mx\/#organization"},"image":{"@id":"https:\/\/www.nexoinformativo.mx\/index.php\/2025\/03\/13\/unaq-en-la-mira-por-accidente-de-estudiante-en-practicas-familia-exige-respuestas\/#primaryimage"},"thumbnailUrl":"https:\/\/www.nexoinformativo.mx\/wp-content\/uploads\/2025\/03\/IMG_1623-e1741906228769.jpg","keywords":["AccidenteUNAQ","JusticiaParaX\u00f3chitl","Quer\u00e9taro","UNAQ"],"articleSection":["Municipios","Sucesos","\u00daltima Hora"],"inLanguage":"es","potentialAction":[{"@type":"CommentAction","name":"Comment","target":["https:\/\/www.nexoinformativo.mx\/index.php\/2025\/03\/13\/unaq-en-la-mira-por-accidente-de-estudiante-en-practicas-familia-exige-respuestas\/#respond"]}]},{"@type":"WebPage","@id":"https:\/\/www.nexoinformativo.mx\/index.php\/2025\/03\/13\/unaq-en-la-mira-por-accidente-de-estudiante-en-practicas-familia-exige-respuestas\/","url":"https:\/\/www.nexoinformativo.mx\/index.php\/2025\/03\/13\/unaq-en-la-mira-por-accidente-de-estudiante-en-practicas-familia-exige-respuestas\/","name":"UNAQ en la mira por accidente de estudiante en pr\u00e1cticas familia exige respuestas | Nexo Informativo Santiago de Quer\u00e9taro","isPartOf":{"@id":"https:\/\/www.nexoinformativo.mx\/#website"},"primaryImageOfPage":{"@id":"https:\/\/www.nexoinformativo.mx\/index.php\/2025\/03\/13\/unaq-en-la-mira-por-accidente-de-estudiante-en-practicas-familia-exige-respuestas\/#primaryimage"},"image":{"@id":"https:\/\/www.nexoinformativo.mx\/index.php\/2025\/03\/13\/unaq-en-la-mira-por-accidente-de-estudiante-en-practicas-familia-exige-respuestas\/#primaryimage"},"thumbnailUrl":"https:\/\/www.nexoinformativo.mx\/wp-content\/uploads\/2025\/03\/IMG_1623-e1741906228769.jpg","datePublished":"2025-03-13T19:00:23+00:00","dateModified":"2025-03-13T22:51:00+00:00","description":"UNAQ en la mira por accidente de estudiante en pr\u00e1cticas familia exige respuestas","breadcrumb":{"@id":"https:\/\/www.nexoinformativo.mx\/index.php\/2025\/03\/13\/unaq-en-la-mira-por-accidente-de-estudiante-en-practicas-familia-exige-respuestas\/#breadcrumb"},"inLanguage":"es","potentialAction":[{"@type":"ReadAction","target":["https:\/\/www.nexoinformativo.mx\/index.php\/2025\/03\/13\/unaq-en-la-mira-por-accidente-de-estudiante-en-practicas-familia-exige-respuestas\/"]}]},{"@type":"ImageObject","inLanguage":"es","@id":"https:\/\/www.nexoinformativo.mx\/index.php\/2025\/03\/13\/unaq-en-la-mira-por-accidente-de-estudiante-en-practicas-familia-exige-respuestas\/#primaryimage","url":"https:\/\/www.nexoinformativo.mx\/wp-content\/uploads\/2025\/03\/IMG_1623-e1741906228769.jpg","contentUrl":"https:\/\/www.nexoinformativo.mx\/wp-content\/uploads\/2025\/03\/IMG_1623-e1741906228769.jpg","width":800,"height":907,"caption":"Screenshot"},{"@type":"BreadcrumbList","@id":"https:\/\/www.nexoinformativo.mx\/index.php\/2025\/03\/13\/unaq-en-la-mira-por-accidente-de-estudiante-en-practicas-familia-exige-respuestas\/#breadcrumb","itemListElement":[{"@type":"ListItem","position":1,"name":"Inicio","item":"https:\/\/www.nexoinformativo.mx\/"},{"@type":"ListItem","position":2,"name":"UNAQ en la mira por accidente de estudiante en pr\u00e1cticas familia exige respuestas"}]},{"@type":"WebSite","@id":"https:\/\/www.nexoinformativo.mx\/#website","url":"https:\/\/www.nexoinformativo.mx\/","name":"Nexo Informativo Santiago de Quer\u00e9taro","description":"Explora NexoInformativo y convi\u00e9rtete en parte de una comunidad que valora el conocimiento y la verdad. Tu nexoinformativo es tu puente hacia una comprensi\u00f3n m\u00e1s profunda del mundo que te rodea.","publisher":{"@id":"https:\/\/www.nexoinformativo.mx\/#organization"},"potentialAction":[{"@type":"SearchAction","target":{"@type":"EntryPoint","urlTemplate":"https:\/\/www.nexoinformativo.mx\/?s={search_term_string}"},"query-input":{"@type":"PropertyValueSpecification","valueRequired":true,"valueName":"search_term_string"}}],"inLanguage":"es"},{"@type":"Organization","@id":"https:\/\/www.nexoinformativo.mx\/#organization","name":"Nexo Informativo Santiago de Quer\u00e9taro","url":"https:\/\/www.nexoinformativo.mx\/","logo":{"@type":"ImageObject","inLanguage":"es","@id":"https:\/\/www.nexoinformativo.mx\/#\/schema\/logo\/image\/","url":"https:\/\/www.nexoinformativo.mx\/wp-content\/uploads\/2024\/07\/nexoi-trasparente-2.png","contentUrl":"https:\/\/www.nexoinformativo.mx\/wp-content\/uploads\/2024\/07\/nexoi-trasparente-2.png","width":816,"height":339,"caption":"Nexo Informativo Santiago de Quer\u00e9taro"},"image":{"@id":"https:\/\/www.nexoinformativo.mx\/#\/schema\/logo\/image\/"},"sameAs":["https:\/\/www.facebook.com\/people\/Nexo-Informativo\/61564066885511\/"]},{"@type":"Person","@id":"https:\/\/www.nexoinformativo.mx\/#\/schema\/person\/7749d380ba08c8ca00d7bc76fd907b7d","name":"Nexo Informativo","image":{"@type":"ImageObject","inLanguage":"es","@id":"https:\/\/www.nexoinformativo.mx\/#\/schema\/person\/image\/","url":"https:\/\/secure.gravatar.com\/avatar\/dde2928154642a13d95f87ddf1ea9718fe2b46760a005c53e41ff5ad610704e6?s=96&d=mm&r=g","contentUrl":"https:\/\/secure.gravatar.com\/avatar\/dde2928154642a13d95f87ddf1ea9718fe2b46760a005c53e41ff5ad610704e6?s=96&d=mm&r=g","caption":"Nexo Informativo"},"url":"https:\/\/www.nexoinformativo.mx\/index.php\/author\/edicion\/"}]}},"_links":{"self":[{"href":"https:\/\/www.nexoinformativo.mx\/index.php\/wp-json\/wp\/v2\/posts\/12718","targetHints":{"allow":["GET"]}}],"collection":[{"href":"https:\/\/www.nexoinformativo.mx\/index.php\/wp-json\/wp\/v2\/posts"}],"about":[{"href":"https:\/\/www.nexoinformativo.mx\/index.php\/wp-json\/wp\/v2\/types\/post"}],"author":[{"embeddable":true,"href":"https:\/\/www.nexoinformativo.mx\/index.php\/wp-json\/wp\/v2\/users\/3"}],"replies":[{"embeddable":true,"href":"https:\/\/www.nexoinformativo.mx\/index.php\/wp-json\/wp\/v2\/comments?post=12718"}],"version-history":[{"count":3,"href":"https:\/\/www.nexoinformativo.mx\/index.php\/wp-json\/wp\/v2\/posts\/12718\/revisions"}],"predecessor-version":[{"id":12722,"href":"https:\/\/www.nexoinformativo.mx\/index.php\/wp-json\/wp\/v2\/posts\/12718\/revisions\/12722"}],"wp:featuredmedia":[{"embeddable":true,"href":"https:\/\/www.nexoinformativo.mx\/index.php\/wp-json\/wp\/v2\/media\/12720"}],"wp:attachment":[{"href":"https:\/\/www.nexoinformativo.mx\/index.php\/wp-json\/wp\/v2\/media?parent=12718"}],"wp:term":[{"taxonomy":"category","embeddable":true,"href":"https:\/\/www.nexoinformativo.mx\/index.php\/wp-json\/wp\/v2\/categories?post=12718"},{"taxonomy":"post_tag","embeddable":true,"href":"https:\/\/www.nexoinformativo.mx\/index.php\/wp-json\/wp\/v2\/tags?post=12718"}],"curies":[{"name":"wp","href":"https:\/\/api.w.org\/{rel}","templated":true}]}}