{"id":1272,"date":"2024-08-29T09:00:22","date_gmt":"2024-08-29T15:00:22","guid":{"rendered":"https:\/\/www.nexoinformativo.mx\/?p=1272"},"modified":"2024-08-29T13:19:23","modified_gmt":"2024-08-29T19:19:23","slug":"queretaro-ratificado-como-sede-de-la-agencia-espacial-latinoamericana-y-caribena-por-11-paises","status":"publish","type":"post","link":"https:\/\/www.nexoinformativo.mx\/index.php\/2024\/08\/29\/queretaro-ratificado-como-sede-de-la-agencia-espacial-latinoamericana-y-caribena-por-11-paises\/","title":{"rendered":"Quer\u00e9taro Ratificado como Sede de la Agencia Espacial Latinoamericana y Caribe\u00f1a por 11 Pa\u00edses"},"content":{"rendered":"<p style=\"text-align: justify;\">Once pa\u00edses han ratificado que Quer\u00e9taro sea la sede de la Agencia Espacial Latinoamericana y Caribe\u00f1a, seg\u00fan inform\u00f3 Marco Del Prete Tercero, secretario de Desarrollo Sustentable del Gobierno del Estado. De los 33 pa\u00edses que conforman la agencia, 23 ya han aprobado la sede en Quer\u00e9taro.<\/p>\n<p>&nbsp;<\/p>\n<p style=\"text-align: justify;\">Con estas ratificaciones, se comenzar\u00e1 a trabajar en la conformaci\u00f3n de la agencia, aunque el proceso de aprobaci\u00f3n a\u00fan contin\u00faa.<\/p>\n<p>&nbsp;<\/p>\n<p style=\"text-align: justify;\">Adem\u00e1s, la certificaci\u00f3n del Aeropuerto de Quer\u00e9taro como puerto espacial fortalecer\u00e1 el ecosistema espacial en el estado. Actualmente, la agencia tiene un espacio en la Universidad Aeron\u00e1utica de Quer\u00e9taro (UNAQ) y planea expandirse al Aeropuerto Internacional de Quer\u00e9taro.<\/p>\n","protected":false},"excerpt":{"rendered":"<p>Once pa\u00edses han ratificado que Quer\u00e9taro sea la sede de la Agencia Espacial Latinoamericana y Caribe\u00f1a, seg\u00fan inform\u00f3 Marco Del Prete Tercero, secretario de Desarrollo Sustentable del Gobierno del Estado. De los 33 pa\u00edses que conforman la agencia, 23 ya han aprobado la sede en Quer\u00e9taro. &nbsp; Con estas ratificaciones, se comenzar\u00e1 a trabajar en [&hellip;]<\/p>\n","protected":false},"author":3,"featured_media":1276,"comment_status":"open","ping_status":"open","sticky":false,"template":"","format":"standard","meta":{"footnotes":""},"categories":[5,42],"tags":[338,339,341,340,337],"class_list":["post-1272","post","type-post","status-publish","format-standard","has-post-thumbnail","hentry","category-economia","category-estado","tag-agenciaespaciallatinoamericana","tag-desarrollosustentable","tag-innovacion","tag-puertoespacial","tag-queretaroespacial"],"yoast_head":"<!-- This site is optimized with the Yoast SEO plugin v25.0 - https:\/\/yoast.com\/wordpress\/plugins\/seo\/ -->\n<title>Quer\u00e9taro Ratificado como Sede de la Agencia Espacial Latinoamericana y Caribe\u00f1a por 11 Pa\u00edses | Nexo Informativo Santiago de Quer\u00e9taro<\/title>\n<meta name=\"robots\" content=\"index, follow, max-snippet:-1, max-image-preview:large, max-video-preview:-1\" \/>\n<link rel=\"canonical\" href=\"https:\/\/www.nexoinformativo.mx\/index.php\/2024\/08\/29\/queretaro-ratificado-como-sede-de-la-agencia-espacial-latinoamericana-y-caribena-por-11-paises\/\" \/>\n<meta property=\"og:locale\" content=\"es_MX\" \/>\n<meta property=\"og:type\" content=\"article\" \/>\n<meta property=\"og:title\" content=\"Quer\u00e9taro Ratificado como Sede de la Agencia Espacial Latinoamericana y Caribe\u00f1a por 11 Pa\u00edses | Nexo Informativo Santiago de Quer\u00e9taro\" \/>\n<meta property=\"og:description\" content=\"Once pa\u00edses han ratificado que Quer\u00e9taro sea la sede de la Agencia Espacial Latinoamericana y Caribe\u00f1a, seg\u00fan inform\u00f3 Marco Del Prete Tercero, secretario de Desarrollo Sustentable del Gobierno del Estado. De los 33 pa\u00edses que conforman la agencia, 23 ya han aprobado la sede en Quer\u00e9taro. &nbsp; Con estas ratificaciones, se comenzar\u00e1 a trabajar en [&hellip;]\" \/>\n<meta property=\"og:url\" content=\"https:\/\/www.nexoinformativo.mx\/index.php\/2024\/08\/29\/queretaro-ratificado-como-sede-de-la-agencia-espacial-latinoamericana-y-caribena-por-11-paises\/\" \/>\n<meta property=\"og:site_name\" content=\"Nexo Informativo Santiago de Quer\u00e9taro\" \/>\n<meta property=\"article:publisher\" content=\"https:\/\/www.facebook.com\/people\/Nexo-Informativo\/61564066885511\/\" \/>\n<meta property=\"article:published_time\" content=\"2024-08-29T15:00:22+00:00\" \/>\n<meta property=\"article:modified_time\" content=\"2024-08-29T19:19:23+00:00\" \/>\n<meta property=\"og:image\" content=\"https:\/\/www.nexoinformativo.mx\/wp-content\/uploads\/2024\/08\/IMG-20240829-WA0040-e1724959130835.jpg\" \/>\n\t<meta property=\"og:image:width\" content=\"800\" \/>\n\t<meta property=\"og:image:height\" content=\"600\" \/>\n\t<meta property=\"og:image:type\" content=\"image\/jpeg\" \/>\n<meta name=\"author\" content=\"Nexo Informativo\" \/>\n<meta name=\"twitter:card\" content=\"summary_large_image\" \/>\n<meta name=\"twitter:label1\" content=\"Escrito por\" \/>\n\t<meta name=\"twitter:data1\" content=\"Nexo Informativo\" \/>\n\t<meta name=\"twitter:label2\" content=\"Tiempo de lectura\" \/>\n\t<meta name=\"twitter:data2\" content=\"1 minuto\" \/>\n<script type=\"application\/ld+json\" class=\"yoast-schema-graph\">{\"@context\":\"https:\/\/schema.org\",\"@graph\":[{\"@type\":\"Article\",\"@id\":\"https:\/\/www.nexoinformativo.mx\/index.php\/2024\/08\/29\/queretaro-ratificado-como-sede-de-la-agencia-espacial-latinoamericana-y-caribena-por-11-paises\/#article\",\"isPartOf\":{\"@id\":\"https:\/\/www.nexoinformativo.mx\/index.php\/2024\/08\/29\/queretaro-ratificado-como-sede-de-la-agencia-espacial-latinoamericana-y-caribena-por-11-paises\/\"},\"author\":{\"name\":\"Nexo Informativo\",\"@id\":\"https:\/\/www.nexoinformativo.mx\/#\/schema\/person\/7749d380ba08c8ca00d7bc76fd907b7d\"},\"headline\":\"Quer\u00e9taro Ratificado como Sede de la Agencia Espacial Latinoamericana y Caribe\u00f1a por 11 Pa\u00edses\",\"datePublished\":\"2024-08-29T15:00:22+00:00\",\"dateModified\":\"2024-08-29T19:19:23+00:00\",\"mainEntityOfPage\":{\"@id\":\"https:\/\/www.nexoinformativo.mx\/index.php\/2024\/08\/29\/queretaro-ratificado-como-sede-de-la-agencia-espacial-latinoamericana-y-caribena-por-11-paises\/\"},\"wordCount\":136,\"commentCount\":0,\"publisher\":{\"@id\":\"https:\/\/www.nexoinformativo.mx\/#organization\"},\"image\":{\"@id\":\"https:\/\/www.nexoinformativo.mx\/index.php\/2024\/08\/29\/queretaro-ratificado-como-sede-de-la-agencia-espacial-latinoamericana-y-caribena-por-11-paises\/#primaryimage\"},\"thumbnailUrl\":\"https:\/\/www.nexoinformativo.mx\/wp-content\/uploads\/2024\/08\/IMG-20240829-WA0040-e1724959130835.jpg\",\"keywords\":[\"AgenciaEspacialLatinoamericana\",\"DesarrolloSustentable\",\"Innovaci\u00f3n\",\"PuertoEspacial\",\"Quer\u00e9taroEspacial\"],\"articleSection\":[\"Econom\u00eda\",\"Estado\"],\"inLanguage\":\"es\",\"potentialAction\":[{\"@type\":\"CommentAction\",\"name\":\"Comment\",\"target\":[\"https:\/\/www.nexoinformativo.mx\/index.php\/2024\/08\/29\/queretaro-ratificado-como-sede-de-la-agencia-espacial-latinoamericana-y-caribena-por-11-paises\/#respond\"]}]},{\"@type\":\"WebPage\",\"@id\":\"https:\/\/www.nexoinformativo.mx\/index.php\/2024\/08\/29\/queretaro-ratificado-como-sede-de-la-agencia-espacial-latinoamericana-y-caribena-por-11-paises\/\",\"url\":\"https:\/\/www.nexoinformativo.mx\/index.php\/2024\/08\/29\/queretaro-ratificado-como-sede-de-la-agencia-espacial-latinoamericana-y-caribena-por-11-paises\/\",\"name\":\"Quer\u00e9taro Ratificado como Sede de la Agencia Espacial Latinoamericana y Caribe\u00f1a por 11 Pa\u00edses | Nexo Informativo Santiago de Quer\u00e9taro\",\"isPartOf\":{\"@id\":\"https:\/\/www.nexoinformativo.mx\/#website\"},\"primaryImageOfPage\":{\"@id\":\"https:\/\/www.nexoinformativo.mx\/index.php\/2024\/08\/29\/queretaro-ratificado-como-sede-de-la-agencia-espacial-latinoamericana-y-caribena-por-11-paises\/#primaryimage\"},\"image\":{\"@id\":\"https:\/\/www.nexoinformativo.mx\/index.php\/2024\/08\/29\/queretaro-ratificado-como-sede-de-la-agencia-espacial-latinoamericana-y-caribena-por-11-paises\/#primaryimage\"},\"thumbnailUrl\":\"https:\/\/www.nexoinformativo.mx\/wp-content\/uploads\/2024\/08\/IMG-20240829-WA0040-e1724959130835.jpg\",\"datePublished\":\"2024-08-29T15:00:22+00:00\",\"dateModified\":\"2024-08-29T19:19:23+00:00\",\"breadcrumb\":{\"@id\":\"https:\/\/www.nexoinformativo.mx\/index.php\/2024\/08\/29\/queretaro-ratificado-como-sede-de-la-agencia-espacial-latinoamericana-y-caribena-por-11-paises\/#breadcrumb\"},\"inLanguage\":\"es\",\"potentialAction\":[{\"@type\":\"ReadAction\",\"target\":[\"https:\/\/www.nexoinformativo.mx\/index.php\/2024\/08\/29\/queretaro-ratificado-como-sede-de-la-agencia-espacial-latinoamericana-y-caribena-por-11-paises\/\"]}]},{\"@type\":\"ImageObject\",\"inLanguage\":\"es\",\"@id\":\"https:\/\/www.nexoinformativo.mx\/index.php\/2024\/08\/29\/queretaro-ratificado-como-sede-de-la-agencia-espacial-latinoamericana-y-caribena-por-11-paises\/#primaryimage\",\"url\":\"https:\/\/www.nexoinformativo.mx\/wp-content\/uploads\/2024\/08\/IMG-20240829-WA0040-e1724959130835.jpg\",\"contentUrl\":\"https:\/\/www.nexoinformativo.mx\/wp-content\/uploads\/2024\/08\/IMG-20240829-WA0040-e1724959130835.jpg\",\"width\":800,\"height\":600},{\"@type\":\"BreadcrumbList\",\"@id\":\"https:\/\/www.nexoinformativo.mx\/index.php\/2024\/08\/29\/queretaro-ratificado-como-sede-de-la-agencia-espacial-latinoamericana-y-caribena-por-11-paises\/#breadcrumb\",\"itemListElement\":[{\"@type\":\"ListItem\",\"position\":1,\"name\":\"Inicio\",\"item\":\"https:\/\/www.nexoinformativo.mx\/\"},{\"@type\":\"ListItem\",\"position\":2,\"name\":\"Quer\u00e9taro Ratificado como Sede de la Agencia Espacial Latinoamericana y Caribe\u00f1a por 11 Pa\u00edses\"}]},{\"@type\":\"WebSite\",\"@id\":\"https:\/\/www.nexoinformativo.mx\/#website\",\"url\":\"https:\/\/www.nexoinformativo.mx\/\",\"name\":\"Nexo Informativo Santiago de Quer\u00e9taro\",\"description\":\"Explora NexoInformativo y convi\u00e9rtete en parte de una comunidad que valora el conocimiento y la verdad. Tu nexoinformativo es tu puente hacia una comprensi\u00f3n m\u00e1s profunda del mundo que te rodea.\",\"publisher\":{\"@id\":\"https:\/\/www.nexoinformativo.mx\/#organization\"},\"potentialAction\":[{\"@type\":\"SearchAction\",\"target\":{\"@type\":\"EntryPoint\",\"urlTemplate\":\"https:\/\/www.nexoinformativo.mx\/?s={search_term_string}\"},\"query-input\":{\"@type\":\"PropertyValueSpecification\",\"valueRequired\":true,\"valueName\":\"search_term_string\"}}],\"inLanguage\":\"es\"},{\"@type\":\"Organization\",\"@id\":\"https:\/\/www.nexoinformativo.mx\/#organization\",\"name\":\"Nexo Informativo Santiago de Quer\u00e9taro\",\"url\":\"https:\/\/www.nexoinformativo.mx\/\",\"logo\":{\"@type\":\"ImageObject\",\"inLanguage\":\"es\",\"@id\":\"https:\/\/www.nexoinformativo.mx\/#\/schema\/logo\/image\/\",\"url\":\"https:\/\/www.nexoinformativo.mx\/wp-content\/uploads\/2024\/07\/nexoi-trasparente-2.png\",\"contentUrl\":\"https:\/\/www.nexoinformativo.mx\/wp-content\/uploads\/2024\/07\/nexoi-trasparente-2.png\",\"width\":816,\"height\":339,\"caption\":\"Nexo Informativo Santiago de Quer\u00e9taro\"},\"image\":{\"@id\":\"https:\/\/www.nexoinformativo.mx\/#\/schema\/logo\/image\/\"},\"sameAs\":[\"https:\/\/www.facebook.com\/people\/Nexo-Informativo\/61564066885511\/\"]},{\"@type\":\"Person\",\"@id\":\"https:\/\/www.nexoinformativo.mx\/#\/schema\/person\/7749d380ba08c8ca00d7bc76fd907b7d\",\"name\":\"Nexo Informativo\",\"image\":{\"@type\":\"ImageObject\",\"inLanguage\":\"es\",\"@id\":\"https:\/\/www.nexoinformativo.mx\/#\/schema\/person\/image\/\",\"url\":\"https:\/\/secure.gravatar.com\/avatar\/dde2928154642a13d95f87ddf1ea9718fe2b46760a005c53e41ff5ad610704e6?s=96&d=mm&r=g\",\"contentUrl\":\"https:\/\/secure.gravatar.com\/avatar\/dde2928154642a13d95f87ddf1ea9718fe2b46760a005c53e41ff5ad610704e6?s=96&d=mm&r=g\",\"caption\":\"Nexo Informativo\"},\"url\":\"https:\/\/www.nexoinformativo.mx\/index.php\/author\/edicion\/\"}]}<\/script>\n<!-- \/ Yoast SEO plugin. -->","yoast_head_json":{"title":"Quer\u00e9taro Ratificado como Sede de la Agencia Espacial Latinoamericana y Caribe\u00f1a por 11 Pa\u00edses | Nexo Informativo Santiago de Quer\u00e9taro","robots":{"index":"index","follow":"follow","max-snippet":"max-snippet:-1","max-image-preview":"max-image-preview:large","max-video-preview":"max-video-preview:-1"},"canonical":"https:\/\/www.nexoinformativo.mx\/index.php\/2024\/08\/29\/queretaro-ratificado-como-sede-de-la-agencia-espacial-latinoamericana-y-caribena-por-11-paises\/","og_locale":"es_MX","og_type":"article","og_title":"Quer\u00e9taro Ratificado como Sede de la Agencia Espacial Latinoamericana y Caribe\u00f1a por 11 Pa\u00edses | Nexo Informativo Santiago de Quer\u00e9taro","og_description":"Once pa\u00edses han ratificado que Quer\u00e9taro sea la sede de la Agencia Espacial Latinoamericana y Caribe\u00f1a, seg\u00fan inform\u00f3 Marco Del Prete Tercero, secretario de Desarrollo Sustentable del Gobierno del Estado. De los 33 pa\u00edses que conforman la agencia, 23 ya han aprobado la sede en Quer\u00e9taro. &nbsp; Con estas ratificaciones, se comenzar\u00e1 a trabajar en [&hellip;]","og_url":"https:\/\/www.nexoinformativo.mx\/index.php\/2024\/08\/29\/queretaro-ratificado-como-sede-de-la-agencia-espacial-latinoamericana-y-caribena-por-11-paises\/","og_site_name":"Nexo Informativo Santiago de Quer\u00e9taro","article_publisher":"https:\/\/www.facebook.com\/people\/Nexo-Informativo\/61564066885511\/","article_published_time":"2024-08-29T15:00:22+00:00","article_modified_time":"2024-08-29T19:19:23+00:00","og_image":[{"width":800,"height":600,"url":"https:\/\/www.nexoinformativo.mx\/wp-content\/uploads\/2024\/08\/IMG-20240829-WA0040-e1724959130835.jpg","type":"image\/jpeg"}],"author":"Nexo Informativo","twitter_card":"summary_large_image","twitter_misc":{"Escrito por":"Nexo Informativo","Tiempo de lectura":"1 minuto"},"schema":{"@context":"https:\/\/schema.org","@graph":[{"@type":"Article","@id":"https:\/\/www.nexoinformativo.mx\/index.php\/2024\/08\/29\/queretaro-ratificado-como-sede-de-la-agencia-espacial-latinoamericana-y-caribena-por-11-paises\/#article","isPartOf":{"@id":"https:\/\/www.nexoinformativo.mx\/index.php\/2024\/08\/29\/queretaro-ratificado-como-sede-de-la-agencia-espacial-latinoamericana-y-caribena-por-11-paises\/"},"author":{"name":"Nexo Informativo","@id":"https:\/\/www.nexoinformativo.mx\/#\/schema\/person\/7749d380ba08c8ca00d7bc76fd907b7d"},"headline":"Quer\u00e9taro Ratificado como Sede de la Agencia Espacial Latinoamericana y Caribe\u00f1a por 11 Pa\u00edses","datePublished":"2024-08-29T15:00:22+00:00","dateModified":"2024-08-29T19:19:23+00:00","mainEntityOfPage":{"@id":"https:\/\/www.nexoinformativo.mx\/index.php\/2024\/08\/29\/queretaro-ratificado-como-sede-de-la-agencia-espacial-latinoamericana-y-caribena-por-11-paises\/"},"wordCount":136,"commentCount":0,"publisher":{"@id":"https:\/\/www.nexoinformativo.mx\/#organization"},"image":{"@id":"https:\/\/www.nexoinformativo.mx\/index.php\/2024\/08\/29\/queretaro-ratificado-como-sede-de-la-agencia-espacial-latinoamericana-y-caribena-por-11-paises\/#primaryimage"},"thumbnailUrl":"https:\/\/www.nexoinformativo.mx\/wp-content\/uploads\/2024\/08\/IMG-20240829-WA0040-e1724959130835.jpg","keywords":["AgenciaEspacialLatinoamericana","DesarrolloSustentable","Innovaci\u00f3n","PuertoEspacial","Quer\u00e9taroEspacial"],"articleSection":["Econom\u00eda","Estado"],"inLanguage":"es","potentialAction":[{"@type":"CommentAction","name":"Comment","target":["https:\/\/www.nexoinformativo.mx\/index.php\/2024\/08\/29\/queretaro-ratificado-como-sede-de-la-agencia-espacial-latinoamericana-y-caribena-por-11-paises\/#respond"]}]},{"@type":"WebPage","@id":"https:\/\/www.nexoinformativo.mx\/index.php\/2024\/08\/29\/queretaro-ratificado-como-sede-de-la-agencia-espacial-latinoamericana-y-caribena-por-11-paises\/","url":"https:\/\/www.nexoinformativo.mx\/index.php\/2024\/08\/29\/queretaro-ratificado-como-sede-de-la-agencia-espacial-latinoamericana-y-caribena-por-11-paises\/","name":"Quer\u00e9taro Ratificado como Sede de la Agencia Espacial Latinoamericana y Caribe\u00f1a por 11 Pa\u00edses | Nexo Informativo Santiago de Quer\u00e9taro","isPartOf":{"@id":"https:\/\/www.nexoinformativo.mx\/#website"},"primaryImageOfPage":{"@id":"https:\/\/www.nexoinformativo.mx\/index.php\/2024\/08\/29\/queretaro-ratificado-como-sede-de-la-agencia-espacial-latinoamericana-y-caribena-por-11-paises\/#primaryimage"},"image":{"@id":"https:\/\/www.nexoinformativo.mx\/index.php\/2024\/08\/29\/queretaro-ratificado-como-sede-de-la-agencia-espacial-latinoamericana-y-caribena-por-11-paises\/#primaryimage"},"thumbnailUrl":"https:\/\/www.nexoinformativo.mx\/wp-content\/uploads\/2024\/08\/IMG-20240829-WA0040-e1724959130835.jpg","datePublished":"2024-08-29T15:00:22+00:00","dateModified":"2024-08-29T19:19:23+00:00","breadcrumb":{"@id":"https:\/\/www.nexoinformativo.mx\/index.php\/2024\/08\/29\/queretaro-ratificado-como-sede-de-la-agencia-espacial-latinoamericana-y-caribena-por-11-paises\/#breadcrumb"},"inLanguage":"es","potentialAction":[{"@type":"ReadAction","target":["https:\/\/www.nexoinformativo.mx\/index.php\/2024\/08\/29\/queretaro-ratificado-como-sede-de-la-agencia-espacial-latinoamericana-y-caribena-por-11-paises\/"]}]},{"@type":"ImageObject","inLanguage":"es","@id":"https:\/\/www.nexoinformativo.mx\/index.php\/2024\/08\/29\/queretaro-ratificado-como-sede-de-la-agencia-espacial-latinoamericana-y-caribena-por-11-paises\/#primaryimage","url":"https:\/\/www.nexoinformativo.mx\/wp-content\/uploads\/2024\/08\/IMG-20240829-WA0040-e1724959130835.jpg","contentUrl":"https:\/\/www.nexoinformativo.mx\/wp-content\/uploads\/2024\/08\/IMG-20240829-WA0040-e1724959130835.jpg","width":800,"height":600},{"@type":"BreadcrumbList","@id":"https:\/\/www.nexoinformativo.mx\/index.php\/2024\/08\/29\/queretaro-ratificado-como-sede-de-la-agencia-espacial-latinoamericana-y-caribena-por-11-paises\/#breadcrumb","itemListElement":[{"@type":"ListItem","position":1,"name":"Inicio","item":"https:\/\/www.nexoinformativo.mx\/"},{"@type":"ListItem","position":2,"name":"Quer\u00e9taro Ratificado como Sede de la Agencia Espacial Latinoamericana y Caribe\u00f1a por 11 Pa\u00edses"}]},{"@type":"WebSite","@id":"https:\/\/www.nexoinformativo.mx\/#website","url":"https:\/\/www.nexoinformativo.mx\/","name":"Nexo Informativo Santiago de Quer\u00e9taro","description":"Explora NexoInformativo y convi\u00e9rtete en parte de una comunidad que valora el conocimiento y la verdad. Tu nexoinformativo es tu puente hacia una comprensi\u00f3n m\u00e1s profunda del mundo que te rodea.","publisher":{"@id":"https:\/\/www.nexoinformativo.mx\/#organization"},"potentialAction":[{"@type":"SearchAction","target":{"@type":"EntryPoint","urlTemplate":"https:\/\/www.nexoinformativo.mx\/?s={search_term_string}"},"query-input":{"@type":"PropertyValueSpecification","valueRequired":true,"valueName":"search_term_string"}}],"inLanguage":"es"},{"@type":"Organization","@id":"https:\/\/www.nexoinformativo.mx\/#organization","name":"Nexo Informativo Santiago de Quer\u00e9taro","url":"https:\/\/www.nexoinformativo.mx\/","logo":{"@type":"ImageObject","inLanguage":"es","@id":"https:\/\/www.nexoinformativo.mx\/#\/schema\/logo\/image\/","url":"https:\/\/www.nexoinformativo.mx\/wp-content\/uploads\/2024\/07\/nexoi-trasparente-2.png","contentUrl":"https:\/\/www.nexoinformativo.mx\/wp-content\/uploads\/2024\/07\/nexoi-trasparente-2.png","width":816,"height":339,"caption":"Nexo Informativo Santiago de Quer\u00e9taro"},"image":{"@id":"https:\/\/www.nexoinformativo.mx\/#\/schema\/logo\/image\/"},"sameAs":["https:\/\/www.facebook.com\/people\/Nexo-Informativo\/61564066885511\/"]},{"@type":"Person","@id":"https:\/\/www.nexoinformativo.mx\/#\/schema\/person\/7749d380ba08c8ca00d7bc76fd907b7d","name":"Nexo Informativo","image":{"@type":"ImageObject","inLanguage":"es","@id":"https:\/\/www.nexoinformativo.mx\/#\/schema\/person\/image\/","url":"https:\/\/secure.gravatar.com\/avatar\/dde2928154642a13d95f87ddf1ea9718fe2b46760a005c53e41ff5ad610704e6?s=96&d=mm&r=g","contentUrl":"https:\/\/secure.gravatar.com\/avatar\/dde2928154642a13d95f87ddf1ea9718fe2b46760a005c53e41ff5ad610704e6?s=96&d=mm&r=g","caption":"Nexo Informativo"},"url":"https:\/\/www.nexoinformativo.mx\/index.php\/author\/edicion\/"}]}},"_links":{"self":[{"href":"https:\/\/www.nexoinformativo.mx\/index.php\/wp-json\/wp\/v2\/posts\/1272","targetHints":{"allow":["GET"]}}],"collection":[{"href":"https:\/\/www.nexoinformativo.mx\/index.php\/wp-json\/wp\/v2\/posts"}],"about":[{"href":"https:\/\/www.nexoinformativo.mx\/index.php\/wp-json\/wp\/v2\/types\/post"}],"author":[{"embeddable":true,"href":"https:\/\/www.nexoinformativo.mx\/index.php\/wp-json\/wp\/v2\/users\/3"}],"replies":[{"embeddable":true,"href":"https:\/\/www.nexoinformativo.mx\/index.php\/wp-json\/wp\/v2\/comments?post=1272"}],"version-history":[{"count":3,"href":"https:\/\/www.nexoinformativo.mx\/index.php\/wp-json\/wp\/v2\/posts\/1272\/revisions"}],"predecessor-version":[{"id":1277,"href":"https:\/\/www.nexoinformativo.mx\/index.php\/wp-json\/wp\/v2\/posts\/1272\/revisions\/1277"}],"wp:featuredmedia":[{"embeddable":true,"href":"https:\/\/www.nexoinformativo.mx\/index.php\/wp-json\/wp\/v2\/media\/1276"}],"wp:attachment":[{"href":"https:\/\/www.nexoinformativo.mx\/index.php\/wp-json\/wp\/v2\/media?parent=1272"}],"wp:term":[{"taxonomy":"category","embeddable":true,"href":"https:\/\/www.nexoinformativo.mx\/index.php\/wp-json\/wp\/v2\/categories?post=1272"},{"taxonomy":"post_tag","embeddable":true,"href":"https:\/\/www.nexoinformativo.mx\/index.php\/wp-json\/wp\/v2\/tags?post=1272"}],"curies":[{"name":"wp","href":"https:\/\/api.w.org\/{rel}","templated":true}]}}