{"id":12729,"date":"2025-03-13T14:00:03","date_gmt":"2025-03-13T20:00:03","guid":{"rendered":"https:\/\/www.nexoinformativo.mx\/?p=12729"},"modified":"2025-03-13T18:45:06","modified_gmt":"2025-03-14T00:45:06","slug":"tren-mexico-queretaro-kuri-busca-optimizar-estaciones-con-nuevas-propuestas-estrategicas","status":"publish","type":"post","link":"https:\/\/www.nexoinformativo.mx\/index.php\/2025\/03\/13\/tren-mexico-queretaro-kuri-busca-optimizar-estaciones-con-nuevas-propuestas-estrategicas\/","title":{"rendered":"Tren M\u00e9xico-Quer\u00e9taro Kuri busca optimizar estaciones con nuevas propuestas\u00a0estrat\u00e9gicas"},"content":{"rendered":"<p style=\"text-align: justify;\" data-sourcepos=\"13:1-13:229\">El gobernador Mauricio Kuri anunci\u00f3 que el gobierno estatal presentar\u00e1 al Gobierno de M\u00e9xico nuevas propuestas para la ubicaci\u00f3n de las estaciones del tren de pasajeros M\u00e9xico-Quer\u00e9taro.<\/p>\n<p>&nbsp;<\/p>\n<p style=\"text-align: justify;\" data-sourcepos=\"15:1-15:167\">Tras una reuni\u00f3n con alcaldes de Quer\u00e9taro y San Juan del R\u00edo, y el secretario de gobierno, Carlos Alcaraz, se acord\u00f3 proponer tres nuevas ubicaciones a la federaci\u00f3n.<\/p>\n<p>&nbsp;<\/p>\n<p style=\"text-align: justify;\" data-sourcepos=\"17:1-17:197\">Kuri se\u00f1al\u00f3 que la ubicaci\u00f3n de la estaci\u00f3n en el centro de la capital a\u00fan est\u00e1 en discusi\u00f3n, y que se han planteado alternativas al secretario de desarrollo urbano y obras p\u00fablicas, P\u00edo X Salgado.<\/p>\n<p>&nbsp;<\/p>\n<p style=\"text-align: justify;\" data-sourcepos=\"19:1-19:200\">Las nuevas propuestas buscan optimizar la ubicaci\u00f3n de las estaciones, presentando dos alternativas en San Juan del R\u00edo, una en Quer\u00e9taro y un paradero cerca del Aeropuerto Internacional de Quer\u00e9taro.<\/p>\n<p>&nbsp;<\/p>\n<p style=\"text-align: justify;\" data-sourcepos=\"21:1-21:251\">El gobernador explic\u00f3 que las propuestas del estado requerir\u00edan menos obras de infraestructura adicionales, a diferencia de la ubicaci\u00f3n propuesta por la federaci\u00f3n en el centro de Quer\u00e9taro, que implicar\u00eda la construcci\u00f3n de vialidades y otras obras.<\/p>\n<p>&nbsp;<\/p>\n<p style=\"text-align: justify;\" data-sourcepos=\"23:1-23:155\">Kuri enfatiz\u00f3 que, aunque el estado presentar\u00e1 sus propuestas, la decisi\u00f3n final sobre la ubicaci\u00f3n de las estaciones corresponder\u00e1 a la autoridad federal.<\/p>\n<p>&nbsp;<\/p>\n<p style=\"text-align: center;\" data-sourcepos=\"23:1-23:155\"><em><strong>\u00a1Informaci\u00f3n que transforma!<\/strong><\/em><\/p>\n","protected":false},"excerpt":{"rendered":"<p>El gobernador Mauricio Kuri anunci\u00f3 que el gobierno estatal presentar\u00e1 al Gobierno de M\u00e9xico nuevas propuestas para la ubicaci\u00f3n de las estaciones del tren de pasajeros M\u00e9xico-Quer\u00e9taro.<\/p>\n","protected":false},"author":3,"featured_media":12733,"comment_status":"open","ping_status":"open","sticky":false,"template":"","format":"standard","meta":{"footnotes":""},"categories":[5,42,58],"tags":[734,661,3556,1009],"class_list":["post-12729","post","type-post","status-publish","format-standard","has-post-thumbnail","hentry","category-economia","category-estado","category-ultima-hora","tag-infraestructura","tag-mauriciokuri","tag-movilidadqro","tag-trenmexicoqueretaro"],"yoast_head":"<!-- This site is optimized with the Yoast SEO plugin v25.0 - https:\/\/yoast.com\/wordpress\/plugins\/seo\/ -->\n<title>Tren M\u00e9xico-Quer\u00e9taro Kuri busca optimizar estaciones con nuevas propuestas\u00a0estrat\u00e9gicas | Nexo Informativo Santiago de Quer\u00e9taro<\/title>\n<meta name=\"description\" content=\"Tren M\u00e9xico-Quer\u00e9taro Kuri busca optimizar estaciones con nuevas propuestas\u00a0estrat\u00e9gicas\" \/>\n<meta name=\"robots\" content=\"index, follow, max-snippet:-1, max-image-preview:large, max-video-preview:-1\" \/>\n<link rel=\"canonical\" href=\"https:\/\/www.nexoinformativo.mx\/index.php\/2025\/03\/13\/tren-mexico-queretaro-kuri-busca-optimizar-estaciones-con-nuevas-propuestas-estrategicas\/\" \/>\n<meta property=\"og:locale\" content=\"es_MX\" \/>\n<meta property=\"og:type\" content=\"article\" \/>\n<meta property=\"og:title\" content=\"Tren M\u00e9xico-Quer\u00e9taro Kuri busca optimizar estaciones con nuevas propuestas\u00a0estrat\u00e9gicas | Nexo Informativo Santiago de Quer\u00e9taro\" \/>\n<meta property=\"og:description\" content=\"Tren M\u00e9xico-Quer\u00e9taro Kuri busca optimizar estaciones con nuevas propuestas\u00a0estrat\u00e9gicas\" \/>\n<meta property=\"og:url\" content=\"https:\/\/www.nexoinformativo.mx\/index.php\/2025\/03\/13\/tren-mexico-queretaro-kuri-busca-optimizar-estaciones-con-nuevas-propuestas-estrategicas\/\" \/>\n<meta property=\"og:site_name\" content=\"Nexo Informativo Santiago de Quer\u00e9taro\" \/>\n<meta property=\"article:publisher\" content=\"https:\/\/www.facebook.com\/people\/Nexo-Informativo\/61564066885511\/\" \/>\n<meta property=\"article:published_time\" content=\"2025-03-13T20:00:03+00:00\" \/>\n<meta property=\"article:modified_time\" content=\"2025-03-14T00:45:06+00:00\" \/>\n<meta property=\"og:image\" content=\"https:\/\/www.nexoinformativo.mx\/wp-content\/uploads\/2025\/03\/PHOTO-2025-03-13-17-12-45-2.jpg\" \/>\n\t<meta property=\"og:image:width\" content=\"612\" \/>\n\t<meta property=\"og:image:height\" content=\"408\" \/>\n\t<meta property=\"og:image:type\" content=\"image\/jpeg\" \/>\n<meta name=\"author\" content=\"Nexo Informativo\" \/>\n<meta name=\"twitter:card\" content=\"summary_large_image\" \/>\n<meta name=\"twitter:label1\" content=\"Escrito por\" \/>\n\t<meta name=\"twitter:data1\" content=\"Nexo Informativo\" \/>\n\t<meta name=\"twitter:label2\" content=\"Tiempo de lectura\" \/>\n\t<meta name=\"twitter:data2\" content=\"2 minutos\" \/>\n<script type=\"application\/ld+json\" class=\"yoast-schema-graph\">{\"@context\":\"https:\/\/schema.org\",\"@graph\":[{\"@type\":\"Article\",\"@id\":\"https:\/\/www.nexoinformativo.mx\/index.php\/2025\/03\/13\/tren-mexico-queretaro-kuri-busca-optimizar-estaciones-con-nuevas-propuestas-estrategicas\/#article\",\"isPartOf\":{\"@id\":\"https:\/\/www.nexoinformativo.mx\/index.php\/2025\/03\/13\/tren-mexico-queretaro-kuri-busca-optimizar-estaciones-con-nuevas-propuestas-estrategicas\/\"},\"author\":{\"name\":\"Nexo Informativo\",\"@id\":\"https:\/\/www.nexoinformativo.mx\/#\/schema\/person\/7749d380ba08c8ca00d7bc76fd907b7d\"},\"headline\":\"Tren M\u00e9xico-Quer\u00e9taro Kuri busca optimizar estaciones con nuevas propuestas\u00a0estrat\u00e9gicas\",\"datePublished\":\"2025-03-13T20:00:03+00:00\",\"dateModified\":\"2025-03-14T00:45:06+00:00\",\"mainEntityOfPage\":{\"@id\":\"https:\/\/www.nexoinformativo.mx\/index.php\/2025\/03\/13\/tren-mexico-queretaro-kuri-busca-optimizar-estaciones-con-nuevas-propuestas-estrategicas\/\"},\"wordCount\":230,\"commentCount\":0,\"publisher\":{\"@id\":\"https:\/\/www.nexoinformativo.mx\/#organization\"},\"image\":{\"@id\":\"https:\/\/www.nexoinformativo.mx\/index.php\/2025\/03\/13\/tren-mexico-queretaro-kuri-busca-optimizar-estaciones-con-nuevas-propuestas-estrategicas\/#primaryimage\"},\"thumbnailUrl\":\"https:\/\/www.nexoinformativo.mx\/wp-content\/uploads\/2025\/03\/PHOTO-2025-03-13-17-12-45-2.jpg\",\"keywords\":[\"Infraestructura\",\"MauricioKuri\",\"MovilidadQro\",\"TrenMexicoQuer\u00e9taro\"],\"articleSection\":[\"Econom\u00eda\",\"Estado\",\"\u00daltima Hora\"],\"inLanguage\":\"es\",\"potentialAction\":[{\"@type\":\"CommentAction\",\"name\":\"Comment\",\"target\":[\"https:\/\/www.nexoinformativo.mx\/index.php\/2025\/03\/13\/tren-mexico-queretaro-kuri-busca-optimizar-estaciones-con-nuevas-propuestas-estrategicas\/#respond\"]}]},{\"@type\":\"WebPage\",\"@id\":\"https:\/\/www.nexoinformativo.mx\/index.php\/2025\/03\/13\/tren-mexico-queretaro-kuri-busca-optimizar-estaciones-con-nuevas-propuestas-estrategicas\/\",\"url\":\"https:\/\/www.nexoinformativo.mx\/index.php\/2025\/03\/13\/tren-mexico-queretaro-kuri-busca-optimizar-estaciones-con-nuevas-propuestas-estrategicas\/\",\"name\":\"Tren M\u00e9xico-Quer\u00e9taro Kuri busca optimizar estaciones con nuevas propuestas\u00a0estrat\u00e9gicas | Nexo Informativo Santiago de Quer\u00e9taro\",\"isPartOf\":{\"@id\":\"https:\/\/www.nexoinformativo.mx\/#website\"},\"primaryImageOfPage\":{\"@id\":\"https:\/\/www.nexoinformativo.mx\/index.php\/2025\/03\/13\/tren-mexico-queretaro-kuri-busca-optimizar-estaciones-con-nuevas-propuestas-estrategicas\/#primaryimage\"},\"image\":{\"@id\":\"https:\/\/www.nexoinformativo.mx\/index.php\/2025\/03\/13\/tren-mexico-queretaro-kuri-busca-optimizar-estaciones-con-nuevas-propuestas-estrategicas\/#primaryimage\"},\"thumbnailUrl\":\"https:\/\/www.nexoinformativo.mx\/wp-content\/uploads\/2025\/03\/PHOTO-2025-03-13-17-12-45-2.jpg\",\"datePublished\":\"2025-03-13T20:00:03+00:00\",\"dateModified\":\"2025-03-14T00:45:06+00:00\",\"description\":\"Tren M\u00e9xico-Quer\u00e9taro Kuri busca optimizar estaciones con nuevas propuestas\u00a0estrat\u00e9gicas\",\"breadcrumb\":{\"@id\":\"https:\/\/www.nexoinformativo.mx\/index.php\/2025\/03\/13\/tren-mexico-queretaro-kuri-busca-optimizar-estaciones-con-nuevas-propuestas-estrategicas\/#breadcrumb\"},\"inLanguage\":\"es\",\"potentialAction\":[{\"@type\":\"ReadAction\",\"target\":[\"https:\/\/www.nexoinformativo.mx\/index.php\/2025\/03\/13\/tren-mexico-queretaro-kuri-busca-optimizar-estaciones-con-nuevas-propuestas-estrategicas\/\"]}]},{\"@type\":\"ImageObject\",\"inLanguage\":\"es\",\"@id\":\"https:\/\/www.nexoinformativo.mx\/index.php\/2025\/03\/13\/tren-mexico-queretaro-kuri-busca-optimizar-estaciones-con-nuevas-propuestas-estrategicas\/#primaryimage\",\"url\":\"https:\/\/www.nexoinformativo.mx\/wp-content\/uploads\/2025\/03\/PHOTO-2025-03-13-17-12-45-2.jpg\",\"contentUrl\":\"https:\/\/www.nexoinformativo.mx\/wp-content\/uploads\/2025\/03\/PHOTO-2025-03-13-17-12-45-2.jpg\",\"width\":612,\"height\":408},{\"@type\":\"BreadcrumbList\",\"@id\":\"https:\/\/www.nexoinformativo.mx\/index.php\/2025\/03\/13\/tren-mexico-queretaro-kuri-busca-optimizar-estaciones-con-nuevas-propuestas-estrategicas\/#breadcrumb\",\"itemListElement\":[{\"@type\":\"ListItem\",\"position\":1,\"name\":\"Inicio\",\"item\":\"https:\/\/www.nexoinformativo.mx\/\"},{\"@type\":\"ListItem\",\"position\":2,\"name\":\"Tren M\u00e9xico-Quer\u00e9taro Kuri busca optimizar estaciones con nuevas propuestas\u00a0estrat\u00e9gicas\"}]},{\"@type\":\"WebSite\",\"@id\":\"https:\/\/www.nexoinformativo.mx\/#website\",\"url\":\"https:\/\/www.nexoinformativo.mx\/\",\"name\":\"Nexo Informativo Santiago de Quer\u00e9taro\",\"description\":\"Explora NexoInformativo y convi\u00e9rtete en parte de una comunidad que valora el conocimiento y la verdad. Tu nexoinformativo es tu puente hacia una comprensi\u00f3n m\u00e1s profunda del mundo que te rodea.\",\"publisher\":{\"@id\":\"https:\/\/www.nexoinformativo.mx\/#organization\"},\"potentialAction\":[{\"@type\":\"SearchAction\",\"target\":{\"@type\":\"EntryPoint\",\"urlTemplate\":\"https:\/\/www.nexoinformativo.mx\/?s={search_term_string}\"},\"query-input\":{\"@type\":\"PropertyValueSpecification\",\"valueRequired\":true,\"valueName\":\"search_term_string\"}}],\"inLanguage\":\"es\"},{\"@type\":\"Organization\",\"@id\":\"https:\/\/www.nexoinformativo.mx\/#organization\",\"name\":\"Nexo Informativo Santiago de Quer\u00e9taro\",\"url\":\"https:\/\/www.nexoinformativo.mx\/\",\"logo\":{\"@type\":\"ImageObject\",\"inLanguage\":\"es\",\"@id\":\"https:\/\/www.nexoinformativo.mx\/#\/schema\/logo\/image\/\",\"url\":\"https:\/\/www.nexoinformativo.mx\/wp-content\/uploads\/2024\/07\/nexoi-trasparente-2.png\",\"contentUrl\":\"https:\/\/www.nexoinformativo.mx\/wp-content\/uploads\/2024\/07\/nexoi-trasparente-2.png\",\"width\":816,\"height\":339,\"caption\":\"Nexo Informativo Santiago de Quer\u00e9taro\"},\"image\":{\"@id\":\"https:\/\/www.nexoinformativo.mx\/#\/schema\/logo\/image\/\"},\"sameAs\":[\"https:\/\/www.facebook.com\/people\/Nexo-Informativo\/61564066885511\/\"]},{\"@type\":\"Person\",\"@id\":\"https:\/\/www.nexoinformativo.mx\/#\/schema\/person\/7749d380ba08c8ca00d7bc76fd907b7d\",\"name\":\"Nexo Informativo\",\"image\":{\"@type\":\"ImageObject\",\"inLanguage\":\"es\",\"@id\":\"https:\/\/www.nexoinformativo.mx\/#\/schema\/person\/image\/\",\"url\":\"https:\/\/secure.gravatar.com\/avatar\/dde2928154642a13d95f87ddf1ea9718fe2b46760a005c53e41ff5ad610704e6?s=96&d=mm&r=g\",\"contentUrl\":\"https:\/\/secure.gravatar.com\/avatar\/dde2928154642a13d95f87ddf1ea9718fe2b46760a005c53e41ff5ad610704e6?s=96&d=mm&r=g\",\"caption\":\"Nexo Informativo\"},\"url\":\"https:\/\/www.nexoinformativo.mx\/index.php\/author\/edicion\/\"}]}<\/script>\n<!-- \/ Yoast SEO plugin. -->","yoast_head_json":{"title":"Tren M\u00e9xico-Quer\u00e9taro Kuri busca optimizar estaciones con nuevas propuestas\u00a0estrat\u00e9gicas | Nexo Informativo Santiago de Quer\u00e9taro","description":"Tren M\u00e9xico-Quer\u00e9taro Kuri busca optimizar estaciones con nuevas propuestas\u00a0estrat\u00e9gicas","robots":{"index":"index","follow":"follow","max-snippet":"max-snippet:-1","max-image-preview":"max-image-preview:large","max-video-preview":"max-video-preview:-1"},"canonical":"https:\/\/www.nexoinformativo.mx\/index.php\/2025\/03\/13\/tren-mexico-queretaro-kuri-busca-optimizar-estaciones-con-nuevas-propuestas-estrategicas\/","og_locale":"es_MX","og_type":"article","og_title":"Tren M\u00e9xico-Quer\u00e9taro Kuri busca optimizar estaciones con nuevas propuestas\u00a0estrat\u00e9gicas | Nexo Informativo Santiago de Quer\u00e9taro","og_description":"Tren M\u00e9xico-Quer\u00e9taro Kuri busca optimizar estaciones con nuevas propuestas\u00a0estrat\u00e9gicas","og_url":"https:\/\/www.nexoinformativo.mx\/index.php\/2025\/03\/13\/tren-mexico-queretaro-kuri-busca-optimizar-estaciones-con-nuevas-propuestas-estrategicas\/","og_site_name":"Nexo Informativo Santiago de Quer\u00e9taro","article_publisher":"https:\/\/www.facebook.com\/people\/Nexo-Informativo\/61564066885511\/","article_published_time":"2025-03-13T20:00:03+00:00","article_modified_time":"2025-03-14T00:45:06+00:00","og_image":[{"width":612,"height":408,"url":"https:\/\/www.nexoinformativo.mx\/wp-content\/uploads\/2025\/03\/PHOTO-2025-03-13-17-12-45-2.jpg","type":"image\/jpeg"}],"author":"Nexo Informativo","twitter_card":"summary_large_image","twitter_misc":{"Escrito por":"Nexo Informativo","Tiempo de lectura":"2 minutos"},"schema":{"@context":"https:\/\/schema.org","@graph":[{"@type":"Article","@id":"https:\/\/www.nexoinformativo.mx\/index.php\/2025\/03\/13\/tren-mexico-queretaro-kuri-busca-optimizar-estaciones-con-nuevas-propuestas-estrategicas\/#article","isPartOf":{"@id":"https:\/\/www.nexoinformativo.mx\/index.php\/2025\/03\/13\/tren-mexico-queretaro-kuri-busca-optimizar-estaciones-con-nuevas-propuestas-estrategicas\/"},"author":{"name":"Nexo Informativo","@id":"https:\/\/www.nexoinformativo.mx\/#\/schema\/person\/7749d380ba08c8ca00d7bc76fd907b7d"},"headline":"Tren M\u00e9xico-Quer\u00e9taro Kuri busca optimizar estaciones con nuevas propuestas\u00a0estrat\u00e9gicas","datePublished":"2025-03-13T20:00:03+00:00","dateModified":"2025-03-14T00:45:06+00:00","mainEntityOfPage":{"@id":"https:\/\/www.nexoinformativo.mx\/index.php\/2025\/03\/13\/tren-mexico-queretaro-kuri-busca-optimizar-estaciones-con-nuevas-propuestas-estrategicas\/"},"wordCount":230,"commentCount":0,"publisher":{"@id":"https:\/\/www.nexoinformativo.mx\/#organization"},"image":{"@id":"https:\/\/www.nexoinformativo.mx\/index.php\/2025\/03\/13\/tren-mexico-queretaro-kuri-busca-optimizar-estaciones-con-nuevas-propuestas-estrategicas\/#primaryimage"},"thumbnailUrl":"https:\/\/www.nexoinformativo.mx\/wp-content\/uploads\/2025\/03\/PHOTO-2025-03-13-17-12-45-2.jpg","keywords":["Infraestructura","MauricioKuri","MovilidadQro","TrenMexicoQuer\u00e9taro"],"articleSection":["Econom\u00eda","Estado","\u00daltima Hora"],"inLanguage":"es","potentialAction":[{"@type":"CommentAction","name":"Comment","target":["https:\/\/www.nexoinformativo.mx\/index.php\/2025\/03\/13\/tren-mexico-queretaro-kuri-busca-optimizar-estaciones-con-nuevas-propuestas-estrategicas\/#respond"]}]},{"@type":"WebPage","@id":"https:\/\/www.nexoinformativo.mx\/index.php\/2025\/03\/13\/tren-mexico-queretaro-kuri-busca-optimizar-estaciones-con-nuevas-propuestas-estrategicas\/","url":"https:\/\/www.nexoinformativo.mx\/index.php\/2025\/03\/13\/tren-mexico-queretaro-kuri-busca-optimizar-estaciones-con-nuevas-propuestas-estrategicas\/","name":"Tren M\u00e9xico-Quer\u00e9taro Kuri busca optimizar estaciones con nuevas propuestas\u00a0estrat\u00e9gicas | Nexo Informativo Santiago de Quer\u00e9taro","isPartOf":{"@id":"https:\/\/www.nexoinformativo.mx\/#website"},"primaryImageOfPage":{"@id":"https:\/\/www.nexoinformativo.mx\/index.php\/2025\/03\/13\/tren-mexico-queretaro-kuri-busca-optimizar-estaciones-con-nuevas-propuestas-estrategicas\/#primaryimage"},"image":{"@id":"https:\/\/www.nexoinformativo.mx\/index.php\/2025\/03\/13\/tren-mexico-queretaro-kuri-busca-optimizar-estaciones-con-nuevas-propuestas-estrategicas\/#primaryimage"},"thumbnailUrl":"https:\/\/www.nexoinformativo.mx\/wp-content\/uploads\/2025\/03\/PHOTO-2025-03-13-17-12-45-2.jpg","datePublished":"2025-03-13T20:00:03+00:00","dateModified":"2025-03-14T00:45:06+00:00","description":"Tren M\u00e9xico-Quer\u00e9taro Kuri busca optimizar estaciones con nuevas propuestas\u00a0estrat\u00e9gicas","breadcrumb":{"@id":"https:\/\/www.nexoinformativo.mx\/index.php\/2025\/03\/13\/tren-mexico-queretaro-kuri-busca-optimizar-estaciones-con-nuevas-propuestas-estrategicas\/#breadcrumb"},"inLanguage":"es","potentialAction":[{"@type":"ReadAction","target":["https:\/\/www.nexoinformativo.mx\/index.php\/2025\/03\/13\/tren-mexico-queretaro-kuri-busca-optimizar-estaciones-con-nuevas-propuestas-estrategicas\/"]}]},{"@type":"ImageObject","inLanguage":"es","@id":"https:\/\/www.nexoinformativo.mx\/index.php\/2025\/03\/13\/tren-mexico-queretaro-kuri-busca-optimizar-estaciones-con-nuevas-propuestas-estrategicas\/#primaryimage","url":"https:\/\/www.nexoinformativo.mx\/wp-content\/uploads\/2025\/03\/PHOTO-2025-03-13-17-12-45-2.jpg","contentUrl":"https:\/\/www.nexoinformativo.mx\/wp-content\/uploads\/2025\/03\/PHOTO-2025-03-13-17-12-45-2.jpg","width":612,"height":408},{"@type":"BreadcrumbList","@id":"https:\/\/www.nexoinformativo.mx\/index.php\/2025\/03\/13\/tren-mexico-queretaro-kuri-busca-optimizar-estaciones-con-nuevas-propuestas-estrategicas\/#breadcrumb","itemListElement":[{"@type":"ListItem","position":1,"name":"Inicio","item":"https:\/\/www.nexoinformativo.mx\/"},{"@type":"ListItem","position":2,"name":"Tren M\u00e9xico-Quer\u00e9taro Kuri busca optimizar estaciones con nuevas propuestas\u00a0estrat\u00e9gicas"}]},{"@type":"WebSite","@id":"https:\/\/www.nexoinformativo.mx\/#website","url":"https:\/\/www.nexoinformativo.mx\/","name":"Nexo Informativo Santiago de Quer\u00e9taro","description":"Explora NexoInformativo y convi\u00e9rtete en parte de una comunidad que valora el conocimiento y la verdad. Tu nexoinformativo es tu puente hacia una comprensi\u00f3n m\u00e1s profunda del mundo que te rodea.","publisher":{"@id":"https:\/\/www.nexoinformativo.mx\/#organization"},"potentialAction":[{"@type":"SearchAction","target":{"@type":"EntryPoint","urlTemplate":"https:\/\/www.nexoinformativo.mx\/?s={search_term_string}"},"query-input":{"@type":"PropertyValueSpecification","valueRequired":true,"valueName":"search_term_string"}}],"inLanguage":"es"},{"@type":"Organization","@id":"https:\/\/www.nexoinformativo.mx\/#organization","name":"Nexo Informativo Santiago de Quer\u00e9taro","url":"https:\/\/www.nexoinformativo.mx\/","logo":{"@type":"ImageObject","inLanguage":"es","@id":"https:\/\/www.nexoinformativo.mx\/#\/schema\/logo\/image\/","url":"https:\/\/www.nexoinformativo.mx\/wp-content\/uploads\/2024\/07\/nexoi-trasparente-2.png","contentUrl":"https:\/\/www.nexoinformativo.mx\/wp-content\/uploads\/2024\/07\/nexoi-trasparente-2.png","width":816,"height":339,"caption":"Nexo Informativo Santiago de Quer\u00e9taro"},"image":{"@id":"https:\/\/www.nexoinformativo.mx\/#\/schema\/logo\/image\/"},"sameAs":["https:\/\/www.facebook.com\/people\/Nexo-Informativo\/61564066885511\/"]},{"@type":"Person","@id":"https:\/\/www.nexoinformativo.mx\/#\/schema\/person\/7749d380ba08c8ca00d7bc76fd907b7d","name":"Nexo Informativo","image":{"@type":"ImageObject","inLanguage":"es","@id":"https:\/\/www.nexoinformativo.mx\/#\/schema\/person\/image\/","url":"https:\/\/secure.gravatar.com\/avatar\/dde2928154642a13d95f87ddf1ea9718fe2b46760a005c53e41ff5ad610704e6?s=96&d=mm&r=g","contentUrl":"https:\/\/secure.gravatar.com\/avatar\/dde2928154642a13d95f87ddf1ea9718fe2b46760a005c53e41ff5ad610704e6?s=96&d=mm&r=g","caption":"Nexo Informativo"},"url":"https:\/\/www.nexoinformativo.mx\/index.php\/author\/edicion\/"}]}},"_links":{"self":[{"href":"https:\/\/www.nexoinformativo.mx\/index.php\/wp-json\/wp\/v2\/posts\/12729","targetHints":{"allow":["GET"]}}],"collection":[{"href":"https:\/\/www.nexoinformativo.mx\/index.php\/wp-json\/wp\/v2\/posts"}],"about":[{"href":"https:\/\/www.nexoinformativo.mx\/index.php\/wp-json\/wp\/v2\/types\/post"}],"author":[{"embeddable":true,"href":"https:\/\/www.nexoinformativo.mx\/index.php\/wp-json\/wp\/v2\/users\/3"}],"replies":[{"embeddable":true,"href":"https:\/\/www.nexoinformativo.mx\/index.php\/wp-json\/wp\/v2\/comments?post=12729"}],"version-history":[{"count":4,"href":"https:\/\/www.nexoinformativo.mx\/index.php\/wp-json\/wp\/v2\/posts\/12729\/revisions"}],"predecessor-version":[{"id":12760,"href":"https:\/\/www.nexoinformativo.mx\/index.php\/wp-json\/wp\/v2\/posts\/12729\/revisions\/12760"}],"wp:featuredmedia":[{"embeddable":true,"href":"https:\/\/www.nexoinformativo.mx\/index.php\/wp-json\/wp\/v2\/media\/12733"}],"wp:attachment":[{"href":"https:\/\/www.nexoinformativo.mx\/index.php\/wp-json\/wp\/v2\/media?parent=12729"}],"wp:term":[{"taxonomy":"category","embeddable":true,"href":"https:\/\/www.nexoinformativo.mx\/index.php\/wp-json\/wp\/v2\/categories?post=12729"},{"taxonomy":"post_tag","embeddable":true,"href":"https:\/\/www.nexoinformativo.mx\/index.php\/wp-json\/wp\/v2\/tags?post=12729"}],"curies":[{"name":"wp","href":"https:\/\/api.w.org\/{rel}","templated":true}]}}