{"id":12736,"date":"2025-03-13T15:00:10","date_gmt":"2025-03-13T21:00:10","guid":{"rendered":"https:\/\/www.nexoinformativo.mx\/?p=12736"},"modified":"2025-03-13T18:09:51","modified_gmt":"2025-03-14T00:09:51","slug":"puente-de-marzo-2025-generara-una-derrama-economica-de-63-mil-millones-de-pesos","status":"publish","type":"post","link":"https:\/\/www.nexoinformativo.mx\/index.php\/2025\/03\/13\/puente-de-marzo-2025-generara-una-derrama-economica-de-63-mil-millones-de-pesos\/","title":{"rendered":"Puente de marzo 2025 generar\u00e1 una derrama econ\u00f3mica de 63 mil millones de pesos en el pa\u00eds"},"content":{"rendered":"<p style=\"text-align: justify;\" data-sourcepos=\"13:1-13:300\">El segundo puente vacacional de 2025, con motivo del natalicio de Benito Ju\u00e1rez, promete ser un gran impulso para el turismo en M\u00e9xico, con una derrama econ\u00f3mica estimada de 63 mil 485 millones de pesos, seg\u00fan inform\u00f3 la secretaria de Turismo, Josefina Rodr\u00edguez Zamora.<\/p>\n<p>&nbsp;<\/p>\n<p style=\"text-align: justify;\" data-sourcepos=\"15:1-15:151\">Se espera que 3 millones 935 mil turistas se hospeden en los centros tur\u00edsticos del pa\u00eds, lo que representa un aumento del 1% respecto al a\u00f1o anterior.<\/p>\n<p>&nbsp;<\/p>\n<p style=\"text-align: justify;\" data-sourcepos=\"17:1-17:115\">La ocupaci\u00f3n hotelera promedio a nivel nacional se prev\u00e9 en un 71.4%, con un incremento de 0.6 puntos porcentuales.<\/p>\n<p>&nbsp;<\/p>\n<p style=\"text-align: justify;\" data-sourcepos=\"19:1-19:219\">Destacan destinos como Nuevo Nayarit, Riviera Maya, Canc\u00fan y Los Cabos, con altos porcentajes de ocupaci\u00f3n. Acapulco se posiciona como el destino m\u00e1s buscado, con un crecimiento del 103% en b\u00fasquedas, seg\u00fan Booking.com.<\/p>\n<p>&nbsp;<\/p>\n<p style=\"text-align: justify;\" data-sourcepos=\"21:1-21:139\">La secretaria de Turismo resalt\u00f3 el crecimiento del turismo dom\u00e9stico y la importancia de impulsar la riqueza natural y cultural de M\u00e9xico.<\/p>\n<p>&nbsp;<\/p>\n<p style=\"text-align: center;\" data-sourcepos=\"21:1-21:139\"><em><strong>\u00a1Informaci\u00f3n que transforma!<\/strong><\/em><\/p>\n","protected":false},"excerpt":{"rendered":"<p>El segundo puente vacacional de 2025, con motivo del natalicio de Benito Ju\u00e1rez, promete ser un gran impulso para el turismo en M\u00e9xico, con una derrama econ\u00f3mica estimada de 63 mil 485 millones de pesos, seg\u00fan inform\u00f3 la secretaria de Turismo, Josefina Rodr\u00edguez Zamora.<\/p>\n","protected":false},"author":3,"featured_media":12741,"comment_status":"open","ping_status":"open","sticky":false,"template":"","format":"standard","meta":{"footnotes":""},"categories":[5,88,58],"tags":[2721,3748,2220,3749],"class_list":["post-12736","post","type-post","status-publish","format-standard","has-post-thumbnail","hentry","category-economia","category-nacional","category-ultima-hora","tag-derramaeconomica","tag-puentemarzo2025","tag-turismomexico","tag-viajesmexico"],"yoast_head":"<!-- This site is optimized with the Yoast SEO plugin v25.0 - https:\/\/yoast.com\/wordpress\/plugins\/seo\/ -->\n<title>Puente de marzo 2025 generar\u00e1 una derrama econ\u00f3mica de 63 mil millones de pesos en el pa\u00eds | Nexo Informativo Santiago de Quer\u00e9taro<\/title>\n<meta name=\"description\" content=\"Puente de marzo 2025 generar\u00e1 una derrama econ\u00f3mica de 63 mil millones de pesos en el pa\u00eds\" \/>\n<meta name=\"robots\" content=\"index, follow, max-snippet:-1, max-image-preview:large, max-video-preview:-1\" \/>\n<link rel=\"canonical\" href=\"https:\/\/www.nexoinformativo.mx\/index.php\/2025\/03\/13\/puente-de-marzo-2025-generara-una-derrama-economica-de-63-mil-millones-de-pesos\/\" \/>\n<meta property=\"og:locale\" content=\"es_MX\" \/>\n<meta property=\"og:type\" content=\"article\" \/>\n<meta property=\"og:title\" content=\"Puente de marzo 2025 generar\u00e1 una derrama econ\u00f3mica de 63 mil millones de pesos en el pa\u00eds | Nexo Informativo Santiago de Quer\u00e9taro\" \/>\n<meta property=\"og:description\" content=\"Puente de marzo 2025 generar\u00e1 una derrama econ\u00f3mica de 63 mil millones de pesos en el pa\u00eds\" \/>\n<meta property=\"og:url\" content=\"https:\/\/www.nexoinformativo.mx\/index.php\/2025\/03\/13\/puente-de-marzo-2025-generara-una-derrama-economica-de-63-mil-millones-de-pesos\/\" \/>\n<meta property=\"og:site_name\" content=\"Nexo Informativo Santiago de Quer\u00e9taro\" \/>\n<meta property=\"article:publisher\" content=\"https:\/\/www.facebook.com\/people\/Nexo-Informativo\/61564066885511\/\" \/>\n<meta property=\"article:published_time\" content=\"2025-03-13T21:00:10+00:00\" \/>\n<meta property=\"article:modified_time\" content=\"2025-03-14T00:09:51+00:00\" \/>\n<meta property=\"og:image\" content=\"https:\/\/www.nexoinformativo.mx\/wp-content\/uploads\/2025\/03\/IMG_1628-e1741910922927.jpg\" \/>\n\t<meta property=\"og:image:width\" content=\"800\" \/>\n\t<meta property=\"og:image:height\" content=\"534\" \/>\n\t<meta property=\"og:image:type\" content=\"image\/jpeg\" \/>\n<meta name=\"author\" content=\"Nexo Informativo\" \/>\n<meta name=\"twitter:card\" content=\"summary_large_image\" \/>\n<meta name=\"twitter:label1\" content=\"Escrito por\" \/>\n\t<meta name=\"twitter:data1\" content=\"Nexo Informativo\" \/>\n\t<meta name=\"twitter:label2\" content=\"Tiempo de lectura\" \/>\n\t<meta name=\"twitter:data2\" content=\"1 minuto\" \/>\n<script type=\"application\/ld+json\" class=\"yoast-schema-graph\">{\"@context\":\"https:\/\/schema.org\",\"@graph\":[{\"@type\":\"Article\",\"@id\":\"https:\/\/www.nexoinformativo.mx\/index.php\/2025\/03\/13\/puente-de-marzo-2025-generara-una-derrama-economica-de-63-mil-millones-de-pesos\/#article\",\"isPartOf\":{\"@id\":\"https:\/\/www.nexoinformativo.mx\/index.php\/2025\/03\/13\/puente-de-marzo-2025-generara-una-derrama-economica-de-63-mil-millones-de-pesos\/\"},\"author\":{\"name\":\"Nexo Informativo\",\"@id\":\"https:\/\/www.nexoinformativo.mx\/#\/schema\/person\/7749d380ba08c8ca00d7bc76fd907b7d\"},\"headline\":\"Puente de marzo 2025 generar\u00e1 una derrama econ\u00f3mica de 63 mil millones de pesos en el pa\u00eds\",\"datePublished\":\"2025-03-13T21:00:10+00:00\",\"dateModified\":\"2025-03-14T00:09:51+00:00\",\"mainEntityOfPage\":{\"@id\":\"https:\/\/www.nexoinformativo.mx\/index.php\/2025\/03\/13\/puente-de-marzo-2025-generara-una-derrama-economica-de-63-mil-millones-de-pesos\/\"},\"wordCount\":179,\"commentCount\":0,\"publisher\":{\"@id\":\"https:\/\/www.nexoinformativo.mx\/#organization\"},\"image\":{\"@id\":\"https:\/\/www.nexoinformativo.mx\/index.php\/2025\/03\/13\/puente-de-marzo-2025-generara-una-derrama-economica-de-63-mil-millones-de-pesos\/#primaryimage\"},\"thumbnailUrl\":\"https:\/\/www.nexoinformativo.mx\/wp-content\/uploads\/2025\/03\/IMG_1628-e1741910922927.jpg\",\"keywords\":[\"DerramaEcon\u00f3mica\",\"PuenteMarzo2025\",\"TurismoM\u00e9xico\",\"ViajesM\u00e9xico\"],\"articleSection\":[\"Econom\u00eda\",\"Nacional\",\"\u00daltima Hora\"],\"inLanguage\":\"es\",\"potentialAction\":[{\"@type\":\"CommentAction\",\"name\":\"Comment\",\"target\":[\"https:\/\/www.nexoinformativo.mx\/index.php\/2025\/03\/13\/puente-de-marzo-2025-generara-una-derrama-economica-de-63-mil-millones-de-pesos\/#respond\"]}]},{\"@type\":\"WebPage\",\"@id\":\"https:\/\/www.nexoinformativo.mx\/index.php\/2025\/03\/13\/puente-de-marzo-2025-generara-una-derrama-economica-de-63-mil-millones-de-pesos\/\",\"url\":\"https:\/\/www.nexoinformativo.mx\/index.php\/2025\/03\/13\/puente-de-marzo-2025-generara-una-derrama-economica-de-63-mil-millones-de-pesos\/\",\"name\":\"Puente de marzo 2025 generar\u00e1 una derrama econ\u00f3mica de 63 mil millones de pesos en el pa\u00eds | Nexo Informativo Santiago de Quer\u00e9taro\",\"isPartOf\":{\"@id\":\"https:\/\/www.nexoinformativo.mx\/#website\"},\"primaryImageOfPage\":{\"@id\":\"https:\/\/www.nexoinformativo.mx\/index.php\/2025\/03\/13\/puente-de-marzo-2025-generara-una-derrama-economica-de-63-mil-millones-de-pesos\/#primaryimage\"},\"image\":{\"@id\":\"https:\/\/www.nexoinformativo.mx\/index.php\/2025\/03\/13\/puente-de-marzo-2025-generara-una-derrama-economica-de-63-mil-millones-de-pesos\/#primaryimage\"},\"thumbnailUrl\":\"https:\/\/www.nexoinformativo.mx\/wp-content\/uploads\/2025\/03\/IMG_1628-e1741910922927.jpg\",\"datePublished\":\"2025-03-13T21:00:10+00:00\",\"dateModified\":\"2025-03-14T00:09:51+00:00\",\"description\":\"Puente de marzo 2025 generar\u00e1 una derrama econ\u00f3mica de 63 mil millones de pesos en el pa\u00eds\",\"breadcrumb\":{\"@id\":\"https:\/\/www.nexoinformativo.mx\/index.php\/2025\/03\/13\/puente-de-marzo-2025-generara-una-derrama-economica-de-63-mil-millones-de-pesos\/#breadcrumb\"},\"inLanguage\":\"es\",\"potentialAction\":[{\"@type\":\"ReadAction\",\"target\":[\"https:\/\/www.nexoinformativo.mx\/index.php\/2025\/03\/13\/puente-de-marzo-2025-generara-una-derrama-economica-de-63-mil-millones-de-pesos\/\"]}]},{\"@type\":\"ImageObject\",\"inLanguage\":\"es\",\"@id\":\"https:\/\/www.nexoinformativo.mx\/index.php\/2025\/03\/13\/puente-de-marzo-2025-generara-una-derrama-economica-de-63-mil-millones-de-pesos\/#primaryimage\",\"url\":\"https:\/\/www.nexoinformativo.mx\/wp-content\/uploads\/2025\/03\/IMG_1628-e1741910922927.jpg\",\"contentUrl\":\"https:\/\/www.nexoinformativo.mx\/wp-content\/uploads\/2025\/03\/IMG_1628-e1741910922927.jpg\",\"width\":800,\"height\":534},{\"@type\":\"BreadcrumbList\",\"@id\":\"https:\/\/www.nexoinformativo.mx\/index.php\/2025\/03\/13\/puente-de-marzo-2025-generara-una-derrama-economica-de-63-mil-millones-de-pesos\/#breadcrumb\",\"itemListElement\":[{\"@type\":\"ListItem\",\"position\":1,\"name\":\"Inicio\",\"item\":\"https:\/\/www.nexoinformativo.mx\/\"},{\"@type\":\"ListItem\",\"position\":2,\"name\":\"Puente de marzo 2025 generar\u00e1 una derrama econ\u00f3mica de 63 mil millones de pesos en el pa\u00eds\"}]},{\"@type\":\"WebSite\",\"@id\":\"https:\/\/www.nexoinformativo.mx\/#website\",\"url\":\"https:\/\/www.nexoinformativo.mx\/\",\"name\":\"Nexo Informativo Santiago de Quer\u00e9taro\",\"description\":\"Explora NexoInformativo y convi\u00e9rtete en parte de una comunidad que valora el conocimiento y la verdad. Tu nexoinformativo es tu puente hacia una comprensi\u00f3n m\u00e1s profunda del mundo que te rodea.\",\"publisher\":{\"@id\":\"https:\/\/www.nexoinformativo.mx\/#organization\"},\"potentialAction\":[{\"@type\":\"SearchAction\",\"target\":{\"@type\":\"EntryPoint\",\"urlTemplate\":\"https:\/\/www.nexoinformativo.mx\/?s={search_term_string}\"},\"query-input\":{\"@type\":\"PropertyValueSpecification\",\"valueRequired\":true,\"valueName\":\"search_term_string\"}}],\"inLanguage\":\"es\"},{\"@type\":\"Organization\",\"@id\":\"https:\/\/www.nexoinformativo.mx\/#organization\",\"name\":\"Nexo Informativo Santiago de Quer\u00e9taro\",\"url\":\"https:\/\/www.nexoinformativo.mx\/\",\"logo\":{\"@type\":\"ImageObject\",\"inLanguage\":\"es\",\"@id\":\"https:\/\/www.nexoinformativo.mx\/#\/schema\/logo\/image\/\",\"url\":\"https:\/\/www.nexoinformativo.mx\/wp-content\/uploads\/2024\/07\/nexoi-trasparente-2.png\",\"contentUrl\":\"https:\/\/www.nexoinformativo.mx\/wp-content\/uploads\/2024\/07\/nexoi-trasparente-2.png\",\"width\":816,\"height\":339,\"caption\":\"Nexo Informativo Santiago de Quer\u00e9taro\"},\"image\":{\"@id\":\"https:\/\/www.nexoinformativo.mx\/#\/schema\/logo\/image\/\"},\"sameAs\":[\"https:\/\/www.facebook.com\/people\/Nexo-Informativo\/61564066885511\/\"]},{\"@type\":\"Person\",\"@id\":\"https:\/\/www.nexoinformativo.mx\/#\/schema\/person\/7749d380ba08c8ca00d7bc76fd907b7d\",\"name\":\"Nexo Informativo\",\"image\":{\"@type\":\"ImageObject\",\"inLanguage\":\"es\",\"@id\":\"https:\/\/www.nexoinformativo.mx\/#\/schema\/person\/image\/\",\"url\":\"https:\/\/secure.gravatar.com\/avatar\/dde2928154642a13d95f87ddf1ea9718fe2b46760a005c53e41ff5ad610704e6?s=96&d=mm&r=g\",\"contentUrl\":\"https:\/\/secure.gravatar.com\/avatar\/dde2928154642a13d95f87ddf1ea9718fe2b46760a005c53e41ff5ad610704e6?s=96&d=mm&r=g\",\"caption\":\"Nexo Informativo\"},\"url\":\"https:\/\/www.nexoinformativo.mx\/index.php\/author\/edicion\/\"}]}<\/script>\n<!-- \/ Yoast SEO plugin. -->","yoast_head_json":{"title":"Puente de marzo 2025 generar\u00e1 una derrama econ\u00f3mica de 63 mil millones de pesos en el pa\u00eds | Nexo Informativo Santiago de Quer\u00e9taro","description":"Puente de marzo 2025 generar\u00e1 una derrama econ\u00f3mica de 63 mil millones de pesos en el pa\u00eds","robots":{"index":"index","follow":"follow","max-snippet":"max-snippet:-1","max-image-preview":"max-image-preview:large","max-video-preview":"max-video-preview:-1"},"canonical":"https:\/\/www.nexoinformativo.mx\/index.php\/2025\/03\/13\/puente-de-marzo-2025-generara-una-derrama-economica-de-63-mil-millones-de-pesos\/","og_locale":"es_MX","og_type":"article","og_title":"Puente de marzo 2025 generar\u00e1 una derrama econ\u00f3mica de 63 mil millones de pesos en el pa\u00eds | Nexo Informativo Santiago de Quer\u00e9taro","og_description":"Puente de marzo 2025 generar\u00e1 una derrama econ\u00f3mica de 63 mil millones de pesos en el pa\u00eds","og_url":"https:\/\/www.nexoinformativo.mx\/index.php\/2025\/03\/13\/puente-de-marzo-2025-generara-una-derrama-economica-de-63-mil-millones-de-pesos\/","og_site_name":"Nexo Informativo Santiago de Quer\u00e9taro","article_publisher":"https:\/\/www.facebook.com\/people\/Nexo-Informativo\/61564066885511\/","article_published_time":"2025-03-13T21:00:10+00:00","article_modified_time":"2025-03-14T00:09:51+00:00","og_image":[{"width":800,"height":534,"url":"https:\/\/www.nexoinformativo.mx\/wp-content\/uploads\/2025\/03\/IMG_1628-e1741910922927.jpg","type":"image\/jpeg"}],"author":"Nexo Informativo","twitter_card":"summary_large_image","twitter_misc":{"Escrito por":"Nexo Informativo","Tiempo de lectura":"1 minuto"},"schema":{"@context":"https:\/\/schema.org","@graph":[{"@type":"Article","@id":"https:\/\/www.nexoinformativo.mx\/index.php\/2025\/03\/13\/puente-de-marzo-2025-generara-una-derrama-economica-de-63-mil-millones-de-pesos\/#article","isPartOf":{"@id":"https:\/\/www.nexoinformativo.mx\/index.php\/2025\/03\/13\/puente-de-marzo-2025-generara-una-derrama-economica-de-63-mil-millones-de-pesos\/"},"author":{"name":"Nexo Informativo","@id":"https:\/\/www.nexoinformativo.mx\/#\/schema\/person\/7749d380ba08c8ca00d7bc76fd907b7d"},"headline":"Puente de marzo 2025 generar\u00e1 una derrama econ\u00f3mica de 63 mil millones de pesos en el pa\u00eds","datePublished":"2025-03-13T21:00:10+00:00","dateModified":"2025-03-14T00:09:51+00:00","mainEntityOfPage":{"@id":"https:\/\/www.nexoinformativo.mx\/index.php\/2025\/03\/13\/puente-de-marzo-2025-generara-una-derrama-economica-de-63-mil-millones-de-pesos\/"},"wordCount":179,"commentCount":0,"publisher":{"@id":"https:\/\/www.nexoinformativo.mx\/#organization"},"image":{"@id":"https:\/\/www.nexoinformativo.mx\/index.php\/2025\/03\/13\/puente-de-marzo-2025-generara-una-derrama-economica-de-63-mil-millones-de-pesos\/#primaryimage"},"thumbnailUrl":"https:\/\/www.nexoinformativo.mx\/wp-content\/uploads\/2025\/03\/IMG_1628-e1741910922927.jpg","keywords":["DerramaEcon\u00f3mica","PuenteMarzo2025","TurismoM\u00e9xico","ViajesM\u00e9xico"],"articleSection":["Econom\u00eda","Nacional","\u00daltima Hora"],"inLanguage":"es","potentialAction":[{"@type":"CommentAction","name":"Comment","target":["https:\/\/www.nexoinformativo.mx\/index.php\/2025\/03\/13\/puente-de-marzo-2025-generara-una-derrama-economica-de-63-mil-millones-de-pesos\/#respond"]}]},{"@type":"WebPage","@id":"https:\/\/www.nexoinformativo.mx\/index.php\/2025\/03\/13\/puente-de-marzo-2025-generara-una-derrama-economica-de-63-mil-millones-de-pesos\/","url":"https:\/\/www.nexoinformativo.mx\/index.php\/2025\/03\/13\/puente-de-marzo-2025-generara-una-derrama-economica-de-63-mil-millones-de-pesos\/","name":"Puente de marzo 2025 generar\u00e1 una derrama econ\u00f3mica de 63 mil millones de pesos en el pa\u00eds | Nexo Informativo Santiago de Quer\u00e9taro","isPartOf":{"@id":"https:\/\/www.nexoinformativo.mx\/#website"},"primaryImageOfPage":{"@id":"https:\/\/www.nexoinformativo.mx\/index.php\/2025\/03\/13\/puente-de-marzo-2025-generara-una-derrama-economica-de-63-mil-millones-de-pesos\/#primaryimage"},"image":{"@id":"https:\/\/www.nexoinformativo.mx\/index.php\/2025\/03\/13\/puente-de-marzo-2025-generara-una-derrama-economica-de-63-mil-millones-de-pesos\/#primaryimage"},"thumbnailUrl":"https:\/\/www.nexoinformativo.mx\/wp-content\/uploads\/2025\/03\/IMG_1628-e1741910922927.jpg","datePublished":"2025-03-13T21:00:10+00:00","dateModified":"2025-03-14T00:09:51+00:00","description":"Puente de marzo 2025 generar\u00e1 una derrama econ\u00f3mica de 63 mil millones de pesos en el pa\u00eds","breadcrumb":{"@id":"https:\/\/www.nexoinformativo.mx\/index.php\/2025\/03\/13\/puente-de-marzo-2025-generara-una-derrama-economica-de-63-mil-millones-de-pesos\/#breadcrumb"},"inLanguage":"es","potentialAction":[{"@type":"ReadAction","target":["https:\/\/www.nexoinformativo.mx\/index.php\/2025\/03\/13\/puente-de-marzo-2025-generara-una-derrama-economica-de-63-mil-millones-de-pesos\/"]}]},{"@type":"ImageObject","inLanguage":"es","@id":"https:\/\/www.nexoinformativo.mx\/index.php\/2025\/03\/13\/puente-de-marzo-2025-generara-una-derrama-economica-de-63-mil-millones-de-pesos\/#primaryimage","url":"https:\/\/www.nexoinformativo.mx\/wp-content\/uploads\/2025\/03\/IMG_1628-e1741910922927.jpg","contentUrl":"https:\/\/www.nexoinformativo.mx\/wp-content\/uploads\/2025\/03\/IMG_1628-e1741910922927.jpg","width":800,"height":534},{"@type":"BreadcrumbList","@id":"https:\/\/www.nexoinformativo.mx\/index.php\/2025\/03\/13\/puente-de-marzo-2025-generara-una-derrama-economica-de-63-mil-millones-de-pesos\/#breadcrumb","itemListElement":[{"@type":"ListItem","position":1,"name":"Inicio","item":"https:\/\/www.nexoinformativo.mx\/"},{"@type":"ListItem","position":2,"name":"Puente de marzo 2025 generar\u00e1 una derrama econ\u00f3mica de 63 mil millones de pesos en el pa\u00eds"}]},{"@type":"WebSite","@id":"https:\/\/www.nexoinformativo.mx\/#website","url":"https:\/\/www.nexoinformativo.mx\/","name":"Nexo Informativo Santiago de Quer\u00e9taro","description":"Explora NexoInformativo y convi\u00e9rtete en parte de una comunidad que valora el conocimiento y la verdad. Tu nexoinformativo es tu puente hacia una comprensi\u00f3n m\u00e1s profunda del mundo que te rodea.","publisher":{"@id":"https:\/\/www.nexoinformativo.mx\/#organization"},"potentialAction":[{"@type":"SearchAction","target":{"@type":"EntryPoint","urlTemplate":"https:\/\/www.nexoinformativo.mx\/?s={search_term_string}"},"query-input":{"@type":"PropertyValueSpecification","valueRequired":true,"valueName":"search_term_string"}}],"inLanguage":"es"},{"@type":"Organization","@id":"https:\/\/www.nexoinformativo.mx\/#organization","name":"Nexo Informativo Santiago de Quer\u00e9taro","url":"https:\/\/www.nexoinformativo.mx\/","logo":{"@type":"ImageObject","inLanguage":"es","@id":"https:\/\/www.nexoinformativo.mx\/#\/schema\/logo\/image\/","url":"https:\/\/www.nexoinformativo.mx\/wp-content\/uploads\/2024\/07\/nexoi-trasparente-2.png","contentUrl":"https:\/\/www.nexoinformativo.mx\/wp-content\/uploads\/2024\/07\/nexoi-trasparente-2.png","width":816,"height":339,"caption":"Nexo Informativo Santiago de Quer\u00e9taro"},"image":{"@id":"https:\/\/www.nexoinformativo.mx\/#\/schema\/logo\/image\/"},"sameAs":["https:\/\/www.facebook.com\/people\/Nexo-Informativo\/61564066885511\/"]},{"@type":"Person","@id":"https:\/\/www.nexoinformativo.mx\/#\/schema\/person\/7749d380ba08c8ca00d7bc76fd907b7d","name":"Nexo Informativo","image":{"@type":"ImageObject","inLanguage":"es","@id":"https:\/\/www.nexoinformativo.mx\/#\/schema\/person\/image\/","url":"https:\/\/secure.gravatar.com\/avatar\/dde2928154642a13d95f87ddf1ea9718fe2b46760a005c53e41ff5ad610704e6?s=96&d=mm&r=g","contentUrl":"https:\/\/secure.gravatar.com\/avatar\/dde2928154642a13d95f87ddf1ea9718fe2b46760a005c53e41ff5ad610704e6?s=96&d=mm&r=g","caption":"Nexo Informativo"},"url":"https:\/\/www.nexoinformativo.mx\/index.php\/author\/edicion\/"}]}},"_links":{"self":[{"href":"https:\/\/www.nexoinformativo.mx\/index.php\/wp-json\/wp\/v2\/posts\/12736","targetHints":{"allow":["GET"]}}],"collection":[{"href":"https:\/\/www.nexoinformativo.mx\/index.php\/wp-json\/wp\/v2\/posts"}],"about":[{"href":"https:\/\/www.nexoinformativo.mx\/index.php\/wp-json\/wp\/v2\/types\/post"}],"author":[{"embeddable":true,"href":"https:\/\/www.nexoinformativo.mx\/index.php\/wp-json\/wp\/v2\/users\/3"}],"replies":[{"embeddable":true,"href":"https:\/\/www.nexoinformativo.mx\/index.php\/wp-json\/wp\/v2\/comments?post=12736"}],"version-history":[{"count":5,"href":"https:\/\/www.nexoinformativo.mx\/index.php\/wp-json\/wp\/v2\/posts\/12736\/revisions"}],"predecessor-version":[{"id":12742,"href":"https:\/\/www.nexoinformativo.mx\/index.php\/wp-json\/wp\/v2\/posts\/12736\/revisions\/12742"}],"wp:featuredmedia":[{"embeddable":true,"href":"https:\/\/www.nexoinformativo.mx\/index.php\/wp-json\/wp\/v2\/media\/12741"}],"wp:attachment":[{"href":"https:\/\/www.nexoinformativo.mx\/index.php\/wp-json\/wp\/v2\/media?parent=12736"}],"wp:term":[{"taxonomy":"category","embeddable":true,"href":"https:\/\/www.nexoinformativo.mx\/index.php\/wp-json\/wp\/v2\/categories?post=12736"},{"taxonomy":"post_tag","embeddable":true,"href":"https:\/\/www.nexoinformativo.mx\/index.php\/wp-json\/wp\/v2\/tags?post=12736"}],"curies":[{"name":"wp","href":"https:\/\/api.w.org\/{rel}","templated":true}]}}