{"id":12743,"date":"2025-03-13T16:00:54","date_gmt":"2025-03-13T22:00:54","guid":{"rendered":"https:\/\/www.nexoinformativo.mx\/?p=12743"},"modified":"2025-03-13T18:15:00","modified_gmt":"2025-03-14T00:15:00","slug":"equinoccio-2025-en-corregidora-horarios-y-eventos-para-un-fin-de-semana-con-musica-danza-y-tradicion","status":"publish","type":"post","link":"https:\/\/www.nexoinformativo.mx\/index.php\/2025\/03\/13\/equinoccio-2025-en-corregidora-horarios-y-eventos-para-un-fin-de-semana-con-musica-danza-y-tradicion\/","title":{"rendered":"\u00a1Equinoccio 2025 en Corregidora! Horarios y eventos para un fin de semana con m\u00fasica, danza y tradici\u00f3n"},"content":{"rendered":"<p style=\"text-align: justify;\" data-sourcepos=\"13:1-13:212\">El municipio de Corregidora se prepara para recibir la primavera con el <strong>Festival Equinoccio 2025<\/strong>, un evento lleno de m\u00fasica, danza, talleres y actividades para toda la familia.<\/p>\n<p>&nbsp;<\/p>\n<p style=\"text-align: justify;\" data-sourcepos=\"15:1-15:227\">Del <strong>14 al 16 de marzo<\/strong>, los asistentes podr\u00e1n disfrutar de conciertos gratuitos, espect\u00e1culos de videomapping en la Pir\u00e1mide, clases de yoga, talleres infantiles, danza folcl\u00f3rica y prehisp\u00e1nica, ceremonias de cacao y mucho m\u00e1s.<\/p>\n<p>&nbsp;<\/p>\n<p style=\"text-align: justify;\" data-sourcepos=\"17:1-17:158\"><strong>El viernes 14<\/strong>, la fiesta inicia a las 4:00 PM con bazar y food trucks, seguidos de talleres infantiles y la presentaci\u00f3n de Mouse, Saturno y Nortec Full Band.<\/p>\n<p>&nbsp;<\/p>\n<p style=\"text-align: justify;\" data-sourcepos=\"19:1-19:230\"><strong>El s\u00e1bado 15<\/strong>, las actividades comienzan a las 9:00 AM con clases de yoga, seguidas de talleres, danza folcl\u00f3rica y prehisp\u00e1nica, ceremonias de cacao, meditaci\u00f3n colectiva y los conciertos de Andrea Peraldi, DHAF, Mouse y Sussie 4.<\/p>\n<p>&nbsp;<\/p>\n<p style=\"text-align: justify;\" data-sourcepos=\"21:1-21:195\"><strong>El domingo 16<\/strong>, el festival cierra con bazar, danza folcl\u00f3rica, clases de yoga, m\u00fasica y danza prehisp\u00e1nica, meditaci\u00f3n colectiva, sonoterapia y la presentaci\u00f3n del grupo de concheros Cuaht\u00e9muchi.<\/p>\n<p>&nbsp;<\/p>\n<p style=\"text-align: justify;\" data-sourcepos=\"23:1-23:136\">El Festival Equinoccio 2025 busca promover el turismo y celebrar el inicio de la primavera con eventos gratuitos para toda la comunidad.<\/p>\n<p>&nbsp;<\/p>\n<p style=\"text-align: center;\" data-sourcepos=\"23:1-23:136\"><em><strong>\u00a1Informaci\u00f3n que transforma!<\/strong><\/em><\/p>\n<p data-sourcepos=\"23:1-23:136\">\n","protected":false},"excerpt":{"rendered":"<p>El municipio de Corregidora se prepara para recibir la primavera con el Festival Equinoccio 2025, un evento lleno de m\u00fasica, danza, talleres y actividades para toda la familia.<\/p>\n","protected":false},"author":3,"featured_media":12744,"comment_status":"open","ping_status":"open","sticky":false,"template":"","format":"standard","meta":{"footnotes":""},"categories":[50,65,58],"tags":[233,3608,3750,992],"class_list":["post-12743","post","type-post","status-publish","format-standard","has-post-thumbnail","hentry","category-espectaculos","category-municipios","category-ultima-hora","tag-corregidora","tag-equinoccio2025","tag-festivalequinoccio","tag-turismoqueretaro"],"yoast_head":"<!-- This site is optimized with the Yoast SEO plugin v25.0 - https:\/\/yoast.com\/wordpress\/plugins\/seo\/ -->\n<title>\u00a1Equinoccio 2025 en Corregidora! Horarios y eventos para un fin de semana con m\u00fasica, danza y tradici\u00f3n | Nexo Informativo Santiago de Quer\u00e9taro<\/title>\n<meta name=\"description\" content=\"\u00a1Equinoccio 2025 en Corregidora! Horarios y eventos para un fin de semana con m\u00fasica, danza y tradici\u00f3n\" \/>\n<meta name=\"robots\" content=\"index, follow, max-snippet:-1, max-image-preview:large, max-video-preview:-1\" \/>\n<link rel=\"canonical\" href=\"https:\/\/www.nexoinformativo.mx\/index.php\/2025\/03\/13\/equinoccio-2025-en-corregidora-horarios-y-eventos-para-un-fin-de-semana-con-musica-danza-y-tradicion\/\" \/>\n<meta property=\"og:locale\" content=\"es_MX\" \/>\n<meta property=\"og:type\" content=\"article\" \/>\n<meta property=\"og:title\" content=\"\u00a1Equinoccio 2025 en Corregidora! Horarios y eventos para un fin de semana con m\u00fasica, danza y tradici\u00f3n | Nexo Informativo Santiago de Quer\u00e9taro\" \/>\n<meta property=\"og:description\" content=\"\u00a1Equinoccio 2025 en Corregidora! Horarios y eventos para un fin de semana con m\u00fasica, danza y tradici\u00f3n\" \/>\n<meta property=\"og:url\" content=\"https:\/\/www.nexoinformativo.mx\/index.php\/2025\/03\/13\/equinoccio-2025-en-corregidora-horarios-y-eventos-para-un-fin-de-semana-con-musica-danza-y-tradicion\/\" \/>\n<meta property=\"og:site_name\" content=\"Nexo Informativo Santiago de Quer\u00e9taro\" \/>\n<meta property=\"article:publisher\" content=\"https:\/\/www.facebook.com\/people\/Nexo-Informativo\/61564066885511\/\" \/>\n<meta property=\"article:published_time\" content=\"2025-03-13T22:00:54+00:00\" \/>\n<meta property=\"article:modified_time\" content=\"2025-03-14T00:15:00+00:00\" \/>\n<meta property=\"og:image\" content=\"https:\/\/www.nexoinformativo.mx\/wp-content\/uploads\/2025\/03\/IMG_1613-e1741911230496.jpg\" \/>\n\t<meta property=\"og:image:width\" content=\"600\" \/>\n\t<meta property=\"og:image:height\" content=\"930\" \/>\n\t<meta property=\"og:image:type\" content=\"image\/jpeg\" \/>\n<meta name=\"author\" content=\"Nexo Informativo\" \/>\n<meta name=\"twitter:card\" content=\"summary_large_image\" \/>\n<meta name=\"twitter:label1\" content=\"Escrito por\" \/>\n\t<meta name=\"twitter:data1\" content=\"Nexo Informativo\" \/>\n\t<meta name=\"twitter:label2\" content=\"Tiempo de lectura\" \/>\n\t<meta name=\"twitter:data2\" content=\"2 minutos\" \/>\n<script type=\"application\/ld+json\" class=\"yoast-schema-graph\">{\"@context\":\"https:\/\/schema.org\",\"@graph\":[{\"@type\":\"Article\",\"@id\":\"https:\/\/www.nexoinformativo.mx\/index.php\/2025\/03\/13\/equinoccio-2025-en-corregidora-horarios-y-eventos-para-un-fin-de-semana-con-musica-danza-y-tradicion\/#article\",\"isPartOf\":{\"@id\":\"https:\/\/www.nexoinformativo.mx\/index.php\/2025\/03\/13\/equinoccio-2025-en-corregidora-horarios-y-eventos-para-un-fin-de-semana-con-musica-danza-y-tradicion\/\"},\"author\":{\"name\":\"Nexo Informativo\",\"@id\":\"https:\/\/www.nexoinformativo.mx\/#\/schema\/person\/7749d380ba08c8ca00d7bc76fd907b7d\"},\"headline\":\"\u00a1Equinoccio 2025 en Corregidora! Horarios y eventos para un fin de semana con m\u00fasica, danza y tradici\u00f3n\",\"datePublished\":\"2025-03-13T22:00:54+00:00\",\"dateModified\":\"2025-03-14T00:15:00+00:00\",\"mainEntityOfPage\":{\"@id\":\"https:\/\/www.nexoinformativo.mx\/index.php\/2025\/03\/13\/equinoccio-2025-en-corregidora-horarios-y-eventos-para-un-fin-de-semana-con-musica-danza-y-tradicion\/\"},\"wordCount\":214,\"commentCount\":0,\"publisher\":{\"@id\":\"https:\/\/www.nexoinformativo.mx\/#organization\"},\"image\":{\"@id\":\"https:\/\/www.nexoinformativo.mx\/index.php\/2025\/03\/13\/equinoccio-2025-en-corregidora-horarios-y-eventos-para-un-fin-de-semana-con-musica-danza-y-tradicion\/#primaryimage\"},\"thumbnailUrl\":\"https:\/\/www.nexoinformativo.mx\/wp-content\/uploads\/2025\/03\/IMG_1613-e1741911230496.jpg\",\"keywords\":[\"Corregidora\",\"Equinoccio2025\",\"FestivalEquinoccio\",\"TurismoQuer\u00e9taro\"],\"articleSection\":[\"Espect\u00e1culos\",\"Municipios\",\"\u00daltima Hora\"],\"inLanguage\":\"es\",\"potentialAction\":[{\"@type\":\"CommentAction\",\"name\":\"Comment\",\"target\":[\"https:\/\/www.nexoinformativo.mx\/index.php\/2025\/03\/13\/equinoccio-2025-en-corregidora-horarios-y-eventos-para-un-fin-de-semana-con-musica-danza-y-tradicion\/#respond\"]}]},{\"@type\":\"WebPage\",\"@id\":\"https:\/\/www.nexoinformativo.mx\/index.php\/2025\/03\/13\/equinoccio-2025-en-corregidora-horarios-y-eventos-para-un-fin-de-semana-con-musica-danza-y-tradicion\/\",\"url\":\"https:\/\/www.nexoinformativo.mx\/index.php\/2025\/03\/13\/equinoccio-2025-en-corregidora-horarios-y-eventos-para-un-fin-de-semana-con-musica-danza-y-tradicion\/\",\"name\":\"\u00a1Equinoccio 2025 en Corregidora! Horarios y eventos para un fin de semana con m\u00fasica, danza y tradici\u00f3n | Nexo Informativo Santiago de Quer\u00e9taro\",\"isPartOf\":{\"@id\":\"https:\/\/www.nexoinformativo.mx\/#website\"},\"primaryImageOfPage\":{\"@id\":\"https:\/\/www.nexoinformativo.mx\/index.php\/2025\/03\/13\/equinoccio-2025-en-corregidora-horarios-y-eventos-para-un-fin-de-semana-con-musica-danza-y-tradicion\/#primaryimage\"},\"image\":{\"@id\":\"https:\/\/www.nexoinformativo.mx\/index.php\/2025\/03\/13\/equinoccio-2025-en-corregidora-horarios-y-eventos-para-un-fin-de-semana-con-musica-danza-y-tradicion\/#primaryimage\"},\"thumbnailUrl\":\"https:\/\/www.nexoinformativo.mx\/wp-content\/uploads\/2025\/03\/IMG_1613-e1741911230496.jpg\",\"datePublished\":\"2025-03-13T22:00:54+00:00\",\"dateModified\":\"2025-03-14T00:15:00+00:00\",\"description\":\"\u00a1Equinoccio 2025 en Corregidora! Horarios y eventos para un fin de semana con m\u00fasica, danza y tradici\u00f3n\",\"breadcrumb\":{\"@id\":\"https:\/\/www.nexoinformativo.mx\/index.php\/2025\/03\/13\/equinoccio-2025-en-corregidora-horarios-y-eventos-para-un-fin-de-semana-con-musica-danza-y-tradicion\/#breadcrumb\"},\"inLanguage\":\"es\",\"potentialAction\":[{\"@type\":\"ReadAction\",\"target\":[\"https:\/\/www.nexoinformativo.mx\/index.php\/2025\/03\/13\/equinoccio-2025-en-corregidora-horarios-y-eventos-para-un-fin-de-semana-con-musica-danza-y-tradicion\/\"]}]},{\"@type\":\"ImageObject\",\"inLanguage\":\"es\",\"@id\":\"https:\/\/www.nexoinformativo.mx\/index.php\/2025\/03\/13\/equinoccio-2025-en-corregidora-horarios-y-eventos-para-un-fin-de-semana-con-musica-danza-y-tradicion\/#primaryimage\",\"url\":\"https:\/\/www.nexoinformativo.mx\/wp-content\/uploads\/2025\/03\/IMG_1613-e1741911230496.jpg\",\"contentUrl\":\"https:\/\/www.nexoinformativo.mx\/wp-content\/uploads\/2025\/03\/IMG_1613-e1741911230496.jpg\",\"width\":600,\"height\":930,\"caption\":\"Screenshot\"},{\"@type\":\"BreadcrumbList\",\"@id\":\"https:\/\/www.nexoinformativo.mx\/index.php\/2025\/03\/13\/equinoccio-2025-en-corregidora-horarios-y-eventos-para-un-fin-de-semana-con-musica-danza-y-tradicion\/#breadcrumb\",\"itemListElement\":[{\"@type\":\"ListItem\",\"position\":1,\"name\":\"Inicio\",\"item\":\"https:\/\/www.nexoinformativo.mx\/\"},{\"@type\":\"ListItem\",\"position\":2,\"name\":\"\u00a1Equinoccio 2025 en Corregidora! Horarios y eventos para un fin de semana con m\u00fasica, danza y tradici\u00f3n\"}]},{\"@type\":\"WebSite\",\"@id\":\"https:\/\/www.nexoinformativo.mx\/#website\",\"url\":\"https:\/\/www.nexoinformativo.mx\/\",\"name\":\"Nexo Informativo Santiago de Quer\u00e9taro\",\"description\":\"Explora NexoInformativo y convi\u00e9rtete en parte de una comunidad que valora el conocimiento y la verdad. Tu nexoinformativo es tu puente hacia una comprensi\u00f3n m\u00e1s profunda del mundo que te rodea.\",\"publisher\":{\"@id\":\"https:\/\/www.nexoinformativo.mx\/#organization\"},\"potentialAction\":[{\"@type\":\"SearchAction\",\"target\":{\"@type\":\"EntryPoint\",\"urlTemplate\":\"https:\/\/www.nexoinformativo.mx\/?s={search_term_string}\"},\"query-input\":{\"@type\":\"PropertyValueSpecification\",\"valueRequired\":true,\"valueName\":\"search_term_string\"}}],\"inLanguage\":\"es\"},{\"@type\":\"Organization\",\"@id\":\"https:\/\/www.nexoinformativo.mx\/#organization\",\"name\":\"Nexo Informativo Santiago de Quer\u00e9taro\",\"url\":\"https:\/\/www.nexoinformativo.mx\/\",\"logo\":{\"@type\":\"ImageObject\",\"inLanguage\":\"es\",\"@id\":\"https:\/\/www.nexoinformativo.mx\/#\/schema\/logo\/image\/\",\"url\":\"https:\/\/www.nexoinformativo.mx\/wp-content\/uploads\/2024\/07\/nexoi-trasparente-2.png\",\"contentUrl\":\"https:\/\/www.nexoinformativo.mx\/wp-content\/uploads\/2024\/07\/nexoi-trasparente-2.png\",\"width\":816,\"height\":339,\"caption\":\"Nexo Informativo Santiago de Quer\u00e9taro\"},\"image\":{\"@id\":\"https:\/\/www.nexoinformativo.mx\/#\/schema\/logo\/image\/\"},\"sameAs\":[\"https:\/\/www.facebook.com\/people\/Nexo-Informativo\/61564066885511\/\"]},{\"@type\":\"Person\",\"@id\":\"https:\/\/www.nexoinformativo.mx\/#\/schema\/person\/7749d380ba08c8ca00d7bc76fd907b7d\",\"name\":\"Nexo Informativo\",\"image\":{\"@type\":\"ImageObject\",\"inLanguage\":\"es\",\"@id\":\"https:\/\/www.nexoinformativo.mx\/#\/schema\/person\/image\/\",\"url\":\"https:\/\/secure.gravatar.com\/avatar\/dde2928154642a13d95f87ddf1ea9718fe2b46760a005c53e41ff5ad610704e6?s=96&d=mm&r=g\",\"contentUrl\":\"https:\/\/secure.gravatar.com\/avatar\/dde2928154642a13d95f87ddf1ea9718fe2b46760a005c53e41ff5ad610704e6?s=96&d=mm&r=g\",\"caption\":\"Nexo Informativo\"},\"url\":\"https:\/\/www.nexoinformativo.mx\/index.php\/author\/edicion\/\"}]}<\/script>\n<!-- \/ Yoast SEO plugin. -->","yoast_head_json":{"title":"\u00a1Equinoccio 2025 en Corregidora! Horarios y eventos para un fin de semana con m\u00fasica, danza y tradici\u00f3n | Nexo Informativo Santiago de Quer\u00e9taro","description":"\u00a1Equinoccio 2025 en Corregidora! Horarios y eventos para un fin de semana con m\u00fasica, danza y tradici\u00f3n","robots":{"index":"index","follow":"follow","max-snippet":"max-snippet:-1","max-image-preview":"max-image-preview:large","max-video-preview":"max-video-preview:-1"},"canonical":"https:\/\/www.nexoinformativo.mx\/index.php\/2025\/03\/13\/equinoccio-2025-en-corregidora-horarios-y-eventos-para-un-fin-de-semana-con-musica-danza-y-tradicion\/","og_locale":"es_MX","og_type":"article","og_title":"\u00a1Equinoccio 2025 en Corregidora! Horarios y eventos para un fin de semana con m\u00fasica, danza y tradici\u00f3n | Nexo Informativo Santiago de Quer\u00e9taro","og_description":"\u00a1Equinoccio 2025 en Corregidora! Horarios y eventos para un fin de semana con m\u00fasica, danza y tradici\u00f3n","og_url":"https:\/\/www.nexoinformativo.mx\/index.php\/2025\/03\/13\/equinoccio-2025-en-corregidora-horarios-y-eventos-para-un-fin-de-semana-con-musica-danza-y-tradicion\/","og_site_name":"Nexo Informativo Santiago de Quer\u00e9taro","article_publisher":"https:\/\/www.facebook.com\/people\/Nexo-Informativo\/61564066885511\/","article_published_time":"2025-03-13T22:00:54+00:00","article_modified_time":"2025-03-14T00:15:00+00:00","og_image":[{"width":600,"height":930,"url":"https:\/\/www.nexoinformativo.mx\/wp-content\/uploads\/2025\/03\/IMG_1613-e1741911230496.jpg","type":"image\/jpeg"}],"author":"Nexo Informativo","twitter_card":"summary_large_image","twitter_misc":{"Escrito por":"Nexo Informativo","Tiempo de lectura":"2 minutos"},"schema":{"@context":"https:\/\/schema.org","@graph":[{"@type":"Article","@id":"https:\/\/www.nexoinformativo.mx\/index.php\/2025\/03\/13\/equinoccio-2025-en-corregidora-horarios-y-eventos-para-un-fin-de-semana-con-musica-danza-y-tradicion\/#article","isPartOf":{"@id":"https:\/\/www.nexoinformativo.mx\/index.php\/2025\/03\/13\/equinoccio-2025-en-corregidora-horarios-y-eventos-para-un-fin-de-semana-con-musica-danza-y-tradicion\/"},"author":{"name":"Nexo Informativo","@id":"https:\/\/www.nexoinformativo.mx\/#\/schema\/person\/7749d380ba08c8ca00d7bc76fd907b7d"},"headline":"\u00a1Equinoccio 2025 en Corregidora! Horarios y eventos para un fin de semana con m\u00fasica, danza y tradici\u00f3n","datePublished":"2025-03-13T22:00:54+00:00","dateModified":"2025-03-14T00:15:00+00:00","mainEntityOfPage":{"@id":"https:\/\/www.nexoinformativo.mx\/index.php\/2025\/03\/13\/equinoccio-2025-en-corregidora-horarios-y-eventos-para-un-fin-de-semana-con-musica-danza-y-tradicion\/"},"wordCount":214,"commentCount":0,"publisher":{"@id":"https:\/\/www.nexoinformativo.mx\/#organization"},"image":{"@id":"https:\/\/www.nexoinformativo.mx\/index.php\/2025\/03\/13\/equinoccio-2025-en-corregidora-horarios-y-eventos-para-un-fin-de-semana-con-musica-danza-y-tradicion\/#primaryimage"},"thumbnailUrl":"https:\/\/www.nexoinformativo.mx\/wp-content\/uploads\/2025\/03\/IMG_1613-e1741911230496.jpg","keywords":["Corregidora","Equinoccio2025","FestivalEquinoccio","TurismoQuer\u00e9taro"],"articleSection":["Espect\u00e1culos","Municipios","\u00daltima Hora"],"inLanguage":"es","potentialAction":[{"@type":"CommentAction","name":"Comment","target":["https:\/\/www.nexoinformativo.mx\/index.php\/2025\/03\/13\/equinoccio-2025-en-corregidora-horarios-y-eventos-para-un-fin-de-semana-con-musica-danza-y-tradicion\/#respond"]}]},{"@type":"WebPage","@id":"https:\/\/www.nexoinformativo.mx\/index.php\/2025\/03\/13\/equinoccio-2025-en-corregidora-horarios-y-eventos-para-un-fin-de-semana-con-musica-danza-y-tradicion\/","url":"https:\/\/www.nexoinformativo.mx\/index.php\/2025\/03\/13\/equinoccio-2025-en-corregidora-horarios-y-eventos-para-un-fin-de-semana-con-musica-danza-y-tradicion\/","name":"\u00a1Equinoccio 2025 en Corregidora! Horarios y eventos para un fin de semana con m\u00fasica, danza y tradici\u00f3n | Nexo Informativo Santiago de Quer\u00e9taro","isPartOf":{"@id":"https:\/\/www.nexoinformativo.mx\/#website"},"primaryImageOfPage":{"@id":"https:\/\/www.nexoinformativo.mx\/index.php\/2025\/03\/13\/equinoccio-2025-en-corregidora-horarios-y-eventos-para-un-fin-de-semana-con-musica-danza-y-tradicion\/#primaryimage"},"image":{"@id":"https:\/\/www.nexoinformativo.mx\/index.php\/2025\/03\/13\/equinoccio-2025-en-corregidora-horarios-y-eventos-para-un-fin-de-semana-con-musica-danza-y-tradicion\/#primaryimage"},"thumbnailUrl":"https:\/\/www.nexoinformativo.mx\/wp-content\/uploads\/2025\/03\/IMG_1613-e1741911230496.jpg","datePublished":"2025-03-13T22:00:54+00:00","dateModified":"2025-03-14T00:15:00+00:00","description":"\u00a1Equinoccio 2025 en Corregidora! Horarios y eventos para un fin de semana con m\u00fasica, danza y tradici\u00f3n","breadcrumb":{"@id":"https:\/\/www.nexoinformativo.mx\/index.php\/2025\/03\/13\/equinoccio-2025-en-corregidora-horarios-y-eventos-para-un-fin-de-semana-con-musica-danza-y-tradicion\/#breadcrumb"},"inLanguage":"es","potentialAction":[{"@type":"ReadAction","target":["https:\/\/www.nexoinformativo.mx\/index.php\/2025\/03\/13\/equinoccio-2025-en-corregidora-horarios-y-eventos-para-un-fin-de-semana-con-musica-danza-y-tradicion\/"]}]},{"@type":"ImageObject","inLanguage":"es","@id":"https:\/\/www.nexoinformativo.mx\/index.php\/2025\/03\/13\/equinoccio-2025-en-corregidora-horarios-y-eventos-para-un-fin-de-semana-con-musica-danza-y-tradicion\/#primaryimage","url":"https:\/\/www.nexoinformativo.mx\/wp-content\/uploads\/2025\/03\/IMG_1613-e1741911230496.jpg","contentUrl":"https:\/\/www.nexoinformativo.mx\/wp-content\/uploads\/2025\/03\/IMG_1613-e1741911230496.jpg","width":600,"height":930,"caption":"Screenshot"},{"@type":"BreadcrumbList","@id":"https:\/\/www.nexoinformativo.mx\/index.php\/2025\/03\/13\/equinoccio-2025-en-corregidora-horarios-y-eventos-para-un-fin-de-semana-con-musica-danza-y-tradicion\/#breadcrumb","itemListElement":[{"@type":"ListItem","position":1,"name":"Inicio","item":"https:\/\/www.nexoinformativo.mx\/"},{"@type":"ListItem","position":2,"name":"\u00a1Equinoccio 2025 en Corregidora! Horarios y eventos para un fin de semana con m\u00fasica, danza y tradici\u00f3n"}]},{"@type":"WebSite","@id":"https:\/\/www.nexoinformativo.mx\/#website","url":"https:\/\/www.nexoinformativo.mx\/","name":"Nexo Informativo Santiago de Quer\u00e9taro","description":"Explora NexoInformativo y convi\u00e9rtete en parte de una comunidad que valora el conocimiento y la verdad. Tu nexoinformativo es tu puente hacia una comprensi\u00f3n m\u00e1s profunda del mundo que te rodea.","publisher":{"@id":"https:\/\/www.nexoinformativo.mx\/#organization"},"potentialAction":[{"@type":"SearchAction","target":{"@type":"EntryPoint","urlTemplate":"https:\/\/www.nexoinformativo.mx\/?s={search_term_string}"},"query-input":{"@type":"PropertyValueSpecification","valueRequired":true,"valueName":"search_term_string"}}],"inLanguage":"es"},{"@type":"Organization","@id":"https:\/\/www.nexoinformativo.mx\/#organization","name":"Nexo Informativo Santiago de Quer\u00e9taro","url":"https:\/\/www.nexoinformativo.mx\/","logo":{"@type":"ImageObject","inLanguage":"es","@id":"https:\/\/www.nexoinformativo.mx\/#\/schema\/logo\/image\/","url":"https:\/\/www.nexoinformativo.mx\/wp-content\/uploads\/2024\/07\/nexoi-trasparente-2.png","contentUrl":"https:\/\/www.nexoinformativo.mx\/wp-content\/uploads\/2024\/07\/nexoi-trasparente-2.png","width":816,"height":339,"caption":"Nexo Informativo Santiago de Quer\u00e9taro"},"image":{"@id":"https:\/\/www.nexoinformativo.mx\/#\/schema\/logo\/image\/"},"sameAs":["https:\/\/www.facebook.com\/people\/Nexo-Informativo\/61564066885511\/"]},{"@type":"Person","@id":"https:\/\/www.nexoinformativo.mx\/#\/schema\/person\/7749d380ba08c8ca00d7bc76fd907b7d","name":"Nexo Informativo","image":{"@type":"ImageObject","inLanguage":"es","@id":"https:\/\/www.nexoinformativo.mx\/#\/schema\/person\/image\/","url":"https:\/\/secure.gravatar.com\/avatar\/dde2928154642a13d95f87ddf1ea9718fe2b46760a005c53e41ff5ad610704e6?s=96&d=mm&r=g","contentUrl":"https:\/\/secure.gravatar.com\/avatar\/dde2928154642a13d95f87ddf1ea9718fe2b46760a005c53e41ff5ad610704e6?s=96&d=mm&r=g","caption":"Nexo Informativo"},"url":"https:\/\/www.nexoinformativo.mx\/index.php\/author\/edicion\/"}]}},"_links":{"self":[{"href":"https:\/\/www.nexoinformativo.mx\/index.php\/wp-json\/wp\/v2\/posts\/12743","targetHints":{"allow":["GET"]}}],"collection":[{"href":"https:\/\/www.nexoinformativo.mx\/index.php\/wp-json\/wp\/v2\/posts"}],"about":[{"href":"https:\/\/www.nexoinformativo.mx\/index.php\/wp-json\/wp\/v2\/types\/post"}],"author":[{"embeddable":true,"href":"https:\/\/www.nexoinformativo.mx\/index.php\/wp-json\/wp\/v2\/users\/3"}],"replies":[{"embeddable":true,"href":"https:\/\/www.nexoinformativo.mx\/index.php\/wp-json\/wp\/v2\/comments?post=12743"}],"version-history":[{"count":4,"href":"https:\/\/www.nexoinformativo.mx\/index.php\/wp-json\/wp\/v2\/posts\/12743\/revisions"}],"predecessor-version":[{"id":12747,"href":"https:\/\/www.nexoinformativo.mx\/index.php\/wp-json\/wp\/v2\/posts\/12743\/revisions\/12747"}],"wp:featuredmedia":[{"embeddable":true,"href":"https:\/\/www.nexoinformativo.mx\/index.php\/wp-json\/wp\/v2\/media\/12744"}],"wp:attachment":[{"href":"https:\/\/www.nexoinformativo.mx\/index.php\/wp-json\/wp\/v2\/media?parent=12743"}],"wp:term":[{"taxonomy":"category","embeddable":true,"href":"https:\/\/www.nexoinformativo.mx\/index.php\/wp-json\/wp\/v2\/categories?post=12743"},{"taxonomy":"post_tag","embeddable":true,"href":"https:\/\/www.nexoinformativo.mx\/index.php\/wp-json\/wp\/v2\/tags?post=12743"}],"curies":[{"name":"wp","href":"https:\/\/api.w.org\/{rel}","templated":true}]}}