{"id":12761,"date":"2025-03-14T07:00:03","date_gmt":"2025-03-14T13:00:03","guid":{"rendered":"https:\/\/www.nexoinformativo.mx\/?p=12761"},"modified":"2025-03-14T10:53:04","modified_gmt":"2025-03-14T16:53:04","slug":"inversion-firme-en-queretaro-kuri-asegura-que-aranceles-no-detienen-el-crecimiento-en-el-estado","status":"publish","type":"post","link":"https:\/\/www.nexoinformativo.mx\/index.php\/2025\/03\/14\/inversion-firme-en-queretaro-kuri-asegura-que-aranceles-no-detienen-el-crecimiento-en-el-estado\/","title":{"rendered":"Inversi\u00f3n firme en Quer\u00e9taro Kuri asegura que aranceles no detienen el crecimiento en el estado"},"content":{"rendered":"<p style=\"text-align: justify;\" data-sourcepos=\"13:1-13:236\">El gobernador Mauricio Kuri asegur\u00f3 que, a pesar de la incertidumbre generada por la imposici\u00f3n de aranceles a productos mexicanos, Quer\u00e9taro contin\u00faa atrayendo inversi\u00f3n extranjera y generando empleos.<\/p>\n<\/p>\n<p>&nbsp;<\/p>\n<p style=\"text-align: justify;\" data-sourcepos=\"15:1-15:179\">En entrevista, Kuri mencion\u00f3 que a\u00fan se est\u00e1 a la espera de conocer los detalles sobre la aplicaci\u00f3n de los aranceles al acero y al aluminio, que entraron en vigor este mi\u00e9rcoles.<\/p>\n<\/p>\n<p>&nbsp;<\/p>\n<p style=\"text-align: justify;\" data-sourcepos=\"17:1-17:153\">El gobernador se\u00f1al\u00f3 que las agencias aduanales y las aduanas a\u00fan no tienen claridad sobre la aplicaci\u00f3n de estos aranceles, lo que genera incertidumbre.<\/p>\n<\/p>\n<p>&nbsp;<\/p>\n<p style=\"text-align: justify;\" data-sourcepos=\"19:1-19:237\">El secretario de Desarrollo Sustentable, Marco Del Prete, coincidi\u00f3 en que las autoridades, el sector aduanal y las empresas productoras desconocen c\u00f3mo se aplicar\u00e1n los aranceles a las exportaciones de aluminio y acero a Estados Unidos.<\/p>\n<\/p>\n<p>&nbsp;<\/p>\n<p style=\"text-align: justify;\" data-sourcepos=\"21:1-21:63\">&#8220;Estamos esperando a ver c\u00f3mo va a repercutir&#8221;, dijo Del Prete. A pesar de la incertidumbre, el secretario inform\u00f3 que en lo que va del a\u00f1o se han concretado 8 proyectos de inversi\u00f3n, de una cartera de 56.<\/p>\n<\/p>\n<p>&nbsp;<\/p>\n<p style=\"text-align: center;\" data-sourcepos=\"21:1-21:63\"><em><strong>\u00a1Informaci\u00f3n que transforma!<\/strong><\/em><\/p>\n","protected":false},"excerpt":{"rendered":"<p>El gobernador Mauricio Kuri asegur\u00f3 que, a pesar de la incertidumbre generada por la imposici\u00f3n de aranceles a productos mexicanos, Quer\u00e9taro contin\u00faa atrayendo inversi\u00f3n extranjera y generando empleos.<\/p>\n","protected":false},"author":3,"featured_media":12678,"comment_status":"open","ping_status":"open","sticky":false,"template":"","format":"standard","meta":{"footnotes":""},"categories":[5,42,58],"tags":[3306,3531,670,661],"class_list":["post-12761","post","type-post","status-publish","format-standard","has-post-thumbnail","hentry","category-economia","category-estado","category-ultima-hora","tag-aranceles","tag-economiaqro","tag-inversionqueretaro","tag-mauriciokuri"],"yoast_head":"<!-- This site is optimized with the Yoast SEO plugin v25.0 - https:\/\/yoast.com\/wordpress\/plugins\/seo\/ -->\n<title>Inversi\u00f3n firme en Quer\u00e9taro Kuri asegura que aranceles no detienen el crecimiento en el estado | Nexo Informativo Santiago de Quer\u00e9taro<\/title>\n<meta name=\"description\" content=\"Inversi\u00f3n firme en Quer\u00e9taro Kuri asegura que aranceles no detienen el crecimiento en el estado\" \/>\n<meta name=\"robots\" content=\"index, follow, max-snippet:-1, max-image-preview:large, max-video-preview:-1\" \/>\n<link rel=\"canonical\" href=\"https:\/\/www.nexoinformativo.mx\/index.php\/2025\/03\/14\/inversion-firme-en-queretaro-kuri-asegura-que-aranceles-no-detienen-el-crecimiento-en-el-estado\/\" \/>\n<meta property=\"og:locale\" content=\"es_MX\" \/>\n<meta property=\"og:type\" content=\"article\" \/>\n<meta property=\"og:title\" content=\"Inversi\u00f3n firme en Quer\u00e9taro Kuri asegura que aranceles no detienen el crecimiento en el estado | Nexo Informativo Santiago de Quer\u00e9taro\" \/>\n<meta property=\"og:description\" content=\"Inversi\u00f3n firme en Quer\u00e9taro Kuri asegura que aranceles no detienen el crecimiento en el estado\" \/>\n<meta property=\"og:url\" content=\"https:\/\/www.nexoinformativo.mx\/index.php\/2025\/03\/14\/inversion-firme-en-queretaro-kuri-asegura-que-aranceles-no-detienen-el-crecimiento-en-el-estado\/\" \/>\n<meta property=\"og:site_name\" content=\"Nexo Informativo Santiago de Quer\u00e9taro\" \/>\n<meta property=\"article:publisher\" content=\"https:\/\/www.facebook.com\/people\/Nexo-Informativo\/61564066885511\/\" \/>\n<meta property=\"article:published_time\" content=\"2025-03-14T13:00:03+00:00\" \/>\n<meta property=\"article:modified_time\" content=\"2025-03-14T16:53:04+00:00\" \/>\n<meta property=\"og:image\" content=\"https:\/\/www.nexoinformativo.mx\/wp-content\/uploads\/2025\/03\/PHOTO-2025-03-12-15-45-18-e1741833557499.jpg\" \/>\n\t<meta property=\"og:image:width\" content=\"800\" \/>\n\t<meta property=\"og:image:height\" content=\"533\" \/>\n\t<meta property=\"og:image:type\" content=\"image\/jpeg\" \/>\n<meta name=\"author\" content=\"Nexo Informativo\" \/>\n<meta name=\"twitter:card\" content=\"summary_large_image\" \/>\n<meta name=\"twitter:label1\" content=\"Escrito por\" \/>\n\t<meta name=\"twitter:data1\" content=\"Nexo Informativo\" \/>\n\t<meta name=\"twitter:label2\" content=\"Tiempo de lectura\" \/>\n\t<meta name=\"twitter:data2\" content=\"1 minuto\" \/>\n<script type=\"application\/ld+json\" class=\"yoast-schema-graph\">{\"@context\":\"https:\/\/schema.org\",\"@graph\":[{\"@type\":\"Article\",\"@id\":\"https:\/\/www.nexoinformativo.mx\/index.php\/2025\/03\/14\/inversion-firme-en-queretaro-kuri-asegura-que-aranceles-no-detienen-el-crecimiento-en-el-estado\/#article\",\"isPartOf\":{\"@id\":\"https:\/\/www.nexoinformativo.mx\/index.php\/2025\/03\/14\/inversion-firme-en-queretaro-kuri-asegura-que-aranceles-no-detienen-el-crecimiento-en-el-estado\/\"},\"author\":{\"name\":\"Nexo Informativo\",\"@id\":\"https:\/\/www.nexoinformativo.mx\/#\/schema\/person\/7749d380ba08c8ca00d7bc76fd907b7d\"},\"headline\":\"Inversi\u00f3n firme en Quer\u00e9taro Kuri asegura que aranceles no detienen el crecimiento en el estado\",\"datePublished\":\"2025-03-14T13:00:03+00:00\",\"dateModified\":\"2025-03-14T16:53:04+00:00\",\"mainEntityOfPage\":{\"@id\":\"https:\/\/www.nexoinformativo.mx\/index.php\/2025\/03\/14\/inversion-firme-en-queretaro-kuri-asegura-que-aranceles-no-detienen-el-crecimiento-en-el-estado\/\"},\"wordCount\":197,\"commentCount\":0,\"publisher\":{\"@id\":\"https:\/\/www.nexoinformativo.mx\/#organization\"},\"image\":{\"@id\":\"https:\/\/www.nexoinformativo.mx\/index.php\/2025\/03\/14\/inversion-firme-en-queretaro-kuri-asegura-que-aranceles-no-detienen-el-crecimiento-en-el-estado\/#primaryimage\"},\"thumbnailUrl\":\"https:\/\/www.nexoinformativo.mx\/wp-content\/uploads\/2025\/03\/PHOTO-2025-03-12-15-45-18-e1741833557499.jpg\",\"keywords\":[\"Aranceles\",\"Econom\u00edaQro\",\"Inversi\u00f3nQuer\u00e9taro\",\"MauricioKuri\"],\"articleSection\":[\"Econom\u00eda\",\"Estado\",\"\u00daltima Hora\"],\"inLanguage\":\"es\",\"potentialAction\":[{\"@type\":\"CommentAction\",\"name\":\"Comment\",\"target\":[\"https:\/\/www.nexoinformativo.mx\/index.php\/2025\/03\/14\/inversion-firme-en-queretaro-kuri-asegura-que-aranceles-no-detienen-el-crecimiento-en-el-estado\/#respond\"]}]},{\"@type\":\"WebPage\",\"@id\":\"https:\/\/www.nexoinformativo.mx\/index.php\/2025\/03\/14\/inversion-firme-en-queretaro-kuri-asegura-que-aranceles-no-detienen-el-crecimiento-en-el-estado\/\",\"url\":\"https:\/\/www.nexoinformativo.mx\/index.php\/2025\/03\/14\/inversion-firme-en-queretaro-kuri-asegura-que-aranceles-no-detienen-el-crecimiento-en-el-estado\/\",\"name\":\"Inversi\u00f3n firme en Quer\u00e9taro Kuri asegura que aranceles no detienen el crecimiento en el estado | Nexo Informativo Santiago de Quer\u00e9taro\",\"isPartOf\":{\"@id\":\"https:\/\/www.nexoinformativo.mx\/#website\"},\"primaryImageOfPage\":{\"@id\":\"https:\/\/www.nexoinformativo.mx\/index.php\/2025\/03\/14\/inversion-firme-en-queretaro-kuri-asegura-que-aranceles-no-detienen-el-crecimiento-en-el-estado\/#primaryimage\"},\"image\":{\"@id\":\"https:\/\/www.nexoinformativo.mx\/index.php\/2025\/03\/14\/inversion-firme-en-queretaro-kuri-asegura-que-aranceles-no-detienen-el-crecimiento-en-el-estado\/#primaryimage\"},\"thumbnailUrl\":\"https:\/\/www.nexoinformativo.mx\/wp-content\/uploads\/2025\/03\/PHOTO-2025-03-12-15-45-18-e1741833557499.jpg\",\"datePublished\":\"2025-03-14T13:00:03+00:00\",\"dateModified\":\"2025-03-14T16:53:04+00:00\",\"description\":\"Inversi\u00f3n firme en Quer\u00e9taro Kuri asegura que aranceles no detienen el crecimiento en el estado\",\"breadcrumb\":{\"@id\":\"https:\/\/www.nexoinformativo.mx\/index.php\/2025\/03\/14\/inversion-firme-en-queretaro-kuri-asegura-que-aranceles-no-detienen-el-crecimiento-en-el-estado\/#breadcrumb\"},\"inLanguage\":\"es\",\"potentialAction\":[{\"@type\":\"ReadAction\",\"target\":[\"https:\/\/www.nexoinformativo.mx\/index.php\/2025\/03\/14\/inversion-firme-en-queretaro-kuri-asegura-que-aranceles-no-detienen-el-crecimiento-en-el-estado\/\"]}]},{\"@type\":\"ImageObject\",\"inLanguage\":\"es\",\"@id\":\"https:\/\/www.nexoinformativo.mx\/index.php\/2025\/03\/14\/inversion-firme-en-queretaro-kuri-asegura-que-aranceles-no-detienen-el-crecimiento-en-el-estado\/#primaryimage\",\"url\":\"https:\/\/www.nexoinformativo.mx\/wp-content\/uploads\/2025\/03\/PHOTO-2025-03-12-15-45-18-e1741833557499.jpg\",\"contentUrl\":\"https:\/\/www.nexoinformativo.mx\/wp-content\/uploads\/2025\/03\/PHOTO-2025-03-12-15-45-18-e1741833557499.jpg\",\"width\":800,\"height\":533},{\"@type\":\"BreadcrumbList\",\"@id\":\"https:\/\/www.nexoinformativo.mx\/index.php\/2025\/03\/14\/inversion-firme-en-queretaro-kuri-asegura-que-aranceles-no-detienen-el-crecimiento-en-el-estado\/#breadcrumb\",\"itemListElement\":[{\"@type\":\"ListItem\",\"position\":1,\"name\":\"Inicio\",\"item\":\"https:\/\/www.nexoinformativo.mx\/\"},{\"@type\":\"ListItem\",\"position\":2,\"name\":\"Inversi\u00f3n firme en Quer\u00e9taro Kuri asegura que aranceles no detienen el crecimiento en el estado\"}]},{\"@type\":\"WebSite\",\"@id\":\"https:\/\/www.nexoinformativo.mx\/#website\",\"url\":\"https:\/\/www.nexoinformativo.mx\/\",\"name\":\"Nexo Informativo Santiago de Quer\u00e9taro\",\"description\":\"Explora NexoInformativo y convi\u00e9rtete en parte de una comunidad que valora el conocimiento y la verdad. Tu nexoinformativo es tu puente hacia una comprensi\u00f3n m\u00e1s profunda del mundo que te rodea.\",\"publisher\":{\"@id\":\"https:\/\/www.nexoinformativo.mx\/#organization\"},\"potentialAction\":[{\"@type\":\"SearchAction\",\"target\":{\"@type\":\"EntryPoint\",\"urlTemplate\":\"https:\/\/www.nexoinformativo.mx\/?s={search_term_string}\"},\"query-input\":{\"@type\":\"PropertyValueSpecification\",\"valueRequired\":true,\"valueName\":\"search_term_string\"}}],\"inLanguage\":\"es\"},{\"@type\":\"Organization\",\"@id\":\"https:\/\/www.nexoinformativo.mx\/#organization\",\"name\":\"Nexo Informativo Santiago de Quer\u00e9taro\",\"url\":\"https:\/\/www.nexoinformativo.mx\/\",\"logo\":{\"@type\":\"ImageObject\",\"inLanguage\":\"es\",\"@id\":\"https:\/\/www.nexoinformativo.mx\/#\/schema\/logo\/image\/\",\"url\":\"https:\/\/www.nexoinformativo.mx\/wp-content\/uploads\/2024\/07\/nexoi-trasparente-2.png\",\"contentUrl\":\"https:\/\/www.nexoinformativo.mx\/wp-content\/uploads\/2024\/07\/nexoi-trasparente-2.png\",\"width\":816,\"height\":339,\"caption\":\"Nexo Informativo Santiago de Quer\u00e9taro\"},\"image\":{\"@id\":\"https:\/\/www.nexoinformativo.mx\/#\/schema\/logo\/image\/\"},\"sameAs\":[\"https:\/\/www.facebook.com\/people\/Nexo-Informativo\/61564066885511\/\"]},{\"@type\":\"Person\",\"@id\":\"https:\/\/www.nexoinformativo.mx\/#\/schema\/person\/7749d380ba08c8ca00d7bc76fd907b7d\",\"name\":\"Nexo Informativo\",\"image\":{\"@type\":\"ImageObject\",\"inLanguage\":\"es\",\"@id\":\"https:\/\/www.nexoinformativo.mx\/#\/schema\/person\/image\/\",\"url\":\"https:\/\/secure.gravatar.com\/avatar\/dde2928154642a13d95f87ddf1ea9718fe2b46760a005c53e41ff5ad610704e6?s=96&d=mm&r=g\",\"contentUrl\":\"https:\/\/secure.gravatar.com\/avatar\/dde2928154642a13d95f87ddf1ea9718fe2b46760a005c53e41ff5ad610704e6?s=96&d=mm&r=g\",\"caption\":\"Nexo Informativo\"},\"url\":\"https:\/\/www.nexoinformativo.mx\/index.php\/author\/edicion\/\"}]}<\/script>\n<!-- \/ Yoast SEO plugin. -->","yoast_head_json":{"title":"Inversi\u00f3n firme en Quer\u00e9taro Kuri asegura que aranceles no detienen el crecimiento en el estado | Nexo Informativo Santiago de Quer\u00e9taro","description":"Inversi\u00f3n firme en Quer\u00e9taro Kuri asegura que aranceles no detienen el crecimiento en el estado","robots":{"index":"index","follow":"follow","max-snippet":"max-snippet:-1","max-image-preview":"max-image-preview:large","max-video-preview":"max-video-preview:-1"},"canonical":"https:\/\/www.nexoinformativo.mx\/index.php\/2025\/03\/14\/inversion-firme-en-queretaro-kuri-asegura-que-aranceles-no-detienen-el-crecimiento-en-el-estado\/","og_locale":"es_MX","og_type":"article","og_title":"Inversi\u00f3n firme en Quer\u00e9taro Kuri asegura que aranceles no detienen el crecimiento en el estado | Nexo Informativo Santiago de Quer\u00e9taro","og_description":"Inversi\u00f3n firme en Quer\u00e9taro Kuri asegura que aranceles no detienen el crecimiento en el estado","og_url":"https:\/\/www.nexoinformativo.mx\/index.php\/2025\/03\/14\/inversion-firme-en-queretaro-kuri-asegura-que-aranceles-no-detienen-el-crecimiento-en-el-estado\/","og_site_name":"Nexo Informativo Santiago de Quer\u00e9taro","article_publisher":"https:\/\/www.facebook.com\/people\/Nexo-Informativo\/61564066885511\/","article_published_time":"2025-03-14T13:00:03+00:00","article_modified_time":"2025-03-14T16:53:04+00:00","og_image":[{"width":800,"height":533,"url":"https:\/\/www.nexoinformativo.mx\/wp-content\/uploads\/2025\/03\/PHOTO-2025-03-12-15-45-18-e1741833557499.jpg","type":"image\/jpeg"}],"author":"Nexo Informativo","twitter_card":"summary_large_image","twitter_misc":{"Escrito por":"Nexo Informativo","Tiempo de lectura":"1 minuto"},"schema":{"@context":"https:\/\/schema.org","@graph":[{"@type":"Article","@id":"https:\/\/www.nexoinformativo.mx\/index.php\/2025\/03\/14\/inversion-firme-en-queretaro-kuri-asegura-que-aranceles-no-detienen-el-crecimiento-en-el-estado\/#article","isPartOf":{"@id":"https:\/\/www.nexoinformativo.mx\/index.php\/2025\/03\/14\/inversion-firme-en-queretaro-kuri-asegura-que-aranceles-no-detienen-el-crecimiento-en-el-estado\/"},"author":{"name":"Nexo Informativo","@id":"https:\/\/www.nexoinformativo.mx\/#\/schema\/person\/7749d380ba08c8ca00d7bc76fd907b7d"},"headline":"Inversi\u00f3n firme en Quer\u00e9taro Kuri asegura que aranceles no detienen el crecimiento en el estado","datePublished":"2025-03-14T13:00:03+00:00","dateModified":"2025-03-14T16:53:04+00:00","mainEntityOfPage":{"@id":"https:\/\/www.nexoinformativo.mx\/index.php\/2025\/03\/14\/inversion-firme-en-queretaro-kuri-asegura-que-aranceles-no-detienen-el-crecimiento-en-el-estado\/"},"wordCount":197,"commentCount":0,"publisher":{"@id":"https:\/\/www.nexoinformativo.mx\/#organization"},"image":{"@id":"https:\/\/www.nexoinformativo.mx\/index.php\/2025\/03\/14\/inversion-firme-en-queretaro-kuri-asegura-que-aranceles-no-detienen-el-crecimiento-en-el-estado\/#primaryimage"},"thumbnailUrl":"https:\/\/www.nexoinformativo.mx\/wp-content\/uploads\/2025\/03\/PHOTO-2025-03-12-15-45-18-e1741833557499.jpg","keywords":["Aranceles","Econom\u00edaQro","Inversi\u00f3nQuer\u00e9taro","MauricioKuri"],"articleSection":["Econom\u00eda","Estado","\u00daltima Hora"],"inLanguage":"es","potentialAction":[{"@type":"CommentAction","name":"Comment","target":["https:\/\/www.nexoinformativo.mx\/index.php\/2025\/03\/14\/inversion-firme-en-queretaro-kuri-asegura-que-aranceles-no-detienen-el-crecimiento-en-el-estado\/#respond"]}]},{"@type":"WebPage","@id":"https:\/\/www.nexoinformativo.mx\/index.php\/2025\/03\/14\/inversion-firme-en-queretaro-kuri-asegura-que-aranceles-no-detienen-el-crecimiento-en-el-estado\/","url":"https:\/\/www.nexoinformativo.mx\/index.php\/2025\/03\/14\/inversion-firme-en-queretaro-kuri-asegura-que-aranceles-no-detienen-el-crecimiento-en-el-estado\/","name":"Inversi\u00f3n firme en Quer\u00e9taro Kuri asegura que aranceles no detienen el crecimiento en el estado | Nexo Informativo Santiago de Quer\u00e9taro","isPartOf":{"@id":"https:\/\/www.nexoinformativo.mx\/#website"},"primaryImageOfPage":{"@id":"https:\/\/www.nexoinformativo.mx\/index.php\/2025\/03\/14\/inversion-firme-en-queretaro-kuri-asegura-que-aranceles-no-detienen-el-crecimiento-en-el-estado\/#primaryimage"},"image":{"@id":"https:\/\/www.nexoinformativo.mx\/index.php\/2025\/03\/14\/inversion-firme-en-queretaro-kuri-asegura-que-aranceles-no-detienen-el-crecimiento-en-el-estado\/#primaryimage"},"thumbnailUrl":"https:\/\/www.nexoinformativo.mx\/wp-content\/uploads\/2025\/03\/PHOTO-2025-03-12-15-45-18-e1741833557499.jpg","datePublished":"2025-03-14T13:00:03+00:00","dateModified":"2025-03-14T16:53:04+00:00","description":"Inversi\u00f3n firme en Quer\u00e9taro Kuri asegura que aranceles no detienen el crecimiento en el estado","breadcrumb":{"@id":"https:\/\/www.nexoinformativo.mx\/index.php\/2025\/03\/14\/inversion-firme-en-queretaro-kuri-asegura-que-aranceles-no-detienen-el-crecimiento-en-el-estado\/#breadcrumb"},"inLanguage":"es","potentialAction":[{"@type":"ReadAction","target":["https:\/\/www.nexoinformativo.mx\/index.php\/2025\/03\/14\/inversion-firme-en-queretaro-kuri-asegura-que-aranceles-no-detienen-el-crecimiento-en-el-estado\/"]}]},{"@type":"ImageObject","inLanguage":"es","@id":"https:\/\/www.nexoinformativo.mx\/index.php\/2025\/03\/14\/inversion-firme-en-queretaro-kuri-asegura-que-aranceles-no-detienen-el-crecimiento-en-el-estado\/#primaryimage","url":"https:\/\/www.nexoinformativo.mx\/wp-content\/uploads\/2025\/03\/PHOTO-2025-03-12-15-45-18-e1741833557499.jpg","contentUrl":"https:\/\/www.nexoinformativo.mx\/wp-content\/uploads\/2025\/03\/PHOTO-2025-03-12-15-45-18-e1741833557499.jpg","width":800,"height":533},{"@type":"BreadcrumbList","@id":"https:\/\/www.nexoinformativo.mx\/index.php\/2025\/03\/14\/inversion-firme-en-queretaro-kuri-asegura-que-aranceles-no-detienen-el-crecimiento-en-el-estado\/#breadcrumb","itemListElement":[{"@type":"ListItem","position":1,"name":"Inicio","item":"https:\/\/www.nexoinformativo.mx\/"},{"@type":"ListItem","position":2,"name":"Inversi\u00f3n firme en Quer\u00e9taro Kuri asegura que aranceles no detienen el crecimiento en el estado"}]},{"@type":"WebSite","@id":"https:\/\/www.nexoinformativo.mx\/#website","url":"https:\/\/www.nexoinformativo.mx\/","name":"Nexo Informativo Santiago de Quer\u00e9taro","description":"Explora NexoInformativo y convi\u00e9rtete en parte de una comunidad que valora el conocimiento y la verdad. Tu nexoinformativo es tu puente hacia una comprensi\u00f3n m\u00e1s profunda del mundo que te rodea.","publisher":{"@id":"https:\/\/www.nexoinformativo.mx\/#organization"},"potentialAction":[{"@type":"SearchAction","target":{"@type":"EntryPoint","urlTemplate":"https:\/\/www.nexoinformativo.mx\/?s={search_term_string}"},"query-input":{"@type":"PropertyValueSpecification","valueRequired":true,"valueName":"search_term_string"}}],"inLanguage":"es"},{"@type":"Organization","@id":"https:\/\/www.nexoinformativo.mx\/#organization","name":"Nexo Informativo Santiago de Quer\u00e9taro","url":"https:\/\/www.nexoinformativo.mx\/","logo":{"@type":"ImageObject","inLanguage":"es","@id":"https:\/\/www.nexoinformativo.mx\/#\/schema\/logo\/image\/","url":"https:\/\/www.nexoinformativo.mx\/wp-content\/uploads\/2024\/07\/nexoi-trasparente-2.png","contentUrl":"https:\/\/www.nexoinformativo.mx\/wp-content\/uploads\/2024\/07\/nexoi-trasparente-2.png","width":816,"height":339,"caption":"Nexo Informativo Santiago de Quer\u00e9taro"},"image":{"@id":"https:\/\/www.nexoinformativo.mx\/#\/schema\/logo\/image\/"},"sameAs":["https:\/\/www.facebook.com\/people\/Nexo-Informativo\/61564066885511\/"]},{"@type":"Person","@id":"https:\/\/www.nexoinformativo.mx\/#\/schema\/person\/7749d380ba08c8ca00d7bc76fd907b7d","name":"Nexo Informativo","image":{"@type":"ImageObject","inLanguage":"es","@id":"https:\/\/www.nexoinformativo.mx\/#\/schema\/person\/image\/","url":"https:\/\/secure.gravatar.com\/avatar\/dde2928154642a13d95f87ddf1ea9718fe2b46760a005c53e41ff5ad610704e6?s=96&d=mm&r=g","contentUrl":"https:\/\/secure.gravatar.com\/avatar\/dde2928154642a13d95f87ddf1ea9718fe2b46760a005c53e41ff5ad610704e6?s=96&d=mm&r=g","caption":"Nexo Informativo"},"url":"https:\/\/www.nexoinformativo.mx\/index.php\/author\/edicion\/"}]}},"_links":{"self":[{"href":"https:\/\/www.nexoinformativo.mx\/index.php\/wp-json\/wp\/v2\/posts\/12761","targetHints":{"allow":["GET"]}}],"collection":[{"href":"https:\/\/www.nexoinformativo.mx\/index.php\/wp-json\/wp\/v2\/posts"}],"about":[{"href":"https:\/\/www.nexoinformativo.mx\/index.php\/wp-json\/wp\/v2\/types\/post"}],"author":[{"embeddable":true,"href":"https:\/\/www.nexoinformativo.mx\/index.php\/wp-json\/wp\/v2\/users\/3"}],"replies":[{"embeddable":true,"href":"https:\/\/www.nexoinformativo.mx\/index.php\/wp-json\/wp\/v2\/comments?post=12761"}],"version-history":[{"count":3,"href":"https:\/\/www.nexoinformativo.mx\/index.php\/wp-json\/wp\/v2\/posts\/12761\/revisions"}],"predecessor-version":[{"id":12764,"href":"https:\/\/www.nexoinformativo.mx\/index.php\/wp-json\/wp\/v2\/posts\/12761\/revisions\/12764"}],"wp:featuredmedia":[{"embeddable":true,"href":"https:\/\/www.nexoinformativo.mx\/index.php\/wp-json\/wp\/v2\/media\/12678"}],"wp:attachment":[{"href":"https:\/\/www.nexoinformativo.mx\/index.php\/wp-json\/wp\/v2\/media?parent=12761"}],"wp:term":[{"taxonomy":"category","embeddable":true,"href":"https:\/\/www.nexoinformativo.mx\/index.php\/wp-json\/wp\/v2\/categories?post=12761"},{"taxonomy":"post_tag","embeddable":true,"href":"https:\/\/www.nexoinformativo.mx\/index.php\/wp-json\/wp\/v2\/tags?post=12761"}],"curies":[{"name":"wp","href":"https:\/\/api.w.org\/{rel}","templated":true}]}}