{"id":12770,"date":"2025-03-14T08:00:39","date_gmt":"2025-03-14T14:00:39","guid":{"rendered":"https:\/\/www.nexoinformativo.mx\/?p=12770"},"modified":"2025-03-14T11:27:55","modified_gmt":"2025-03-14T17:27:55","slug":"mabe-apuesta-por-mexico-con-millonaria-inversion-para-generar-miles-de-empleos","status":"publish","type":"post","link":"https:\/\/www.nexoinformativo.mx\/index.php\/2025\/03\/14\/mabe-apuesta-por-mexico-con-millonaria-inversion-para-generar-miles-de-empleos\/","title":{"rendered":"Mabe apuesta por M\u00e9xico con millonaria inversi\u00f3n para generar miles de empleos"},"content":{"rendered":"<p style=\"text-align: justify;\" data-sourcepos=\"13:1-13:219\">Mabe, empresa l\u00edder en la fabricaci\u00f3n de l\u00ednea blanca, anunci\u00f3 una inversi\u00f3n de 668 millones de d\u00f3lares en M\u00e9xico para el periodo 2025-2027, como parte del Plan M\u00e9xico del Gobierno Federal.<\/p>\n<\/p>\n<p>&nbsp;<\/p>\n<p style=\"text-align: justify;\" data-sourcepos=\"15:1-15:121\">La presidenta Claudia Sheinbaum agradeci\u00f3 a Mabe por esta importante inversi\u00f3n, destacando su confianza en el pa\u00eds.<\/p>\n<\/p>\n<p>&nbsp;<\/p>\n<p style=\"text-align: justify;\" data-sourcepos=\"17:1-17:246\">El secretario de Econom\u00eda, Marcelo Ebrard Casaubon, inform\u00f3 que esta inversi\u00f3n forma parte de un portafolio que supera los 200 mil millones de d\u00f3lares en todo el sexenio, reafirmando el atractivo de M\u00e9xico para la inversi\u00f3n nacional y extranjera.<\/p>\n<\/p>\n<p>&nbsp;<\/p>\n<p style=\"text-align: justify;\" data-sourcepos=\"19:1-19:204\">Pablo Moreno Cadena, director general de Asuntos Corporativos de Mabe, detall\u00f3 que esta inversi\u00f3n se suma a los 1,145 millones de d\u00f3lares invertidos desde 2023 en infraestructura y desarrollo tecnol\u00f3gico.<\/p>\n<\/p>\n<p>&nbsp;<\/p>\n<p style=\"text-align: justify;\" data-sourcepos=\"21:1-21:171\">Mabe, con casi 80 a\u00f1os de historia en M\u00e9xico, busca fortalecer la innovaci\u00f3n, el dise\u00f1o y la producci\u00f3n, generando alrededor de 3,500 empleos directos y 17,500 indirectos.<\/p>\n<\/p>\n<p>&nbsp;<\/p>\n<p style=\"text-align: justify;\" data-sourcepos=\"23:1-23:105\">La empresa reafirm\u00f3 su compromiso con el pa\u00eds, destacando el talento y la capacidad industrial de M\u00e9xico.<\/p>\n<\/p>\n<p>&nbsp;<\/p>\n<p style=\"text-align: center;\" data-sourcepos=\"23:1-23:105\"><em><strong>\u00a1Informaci\u00f3n que transforma!<\/strong><\/em><\/p>\n","protected":false},"excerpt":{"rendered":"<p>Mabe, empresa l\u00edder en la fabricaci\u00f3n de l\u00ednea blanca, anunci\u00f3 una inversi\u00f3n de 668 millones de d\u00f3lares en M\u00e9xico para el periodo 2025-2027, como parte del Plan M\u00e9xico del Gobierno Federal.<\/p>\n","protected":false},"author":3,"featured_media":12771,"comment_status":"open","ping_status":"open","sticky":false,"template":"","format":"standard","meta":{"footnotes":""},"categories":[5,88,58],"tags":[3753,3755,3756,3100],"class_list":["post-12770","post","type-post","status-publish","format-standard","has-post-thumbnail","hentry","category-economia","category-nacional","category-ultima-hora","tag-empleomexico","tag-inversionmexico","tag-mabe","tag-planmexico"],"yoast_head":"<!-- This site is optimized with the Yoast SEO plugin v25.0 - https:\/\/yoast.com\/wordpress\/plugins\/seo\/ -->\n<title>Mabe apuesta por M\u00e9xico con millonaria inversi\u00f3n para generar miles de empleos | Nexo Informativo Santiago de Quer\u00e9taro<\/title>\n<meta name=\"description\" content=\"Mabe apuesta por M\u00e9xico con millonaria inversi\u00f3n para generar miles de empleos\" \/>\n<meta name=\"robots\" content=\"index, follow, max-snippet:-1, max-image-preview:large, max-video-preview:-1\" \/>\n<link rel=\"canonical\" href=\"https:\/\/www.nexoinformativo.mx\/index.php\/2025\/03\/14\/mabe-apuesta-por-mexico-con-millonaria-inversion-para-generar-miles-de-empleos\/\" \/>\n<meta property=\"og:locale\" content=\"es_MX\" \/>\n<meta property=\"og:type\" content=\"article\" \/>\n<meta property=\"og:title\" content=\"Mabe apuesta por M\u00e9xico con millonaria inversi\u00f3n para generar miles de empleos | Nexo Informativo Santiago de Quer\u00e9taro\" \/>\n<meta property=\"og:description\" content=\"Mabe apuesta por M\u00e9xico con millonaria inversi\u00f3n para generar miles de empleos\" \/>\n<meta property=\"og:url\" content=\"https:\/\/www.nexoinformativo.mx\/index.php\/2025\/03\/14\/mabe-apuesta-por-mexico-con-millonaria-inversion-para-generar-miles-de-empleos\/\" \/>\n<meta property=\"og:site_name\" content=\"Nexo Informativo Santiago de Quer\u00e9taro\" \/>\n<meta property=\"article:publisher\" content=\"https:\/\/www.facebook.com\/people\/Nexo-Informativo\/61564066885511\/\" \/>\n<meta property=\"article:published_time\" content=\"2025-03-14T14:00:39+00:00\" \/>\n<meta property=\"article:modified_time\" content=\"2025-03-14T17:27:55+00:00\" \/>\n<meta property=\"og:image\" content=\"https:\/\/www.nexoinformativo.mx\/wp-content\/uploads\/2025\/03\/IMG_1643.jpg\" \/>\n\t<meta property=\"og:image:width\" content=\"650\" \/>\n\t<meta property=\"og:image:height\" content=\"380\" \/>\n\t<meta property=\"og:image:type\" content=\"image\/jpeg\" \/>\n<meta name=\"author\" content=\"Nexo Informativo\" \/>\n<meta name=\"twitter:card\" content=\"summary_large_image\" \/>\n<meta name=\"twitter:label1\" content=\"Escrito por\" \/>\n\t<meta name=\"twitter:data1\" content=\"Nexo Informativo\" \/>\n\t<meta name=\"twitter:label2\" content=\"Tiempo de lectura\" \/>\n\t<meta name=\"twitter:data2\" content=\"1 minuto\" \/>\n<script type=\"application\/ld+json\" class=\"yoast-schema-graph\">{\"@context\":\"https:\/\/schema.org\",\"@graph\":[{\"@type\":\"Article\",\"@id\":\"https:\/\/www.nexoinformativo.mx\/index.php\/2025\/03\/14\/mabe-apuesta-por-mexico-con-millonaria-inversion-para-generar-miles-de-empleos\/#article\",\"isPartOf\":{\"@id\":\"https:\/\/www.nexoinformativo.mx\/index.php\/2025\/03\/14\/mabe-apuesta-por-mexico-con-millonaria-inversion-para-generar-miles-de-empleos\/\"},\"author\":{\"name\":\"Nexo Informativo\",\"@id\":\"https:\/\/www.nexoinformativo.mx\/#\/schema\/person\/7749d380ba08c8ca00d7bc76fd907b7d\"},\"headline\":\"Mabe apuesta por M\u00e9xico con millonaria inversi\u00f3n para generar miles de empleos\",\"datePublished\":\"2025-03-14T14:00:39+00:00\",\"dateModified\":\"2025-03-14T17:27:55+00:00\",\"mainEntityOfPage\":{\"@id\":\"https:\/\/www.nexoinformativo.mx\/index.php\/2025\/03\/14\/mabe-apuesta-por-mexico-con-millonaria-inversion-para-generar-miles-de-empleos\/\"},\"wordCount\":202,\"commentCount\":0,\"publisher\":{\"@id\":\"https:\/\/www.nexoinformativo.mx\/#organization\"},\"image\":{\"@id\":\"https:\/\/www.nexoinformativo.mx\/index.php\/2025\/03\/14\/mabe-apuesta-por-mexico-con-millonaria-inversion-para-generar-miles-de-empleos\/#primaryimage\"},\"thumbnailUrl\":\"https:\/\/www.nexoinformativo.mx\/wp-content\/uploads\/2025\/03\/IMG_1643.jpg\",\"keywords\":[\"EmpleoM\u00e9xico\",\"Inversi\u00f3nM\u00e9xico\",\"Mabe\",\"PlanM\u00e9xico\"],\"articleSection\":[\"Econom\u00eda\",\"Nacional\",\"\u00daltima Hora\"],\"inLanguage\":\"es\",\"potentialAction\":[{\"@type\":\"CommentAction\",\"name\":\"Comment\",\"target\":[\"https:\/\/www.nexoinformativo.mx\/index.php\/2025\/03\/14\/mabe-apuesta-por-mexico-con-millonaria-inversion-para-generar-miles-de-empleos\/#respond\"]}]},{\"@type\":\"WebPage\",\"@id\":\"https:\/\/www.nexoinformativo.mx\/index.php\/2025\/03\/14\/mabe-apuesta-por-mexico-con-millonaria-inversion-para-generar-miles-de-empleos\/\",\"url\":\"https:\/\/www.nexoinformativo.mx\/index.php\/2025\/03\/14\/mabe-apuesta-por-mexico-con-millonaria-inversion-para-generar-miles-de-empleos\/\",\"name\":\"Mabe apuesta por M\u00e9xico con millonaria inversi\u00f3n para generar miles de empleos | Nexo Informativo Santiago de Quer\u00e9taro\",\"isPartOf\":{\"@id\":\"https:\/\/www.nexoinformativo.mx\/#website\"},\"primaryImageOfPage\":{\"@id\":\"https:\/\/www.nexoinformativo.mx\/index.php\/2025\/03\/14\/mabe-apuesta-por-mexico-con-millonaria-inversion-para-generar-miles-de-empleos\/#primaryimage\"},\"image\":{\"@id\":\"https:\/\/www.nexoinformativo.mx\/index.php\/2025\/03\/14\/mabe-apuesta-por-mexico-con-millonaria-inversion-para-generar-miles-de-empleos\/#primaryimage\"},\"thumbnailUrl\":\"https:\/\/www.nexoinformativo.mx\/wp-content\/uploads\/2025\/03\/IMG_1643.jpg\",\"datePublished\":\"2025-03-14T14:00:39+00:00\",\"dateModified\":\"2025-03-14T17:27:55+00:00\",\"description\":\"Mabe apuesta por M\u00e9xico con millonaria inversi\u00f3n para generar miles de empleos\",\"breadcrumb\":{\"@id\":\"https:\/\/www.nexoinformativo.mx\/index.php\/2025\/03\/14\/mabe-apuesta-por-mexico-con-millonaria-inversion-para-generar-miles-de-empleos\/#breadcrumb\"},\"inLanguage\":\"es\",\"potentialAction\":[{\"@type\":\"ReadAction\",\"target\":[\"https:\/\/www.nexoinformativo.mx\/index.php\/2025\/03\/14\/mabe-apuesta-por-mexico-con-millonaria-inversion-para-generar-miles-de-empleos\/\"]}]},{\"@type\":\"ImageObject\",\"inLanguage\":\"es\",\"@id\":\"https:\/\/www.nexoinformativo.mx\/index.php\/2025\/03\/14\/mabe-apuesta-por-mexico-con-millonaria-inversion-para-generar-miles-de-empleos\/#primaryimage\",\"url\":\"https:\/\/www.nexoinformativo.mx\/wp-content\/uploads\/2025\/03\/IMG_1643.jpg\",\"contentUrl\":\"https:\/\/www.nexoinformativo.mx\/wp-content\/uploads\/2025\/03\/IMG_1643.jpg\",\"width\":650,\"height\":380,\"caption\":\"Cuauht\u00e9moc, Ciudad de M\u00e9xico, M\u00e9xico, 13 de marzo de 2025. La doctora Claudia Sheinbaum Pardo, presidenta Constitucional de los Estados Unidos Mexicanos en conferencia de prensa matutina \u201cLas ma\u00f1aneras del pueblo\u201d, en el Sal\u00f3n Tesorer\u00eda de Palacio Nacional. La acompa\u00f1an Marcelo Ebrard Casaub\u00f3n, secretario de Econom\u00eda; Jos\u00e9 Antonio Pe\u00f1a Merino, director de la Agencia de Transformaci\u00f3n Digital; Nohemi Ju\u00e1rez P\u00e9rez, subsecretaria de Educaci\u00f3n B\u00e1sica y Pablo Moreno, director general de asuntos corporativos de Mabe. Foto: Presidencia\"},{\"@type\":\"BreadcrumbList\",\"@id\":\"https:\/\/www.nexoinformativo.mx\/index.php\/2025\/03\/14\/mabe-apuesta-por-mexico-con-millonaria-inversion-para-generar-miles-de-empleos\/#breadcrumb\",\"itemListElement\":[{\"@type\":\"ListItem\",\"position\":1,\"name\":\"Inicio\",\"item\":\"https:\/\/www.nexoinformativo.mx\/\"},{\"@type\":\"ListItem\",\"position\":2,\"name\":\"Mabe apuesta por M\u00e9xico con millonaria inversi\u00f3n para generar miles de empleos\"}]},{\"@type\":\"WebSite\",\"@id\":\"https:\/\/www.nexoinformativo.mx\/#website\",\"url\":\"https:\/\/www.nexoinformativo.mx\/\",\"name\":\"Nexo Informativo Santiago de Quer\u00e9taro\",\"description\":\"Explora NexoInformativo y convi\u00e9rtete en parte de una comunidad que valora el conocimiento y la verdad. Tu nexoinformativo es tu puente hacia una comprensi\u00f3n m\u00e1s profunda del mundo que te rodea.\",\"publisher\":{\"@id\":\"https:\/\/www.nexoinformativo.mx\/#organization\"},\"potentialAction\":[{\"@type\":\"SearchAction\",\"target\":{\"@type\":\"EntryPoint\",\"urlTemplate\":\"https:\/\/www.nexoinformativo.mx\/?s={search_term_string}\"},\"query-input\":{\"@type\":\"PropertyValueSpecification\",\"valueRequired\":true,\"valueName\":\"search_term_string\"}}],\"inLanguage\":\"es\"},{\"@type\":\"Organization\",\"@id\":\"https:\/\/www.nexoinformativo.mx\/#organization\",\"name\":\"Nexo Informativo Santiago de Quer\u00e9taro\",\"url\":\"https:\/\/www.nexoinformativo.mx\/\",\"logo\":{\"@type\":\"ImageObject\",\"inLanguage\":\"es\",\"@id\":\"https:\/\/www.nexoinformativo.mx\/#\/schema\/logo\/image\/\",\"url\":\"https:\/\/www.nexoinformativo.mx\/wp-content\/uploads\/2024\/07\/nexoi-trasparente-2.png\",\"contentUrl\":\"https:\/\/www.nexoinformativo.mx\/wp-content\/uploads\/2024\/07\/nexoi-trasparente-2.png\",\"width\":816,\"height\":339,\"caption\":\"Nexo Informativo Santiago de Quer\u00e9taro\"},\"image\":{\"@id\":\"https:\/\/www.nexoinformativo.mx\/#\/schema\/logo\/image\/\"},\"sameAs\":[\"https:\/\/www.facebook.com\/people\/Nexo-Informativo\/61564066885511\/\"]},{\"@type\":\"Person\",\"@id\":\"https:\/\/www.nexoinformativo.mx\/#\/schema\/person\/7749d380ba08c8ca00d7bc76fd907b7d\",\"name\":\"Nexo Informativo\",\"image\":{\"@type\":\"ImageObject\",\"inLanguage\":\"es\",\"@id\":\"https:\/\/www.nexoinformativo.mx\/#\/schema\/person\/image\/\",\"url\":\"https:\/\/secure.gravatar.com\/avatar\/dde2928154642a13d95f87ddf1ea9718fe2b46760a005c53e41ff5ad610704e6?s=96&d=mm&r=g\",\"contentUrl\":\"https:\/\/secure.gravatar.com\/avatar\/dde2928154642a13d95f87ddf1ea9718fe2b46760a005c53e41ff5ad610704e6?s=96&d=mm&r=g\",\"caption\":\"Nexo Informativo\"},\"url\":\"https:\/\/www.nexoinformativo.mx\/index.php\/author\/edicion\/\"}]}<\/script>\n<!-- \/ Yoast SEO plugin. -->","yoast_head_json":{"title":"Mabe apuesta por M\u00e9xico con millonaria inversi\u00f3n para generar miles de empleos | Nexo Informativo Santiago de Quer\u00e9taro","description":"Mabe apuesta por M\u00e9xico con millonaria inversi\u00f3n para generar miles de empleos","robots":{"index":"index","follow":"follow","max-snippet":"max-snippet:-1","max-image-preview":"max-image-preview:large","max-video-preview":"max-video-preview:-1"},"canonical":"https:\/\/www.nexoinformativo.mx\/index.php\/2025\/03\/14\/mabe-apuesta-por-mexico-con-millonaria-inversion-para-generar-miles-de-empleos\/","og_locale":"es_MX","og_type":"article","og_title":"Mabe apuesta por M\u00e9xico con millonaria inversi\u00f3n para generar miles de empleos | Nexo Informativo Santiago de Quer\u00e9taro","og_description":"Mabe apuesta por M\u00e9xico con millonaria inversi\u00f3n para generar miles de empleos","og_url":"https:\/\/www.nexoinformativo.mx\/index.php\/2025\/03\/14\/mabe-apuesta-por-mexico-con-millonaria-inversion-para-generar-miles-de-empleos\/","og_site_name":"Nexo Informativo Santiago de Quer\u00e9taro","article_publisher":"https:\/\/www.facebook.com\/people\/Nexo-Informativo\/61564066885511\/","article_published_time":"2025-03-14T14:00:39+00:00","article_modified_time":"2025-03-14T17:27:55+00:00","og_image":[{"width":650,"height":380,"url":"https:\/\/www.nexoinformativo.mx\/wp-content\/uploads\/2025\/03\/IMG_1643.jpg","type":"image\/jpeg"}],"author":"Nexo Informativo","twitter_card":"summary_large_image","twitter_misc":{"Escrito por":"Nexo Informativo","Tiempo de lectura":"1 minuto"},"schema":{"@context":"https:\/\/schema.org","@graph":[{"@type":"Article","@id":"https:\/\/www.nexoinformativo.mx\/index.php\/2025\/03\/14\/mabe-apuesta-por-mexico-con-millonaria-inversion-para-generar-miles-de-empleos\/#article","isPartOf":{"@id":"https:\/\/www.nexoinformativo.mx\/index.php\/2025\/03\/14\/mabe-apuesta-por-mexico-con-millonaria-inversion-para-generar-miles-de-empleos\/"},"author":{"name":"Nexo Informativo","@id":"https:\/\/www.nexoinformativo.mx\/#\/schema\/person\/7749d380ba08c8ca00d7bc76fd907b7d"},"headline":"Mabe apuesta por M\u00e9xico con millonaria inversi\u00f3n para generar miles de empleos","datePublished":"2025-03-14T14:00:39+00:00","dateModified":"2025-03-14T17:27:55+00:00","mainEntityOfPage":{"@id":"https:\/\/www.nexoinformativo.mx\/index.php\/2025\/03\/14\/mabe-apuesta-por-mexico-con-millonaria-inversion-para-generar-miles-de-empleos\/"},"wordCount":202,"commentCount":0,"publisher":{"@id":"https:\/\/www.nexoinformativo.mx\/#organization"},"image":{"@id":"https:\/\/www.nexoinformativo.mx\/index.php\/2025\/03\/14\/mabe-apuesta-por-mexico-con-millonaria-inversion-para-generar-miles-de-empleos\/#primaryimage"},"thumbnailUrl":"https:\/\/www.nexoinformativo.mx\/wp-content\/uploads\/2025\/03\/IMG_1643.jpg","keywords":["EmpleoM\u00e9xico","Inversi\u00f3nM\u00e9xico","Mabe","PlanM\u00e9xico"],"articleSection":["Econom\u00eda","Nacional","\u00daltima Hora"],"inLanguage":"es","potentialAction":[{"@type":"CommentAction","name":"Comment","target":["https:\/\/www.nexoinformativo.mx\/index.php\/2025\/03\/14\/mabe-apuesta-por-mexico-con-millonaria-inversion-para-generar-miles-de-empleos\/#respond"]}]},{"@type":"WebPage","@id":"https:\/\/www.nexoinformativo.mx\/index.php\/2025\/03\/14\/mabe-apuesta-por-mexico-con-millonaria-inversion-para-generar-miles-de-empleos\/","url":"https:\/\/www.nexoinformativo.mx\/index.php\/2025\/03\/14\/mabe-apuesta-por-mexico-con-millonaria-inversion-para-generar-miles-de-empleos\/","name":"Mabe apuesta por M\u00e9xico con millonaria inversi\u00f3n para generar miles de empleos | Nexo Informativo Santiago de Quer\u00e9taro","isPartOf":{"@id":"https:\/\/www.nexoinformativo.mx\/#website"},"primaryImageOfPage":{"@id":"https:\/\/www.nexoinformativo.mx\/index.php\/2025\/03\/14\/mabe-apuesta-por-mexico-con-millonaria-inversion-para-generar-miles-de-empleos\/#primaryimage"},"image":{"@id":"https:\/\/www.nexoinformativo.mx\/index.php\/2025\/03\/14\/mabe-apuesta-por-mexico-con-millonaria-inversion-para-generar-miles-de-empleos\/#primaryimage"},"thumbnailUrl":"https:\/\/www.nexoinformativo.mx\/wp-content\/uploads\/2025\/03\/IMG_1643.jpg","datePublished":"2025-03-14T14:00:39+00:00","dateModified":"2025-03-14T17:27:55+00:00","description":"Mabe apuesta por M\u00e9xico con millonaria inversi\u00f3n para generar miles de empleos","breadcrumb":{"@id":"https:\/\/www.nexoinformativo.mx\/index.php\/2025\/03\/14\/mabe-apuesta-por-mexico-con-millonaria-inversion-para-generar-miles-de-empleos\/#breadcrumb"},"inLanguage":"es","potentialAction":[{"@type":"ReadAction","target":["https:\/\/www.nexoinformativo.mx\/index.php\/2025\/03\/14\/mabe-apuesta-por-mexico-con-millonaria-inversion-para-generar-miles-de-empleos\/"]}]},{"@type":"ImageObject","inLanguage":"es","@id":"https:\/\/www.nexoinformativo.mx\/index.php\/2025\/03\/14\/mabe-apuesta-por-mexico-con-millonaria-inversion-para-generar-miles-de-empleos\/#primaryimage","url":"https:\/\/www.nexoinformativo.mx\/wp-content\/uploads\/2025\/03\/IMG_1643.jpg","contentUrl":"https:\/\/www.nexoinformativo.mx\/wp-content\/uploads\/2025\/03\/IMG_1643.jpg","width":650,"height":380,"caption":"Cuauht\u00e9moc, Ciudad de M\u00e9xico, M\u00e9xico, 13 de marzo de 2025. La doctora Claudia Sheinbaum Pardo, presidenta Constitucional de los Estados Unidos Mexicanos en conferencia de prensa matutina \u201cLas ma\u00f1aneras del pueblo\u201d, en el Sal\u00f3n Tesorer\u00eda de Palacio Nacional. La acompa\u00f1an Marcelo Ebrard Casaub\u00f3n, secretario de Econom\u00eda; Jos\u00e9 Antonio Pe\u00f1a Merino, director de la Agencia de Transformaci\u00f3n Digital; Nohemi Ju\u00e1rez P\u00e9rez, subsecretaria de Educaci\u00f3n B\u00e1sica y Pablo Moreno, director general de asuntos corporativos de Mabe. Foto: Presidencia"},{"@type":"BreadcrumbList","@id":"https:\/\/www.nexoinformativo.mx\/index.php\/2025\/03\/14\/mabe-apuesta-por-mexico-con-millonaria-inversion-para-generar-miles-de-empleos\/#breadcrumb","itemListElement":[{"@type":"ListItem","position":1,"name":"Inicio","item":"https:\/\/www.nexoinformativo.mx\/"},{"@type":"ListItem","position":2,"name":"Mabe apuesta por M\u00e9xico con millonaria inversi\u00f3n para generar miles de empleos"}]},{"@type":"WebSite","@id":"https:\/\/www.nexoinformativo.mx\/#website","url":"https:\/\/www.nexoinformativo.mx\/","name":"Nexo Informativo Santiago de Quer\u00e9taro","description":"Explora NexoInformativo y convi\u00e9rtete en parte de una comunidad que valora el conocimiento y la verdad. Tu nexoinformativo es tu puente hacia una comprensi\u00f3n m\u00e1s profunda del mundo que te rodea.","publisher":{"@id":"https:\/\/www.nexoinformativo.mx\/#organization"},"potentialAction":[{"@type":"SearchAction","target":{"@type":"EntryPoint","urlTemplate":"https:\/\/www.nexoinformativo.mx\/?s={search_term_string}"},"query-input":{"@type":"PropertyValueSpecification","valueRequired":true,"valueName":"search_term_string"}}],"inLanguage":"es"},{"@type":"Organization","@id":"https:\/\/www.nexoinformativo.mx\/#organization","name":"Nexo Informativo Santiago de Quer\u00e9taro","url":"https:\/\/www.nexoinformativo.mx\/","logo":{"@type":"ImageObject","inLanguage":"es","@id":"https:\/\/www.nexoinformativo.mx\/#\/schema\/logo\/image\/","url":"https:\/\/www.nexoinformativo.mx\/wp-content\/uploads\/2024\/07\/nexoi-trasparente-2.png","contentUrl":"https:\/\/www.nexoinformativo.mx\/wp-content\/uploads\/2024\/07\/nexoi-trasparente-2.png","width":816,"height":339,"caption":"Nexo Informativo Santiago de Quer\u00e9taro"},"image":{"@id":"https:\/\/www.nexoinformativo.mx\/#\/schema\/logo\/image\/"},"sameAs":["https:\/\/www.facebook.com\/people\/Nexo-Informativo\/61564066885511\/"]},{"@type":"Person","@id":"https:\/\/www.nexoinformativo.mx\/#\/schema\/person\/7749d380ba08c8ca00d7bc76fd907b7d","name":"Nexo Informativo","image":{"@type":"ImageObject","inLanguage":"es","@id":"https:\/\/www.nexoinformativo.mx\/#\/schema\/person\/image\/","url":"https:\/\/secure.gravatar.com\/avatar\/dde2928154642a13d95f87ddf1ea9718fe2b46760a005c53e41ff5ad610704e6?s=96&d=mm&r=g","contentUrl":"https:\/\/secure.gravatar.com\/avatar\/dde2928154642a13d95f87ddf1ea9718fe2b46760a005c53e41ff5ad610704e6?s=96&d=mm&r=g","caption":"Nexo Informativo"},"url":"https:\/\/www.nexoinformativo.mx\/index.php\/author\/edicion\/"}]}},"_links":{"self":[{"href":"https:\/\/www.nexoinformativo.mx\/index.php\/wp-json\/wp\/v2\/posts\/12770","targetHints":{"allow":["GET"]}}],"collection":[{"href":"https:\/\/www.nexoinformativo.mx\/index.php\/wp-json\/wp\/v2\/posts"}],"about":[{"href":"https:\/\/www.nexoinformativo.mx\/index.php\/wp-json\/wp\/v2\/types\/post"}],"author":[{"embeddable":true,"href":"https:\/\/www.nexoinformativo.mx\/index.php\/wp-json\/wp\/v2\/users\/3"}],"replies":[{"embeddable":true,"href":"https:\/\/www.nexoinformativo.mx\/index.php\/wp-json\/wp\/v2\/comments?post=12770"}],"version-history":[{"count":3,"href":"https:\/\/www.nexoinformativo.mx\/index.php\/wp-json\/wp\/v2\/posts\/12770\/revisions"}],"predecessor-version":[{"id":12774,"href":"https:\/\/www.nexoinformativo.mx\/index.php\/wp-json\/wp\/v2\/posts\/12770\/revisions\/12774"}],"wp:featuredmedia":[{"embeddable":true,"href":"https:\/\/www.nexoinformativo.mx\/index.php\/wp-json\/wp\/v2\/media\/12771"}],"wp:attachment":[{"href":"https:\/\/www.nexoinformativo.mx\/index.php\/wp-json\/wp\/v2\/media?parent=12770"}],"wp:term":[{"taxonomy":"category","embeddable":true,"href":"https:\/\/www.nexoinformativo.mx\/index.php\/wp-json\/wp\/v2\/categories?post=12770"},{"taxonomy":"post_tag","embeddable":true,"href":"https:\/\/www.nexoinformativo.mx\/index.php\/wp-json\/wp\/v2\/tags?post=12770"}],"curies":[{"name":"wp","href":"https:\/\/api.w.org\/{rel}","templated":true}]}}