{"id":12780,"date":"2025-03-14T10:00:13","date_gmt":"2025-03-14T16:00:13","guid":{"rendered":"https:\/\/www.nexoinformativo.mx\/?p=12780"},"modified":"2025-03-14T11:36:31","modified_gmt":"2025-03-14T17:36:31","slug":"inversion-millonaria-dhl-fortalece-su-presencia-en-queretaro-con-hub-de-vanguardia","status":"publish","type":"post","link":"https:\/\/www.nexoinformativo.mx\/index.php\/2025\/03\/14\/inversion-millonaria-dhl-fortalece-su-presencia-en-queretaro-con-hub-de-vanguardia\/","title":{"rendered":"Inversi\u00f3n millonaria DHL fortalece su presencia en Quer\u00e9taro con HUB de vanguardia"},"content":{"rendered":"<p style=\"text-align: justify;\" data-sourcepos=\"13:1-13:223\"><strong>DHL Express<\/strong> inaugur\u00f3 oficialmente su renovado y ampliado <strong>HUB a\u00e9reo<\/strong> en el Aeropuerto Internacional de Quer\u00e9taro (AIQ), consolid\u00e1ndose como el m\u00e1s grande y avanzado de M\u00e9xico y Latinoam\u00e9rica.<\/p>\n<\/p>\n<p>&nbsp;<\/p>\n<p style=\"text-align: justify;\" data-sourcepos=\"15:1-15:244\">Con una inversi\u00f3n de 120 millones de d\u00f3lares, este proyecto triplica la infraestructura y actualiza la tecnolog\u00eda automatizada, posicionando a Quer\u00e9taro como un punto estrat\u00e9gico para las operaciones nacionales e internacionales de la compa\u00f1\u00eda.<\/p>\n<\/p>\n<p>&nbsp;<\/p>\n<p style=\"text-align: justify;\" data-sourcepos=\"17:1-17:220\">El HUB a\u00e9reo, que inici\u00f3 operaciones en 2010, ha sido ampliado y modernizado en varias etapas, alcanzando ahora m\u00e1s de 30 mil metros cuadrados, 44 l\u00edneas automatizadas y una capacidad de manejo de 41 mil env\u00edos por hora.<\/p>\n<\/p>\n<p>&nbsp;<\/p>\n<p style=\"text-align: justify;\" data-sourcepos=\"19:1-19:193\">La ubicaci\u00f3n estrat\u00e9gica de Quer\u00e9taro, su conectividad y su crecimiento industrial en sectores clave como el automotriz y aeroespacial, han sido determinantes para la consolidaci\u00f3n de este HUB.<\/p>\n<\/p>\n<p>&nbsp;<\/p>\n<p style=\"text-align: justify;\" data-sourcepos=\"21:1-21:173\">DHL Express reafirma su compromiso con M\u00e9xico, apostando por su potencial en el sector log\u00edstico y generando aumentos significativos en productividad y eficiencia operativa.<\/p>\n<\/p>\n<p>&nbsp;<\/p>\n<p style=\"text-align: justify;\" data-sourcepos=\"23:1-23:163\">El proyecto tambi\u00e9n destaca por sus pr\u00e1cticas sustentables, con la certificaci\u00f3n LEED y el uso de energ\u00eda autosostenible y sistemas de recolecci\u00f3n de agua pluvial.<\/p>\n<\/p>\n<p>&nbsp;<\/p>\n<p style=\"text-align: center;\" data-sourcepos=\"23:1-23:163\"><em><strong>\u00a1Informaci\u00f3n que transforma!<\/strong><\/em><\/p>\n","protected":false},"excerpt":{"rendered":"<p>DHL Express inaugur\u00f3 oficialmente su renovado y ampliado HUB a\u00e9reo en el Aeropuerto Internacional de Quer\u00e9taro (AIQ), consolid\u00e1ndose como el m\u00e1s grande y avanzado de M\u00e9xico y Latinoam\u00e9rica.<\/p>\n","protected":false},"author":3,"featured_media":12781,"comment_status":"open","ping_status":"open","sticky":false,"template":"","format":"standard","meta":{"footnotes":""},"categories":[5,42,58],"tags":[3759,3761,3760,1489],"class_list":["post-12780","post","type-post","status-publish","format-standard","has-post-thumbnail","hentry","category-economia","category-estado","category-ultima-hora","tag-dhlqueretaro","tag-inversionqro","tag-logisticamexico","tag-nearshoring"],"yoast_head":"<!-- This site is optimized with the Yoast SEO plugin v25.0 - https:\/\/yoast.com\/wordpress\/plugins\/seo\/ -->\n<title>Inversi\u00f3n millonaria DHL fortalece su presencia en Quer\u00e9taro con HUB de vanguardia | Nexo Informativo Santiago de Quer\u00e9taro<\/title>\n<meta name=\"description\" content=\"Inversi\u00f3n millonaria DHL fortalece su presencia en Quer\u00e9taro con HUB de vanguardia\" \/>\n<meta name=\"robots\" content=\"index, follow, max-snippet:-1, max-image-preview:large, max-video-preview:-1\" \/>\n<link rel=\"canonical\" href=\"https:\/\/www.nexoinformativo.mx\/index.php\/2025\/03\/14\/inversion-millonaria-dhl-fortalece-su-presencia-en-queretaro-con-hub-de-vanguardia\/\" \/>\n<meta property=\"og:locale\" content=\"es_MX\" \/>\n<meta property=\"og:type\" content=\"article\" \/>\n<meta property=\"og:title\" content=\"Inversi\u00f3n millonaria DHL fortalece su presencia en Quer\u00e9taro con HUB de vanguardia | Nexo Informativo Santiago de Quer\u00e9taro\" \/>\n<meta property=\"og:description\" content=\"Inversi\u00f3n millonaria DHL fortalece su presencia en Quer\u00e9taro con HUB de vanguardia\" \/>\n<meta property=\"og:url\" content=\"https:\/\/www.nexoinformativo.mx\/index.php\/2025\/03\/14\/inversion-millonaria-dhl-fortalece-su-presencia-en-queretaro-con-hub-de-vanguardia\/\" \/>\n<meta property=\"og:site_name\" content=\"Nexo Informativo Santiago de Quer\u00e9taro\" \/>\n<meta property=\"article:publisher\" content=\"https:\/\/www.facebook.com\/people\/Nexo-Informativo\/61564066885511\/\" \/>\n<meta property=\"article:published_time\" content=\"2025-03-14T16:00:13+00:00\" \/>\n<meta property=\"article:modified_time\" content=\"2025-03-14T17:36:31+00:00\" \/>\n<meta property=\"og:image\" content=\"https:\/\/www.nexoinformativo.mx\/wp-content\/uploads\/2025\/03\/PHOTO-2025-03-14-11-20-42-e1741973756337.jpg\" \/>\n\t<meta property=\"og:image:width\" content=\"800\" \/>\n\t<meta property=\"og:image:height\" content=\"533\" \/>\n\t<meta property=\"og:image:type\" content=\"image\/jpeg\" \/>\n<meta name=\"author\" content=\"Nexo Informativo\" \/>\n<meta name=\"twitter:card\" content=\"summary_large_image\" \/>\n<meta name=\"twitter:label1\" content=\"Escrito por\" \/>\n\t<meta name=\"twitter:data1\" content=\"Nexo Informativo\" \/>\n\t<meta name=\"twitter:label2\" content=\"Tiempo de lectura\" \/>\n\t<meta name=\"twitter:data2\" content=\"2 minutos\" \/>\n<script type=\"application\/ld+json\" class=\"yoast-schema-graph\">{\"@context\":\"https:\/\/schema.org\",\"@graph\":[{\"@type\":\"Article\",\"@id\":\"https:\/\/www.nexoinformativo.mx\/index.php\/2025\/03\/14\/inversion-millonaria-dhl-fortalece-su-presencia-en-queretaro-con-hub-de-vanguardia\/#article\",\"isPartOf\":{\"@id\":\"https:\/\/www.nexoinformativo.mx\/index.php\/2025\/03\/14\/inversion-millonaria-dhl-fortalece-su-presencia-en-queretaro-con-hub-de-vanguardia\/\"},\"author\":{\"name\":\"Nexo Informativo\",\"@id\":\"https:\/\/www.nexoinformativo.mx\/#\/schema\/person\/7749d380ba08c8ca00d7bc76fd907b7d\"},\"headline\":\"Inversi\u00f3n millonaria DHL fortalece su presencia en Quer\u00e9taro con HUB de vanguardia\",\"datePublished\":\"2025-03-14T16:00:13+00:00\",\"dateModified\":\"2025-03-14T17:36:31+00:00\",\"mainEntityOfPage\":{\"@id\":\"https:\/\/www.nexoinformativo.mx\/index.php\/2025\/03\/14\/inversion-millonaria-dhl-fortalece-su-presencia-en-queretaro-con-hub-de-vanguardia\/\"},\"wordCount\":223,\"commentCount\":0,\"publisher\":{\"@id\":\"https:\/\/www.nexoinformativo.mx\/#organization\"},\"image\":{\"@id\":\"https:\/\/www.nexoinformativo.mx\/index.php\/2025\/03\/14\/inversion-millonaria-dhl-fortalece-su-presencia-en-queretaro-con-hub-de-vanguardia\/#primaryimage\"},\"thumbnailUrl\":\"https:\/\/www.nexoinformativo.mx\/wp-content\/uploads\/2025\/03\/PHOTO-2025-03-14-11-20-42-e1741973756337.jpg\",\"keywords\":[\"DHLQuer\u00e9taro\",\"Inversi\u00f3nQro\",\"Log\u00edsticaM\u00e9xico\",\"Nearshoring\"],\"articleSection\":[\"Econom\u00eda\",\"Estado\",\"\u00daltima Hora\"],\"inLanguage\":\"es\",\"potentialAction\":[{\"@type\":\"CommentAction\",\"name\":\"Comment\",\"target\":[\"https:\/\/www.nexoinformativo.mx\/index.php\/2025\/03\/14\/inversion-millonaria-dhl-fortalece-su-presencia-en-queretaro-con-hub-de-vanguardia\/#respond\"]}]},{\"@type\":\"WebPage\",\"@id\":\"https:\/\/www.nexoinformativo.mx\/index.php\/2025\/03\/14\/inversion-millonaria-dhl-fortalece-su-presencia-en-queretaro-con-hub-de-vanguardia\/\",\"url\":\"https:\/\/www.nexoinformativo.mx\/index.php\/2025\/03\/14\/inversion-millonaria-dhl-fortalece-su-presencia-en-queretaro-con-hub-de-vanguardia\/\",\"name\":\"Inversi\u00f3n millonaria DHL fortalece su presencia en Quer\u00e9taro con HUB de vanguardia | Nexo Informativo Santiago de Quer\u00e9taro\",\"isPartOf\":{\"@id\":\"https:\/\/www.nexoinformativo.mx\/#website\"},\"primaryImageOfPage\":{\"@id\":\"https:\/\/www.nexoinformativo.mx\/index.php\/2025\/03\/14\/inversion-millonaria-dhl-fortalece-su-presencia-en-queretaro-con-hub-de-vanguardia\/#primaryimage\"},\"image\":{\"@id\":\"https:\/\/www.nexoinformativo.mx\/index.php\/2025\/03\/14\/inversion-millonaria-dhl-fortalece-su-presencia-en-queretaro-con-hub-de-vanguardia\/#primaryimage\"},\"thumbnailUrl\":\"https:\/\/www.nexoinformativo.mx\/wp-content\/uploads\/2025\/03\/PHOTO-2025-03-14-11-20-42-e1741973756337.jpg\",\"datePublished\":\"2025-03-14T16:00:13+00:00\",\"dateModified\":\"2025-03-14T17:36:31+00:00\",\"description\":\"Inversi\u00f3n millonaria DHL fortalece su presencia en Quer\u00e9taro con HUB de vanguardia\",\"breadcrumb\":{\"@id\":\"https:\/\/www.nexoinformativo.mx\/index.php\/2025\/03\/14\/inversion-millonaria-dhl-fortalece-su-presencia-en-queretaro-con-hub-de-vanguardia\/#breadcrumb\"},\"inLanguage\":\"es\",\"potentialAction\":[{\"@type\":\"ReadAction\",\"target\":[\"https:\/\/www.nexoinformativo.mx\/index.php\/2025\/03\/14\/inversion-millonaria-dhl-fortalece-su-presencia-en-queretaro-con-hub-de-vanguardia\/\"]}]},{\"@type\":\"ImageObject\",\"inLanguage\":\"es\",\"@id\":\"https:\/\/www.nexoinformativo.mx\/index.php\/2025\/03\/14\/inversion-millonaria-dhl-fortalece-su-presencia-en-queretaro-con-hub-de-vanguardia\/#primaryimage\",\"url\":\"https:\/\/www.nexoinformativo.mx\/wp-content\/uploads\/2025\/03\/PHOTO-2025-03-14-11-20-42-e1741973756337.jpg\",\"contentUrl\":\"https:\/\/www.nexoinformativo.mx\/wp-content\/uploads\/2025\/03\/PHOTO-2025-03-14-11-20-42-e1741973756337.jpg\",\"width\":800,\"height\":533},{\"@type\":\"BreadcrumbList\",\"@id\":\"https:\/\/www.nexoinformativo.mx\/index.php\/2025\/03\/14\/inversion-millonaria-dhl-fortalece-su-presencia-en-queretaro-con-hub-de-vanguardia\/#breadcrumb\",\"itemListElement\":[{\"@type\":\"ListItem\",\"position\":1,\"name\":\"Inicio\",\"item\":\"https:\/\/www.nexoinformativo.mx\/\"},{\"@type\":\"ListItem\",\"position\":2,\"name\":\"Inversi\u00f3n millonaria DHL fortalece su presencia en Quer\u00e9taro con HUB de vanguardia\"}]},{\"@type\":\"WebSite\",\"@id\":\"https:\/\/www.nexoinformativo.mx\/#website\",\"url\":\"https:\/\/www.nexoinformativo.mx\/\",\"name\":\"Nexo Informativo Santiago de Quer\u00e9taro\",\"description\":\"Explora NexoInformativo y convi\u00e9rtete en parte de una comunidad que valora el conocimiento y la verdad. Tu nexoinformativo es tu puente hacia una comprensi\u00f3n m\u00e1s profunda del mundo que te rodea.\",\"publisher\":{\"@id\":\"https:\/\/www.nexoinformativo.mx\/#organization\"},\"potentialAction\":[{\"@type\":\"SearchAction\",\"target\":{\"@type\":\"EntryPoint\",\"urlTemplate\":\"https:\/\/www.nexoinformativo.mx\/?s={search_term_string}\"},\"query-input\":{\"@type\":\"PropertyValueSpecification\",\"valueRequired\":true,\"valueName\":\"search_term_string\"}}],\"inLanguage\":\"es\"},{\"@type\":\"Organization\",\"@id\":\"https:\/\/www.nexoinformativo.mx\/#organization\",\"name\":\"Nexo Informativo Santiago de Quer\u00e9taro\",\"url\":\"https:\/\/www.nexoinformativo.mx\/\",\"logo\":{\"@type\":\"ImageObject\",\"inLanguage\":\"es\",\"@id\":\"https:\/\/www.nexoinformativo.mx\/#\/schema\/logo\/image\/\",\"url\":\"https:\/\/www.nexoinformativo.mx\/wp-content\/uploads\/2024\/07\/nexoi-trasparente-2.png\",\"contentUrl\":\"https:\/\/www.nexoinformativo.mx\/wp-content\/uploads\/2024\/07\/nexoi-trasparente-2.png\",\"width\":816,\"height\":339,\"caption\":\"Nexo Informativo Santiago de Quer\u00e9taro\"},\"image\":{\"@id\":\"https:\/\/www.nexoinformativo.mx\/#\/schema\/logo\/image\/\"},\"sameAs\":[\"https:\/\/www.facebook.com\/people\/Nexo-Informativo\/61564066885511\/\"]},{\"@type\":\"Person\",\"@id\":\"https:\/\/www.nexoinformativo.mx\/#\/schema\/person\/7749d380ba08c8ca00d7bc76fd907b7d\",\"name\":\"Nexo Informativo\",\"image\":{\"@type\":\"ImageObject\",\"inLanguage\":\"es\",\"@id\":\"https:\/\/www.nexoinformativo.mx\/#\/schema\/person\/image\/\",\"url\":\"https:\/\/secure.gravatar.com\/avatar\/dde2928154642a13d95f87ddf1ea9718fe2b46760a005c53e41ff5ad610704e6?s=96&d=mm&r=g\",\"contentUrl\":\"https:\/\/secure.gravatar.com\/avatar\/dde2928154642a13d95f87ddf1ea9718fe2b46760a005c53e41ff5ad610704e6?s=96&d=mm&r=g\",\"caption\":\"Nexo Informativo\"},\"url\":\"https:\/\/www.nexoinformativo.mx\/index.php\/author\/edicion\/\"}]}<\/script>\n<!-- \/ Yoast SEO plugin. -->","yoast_head_json":{"title":"Inversi\u00f3n millonaria DHL fortalece su presencia en Quer\u00e9taro con HUB de vanguardia | Nexo Informativo Santiago de Quer\u00e9taro","description":"Inversi\u00f3n millonaria DHL fortalece su presencia en Quer\u00e9taro con HUB de vanguardia","robots":{"index":"index","follow":"follow","max-snippet":"max-snippet:-1","max-image-preview":"max-image-preview:large","max-video-preview":"max-video-preview:-1"},"canonical":"https:\/\/www.nexoinformativo.mx\/index.php\/2025\/03\/14\/inversion-millonaria-dhl-fortalece-su-presencia-en-queretaro-con-hub-de-vanguardia\/","og_locale":"es_MX","og_type":"article","og_title":"Inversi\u00f3n millonaria DHL fortalece su presencia en Quer\u00e9taro con HUB de vanguardia | Nexo Informativo Santiago de Quer\u00e9taro","og_description":"Inversi\u00f3n millonaria DHL fortalece su presencia en Quer\u00e9taro con HUB de vanguardia","og_url":"https:\/\/www.nexoinformativo.mx\/index.php\/2025\/03\/14\/inversion-millonaria-dhl-fortalece-su-presencia-en-queretaro-con-hub-de-vanguardia\/","og_site_name":"Nexo Informativo Santiago de Quer\u00e9taro","article_publisher":"https:\/\/www.facebook.com\/people\/Nexo-Informativo\/61564066885511\/","article_published_time":"2025-03-14T16:00:13+00:00","article_modified_time":"2025-03-14T17:36:31+00:00","og_image":[{"width":800,"height":533,"url":"https:\/\/www.nexoinformativo.mx\/wp-content\/uploads\/2025\/03\/PHOTO-2025-03-14-11-20-42-e1741973756337.jpg","type":"image\/jpeg"}],"author":"Nexo Informativo","twitter_card":"summary_large_image","twitter_misc":{"Escrito por":"Nexo Informativo","Tiempo de lectura":"2 minutos"},"schema":{"@context":"https:\/\/schema.org","@graph":[{"@type":"Article","@id":"https:\/\/www.nexoinformativo.mx\/index.php\/2025\/03\/14\/inversion-millonaria-dhl-fortalece-su-presencia-en-queretaro-con-hub-de-vanguardia\/#article","isPartOf":{"@id":"https:\/\/www.nexoinformativo.mx\/index.php\/2025\/03\/14\/inversion-millonaria-dhl-fortalece-su-presencia-en-queretaro-con-hub-de-vanguardia\/"},"author":{"name":"Nexo Informativo","@id":"https:\/\/www.nexoinformativo.mx\/#\/schema\/person\/7749d380ba08c8ca00d7bc76fd907b7d"},"headline":"Inversi\u00f3n millonaria DHL fortalece su presencia en Quer\u00e9taro con HUB de vanguardia","datePublished":"2025-03-14T16:00:13+00:00","dateModified":"2025-03-14T17:36:31+00:00","mainEntityOfPage":{"@id":"https:\/\/www.nexoinformativo.mx\/index.php\/2025\/03\/14\/inversion-millonaria-dhl-fortalece-su-presencia-en-queretaro-con-hub-de-vanguardia\/"},"wordCount":223,"commentCount":0,"publisher":{"@id":"https:\/\/www.nexoinformativo.mx\/#organization"},"image":{"@id":"https:\/\/www.nexoinformativo.mx\/index.php\/2025\/03\/14\/inversion-millonaria-dhl-fortalece-su-presencia-en-queretaro-con-hub-de-vanguardia\/#primaryimage"},"thumbnailUrl":"https:\/\/www.nexoinformativo.mx\/wp-content\/uploads\/2025\/03\/PHOTO-2025-03-14-11-20-42-e1741973756337.jpg","keywords":["DHLQuer\u00e9taro","Inversi\u00f3nQro","Log\u00edsticaM\u00e9xico","Nearshoring"],"articleSection":["Econom\u00eda","Estado","\u00daltima Hora"],"inLanguage":"es","potentialAction":[{"@type":"CommentAction","name":"Comment","target":["https:\/\/www.nexoinformativo.mx\/index.php\/2025\/03\/14\/inversion-millonaria-dhl-fortalece-su-presencia-en-queretaro-con-hub-de-vanguardia\/#respond"]}]},{"@type":"WebPage","@id":"https:\/\/www.nexoinformativo.mx\/index.php\/2025\/03\/14\/inversion-millonaria-dhl-fortalece-su-presencia-en-queretaro-con-hub-de-vanguardia\/","url":"https:\/\/www.nexoinformativo.mx\/index.php\/2025\/03\/14\/inversion-millonaria-dhl-fortalece-su-presencia-en-queretaro-con-hub-de-vanguardia\/","name":"Inversi\u00f3n millonaria DHL fortalece su presencia en Quer\u00e9taro con HUB de vanguardia | Nexo Informativo Santiago de Quer\u00e9taro","isPartOf":{"@id":"https:\/\/www.nexoinformativo.mx\/#website"},"primaryImageOfPage":{"@id":"https:\/\/www.nexoinformativo.mx\/index.php\/2025\/03\/14\/inversion-millonaria-dhl-fortalece-su-presencia-en-queretaro-con-hub-de-vanguardia\/#primaryimage"},"image":{"@id":"https:\/\/www.nexoinformativo.mx\/index.php\/2025\/03\/14\/inversion-millonaria-dhl-fortalece-su-presencia-en-queretaro-con-hub-de-vanguardia\/#primaryimage"},"thumbnailUrl":"https:\/\/www.nexoinformativo.mx\/wp-content\/uploads\/2025\/03\/PHOTO-2025-03-14-11-20-42-e1741973756337.jpg","datePublished":"2025-03-14T16:00:13+00:00","dateModified":"2025-03-14T17:36:31+00:00","description":"Inversi\u00f3n millonaria DHL fortalece su presencia en Quer\u00e9taro con HUB de vanguardia","breadcrumb":{"@id":"https:\/\/www.nexoinformativo.mx\/index.php\/2025\/03\/14\/inversion-millonaria-dhl-fortalece-su-presencia-en-queretaro-con-hub-de-vanguardia\/#breadcrumb"},"inLanguage":"es","potentialAction":[{"@type":"ReadAction","target":["https:\/\/www.nexoinformativo.mx\/index.php\/2025\/03\/14\/inversion-millonaria-dhl-fortalece-su-presencia-en-queretaro-con-hub-de-vanguardia\/"]}]},{"@type":"ImageObject","inLanguage":"es","@id":"https:\/\/www.nexoinformativo.mx\/index.php\/2025\/03\/14\/inversion-millonaria-dhl-fortalece-su-presencia-en-queretaro-con-hub-de-vanguardia\/#primaryimage","url":"https:\/\/www.nexoinformativo.mx\/wp-content\/uploads\/2025\/03\/PHOTO-2025-03-14-11-20-42-e1741973756337.jpg","contentUrl":"https:\/\/www.nexoinformativo.mx\/wp-content\/uploads\/2025\/03\/PHOTO-2025-03-14-11-20-42-e1741973756337.jpg","width":800,"height":533},{"@type":"BreadcrumbList","@id":"https:\/\/www.nexoinformativo.mx\/index.php\/2025\/03\/14\/inversion-millonaria-dhl-fortalece-su-presencia-en-queretaro-con-hub-de-vanguardia\/#breadcrumb","itemListElement":[{"@type":"ListItem","position":1,"name":"Inicio","item":"https:\/\/www.nexoinformativo.mx\/"},{"@type":"ListItem","position":2,"name":"Inversi\u00f3n millonaria DHL fortalece su presencia en Quer\u00e9taro con HUB de vanguardia"}]},{"@type":"WebSite","@id":"https:\/\/www.nexoinformativo.mx\/#website","url":"https:\/\/www.nexoinformativo.mx\/","name":"Nexo Informativo Santiago de Quer\u00e9taro","description":"Explora NexoInformativo y convi\u00e9rtete en parte de una comunidad que valora el conocimiento y la verdad. Tu nexoinformativo es tu puente hacia una comprensi\u00f3n m\u00e1s profunda del mundo que te rodea.","publisher":{"@id":"https:\/\/www.nexoinformativo.mx\/#organization"},"potentialAction":[{"@type":"SearchAction","target":{"@type":"EntryPoint","urlTemplate":"https:\/\/www.nexoinformativo.mx\/?s={search_term_string}"},"query-input":{"@type":"PropertyValueSpecification","valueRequired":true,"valueName":"search_term_string"}}],"inLanguage":"es"},{"@type":"Organization","@id":"https:\/\/www.nexoinformativo.mx\/#organization","name":"Nexo Informativo Santiago de Quer\u00e9taro","url":"https:\/\/www.nexoinformativo.mx\/","logo":{"@type":"ImageObject","inLanguage":"es","@id":"https:\/\/www.nexoinformativo.mx\/#\/schema\/logo\/image\/","url":"https:\/\/www.nexoinformativo.mx\/wp-content\/uploads\/2024\/07\/nexoi-trasparente-2.png","contentUrl":"https:\/\/www.nexoinformativo.mx\/wp-content\/uploads\/2024\/07\/nexoi-trasparente-2.png","width":816,"height":339,"caption":"Nexo Informativo Santiago de Quer\u00e9taro"},"image":{"@id":"https:\/\/www.nexoinformativo.mx\/#\/schema\/logo\/image\/"},"sameAs":["https:\/\/www.facebook.com\/people\/Nexo-Informativo\/61564066885511\/"]},{"@type":"Person","@id":"https:\/\/www.nexoinformativo.mx\/#\/schema\/person\/7749d380ba08c8ca00d7bc76fd907b7d","name":"Nexo Informativo","image":{"@type":"ImageObject","inLanguage":"es","@id":"https:\/\/www.nexoinformativo.mx\/#\/schema\/person\/image\/","url":"https:\/\/secure.gravatar.com\/avatar\/dde2928154642a13d95f87ddf1ea9718fe2b46760a005c53e41ff5ad610704e6?s=96&d=mm&r=g","contentUrl":"https:\/\/secure.gravatar.com\/avatar\/dde2928154642a13d95f87ddf1ea9718fe2b46760a005c53e41ff5ad610704e6?s=96&d=mm&r=g","caption":"Nexo Informativo"},"url":"https:\/\/www.nexoinformativo.mx\/index.php\/author\/edicion\/"}]}},"_links":{"self":[{"href":"https:\/\/www.nexoinformativo.mx\/index.php\/wp-json\/wp\/v2\/posts\/12780","targetHints":{"allow":["GET"]}}],"collection":[{"href":"https:\/\/www.nexoinformativo.mx\/index.php\/wp-json\/wp\/v2\/posts"}],"about":[{"href":"https:\/\/www.nexoinformativo.mx\/index.php\/wp-json\/wp\/v2\/types\/post"}],"author":[{"embeddable":true,"href":"https:\/\/www.nexoinformativo.mx\/index.php\/wp-json\/wp\/v2\/users\/3"}],"replies":[{"embeddable":true,"href":"https:\/\/www.nexoinformativo.mx\/index.php\/wp-json\/wp\/v2\/comments?post=12780"}],"version-history":[{"count":3,"href":"https:\/\/www.nexoinformativo.mx\/index.php\/wp-json\/wp\/v2\/posts\/12780\/revisions"}],"predecessor-version":[{"id":12784,"href":"https:\/\/www.nexoinformativo.mx\/index.php\/wp-json\/wp\/v2\/posts\/12780\/revisions\/12784"}],"wp:featuredmedia":[{"embeddable":true,"href":"https:\/\/www.nexoinformativo.mx\/index.php\/wp-json\/wp\/v2\/media\/12781"}],"wp:attachment":[{"href":"https:\/\/www.nexoinformativo.mx\/index.php\/wp-json\/wp\/v2\/media?parent=12780"}],"wp:term":[{"taxonomy":"category","embeddable":true,"href":"https:\/\/www.nexoinformativo.mx\/index.php\/wp-json\/wp\/v2\/categories?post=12780"},{"taxonomy":"post_tag","embeddable":true,"href":"https:\/\/www.nexoinformativo.mx\/index.php\/wp-json\/wp\/v2\/tags?post=12780"}],"curies":[{"name":"wp","href":"https:\/\/api.w.org\/{rel}","templated":true}]}}