{"id":12796,"date":"2025-03-14T11:30:55","date_gmt":"2025-03-14T17:30:55","guid":{"rendered":"https:\/\/www.nexoinformativo.mx\/?p=12796"},"modified":"2025-03-14T12:24:44","modified_gmt":"2025-03-14T18:24:44","slug":"conectividad-aerea-en-expansion-tar-aerolineas-anuncia-rutas-desde-queretaro-al-aifa-y-san-luis-potosi","status":"publish","type":"post","link":"https:\/\/www.nexoinformativo.mx\/index.php\/2025\/03\/14\/conectividad-aerea-en-expansion-tar-aerolineas-anuncia-rutas-desde-queretaro-al-aifa-y-san-luis-potosi\/","title":{"rendered":"Conectividad a\u00e9rea en expansi\u00f3n TAR Aerol\u00edneas anuncia rutas desde Quer\u00e9taro al AIFA y San Luis Potos\u00ed"},"content":{"rendered":"<p style=\"text-align: justify;\" data-sourcepos=\"13:1-13:245\"><strong>TAR Aerol\u00edneas<\/strong> anunci\u00f3 la apertura de dos nuevas rutas a\u00e9reas desde el Aeropuerto Internacional de Quer\u00e9taro (AIQ), conectando a la ciudad con el <strong>Aeropuerto Internacional Felipe \u00c1ngeles<\/strong> (AIFA) y <strong>San Luis Potos\u00ed.<\/strong><\/p>\n<p>&nbsp;<\/p>\n<p style=\"text-align: justify;\" data-sourcepos=\"15:1-15:169\">En rueda de prensa, \u00c1ngel Garc\u00eda, director comercial de TAR Aerol\u00edneas, detall\u00f3 que las rutas ser\u00e1n operadas por aviones Embraer ERJ-145 con capacidad para 50 pasajeros.<\/p>\n<p>&nbsp;<\/p>\n<p style=\"text-align: justify;\" data-sourcepos=\"17:1-17:174\">La ruta Quer\u00e9taro-San Luis Potos\u00ed ofrecer\u00e1 vuelos los <strong>lunes, mi\u00e9rcoles, jueves y viernes<\/strong>, con horarios de salida que se adaptan a las necesidades de los viajeros de negocios.<\/p>\n<p>&nbsp;<\/p>\n<p style=\"text-align: justify;\" data-sourcepos=\"19:1-19:146\">Por su parte, la ruta Quer\u00e9taro-AIFA tendr\u00e1 vuelos los <strong>martes, jueves y s\u00e1bados<\/strong>, facilitando la conexi\u00f3n con la Ciudad de M\u00e9xico y otros destinos.<\/p>\n<p>&nbsp;<\/p>\n<p style=\"text-align: justify;\" data-sourcepos=\"21:1-21:137\">Ambas rutas buscan atender el mercado de negocios y ofrecer una alternativa al tr\u00e1fico terrestre, fortaleciendo la conectividad regional.<\/p>\n<p>&nbsp;<\/p>\n<p style=\"text-align: justify;\" data-sourcepos=\"23:1-23:164\">TAR Aerol\u00edneas busca optimizar la experiencia de los pasajeros, permiti\u00e9ndoles llegar al aeropuerto con menor antelaci\u00f3n y facilitando su traslado al destino final.<\/p>\n<p>&nbsp;<\/p>\n<p style=\"text-align: center;\" data-sourcepos=\"23:1-23:164\"><em><strong>\u00a1Informaci\u00f3n que transforma!<\/strong><\/em><\/p>\n","protected":false},"excerpt":{"rendered":"<p>TAR Aerol\u00edneas anunci\u00f3 la apertura de dos nuevas rutas a\u00e9reas desde el Aeropuerto Internacional de Quer\u00e9taro (AIQ), conectando a la ciudad con el Aeropuerto Internacional Felipe \u00c1ngeles (AIFA) y San Luis Potos\u00ed.<\/p>\n","protected":false},"author":3,"featured_media":12800,"comment_status":"open","ping_status":"open","sticky":false,"template":"","format":"standard","meta":{"footnotes":""},"categories":[5,42,58],"tags":[2495,3766,3765,3764],"class_list":["post-12796","post","type-post","status-publish","format-standard","has-post-thumbnail","hentry","category-economia","category-estado","category-ultima-hora","tag-aifa","tag-sanluispotosi","tag-taraerolineas","tag-vuelosqueretaro"],"yoast_head":"<!-- This site is optimized with the Yoast SEO plugin v25.0 - https:\/\/yoast.com\/wordpress\/plugins\/seo\/ -->\n<title>Conectividad a\u00e9rea en expansi\u00f3n TAR Aerol\u00edneas anuncia rutas desde Quer\u00e9taro al AIFA y San Luis Potos\u00ed | Nexo Informativo Santiago de Quer\u00e9taro<\/title>\n<meta name=\"description\" content=\"Conectividad a\u00e9rea en expansi\u00f3n TAR Aerol\u00edneas anuncia rutas desde Quer\u00e9taro al AIFA y San Luis Potos\u00ed\" \/>\n<meta name=\"robots\" content=\"index, follow, max-snippet:-1, max-image-preview:large, max-video-preview:-1\" \/>\n<link rel=\"canonical\" href=\"https:\/\/www.nexoinformativo.mx\/index.php\/2025\/03\/14\/conectividad-aerea-en-expansion-tar-aerolineas-anuncia-rutas-desde-queretaro-al-aifa-y-san-luis-potosi\/\" \/>\n<meta property=\"og:locale\" content=\"es_MX\" \/>\n<meta property=\"og:type\" content=\"article\" \/>\n<meta property=\"og:title\" content=\"Conectividad a\u00e9rea en expansi\u00f3n TAR Aerol\u00edneas anuncia rutas desde Quer\u00e9taro al AIFA y San Luis Potos\u00ed | Nexo Informativo Santiago de Quer\u00e9taro\" \/>\n<meta property=\"og:description\" content=\"Conectividad a\u00e9rea en expansi\u00f3n TAR Aerol\u00edneas anuncia rutas desde Quer\u00e9taro al AIFA y San Luis Potos\u00ed\" \/>\n<meta property=\"og:url\" content=\"https:\/\/www.nexoinformativo.mx\/index.php\/2025\/03\/14\/conectividad-aerea-en-expansion-tar-aerolineas-anuncia-rutas-desde-queretaro-al-aifa-y-san-luis-potosi\/\" \/>\n<meta property=\"og:site_name\" content=\"Nexo Informativo Santiago de Quer\u00e9taro\" \/>\n<meta property=\"article:publisher\" content=\"https:\/\/www.facebook.com\/people\/Nexo-Informativo\/61564066885511\/\" \/>\n<meta property=\"article:published_time\" content=\"2025-03-14T17:30:55+00:00\" \/>\n<meta property=\"article:modified_time\" content=\"2025-03-14T18:24:44+00:00\" \/>\n<meta property=\"og:image\" content=\"https:\/\/www.nexoinformativo.mx\/wp-content\/uploads\/2025\/03\/76f150dd-b106-464d-b5cc-f378b2f9c8fa-e1741976679876.jpg\" \/>\n\t<meta property=\"og:image:width\" content=\"800\" \/>\n\t<meta property=\"og:image:height\" content=\"600\" \/>\n\t<meta property=\"og:image:type\" content=\"image\/jpeg\" \/>\n<meta name=\"author\" content=\"Nexo Informativo\" \/>\n<meta name=\"twitter:card\" content=\"summary_large_image\" \/>\n<meta name=\"twitter:label1\" content=\"Escrito por\" \/>\n\t<meta name=\"twitter:data1\" content=\"Nexo Informativo\" \/>\n\t<meta name=\"twitter:label2\" content=\"Tiempo de lectura\" \/>\n\t<meta name=\"twitter:data2\" content=\"1 minuto\" \/>\n<script type=\"application\/ld+json\" class=\"yoast-schema-graph\">{\"@context\":\"https:\/\/schema.org\",\"@graph\":[{\"@type\":\"Article\",\"@id\":\"https:\/\/www.nexoinformativo.mx\/index.php\/2025\/03\/14\/conectividad-aerea-en-expansion-tar-aerolineas-anuncia-rutas-desde-queretaro-al-aifa-y-san-luis-potosi\/#article\",\"isPartOf\":{\"@id\":\"https:\/\/www.nexoinformativo.mx\/index.php\/2025\/03\/14\/conectividad-aerea-en-expansion-tar-aerolineas-anuncia-rutas-desde-queretaro-al-aifa-y-san-luis-potosi\/\"},\"author\":{\"name\":\"Nexo Informativo\",\"@id\":\"https:\/\/www.nexoinformativo.mx\/#\/schema\/person\/7749d380ba08c8ca00d7bc76fd907b7d\"},\"headline\":\"Conectividad a\u00e9rea en expansi\u00f3n TAR Aerol\u00edneas anuncia rutas desde Quer\u00e9taro al AIFA y San Luis Potos\u00ed\",\"datePublished\":\"2025-03-14T17:30:55+00:00\",\"dateModified\":\"2025-03-14T18:24:44+00:00\",\"mainEntityOfPage\":{\"@id\":\"https:\/\/www.nexoinformativo.mx\/index.php\/2025\/03\/14\/conectividad-aerea-en-expansion-tar-aerolineas-anuncia-rutas-desde-queretaro-al-aifa-y-san-luis-potosi\/\"},\"wordCount\":197,\"commentCount\":0,\"publisher\":{\"@id\":\"https:\/\/www.nexoinformativo.mx\/#organization\"},\"image\":{\"@id\":\"https:\/\/www.nexoinformativo.mx\/index.php\/2025\/03\/14\/conectividad-aerea-en-expansion-tar-aerolineas-anuncia-rutas-desde-queretaro-al-aifa-y-san-luis-potosi\/#primaryimage\"},\"thumbnailUrl\":\"https:\/\/www.nexoinformativo.mx\/wp-content\/uploads\/2025\/03\/76f150dd-b106-464d-b5cc-f378b2f9c8fa-e1741976679876.jpg\",\"keywords\":[\"AIFA\",\"SanLuisPotos\u00ed\",\"TARAerol\u00edneas\",\"VuelosQuer\u00e9taro\"],\"articleSection\":[\"Econom\u00eda\",\"Estado\",\"\u00daltima Hora\"],\"inLanguage\":\"es\",\"potentialAction\":[{\"@type\":\"CommentAction\",\"name\":\"Comment\",\"target\":[\"https:\/\/www.nexoinformativo.mx\/index.php\/2025\/03\/14\/conectividad-aerea-en-expansion-tar-aerolineas-anuncia-rutas-desde-queretaro-al-aifa-y-san-luis-potosi\/#respond\"]}]},{\"@type\":\"WebPage\",\"@id\":\"https:\/\/www.nexoinformativo.mx\/index.php\/2025\/03\/14\/conectividad-aerea-en-expansion-tar-aerolineas-anuncia-rutas-desde-queretaro-al-aifa-y-san-luis-potosi\/\",\"url\":\"https:\/\/www.nexoinformativo.mx\/index.php\/2025\/03\/14\/conectividad-aerea-en-expansion-tar-aerolineas-anuncia-rutas-desde-queretaro-al-aifa-y-san-luis-potosi\/\",\"name\":\"Conectividad a\u00e9rea en expansi\u00f3n TAR Aerol\u00edneas anuncia rutas desde Quer\u00e9taro al AIFA y San Luis Potos\u00ed | Nexo Informativo Santiago de Quer\u00e9taro\",\"isPartOf\":{\"@id\":\"https:\/\/www.nexoinformativo.mx\/#website\"},\"primaryImageOfPage\":{\"@id\":\"https:\/\/www.nexoinformativo.mx\/index.php\/2025\/03\/14\/conectividad-aerea-en-expansion-tar-aerolineas-anuncia-rutas-desde-queretaro-al-aifa-y-san-luis-potosi\/#primaryimage\"},\"image\":{\"@id\":\"https:\/\/www.nexoinformativo.mx\/index.php\/2025\/03\/14\/conectividad-aerea-en-expansion-tar-aerolineas-anuncia-rutas-desde-queretaro-al-aifa-y-san-luis-potosi\/#primaryimage\"},\"thumbnailUrl\":\"https:\/\/www.nexoinformativo.mx\/wp-content\/uploads\/2025\/03\/76f150dd-b106-464d-b5cc-f378b2f9c8fa-e1741976679876.jpg\",\"datePublished\":\"2025-03-14T17:30:55+00:00\",\"dateModified\":\"2025-03-14T18:24:44+00:00\",\"description\":\"Conectividad a\u00e9rea en expansi\u00f3n TAR Aerol\u00edneas anuncia rutas desde Quer\u00e9taro al AIFA y San Luis Potos\u00ed\",\"breadcrumb\":{\"@id\":\"https:\/\/www.nexoinformativo.mx\/index.php\/2025\/03\/14\/conectividad-aerea-en-expansion-tar-aerolineas-anuncia-rutas-desde-queretaro-al-aifa-y-san-luis-potosi\/#breadcrumb\"},\"inLanguage\":\"es\",\"potentialAction\":[{\"@type\":\"ReadAction\",\"target\":[\"https:\/\/www.nexoinformativo.mx\/index.php\/2025\/03\/14\/conectividad-aerea-en-expansion-tar-aerolineas-anuncia-rutas-desde-queretaro-al-aifa-y-san-luis-potosi\/\"]}]},{\"@type\":\"ImageObject\",\"inLanguage\":\"es\",\"@id\":\"https:\/\/www.nexoinformativo.mx\/index.php\/2025\/03\/14\/conectividad-aerea-en-expansion-tar-aerolineas-anuncia-rutas-desde-queretaro-al-aifa-y-san-luis-potosi\/#primaryimage\",\"url\":\"https:\/\/www.nexoinformativo.mx\/wp-content\/uploads\/2025\/03\/76f150dd-b106-464d-b5cc-f378b2f9c8fa-e1741976679876.jpg\",\"contentUrl\":\"https:\/\/www.nexoinformativo.mx\/wp-content\/uploads\/2025\/03\/76f150dd-b106-464d-b5cc-f378b2f9c8fa-e1741976679876.jpg\",\"width\":800,\"height\":600},{\"@type\":\"BreadcrumbList\",\"@id\":\"https:\/\/www.nexoinformativo.mx\/index.php\/2025\/03\/14\/conectividad-aerea-en-expansion-tar-aerolineas-anuncia-rutas-desde-queretaro-al-aifa-y-san-luis-potosi\/#breadcrumb\",\"itemListElement\":[{\"@type\":\"ListItem\",\"position\":1,\"name\":\"Inicio\",\"item\":\"https:\/\/www.nexoinformativo.mx\/\"},{\"@type\":\"ListItem\",\"position\":2,\"name\":\"Conectividad a\u00e9rea en expansi\u00f3n TAR Aerol\u00edneas anuncia rutas desde Quer\u00e9taro al AIFA y San Luis Potos\u00ed\"}]},{\"@type\":\"WebSite\",\"@id\":\"https:\/\/www.nexoinformativo.mx\/#website\",\"url\":\"https:\/\/www.nexoinformativo.mx\/\",\"name\":\"Nexo Informativo Santiago de Quer\u00e9taro\",\"description\":\"Explora NexoInformativo y convi\u00e9rtete en parte de una comunidad que valora el conocimiento y la verdad. Tu nexoinformativo es tu puente hacia una comprensi\u00f3n m\u00e1s profunda del mundo que te rodea.\",\"publisher\":{\"@id\":\"https:\/\/www.nexoinformativo.mx\/#organization\"},\"potentialAction\":[{\"@type\":\"SearchAction\",\"target\":{\"@type\":\"EntryPoint\",\"urlTemplate\":\"https:\/\/www.nexoinformativo.mx\/?s={search_term_string}\"},\"query-input\":{\"@type\":\"PropertyValueSpecification\",\"valueRequired\":true,\"valueName\":\"search_term_string\"}}],\"inLanguage\":\"es\"},{\"@type\":\"Organization\",\"@id\":\"https:\/\/www.nexoinformativo.mx\/#organization\",\"name\":\"Nexo Informativo Santiago de Quer\u00e9taro\",\"url\":\"https:\/\/www.nexoinformativo.mx\/\",\"logo\":{\"@type\":\"ImageObject\",\"inLanguage\":\"es\",\"@id\":\"https:\/\/www.nexoinformativo.mx\/#\/schema\/logo\/image\/\",\"url\":\"https:\/\/www.nexoinformativo.mx\/wp-content\/uploads\/2024\/07\/nexoi-trasparente-2.png\",\"contentUrl\":\"https:\/\/www.nexoinformativo.mx\/wp-content\/uploads\/2024\/07\/nexoi-trasparente-2.png\",\"width\":816,\"height\":339,\"caption\":\"Nexo Informativo Santiago de Quer\u00e9taro\"},\"image\":{\"@id\":\"https:\/\/www.nexoinformativo.mx\/#\/schema\/logo\/image\/\"},\"sameAs\":[\"https:\/\/www.facebook.com\/people\/Nexo-Informativo\/61564066885511\/\"]},{\"@type\":\"Person\",\"@id\":\"https:\/\/www.nexoinformativo.mx\/#\/schema\/person\/7749d380ba08c8ca00d7bc76fd907b7d\",\"name\":\"Nexo Informativo\",\"image\":{\"@type\":\"ImageObject\",\"inLanguage\":\"es\",\"@id\":\"https:\/\/www.nexoinformativo.mx\/#\/schema\/person\/image\/\",\"url\":\"https:\/\/secure.gravatar.com\/avatar\/dde2928154642a13d95f87ddf1ea9718fe2b46760a005c53e41ff5ad610704e6?s=96&d=mm&r=g\",\"contentUrl\":\"https:\/\/secure.gravatar.com\/avatar\/dde2928154642a13d95f87ddf1ea9718fe2b46760a005c53e41ff5ad610704e6?s=96&d=mm&r=g\",\"caption\":\"Nexo Informativo\"},\"url\":\"https:\/\/www.nexoinformativo.mx\/index.php\/author\/edicion\/\"}]}<\/script>\n<!-- \/ Yoast SEO plugin. -->","yoast_head_json":{"title":"Conectividad a\u00e9rea en expansi\u00f3n TAR Aerol\u00edneas anuncia rutas desde Quer\u00e9taro al AIFA y San Luis Potos\u00ed | Nexo Informativo Santiago de Quer\u00e9taro","description":"Conectividad a\u00e9rea en expansi\u00f3n TAR Aerol\u00edneas anuncia rutas desde Quer\u00e9taro al AIFA y San Luis Potos\u00ed","robots":{"index":"index","follow":"follow","max-snippet":"max-snippet:-1","max-image-preview":"max-image-preview:large","max-video-preview":"max-video-preview:-1"},"canonical":"https:\/\/www.nexoinformativo.mx\/index.php\/2025\/03\/14\/conectividad-aerea-en-expansion-tar-aerolineas-anuncia-rutas-desde-queretaro-al-aifa-y-san-luis-potosi\/","og_locale":"es_MX","og_type":"article","og_title":"Conectividad a\u00e9rea en expansi\u00f3n TAR Aerol\u00edneas anuncia rutas desde Quer\u00e9taro al AIFA y San Luis Potos\u00ed | Nexo Informativo Santiago de Quer\u00e9taro","og_description":"Conectividad a\u00e9rea en expansi\u00f3n TAR Aerol\u00edneas anuncia rutas desde Quer\u00e9taro al AIFA y San Luis Potos\u00ed","og_url":"https:\/\/www.nexoinformativo.mx\/index.php\/2025\/03\/14\/conectividad-aerea-en-expansion-tar-aerolineas-anuncia-rutas-desde-queretaro-al-aifa-y-san-luis-potosi\/","og_site_name":"Nexo Informativo Santiago de Quer\u00e9taro","article_publisher":"https:\/\/www.facebook.com\/people\/Nexo-Informativo\/61564066885511\/","article_published_time":"2025-03-14T17:30:55+00:00","article_modified_time":"2025-03-14T18:24:44+00:00","og_image":[{"width":800,"height":600,"url":"https:\/\/www.nexoinformativo.mx\/wp-content\/uploads\/2025\/03\/76f150dd-b106-464d-b5cc-f378b2f9c8fa-e1741976679876.jpg","type":"image\/jpeg"}],"author":"Nexo Informativo","twitter_card":"summary_large_image","twitter_misc":{"Escrito por":"Nexo Informativo","Tiempo de lectura":"1 minuto"},"schema":{"@context":"https:\/\/schema.org","@graph":[{"@type":"Article","@id":"https:\/\/www.nexoinformativo.mx\/index.php\/2025\/03\/14\/conectividad-aerea-en-expansion-tar-aerolineas-anuncia-rutas-desde-queretaro-al-aifa-y-san-luis-potosi\/#article","isPartOf":{"@id":"https:\/\/www.nexoinformativo.mx\/index.php\/2025\/03\/14\/conectividad-aerea-en-expansion-tar-aerolineas-anuncia-rutas-desde-queretaro-al-aifa-y-san-luis-potosi\/"},"author":{"name":"Nexo Informativo","@id":"https:\/\/www.nexoinformativo.mx\/#\/schema\/person\/7749d380ba08c8ca00d7bc76fd907b7d"},"headline":"Conectividad a\u00e9rea en expansi\u00f3n TAR Aerol\u00edneas anuncia rutas desde Quer\u00e9taro al AIFA y San Luis Potos\u00ed","datePublished":"2025-03-14T17:30:55+00:00","dateModified":"2025-03-14T18:24:44+00:00","mainEntityOfPage":{"@id":"https:\/\/www.nexoinformativo.mx\/index.php\/2025\/03\/14\/conectividad-aerea-en-expansion-tar-aerolineas-anuncia-rutas-desde-queretaro-al-aifa-y-san-luis-potosi\/"},"wordCount":197,"commentCount":0,"publisher":{"@id":"https:\/\/www.nexoinformativo.mx\/#organization"},"image":{"@id":"https:\/\/www.nexoinformativo.mx\/index.php\/2025\/03\/14\/conectividad-aerea-en-expansion-tar-aerolineas-anuncia-rutas-desde-queretaro-al-aifa-y-san-luis-potosi\/#primaryimage"},"thumbnailUrl":"https:\/\/www.nexoinformativo.mx\/wp-content\/uploads\/2025\/03\/76f150dd-b106-464d-b5cc-f378b2f9c8fa-e1741976679876.jpg","keywords":["AIFA","SanLuisPotos\u00ed","TARAerol\u00edneas","VuelosQuer\u00e9taro"],"articleSection":["Econom\u00eda","Estado","\u00daltima Hora"],"inLanguage":"es","potentialAction":[{"@type":"CommentAction","name":"Comment","target":["https:\/\/www.nexoinformativo.mx\/index.php\/2025\/03\/14\/conectividad-aerea-en-expansion-tar-aerolineas-anuncia-rutas-desde-queretaro-al-aifa-y-san-luis-potosi\/#respond"]}]},{"@type":"WebPage","@id":"https:\/\/www.nexoinformativo.mx\/index.php\/2025\/03\/14\/conectividad-aerea-en-expansion-tar-aerolineas-anuncia-rutas-desde-queretaro-al-aifa-y-san-luis-potosi\/","url":"https:\/\/www.nexoinformativo.mx\/index.php\/2025\/03\/14\/conectividad-aerea-en-expansion-tar-aerolineas-anuncia-rutas-desde-queretaro-al-aifa-y-san-luis-potosi\/","name":"Conectividad a\u00e9rea en expansi\u00f3n TAR Aerol\u00edneas anuncia rutas desde Quer\u00e9taro al AIFA y San Luis Potos\u00ed | Nexo Informativo Santiago de Quer\u00e9taro","isPartOf":{"@id":"https:\/\/www.nexoinformativo.mx\/#website"},"primaryImageOfPage":{"@id":"https:\/\/www.nexoinformativo.mx\/index.php\/2025\/03\/14\/conectividad-aerea-en-expansion-tar-aerolineas-anuncia-rutas-desde-queretaro-al-aifa-y-san-luis-potosi\/#primaryimage"},"image":{"@id":"https:\/\/www.nexoinformativo.mx\/index.php\/2025\/03\/14\/conectividad-aerea-en-expansion-tar-aerolineas-anuncia-rutas-desde-queretaro-al-aifa-y-san-luis-potosi\/#primaryimage"},"thumbnailUrl":"https:\/\/www.nexoinformativo.mx\/wp-content\/uploads\/2025\/03\/76f150dd-b106-464d-b5cc-f378b2f9c8fa-e1741976679876.jpg","datePublished":"2025-03-14T17:30:55+00:00","dateModified":"2025-03-14T18:24:44+00:00","description":"Conectividad a\u00e9rea en expansi\u00f3n TAR Aerol\u00edneas anuncia rutas desde Quer\u00e9taro al AIFA y San Luis Potos\u00ed","breadcrumb":{"@id":"https:\/\/www.nexoinformativo.mx\/index.php\/2025\/03\/14\/conectividad-aerea-en-expansion-tar-aerolineas-anuncia-rutas-desde-queretaro-al-aifa-y-san-luis-potosi\/#breadcrumb"},"inLanguage":"es","potentialAction":[{"@type":"ReadAction","target":["https:\/\/www.nexoinformativo.mx\/index.php\/2025\/03\/14\/conectividad-aerea-en-expansion-tar-aerolineas-anuncia-rutas-desde-queretaro-al-aifa-y-san-luis-potosi\/"]}]},{"@type":"ImageObject","inLanguage":"es","@id":"https:\/\/www.nexoinformativo.mx\/index.php\/2025\/03\/14\/conectividad-aerea-en-expansion-tar-aerolineas-anuncia-rutas-desde-queretaro-al-aifa-y-san-luis-potosi\/#primaryimage","url":"https:\/\/www.nexoinformativo.mx\/wp-content\/uploads\/2025\/03\/76f150dd-b106-464d-b5cc-f378b2f9c8fa-e1741976679876.jpg","contentUrl":"https:\/\/www.nexoinformativo.mx\/wp-content\/uploads\/2025\/03\/76f150dd-b106-464d-b5cc-f378b2f9c8fa-e1741976679876.jpg","width":800,"height":600},{"@type":"BreadcrumbList","@id":"https:\/\/www.nexoinformativo.mx\/index.php\/2025\/03\/14\/conectividad-aerea-en-expansion-tar-aerolineas-anuncia-rutas-desde-queretaro-al-aifa-y-san-luis-potosi\/#breadcrumb","itemListElement":[{"@type":"ListItem","position":1,"name":"Inicio","item":"https:\/\/www.nexoinformativo.mx\/"},{"@type":"ListItem","position":2,"name":"Conectividad a\u00e9rea en expansi\u00f3n TAR Aerol\u00edneas anuncia rutas desde Quer\u00e9taro al AIFA y San Luis Potos\u00ed"}]},{"@type":"WebSite","@id":"https:\/\/www.nexoinformativo.mx\/#website","url":"https:\/\/www.nexoinformativo.mx\/","name":"Nexo Informativo Santiago de Quer\u00e9taro","description":"Explora NexoInformativo y convi\u00e9rtete en parte de una comunidad que valora el conocimiento y la verdad. Tu nexoinformativo es tu puente hacia una comprensi\u00f3n m\u00e1s profunda del mundo que te rodea.","publisher":{"@id":"https:\/\/www.nexoinformativo.mx\/#organization"},"potentialAction":[{"@type":"SearchAction","target":{"@type":"EntryPoint","urlTemplate":"https:\/\/www.nexoinformativo.mx\/?s={search_term_string}"},"query-input":{"@type":"PropertyValueSpecification","valueRequired":true,"valueName":"search_term_string"}}],"inLanguage":"es"},{"@type":"Organization","@id":"https:\/\/www.nexoinformativo.mx\/#organization","name":"Nexo Informativo Santiago de Quer\u00e9taro","url":"https:\/\/www.nexoinformativo.mx\/","logo":{"@type":"ImageObject","inLanguage":"es","@id":"https:\/\/www.nexoinformativo.mx\/#\/schema\/logo\/image\/","url":"https:\/\/www.nexoinformativo.mx\/wp-content\/uploads\/2024\/07\/nexoi-trasparente-2.png","contentUrl":"https:\/\/www.nexoinformativo.mx\/wp-content\/uploads\/2024\/07\/nexoi-trasparente-2.png","width":816,"height":339,"caption":"Nexo Informativo Santiago de Quer\u00e9taro"},"image":{"@id":"https:\/\/www.nexoinformativo.mx\/#\/schema\/logo\/image\/"},"sameAs":["https:\/\/www.facebook.com\/people\/Nexo-Informativo\/61564066885511\/"]},{"@type":"Person","@id":"https:\/\/www.nexoinformativo.mx\/#\/schema\/person\/7749d380ba08c8ca00d7bc76fd907b7d","name":"Nexo Informativo","image":{"@type":"ImageObject","inLanguage":"es","@id":"https:\/\/www.nexoinformativo.mx\/#\/schema\/person\/image\/","url":"https:\/\/secure.gravatar.com\/avatar\/dde2928154642a13d95f87ddf1ea9718fe2b46760a005c53e41ff5ad610704e6?s=96&d=mm&r=g","contentUrl":"https:\/\/secure.gravatar.com\/avatar\/dde2928154642a13d95f87ddf1ea9718fe2b46760a005c53e41ff5ad610704e6?s=96&d=mm&r=g","caption":"Nexo Informativo"},"url":"https:\/\/www.nexoinformativo.mx\/index.php\/author\/edicion\/"}]}},"_links":{"self":[{"href":"https:\/\/www.nexoinformativo.mx\/index.php\/wp-json\/wp\/v2\/posts\/12796","targetHints":{"allow":["GET"]}}],"collection":[{"href":"https:\/\/www.nexoinformativo.mx\/index.php\/wp-json\/wp\/v2\/posts"}],"about":[{"href":"https:\/\/www.nexoinformativo.mx\/index.php\/wp-json\/wp\/v2\/types\/post"}],"author":[{"embeddable":true,"href":"https:\/\/www.nexoinformativo.mx\/index.php\/wp-json\/wp\/v2\/users\/3"}],"replies":[{"embeddable":true,"href":"https:\/\/www.nexoinformativo.mx\/index.php\/wp-json\/wp\/v2\/comments?post=12796"}],"version-history":[{"count":4,"href":"https:\/\/www.nexoinformativo.mx\/index.php\/wp-json\/wp\/v2\/posts\/12796\/revisions"}],"predecessor-version":[{"id":12799,"href":"https:\/\/www.nexoinformativo.mx\/index.php\/wp-json\/wp\/v2\/posts\/12796\/revisions\/12799"}],"wp:featuredmedia":[{"embeddable":true,"href":"https:\/\/www.nexoinformativo.mx\/index.php\/wp-json\/wp\/v2\/media\/12800"}],"wp:attachment":[{"href":"https:\/\/www.nexoinformativo.mx\/index.php\/wp-json\/wp\/v2\/media?parent=12796"}],"wp:term":[{"taxonomy":"category","embeddable":true,"href":"https:\/\/www.nexoinformativo.mx\/index.php\/wp-json\/wp\/v2\/categories?post=12796"},{"taxonomy":"post_tag","embeddable":true,"href":"https:\/\/www.nexoinformativo.mx\/index.php\/wp-json\/wp\/v2\/tags?post=12796"}],"curies":[{"name":"wp","href":"https:\/\/api.w.org\/{rel}","templated":true}]}}