{"id":12803,"date":"2025-03-15T08:00:49","date_gmt":"2025-03-15T14:00:49","guid":{"rendered":"https:\/\/www.nexoinformativo.mx\/?p=12803"},"modified":"2025-03-15T13:05:05","modified_gmt":"2025-03-15T19:05:05","slug":"impulso-educativo-en-tequisquiapan-entregan-obras-y-computadoras-para-estudiantes","status":"publish","type":"post","link":"https:\/\/www.nexoinformativo.mx\/index.php\/2025\/03\/15\/impulso-educativo-en-tequisquiapan-entregan-obras-y-computadoras-para-estudiantes\/","title":{"rendered":"Impulso educativo en Tequisquiapan entregan obras y computadoras para estudiantes"},"content":{"rendered":"<p style=\"text-align: justify;\" data-sourcepos=\"13:1-13:339\">La comunidad estudiantil de la Secundaria General<strong> &#8220;Cerro de las Campanas&#8221;<\/strong> en Tequisquiapan recibi\u00f3 un importante impulso con la entrega de equipamiento e infraestructura educativa por parte de la Secretar\u00eda de Turismo estatal y el Instituto de Infraestructura Educativa del estado de Quer\u00e9taro (IFEQ).<\/p>\n<\/p>\n<p>&nbsp;<\/p>\n<p style=\"text-align: justify;\" data-sourcepos=\"15:1-15:198\">Con una inversi\u00f3n total de m\u00e1s de 4.2 millones de pesos, se entregaron obras que incluyen una nueva cancha de f\u00fatbol 7, un aula de artes y la mejora del huerto escolar, beneficiando a 1,473 alumnos.<\/p>\n<\/p>\n<p>&nbsp;<\/p>\n<p style=\"text-align: justify;\" data-sourcepos=\"17:1-17:155\">Adem\u00e1s, se hizo entrega de 58 computadoras para estudiantes y personal administrativo, con una inversi\u00f3n adicional de 800 mil pesos por parte de la USEBEQ.<\/p>\n<\/p>\n<p>&nbsp;<\/p>\n<p style=\"text-align: justify;\" data-sourcepos=\"19:1-19:201\">La secretaria de Turismo, Adriana Vega V\u00e1zquez, destac\u00f3 el compromiso del gobernador Mauricio Kuri Gonz\u00e1lez con la educaci\u00f3n, buscando brindar mejores oportunidades para los j\u00f3venes queretanos.<\/p>\n<\/p>\n<p>&nbsp;<\/p>\n<p style=\"text-align: justify;\" data-sourcepos=\"21:1-21:137\">El titular del IFEQ, Fernando Orozco, detall\u00f3 las obras entregadas, resaltando el impacto positivo que tendr\u00e1n en la comunidad educativa.<\/p>\n<\/p>\n<p>&nbsp;<\/p>\n<p style=\"text-align: center;\" data-sourcepos=\"21:1-21:137\"><em><strong>\u00a1Informaci\u00f3n que transforma!<\/strong><\/em><\/p>\n","protected":false},"excerpt":{"rendered":"<p>La comunidad estudiantil de la Secundaria General &#8220;Cerro de las Campanas&#8221; en Tequisquiapan recibi\u00f3 un importante impulso con la entrega de equipamiento e infraestructura educativa por parte de la Secretar\u00eda de Turismo estatal y el Instituto de Infraestructura Educativa del estado de Quer\u00e9taro (IFEQ).<\/p>\n","protected":false},"author":3,"featured_media":12805,"comment_status":"open","ping_status":"open","sticky":false,"template":"","format":"standard","meta":{"footnotes":""},"categories":[65,58],"tags":[495,3767,2019,783],"class_list":["post-12803","post","type-post","status-publish","format-standard","has-post-thumbnail","hentry","category-municipios","category-ultima-hora","tag-educacionqueretaro","tag-ifeq","tag-infraestructuraeducativa","tag-tequisquiapan"],"yoast_head":"<!-- This site is optimized with the Yoast SEO plugin v25.0 - https:\/\/yoast.com\/wordpress\/plugins\/seo\/ -->\n<title>Impulso educativo en Tequisquiapan entregan obras y computadoras para estudiantes | Nexo Informativo Santiago de Quer\u00e9taro<\/title>\n<meta name=\"description\" content=\"Impulso educativo en Tequisquiapan entregan obras y computadoras para estudiantes\" \/>\n<meta name=\"robots\" content=\"index, follow, max-snippet:-1, max-image-preview:large, max-video-preview:-1\" \/>\n<link rel=\"canonical\" href=\"https:\/\/www.nexoinformativo.mx\/index.php\/2025\/03\/15\/impulso-educativo-en-tequisquiapan-entregan-obras-y-computadoras-para-estudiantes\/\" \/>\n<meta property=\"og:locale\" content=\"es_MX\" \/>\n<meta property=\"og:type\" content=\"article\" \/>\n<meta property=\"og:title\" content=\"Impulso educativo en Tequisquiapan entregan obras y computadoras para estudiantes | Nexo Informativo Santiago de Quer\u00e9taro\" \/>\n<meta property=\"og:description\" content=\"Impulso educativo en Tequisquiapan entregan obras y computadoras para estudiantes\" \/>\n<meta property=\"og:url\" content=\"https:\/\/www.nexoinformativo.mx\/index.php\/2025\/03\/15\/impulso-educativo-en-tequisquiapan-entregan-obras-y-computadoras-para-estudiantes\/\" \/>\n<meta property=\"og:site_name\" content=\"Nexo Informativo Santiago de Quer\u00e9taro\" \/>\n<meta property=\"article:publisher\" content=\"https:\/\/www.facebook.com\/people\/Nexo-Informativo\/61564066885511\/\" \/>\n<meta property=\"article:published_time\" content=\"2025-03-15T14:00:49+00:00\" \/>\n<meta property=\"article:modified_time\" content=\"2025-03-15T19:05:05+00:00\" \/>\n<meta property=\"og:image\" content=\"https:\/\/www.nexoinformativo.mx\/wp-content\/uploads\/2025\/03\/PHOTO-2025-03-14-16-57-57-e1742065451637.jpg\" \/>\n\t<meta property=\"og:image:width\" content=\"800\" \/>\n\t<meta property=\"og:image:height\" content=\"449\" \/>\n\t<meta property=\"og:image:type\" content=\"image\/jpeg\" \/>\n<meta name=\"author\" content=\"Nexo Informativo\" \/>\n<meta name=\"twitter:card\" content=\"summary_large_image\" \/>\n<meta name=\"twitter:label1\" content=\"Escrito por\" \/>\n\t<meta name=\"twitter:data1\" content=\"Nexo Informativo\" \/>\n\t<meta name=\"twitter:label2\" content=\"Tiempo de lectura\" \/>\n\t<meta name=\"twitter:data2\" content=\"1 minuto\" \/>\n<script type=\"application\/ld+json\" class=\"yoast-schema-graph\">{\"@context\":\"https:\/\/schema.org\",\"@graph\":[{\"@type\":\"Article\",\"@id\":\"https:\/\/www.nexoinformativo.mx\/index.php\/2025\/03\/15\/impulso-educativo-en-tequisquiapan-entregan-obras-y-computadoras-para-estudiantes\/#article\",\"isPartOf\":{\"@id\":\"https:\/\/www.nexoinformativo.mx\/index.php\/2025\/03\/15\/impulso-educativo-en-tequisquiapan-entregan-obras-y-computadoras-para-estudiantes\/\"},\"author\":{\"name\":\"Nexo Informativo\",\"@id\":\"https:\/\/www.nexoinformativo.mx\/#\/schema\/person\/7749d380ba08c8ca00d7bc76fd907b7d\"},\"headline\":\"Impulso educativo en Tequisquiapan entregan obras y computadoras para estudiantes\",\"datePublished\":\"2025-03-15T14:00:49+00:00\",\"dateModified\":\"2025-03-15T19:05:05+00:00\",\"mainEntityOfPage\":{\"@id\":\"https:\/\/www.nexoinformativo.mx\/index.php\/2025\/03\/15\/impulso-educativo-en-tequisquiapan-entregan-obras-y-computadoras-para-estudiantes\/\"},\"wordCount\":177,\"commentCount\":0,\"publisher\":{\"@id\":\"https:\/\/www.nexoinformativo.mx\/#organization\"},\"image\":{\"@id\":\"https:\/\/www.nexoinformativo.mx\/index.php\/2025\/03\/15\/impulso-educativo-en-tequisquiapan-entregan-obras-y-computadoras-para-estudiantes\/#primaryimage\"},\"thumbnailUrl\":\"https:\/\/www.nexoinformativo.mx\/wp-content\/uploads\/2025\/03\/PHOTO-2025-03-14-16-57-57-e1742065451637.jpg\",\"keywords\":[\"Educaci\u00f3nQuer\u00e9taro\",\"IFEQ\",\"InfraestructuraEducativa\",\"Tequisquiapan\"],\"articleSection\":[\"Municipios\",\"\u00daltima Hora\"],\"inLanguage\":\"es\",\"potentialAction\":[{\"@type\":\"CommentAction\",\"name\":\"Comment\",\"target\":[\"https:\/\/www.nexoinformativo.mx\/index.php\/2025\/03\/15\/impulso-educativo-en-tequisquiapan-entregan-obras-y-computadoras-para-estudiantes\/#respond\"]}]},{\"@type\":\"WebPage\",\"@id\":\"https:\/\/www.nexoinformativo.mx\/index.php\/2025\/03\/15\/impulso-educativo-en-tequisquiapan-entregan-obras-y-computadoras-para-estudiantes\/\",\"url\":\"https:\/\/www.nexoinformativo.mx\/index.php\/2025\/03\/15\/impulso-educativo-en-tequisquiapan-entregan-obras-y-computadoras-para-estudiantes\/\",\"name\":\"Impulso educativo en Tequisquiapan entregan obras y computadoras para estudiantes | Nexo Informativo Santiago de Quer\u00e9taro\",\"isPartOf\":{\"@id\":\"https:\/\/www.nexoinformativo.mx\/#website\"},\"primaryImageOfPage\":{\"@id\":\"https:\/\/www.nexoinformativo.mx\/index.php\/2025\/03\/15\/impulso-educativo-en-tequisquiapan-entregan-obras-y-computadoras-para-estudiantes\/#primaryimage\"},\"image\":{\"@id\":\"https:\/\/www.nexoinformativo.mx\/index.php\/2025\/03\/15\/impulso-educativo-en-tequisquiapan-entregan-obras-y-computadoras-para-estudiantes\/#primaryimage\"},\"thumbnailUrl\":\"https:\/\/www.nexoinformativo.mx\/wp-content\/uploads\/2025\/03\/PHOTO-2025-03-14-16-57-57-e1742065451637.jpg\",\"datePublished\":\"2025-03-15T14:00:49+00:00\",\"dateModified\":\"2025-03-15T19:05:05+00:00\",\"description\":\"Impulso educativo en Tequisquiapan entregan obras y computadoras para estudiantes\",\"breadcrumb\":{\"@id\":\"https:\/\/www.nexoinformativo.mx\/index.php\/2025\/03\/15\/impulso-educativo-en-tequisquiapan-entregan-obras-y-computadoras-para-estudiantes\/#breadcrumb\"},\"inLanguage\":\"es\",\"potentialAction\":[{\"@type\":\"ReadAction\",\"target\":[\"https:\/\/www.nexoinformativo.mx\/index.php\/2025\/03\/15\/impulso-educativo-en-tequisquiapan-entregan-obras-y-computadoras-para-estudiantes\/\"]}]},{\"@type\":\"ImageObject\",\"inLanguage\":\"es\",\"@id\":\"https:\/\/www.nexoinformativo.mx\/index.php\/2025\/03\/15\/impulso-educativo-en-tequisquiapan-entregan-obras-y-computadoras-para-estudiantes\/#primaryimage\",\"url\":\"https:\/\/www.nexoinformativo.mx\/wp-content\/uploads\/2025\/03\/PHOTO-2025-03-14-16-57-57-e1742065451637.jpg\",\"contentUrl\":\"https:\/\/www.nexoinformativo.mx\/wp-content\/uploads\/2025\/03\/PHOTO-2025-03-14-16-57-57-e1742065451637.jpg\",\"width\":800,\"height\":449},{\"@type\":\"BreadcrumbList\",\"@id\":\"https:\/\/www.nexoinformativo.mx\/index.php\/2025\/03\/15\/impulso-educativo-en-tequisquiapan-entregan-obras-y-computadoras-para-estudiantes\/#breadcrumb\",\"itemListElement\":[{\"@type\":\"ListItem\",\"position\":1,\"name\":\"Inicio\",\"item\":\"https:\/\/www.nexoinformativo.mx\/\"},{\"@type\":\"ListItem\",\"position\":2,\"name\":\"Impulso educativo en Tequisquiapan entregan obras y computadoras para estudiantes\"}]},{\"@type\":\"WebSite\",\"@id\":\"https:\/\/www.nexoinformativo.mx\/#website\",\"url\":\"https:\/\/www.nexoinformativo.mx\/\",\"name\":\"Nexo Informativo Santiago de Quer\u00e9taro\",\"description\":\"Explora NexoInformativo y convi\u00e9rtete en parte de una comunidad que valora el conocimiento y la verdad. Tu nexoinformativo es tu puente hacia una comprensi\u00f3n m\u00e1s profunda del mundo que te rodea.\",\"publisher\":{\"@id\":\"https:\/\/www.nexoinformativo.mx\/#organization\"},\"potentialAction\":[{\"@type\":\"SearchAction\",\"target\":{\"@type\":\"EntryPoint\",\"urlTemplate\":\"https:\/\/www.nexoinformativo.mx\/?s={search_term_string}\"},\"query-input\":{\"@type\":\"PropertyValueSpecification\",\"valueRequired\":true,\"valueName\":\"search_term_string\"}}],\"inLanguage\":\"es\"},{\"@type\":\"Organization\",\"@id\":\"https:\/\/www.nexoinformativo.mx\/#organization\",\"name\":\"Nexo Informativo Santiago de Quer\u00e9taro\",\"url\":\"https:\/\/www.nexoinformativo.mx\/\",\"logo\":{\"@type\":\"ImageObject\",\"inLanguage\":\"es\",\"@id\":\"https:\/\/www.nexoinformativo.mx\/#\/schema\/logo\/image\/\",\"url\":\"https:\/\/www.nexoinformativo.mx\/wp-content\/uploads\/2024\/07\/nexoi-trasparente-2.png\",\"contentUrl\":\"https:\/\/www.nexoinformativo.mx\/wp-content\/uploads\/2024\/07\/nexoi-trasparente-2.png\",\"width\":816,\"height\":339,\"caption\":\"Nexo Informativo Santiago de Quer\u00e9taro\"},\"image\":{\"@id\":\"https:\/\/www.nexoinformativo.mx\/#\/schema\/logo\/image\/\"},\"sameAs\":[\"https:\/\/www.facebook.com\/people\/Nexo-Informativo\/61564066885511\/\"]},{\"@type\":\"Person\",\"@id\":\"https:\/\/www.nexoinformativo.mx\/#\/schema\/person\/7749d380ba08c8ca00d7bc76fd907b7d\",\"name\":\"Nexo Informativo\",\"image\":{\"@type\":\"ImageObject\",\"inLanguage\":\"es\",\"@id\":\"https:\/\/www.nexoinformativo.mx\/#\/schema\/person\/image\/\",\"url\":\"https:\/\/secure.gravatar.com\/avatar\/dde2928154642a13d95f87ddf1ea9718fe2b46760a005c53e41ff5ad610704e6?s=96&d=mm&r=g\",\"contentUrl\":\"https:\/\/secure.gravatar.com\/avatar\/dde2928154642a13d95f87ddf1ea9718fe2b46760a005c53e41ff5ad610704e6?s=96&d=mm&r=g\",\"caption\":\"Nexo Informativo\"},\"url\":\"https:\/\/www.nexoinformativo.mx\/index.php\/author\/edicion\/\"}]}<\/script>\n<!-- \/ Yoast SEO plugin. -->","yoast_head_json":{"title":"Impulso educativo en Tequisquiapan entregan obras y computadoras para estudiantes | Nexo Informativo Santiago de Quer\u00e9taro","description":"Impulso educativo en Tequisquiapan entregan obras y computadoras para estudiantes","robots":{"index":"index","follow":"follow","max-snippet":"max-snippet:-1","max-image-preview":"max-image-preview:large","max-video-preview":"max-video-preview:-1"},"canonical":"https:\/\/www.nexoinformativo.mx\/index.php\/2025\/03\/15\/impulso-educativo-en-tequisquiapan-entregan-obras-y-computadoras-para-estudiantes\/","og_locale":"es_MX","og_type":"article","og_title":"Impulso educativo en Tequisquiapan entregan obras y computadoras para estudiantes | Nexo Informativo Santiago de Quer\u00e9taro","og_description":"Impulso educativo en Tequisquiapan entregan obras y computadoras para estudiantes","og_url":"https:\/\/www.nexoinformativo.mx\/index.php\/2025\/03\/15\/impulso-educativo-en-tequisquiapan-entregan-obras-y-computadoras-para-estudiantes\/","og_site_name":"Nexo Informativo Santiago de Quer\u00e9taro","article_publisher":"https:\/\/www.facebook.com\/people\/Nexo-Informativo\/61564066885511\/","article_published_time":"2025-03-15T14:00:49+00:00","article_modified_time":"2025-03-15T19:05:05+00:00","og_image":[{"width":800,"height":449,"url":"https:\/\/www.nexoinformativo.mx\/wp-content\/uploads\/2025\/03\/PHOTO-2025-03-14-16-57-57-e1742065451637.jpg","type":"image\/jpeg"}],"author":"Nexo Informativo","twitter_card":"summary_large_image","twitter_misc":{"Escrito por":"Nexo Informativo","Tiempo de lectura":"1 minuto"},"schema":{"@context":"https:\/\/schema.org","@graph":[{"@type":"Article","@id":"https:\/\/www.nexoinformativo.mx\/index.php\/2025\/03\/15\/impulso-educativo-en-tequisquiapan-entregan-obras-y-computadoras-para-estudiantes\/#article","isPartOf":{"@id":"https:\/\/www.nexoinformativo.mx\/index.php\/2025\/03\/15\/impulso-educativo-en-tequisquiapan-entregan-obras-y-computadoras-para-estudiantes\/"},"author":{"name":"Nexo Informativo","@id":"https:\/\/www.nexoinformativo.mx\/#\/schema\/person\/7749d380ba08c8ca00d7bc76fd907b7d"},"headline":"Impulso educativo en Tequisquiapan entregan obras y computadoras para estudiantes","datePublished":"2025-03-15T14:00:49+00:00","dateModified":"2025-03-15T19:05:05+00:00","mainEntityOfPage":{"@id":"https:\/\/www.nexoinformativo.mx\/index.php\/2025\/03\/15\/impulso-educativo-en-tequisquiapan-entregan-obras-y-computadoras-para-estudiantes\/"},"wordCount":177,"commentCount":0,"publisher":{"@id":"https:\/\/www.nexoinformativo.mx\/#organization"},"image":{"@id":"https:\/\/www.nexoinformativo.mx\/index.php\/2025\/03\/15\/impulso-educativo-en-tequisquiapan-entregan-obras-y-computadoras-para-estudiantes\/#primaryimage"},"thumbnailUrl":"https:\/\/www.nexoinformativo.mx\/wp-content\/uploads\/2025\/03\/PHOTO-2025-03-14-16-57-57-e1742065451637.jpg","keywords":["Educaci\u00f3nQuer\u00e9taro","IFEQ","InfraestructuraEducativa","Tequisquiapan"],"articleSection":["Municipios","\u00daltima Hora"],"inLanguage":"es","potentialAction":[{"@type":"CommentAction","name":"Comment","target":["https:\/\/www.nexoinformativo.mx\/index.php\/2025\/03\/15\/impulso-educativo-en-tequisquiapan-entregan-obras-y-computadoras-para-estudiantes\/#respond"]}]},{"@type":"WebPage","@id":"https:\/\/www.nexoinformativo.mx\/index.php\/2025\/03\/15\/impulso-educativo-en-tequisquiapan-entregan-obras-y-computadoras-para-estudiantes\/","url":"https:\/\/www.nexoinformativo.mx\/index.php\/2025\/03\/15\/impulso-educativo-en-tequisquiapan-entregan-obras-y-computadoras-para-estudiantes\/","name":"Impulso educativo en Tequisquiapan entregan obras y computadoras para estudiantes | Nexo Informativo Santiago de Quer\u00e9taro","isPartOf":{"@id":"https:\/\/www.nexoinformativo.mx\/#website"},"primaryImageOfPage":{"@id":"https:\/\/www.nexoinformativo.mx\/index.php\/2025\/03\/15\/impulso-educativo-en-tequisquiapan-entregan-obras-y-computadoras-para-estudiantes\/#primaryimage"},"image":{"@id":"https:\/\/www.nexoinformativo.mx\/index.php\/2025\/03\/15\/impulso-educativo-en-tequisquiapan-entregan-obras-y-computadoras-para-estudiantes\/#primaryimage"},"thumbnailUrl":"https:\/\/www.nexoinformativo.mx\/wp-content\/uploads\/2025\/03\/PHOTO-2025-03-14-16-57-57-e1742065451637.jpg","datePublished":"2025-03-15T14:00:49+00:00","dateModified":"2025-03-15T19:05:05+00:00","description":"Impulso educativo en Tequisquiapan entregan obras y computadoras para estudiantes","breadcrumb":{"@id":"https:\/\/www.nexoinformativo.mx\/index.php\/2025\/03\/15\/impulso-educativo-en-tequisquiapan-entregan-obras-y-computadoras-para-estudiantes\/#breadcrumb"},"inLanguage":"es","potentialAction":[{"@type":"ReadAction","target":["https:\/\/www.nexoinformativo.mx\/index.php\/2025\/03\/15\/impulso-educativo-en-tequisquiapan-entregan-obras-y-computadoras-para-estudiantes\/"]}]},{"@type":"ImageObject","inLanguage":"es","@id":"https:\/\/www.nexoinformativo.mx\/index.php\/2025\/03\/15\/impulso-educativo-en-tequisquiapan-entregan-obras-y-computadoras-para-estudiantes\/#primaryimage","url":"https:\/\/www.nexoinformativo.mx\/wp-content\/uploads\/2025\/03\/PHOTO-2025-03-14-16-57-57-e1742065451637.jpg","contentUrl":"https:\/\/www.nexoinformativo.mx\/wp-content\/uploads\/2025\/03\/PHOTO-2025-03-14-16-57-57-e1742065451637.jpg","width":800,"height":449},{"@type":"BreadcrumbList","@id":"https:\/\/www.nexoinformativo.mx\/index.php\/2025\/03\/15\/impulso-educativo-en-tequisquiapan-entregan-obras-y-computadoras-para-estudiantes\/#breadcrumb","itemListElement":[{"@type":"ListItem","position":1,"name":"Inicio","item":"https:\/\/www.nexoinformativo.mx\/"},{"@type":"ListItem","position":2,"name":"Impulso educativo en Tequisquiapan entregan obras y computadoras para estudiantes"}]},{"@type":"WebSite","@id":"https:\/\/www.nexoinformativo.mx\/#website","url":"https:\/\/www.nexoinformativo.mx\/","name":"Nexo Informativo Santiago de Quer\u00e9taro","description":"Explora NexoInformativo y convi\u00e9rtete en parte de una comunidad que valora el conocimiento y la verdad. Tu nexoinformativo es tu puente hacia una comprensi\u00f3n m\u00e1s profunda del mundo que te rodea.","publisher":{"@id":"https:\/\/www.nexoinformativo.mx\/#organization"},"potentialAction":[{"@type":"SearchAction","target":{"@type":"EntryPoint","urlTemplate":"https:\/\/www.nexoinformativo.mx\/?s={search_term_string}"},"query-input":{"@type":"PropertyValueSpecification","valueRequired":true,"valueName":"search_term_string"}}],"inLanguage":"es"},{"@type":"Organization","@id":"https:\/\/www.nexoinformativo.mx\/#organization","name":"Nexo Informativo Santiago de Quer\u00e9taro","url":"https:\/\/www.nexoinformativo.mx\/","logo":{"@type":"ImageObject","inLanguage":"es","@id":"https:\/\/www.nexoinformativo.mx\/#\/schema\/logo\/image\/","url":"https:\/\/www.nexoinformativo.mx\/wp-content\/uploads\/2024\/07\/nexoi-trasparente-2.png","contentUrl":"https:\/\/www.nexoinformativo.mx\/wp-content\/uploads\/2024\/07\/nexoi-trasparente-2.png","width":816,"height":339,"caption":"Nexo Informativo Santiago de Quer\u00e9taro"},"image":{"@id":"https:\/\/www.nexoinformativo.mx\/#\/schema\/logo\/image\/"},"sameAs":["https:\/\/www.facebook.com\/people\/Nexo-Informativo\/61564066885511\/"]},{"@type":"Person","@id":"https:\/\/www.nexoinformativo.mx\/#\/schema\/person\/7749d380ba08c8ca00d7bc76fd907b7d","name":"Nexo Informativo","image":{"@type":"ImageObject","inLanguage":"es","@id":"https:\/\/www.nexoinformativo.mx\/#\/schema\/person\/image\/","url":"https:\/\/secure.gravatar.com\/avatar\/dde2928154642a13d95f87ddf1ea9718fe2b46760a005c53e41ff5ad610704e6?s=96&d=mm&r=g","contentUrl":"https:\/\/secure.gravatar.com\/avatar\/dde2928154642a13d95f87ddf1ea9718fe2b46760a005c53e41ff5ad610704e6?s=96&d=mm&r=g","caption":"Nexo Informativo"},"url":"https:\/\/www.nexoinformativo.mx\/index.php\/author\/edicion\/"}]}},"_links":{"self":[{"href":"https:\/\/www.nexoinformativo.mx\/index.php\/wp-json\/wp\/v2\/posts\/12803","targetHints":{"allow":["GET"]}}],"collection":[{"href":"https:\/\/www.nexoinformativo.mx\/index.php\/wp-json\/wp\/v2\/posts"}],"about":[{"href":"https:\/\/www.nexoinformativo.mx\/index.php\/wp-json\/wp\/v2\/types\/post"}],"author":[{"embeddable":true,"href":"https:\/\/www.nexoinformativo.mx\/index.php\/wp-json\/wp\/v2\/users\/3"}],"replies":[{"embeddable":true,"href":"https:\/\/www.nexoinformativo.mx\/index.php\/wp-json\/wp\/v2\/comments?post=12803"}],"version-history":[{"count":3,"href":"https:\/\/www.nexoinformativo.mx\/index.php\/wp-json\/wp\/v2\/posts\/12803\/revisions"}],"predecessor-version":[{"id":12807,"href":"https:\/\/www.nexoinformativo.mx\/index.php\/wp-json\/wp\/v2\/posts\/12803\/revisions\/12807"}],"wp:featuredmedia":[{"embeddable":true,"href":"https:\/\/www.nexoinformativo.mx\/index.php\/wp-json\/wp\/v2\/media\/12805"}],"wp:attachment":[{"href":"https:\/\/www.nexoinformativo.mx\/index.php\/wp-json\/wp\/v2\/media?parent=12803"}],"wp:term":[{"taxonomy":"category","embeddable":true,"href":"https:\/\/www.nexoinformativo.mx\/index.php\/wp-json\/wp\/v2\/categories?post=12803"},{"taxonomy":"post_tag","embeddable":true,"href":"https:\/\/www.nexoinformativo.mx\/index.php\/wp-json\/wp\/v2\/tags?post=12803"}],"curies":[{"name":"wp","href":"https:\/\/api.w.org\/{rel}","templated":true}]}}