{"id":12808,"date":"2025-03-15T09:00:22","date_gmt":"2025-03-15T15:00:22","guid":{"rendered":"https:\/\/www.nexoinformativo.mx\/?p=12808"},"modified":"2025-03-15T13:12:26","modified_gmt":"2025-03-15T19:12:26","slug":"mexico-y-ee-uu-mejor-juntos-sheinbaum-apuesta-por-la-integracion-economica","status":"publish","type":"post","link":"https:\/\/www.nexoinformativo.mx\/index.php\/2025\/03\/15\/mexico-y-ee-uu-mejor-juntos-sheinbaum-apuesta-por-la-integracion-economica\/","title":{"rendered":"M\u00e9xico y EE.UU. mejor juntos Sheinbaum apuesta por la integraci\u00f3n econ\u00f3mica"},"content":{"rendered":"<p style=\"text-align: justify;\" data-sourcepos=\"13:1-13:192\">La presidenta Claudia Sheinbaum reafirm\u00f3 su compromiso de buscar el di\u00e1logo con el Gobierno de los Estados Unidos, priorizando siempre el inter\u00e9s de M\u00e9xico.<\/p>\n<\/p>\n<p>&nbsp;<\/p>\n<p style=\"text-align: justify;\" data-sourcepos=\"15:1-15:188\">Durante la conferencia matutina <strong>&#8220;Las ma\u00f1aneras del pueblo&#8221;<\/strong>, Sheinbaum destac\u00f3 la relaci\u00f3n de respeto y di\u00e1logo que se ha mantenido hasta el momento, y expres\u00f3 su deseo de que contin\u00fae as\u00ed.<\/p>\n<\/p>\n<p>&nbsp;<\/p>\n<p style=\"text-align: justify;\" data-sourcepos=\"17:1-17:180\">La presidenta enfatiz\u00f3 que la integraci\u00f3n econ\u00f3mica es la mejor manera de fortalecer las econom\u00edas de ambos pa\u00edses, permiti\u00e9ndoles competir mejor frente a otras regiones del mundo.<\/p>\n<\/p>\n<p>&nbsp;<\/p>\n<p style=\"text-align: justify;\" data-sourcepos=\"19:1-19:163\">&#8220;Lo que nosotros, en todas las mesas de trabajo hemos planteado es: mejor estar juntos, competir mejor frente a otras regiones del mundo, que separarnos&#8221;, asever\u00f3.<\/p>\n<\/p>\n<p>&nbsp;<\/p>\n<p style=\"text-align: justify;\" data-sourcepos=\"21:1-21:197\">Sheinbaum resalt\u00f3 la importancia de la integraci\u00f3n econ\u00f3mica sin aranceles, y puso como ejemplo el sector automotriz, donde los componentes cruzan las fronteras varias veces durante la fabricaci\u00f3n.<\/p>\n<\/p>\n<p>&nbsp;<\/p>\n<p style=\"text-align: justify;\" data-sourcepos=\"23:1-23:180\">La presidenta destac\u00f3 los datos del <strong>Peterson Institute for International Economics<\/strong> (PIIE), que demuestran c\u00f3mo la inversi\u00f3n estadounidense en M\u00e9xico genera empleos en ambos pa\u00edses.<\/p>\n<\/p>\n<p>&nbsp;<\/p>\n<p style=\"text-align: center;\" data-sourcepos=\"23:1-23:180\"><em><strong>\u00a1Informaci\u00f3n que transforma!<\/strong><\/em><\/p>\n","protected":false},"excerpt":{"rendered":"<p>La presidenta Claudia Sheinbaum reafirm\u00f3 su compromiso de buscar el di\u00e1logo con el Gobierno de los Estados Unidos, priorizando siempre el inter\u00e9s de M\u00e9xico.<\/p>\n","protected":false},"author":3,"featured_media":12809,"comment_status":"open","ping_status":"open","sticky":false,"template":"","format":"standard","meta":{"footnotes":""},"categories":[5,42,88,58],"tags":[967,3335,3768,1437],"class_list":["post-12808","post","type-post","status-publish","format-standard","has-post-thumbnail","hentry","category-economia","category-estado","category-nacional","category-ultima-hora","tag-claudiasheinbaum","tag-integracioneconomica","tag-relacionmexicoeeuu","tag-tmec"],"yoast_head":"<!-- This site is optimized with the Yoast SEO plugin v25.0 - https:\/\/yoast.com\/wordpress\/plugins\/seo\/ -->\n<title>M\u00e9xico y EE.UU. mejor juntos Sheinbaum apuesta por la integraci\u00f3n econ\u00f3mica | Nexo Informativo Santiago de Quer\u00e9taro<\/title>\n<meta name=\"description\" content=\"M\u00e9xico y EE.UU. mejor juntos Sheinbaum apuesta por la integraci\u00f3n econ\u00f3mica\" \/>\n<meta name=\"robots\" content=\"index, follow, max-snippet:-1, max-image-preview:large, max-video-preview:-1\" \/>\n<link rel=\"canonical\" href=\"https:\/\/www.nexoinformativo.mx\/index.php\/2025\/03\/15\/mexico-y-ee-uu-mejor-juntos-sheinbaum-apuesta-por-la-integracion-economica\/\" \/>\n<meta property=\"og:locale\" content=\"es_MX\" \/>\n<meta property=\"og:type\" content=\"article\" \/>\n<meta property=\"og:title\" content=\"M\u00e9xico y EE.UU. mejor juntos Sheinbaum apuesta por la integraci\u00f3n econ\u00f3mica | Nexo Informativo Santiago de Quer\u00e9taro\" \/>\n<meta property=\"og:description\" content=\"M\u00e9xico y EE.UU. mejor juntos Sheinbaum apuesta por la integraci\u00f3n econ\u00f3mica\" \/>\n<meta property=\"og:url\" content=\"https:\/\/www.nexoinformativo.mx\/index.php\/2025\/03\/15\/mexico-y-ee-uu-mejor-juntos-sheinbaum-apuesta-por-la-integracion-economica\/\" \/>\n<meta property=\"og:site_name\" content=\"Nexo Informativo Santiago de Quer\u00e9taro\" \/>\n<meta property=\"article:publisher\" content=\"https:\/\/www.facebook.com\/people\/Nexo-Informativo\/61564066885511\/\" \/>\n<meta property=\"article:published_time\" content=\"2025-03-15T15:00:22+00:00\" \/>\n<meta property=\"article:modified_time\" content=\"2025-03-15T19:12:26+00:00\" \/>\n<meta property=\"og:image\" content=\"https:\/\/www.nexoinformativo.mx\/wp-content\/uploads\/2025\/03\/IMG_1712.jpg\" \/>\n\t<meta property=\"og:image:width\" content=\"650\" \/>\n\t<meta property=\"og:image:height\" content=\"380\" \/>\n\t<meta property=\"og:image:type\" content=\"image\/jpeg\" \/>\n<meta name=\"author\" content=\"Nexo Informativo\" \/>\n<meta name=\"twitter:card\" content=\"summary_large_image\" \/>\n<meta name=\"twitter:label1\" content=\"Escrito por\" \/>\n\t<meta name=\"twitter:data1\" content=\"Nexo Informativo\" \/>\n\t<meta name=\"twitter:label2\" content=\"Tiempo de lectura\" \/>\n\t<meta name=\"twitter:data2\" content=\"1 minuto\" \/>\n<script type=\"application\/ld+json\" class=\"yoast-schema-graph\">{\"@context\":\"https:\/\/schema.org\",\"@graph\":[{\"@type\":\"Article\",\"@id\":\"https:\/\/www.nexoinformativo.mx\/index.php\/2025\/03\/15\/mexico-y-ee-uu-mejor-juntos-sheinbaum-apuesta-por-la-integracion-economica\/#article\",\"isPartOf\":{\"@id\":\"https:\/\/www.nexoinformativo.mx\/index.php\/2025\/03\/15\/mexico-y-ee-uu-mejor-juntos-sheinbaum-apuesta-por-la-integracion-economica\/\"},\"author\":{\"name\":\"Nexo Informativo\",\"@id\":\"https:\/\/www.nexoinformativo.mx\/#\/schema\/person\/7749d380ba08c8ca00d7bc76fd907b7d\"},\"headline\":\"M\u00e9xico y EE.UU. mejor juntos Sheinbaum apuesta por la integraci\u00f3n econ\u00f3mica\",\"datePublished\":\"2025-03-15T15:00:22+00:00\",\"dateModified\":\"2025-03-15T19:12:26+00:00\",\"mainEntityOfPage\":{\"@id\":\"https:\/\/www.nexoinformativo.mx\/index.php\/2025\/03\/15\/mexico-y-ee-uu-mejor-juntos-sheinbaum-apuesta-por-la-integracion-economica\/\"},\"wordCount\":205,\"commentCount\":0,\"publisher\":{\"@id\":\"https:\/\/www.nexoinformativo.mx\/#organization\"},\"image\":{\"@id\":\"https:\/\/www.nexoinformativo.mx\/index.php\/2025\/03\/15\/mexico-y-ee-uu-mejor-juntos-sheinbaum-apuesta-por-la-integracion-economica\/#primaryimage\"},\"thumbnailUrl\":\"https:\/\/www.nexoinformativo.mx\/wp-content\/uploads\/2025\/03\/IMG_1712.jpg\",\"keywords\":[\"ClaudiaSheinbaum\",\"Integraci\u00f3nEcon\u00f3mica\",\"Relaci\u00f3nM\u00e9xicoEEUU\",\"TMEC\"],\"articleSection\":[\"Econom\u00eda\",\"Estado\",\"Nacional\",\"\u00daltima Hora\"],\"inLanguage\":\"es\",\"potentialAction\":[{\"@type\":\"CommentAction\",\"name\":\"Comment\",\"target\":[\"https:\/\/www.nexoinformativo.mx\/index.php\/2025\/03\/15\/mexico-y-ee-uu-mejor-juntos-sheinbaum-apuesta-por-la-integracion-economica\/#respond\"]}]},{\"@type\":\"WebPage\",\"@id\":\"https:\/\/www.nexoinformativo.mx\/index.php\/2025\/03\/15\/mexico-y-ee-uu-mejor-juntos-sheinbaum-apuesta-por-la-integracion-economica\/\",\"url\":\"https:\/\/www.nexoinformativo.mx\/index.php\/2025\/03\/15\/mexico-y-ee-uu-mejor-juntos-sheinbaum-apuesta-por-la-integracion-economica\/\",\"name\":\"M\u00e9xico y EE.UU. mejor juntos Sheinbaum apuesta por la integraci\u00f3n econ\u00f3mica | Nexo Informativo Santiago de Quer\u00e9taro\",\"isPartOf\":{\"@id\":\"https:\/\/www.nexoinformativo.mx\/#website\"},\"primaryImageOfPage\":{\"@id\":\"https:\/\/www.nexoinformativo.mx\/index.php\/2025\/03\/15\/mexico-y-ee-uu-mejor-juntos-sheinbaum-apuesta-por-la-integracion-economica\/#primaryimage\"},\"image\":{\"@id\":\"https:\/\/www.nexoinformativo.mx\/index.php\/2025\/03\/15\/mexico-y-ee-uu-mejor-juntos-sheinbaum-apuesta-por-la-integracion-economica\/#primaryimage\"},\"thumbnailUrl\":\"https:\/\/www.nexoinformativo.mx\/wp-content\/uploads\/2025\/03\/IMG_1712.jpg\",\"datePublished\":\"2025-03-15T15:00:22+00:00\",\"dateModified\":\"2025-03-15T19:12:26+00:00\",\"description\":\"M\u00e9xico y EE.UU. mejor juntos Sheinbaum apuesta por la integraci\u00f3n econ\u00f3mica\",\"breadcrumb\":{\"@id\":\"https:\/\/www.nexoinformativo.mx\/index.php\/2025\/03\/15\/mexico-y-ee-uu-mejor-juntos-sheinbaum-apuesta-por-la-integracion-economica\/#breadcrumb\"},\"inLanguage\":\"es\",\"potentialAction\":[{\"@type\":\"ReadAction\",\"target\":[\"https:\/\/www.nexoinformativo.mx\/index.php\/2025\/03\/15\/mexico-y-ee-uu-mejor-juntos-sheinbaum-apuesta-por-la-integracion-economica\/\"]}]},{\"@type\":\"ImageObject\",\"inLanguage\":\"es\",\"@id\":\"https:\/\/www.nexoinformativo.mx\/index.php\/2025\/03\/15\/mexico-y-ee-uu-mejor-juntos-sheinbaum-apuesta-por-la-integracion-economica\/#primaryimage\",\"url\":\"https:\/\/www.nexoinformativo.mx\/wp-content\/uploads\/2025\/03\/IMG_1712.jpg\",\"contentUrl\":\"https:\/\/www.nexoinformativo.mx\/wp-content\/uploads\/2025\/03\/IMG_1712.jpg\",\"width\":650,\"height\":380},{\"@type\":\"BreadcrumbList\",\"@id\":\"https:\/\/www.nexoinformativo.mx\/index.php\/2025\/03\/15\/mexico-y-ee-uu-mejor-juntos-sheinbaum-apuesta-por-la-integracion-economica\/#breadcrumb\",\"itemListElement\":[{\"@type\":\"ListItem\",\"position\":1,\"name\":\"Inicio\",\"item\":\"https:\/\/www.nexoinformativo.mx\/\"},{\"@type\":\"ListItem\",\"position\":2,\"name\":\"M\u00e9xico y EE.UU. mejor juntos Sheinbaum apuesta por la integraci\u00f3n econ\u00f3mica\"}]},{\"@type\":\"WebSite\",\"@id\":\"https:\/\/www.nexoinformativo.mx\/#website\",\"url\":\"https:\/\/www.nexoinformativo.mx\/\",\"name\":\"Nexo Informativo Santiago de Quer\u00e9taro\",\"description\":\"Explora NexoInformativo y convi\u00e9rtete en parte de una comunidad que valora el conocimiento y la verdad. Tu nexoinformativo es tu puente hacia una comprensi\u00f3n m\u00e1s profunda del mundo que te rodea.\",\"publisher\":{\"@id\":\"https:\/\/www.nexoinformativo.mx\/#organization\"},\"potentialAction\":[{\"@type\":\"SearchAction\",\"target\":{\"@type\":\"EntryPoint\",\"urlTemplate\":\"https:\/\/www.nexoinformativo.mx\/?s={search_term_string}\"},\"query-input\":{\"@type\":\"PropertyValueSpecification\",\"valueRequired\":true,\"valueName\":\"search_term_string\"}}],\"inLanguage\":\"es\"},{\"@type\":\"Organization\",\"@id\":\"https:\/\/www.nexoinformativo.mx\/#organization\",\"name\":\"Nexo Informativo Santiago de Quer\u00e9taro\",\"url\":\"https:\/\/www.nexoinformativo.mx\/\",\"logo\":{\"@type\":\"ImageObject\",\"inLanguage\":\"es\",\"@id\":\"https:\/\/www.nexoinformativo.mx\/#\/schema\/logo\/image\/\",\"url\":\"https:\/\/www.nexoinformativo.mx\/wp-content\/uploads\/2024\/07\/nexoi-trasparente-2.png\",\"contentUrl\":\"https:\/\/www.nexoinformativo.mx\/wp-content\/uploads\/2024\/07\/nexoi-trasparente-2.png\",\"width\":816,\"height\":339,\"caption\":\"Nexo Informativo Santiago de Quer\u00e9taro\"},\"image\":{\"@id\":\"https:\/\/www.nexoinformativo.mx\/#\/schema\/logo\/image\/\"},\"sameAs\":[\"https:\/\/www.facebook.com\/people\/Nexo-Informativo\/61564066885511\/\"]},{\"@type\":\"Person\",\"@id\":\"https:\/\/www.nexoinformativo.mx\/#\/schema\/person\/7749d380ba08c8ca00d7bc76fd907b7d\",\"name\":\"Nexo Informativo\",\"image\":{\"@type\":\"ImageObject\",\"inLanguage\":\"es\",\"@id\":\"https:\/\/www.nexoinformativo.mx\/#\/schema\/person\/image\/\",\"url\":\"https:\/\/secure.gravatar.com\/avatar\/dde2928154642a13d95f87ddf1ea9718fe2b46760a005c53e41ff5ad610704e6?s=96&d=mm&r=g\",\"contentUrl\":\"https:\/\/secure.gravatar.com\/avatar\/dde2928154642a13d95f87ddf1ea9718fe2b46760a005c53e41ff5ad610704e6?s=96&d=mm&r=g\",\"caption\":\"Nexo Informativo\"},\"url\":\"https:\/\/www.nexoinformativo.mx\/index.php\/author\/edicion\/\"}]}<\/script>\n<!-- \/ Yoast SEO plugin. -->","yoast_head_json":{"title":"M\u00e9xico y EE.UU. mejor juntos Sheinbaum apuesta por la integraci\u00f3n econ\u00f3mica | Nexo Informativo Santiago de Quer\u00e9taro","description":"M\u00e9xico y EE.UU. mejor juntos Sheinbaum apuesta por la integraci\u00f3n econ\u00f3mica","robots":{"index":"index","follow":"follow","max-snippet":"max-snippet:-1","max-image-preview":"max-image-preview:large","max-video-preview":"max-video-preview:-1"},"canonical":"https:\/\/www.nexoinformativo.mx\/index.php\/2025\/03\/15\/mexico-y-ee-uu-mejor-juntos-sheinbaum-apuesta-por-la-integracion-economica\/","og_locale":"es_MX","og_type":"article","og_title":"M\u00e9xico y EE.UU. mejor juntos Sheinbaum apuesta por la integraci\u00f3n econ\u00f3mica | Nexo Informativo Santiago de Quer\u00e9taro","og_description":"M\u00e9xico y EE.UU. mejor juntos Sheinbaum apuesta por la integraci\u00f3n econ\u00f3mica","og_url":"https:\/\/www.nexoinformativo.mx\/index.php\/2025\/03\/15\/mexico-y-ee-uu-mejor-juntos-sheinbaum-apuesta-por-la-integracion-economica\/","og_site_name":"Nexo Informativo Santiago de Quer\u00e9taro","article_publisher":"https:\/\/www.facebook.com\/people\/Nexo-Informativo\/61564066885511\/","article_published_time":"2025-03-15T15:00:22+00:00","article_modified_time":"2025-03-15T19:12:26+00:00","og_image":[{"width":650,"height":380,"url":"https:\/\/www.nexoinformativo.mx\/wp-content\/uploads\/2025\/03\/IMG_1712.jpg","type":"image\/jpeg"}],"author":"Nexo Informativo","twitter_card":"summary_large_image","twitter_misc":{"Escrito por":"Nexo Informativo","Tiempo de lectura":"1 minuto"},"schema":{"@context":"https:\/\/schema.org","@graph":[{"@type":"Article","@id":"https:\/\/www.nexoinformativo.mx\/index.php\/2025\/03\/15\/mexico-y-ee-uu-mejor-juntos-sheinbaum-apuesta-por-la-integracion-economica\/#article","isPartOf":{"@id":"https:\/\/www.nexoinformativo.mx\/index.php\/2025\/03\/15\/mexico-y-ee-uu-mejor-juntos-sheinbaum-apuesta-por-la-integracion-economica\/"},"author":{"name":"Nexo Informativo","@id":"https:\/\/www.nexoinformativo.mx\/#\/schema\/person\/7749d380ba08c8ca00d7bc76fd907b7d"},"headline":"M\u00e9xico y EE.UU. mejor juntos Sheinbaum apuesta por la integraci\u00f3n econ\u00f3mica","datePublished":"2025-03-15T15:00:22+00:00","dateModified":"2025-03-15T19:12:26+00:00","mainEntityOfPage":{"@id":"https:\/\/www.nexoinformativo.mx\/index.php\/2025\/03\/15\/mexico-y-ee-uu-mejor-juntos-sheinbaum-apuesta-por-la-integracion-economica\/"},"wordCount":205,"commentCount":0,"publisher":{"@id":"https:\/\/www.nexoinformativo.mx\/#organization"},"image":{"@id":"https:\/\/www.nexoinformativo.mx\/index.php\/2025\/03\/15\/mexico-y-ee-uu-mejor-juntos-sheinbaum-apuesta-por-la-integracion-economica\/#primaryimage"},"thumbnailUrl":"https:\/\/www.nexoinformativo.mx\/wp-content\/uploads\/2025\/03\/IMG_1712.jpg","keywords":["ClaudiaSheinbaum","Integraci\u00f3nEcon\u00f3mica","Relaci\u00f3nM\u00e9xicoEEUU","TMEC"],"articleSection":["Econom\u00eda","Estado","Nacional","\u00daltima Hora"],"inLanguage":"es","potentialAction":[{"@type":"CommentAction","name":"Comment","target":["https:\/\/www.nexoinformativo.mx\/index.php\/2025\/03\/15\/mexico-y-ee-uu-mejor-juntos-sheinbaum-apuesta-por-la-integracion-economica\/#respond"]}]},{"@type":"WebPage","@id":"https:\/\/www.nexoinformativo.mx\/index.php\/2025\/03\/15\/mexico-y-ee-uu-mejor-juntos-sheinbaum-apuesta-por-la-integracion-economica\/","url":"https:\/\/www.nexoinformativo.mx\/index.php\/2025\/03\/15\/mexico-y-ee-uu-mejor-juntos-sheinbaum-apuesta-por-la-integracion-economica\/","name":"M\u00e9xico y EE.UU. mejor juntos Sheinbaum apuesta por la integraci\u00f3n econ\u00f3mica | Nexo Informativo Santiago de Quer\u00e9taro","isPartOf":{"@id":"https:\/\/www.nexoinformativo.mx\/#website"},"primaryImageOfPage":{"@id":"https:\/\/www.nexoinformativo.mx\/index.php\/2025\/03\/15\/mexico-y-ee-uu-mejor-juntos-sheinbaum-apuesta-por-la-integracion-economica\/#primaryimage"},"image":{"@id":"https:\/\/www.nexoinformativo.mx\/index.php\/2025\/03\/15\/mexico-y-ee-uu-mejor-juntos-sheinbaum-apuesta-por-la-integracion-economica\/#primaryimage"},"thumbnailUrl":"https:\/\/www.nexoinformativo.mx\/wp-content\/uploads\/2025\/03\/IMG_1712.jpg","datePublished":"2025-03-15T15:00:22+00:00","dateModified":"2025-03-15T19:12:26+00:00","description":"M\u00e9xico y EE.UU. mejor juntos Sheinbaum apuesta por la integraci\u00f3n econ\u00f3mica","breadcrumb":{"@id":"https:\/\/www.nexoinformativo.mx\/index.php\/2025\/03\/15\/mexico-y-ee-uu-mejor-juntos-sheinbaum-apuesta-por-la-integracion-economica\/#breadcrumb"},"inLanguage":"es","potentialAction":[{"@type":"ReadAction","target":["https:\/\/www.nexoinformativo.mx\/index.php\/2025\/03\/15\/mexico-y-ee-uu-mejor-juntos-sheinbaum-apuesta-por-la-integracion-economica\/"]}]},{"@type":"ImageObject","inLanguage":"es","@id":"https:\/\/www.nexoinformativo.mx\/index.php\/2025\/03\/15\/mexico-y-ee-uu-mejor-juntos-sheinbaum-apuesta-por-la-integracion-economica\/#primaryimage","url":"https:\/\/www.nexoinformativo.mx\/wp-content\/uploads\/2025\/03\/IMG_1712.jpg","contentUrl":"https:\/\/www.nexoinformativo.mx\/wp-content\/uploads\/2025\/03\/IMG_1712.jpg","width":650,"height":380},{"@type":"BreadcrumbList","@id":"https:\/\/www.nexoinformativo.mx\/index.php\/2025\/03\/15\/mexico-y-ee-uu-mejor-juntos-sheinbaum-apuesta-por-la-integracion-economica\/#breadcrumb","itemListElement":[{"@type":"ListItem","position":1,"name":"Inicio","item":"https:\/\/www.nexoinformativo.mx\/"},{"@type":"ListItem","position":2,"name":"M\u00e9xico y EE.UU. mejor juntos Sheinbaum apuesta por la integraci\u00f3n econ\u00f3mica"}]},{"@type":"WebSite","@id":"https:\/\/www.nexoinformativo.mx\/#website","url":"https:\/\/www.nexoinformativo.mx\/","name":"Nexo Informativo Santiago de Quer\u00e9taro","description":"Explora NexoInformativo y convi\u00e9rtete en parte de una comunidad que valora el conocimiento y la verdad. Tu nexoinformativo es tu puente hacia una comprensi\u00f3n m\u00e1s profunda del mundo que te rodea.","publisher":{"@id":"https:\/\/www.nexoinformativo.mx\/#organization"},"potentialAction":[{"@type":"SearchAction","target":{"@type":"EntryPoint","urlTemplate":"https:\/\/www.nexoinformativo.mx\/?s={search_term_string}"},"query-input":{"@type":"PropertyValueSpecification","valueRequired":true,"valueName":"search_term_string"}}],"inLanguage":"es"},{"@type":"Organization","@id":"https:\/\/www.nexoinformativo.mx\/#organization","name":"Nexo Informativo Santiago de Quer\u00e9taro","url":"https:\/\/www.nexoinformativo.mx\/","logo":{"@type":"ImageObject","inLanguage":"es","@id":"https:\/\/www.nexoinformativo.mx\/#\/schema\/logo\/image\/","url":"https:\/\/www.nexoinformativo.mx\/wp-content\/uploads\/2024\/07\/nexoi-trasparente-2.png","contentUrl":"https:\/\/www.nexoinformativo.mx\/wp-content\/uploads\/2024\/07\/nexoi-trasparente-2.png","width":816,"height":339,"caption":"Nexo Informativo Santiago de Quer\u00e9taro"},"image":{"@id":"https:\/\/www.nexoinformativo.mx\/#\/schema\/logo\/image\/"},"sameAs":["https:\/\/www.facebook.com\/people\/Nexo-Informativo\/61564066885511\/"]},{"@type":"Person","@id":"https:\/\/www.nexoinformativo.mx\/#\/schema\/person\/7749d380ba08c8ca00d7bc76fd907b7d","name":"Nexo Informativo","image":{"@type":"ImageObject","inLanguage":"es","@id":"https:\/\/www.nexoinformativo.mx\/#\/schema\/person\/image\/","url":"https:\/\/secure.gravatar.com\/avatar\/dde2928154642a13d95f87ddf1ea9718fe2b46760a005c53e41ff5ad610704e6?s=96&d=mm&r=g","contentUrl":"https:\/\/secure.gravatar.com\/avatar\/dde2928154642a13d95f87ddf1ea9718fe2b46760a005c53e41ff5ad610704e6?s=96&d=mm&r=g","caption":"Nexo Informativo"},"url":"https:\/\/www.nexoinformativo.mx\/index.php\/author\/edicion\/"}]}},"_links":{"self":[{"href":"https:\/\/www.nexoinformativo.mx\/index.php\/wp-json\/wp\/v2\/posts\/12808","targetHints":{"allow":["GET"]}}],"collection":[{"href":"https:\/\/www.nexoinformativo.mx\/index.php\/wp-json\/wp\/v2\/posts"}],"about":[{"href":"https:\/\/www.nexoinformativo.mx\/index.php\/wp-json\/wp\/v2\/types\/post"}],"author":[{"embeddable":true,"href":"https:\/\/www.nexoinformativo.mx\/index.php\/wp-json\/wp\/v2\/users\/3"}],"replies":[{"embeddable":true,"href":"https:\/\/www.nexoinformativo.mx\/index.php\/wp-json\/wp\/v2\/comments?post=12808"}],"version-history":[{"count":3,"href":"https:\/\/www.nexoinformativo.mx\/index.php\/wp-json\/wp\/v2\/posts\/12808\/revisions"}],"predecessor-version":[{"id":12811,"href":"https:\/\/www.nexoinformativo.mx\/index.php\/wp-json\/wp\/v2\/posts\/12808\/revisions\/12811"}],"wp:featuredmedia":[{"embeddable":true,"href":"https:\/\/www.nexoinformativo.mx\/index.php\/wp-json\/wp\/v2\/media\/12809"}],"wp:attachment":[{"href":"https:\/\/www.nexoinformativo.mx\/index.php\/wp-json\/wp\/v2\/media?parent=12808"}],"wp:term":[{"taxonomy":"category","embeddable":true,"href":"https:\/\/www.nexoinformativo.mx\/index.php\/wp-json\/wp\/v2\/categories?post=12808"},{"taxonomy":"post_tag","embeddable":true,"href":"https:\/\/www.nexoinformativo.mx\/index.php\/wp-json\/wp\/v2\/tags?post=12808"}],"curies":[{"name":"wp","href":"https:\/\/api.w.org\/{rel}","templated":true}]}}